{"id":205968,"date":"2023-05-23T15:26:00","date_gmt":"2023-05-23T15:26:00","guid":{"rendered":"https:\/\/www.webdo.tn\/fr\/blog\/malgre-les-recentes-pluies-la-situation-des-barrages-reste-inchangee\/205968\/"},"modified":"2025-05-20T22:43:14","modified_gmt":"2025-05-20T22:43:14","slug":"malgre-les-recentes-pluies-la-situation-des-barrages-reste-inchangee","status":"publish","type":"post","link":"https:\/\/www.webdo.tn\/fr\/actualite\/national\/malgre-les-recentes-pluies-la-situation-des-barrages-reste-inchangee\/205968\/","title":{"rendered":"Malgr\u00e9 les r\u00e9centes pluies, la situation des barrages reste inchang\u00e9e"},"content":{"rendered":"<p>La situation des barrages reste inchang\u00e9e malgr\u00e9 les pluies enregistr\u00e9es ces derniers jours qui ont avoisin\u00e9 les 40 millions de m3, a indiqu\u00e9, mardi, \u00e0 Mahdia, le ministre de l&rsquo;Agriculture, des Ressources hydrauliques et de la P\u00eache, Abdelmonem Belati.<\/p>\n<p>\t\t\t\t\t\t\t\t\tLors d&rsquo;une visite de travail effectu\u00e9e dans le gouvernorat de Mahdia, le ministre a mis l&rsquo;accent sur l&rsquo;imp\u00e9ratif d&rsquo;intensifier les campagnes de sensibilisation \u00e0 l&rsquo;importance de pr\u00e9server cette ressource et de rationaliser son utilisation, aupr\u00e8s des citoyens et des agriculteurs.<br \/>\nLe ministre a, \u00e0 cette occasion, visit\u00e9 le projet de dessalement de l&rsquo;eau au niveau du p\u00e9rim\u00e8tre irrigu\u00e9 de Bir Ben Kamla dont l&rsquo;objectif est de baisser le taux de salinit\u00e9 des eaux et d&rsquo;am\u00e9liorer la productivit\u00e9 agricole.<br \/>\nDot\u00e9 d&rsquo;un co\u00fbt de 1680 mille dinars et d&rsquo;une capacit\u00e9 de production de 800 m3 par jour, ce projet devrait entrer en exploitation durant la deuxi\u00e8me semaine de juin 2023.<\/p>\n<p>La Tunisie conna\u00eet sa quatri\u00e8me ann\u00e9e de s\u00e9cheresse. Le taux de remplissage des barrages \u00e0 l\u2019\u00e9chelle nationale a atteint 30,3% durant la p\u00e9riode allant du 1er septembre 2022 au 18 mai 2023, selon l\u2019Observatoire National de l\u2019Agriculture (Onagri).<\/p>\n<p>Face \u00e0 cette situation, le minist\u00e8re de l\u2019Agriculture, des Ressources hydrauliques et de la P\u00eache avait d\u00e9cid\u00e9, en mars dernier, l\u2019interdiction provisoire de certains usages de l\u2019eau et l\u2019instauration d\u2019un syst\u00e8me de rationnement conjoncturel afin de faire face \u00e0 la p\u00e9nurie hydrique actuelle dans le pays.<\/p>\n<p>Il est ainsi, interdit, et ce, jusqu\u2019au mois de septembre, d\u2019utiliser l\u2019eau potable distribu\u00e9e par les r\u00e9seaux de la Soci\u00e9t\u00e9 Nationale d\u2019Exploitation et de distribution des<\/p>\n<p>Eaux (Sonede) \u00e0 des fins agricoles, d\u2019irrigation, de nettoyage des espaces publics et de lavage de voitures.<\/p>\n","protected":false},"excerpt":{"rendered":"<p>La situation des barrages reste inchang\u00e9e malgr\u00e9 les pluies enregistr\u00e9es ces derniers jours<\/p>\n","protected":false},"author":3175,"featured_media":251076,"comment_status":"open","ping_status":"closed","sticky":false,"template":"","format":"standard","meta":{"footnotes":""},"categories":[44],"tags":[2632,3163,2608],"class_list":["post-205968","post","type-post","status-publish","format-standard","has-post-thumbnail","hentry","category-national","tag-barrages","tag-pluies","tag-tunisie"],"yoast_head":"<!-- This site is optimized with the Yoast SEO Premium plugin v27.5 (Yoast SEO v27.5) - https:\/\/yoast.com\/product\/yoast-seo-premium-wordpress\/ -->\n<title>Malgr\u00e9 les r\u00e9centes pluies, la situation des barrages reste inchang\u00e9e<\/title>\n<meta name=\"description\" content=\"La situation des barrages reste inchang\u00e9e malgr\u00e9 les pluies enregistr\u00e9es ces derniers jours\" \/>\n<link rel=\"canonical\" href=\"https:\/\/www.webdo.tn\/fr\/actualite\/national\/malgre-les-recentes-pluies-la-situation-des-barrages-reste-inchangee\/205968\/\" \/>\n<meta property=\"og:locale\" content=\"fr_FR\" \/>\n<meta property=\"og:type\" content=\"article\" \/>\n<meta property=\"og:title\" content=\"Malgr\u00e9 les r\u00e9centes pluies, la situation des barrages reste inchang\u00e9e\" \/>\n<meta property=\"og:description\" content=\"La situation des barrages reste inchang\u00e9e malgr\u00e9 les pluies enregistr\u00e9es ces derniers jours\" \/>\n<meta property=\"og:url\" content=\"https:\/\/www.webdo.tn\/fr\/actualite\/national\/malgre-les-recentes-pluies-la-situation-des-barrages-reste-inchangee\/205968\/\" \/>\n<meta property=\"og:site_name\" content=\"webdo\" \/>\n<meta property=\"article:publisher\" content=\"https:\/\/www.facebook.com\/webdotn\" \/>\n<meta property=\"article:published_time\" content=\"2023-05-23T15:26:00+00:00\" \/>\n<meta property=\"article:modified_time\" content=\"2025-05-20T22:43:14+00:00\" \/>\n<meta property=\"og:image\" content=\"https:\/\/www.webdo.tn\/fr\/wp-content\/uploads\/2023\/05\/5821972ea9c095e0c0fca5ba7dbebfb2.jpg\" \/>\n\t<meta property=\"og:image:width\" content=\"750\" \/>\n\t<meta property=\"og:image:height\" content=\"400\" \/>\n\t<meta property=\"og:image:type\" content=\"image\/jpeg\" \/>\n<meta name=\"author\" content=\"CL\" \/>\n<meta name=\"twitter:card\" content=\"summary_large_image\" \/>\n<meta name=\"twitter:creator\" content=\"@webdo_tn\" \/>\n<meta name=\"twitter:site\" content=\"@webdo_tn\" \/>\n<meta name=\"twitter:label1\" content=\"\u00c9crit par\" \/>\n\t<meta name=\"twitter:data1\" content=\"CL\" \/>\n\t<meta name=\"twitter:label2\" content=\"Dur\u00e9e de lecture estim\u00e9e\" \/>\n\t<meta name=\"twitter:data2\" content=\"1 minute\" \/>\n<script type=\"application\/ld+json\" class=\"yoast-schema-graph\">{\"@context\":\"https:\\\/\\\/schema.org\",\"@graph\":[{\"@type\":\"NewsArticle\",\"@id\":\"https:\\\/\\\/www.webdo.tn\\\/fr\\\/actualite\\\/national\\\/malgre-les-recentes-pluies-la-situation-des-barrages-reste-inchangee\\\/205968\\\/#article\",\"isPartOf\":{\"@id\":\"https:\\\/\\\/www.webdo.tn\\\/fr\\\/actualite\\\/national\\\/malgre-les-recentes-pluies-la-situation-des-barrages-reste-inchangee\\\/205968\\\/\"},\"author\":{\"name\":\"CL\",\"@id\":\"https:\\\/\\\/www.webdo.tn\\\/fr\\\/#\\\/schema\\\/person\\\/f35b42a42c5e2511bbd282959d6385cc\"},\"headline\":\"Malgr\u00e9 les r\u00e9centes pluies, la situation des barrages reste inchang\u00e9e\",\"datePublished\":\"2023-05-23T15:26:00+00:00\",\"dateModified\":\"2025-05-20T22:43:14+00:00\",\"mainEntityOfPage\":{\"@id\":\"https:\\\/\\\/www.webdo.tn\\\/fr\\\/actualite\\\/national\\\/malgre-les-recentes-pluies-la-situation-des-barrages-reste-inchangee\\\/205968\\\/\"},\"wordCount\":320,\"commentCount\":0,\"publisher\":{\"@id\":\"https:\\\/\\\/www.webdo.tn\\\/fr\\\/#organization\"},\"image\":{\"@id\":\"https:\\\/\\\/www.webdo.tn\\\/fr\\\/actualite\\\/national\\\/malgre-les-recentes-pluies-la-situation-des-barrages-reste-inchangee\\\/205968\\\/#primaryimage\"},\"thumbnailUrl\":\"https:\\\/\\\/www.webdo.tn\\\/fr\\\/wp-content\\\/uploads\\\/2023\\\/05\\\/5821972ea9c095e0c0fca5ba7dbebfb2.jpg\",\"keywords\":[\"barrages\",\"pluies\",\"Tunisie\"],\"articleSection\":[\"National\"],\"inLanguage\":\"fr-FR\"},{\"@type\":\"WebPage\",\"@id\":\"https:\\\/\\\/www.webdo.tn\\\/fr\\\/actualite\\\/national\\\/malgre-les-recentes-pluies-la-situation-des-barrages-reste-inchangee\\\/205968\\\/\",\"url\":\"https:\\\/\\\/www.webdo.tn\\\/fr\\\/actualite\\\/national\\\/malgre-les-recentes-pluies-la-situation-des-barrages-reste-inchangee\\\/205968\\\/\",\"name\":\"Malgr\u00e9 les r\u00e9centes pluies, la situation des barrages reste inchang\u00e9e\",\"isPartOf\":{\"@id\":\"https:\\\/\\\/www.webdo.tn\\\/fr\\\/#website\"},\"primaryImageOfPage\":{\"@id\":\"https:\\\/\\\/www.webdo.tn\\\/fr\\\/actualite\\\/national\\\/malgre-les-recentes-pluies-la-situation-des-barrages-reste-inchangee\\\/205968\\\/#primaryimage\"},\"image\":{\"@id\":\"https:\\\/\\\/www.webdo.tn\\\/fr\\\/actualite\\\/national\\\/malgre-les-recentes-pluies-la-situation-des-barrages-reste-inchangee\\\/205968\\\/#primaryimage\"},\"thumbnailUrl\":\"https:\\\/\\\/www.webdo.tn\\\/fr\\\/wp-content\\\/uploads\\\/2023\\\/05\\\/5821972ea9c095e0c0fca5ba7dbebfb2.jpg\",\"datePublished\":\"2023-05-23T15:26:00+00:00\",\"dateModified\":\"2025-05-20T22:43:14+00:00\",\"description\":\"La situation des barrages reste inchang\u00e9e malgr\u00e9 les pluies enregistr\u00e9es ces derniers jours\",\"breadcrumb\":{\"@id\":\"https:\\\/\\\/www.webdo.tn\\\/fr\\\/actualite\\\/national\\\/malgre-les-recentes-pluies-la-situation-des-barrages-reste-inchangee\\\/205968\\\/#breadcrumb\"},\"inLanguage\":\"fr-FR\",\"potentialAction\":[{\"@type\":\"ReadAction\",\"target\":[\"https:\\\/\\\/www.webdo.tn\\\/fr\\\/actualite\\\/national\\\/malgre-les-recentes-pluies-la-situation-des-barrages-reste-inchangee\\\/205968\\\/\"]}]},{\"@type\":\"ImageObject\",\"inLanguage\":\"fr-FR\",\"@id\":\"https:\\\/\\\/www.webdo.tn\\\/fr\\\/actualite\\\/national\\\/malgre-les-recentes-pluies-la-situation-des-barrages-reste-inchangee\\\/205968\\\/#primaryimage\",\"url\":\"https:\\\/\\\/www.webdo.tn\\\/fr\\\/wp-content\\\/uploads\\\/2023\\\/05\\\/5821972ea9c095e0c0fca5ba7dbebfb2.jpg\",\"contentUrl\":\"https:\\\/\\\/www.webdo.tn\\\/fr\\\/wp-content\\\/uploads\\\/2023\\\/05\\\/5821972ea9c095e0c0fca5ba7dbebfb2.jpg\",\"width\":750,\"height\":400,\"caption\":\"Barrage\"},{\"@type\":\"BreadcrumbList\",\"@id\":\"https:\\\/\\\/www.webdo.tn\\\/fr\\\/actualite\\\/national\\\/malgre-les-recentes-pluies-la-situation-des-barrages-reste-inchangee\\\/205968\\\/#breadcrumb\",\"itemListElement\":[{\"@type\":\"ListItem\",\"position\":1,\"name\":\"Accueil\",\"item\":\"https:\\\/\\\/www.webdo.tn\\\/fr\\\/\"},{\"@type\":\"ListItem\",\"position\":2,\"name\":\"Malgr\u00e9 les r\u00e9centes pluies, la situation des barrages reste inchang\u00e9e\"}]},{\"@type\":\"WebSite\",\"@id\":\"https:\\\/\\\/www.webdo.tn\\\/fr\\\/#website\",\"url\":\"https:\\\/\\\/www.webdo.tn\\\/fr\\\/\",\"name\":\"webdo\",\"description\":\"Tunisie - News en Tunisie et \u00e0 l&#039;international sur Webdo.tn\",\"publisher\":{\"@id\":\"https:\\\/\\\/www.webdo.tn\\\/fr\\\/#organization\"},\"potentialAction\":[{\"@type\":\"SearchAction\",\"target\":{\"@type\":\"EntryPoint\",\"urlTemplate\":\"https:\\\/\\\/www.webdo.tn\\\/fr\\\/?s={search_term_string}\"},\"query-input\":{\"@type\":\"PropertyValueSpecification\",\"valueRequired\":true,\"valueName\":\"search_term_string\"}}],\"inLanguage\":\"fr-FR\"},{\"@type\":\"Organization\",\"@id\":\"https:\\\/\\\/www.webdo.tn\\\/fr\\\/#organization\",\"name\":\"Webdo\",\"alternateName\":\"Webdo.tn\",\"url\":\"https:\\\/\\\/www.webdo.tn\\\/fr\\\/\",\"logo\":{\"@type\":\"ImageObject\",\"inLanguage\":\"fr-FR\",\"@id\":\"https:\\\/\\\/www.webdo.tn\\\/fr\\\/#\\\/schema\\\/logo\\\/image\\\/\",\"url\":\"https:\\\/\\\/www.webdo.tn\\\/fr\\\/wp-content\\\/uploads\\\/2025\\\/06\\\/Webdo-Tunisie_168377.jpg\",\"contentUrl\":\"https:\\\/\\\/www.webdo.tn\\\/fr\\\/wp-content\\\/uploads\\\/2025\\\/06\\\/Webdo-Tunisie_168377.jpg\",\"width\":301,\"height\":301,\"caption\":\"Webdo\"},\"image\":{\"@id\":\"https:\\\/\\\/www.webdo.tn\\\/fr\\\/#\\\/schema\\\/logo\\\/image\\\/\"},\"sameAs\":[\"https:\\\/\\\/www.facebook.com\\\/webdotn\",\"https:\\\/\\\/x.com\\\/webdo_tn\"],\"description\":\"Webdo est un m\u00e9dia num\u00e9rique tunisien fond\u00e9 en 2010, sp\u00e9cialis\u00e9 dans l\u2019actualit\u00e9 nationale et internationale, l\u2019\u00e9conomie, la soci\u00e9t\u00e9 et les analyses politiques. Le site s\u2019adresse \u00e0 un large public francophone et couvre l\u2019information tunisienne en temps r\u00e9el.\",\"email\":\"redac@webdo.tn\",\"legalName\":\"YNJ SARL\",\"foundingDate\":\"2010-09-06\",\"numberOfEmployees\":{\"@type\":\"QuantitativeValue\",\"minValue\":\"11\",\"maxValue\":\"50\"}},{\"@type\":\"Person\",\"@id\":\"https:\\\/\\\/www.webdo.tn\\\/fr\\\/#\\\/schema\\\/person\\\/f35b42a42c5e2511bbd282959d6385cc\",\"name\":\"CL\",\"image\":{\"@type\":\"ImageObject\",\"inLanguage\":\"fr-FR\",\"@id\":\"https:\\\/\\\/secure.gravatar.com\\\/avatar\\\/1447a49909b67aa657c488aec6512e1dd6143a480c1ecfee9b5b5cd74eb3b59e?s=96&d=mm&r=g\",\"url\":\"https:\\\/\\\/secure.gravatar.com\\\/avatar\\\/1447a49909b67aa657c488aec6512e1dd6143a480c1ecfee9b5b5cd74eb3b59e?s=96&d=mm&r=g\",\"contentUrl\":\"https:\\\/\\\/secure.gravatar.com\\\/avatar\\\/1447a49909b67aa657c488aec6512e1dd6143a480c1ecfee9b5b5cd74eb3b59e?s=96&d=mm&r=g\",\"caption\":\"CL\"},\"url\":\"https:\\\/\\\/www.webdo.tn\\\/fr\\\/actualite\\\/author\\\/cl\\\/\"}]}<\/script>\n<!-- \/ Yoast SEO Premium plugin. -->","yoast_head_json":{"title":"Malgr\u00e9 les r\u00e9centes pluies, la situation des barrages reste inchang\u00e9e","description":"La situation des barrages reste inchang\u00e9e malgr\u00e9 les pluies enregistr\u00e9es ces derniers jours","canonical":"https:\/\/www.webdo.tn\/fr\/actualite\/national\/malgre-les-recentes-pluies-la-situation-des-barrages-reste-inchangee\/205968\/","og_locale":"fr_FR","og_type":"article","og_title":"Malgr\u00e9 les r\u00e9centes pluies, la situation des barrages reste inchang\u00e9e","og_description":"La situation des barrages reste inchang\u00e9e malgr\u00e9 les pluies enregistr\u00e9es ces derniers jours","og_url":"https:\/\/www.webdo.tn\/fr\/actualite\/national\/malgre-les-recentes-pluies-la-situation-des-barrages-reste-inchangee\/205968\/","og_site_name":"webdo","article_publisher":"https:\/\/www.facebook.com\/webdotn","article_published_time":"2023-05-23T15:26:00+00:00","article_modified_time":"2025-05-20T22:43:14+00:00","og_image":[{"width":750,"height":400,"url":"https:\/\/www.webdo.tn\/fr\/wp-content\/uploads\/2023\/05\/5821972ea9c095e0c0fca5ba7dbebfb2.jpg","type":"image\/jpeg"}],"author":"CL","twitter_card":"summary_large_image","twitter_creator":"@webdo_tn","twitter_site":"@webdo_tn","twitter_misc":{"\u00c9crit par":"CL","Dur\u00e9e de lecture estim\u00e9e":"1 minute"},"schema":{"@context":"https:\/\/schema.org","@graph":[{"@type":"NewsArticle","@id":"https:\/\/www.webdo.tn\/fr\/actualite\/national\/malgre-les-recentes-pluies-la-situation-des-barrages-reste-inchangee\/205968\/#article","isPartOf":{"@id":"https:\/\/www.webdo.tn\/fr\/actualite\/national\/malgre-les-recentes-pluies-la-situation-des-barrages-reste-inchangee\/205968\/"},"author":{"name":"CL","@id":"https:\/\/www.webdo.tn\/fr\/#\/schema\/person\/f35b42a42c5e2511bbd282959d6385cc"},"headline":"Malgr\u00e9 les r\u00e9centes pluies, la situation des barrages reste inchang\u00e9e","datePublished":"2023-05-23T15:26:00+00:00","dateModified":"2025-05-20T22:43:14+00:00","mainEntityOfPage":{"@id":"https:\/\/www.webdo.tn\/fr\/actualite\/national\/malgre-les-recentes-pluies-la-situation-des-barrages-reste-inchangee\/205968\/"},"wordCount":320,"commentCount":0,"publisher":{"@id":"https:\/\/www.webdo.tn\/fr\/#organization"},"image":{"@id":"https:\/\/www.webdo.tn\/fr\/actualite\/national\/malgre-les-recentes-pluies-la-situation-des-barrages-reste-inchangee\/205968\/#primaryimage"},"thumbnailUrl":"https:\/\/www.webdo.tn\/fr\/wp-content\/uploads\/2023\/05\/5821972ea9c095e0c0fca5ba7dbebfb2.jpg","keywords":["barrages","pluies","Tunisie"],"articleSection":["National"],"inLanguage":"fr-FR"},{"@type":"WebPage","@id":"https:\/\/www.webdo.tn\/fr\/actualite\/national\/malgre-les-recentes-pluies-la-situation-des-barrages-reste-inchangee\/205968\/","url":"https:\/\/www.webdo.tn\/fr\/actualite\/national\/malgre-les-recentes-pluies-la-situation-des-barrages-reste-inchangee\/205968\/","name":"Malgr\u00e9 les r\u00e9centes pluies, la situation des barrages reste inchang\u00e9e","isPartOf":{"@id":"https:\/\/www.webdo.tn\/fr\/#website"},"primaryImageOfPage":{"@id":"https:\/\/www.webdo.tn\/fr\/actualite\/national\/malgre-les-recentes-pluies-la-situation-des-barrages-reste-inchangee\/205968\/#primaryimage"},"image":{"@id":"https:\/\/www.webdo.tn\/fr\/actualite\/national\/malgre-les-recentes-pluies-la-situation-des-barrages-reste-inchangee\/205968\/#primaryimage"},"thumbnailUrl":"https:\/\/www.webdo.tn\/fr\/wp-content\/uploads\/2023\/05\/5821972ea9c095e0c0fca5ba7dbebfb2.jpg","datePublished":"2023-05-23T15:26:00+00:00","dateModified":"2025-05-20T22:43:14+00:00","description":"La situation des barrages reste inchang\u00e9e malgr\u00e9 les pluies enregistr\u00e9es ces derniers jours","breadcrumb":{"@id":"https:\/\/www.webdo.tn\/fr\/actualite\/national\/malgre-les-recentes-pluies-la-situation-des-barrages-reste-inchangee\/205968\/#breadcrumb"},"inLanguage":"fr-FR","potentialAction":[{"@type":"ReadAction","target":["https:\/\/www.webdo.tn\/fr\/actualite\/national\/malgre-les-recentes-pluies-la-situation-des-barrages-reste-inchangee\/205968\/"]}]},{"@type":"ImageObject","inLanguage":"fr-FR","@id":"https:\/\/www.webdo.tn\/fr\/actualite\/national\/malgre-les-recentes-pluies-la-situation-des-barrages-reste-inchangee\/205968\/#primaryimage","url":"https:\/\/www.webdo.tn\/fr\/wp-content\/uploads\/2023\/05\/5821972ea9c095e0c0fca5ba7dbebfb2.jpg","contentUrl":"https:\/\/www.webdo.tn\/fr\/wp-content\/uploads\/2023\/05\/5821972ea9c095e0c0fca5ba7dbebfb2.jpg","width":750,"height":400,"caption":"Barrage"},{"@type":"BreadcrumbList","@id":"https:\/\/www.webdo.tn\/fr\/actualite\/national\/malgre-les-recentes-pluies-la-situation-des-barrages-reste-inchangee\/205968\/#breadcrumb","itemListElement":[{"@type":"ListItem","position":1,"name":"Accueil","item":"https:\/\/www.webdo.tn\/fr\/"},{"@type":"ListItem","position":2,"name":"Malgr\u00e9 les r\u00e9centes pluies, la situation des barrages reste inchang\u00e9e"}]},{"@type":"WebSite","@id":"https:\/\/www.webdo.tn\/fr\/#website","url":"https:\/\/www.webdo.tn\/fr\/","name":"webdo","description":"Tunisie - News en Tunisie et \u00e0 l&#039;international sur Webdo.tn","publisher":{"@id":"https:\/\/www.webdo.tn\/fr\/#organization"},"potentialAction":[{"@type":"SearchAction","target":{"@type":"EntryPoint","urlTemplate":"https:\/\/www.webdo.tn\/fr\/?s={search_term_string}"},"query-input":{"@type":"PropertyValueSpecification","valueRequired":true,"valueName":"search_term_string"}}],"inLanguage":"fr-FR"},{"@type":"Organization","@id":"https:\/\/www.webdo.tn\/fr\/#organization","name":"Webdo","alternateName":"Webdo.tn","url":"https:\/\/www.webdo.tn\/fr\/","logo":{"@type":"ImageObject","inLanguage":"fr-FR","@id":"https:\/\/www.webdo.tn\/fr\/#\/schema\/logo\/image\/","url":"https:\/\/www.webdo.tn\/fr\/wp-content\/uploads\/2025\/06\/Webdo-Tunisie_168377.jpg","contentUrl":"https:\/\/www.webdo.tn\/fr\/wp-content\/uploads\/2025\/06\/Webdo-Tunisie_168377.jpg","width":301,"height":301,"caption":"Webdo"},"image":{"@id":"https:\/\/www.webdo.tn\/fr\/#\/schema\/logo\/image\/"},"sameAs":["https:\/\/www.facebook.com\/webdotn","https:\/\/x.com\/webdo_tn"],"description":"Webdo est un m\u00e9dia num\u00e9rique tunisien fond\u00e9 en 2010, sp\u00e9cialis\u00e9 dans l\u2019actualit\u00e9 nationale et internationale, l\u2019\u00e9conomie, la soci\u00e9t\u00e9 et les analyses politiques. Le site s\u2019adresse \u00e0 un large public francophone et couvre l\u2019information tunisienne en temps r\u00e9el.","email":"redac@webdo.tn","legalName":"YNJ SARL","foundingDate":"2010-09-06","numberOfEmployees":{"@type":"QuantitativeValue","minValue":"11","maxValue":"50"}},{"@type":"Person","@id":"https:\/\/www.webdo.tn\/fr\/#\/schema\/person\/f35b42a42c5e2511bbd282959d6385cc","name":"CL","image":{"@type":"ImageObject","inLanguage":"fr-FR","@id":"https:\/\/secure.gravatar.com\/avatar\/1447a49909b67aa657c488aec6512e1dd6143a480c1ecfee9b5b5cd74eb3b59e?s=96&d=mm&r=g","url":"https:\/\/secure.gravatar.com\/avatar\/1447a49909b67aa657c488aec6512e1dd6143a480c1ecfee9b5b5cd74eb3b59e?s=96&d=mm&r=g","contentUrl":"https:\/\/secure.gravatar.com\/avatar\/1447a49909b67aa657c488aec6512e1dd6143a480c1ecfee9b5b5cd74eb3b59e?s=96&d=mm&r=g","caption":"CL"},"url":"https:\/\/www.webdo.tn\/fr\/actualite\/author\/cl\/"}]}},"_links":{"self":[{"href":"https:\/\/www.webdo.tn\/fr\/wp-json\/wp\/v2\/posts\/205968","targetHints":{"allow":["GET"]}}],"collection":[{"href":"https:\/\/www.webdo.tn\/fr\/wp-json\/wp\/v2\/posts"}],"about":[{"href":"https:\/\/www.webdo.tn\/fr\/wp-json\/wp\/v2\/types\/post"}],"author":[{"embeddable":true,"href":"https:\/\/www.webdo.tn\/fr\/wp-json\/wp\/v2\/users\/3175"}],"replies":[{"embeddable":true,"href":"https:\/\/www.webdo.tn\/fr\/wp-json\/wp\/v2\/comments?post=205968"}],"version-history":[{"count":0,"href":"https:\/\/www.webdo.tn\/fr\/wp-json\/wp\/v2\/posts\/205968\/revisions"}],"wp:featuredmedia":[{"embeddable":true,"href":"https:\/\/www.webdo.tn\/fr\/wp-json\/wp\/v2\/media\/251076"}],"wp:attachment":[{"href":"https:\/\/www.webdo.tn\/fr\/wp-json\/wp\/v2\/media?parent=205968"}],"wp:term":[{"taxonomy":"category","embeddable":true,"href":"https:\/\/www.webdo.tn\/fr\/wp-json\/wp\/v2\/categories?post=205968"},{"taxonomy":"post_tag","embeddable":true,"href":"https:\/\/www.webdo.tn\/fr\/wp-json\/wp\/v2\/tags?post=205968"}],"curies":[{"name":"wp","href":"https:\/\/api.w.org\/{rel}","templated":true}]}}