{"id":205962,"date":"2023-05-23T12:34:00","date_gmt":"2023-05-23T12:34:00","guid":{"rendered":"https:\/\/www.webdo.tn\/fr\/blog\/scandale-en-france-les-eleves-absents-lors-de-l-aid-al-fitr-fiches\/205962\/"},"modified":"2025-05-20T22:58:16","modified_gmt":"2025-05-20T22:58:16","slug":"scandale-en-france-les-eleves-absents-lors-de-l-aid-al-fitr-fiches","status":"publish","type":"post","link":"https:\/\/www.webdo.tn\/fr\/actualite\/international\/scandale-en-france-les-eleves-absents-lors-de-l-aid-al-fitr-fiches\/205962\/","title":{"rendered":"Scandale en France : les \u00e9l\u00e8ves absents lors de l\u2019A\u00efd al-Fitr fich\u00e9s !"},"content":{"rendered":"<p>Face au toll\u00e9, le minist\u00e8re de l\u2019Int\u00e9rieur a expliqu\u00e9 dans un communiqu\u00e9 avoir, en effet, demand\u00e9 dans certaines acad\u00e9mies une \u00ab \u00e9valuation du taux d\u2019absent\u00e9isme constat\u00e9 \u00e0 l\u2019occasion de l\u2019A\u00efd al-Fitr \u00bb, mais nie tout \u00ab fichage \u00bb.<\/p>\n<p>\t\t\t\t\t\t\t\t\tLe toll\u00e9 est provoqu\u00e9 apr\u00e8s que des policiers ont demand\u00e9 aux chefs d\u2019\u00e9tablissements scolaires de Toulouse (Haute-Garonne) de leur indiquer le nombre d\u2019\u00e9l\u00e8ves absents le jour de l\u2019A\u00efd al-Fitr, qui avait lieu le 21 avril cette ann\u00e9e.<\/p>\n<p>Plusieurs politiques et associations ont d\u00e9nonc\u00e9 une volont\u00e9 de fichage d\u2019un groupe religieux et ont dit leur indignation.<\/p>\n<p>Cette demande, qui remonte au 26 avril, a \u00e9t\u00e9 r\u00e9v\u00e9l\u00e9e vendredi dernier par La D\u00e9p\u00eache du Midi. Les chefs d\u2019\u00e9tablissement et directeurs d\u2019\u00e9cole de l\u2019enseignement secondaire ont re\u00e7u ce jour-l\u00e0 un courriel de la direction d\u00e9partementale de la s\u00e9curit\u00e9 publique (DDSP) de Haute-Garonne.<\/p>\n<p>Ils \u00e9taient sollicit\u00e9s par \u00ab les services de renseignement \u00bb, afin de \u00ab conna\u00eetre le pourcentage d\u2019absent\u00e9isme le vendredi 21 avril 2023, lors de la f\u00eate de l\u2019A\u00efd \u00bb.<\/p>\n<p>Dans le communiqu\u00e9 publi\u00e9 dimanche, la secr\u00e9taire d\u2019\u00c9tat charg\u00e9e de la citoyennet\u00e9 Sonia Back\u00e8s assure de son c\u00f4t\u00e9 que \u00ab le minist\u00e8re de l\u2019Int\u00e9rieur et des Outre-mer \u00e9tudie r\u00e9guli\u00e8rement l\u2019impact de certaines f\u00eates religieuses sur le fonctionnement des services publics, et notamment au sein de la sph\u00e8re scolaire. \u00bb<\/p>\n<p>C\u2019est dans ce cadre qu\u2019une demande pour conna\u00eetre le taux d\u2019absent\u00e9isme a \u00e9t\u00e9 envoy\u00e9e \u00ab dans certaines acad\u00e9mies \u00bb.<\/p>\n","protected":false},"excerpt":{"rendered":"<p>Le toll\u00e9 est provoqu\u00e9 apr\u00e8s que des policiers ont demand\u00e9 aux chefs d\u2019\u00e9tablissements scolaires de Toulouse (Haute-Garonne) de leur indiquer le nombre d\u2019\u00e9l\u00e8ves a&#8230;<\/p>\n","protected":false},"author":3188,"featured_media":251071,"comment_status":"open","ping_status":"closed","sticky":false,"template":"","format":"standard","meta":{"footnotes":""},"categories":[2598],"tags":[3420,3209,2998,8397],"class_list":["post-205962","post","type-post","status-publish","format-standard","has-post-thumbnail","hentry","category-international","tag-aid-el-fitr","tag-eleves","tag-france","tag-scandale"],"yoast_head":"<!-- This site is optimized with the Yoast SEO Premium plugin v27.5 (Yoast SEO v27.5) - https:\/\/yoast.com\/product\/yoast-seo-premium-wordpress\/ -->\n<title>Scandale en France : les \u00e9l\u00e8ves absents lors de l\u2019A\u00efd al-Fitr fich\u00e9s !<\/title>\n<meta name=\"description\" content=\"Le toll\u00e9 est provoqu\u00e9 apr\u00e8s que des policiers ont demand\u00e9 aux chefs d\u2019\u00e9tablissements scolaires de Toulouse (Haute-Garonne) de leur indiquer le nombre d\u2019\u00e9l\u00e8ves a...\" \/>\n<link rel=\"canonical\" href=\"https:\/\/www.webdo.tn\/fr\/actualite\/international\/scandale-en-france-les-eleves-absents-lors-de-l-aid-al-fitr-fiches\/205962\/\" \/>\n<meta property=\"og:locale\" content=\"fr_FR\" \/>\n<meta property=\"og:type\" content=\"article\" \/>\n<meta property=\"og:title\" content=\"Scandale en France : les \u00e9l\u00e8ves absents lors de l\u2019A\u00efd al-Fitr fich\u00e9s !\" \/>\n<meta property=\"og:description\" content=\"Le toll\u00e9 est provoqu\u00e9 apr\u00e8s que des policiers ont demand\u00e9 aux chefs d\u2019\u00e9tablissements scolaires de Toulouse (Haute-Garonne) de leur indiquer le nombre d\u2019\u00e9l\u00e8ves a...\" \/>\n<meta property=\"og:url\" content=\"https:\/\/www.webdo.tn\/fr\/actualite\/international\/scandale-en-france-les-eleves-absents-lors-de-l-aid-al-fitr-fiches\/205962\/\" \/>\n<meta property=\"og:site_name\" content=\"webdo\" \/>\n<meta property=\"article:publisher\" content=\"https:\/\/www.facebook.com\/webdotn\" \/>\n<meta property=\"article:published_time\" content=\"2023-05-23T12:34:00+00:00\" \/>\n<meta property=\"article:modified_time\" content=\"2025-05-20T22:58:16+00:00\" \/>\n<meta property=\"og:image\" content=\"https:\/\/www.webdo.tn\/fr\/wp-content\/uploads\/2023\/05\/0e40e8a973b2c9364d82875688641da6.jpg\" \/>\n\t<meta property=\"og:image:width\" content=\"750\" \/>\n\t<meta property=\"og:image:height\" content=\"400\" \/>\n\t<meta property=\"og:image:type\" content=\"image\/jpeg\" \/>\n<meta name=\"author\" content=\"Ramzi\" \/>\n<meta name=\"twitter:card\" content=\"summary_large_image\" \/>\n<meta name=\"twitter:creator\" content=\"@webdo_tn\" \/>\n<meta name=\"twitter:site\" content=\"@webdo_tn\" \/>\n<meta name=\"twitter:label1\" content=\"\u00c9crit par\" \/>\n\t<meta name=\"twitter:data1\" content=\"Ramzi\" \/>\n\t<meta name=\"twitter:label2\" content=\"Dur\u00e9e de lecture estim\u00e9e\" \/>\n\t<meta name=\"twitter:data2\" content=\"1 minute\" \/>\n<script type=\"application\/ld+json\" class=\"yoast-schema-graph\">{\"@context\":\"https:\\\/\\\/schema.org\",\"@graph\":[{\"@type\":\"NewsArticle\",\"@id\":\"https:\\\/\\\/www.webdo.tn\\\/fr\\\/actualite\\\/international\\\/scandale-en-france-les-eleves-absents-lors-de-l-aid-al-fitr-fiches\\\/205962\\\/#article\",\"isPartOf\":{\"@id\":\"https:\\\/\\\/www.webdo.tn\\\/fr\\\/actualite\\\/international\\\/scandale-en-france-les-eleves-absents-lors-de-l-aid-al-fitr-fiches\\\/205962\\\/\"},\"author\":{\"name\":\"Ramzi\",\"@id\":\"https:\\\/\\\/www.webdo.tn\\\/fr\\\/#\\\/schema\\\/person\\\/590cb5f81adcfde6385530fdbdf468e2\"},\"headline\":\"Scandale en France : les \u00e9l\u00e8ves absents lors de l\u2019A\u00efd al-Fitr fich\u00e9s !\",\"datePublished\":\"2023-05-23T12:34:00+00:00\",\"dateModified\":\"2025-05-20T22:58:16+00:00\",\"mainEntityOfPage\":{\"@id\":\"https:\\\/\\\/www.webdo.tn\\\/fr\\\/actualite\\\/international\\\/scandale-en-france-les-eleves-absents-lors-de-l-aid-al-fitr-fiches\\\/205962\\\/\"},\"wordCount\":287,\"commentCount\":0,\"publisher\":{\"@id\":\"https:\\\/\\\/www.webdo.tn\\\/fr\\\/#organization\"},\"image\":{\"@id\":\"https:\\\/\\\/www.webdo.tn\\\/fr\\\/actualite\\\/international\\\/scandale-en-france-les-eleves-absents-lors-de-l-aid-al-fitr-fiches\\\/205962\\\/#primaryimage\"},\"thumbnailUrl\":\"https:\\\/\\\/www.webdo.tn\\\/fr\\\/wp-content\\\/uploads\\\/2023\\\/05\\\/0e40e8a973b2c9364d82875688641da6.jpg\",\"keywords\":[\"A\u00efd-el-Fitr\",\"\u00e9l\u00e8ves\",\"france\",\"scandale\"],\"articleSection\":[\"International\"],\"inLanguage\":\"fr-FR\"},{\"@type\":\"WebPage\",\"@id\":\"https:\\\/\\\/www.webdo.tn\\\/fr\\\/actualite\\\/international\\\/scandale-en-france-les-eleves-absents-lors-de-l-aid-al-fitr-fiches\\\/205962\\\/\",\"url\":\"https:\\\/\\\/www.webdo.tn\\\/fr\\\/actualite\\\/international\\\/scandale-en-france-les-eleves-absents-lors-de-l-aid-al-fitr-fiches\\\/205962\\\/\",\"name\":\"Scandale en France : les \u00e9l\u00e8ves absents lors de l\u2019A\u00efd al-Fitr fich\u00e9s !\",\"isPartOf\":{\"@id\":\"https:\\\/\\\/www.webdo.tn\\\/fr\\\/#website\"},\"primaryImageOfPage\":{\"@id\":\"https:\\\/\\\/www.webdo.tn\\\/fr\\\/actualite\\\/international\\\/scandale-en-france-les-eleves-absents-lors-de-l-aid-al-fitr-fiches\\\/205962\\\/#primaryimage\"},\"image\":{\"@id\":\"https:\\\/\\\/www.webdo.tn\\\/fr\\\/actualite\\\/international\\\/scandale-en-france-les-eleves-absents-lors-de-l-aid-al-fitr-fiches\\\/205962\\\/#primaryimage\"},\"thumbnailUrl\":\"https:\\\/\\\/www.webdo.tn\\\/fr\\\/wp-content\\\/uploads\\\/2023\\\/05\\\/0e40e8a973b2c9364d82875688641da6.jpg\",\"datePublished\":\"2023-05-23T12:34:00+00:00\",\"dateModified\":\"2025-05-20T22:58:16+00:00\",\"description\":\"Le toll\u00e9 est provoqu\u00e9 apr\u00e8s que des policiers ont demand\u00e9 aux chefs d\u2019\u00e9tablissements scolaires de Toulouse (Haute-Garonne) de leur indiquer le nombre d\u2019\u00e9l\u00e8ves a...\",\"breadcrumb\":{\"@id\":\"https:\\\/\\\/www.webdo.tn\\\/fr\\\/actualite\\\/international\\\/scandale-en-france-les-eleves-absents-lors-de-l-aid-al-fitr-fiches\\\/205962\\\/#breadcrumb\"},\"inLanguage\":\"fr-FR\",\"potentialAction\":[{\"@type\":\"ReadAction\",\"target\":[\"https:\\\/\\\/www.webdo.tn\\\/fr\\\/actualite\\\/international\\\/scandale-en-france-les-eleves-absents-lors-de-l-aid-al-fitr-fiches\\\/205962\\\/\"]}]},{\"@type\":\"ImageObject\",\"inLanguage\":\"fr-FR\",\"@id\":\"https:\\\/\\\/www.webdo.tn\\\/fr\\\/actualite\\\/international\\\/scandale-en-france-les-eleves-absents-lors-de-l-aid-al-fitr-fiches\\\/205962\\\/#primaryimage\",\"url\":\"https:\\\/\\\/www.webdo.tn\\\/fr\\\/wp-content\\\/uploads\\\/2023\\\/05\\\/0e40e8a973b2c9364d82875688641da6.jpg\",\"contentUrl\":\"https:\\\/\\\/www.webdo.tn\\\/fr\\\/wp-content\\\/uploads\\\/2023\\\/05\\\/0e40e8a973b2c9364d82875688641da6.jpg\",\"width\":750,\"height\":400,\"caption\":\"Scandale en France : les \u00e9l\u00e8ves absents lors de l\u2019A\u00efd al-Fitr fich\u00e9s !\"},{\"@type\":\"BreadcrumbList\",\"@id\":\"https:\\\/\\\/www.webdo.tn\\\/fr\\\/actualite\\\/international\\\/scandale-en-france-les-eleves-absents-lors-de-l-aid-al-fitr-fiches\\\/205962\\\/#breadcrumb\",\"itemListElement\":[{\"@type\":\"ListItem\",\"position\":1,\"name\":\"Accueil\",\"item\":\"https:\\\/\\\/www.webdo.tn\\\/fr\\\/\"},{\"@type\":\"ListItem\",\"position\":2,\"name\":\"Scandale en France : les \u00e9l\u00e8ves absents lors de l\u2019A\u00efd al-Fitr fich\u00e9s !\"}]},{\"@type\":\"WebSite\",\"@id\":\"https:\\\/\\\/www.webdo.tn\\\/fr\\\/#website\",\"url\":\"https:\\\/\\\/www.webdo.tn\\\/fr\\\/\",\"name\":\"webdo\",\"description\":\"Tunisie - News en Tunisie et \u00e0 l&#039;international sur Webdo.tn\",\"publisher\":{\"@id\":\"https:\\\/\\\/www.webdo.tn\\\/fr\\\/#organization\"},\"potentialAction\":[{\"@type\":\"SearchAction\",\"target\":{\"@type\":\"EntryPoint\",\"urlTemplate\":\"https:\\\/\\\/www.webdo.tn\\\/fr\\\/?s={search_term_string}\"},\"query-input\":{\"@type\":\"PropertyValueSpecification\",\"valueRequired\":true,\"valueName\":\"search_term_string\"}}],\"inLanguage\":\"fr-FR\"},{\"@type\":\"Organization\",\"@id\":\"https:\\\/\\\/www.webdo.tn\\\/fr\\\/#organization\",\"name\":\"Webdo\",\"alternateName\":\"Webdo.tn\",\"url\":\"https:\\\/\\\/www.webdo.tn\\\/fr\\\/\",\"logo\":{\"@type\":\"ImageObject\",\"inLanguage\":\"fr-FR\",\"@id\":\"https:\\\/\\\/www.webdo.tn\\\/fr\\\/#\\\/schema\\\/logo\\\/image\\\/\",\"url\":\"https:\\\/\\\/www.webdo.tn\\\/fr\\\/wp-content\\\/uploads\\\/2025\\\/06\\\/Webdo-Tunisie_168377.jpg\",\"contentUrl\":\"https:\\\/\\\/www.webdo.tn\\\/fr\\\/wp-content\\\/uploads\\\/2025\\\/06\\\/Webdo-Tunisie_168377.jpg\",\"width\":301,\"height\":301,\"caption\":\"Webdo\"},\"image\":{\"@id\":\"https:\\\/\\\/www.webdo.tn\\\/fr\\\/#\\\/schema\\\/logo\\\/image\\\/\"},\"sameAs\":[\"https:\\\/\\\/www.facebook.com\\\/webdotn\",\"https:\\\/\\\/x.com\\\/webdo_tn\"],\"description\":\"Webdo est un m\u00e9dia num\u00e9rique tunisien fond\u00e9 en 2010, sp\u00e9cialis\u00e9 dans l\u2019actualit\u00e9 nationale et internationale, l\u2019\u00e9conomie, la soci\u00e9t\u00e9 et les analyses politiques. Le site s\u2019adresse \u00e0 un large public francophone et couvre l\u2019information tunisienne en temps r\u00e9el.\",\"email\":\"redac@webdo.tn\",\"legalName\":\"YNJ SARL\",\"foundingDate\":\"2010-09-06\",\"numberOfEmployees\":{\"@type\":\"QuantitativeValue\",\"minValue\":\"11\",\"maxValue\":\"50\"}},{\"@type\":\"Person\",\"@id\":\"https:\\\/\\\/www.webdo.tn\\\/fr\\\/#\\\/schema\\\/person\\\/590cb5f81adcfde6385530fdbdf468e2\",\"name\":\"Ramzi\",\"image\":{\"@type\":\"ImageObject\",\"inLanguage\":\"fr-FR\",\"@id\":\"https:\\\/\\\/secure.gravatar.com\\\/avatar\\\/48df7d18915e10cf866ba8e27604c81ff9243fd52704a1d210c3e387e1cb8d87?s=96&d=mm&r=g\",\"url\":\"https:\\\/\\\/secure.gravatar.com\\\/avatar\\\/48df7d18915e10cf866ba8e27604c81ff9243fd52704a1d210c3e387e1cb8d87?s=96&d=mm&r=g\",\"contentUrl\":\"https:\\\/\\\/secure.gravatar.com\\\/avatar\\\/48df7d18915e10cf866ba8e27604c81ff9243fd52704a1d210c3e387e1cb8d87?s=96&d=mm&r=g\",\"caption\":\"Ramzi\"},\"url\":\"https:\\\/\\\/www.webdo.tn\\\/fr\\\/actualite\\\/author\\\/ramzi\\\/\"}]}<\/script>\n<!-- \/ Yoast SEO Premium plugin. -->","yoast_head_json":{"title":"Scandale en France : les \u00e9l\u00e8ves absents lors de l\u2019A\u00efd al-Fitr fich\u00e9s !","description":"Le toll\u00e9 est provoqu\u00e9 apr\u00e8s que des policiers ont demand\u00e9 aux chefs d\u2019\u00e9tablissements scolaires de Toulouse (Haute-Garonne) de leur indiquer le nombre d\u2019\u00e9l\u00e8ves a...","canonical":"https:\/\/www.webdo.tn\/fr\/actualite\/international\/scandale-en-france-les-eleves-absents-lors-de-l-aid-al-fitr-fiches\/205962\/","og_locale":"fr_FR","og_type":"article","og_title":"Scandale en France : les \u00e9l\u00e8ves absents lors de l\u2019A\u00efd al-Fitr fich\u00e9s !","og_description":"Le toll\u00e9 est provoqu\u00e9 apr\u00e8s que des policiers ont demand\u00e9 aux chefs d\u2019\u00e9tablissements scolaires de Toulouse (Haute-Garonne) de leur indiquer le nombre d\u2019\u00e9l\u00e8ves a...","og_url":"https:\/\/www.webdo.tn\/fr\/actualite\/international\/scandale-en-france-les-eleves-absents-lors-de-l-aid-al-fitr-fiches\/205962\/","og_site_name":"webdo","article_publisher":"https:\/\/www.facebook.com\/webdotn","article_published_time":"2023-05-23T12:34:00+00:00","article_modified_time":"2025-05-20T22:58:16+00:00","og_image":[{"width":750,"height":400,"url":"https:\/\/www.webdo.tn\/fr\/wp-content\/uploads\/2023\/05\/0e40e8a973b2c9364d82875688641da6.jpg","type":"image\/jpeg"}],"author":"Ramzi","twitter_card":"summary_large_image","twitter_creator":"@webdo_tn","twitter_site":"@webdo_tn","twitter_misc":{"\u00c9crit par":"Ramzi","Dur\u00e9e de lecture estim\u00e9e":"1 minute"},"schema":{"@context":"https:\/\/schema.org","@graph":[{"@type":"NewsArticle","@id":"https:\/\/www.webdo.tn\/fr\/actualite\/international\/scandale-en-france-les-eleves-absents-lors-de-l-aid-al-fitr-fiches\/205962\/#article","isPartOf":{"@id":"https:\/\/www.webdo.tn\/fr\/actualite\/international\/scandale-en-france-les-eleves-absents-lors-de-l-aid-al-fitr-fiches\/205962\/"},"author":{"name":"Ramzi","@id":"https:\/\/www.webdo.tn\/fr\/#\/schema\/person\/590cb5f81adcfde6385530fdbdf468e2"},"headline":"Scandale en France : les \u00e9l\u00e8ves absents lors de l\u2019A\u00efd al-Fitr fich\u00e9s !","datePublished":"2023-05-23T12:34:00+00:00","dateModified":"2025-05-20T22:58:16+00:00","mainEntityOfPage":{"@id":"https:\/\/www.webdo.tn\/fr\/actualite\/international\/scandale-en-france-les-eleves-absents-lors-de-l-aid-al-fitr-fiches\/205962\/"},"wordCount":287,"commentCount":0,"publisher":{"@id":"https:\/\/www.webdo.tn\/fr\/#organization"},"image":{"@id":"https:\/\/www.webdo.tn\/fr\/actualite\/international\/scandale-en-france-les-eleves-absents-lors-de-l-aid-al-fitr-fiches\/205962\/#primaryimage"},"thumbnailUrl":"https:\/\/www.webdo.tn\/fr\/wp-content\/uploads\/2023\/05\/0e40e8a973b2c9364d82875688641da6.jpg","keywords":["A\u00efd-el-Fitr","\u00e9l\u00e8ves","france","scandale"],"articleSection":["International"],"inLanguage":"fr-FR"},{"@type":"WebPage","@id":"https:\/\/www.webdo.tn\/fr\/actualite\/international\/scandale-en-france-les-eleves-absents-lors-de-l-aid-al-fitr-fiches\/205962\/","url":"https:\/\/www.webdo.tn\/fr\/actualite\/international\/scandale-en-france-les-eleves-absents-lors-de-l-aid-al-fitr-fiches\/205962\/","name":"Scandale en France : les \u00e9l\u00e8ves absents lors de l\u2019A\u00efd al-Fitr fich\u00e9s !","isPartOf":{"@id":"https:\/\/www.webdo.tn\/fr\/#website"},"primaryImageOfPage":{"@id":"https:\/\/www.webdo.tn\/fr\/actualite\/international\/scandale-en-france-les-eleves-absents-lors-de-l-aid-al-fitr-fiches\/205962\/#primaryimage"},"image":{"@id":"https:\/\/www.webdo.tn\/fr\/actualite\/international\/scandale-en-france-les-eleves-absents-lors-de-l-aid-al-fitr-fiches\/205962\/#primaryimage"},"thumbnailUrl":"https:\/\/www.webdo.tn\/fr\/wp-content\/uploads\/2023\/05\/0e40e8a973b2c9364d82875688641da6.jpg","datePublished":"2023-05-23T12:34:00+00:00","dateModified":"2025-05-20T22:58:16+00:00","description":"Le toll\u00e9 est provoqu\u00e9 apr\u00e8s que des policiers ont demand\u00e9 aux chefs d\u2019\u00e9tablissements scolaires de Toulouse (Haute-Garonne) de leur indiquer le nombre d\u2019\u00e9l\u00e8ves a...","breadcrumb":{"@id":"https:\/\/www.webdo.tn\/fr\/actualite\/international\/scandale-en-france-les-eleves-absents-lors-de-l-aid-al-fitr-fiches\/205962\/#breadcrumb"},"inLanguage":"fr-FR","potentialAction":[{"@type":"ReadAction","target":["https:\/\/www.webdo.tn\/fr\/actualite\/international\/scandale-en-france-les-eleves-absents-lors-de-l-aid-al-fitr-fiches\/205962\/"]}]},{"@type":"ImageObject","inLanguage":"fr-FR","@id":"https:\/\/www.webdo.tn\/fr\/actualite\/international\/scandale-en-france-les-eleves-absents-lors-de-l-aid-al-fitr-fiches\/205962\/#primaryimage","url":"https:\/\/www.webdo.tn\/fr\/wp-content\/uploads\/2023\/05\/0e40e8a973b2c9364d82875688641da6.jpg","contentUrl":"https:\/\/www.webdo.tn\/fr\/wp-content\/uploads\/2023\/05\/0e40e8a973b2c9364d82875688641da6.jpg","width":750,"height":400,"caption":"Scandale en France : les \u00e9l\u00e8ves absents lors de l\u2019A\u00efd al-Fitr fich\u00e9s !"},{"@type":"BreadcrumbList","@id":"https:\/\/www.webdo.tn\/fr\/actualite\/international\/scandale-en-france-les-eleves-absents-lors-de-l-aid-al-fitr-fiches\/205962\/#breadcrumb","itemListElement":[{"@type":"ListItem","position":1,"name":"Accueil","item":"https:\/\/www.webdo.tn\/fr\/"},{"@type":"ListItem","position":2,"name":"Scandale en France : les \u00e9l\u00e8ves absents lors de l\u2019A\u00efd al-Fitr fich\u00e9s !"}]},{"@type":"WebSite","@id":"https:\/\/www.webdo.tn\/fr\/#website","url":"https:\/\/www.webdo.tn\/fr\/","name":"webdo","description":"Tunisie - News en Tunisie et \u00e0 l&#039;international sur Webdo.tn","publisher":{"@id":"https:\/\/www.webdo.tn\/fr\/#organization"},"potentialAction":[{"@type":"SearchAction","target":{"@type":"EntryPoint","urlTemplate":"https:\/\/www.webdo.tn\/fr\/?s={search_term_string}"},"query-input":{"@type":"PropertyValueSpecification","valueRequired":true,"valueName":"search_term_string"}}],"inLanguage":"fr-FR"},{"@type":"Organization","@id":"https:\/\/www.webdo.tn\/fr\/#organization","name":"Webdo","alternateName":"Webdo.tn","url":"https:\/\/www.webdo.tn\/fr\/","logo":{"@type":"ImageObject","inLanguage":"fr-FR","@id":"https:\/\/www.webdo.tn\/fr\/#\/schema\/logo\/image\/","url":"https:\/\/www.webdo.tn\/fr\/wp-content\/uploads\/2025\/06\/Webdo-Tunisie_168377.jpg","contentUrl":"https:\/\/www.webdo.tn\/fr\/wp-content\/uploads\/2025\/06\/Webdo-Tunisie_168377.jpg","width":301,"height":301,"caption":"Webdo"},"image":{"@id":"https:\/\/www.webdo.tn\/fr\/#\/schema\/logo\/image\/"},"sameAs":["https:\/\/www.facebook.com\/webdotn","https:\/\/x.com\/webdo_tn"],"description":"Webdo est un m\u00e9dia num\u00e9rique tunisien fond\u00e9 en 2010, sp\u00e9cialis\u00e9 dans l\u2019actualit\u00e9 nationale et internationale, l\u2019\u00e9conomie, la soci\u00e9t\u00e9 et les analyses politiques. Le site s\u2019adresse \u00e0 un large public francophone et couvre l\u2019information tunisienne en temps r\u00e9el.","email":"redac@webdo.tn","legalName":"YNJ SARL","foundingDate":"2010-09-06","numberOfEmployees":{"@type":"QuantitativeValue","minValue":"11","maxValue":"50"}},{"@type":"Person","@id":"https:\/\/www.webdo.tn\/fr\/#\/schema\/person\/590cb5f81adcfde6385530fdbdf468e2","name":"Ramzi","image":{"@type":"ImageObject","inLanguage":"fr-FR","@id":"https:\/\/secure.gravatar.com\/avatar\/48df7d18915e10cf866ba8e27604c81ff9243fd52704a1d210c3e387e1cb8d87?s=96&d=mm&r=g","url":"https:\/\/secure.gravatar.com\/avatar\/48df7d18915e10cf866ba8e27604c81ff9243fd52704a1d210c3e387e1cb8d87?s=96&d=mm&r=g","contentUrl":"https:\/\/secure.gravatar.com\/avatar\/48df7d18915e10cf866ba8e27604c81ff9243fd52704a1d210c3e387e1cb8d87?s=96&d=mm&r=g","caption":"Ramzi"},"url":"https:\/\/www.webdo.tn\/fr\/actualite\/author\/ramzi\/"}]}},"_links":{"self":[{"href":"https:\/\/www.webdo.tn\/fr\/wp-json\/wp\/v2\/posts\/205962","targetHints":{"allow":["GET"]}}],"collection":[{"href":"https:\/\/www.webdo.tn\/fr\/wp-json\/wp\/v2\/posts"}],"about":[{"href":"https:\/\/www.webdo.tn\/fr\/wp-json\/wp\/v2\/types\/post"}],"author":[{"embeddable":true,"href":"https:\/\/www.webdo.tn\/fr\/wp-json\/wp\/v2\/users\/3188"}],"replies":[{"embeddable":true,"href":"https:\/\/www.webdo.tn\/fr\/wp-json\/wp\/v2\/comments?post=205962"}],"version-history":[{"count":0,"href":"https:\/\/www.webdo.tn\/fr\/wp-json\/wp\/v2\/posts\/205962\/revisions"}],"wp:featuredmedia":[{"embeddable":true,"href":"https:\/\/www.webdo.tn\/fr\/wp-json\/wp\/v2\/media\/251071"}],"wp:attachment":[{"href":"https:\/\/www.webdo.tn\/fr\/wp-json\/wp\/v2\/media?parent=205962"}],"wp:term":[{"taxonomy":"category","embeddable":true,"href":"https:\/\/www.webdo.tn\/fr\/wp-json\/wp\/v2\/categories?post=205962"},{"taxonomy":"post_tag","embeddable":true,"href":"https:\/\/www.webdo.tn\/fr\/wp-json\/wp\/v2\/tags?post=205962"}],"curies":[{"name":"wp","href":"https:\/\/api.w.org\/{rel}","templated":true}]}}