{"id":205961,"date":"2023-05-23T12:23:00","date_gmt":"2023-05-23T12:23:00","guid":{"rendered":"https:\/\/www.webdo.tn\/fr\/blog\/l-initiative-du-quartet-va-etre-soumise-a-kais-saied\/205961\/"},"modified":"2025-05-20T21:59:29","modified_gmt":"2025-05-20T21:59:29","slug":"l-initiative-du-quartet-va-etre-soumise-a-kais-saied","status":"publish","type":"post","link":"https:\/\/www.webdo.tn\/fr\/actualite\/national\/l-initiative-du-quartet-va-etre-soumise-a-kais-saied\/205961\/","title":{"rendered":"L&rsquo;Initiative du Quartet va \u00eatre soumise \u00e0 Kais Saied"},"content":{"rendered":"<p>C\u2019est l\u2019heure de v\u00e9rit\u00e9 pour le Quartet, compos\u00e9 de l\u2019UGTT, de la LTDH, de l\u2019ONAT et du FTDES, qui devrait bient\u00f4t soumettre son Initiative de dialogue national au pr\u00e9sident de la R\u00e9publique.<\/p>\n<p>\t\t\t\t\t\t\t\t\tC\u2019est en tout cas ce qu\u2019a indiqu\u00e9, ce mardi 23 mai 2023, le secr\u00e9taire g\u00e9n\u00e9ral-adjoint de l&rsquo;UGTT, Taher Barbari, confirmant, sur les ondes de Mosaique fm que l&rsquo;Initiative du quartet pour sortir de la crise politique est pr\u00eate et sera bient\u00f4t soumise au pr\u00e9sident de la R\u00e9publique\u00a0 et \u00e0 l&rsquo;opinion publique.<\/p>\n<p>L&rsquo;Initiative de salut national lanc\u00e9e par l&rsquo;Union g\u00e9n\u00e9rale tunisienne du travail (UGTT), la Ligue tunisienne de d\u00e9fense des droits de l&rsquo;homme (LTDH), l&rsquo;Ordre des avocats (ONAT) et le Forum tunisien pour les droits \u00e9conomiques et sociaux (FTDES), doit pr\u00e9senter un processus int\u00e9gr\u00e9 des dimensions politique, \u00e9conomique et sociale dans le but de r\u00e9soudre la crise qui \u00e9branle le pays.<\/p>\n<p>L\u2019Initiative en question doit former une plateforme de militantisme durant la prochaine p\u00e9riode, elle a un objectif constructif et reconnait la l\u00e9gitimit\u00e9 de la pr\u00e9sidence de la R\u00e9publique.<\/p>\n","protected":false},"excerpt":{"rendered":"<p>Le Quartet devrait bient\u00f4t soumettre son Initiative de dialogue national au pr\u00e9sident de la R\u00e9publique<\/p>\n","protected":false},"author":3162,"featured_media":251070,"comment_status":"open","ping_status":"closed","sticky":false,"template":"","format":"standard","meta":{"footnotes":""},"categories":[44],"tags":[7456,7008,2614,8396],"class_list":["post-205961","post","type-post","status-publish","format-standard","has-post-thumbnail","hentry","category-national","tag-dialogue-national","tag-initiative","tag-kais-saied","tag-quartet"],"yoast_head":"<!-- This site is optimized with the Yoast SEO Premium plugin v27.4 (Yoast SEO v27.5) - https:\/\/yoast.com\/product\/yoast-seo-premium-wordpress\/ -->\n<title>L&#039;Initiative du Quartet va \u00eatre soumise \u00e0 Kais Saied<\/title>\n<meta name=\"description\" content=\"Le Quartet devrait bient\u00f4t soumettre son Initiative de dialogue national au pr\u00e9sident de la R\u00e9publique\" \/>\n<link rel=\"canonical\" href=\"https:\/\/www.webdo.tn\/fr\/actualite\/national\/l-initiative-du-quartet-va-etre-soumise-a-kais-saied\/205961\/\" \/>\n<meta property=\"og:locale\" content=\"fr_FR\" \/>\n<meta property=\"og:type\" content=\"article\" \/>\n<meta property=\"og:title\" content=\"L&#039;Initiative du Quartet va \u00eatre soumise \u00e0 Kais Saied\" \/>\n<meta property=\"og:description\" content=\"Le Quartet devrait bient\u00f4t soumettre son Initiative de dialogue national au pr\u00e9sident de la R\u00e9publique\" \/>\n<meta property=\"og:url\" content=\"https:\/\/www.webdo.tn\/fr\/actualite\/national\/l-initiative-du-quartet-va-etre-soumise-a-kais-saied\/205961\/\" \/>\n<meta property=\"og:site_name\" content=\"webdo\" \/>\n<meta property=\"article:publisher\" content=\"https:\/\/www.facebook.com\/webdotn\" \/>\n<meta property=\"article:published_time\" content=\"2023-05-23T12:23:00+00:00\" \/>\n<meta property=\"article:modified_time\" content=\"2025-05-20T21:59:29+00:00\" \/>\n<meta property=\"og:image\" content=\"https:\/\/www.webdo.tn\/fr\/wp-content\/uploads\/2023\/05\/1806197778dac9a8a27678b41fa5642e.jpg\" \/>\n\t<meta property=\"og:image:width\" content=\"750\" \/>\n\t<meta property=\"og:image:height\" content=\"400\" \/>\n\t<meta property=\"og:image:type\" content=\"image\/jpeg\" \/>\n<meta name=\"author\" content=\"MC\" \/>\n<meta name=\"twitter:card\" content=\"summary_large_image\" \/>\n<meta name=\"twitter:creator\" content=\"@webdo_tn\" \/>\n<meta name=\"twitter:site\" content=\"@webdo_tn\" \/>\n<meta name=\"twitter:label1\" content=\"\u00c9crit par\" \/>\n\t<meta name=\"twitter:data1\" content=\"MC\" \/>\n\t<meta name=\"twitter:label2\" content=\"Dur\u00e9e de lecture estim\u00e9e\" \/>\n\t<meta name=\"twitter:data2\" content=\"1 minute\" \/>\n<script type=\"application\/ld+json\" class=\"yoast-schema-graph\">{\"@context\":\"https:\\\/\\\/schema.org\",\"@graph\":[{\"@type\":\"NewsArticle\",\"@id\":\"https:\\\/\\\/www.webdo.tn\\\/fr\\\/actualite\\\/national\\\/l-initiative-du-quartet-va-etre-soumise-a-kais-saied\\\/205961\\\/#article\",\"isPartOf\":{\"@id\":\"https:\\\/\\\/www.webdo.tn\\\/fr\\\/actualite\\\/national\\\/l-initiative-du-quartet-va-etre-soumise-a-kais-saied\\\/205961\\\/\"},\"author\":{\"name\":\"MC\",\"@id\":\"https:\\\/\\\/www.webdo.tn\\\/fr\\\/#\\\/schema\\\/person\\\/2c4929cbf5a809e3bd38617c6ce150f6\"},\"headline\":\"L&rsquo;Initiative du Quartet va \u00eatre soumise \u00e0 Kais Saied\",\"datePublished\":\"2023-05-23T12:23:00+00:00\",\"dateModified\":\"2025-05-20T21:59:29+00:00\",\"mainEntityOfPage\":{\"@id\":\"https:\\\/\\\/www.webdo.tn\\\/fr\\\/actualite\\\/national\\\/l-initiative-du-quartet-va-etre-soumise-a-kais-saied\\\/205961\\\/\"},\"wordCount\":212,\"commentCount\":0,\"publisher\":{\"@id\":\"https:\\\/\\\/www.webdo.tn\\\/fr\\\/#organization\"},\"image\":{\"@id\":\"https:\\\/\\\/www.webdo.tn\\\/fr\\\/actualite\\\/national\\\/l-initiative-du-quartet-va-etre-soumise-a-kais-saied\\\/205961\\\/#primaryimage\"},\"thumbnailUrl\":\"https:\\\/\\\/www.webdo.tn\\\/fr\\\/wp-content\\\/uploads\\\/2023\\\/05\\\/1806197778dac9a8a27678b41fa5642e.jpg\",\"keywords\":[\"Dialogue national\",\"Initiative\",\"Kais Saied\",\"quartet\"],\"articleSection\":[\"National\"],\"inLanguage\":\"fr-FR\"},{\"@type\":\"WebPage\",\"@id\":\"https:\\\/\\\/www.webdo.tn\\\/fr\\\/actualite\\\/national\\\/l-initiative-du-quartet-va-etre-soumise-a-kais-saied\\\/205961\\\/\",\"url\":\"https:\\\/\\\/www.webdo.tn\\\/fr\\\/actualite\\\/national\\\/l-initiative-du-quartet-va-etre-soumise-a-kais-saied\\\/205961\\\/\",\"name\":\"L'Initiative du Quartet va \u00eatre soumise \u00e0 Kais Saied\",\"isPartOf\":{\"@id\":\"https:\\\/\\\/www.webdo.tn\\\/fr\\\/#website\"},\"primaryImageOfPage\":{\"@id\":\"https:\\\/\\\/www.webdo.tn\\\/fr\\\/actualite\\\/national\\\/l-initiative-du-quartet-va-etre-soumise-a-kais-saied\\\/205961\\\/#primaryimage\"},\"image\":{\"@id\":\"https:\\\/\\\/www.webdo.tn\\\/fr\\\/actualite\\\/national\\\/l-initiative-du-quartet-va-etre-soumise-a-kais-saied\\\/205961\\\/#primaryimage\"},\"thumbnailUrl\":\"https:\\\/\\\/www.webdo.tn\\\/fr\\\/wp-content\\\/uploads\\\/2023\\\/05\\\/1806197778dac9a8a27678b41fa5642e.jpg\",\"datePublished\":\"2023-05-23T12:23:00+00:00\",\"dateModified\":\"2025-05-20T21:59:29+00:00\",\"description\":\"Le Quartet devrait bient\u00f4t soumettre son Initiative de dialogue national au pr\u00e9sident de la R\u00e9publique\",\"breadcrumb\":{\"@id\":\"https:\\\/\\\/www.webdo.tn\\\/fr\\\/actualite\\\/national\\\/l-initiative-du-quartet-va-etre-soumise-a-kais-saied\\\/205961\\\/#breadcrumb\"},\"inLanguage\":\"fr-FR\",\"potentialAction\":[{\"@type\":\"ReadAction\",\"target\":[\"https:\\\/\\\/www.webdo.tn\\\/fr\\\/actualite\\\/national\\\/l-initiative-du-quartet-va-etre-soumise-a-kais-saied\\\/205961\\\/\"]}]},{\"@type\":\"ImageObject\",\"inLanguage\":\"fr-FR\",\"@id\":\"https:\\\/\\\/www.webdo.tn\\\/fr\\\/actualite\\\/national\\\/l-initiative-du-quartet-va-etre-soumise-a-kais-saied\\\/205961\\\/#primaryimage\",\"url\":\"https:\\\/\\\/www.webdo.tn\\\/fr\\\/wp-content\\\/uploads\\\/2023\\\/05\\\/1806197778dac9a8a27678b41fa5642e.jpg\",\"contentUrl\":\"https:\\\/\\\/www.webdo.tn\\\/fr\\\/wp-content\\\/uploads\\\/2023\\\/05\\\/1806197778dac9a8a27678b41fa5642e.jpg\",\"width\":750,\"height\":400,\"caption\":\"L'Initiative du Quartet va \u00eatre soumise \u00e0 Kais Saied\"},{\"@type\":\"BreadcrumbList\",\"@id\":\"https:\\\/\\\/www.webdo.tn\\\/fr\\\/actualite\\\/national\\\/l-initiative-du-quartet-va-etre-soumise-a-kais-saied\\\/205961\\\/#breadcrumb\",\"itemListElement\":[{\"@type\":\"ListItem\",\"position\":1,\"name\":\"Accueil\",\"item\":\"https:\\\/\\\/www.webdo.tn\\\/fr\\\/\"},{\"@type\":\"ListItem\",\"position\":2,\"name\":\"L&#8217;Initiative du Quartet va \u00eatre soumise \u00e0 Kais Saied\"}]},{\"@type\":\"WebSite\",\"@id\":\"https:\\\/\\\/www.webdo.tn\\\/fr\\\/#website\",\"url\":\"https:\\\/\\\/www.webdo.tn\\\/fr\\\/\",\"name\":\"webdo\",\"description\":\"Tunisie - News en Tunisie et \u00e0 l&#039;international sur Webdo.tn\",\"publisher\":{\"@id\":\"https:\\\/\\\/www.webdo.tn\\\/fr\\\/#organization\"},\"potentialAction\":[{\"@type\":\"SearchAction\",\"target\":{\"@type\":\"EntryPoint\",\"urlTemplate\":\"https:\\\/\\\/www.webdo.tn\\\/fr\\\/?s={search_term_string}\"},\"query-input\":{\"@type\":\"PropertyValueSpecification\",\"valueRequired\":true,\"valueName\":\"search_term_string\"}}],\"inLanguage\":\"fr-FR\"},{\"@type\":\"Organization\",\"@id\":\"https:\\\/\\\/www.webdo.tn\\\/fr\\\/#organization\",\"name\":\"Webdo\",\"alternateName\":\"Webdo.tn\",\"url\":\"https:\\\/\\\/www.webdo.tn\\\/fr\\\/\",\"logo\":{\"@type\":\"ImageObject\",\"inLanguage\":\"fr-FR\",\"@id\":\"https:\\\/\\\/www.webdo.tn\\\/fr\\\/#\\\/schema\\\/logo\\\/image\\\/\",\"url\":\"https:\\\/\\\/www.webdo.tn\\\/fr\\\/wp-content\\\/uploads\\\/2025\\\/06\\\/Webdo-Tunisie_168377.jpg\",\"contentUrl\":\"https:\\\/\\\/www.webdo.tn\\\/fr\\\/wp-content\\\/uploads\\\/2025\\\/06\\\/Webdo-Tunisie_168377.jpg\",\"width\":301,\"height\":301,\"caption\":\"Webdo\"},\"image\":{\"@id\":\"https:\\\/\\\/www.webdo.tn\\\/fr\\\/#\\\/schema\\\/logo\\\/image\\\/\"},\"sameAs\":[\"https:\\\/\\\/www.facebook.com\\\/webdotn\",\"https:\\\/\\\/x.com\\\/webdo_tn\"],\"description\":\"Webdo est un m\u00e9dia num\u00e9rique tunisien fond\u00e9 en 2010, sp\u00e9cialis\u00e9 dans l\u2019actualit\u00e9 nationale et internationale, l\u2019\u00e9conomie, la soci\u00e9t\u00e9 et les analyses politiques. Le site s\u2019adresse \u00e0 un large public francophone et couvre l\u2019information tunisienne en temps r\u00e9el.\",\"email\":\"redac@webdo.tn\",\"legalName\":\"YNJ SARL\",\"foundingDate\":\"2010-09-06\",\"numberOfEmployees\":{\"@type\":\"QuantitativeValue\",\"minValue\":\"11\",\"maxValue\":\"50\"}},{\"@type\":\"Person\",\"@id\":\"https:\\\/\\\/www.webdo.tn\\\/fr\\\/#\\\/schema\\\/person\\\/2c4929cbf5a809e3bd38617c6ce150f6\",\"name\":\"MC\",\"image\":{\"@type\":\"ImageObject\",\"inLanguage\":\"fr-FR\",\"@id\":\"https:\\\/\\\/secure.gravatar.com\\\/avatar\\\/a545bbb6f84efdd5553dbbc2895e3ca8f1d12c5215e00a041c9670b54aa9b18a?s=96&d=mm&r=g\",\"url\":\"https:\\\/\\\/secure.gravatar.com\\\/avatar\\\/a545bbb6f84efdd5553dbbc2895e3ca8f1d12c5215e00a041c9670b54aa9b18a?s=96&d=mm&r=g\",\"contentUrl\":\"https:\\\/\\\/secure.gravatar.com\\\/avatar\\\/a545bbb6f84efdd5553dbbc2895e3ca8f1d12c5215e00a041c9670b54aa9b18a?s=96&d=mm&r=g\",\"caption\":\"MC\"},\"url\":\"https:\\\/\\\/www.webdo.tn\\\/fr\\\/actualite\\\/author\\\/mc\\\/\"}]}<\/script>\n<!-- \/ Yoast SEO Premium plugin. -->","yoast_head_json":{"title":"L'Initiative du Quartet va \u00eatre soumise \u00e0 Kais Saied","description":"Le Quartet devrait bient\u00f4t soumettre son Initiative de dialogue national au pr\u00e9sident de la R\u00e9publique","canonical":"https:\/\/www.webdo.tn\/fr\/actualite\/national\/l-initiative-du-quartet-va-etre-soumise-a-kais-saied\/205961\/","og_locale":"fr_FR","og_type":"article","og_title":"L'Initiative du Quartet va \u00eatre soumise \u00e0 Kais Saied","og_description":"Le Quartet devrait bient\u00f4t soumettre son Initiative de dialogue national au pr\u00e9sident de la R\u00e9publique","og_url":"https:\/\/www.webdo.tn\/fr\/actualite\/national\/l-initiative-du-quartet-va-etre-soumise-a-kais-saied\/205961\/","og_site_name":"webdo","article_publisher":"https:\/\/www.facebook.com\/webdotn","article_published_time":"2023-05-23T12:23:00+00:00","article_modified_time":"2025-05-20T21:59:29+00:00","og_image":[{"width":750,"height":400,"url":"https:\/\/www.webdo.tn\/fr\/wp-content\/uploads\/2023\/05\/1806197778dac9a8a27678b41fa5642e.jpg","type":"image\/jpeg"}],"author":"MC","twitter_card":"summary_large_image","twitter_creator":"@webdo_tn","twitter_site":"@webdo_tn","twitter_misc":{"\u00c9crit par":"MC","Dur\u00e9e de lecture estim\u00e9e":"1 minute"},"schema":{"@context":"https:\/\/schema.org","@graph":[{"@type":"NewsArticle","@id":"https:\/\/www.webdo.tn\/fr\/actualite\/national\/l-initiative-du-quartet-va-etre-soumise-a-kais-saied\/205961\/#article","isPartOf":{"@id":"https:\/\/www.webdo.tn\/fr\/actualite\/national\/l-initiative-du-quartet-va-etre-soumise-a-kais-saied\/205961\/"},"author":{"name":"MC","@id":"https:\/\/www.webdo.tn\/fr\/#\/schema\/person\/2c4929cbf5a809e3bd38617c6ce150f6"},"headline":"L&rsquo;Initiative du Quartet va \u00eatre soumise \u00e0 Kais Saied","datePublished":"2023-05-23T12:23:00+00:00","dateModified":"2025-05-20T21:59:29+00:00","mainEntityOfPage":{"@id":"https:\/\/www.webdo.tn\/fr\/actualite\/national\/l-initiative-du-quartet-va-etre-soumise-a-kais-saied\/205961\/"},"wordCount":212,"commentCount":0,"publisher":{"@id":"https:\/\/www.webdo.tn\/fr\/#organization"},"image":{"@id":"https:\/\/www.webdo.tn\/fr\/actualite\/national\/l-initiative-du-quartet-va-etre-soumise-a-kais-saied\/205961\/#primaryimage"},"thumbnailUrl":"https:\/\/www.webdo.tn\/fr\/wp-content\/uploads\/2023\/05\/1806197778dac9a8a27678b41fa5642e.jpg","keywords":["Dialogue national","Initiative","Kais Saied","quartet"],"articleSection":["National"],"inLanguage":"fr-FR"},{"@type":"WebPage","@id":"https:\/\/www.webdo.tn\/fr\/actualite\/national\/l-initiative-du-quartet-va-etre-soumise-a-kais-saied\/205961\/","url":"https:\/\/www.webdo.tn\/fr\/actualite\/national\/l-initiative-du-quartet-va-etre-soumise-a-kais-saied\/205961\/","name":"L'Initiative du Quartet va \u00eatre soumise \u00e0 Kais Saied","isPartOf":{"@id":"https:\/\/www.webdo.tn\/fr\/#website"},"primaryImageOfPage":{"@id":"https:\/\/www.webdo.tn\/fr\/actualite\/national\/l-initiative-du-quartet-va-etre-soumise-a-kais-saied\/205961\/#primaryimage"},"image":{"@id":"https:\/\/www.webdo.tn\/fr\/actualite\/national\/l-initiative-du-quartet-va-etre-soumise-a-kais-saied\/205961\/#primaryimage"},"thumbnailUrl":"https:\/\/www.webdo.tn\/fr\/wp-content\/uploads\/2023\/05\/1806197778dac9a8a27678b41fa5642e.jpg","datePublished":"2023-05-23T12:23:00+00:00","dateModified":"2025-05-20T21:59:29+00:00","description":"Le Quartet devrait bient\u00f4t soumettre son Initiative de dialogue national au pr\u00e9sident de la R\u00e9publique","breadcrumb":{"@id":"https:\/\/www.webdo.tn\/fr\/actualite\/national\/l-initiative-du-quartet-va-etre-soumise-a-kais-saied\/205961\/#breadcrumb"},"inLanguage":"fr-FR","potentialAction":[{"@type":"ReadAction","target":["https:\/\/www.webdo.tn\/fr\/actualite\/national\/l-initiative-du-quartet-va-etre-soumise-a-kais-saied\/205961\/"]}]},{"@type":"ImageObject","inLanguage":"fr-FR","@id":"https:\/\/www.webdo.tn\/fr\/actualite\/national\/l-initiative-du-quartet-va-etre-soumise-a-kais-saied\/205961\/#primaryimage","url":"https:\/\/www.webdo.tn\/fr\/wp-content\/uploads\/2023\/05\/1806197778dac9a8a27678b41fa5642e.jpg","contentUrl":"https:\/\/www.webdo.tn\/fr\/wp-content\/uploads\/2023\/05\/1806197778dac9a8a27678b41fa5642e.jpg","width":750,"height":400,"caption":"L'Initiative du Quartet va \u00eatre soumise \u00e0 Kais Saied"},{"@type":"BreadcrumbList","@id":"https:\/\/www.webdo.tn\/fr\/actualite\/national\/l-initiative-du-quartet-va-etre-soumise-a-kais-saied\/205961\/#breadcrumb","itemListElement":[{"@type":"ListItem","position":1,"name":"Accueil","item":"https:\/\/www.webdo.tn\/fr\/"},{"@type":"ListItem","position":2,"name":"L&#8217;Initiative du Quartet va \u00eatre soumise \u00e0 Kais Saied"}]},{"@type":"WebSite","@id":"https:\/\/www.webdo.tn\/fr\/#website","url":"https:\/\/www.webdo.tn\/fr\/","name":"webdo","description":"Tunisie - News en Tunisie et \u00e0 l&#039;international sur Webdo.tn","publisher":{"@id":"https:\/\/www.webdo.tn\/fr\/#organization"},"potentialAction":[{"@type":"SearchAction","target":{"@type":"EntryPoint","urlTemplate":"https:\/\/www.webdo.tn\/fr\/?s={search_term_string}"},"query-input":{"@type":"PropertyValueSpecification","valueRequired":true,"valueName":"search_term_string"}}],"inLanguage":"fr-FR"},{"@type":"Organization","@id":"https:\/\/www.webdo.tn\/fr\/#organization","name":"Webdo","alternateName":"Webdo.tn","url":"https:\/\/www.webdo.tn\/fr\/","logo":{"@type":"ImageObject","inLanguage":"fr-FR","@id":"https:\/\/www.webdo.tn\/fr\/#\/schema\/logo\/image\/","url":"https:\/\/www.webdo.tn\/fr\/wp-content\/uploads\/2025\/06\/Webdo-Tunisie_168377.jpg","contentUrl":"https:\/\/www.webdo.tn\/fr\/wp-content\/uploads\/2025\/06\/Webdo-Tunisie_168377.jpg","width":301,"height":301,"caption":"Webdo"},"image":{"@id":"https:\/\/www.webdo.tn\/fr\/#\/schema\/logo\/image\/"},"sameAs":["https:\/\/www.facebook.com\/webdotn","https:\/\/x.com\/webdo_tn"],"description":"Webdo est un m\u00e9dia num\u00e9rique tunisien fond\u00e9 en 2010, sp\u00e9cialis\u00e9 dans l\u2019actualit\u00e9 nationale et internationale, l\u2019\u00e9conomie, la soci\u00e9t\u00e9 et les analyses politiques. Le site s\u2019adresse \u00e0 un large public francophone et couvre l\u2019information tunisienne en temps r\u00e9el.","email":"redac@webdo.tn","legalName":"YNJ SARL","foundingDate":"2010-09-06","numberOfEmployees":{"@type":"QuantitativeValue","minValue":"11","maxValue":"50"}},{"@type":"Person","@id":"https:\/\/www.webdo.tn\/fr\/#\/schema\/person\/2c4929cbf5a809e3bd38617c6ce150f6","name":"MC","image":{"@type":"ImageObject","inLanguage":"fr-FR","@id":"https:\/\/secure.gravatar.com\/avatar\/a545bbb6f84efdd5553dbbc2895e3ca8f1d12c5215e00a041c9670b54aa9b18a?s=96&d=mm&r=g","url":"https:\/\/secure.gravatar.com\/avatar\/a545bbb6f84efdd5553dbbc2895e3ca8f1d12c5215e00a041c9670b54aa9b18a?s=96&d=mm&r=g","contentUrl":"https:\/\/secure.gravatar.com\/avatar\/a545bbb6f84efdd5553dbbc2895e3ca8f1d12c5215e00a041c9670b54aa9b18a?s=96&d=mm&r=g","caption":"MC"},"url":"https:\/\/www.webdo.tn\/fr\/actualite\/author\/mc\/"}]}},"_links":{"self":[{"href":"https:\/\/www.webdo.tn\/fr\/wp-json\/wp\/v2\/posts\/205961","targetHints":{"allow":["GET"]}}],"collection":[{"href":"https:\/\/www.webdo.tn\/fr\/wp-json\/wp\/v2\/posts"}],"about":[{"href":"https:\/\/www.webdo.tn\/fr\/wp-json\/wp\/v2\/types\/post"}],"author":[{"embeddable":true,"href":"https:\/\/www.webdo.tn\/fr\/wp-json\/wp\/v2\/users\/3162"}],"replies":[{"embeddable":true,"href":"https:\/\/www.webdo.tn\/fr\/wp-json\/wp\/v2\/comments?post=205961"}],"version-history":[{"count":0,"href":"https:\/\/www.webdo.tn\/fr\/wp-json\/wp\/v2\/posts\/205961\/revisions"}],"wp:featuredmedia":[{"embeddable":true,"href":"https:\/\/www.webdo.tn\/fr\/wp-json\/wp\/v2\/media\/251070"}],"wp:attachment":[{"href":"https:\/\/www.webdo.tn\/fr\/wp-json\/wp\/v2\/media?parent=205961"}],"wp:term":[{"taxonomy":"category","embeddable":true,"href":"https:\/\/www.webdo.tn\/fr\/wp-json\/wp\/v2\/categories?post=205961"},{"taxonomy":"post_tag","embeddable":true,"href":"https:\/\/www.webdo.tn\/fr\/wp-json\/wp\/v2\/tags?post=205961"}],"curies":[{"name":"wp","href":"https:\/\/api.w.org\/{rel}","templated":true}]}}