{"id":205948,"date":"2023-05-23T07:53:00","date_gmt":"2023-05-23T07:53:00","guid":{"rendered":"https:\/\/www.webdo.tn\/fr\/blog\/enseignement-secondaire-levee-de-la-decision-de-retention-des-notes\/205948\/"},"modified":"2025-05-20T22:50:18","modified_gmt":"2025-05-20T22:50:18","slug":"enseignement-secondaire-levee-de-la-decision-de-retention-des-notes","status":"publish","type":"post","link":"https:\/\/www.webdo.tn\/fr\/actualite\/national\/enseignement-secondaire-levee-de-la-decision-de-retention-des-notes\/205948\/","title":{"rendered":"Enseignement secondaire: Lev\u00e9e de la d\u00e9cision de r\u00e9tention des notes"},"content":{"rendered":"<p>La commission administrative de la f\u00e9d\u00e9ration g\u00e9n\u00e9rale de l&rsquo;enseignement secondaire a annonc\u00e9 lundi soir la lev\u00e9e de la d\u00e9cision de r\u00e9tention des notes, apr\u00e8s avoir conclu un accord avec le minist\u00e8re de l&rsquo;\u00e9ducation, qui sera sign\u00e9 demain mardi, selon le secr\u00e9taire g\u00e9n\u00e9ral de la f\u00e9d\u00e9ration Lassaad Yaacoubi.<\/p>\n<p>\t\t\t\t\t\t\t\t\t\u00ab\u00a0A l&rsquo;issu de r\u00e9unions \u00ab\u00a0\u00e9prouvantes\u00a0\u00bb de n\u00e9gociations, nous sommes parvenus \u00e0 un accord sur les principaux points en suspens figurant dans l&rsquo;accord de 2019, qui portent notamment sur la situation des enseignants suppl\u00e9ants, des directeurs et agr\u00e9g\u00e9s de la promotion de 2015&Prime; a d\u00e9clar\u00e9 Yaacoubi \u00e0 l&rsquo;agence TAP.<\/p>\n<p>\u00ab\u00a0Cet accord porte \u00e9galement sur l&rsquo;augmentation de la prime p\u00e9dagogique qui a \u00e9t\u00e9 fix\u00e9e \u00e0 300 dt r\u00e9partie sur 3 ans \u00e0 partir de janvier 2026, 2027 et 2028\u00a0\u00bb a-t-il ajout\u00e9.<br \/>\nPar ailleurs, il a pr\u00e9cis\u00e9 que les r\u00e9sultats de cet accord sont consid\u00e9r\u00e9s comme un seuil minimum, compte tenu de la situation \u00e9conomique, sociale et politique dans le pays, signalant que les notes des \u00e9l\u00e8ves seront remises \u00e0 l&rsquo;administration, outre la tenue des conseils de classes qui ont \u00e9t\u00e9 suspendus en raison de la r\u00e9tention des notes.<\/p>\n<p>De son c\u00f4t\u00e9, le secr\u00e9taire g\u00e9n\u00e9ral adjoint de l&rsquo;UGTT Abdallah El Euchi a affirm\u00e9 que la commission administrative de la f\u00e9d\u00e9ration g\u00e9n\u00e9rale de l&rsquo;enseignement secondaire a achev\u00e9 ses travaux et conclu un accord qui sera sign\u00e9 demain au si\u00e8ge du minist\u00e8re de l&rsquo;\u00e9ducation.<\/p>\n<p>Il a relev\u00e9 que cet accord porte notamment sur la r\u00e9vision de la prime de la rentr\u00e9e scolaire, les promotions professionnelles qui ont \u00e9t\u00e9 gel\u00e9es, outre la r\u00e9gularisation de la situation des directeurs d&rsquo;\u00e9tablissements secondaires et des surveillants en leur accordant une prime et une augmentation salariale sur 3 ans, durant les ann\u00e9es 2026, 2027 et 2028.<\/p>\n","protected":false},"excerpt":{"rendered":"<p>La commission administrative de la f\u00e9d\u00e9ration g\u00e9n\u00e9rale de l&rsquo;enseignement secondaire a annonc\u00e9 lundi soir la lev\u00e9e de la d\u00e9cision de r\u00e9tention des notes, apr\u00e8s a&#8230;<\/p>\n","protected":false},"author":3175,"featured_media":278225,"comment_status":"open","ping_status":"closed","sticky":false,"template":"","format":"standard","meta":{"footnotes":""},"categories":[44],"tags":[2828,6218,2608],"class_list":["post-205948","post","type-post","status-publish","format-standard","has-post-thumbnail","hentry","category-national","tag-enseignement","tag-notes","tag-tunisie"],"yoast_head":"<!-- This site is optimized with the Yoast SEO Premium plugin v27.5 (Yoast SEO v27.5) - https:\/\/yoast.com\/product\/yoast-seo-premium-wordpress\/ -->\n<title>Enseignement secondaire: Lev\u00e9e de la d\u00e9cision de r\u00e9tention des notes<\/title>\n<meta name=\"description\" content=\"La commission administrative de la f\u00e9d\u00e9ration g\u00e9n\u00e9rale de l&#039;enseignement secondaire a annonc\u00e9 lundi soir la lev\u00e9e de la d\u00e9cision de r\u00e9tention des notes, apr\u00e8s a...\" \/>\n<link rel=\"canonical\" href=\"https:\/\/www.webdo.tn\/fr\/actualite\/national\/enseignement-secondaire-levee-de-la-decision-de-retention-des-notes\/205948\/\" \/>\n<meta property=\"og:locale\" content=\"fr_FR\" \/>\n<meta property=\"og:type\" content=\"article\" \/>\n<meta property=\"og:title\" content=\"Enseignement secondaire: Lev\u00e9e de la d\u00e9cision de r\u00e9tention des notes\" \/>\n<meta property=\"og:description\" content=\"La commission administrative de la f\u00e9d\u00e9ration g\u00e9n\u00e9rale de l&#039;enseignement secondaire a annonc\u00e9 lundi soir la lev\u00e9e de la d\u00e9cision de r\u00e9tention des notes, apr\u00e8s a...\" \/>\n<meta property=\"og:url\" content=\"https:\/\/www.webdo.tn\/fr\/actualite\/national\/enseignement-secondaire-levee-de-la-decision-de-retention-des-notes\/205948\/\" \/>\n<meta property=\"og:site_name\" content=\"webdo\" \/>\n<meta property=\"article:publisher\" content=\"https:\/\/www.facebook.com\/webdotn\" \/>\n<meta property=\"article:published_time\" content=\"2023-05-23T07:53:00+00:00\" \/>\n<meta property=\"article:modified_time\" content=\"2025-05-20T22:50:18+00:00\" \/>\n<meta property=\"og:image\" content=\"https:\/\/www.webdo.tn\/fr\/wp-content\/uploads\/2023\/05\/805e51b3707af3cad2d294057f5be652.png\" \/>\n\t<meta property=\"og:image:width\" content=\"750\" \/>\n\t<meta property=\"og:image:height\" content=\"400\" \/>\n\t<meta property=\"og:image:type\" content=\"image\/png\" \/>\n<meta name=\"author\" content=\"CL\" \/>\n<meta name=\"twitter:card\" content=\"summary_large_image\" \/>\n<meta name=\"twitter:creator\" content=\"@webdo_tn\" \/>\n<meta name=\"twitter:site\" content=\"@webdo_tn\" \/>\n<meta name=\"twitter:label1\" content=\"\u00c9crit par\" \/>\n\t<meta name=\"twitter:data1\" content=\"CL\" \/>\n\t<meta name=\"twitter:label2\" content=\"Dur\u00e9e de lecture estim\u00e9e\" \/>\n\t<meta name=\"twitter:data2\" content=\"2 minutes\" \/>\n<script type=\"application\/ld+json\" class=\"yoast-schema-graph\">{\"@context\":\"https:\\\/\\\/schema.org\",\"@graph\":[{\"@type\":\"NewsArticle\",\"@id\":\"https:\\\/\\\/www.webdo.tn\\\/fr\\\/actualite\\\/national\\\/enseignement-secondaire-levee-de-la-decision-de-retention-des-notes\\\/205948\\\/#article\",\"isPartOf\":{\"@id\":\"https:\\\/\\\/www.webdo.tn\\\/fr\\\/actualite\\\/national\\\/enseignement-secondaire-levee-de-la-decision-de-retention-des-notes\\\/205948\\\/\"},\"author\":{\"name\":\"CL\",\"@id\":\"https:\\\/\\\/www.webdo.tn\\\/fr\\\/#\\\/schema\\\/person\\\/f35b42a42c5e2511bbd282959d6385cc\"},\"headline\":\"Enseignement secondaire: Lev\u00e9e de la d\u00e9cision de r\u00e9tention des notes\",\"datePublished\":\"2023-05-23T07:53:00+00:00\",\"dateModified\":\"2025-05-20T22:50:18+00:00\",\"mainEntityOfPage\":{\"@id\":\"https:\\\/\\\/www.webdo.tn\\\/fr\\\/actualite\\\/national\\\/enseignement-secondaire-levee-de-la-decision-de-retention-des-notes\\\/205948\\\/\"},\"wordCount\":335,\"commentCount\":0,\"publisher\":{\"@id\":\"https:\\\/\\\/www.webdo.tn\\\/fr\\\/#organization\"},\"image\":{\"@id\":\"https:\\\/\\\/www.webdo.tn\\\/fr\\\/actualite\\\/national\\\/enseignement-secondaire-levee-de-la-decision-de-retention-des-notes\\\/205948\\\/#primaryimage\"},\"thumbnailUrl\":\"https:\\\/\\\/www.webdo.tn\\\/fr\\\/wp-content\\\/uploads\\\/2023\\\/05\\\/805e51b3707af3cad2d294057f5be652.png\",\"keywords\":[\"enseignement\",\"notes\",\"Tunisie\"],\"articleSection\":[\"National\"],\"inLanguage\":\"fr-FR\"},{\"@type\":\"WebPage\",\"@id\":\"https:\\\/\\\/www.webdo.tn\\\/fr\\\/actualite\\\/national\\\/enseignement-secondaire-levee-de-la-decision-de-retention-des-notes\\\/205948\\\/\",\"url\":\"https:\\\/\\\/www.webdo.tn\\\/fr\\\/actualite\\\/national\\\/enseignement-secondaire-levee-de-la-decision-de-retention-des-notes\\\/205948\\\/\",\"name\":\"Enseignement secondaire: Lev\u00e9e de la d\u00e9cision de r\u00e9tention des notes\",\"isPartOf\":{\"@id\":\"https:\\\/\\\/www.webdo.tn\\\/fr\\\/#website\"},\"primaryImageOfPage\":{\"@id\":\"https:\\\/\\\/www.webdo.tn\\\/fr\\\/actualite\\\/national\\\/enseignement-secondaire-levee-de-la-decision-de-retention-des-notes\\\/205948\\\/#primaryimage\"},\"image\":{\"@id\":\"https:\\\/\\\/www.webdo.tn\\\/fr\\\/actualite\\\/national\\\/enseignement-secondaire-levee-de-la-decision-de-retention-des-notes\\\/205948\\\/#primaryimage\"},\"thumbnailUrl\":\"https:\\\/\\\/www.webdo.tn\\\/fr\\\/wp-content\\\/uploads\\\/2023\\\/05\\\/805e51b3707af3cad2d294057f5be652.png\",\"datePublished\":\"2023-05-23T07:53:00+00:00\",\"dateModified\":\"2025-05-20T22:50:18+00:00\",\"description\":\"La commission administrative de la f\u00e9d\u00e9ration g\u00e9n\u00e9rale de l'enseignement secondaire a annonc\u00e9 lundi soir la lev\u00e9e de la d\u00e9cision de r\u00e9tention des notes, apr\u00e8s a...\",\"breadcrumb\":{\"@id\":\"https:\\\/\\\/www.webdo.tn\\\/fr\\\/actualite\\\/national\\\/enseignement-secondaire-levee-de-la-decision-de-retention-des-notes\\\/205948\\\/#breadcrumb\"},\"inLanguage\":\"fr-FR\",\"potentialAction\":[{\"@type\":\"ReadAction\",\"target\":[\"https:\\\/\\\/www.webdo.tn\\\/fr\\\/actualite\\\/national\\\/enseignement-secondaire-levee-de-la-decision-de-retention-des-notes\\\/205948\\\/\"]}]},{\"@type\":\"ImageObject\",\"inLanguage\":\"fr-FR\",\"@id\":\"https:\\\/\\\/www.webdo.tn\\\/fr\\\/actualite\\\/national\\\/enseignement-secondaire-levee-de-la-decision-de-retention-des-notes\\\/205948\\\/#primaryimage\",\"url\":\"https:\\\/\\\/www.webdo.tn\\\/fr\\\/wp-content\\\/uploads\\\/2023\\\/05\\\/805e51b3707af3cad2d294057f5be652.png\",\"contentUrl\":\"https:\\\/\\\/www.webdo.tn\\\/fr\\\/wp-content\\\/uploads\\\/2023\\\/05\\\/805e51b3707af3cad2d294057f5be652.png\",\"width\":750,\"height\":400,\"caption\":\"Enseignement secondaire: Lev\u00e9e de la d\u00e9cision de r\u00e9tention des notes\"},{\"@type\":\"BreadcrumbList\",\"@id\":\"https:\\\/\\\/www.webdo.tn\\\/fr\\\/actualite\\\/national\\\/enseignement-secondaire-levee-de-la-decision-de-retention-des-notes\\\/205948\\\/#breadcrumb\",\"itemListElement\":[{\"@type\":\"ListItem\",\"position\":1,\"name\":\"Accueil\",\"item\":\"https:\\\/\\\/www.webdo.tn\\\/fr\\\/\"},{\"@type\":\"ListItem\",\"position\":2,\"name\":\"Enseignement secondaire: Lev\u00e9e de la d\u00e9cision de r\u00e9tention des notes\"}]},{\"@type\":\"WebSite\",\"@id\":\"https:\\\/\\\/www.webdo.tn\\\/fr\\\/#website\",\"url\":\"https:\\\/\\\/www.webdo.tn\\\/fr\\\/\",\"name\":\"webdo\",\"description\":\"Tunisie - News en Tunisie et \u00e0 l&#039;international sur Webdo.tn\",\"publisher\":{\"@id\":\"https:\\\/\\\/www.webdo.tn\\\/fr\\\/#organization\"},\"potentialAction\":[{\"@type\":\"SearchAction\",\"target\":{\"@type\":\"EntryPoint\",\"urlTemplate\":\"https:\\\/\\\/www.webdo.tn\\\/fr\\\/?s={search_term_string}\"},\"query-input\":{\"@type\":\"PropertyValueSpecification\",\"valueRequired\":true,\"valueName\":\"search_term_string\"}}],\"inLanguage\":\"fr-FR\"},{\"@type\":\"Organization\",\"@id\":\"https:\\\/\\\/www.webdo.tn\\\/fr\\\/#organization\",\"name\":\"Webdo\",\"alternateName\":\"Webdo.tn\",\"url\":\"https:\\\/\\\/www.webdo.tn\\\/fr\\\/\",\"logo\":{\"@type\":\"ImageObject\",\"inLanguage\":\"fr-FR\",\"@id\":\"https:\\\/\\\/www.webdo.tn\\\/fr\\\/#\\\/schema\\\/logo\\\/image\\\/\",\"url\":\"https:\\\/\\\/www.webdo.tn\\\/fr\\\/wp-content\\\/uploads\\\/2025\\\/06\\\/Webdo-Tunisie_168377.jpg\",\"contentUrl\":\"https:\\\/\\\/www.webdo.tn\\\/fr\\\/wp-content\\\/uploads\\\/2025\\\/06\\\/Webdo-Tunisie_168377.jpg\",\"width\":301,\"height\":301,\"caption\":\"Webdo\"},\"image\":{\"@id\":\"https:\\\/\\\/www.webdo.tn\\\/fr\\\/#\\\/schema\\\/logo\\\/image\\\/\"},\"sameAs\":[\"https:\\\/\\\/www.facebook.com\\\/webdotn\",\"https:\\\/\\\/x.com\\\/webdo_tn\"],\"description\":\"Webdo est un m\u00e9dia num\u00e9rique tunisien fond\u00e9 en 2010, sp\u00e9cialis\u00e9 dans l\u2019actualit\u00e9 nationale et internationale, l\u2019\u00e9conomie, la soci\u00e9t\u00e9 et les analyses politiques. Le site s\u2019adresse \u00e0 un large public francophone et couvre l\u2019information tunisienne en temps r\u00e9el.\",\"email\":\"redac@webdo.tn\",\"legalName\":\"YNJ SARL\",\"foundingDate\":\"2010-09-06\",\"numberOfEmployees\":{\"@type\":\"QuantitativeValue\",\"minValue\":\"11\",\"maxValue\":\"50\"}},{\"@type\":\"Person\",\"@id\":\"https:\\\/\\\/www.webdo.tn\\\/fr\\\/#\\\/schema\\\/person\\\/f35b42a42c5e2511bbd282959d6385cc\",\"name\":\"CL\",\"image\":{\"@type\":\"ImageObject\",\"inLanguage\":\"fr-FR\",\"@id\":\"https:\\\/\\\/secure.gravatar.com\\\/avatar\\\/1447a49909b67aa657c488aec6512e1dd6143a480c1ecfee9b5b5cd74eb3b59e?s=96&d=mm&r=g\",\"url\":\"https:\\\/\\\/secure.gravatar.com\\\/avatar\\\/1447a49909b67aa657c488aec6512e1dd6143a480c1ecfee9b5b5cd74eb3b59e?s=96&d=mm&r=g\",\"contentUrl\":\"https:\\\/\\\/secure.gravatar.com\\\/avatar\\\/1447a49909b67aa657c488aec6512e1dd6143a480c1ecfee9b5b5cd74eb3b59e?s=96&d=mm&r=g\",\"caption\":\"CL\"},\"url\":\"https:\\\/\\\/www.webdo.tn\\\/fr\\\/actualite\\\/author\\\/cl\\\/\"}]}<\/script>\n<!-- \/ Yoast SEO Premium plugin. -->","yoast_head_json":{"title":"Enseignement secondaire: Lev\u00e9e de la d\u00e9cision de r\u00e9tention des notes","description":"La commission administrative de la f\u00e9d\u00e9ration g\u00e9n\u00e9rale de l'enseignement secondaire a annonc\u00e9 lundi soir la lev\u00e9e de la d\u00e9cision de r\u00e9tention des notes, apr\u00e8s a...","canonical":"https:\/\/www.webdo.tn\/fr\/actualite\/national\/enseignement-secondaire-levee-de-la-decision-de-retention-des-notes\/205948\/","og_locale":"fr_FR","og_type":"article","og_title":"Enseignement secondaire: Lev\u00e9e de la d\u00e9cision de r\u00e9tention des notes","og_description":"La commission administrative de la f\u00e9d\u00e9ration g\u00e9n\u00e9rale de l'enseignement secondaire a annonc\u00e9 lundi soir la lev\u00e9e de la d\u00e9cision de r\u00e9tention des notes, apr\u00e8s a...","og_url":"https:\/\/www.webdo.tn\/fr\/actualite\/national\/enseignement-secondaire-levee-de-la-decision-de-retention-des-notes\/205948\/","og_site_name":"webdo","article_publisher":"https:\/\/www.facebook.com\/webdotn","article_published_time":"2023-05-23T07:53:00+00:00","article_modified_time":"2025-05-20T22:50:18+00:00","og_image":[{"width":750,"height":400,"url":"https:\/\/www.webdo.tn\/fr\/wp-content\/uploads\/2023\/05\/805e51b3707af3cad2d294057f5be652.png","type":"image\/png"}],"author":"CL","twitter_card":"summary_large_image","twitter_creator":"@webdo_tn","twitter_site":"@webdo_tn","twitter_misc":{"\u00c9crit par":"CL","Dur\u00e9e de lecture estim\u00e9e":"2 minutes"},"schema":{"@context":"https:\/\/schema.org","@graph":[{"@type":"NewsArticle","@id":"https:\/\/www.webdo.tn\/fr\/actualite\/national\/enseignement-secondaire-levee-de-la-decision-de-retention-des-notes\/205948\/#article","isPartOf":{"@id":"https:\/\/www.webdo.tn\/fr\/actualite\/national\/enseignement-secondaire-levee-de-la-decision-de-retention-des-notes\/205948\/"},"author":{"name":"CL","@id":"https:\/\/www.webdo.tn\/fr\/#\/schema\/person\/f35b42a42c5e2511bbd282959d6385cc"},"headline":"Enseignement secondaire: Lev\u00e9e de la d\u00e9cision de r\u00e9tention des notes","datePublished":"2023-05-23T07:53:00+00:00","dateModified":"2025-05-20T22:50:18+00:00","mainEntityOfPage":{"@id":"https:\/\/www.webdo.tn\/fr\/actualite\/national\/enseignement-secondaire-levee-de-la-decision-de-retention-des-notes\/205948\/"},"wordCount":335,"commentCount":0,"publisher":{"@id":"https:\/\/www.webdo.tn\/fr\/#organization"},"image":{"@id":"https:\/\/www.webdo.tn\/fr\/actualite\/national\/enseignement-secondaire-levee-de-la-decision-de-retention-des-notes\/205948\/#primaryimage"},"thumbnailUrl":"https:\/\/www.webdo.tn\/fr\/wp-content\/uploads\/2023\/05\/805e51b3707af3cad2d294057f5be652.png","keywords":["enseignement","notes","Tunisie"],"articleSection":["National"],"inLanguage":"fr-FR"},{"@type":"WebPage","@id":"https:\/\/www.webdo.tn\/fr\/actualite\/national\/enseignement-secondaire-levee-de-la-decision-de-retention-des-notes\/205948\/","url":"https:\/\/www.webdo.tn\/fr\/actualite\/national\/enseignement-secondaire-levee-de-la-decision-de-retention-des-notes\/205948\/","name":"Enseignement secondaire: Lev\u00e9e de la d\u00e9cision de r\u00e9tention des notes","isPartOf":{"@id":"https:\/\/www.webdo.tn\/fr\/#website"},"primaryImageOfPage":{"@id":"https:\/\/www.webdo.tn\/fr\/actualite\/national\/enseignement-secondaire-levee-de-la-decision-de-retention-des-notes\/205948\/#primaryimage"},"image":{"@id":"https:\/\/www.webdo.tn\/fr\/actualite\/national\/enseignement-secondaire-levee-de-la-decision-de-retention-des-notes\/205948\/#primaryimage"},"thumbnailUrl":"https:\/\/www.webdo.tn\/fr\/wp-content\/uploads\/2023\/05\/805e51b3707af3cad2d294057f5be652.png","datePublished":"2023-05-23T07:53:00+00:00","dateModified":"2025-05-20T22:50:18+00:00","description":"La commission administrative de la f\u00e9d\u00e9ration g\u00e9n\u00e9rale de l'enseignement secondaire a annonc\u00e9 lundi soir la lev\u00e9e de la d\u00e9cision de r\u00e9tention des notes, apr\u00e8s a...","breadcrumb":{"@id":"https:\/\/www.webdo.tn\/fr\/actualite\/national\/enseignement-secondaire-levee-de-la-decision-de-retention-des-notes\/205948\/#breadcrumb"},"inLanguage":"fr-FR","potentialAction":[{"@type":"ReadAction","target":["https:\/\/www.webdo.tn\/fr\/actualite\/national\/enseignement-secondaire-levee-de-la-decision-de-retention-des-notes\/205948\/"]}]},{"@type":"ImageObject","inLanguage":"fr-FR","@id":"https:\/\/www.webdo.tn\/fr\/actualite\/national\/enseignement-secondaire-levee-de-la-decision-de-retention-des-notes\/205948\/#primaryimage","url":"https:\/\/www.webdo.tn\/fr\/wp-content\/uploads\/2023\/05\/805e51b3707af3cad2d294057f5be652.png","contentUrl":"https:\/\/www.webdo.tn\/fr\/wp-content\/uploads\/2023\/05\/805e51b3707af3cad2d294057f5be652.png","width":750,"height":400,"caption":"Enseignement secondaire: Lev\u00e9e de la d\u00e9cision de r\u00e9tention des notes"},{"@type":"BreadcrumbList","@id":"https:\/\/www.webdo.tn\/fr\/actualite\/national\/enseignement-secondaire-levee-de-la-decision-de-retention-des-notes\/205948\/#breadcrumb","itemListElement":[{"@type":"ListItem","position":1,"name":"Accueil","item":"https:\/\/www.webdo.tn\/fr\/"},{"@type":"ListItem","position":2,"name":"Enseignement secondaire: Lev\u00e9e de la d\u00e9cision de r\u00e9tention des notes"}]},{"@type":"WebSite","@id":"https:\/\/www.webdo.tn\/fr\/#website","url":"https:\/\/www.webdo.tn\/fr\/","name":"webdo","description":"Tunisie - News en Tunisie et \u00e0 l&#039;international sur Webdo.tn","publisher":{"@id":"https:\/\/www.webdo.tn\/fr\/#organization"},"potentialAction":[{"@type":"SearchAction","target":{"@type":"EntryPoint","urlTemplate":"https:\/\/www.webdo.tn\/fr\/?s={search_term_string}"},"query-input":{"@type":"PropertyValueSpecification","valueRequired":true,"valueName":"search_term_string"}}],"inLanguage":"fr-FR"},{"@type":"Organization","@id":"https:\/\/www.webdo.tn\/fr\/#organization","name":"Webdo","alternateName":"Webdo.tn","url":"https:\/\/www.webdo.tn\/fr\/","logo":{"@type":"ImageObject","inLanguage":"fr-FR","@id":"https:\/\/www.webdo.tn\/fr\/#\/schema\/logo\/image\/","url":"https:\/\/www.webdo.tn\/fr\/wp-content\/uploads\/2025\/06\/Webdo-Tunisie_168377.jpg","contentUrl":"https:\/\/www.webdo.tn\/fr\/wp-content\/uploads\/2025\/06\/Webdo-Tunisie_168377.jpg","width":301,"height":301,"caption":"Webdo"},"image":{"@id":"https:\/\/www.webdo.tn\/fr\/#\/schema\/logo\/image\/"},"sameAs":["https:\/\/www.facebook.com\/webdotn","https:\/\/x.com\/webdo_tn"],"description":"Webdo est un m\u00e9dia num\u00e9rique tunisien fond\u00e9 en 2010, sp\u00e9cialis\u00e9 dans l\u2019actualit\u00e9 nationale et internationale, l\u2019\u00e9conomie, la soci\u00e9t\u00e9 et les analyses politiques. Le site s\u2019adresse \u00e0 un large public francophone et couvre l\u2019information tunisienne en temps r\u00e9el.","email":"redac@webdo.tn","legalName":"YNJ SARL","foundingDate":"2010-09-06","numberOfEmployees":{"@type":"QuantitativeValue","minValue":"11","maxValue":"50"}},{"@type":"Person","@id":"https:\/\/www.webdo.tn\/fr\/#\/schema\/person\/f35b42a42c5e2511bbd282959d6385cc","name":"CL","image":{"@type":"ImageObject","inLanguage":"fr-FR","@id":"https:\/\/secure.gravatar.com\/avatar\/1447a49909b67aa657c488aec6512e1dd6143a480c1ecfee9b5b5cd74eb3b59e?s=96&d=mm&r=g","url":"https:\/\/secure.gravatar.com\/avatar\/1447a49909b67aa657c488aec6512e1dd6143a480c1ecfee9b5b5cd74eb3b59e?s=96&d=mm&r=g","contentUrl":"https:\/\/secure.gravatar.com\/avatar\/1447a49909b67aa657c488aec6512e1dd6143a480c1ecfee9b5b5cd74eb3b59e?s=96&d=mm&r=g","caption":"CL"},"url":"https:\/\/www.webdo.tn\/fr\/actualite\/author\/cl\/"}]}},"_links":{"self":[{"href":"https:\/\/www.webdo.tn\/fr\/wp-json\/wp\/v2\/posts\/205948","targetHints":{"allow":["GET"]}}],"collection":[{"href":"https:\/\/www.webdo.tn\/fr\/wp-json\/wp\/v2\/posts"}],"about":[{"href":"https:\/\/www.webdo.tn\/fr\/wp-json\/wp\/v2\/types\/post"}],"author":[{"embeddable":true,"href":"https:\/\/www.webdo.tn\/fr\/wp-json\/wp\/v2\/users\/3175"}],"replies":[{"embeddable":true,"href":"https:\/\/www.webdo.tn\/fr\/wp-json\/wp\/v2\/comments?post=205948"}],"version-history":[{"count":0,"href":"https:\/\/www.webdo.tn\/fr\/wp-json\/wp\/v2\/posts\/205948\/revisions"}],"wp:featuredmedia":[{"embeddable":true,"href":"https:\/\/www.webdo.tn\/fr\/wp-json\/wp\/v2\/media\/278225"}],"wp:attachment":[{"href":"https:\/\/www.webdo.tn\/fr\/wp-json\/wp\/v2\/media?parent=205948"}],"wp:term":[{"taxonomy":"category","embeddable":true,"href":"https:\/\/www.webdo.tn\/fr\/wp-json\/wp\/v2\/categories?post=205948"},{"taxonomy":"post_tag","embeddable":true,"href":"https:\/\/www.webdo.tn\/fr\/wp-json\/wp\/v2\/tags?post=205948"}],"curies":[{"name":"wp","href":"https:\/\/api.w.org\/{rel}","templated":true}]}}