{"id":205939,"date":"2023-05-22T18:44:00","date_gmt":"2023-05-22T18:44:00","guid":{"rendered":"https:\/\/www.webdo.tn\/fr\/blog\/crise-du-pain-des-solutions-s-imposent-dans-les-heures-a-venir-avertit-saied\/205939\/"},"modified":"2025-05-20T22:50:16","modified_gmt":"2025-05-20T22:50:16","slug":"crise-du-pain-des-solutions-s-imposent-dans-les-heures-a-venir-avertit-saied","status":"publish","type":"post","link":"https:\/\/www.webdo.tn\/fr\/actualite\/national\/crise-du-pain-des-solutions-s-imposent-dans-les-heures-a-venir-avertit-saied\/205939\/","title":{"rendered":"Crise du pain : \u00ab Des solutions s\u2019imposent dans les heures \u00e0 venir \u00bb, avertit Saied"},"content":{"rendered":"<p>Le chef de l\u2019Etat s\u2019est rendu, dans une visite inopin\u00e9e ce lundi 22 mai 2023, aux si\u00e8ges du minist\u00e8re de l\u2019Agriculture et de l\u2019office des c\u00e9r\u00e9ales.<\/p>\n<p>\t\t\t\t\t\t\t\t\tEvoquant la crise du pain, le pr\u00e9sident de la R\u00e9publique a accus\u00e9 une situation visant \u00e0 cr\u00e9er une atmosph\u00e8re tendue \u00e0 des fins purement politiques. \u00ab Des solutions s\u2019imposent pour venir \u00e0 bout de cette crise dans les heures \u00e0 venir \u00bb, a-t-il averti.\u00a0<\/p>\n<p>Kais Saied a affirm\u00e9 qu\u2019il connaissait pertinemment les noms des ceux qui contribuent \u00e0 la provocation des crises.\u00a0<\/p>\n<p>Rappelons que la question de la p\u00e9nurie de pain dans certains gouvernorats, comme Kairouan et Siliana a \u00e9t\u00e9 au centre de l&rsquo;entretien tenu, samedi dernier, au palais de Carthage entre le pr\u00e9sident de la R\u00e9publique Ka\u00efs Sa\u00efed et la ministre du Commerce et du d\u00e9veloppement des exportations, Kalthoum Ben Rejeb Guezzah.<\/p>\n","protected":false},"excerpt":{"rendered":"<p>Le chef de l\u2019Etat s\u2019est rendu, dans une visite inopin\u00e9e ce lundi 22 mai 2023, aux si\u00e8ges du minist\u00e8re de l\u2019Agriculture et de l\u2019office des c\u00e9r\u00e9ales.<\/p>\n","protected":false},"author":3175,"featured_media":278217,"comment_status":"open","ping_status":"closed","sticky":false,"template":"","format":"standard","meta":{"footnotes":""},"categories":[44],"tags":[2614,3767,2608],"class_list":["post-205939","post","type-post","status-publish","format-standard","has-post-thumbnail","hentry","category-national","tag-kais-saied","tag-pain","tag-tunisie"],"yoast_head":"<!-- This site is optimized with the Yoast SEO Premium plugin v27.5 (Yoast SEO v27.5) - https:\/\/yoast.com\/product\/yoast-seo-premium-wordpress\/ -->\n<title>Crise du pain : \u00ab Des solutions s\u2019imposent dans les heures \u00e0 venir \u00bb, avertit Saied<\/title>\n<meta name=\"description\" content=\"Le chef de l\u2019Etat s\u2019est rendu, dans une visite inopin\u00e9e ce lundi 22 mai 2023, aux si\u00e8ges du minist\u00e8re de l\u2019Agriculture et de l\u2019office des c\u00e9r\u00e9ales.\" \/>\n<link rel=\"canonical\" href=\"https:\/\/www.webdo.tn\/fr\/actualite\/national\/crise-du-pain-des-solutions-s-imposent-dans-les-heures-a-venir-avertit-saied\/205939\/\" \/>\n<meta property=\"og:locale\" content=\"fr_FR\" \/>\n<meta property=\"og:type\" content=\"article\" \/>\n<meta property=\"og:title\" content=\"Crise du pain : \u00ab Des solutions s\u2019imposent dans les heures \u00e0 venir \u00bb, avertit Saied\" \/>\n<meta property=\"og:description\" content=\"Le chef de l\u2019Etat s\u2019est rendu, dans une visite inopin\u00e9e ce lundi 22 mai 2023, aux si\u00e8ges du minist\u00e8re de l\u2019Agriculture et de l\u2019office des c\u00e9r\u00e9ales.\" \/>\n<meta property=\"og:url\" content=\"https:\/\/www.webdo.tn\/fr\/actualite\/national\/crise-du-pain-des-solutions-s-imposent-dans-les-heures-a-venir-avertit-saied\/205939\/\" \/>\n<meta property=\"og:site_name\" content=\"webdo\" \/>\n<meta property=\"article:publisher\" content=\"https:\/\/www.facebook.com\/webdotn\" \/>\n<meta property=\"article:published_time\" content=\"2023-05-22T18:44:00+00:00\" \/>\n<meta property=\"article:modified_time\" content=\"2025-05-20T22:50:16+00:00\" \/>\n<meta property=\"og:image\" content=\"https:\/\/www.webdo.tn\/fr\/wp-content\/uploads\/2023\/05\/6ae378f24fc80dfba3310c050cd37963.jpg\" \/>\n\t<meta property=\"og:image:width\" content=\"750\" \/>\n\t<meta property=\"og:image:height\" content=\"400\" \/>\n\t<meta property=\"og:image:type\" content=\"image\/jpeg\" \/>\n<meta name=\"author\" content=\"CL\" \/>\n<meta name=\"twitter:card\" content=\"summary_large_image\" \/>\n<meta name=\"twitter:creator\" content=\"@webdo_tn\" \/>\n<meta name=\"twitter:site\" content=\"@webdo_tn\" \/>\n<meta name=\"twitter:label1\" content=\"\u00c9crit par\" \/>\n\t<meta name=\"twitter:data1\" content=\"CL\" \/>\n\t<meta name=\"twitter:label2\" content=\"Dur\u00e9e de lecture estim\u00e9e\" \/>\n\t<meta name=\"twitter:data2\" content=\"1 minute\" \/>\n<script type=\"application\/ld+json\" class=\"yoast-schema-graph\">{\"@context\":\"https:\\\/\\\/schema.org\",\"@graph\":[{\"@type\":\"NewsArticle\",\"@id\":\"https:\\\/\\\/www.webdo.tn\\\/fr\\\/actualite\\\/national\\\/crise-du-pain-des-solutions-s-imposent-dans-les-heures-a-venir-avertit-saied\\\/205939\\\/#article\",\"isPartOf\":{\"@id\":\"https:\\\/\\\/www.webdo.tn\\\/fr\\\/actualite\\\/national\\\/crise-du-pain-des-solutions-s-imposent-dans-les-heures-a-venir-avertit-saied\\\/205939\\\/\"},\"author\":{\"name\":\"CL\",\"@id\":\"https:\\\/\\\/www.webdo.tn\\\/fr\\\/#\\\/schema\\\/person\\\/f35b42a42c5e2511bbd282959d6385cc\"},\"headline\":\"Crise du pain : \u00ab Des solutions s\u2019imposent dans les heures \u00e0 venir \u00bb, avertit Saied\",\"datePublished\":\"2023-05-22T18:44:00+00:00\",\"dateModified\":\"2025-05-20T22:50:16+00:00\",\"mainEntityOfPage\":{\"@id\":\"https:\\\/\\\/www.webdo.tn\\\/fr\\\/actualite\\\/national\\\/crise-du-pain-des-solutions-s-imposent-dans-les-heures-a-venir-avertit-saied\\\/205939\\\/\"},\"wordCount\":165,\"commentCount\":0,\"publisher\":{\"@id\":\"https:\\\/\\\/www.webdo.tn\\\/fr\\\/#organization\"},\"image\":{\"@id\":\"https:\\\/\\\/www.webdo.tn\\\/fr\\\/actualite\\\/national\\\/crise-du-pain-des-solutions-s-imposent-dans-les-heures-a-venir-avertit-saied\\\/205939\\\/#primaryimage\"},\"thumbnailUrl\":\"https:\\\/\\\/www.webdo.tn\\\/fr\\\/wp-content\\\/uploads\\\/2023\\\/05\\\/6ae378f24fc80dfba3310c050cd37963.jpg\",\"keywords\":[\"Kais Saied\",\"pain\",\"Tunisie\"],\"articleSection\":[\"National\"],\"inLanguage\":\"fr-FR\"},{\"@type\":\"WebPage\",\"@id\":\"https:\\\/\\\/www.webdo.tn\\\/fr\\\/actualite\\\/national\\\/crise-du-pain-des-solutions-s-imposent-dans-les-heures-a-venir-avertit-saied\\\/205939\\\/\",\"url\":\"https:\\\/\\\/www.webdo.tn\\\/fr\\\/actualite\\\/national\\\/crise-du-pain-des-solutions-s-imposent-dans-les-heures-a-venir-avertit-saied\\\/205939\\\/\",\"name\":\"Crise du pain : \u00ab Des solutions s\u2019imposent dans les heures \u00e0 venir \u00bb, avertit Saied\",\"isPartOf\":{\"@id\":\"https:\\\/\\\/www.webdo.tn\\\/fr\\\/#website\"},\"primaryImageOfPage\":{\"@id\":\"https:\\\/\\\/www.webdo.tn\\\/fr\\\/actualite\\\/national\\\/crise-du-pain-des-solutions-s-imposent-dans-les-heures-a-venir-avertit-saied\\\/205939\\\/#primaryimage\"},\"image\":{\"@id\":\"https:\\\/\\\/www.webdo.tn\\\/fr\\\/actualite\\\/national\\\/crise-du-pain-des-solutions-s-imposent-dans-les-heures-a-venir-avertit-saied\\\/205939\\\/#primaryimage\"},\"thumbnailUrl\":\"https:\\\/\\\/www.webdo.tn\\\/fr\\\/wp-content\\\/uploads\\\/2023\\\/05\\\/6ae378f24fc80dfba3310c050cd37963.jpg\",\"datePublished\":\"2023-05-22T18:44:00+00:00\",\"dateModified\":\"2025-05-20T22:50:16+00:00\",\"description\":\"Le chef de l\u2019Etat s\u2019est rendu, dans une visite inopin\u00e9e ce lundi 22 mai 2023, aux si\u00e8ges du minist\u00e8re de l\u2019Agriculture et de l\u2019office des c\u00e9r\u00e9ales.\",\"breadcrumb\":{\"@id\":\"https:\\\/\\\/www.webdo.tn\\\/fr\\\/actualite\\\/national\\\/crise-du-pain-des-solutions-s-imposent-dans-les-heures-a-venir-avertit-saied\\\/205939\\\/#breadcrumb\"},\"inLanguage\":\"fr-FR\",\"potentialAction\":[{\"@type\":\"ReadAction\",\"target\":[\"https:\\\/\\\/www.webdo.tn\\\/fr\\\/actualite\\\/national\\\/crise-du-pain-des-solutions-s-imposent-dans-les-heures-a-venir-avertit-saied\\\/205939\\\/\"]}]},{\"@type\":\"ImageObject\",\"inLanguage\":\"fr-FR\",\"@id\":\"https:\\\/\\\/www.webdo.tn\\\/fr\\\/actualite\\\/national\\\/crise-du-pain-des-solutions-s-imposent-dans-les-heures-a-venir-avertit-saied\\\/205939\\\/#primaryimage\",\"url\":\"https:\\\/\\\/www.webdo.tn\\\/fr\\\/wp-content\\\/uploads\\\/2023\\\/05\\\/6ae378f24fc80dfba3310c050cd37963.jpg\",\"contentUrl\":\"https:\\\/\\\/www.webdo.tn\\\/fr\\\/wp-content\\\/uploads\\\/2023\\\/05\\\/6ae378f24fc80dfba3310c050cd37963.jpg\",\"width\":750,\"height\":400,\"caption\":\"Kais Saied\"},{\"@type\":\"BreadcrumbList\",\"@id\":\"https:\\\/\\\/www.webdo.tn\\\/fr\\\/actualite\\\/national\\\/crise-du-pain-des-solutions-s-imposent-dans-les-heures-a-venir-avertit-saied\\\/205939\\\/#breadcrumb\",\"itemListElement\":[{\"@type\":\"ListItem\",\"position\":1,\"name\":\"Accueil\",\"item\":\"https:\\\/\\\/www.webdo.tn\\\/fr\\\/\"},{\"@type\":\"ListItem\",\"position\":2,\"name\":\"Crise du pain : \u00ab Des solutions s\u2019imposent dans les heures \u00e0 venir \u00bb, avertit Saied\"}]},{\"@type\":\"WebSite\",\"@id\":\"https:\\\/\\\/www.webdo.tn\\\/fr\\\/#website\",\"url\":\"https:\\\/\\\/www.webdo.tn\\\/fr\\\/\",\"name\":\"webdo\",\"description\":\"Tunisie - News en Tunisie et \u00e0 l&#039;international sur Webdo.tn\",\"publisher\":{\"@id\":\"https:\\\/\\\/www.webdo.tn\\\/fr\\\/#organization\"},\"potentialAction\":[{\"@type\":\"SearchAction\",\"target\":{\"@type\":\"EntryPoint\",\"urlTemplate\":\"https:\\\/\\\/www.webdo.tn\\\/fr\\\/?s={search_term_string}\"},\"query-input\":{\"@type\":\"PropertyValueSpecification\",\"valueRequired\":true,\"valueName\":\"search_term_string\"}}],\"inLanguage\":\"fr-FR\"},{\"@type\":\"Organization\",\"@id\":\"https:\\\/\\\/www.webdo.tn\\\/fr\\\/#organization\",\"name\":\"Webdo\",\"alternateName\":\"Webdo.tn\",\"url\":\"https:\\\/\\\/www.webdo.tn\\\/fr\\\/\",\"logo\":{\"@type\":\"ImageObject\",\"inLanguage\":\"fr-FR\",\"@id\":\"https:\\\/\\\/www.webdo.tn\\\/fr\\\/#\\\/schema\\\/logo\\\/image\\\/\",\"url\":\"https:\\\/\\\/www.webdo.tn\\\/fr\\\/wp-content\\\/uploads\\\/2025\\\/06\\\/Webdo-Tunisie_168377.jpg\",\"contentUrl\":\"https:\\\/\\\/www.webdo.tn\\\/fr\\\/wp-content\\\/uploads\\\/2025\\\/06\\\/Webdo-Tunisie_168377.jpg\",\"width\":301,\"height\":301,\"caption\":\"Webdo\"},\"image\":{\"@id\":\"https:\\\/\\\/www.webdo.tn\\\/fr\\\/#\\\/schema\\\/logo\\\/image\\\/\"},\"sameAs\":[\"https:\\\/\\\/www.facebook.com\\\/webdotn\",\"https:\\\/\\\/x.com\\\/webdo_tn\"],\"description\":\"Webdo est un m\u00e9dia num\u00e9rique tunisien fond\u00e9 en 2010, sp\u00e9cialis\u00e9 dans l\u2019actualit\u00e9 nationale et internationale, l\u2019\u00e9conomie, la soci\u00e9t\u00e9 et les analyses politiques. Le site s\u2019adresse \u00e0 un large public francophone et couvre l\u2019information tunisienne en temps r\u00e9el.\",\"email\":\"redac@webdo.tn\",\"legalName\":\"YNJ SARL\",\"foundingDate\":\"2010-09-06\",\"numberOfEmployees\":{\"@type\":\"QuantitativeValue\",\"minValue\":\"11\",\"maxValue\":\"50\"}},{\"@type\":\"Person\",\"@id\":\"https:\\\/\\\/www.webdo.tn\\\/fr\\\/#\\\/schema\\\/person\\\/f35b42a42c5e2511bbd282959d6385cc\",\"name\":\"CL\",\"image\":{\"@type\":\"ImageObject\",\"inLanguage\":\"fr-FR\",\"@id\":\"https:\\\/\\\/secure.gravatar.com\\\/avatar\\\/1447a49909b67aa657c488aec6512e1dd6143a480c1ecfee9b5b5cd74eb3b59e?s=96&d=mm&r=g\",\"url\":\"https:\\\/\\\/secure.gravatar.com\\\/avatar\\\/1447a49909b67aa657c488aec6512e1dd6143a480c1ecfee9b5b5cd74eb3b59e?s=96&d=mm&r=g\",\"contentUrl\":\"https:\\\/\\\/secure.gravatar.com\\\/avatar\\\/1447a49909b67aa657c488aec6512e1dd6143a480c1ecfee9b5b5cd74eb3b59e?s=96&d=mm&r=g\",\"caption\":\"CL\"},\"url\":\"https:\\\/\\\/www.webdo.tn\\\/fr\\\/actualite\\\/author\\\/cl\\\/\"}]}<\/script>\n<!-- \/ Yoast SEO Premium plugin. -->","yoast_head_json":{"title":"Crise du pain : \u00ab Des solutions s\u2019imposent dans les heures \u00e0 venir \u00bb, avertit Saied","description":"Le chef de l\u2019Etat s\u2019est rendu, dans une visite inopin\u00e9e ce lundi 22 mai 2023, aux si\u00e8ges du minist\u00e8re de l\u2019Agriculture et de l\u2019office des c\u00e9r\u00e9ales.","canonical":"https:\/\/www.webdo.tn\/fr\/actualite\/national\/crise-du-pain-des-solutions-s-imposent-dans-les-heures-a-venir-avertit-saied\/205939\/","og_locale":"fr_FR","og_type":"article","og_title":"Crise du pain : \u00ab Des solutions s\u2019imposent dans les heures \u00e0 venir \u00bb, avertit Saied","og_description":"Le chef de l\u2019Etat s\u2019est rendu, dans une visite inopin\u00e9e ce lundi 22 mai 2023, aux si\u00e8ges du minist\u00e8re de l\u2019Agriculture et de l\u2019office des c\u00e9r\u00e9ales.","og_url":"https:\/\/www.webdo.tn\/fr\/actualite\/national\/crise-du-pain-des-solutions-s-imposent-dans-les-heures-a-venir-avertit-saied\/205939\/","og_site_name":"webdo","article_publisher":"https:\/\/www.facebook.com\/webdotn","article_published_time":"2023-05-22T18:44:00+00:00","article_modified_time":"2025-05-20T22:50:16+00:00","og_image":[{"width":750,"height":400,"url":"https:\/\/www.webdo.tn\/fr\/wp-content\/uploads\/2023\/05\/6ae378f24fc80dfba3310c050cd37963.jpg","type":"image\/jpeg"}],"author":"CL","twitter_card":"summary_large_image","twitter_creator":"@webdo_tn","twitter_site":"@webdo_tn","twitter_misc":{"\u00c9crit par":"CL","Dur\u00e9e de lecture estim\u00e9e":"1 minute"},"schema":{"@context":"https:\/\/schema.org","@graph":[{"@type":"NewsArticle","@id":"https:\/\/www.webdo.tn\/fr\/actualite\/national\/crise-du-pain-des-solutions-s-imposent-dans-les-heures-a-venir-avertit-saied\/205939\/#article","isPartOf":{"@id":"https:\/\/www.webdo.tn\/fr\/actualite\/national\/crise-du-pain-des-solutions-s-imposent-dans-les-heures-a-venir-avertit-saied\/205939\/"},"author":{"name":"CL","@id":"https:\/\/www.webdo.tn\/fr\/#\/schema\/person\/f35b42a42c5e2511bbd282959d6385cc"},"headline":"Crise du pain : \u00ab Des solutions s\u2019imposent dans les heures \u00e0 venir \u00bb, avertit Saied","datePublished":"2023-05-22T18:44:00+00:00","dateModified":"2025-05-20T22:50:16+00:00","mainEntityOfPage":{"@id":"https:\/\/www.webdo.tn\/fr\/actualite\/national\/crise-du-pain-des-solutions-s-imposent-dans-les-heures-a-venir-avertit-saied\/205939\/"},"wordCount":165,"commentCount":0,"publisher":{"@id":"https:\/\/www.webdo.tn\/fr\/#organization"},"image":{"@id":"https:\/\/www.webdo.tn\/fr\/actualite\/national\/crise-du-pain-des-solutions-s-imposent-dans-les-heures-a-venir-avertit-saied\/205939\/#primaryimage"},"thumbnailUrl":"https:\/\/www.webdo.tn\/fr\/wp-content\/uploads\/2023\/05\/6ae378f24fc80dfba3310c050cd37963.jpg","keywords":["Kais Saied","pain","Tunisie"],"articleSection":["National"],"inLanguage":"fr-FR"},{"@type":"WebPage","@id":"https:\/\/www.webdo.tn\/fr\/actualite\/national\/crise-du-pain-des-solutions-s-imposent-dans-les-heures-a-venir-avertit-saied\/205939\/","url":"https:\/\/www.webdo.tn\/fr\/actualite\/national\/crise-du-pain-des-solutions-s-imposent-dans-les-heures-a-venir-avertit-saied\/205939\/","name":"Crise du pain : \u00ab Des solutions s\u2019imposent dans les heures \u00e0 venir \u00bb, avertit Saied","isPartOf":{"@id":"https:\/\/www.webdo.tn\/fr\/#website"},"primaryImageOfPage":{"@id":"https:\/\/www.webdo.tn\/fr\/actualite\/national\/crise-du-pain-des-solutions-s-imposent-dans-les-heures-a-venir-avertit-saied\/205939\/#primaryimage"},"image":{"@id":"https:\/\/www.webdo.tn\/fr\/actualite\/national\/crise-du-pain-des-solutions-s-imposent-dans-les-heures-a-venir-avertit-saied\/205939\/#primaryimage"},"thumbnailUrl":"https:\/\/www.webdo.tn\/fr\/wp-content\/uploads\/2023\/05\/6ae378f24fc80dfba3310c050cd37963.jpg","datePublished":"2023-05-22T18:44:00+00:00","dateModified":"2025-05-20T22:50:16+00:00","description":"Le chef de l\u2019Etat s\u2019est rendu, dans une visite inopin\u00e9e ce lundi 22 mai 2023, aux si\u00e8ges du minist\u00e8re de l\u2019Agriculture et de l\u2019office des c\u00e9r\u00e9ales.","breadcrumb":{"@id":"https:\/\/www.webdo.tn\/fr\/actualite\/national\/crise-du-pain-des-solutions-s-imposent-dans-les-heures-a-venir-avertit-saied\/205939\/#breadcrumb"},"inLanguage":"fr-FR","potentialAction":[{"@type":"ReadAction","target":["https:\/\/www.webdo.tn\/fr\/actualite\/national\/crise-du-pain-des-solutions-s-imposent-dans-les-heures-a-venir-avertit-saied\/205939\/"]}]},{"@type":"ImageObject","inLanguage":"fr-FR","@id":"https:\/\/www.webdo.tn\/fr\/actualite\/national\/crise-du-pain-des-solutions-s-imposent-dans-les-heures-a-venir-avertit-saied\/205939\/#primaryimage","url":"https:\/\/www.webdo.tn\/fr\/wp-content\/uploads\/2023\/05\/6ae378f24fc80dfba3310c050cd37963.jpg","contentUrl":"https:\/\/www.webdo.tn\/fr\/wp-content\/uploads\/2023\/05\/6ae378f24fc80dfba3310c050cd37963.jpg","width":750,"height":400,"caption":"Kais Saied"},{"@type":"BreadcrumbList","@id":"https:\/\/www.webdo.tn\/fr\/actualite\/national\/crise-du-pain-des-solutions-s-imposent-dans-les-heures-a-venir-avertit-saied\/205939\/#breadcrumb","itemListElement":[{"@type":"ListItem","position":1,"name":"Accueil","item":"https:\/\/www.webdo.tn\/fr\/"},{"@type":"ListItem","position":2,"name":"Crise du pain : \u00ab Des solutions s\u2019imposent dans les heures \u00e0 venir \u00bb, avertit Saied"}]},{"@type":"WebSite","@id":"https:\/\/www.webdo.tn\/fr\/#website","url":"https:\/\/www.webdo.tn\/fr\/","name":"webdo","description":"Tunisie - News en Tunisie et \u00e0 l&#039;international sur Webdo.tn","publisher":{"@id":"https:\/\/www.webdo.tn\/fr\/#organization"},"potentialAction":[{"@type":"SearchAction","target":{"@type":"EntryPoint","urlTemplate":"https:\/\/www.webdo.tn\/fr\/?s={search_term_string}"},"query-input":{"@type":"PropertyValueSpecification","valueRequired":true,"valueName":"search_term_string"}}],"inLanguage":"fr-FR"},{"@type":"Organization","@id":"https:\/\/www.webdo.tn\/fr\/#organization","name":"Webdo","alternateName":"Webdo.tn","url":"https:\/\/www.webdo.tn\/fr\/","logo":{"@type":"ImageObject","inLanguage":"fr-FR","@id":"https:\/\/www.webdo.tn\/fr\/#\/schema\/logo\/image\/","url":"https:\/\/www.webdo.tn\/fr\/wp-content\/uploads\/2025\/06\/Webdo-Tunisie_168377.jpg","contentUrl":"https:\/\/www.webdo.tn\/fr\/wp-content\/uploads\/2025\/06\/Webdo-Tunisie_168377.jpg","width":301,"height":301,"caption":"Webdo"},"image":{"@id":"https:\/\/www.webdo.tn\/fr\/#\/schema\/logo\/image\/"},"sameAs":["https:\/\/www.facebook.com\/webdotn","https:\/\/x.com\/webdo_tn"],"description":"Webdo est un m\u00e9dia num\u00e9rique tunisien fond\u00e9 en 2010, sp\u00e9cialis\u00e9 dans l\u2019actualit\u00e9 nationale et internationale, l\u2019\u00e9conomie, la soci\u00e9t\u00e9 et les analyses politiques. Le site s\u2019adresse \u00e0 un large public francophone et couvre l\u2019information tunisienne en temps r\u00e9el.","email":"redac@webdo.tn","legalName":"YNJ SARL","foundingDate":"2010-09-06","numberOfEmployees":{"@type":"QuantitativeValue","minValue":"11","maxValue":"50"}},{"@type":"Person","@id":"https:\/\/www.webdo.tn\/fr\/#\/schema\/person\/f35b42a42c5e2511bbd282959d6385cc","name":"CL","image":{"@type":"ImageObject","inLanguage":"fr-FR","@id":"https:\/\/secure.gravatar.com\/avatar\/1447a49909b67aa657c488aec6512e1dd6143a480c1ecfee9b5b5cd74eb3b59e?s=96&d=mm&r=g","url":"https:\/\/secure.gravatar.com\/avatar\/1447a49909b67aa657c488aec6512e1dd6143a480c1ecfee9b5b5cd74eb3b59e?s=96&d=mm&r=g","contentUrl":"https:\/\/secure.gravatar.com\/avatar\/1447a49909b67aa657c488aec6512e1dd6143a480c1ecfee9b5b5cd74eb3b59e?s=96&d=mm&r=g","caption":"CL"},"url":"https:\/\/www.webdo.tn\/fr\/actualite\/author\/cl\/"}]}},"_links":{"self":[{"href":"https:\/\/www.webdo.tn\/fr\/wp-json\/wp\/v2\/posts\/205939","targetHints":{"allow":["GET"]}}],"collection":[{"href":"https:\/\/www.webdo.tn\/fr\/wp-json\/wp\/v2\/posts"}],"about":[{"href":"https:\/\/www.webdo.tn\/fr\/wp-json\/wp\/v2\/types\/post"}],"author":[{"embeddable":true,"href":"https:\/\/www.webdo.tn\/fr\/wp-json\/wp\/v2\/users\/3175"}],"replies":[{"embeddable":true,"href":"https:\/\/www.webdo.tn\/fr\/wp-json\/wp\/v2\/comments?post=205939"}],"version-history":[{"count":0,"href":"https:\/\/www.webdo.tn\/fr\/wp-json\/wp\/v2\/posts\/205939\/revisions"}],"wp:featuredmedia":[{"embeddable":true,"href":"https:\/\/www.webdo.tn\/fr\/wp-json\/wp\/v2\/media\/278217"}],"wp:attachment":[{"href":"https:\/\/www.webdo.tn\/fr\/wp-json\/wp\/v2\/media?parent=205939"}],"wp:term":[{"taxonomy":"category","embeddable":true,"href":"https:\/\/www.webdo.tn\/fr\/wp-json\/wp\/v2\/categories?post=205939"},{"taxonomy":"post_tag","embeddable":true,"href":"https:\/\/www.webdo.tn\/fr\/wp-json\/wp\/v2\/tags?post=205939"}],"curies":[{"name":"wp","href":"https:\/\/api.w.org\/{rel}","templated":true}]}}