{"id":205938,"date":"2023-05-22T17:41:00","date_gmt":"2023-05-22T17:41:00","guid":{"rendered":"https:\/\/www.webdo.tn\/fr\/blog\/elyes-gharbi-et-haythem-mekki-maintenus-en-etat-de-liberte\/205938\/"},"modified":"2025-05-20T22:43:15","modified_gmt":"2025-05-20T22:43:15","slug":"elyes-gharbi-et-haythem-mekki-maintenus-en-etat-de-liberte","status":"publish","type":"post","link":"https:\/\/www.webdo.tn\/fr\/actualite\/national\/elyes-gharbi-et-haythem-mekki-maintenus-en-etat-de-liberte\/205938\/","title":{"rendered":"Elyes Gharbi et Haythem Mekki maintenus en \u00e9tat de libert\u00e9"},"content":{"rendered":"<p>Le minist\u00e8re public a d\u00e9cid\u00e9, ce lundi 22 mai 2023, de maintenir en \u00e9tat  de libert\u00e9 le chroniqueur Haythem El Mekki et le journaliste, Elyes Gharbi en \u00e9tat de libert\u00e9.<\/p>\n<p>\t\t\t\t\t\t\t\t\tLes deux figures m\u00e9diatiques de Mosa\u00efque FM, ont comparu ce lundi 22 mai 2023 devant la brigade criminelle de la police judiciaire d\u2019El Gorjani, pour \u00eatre auditionn\u00e9s dans le cadre d\u2019une plainte d\u00e9pos\u00e9e par un syndicat s\u00e9curitaire, concernant le contenu de l&rsquo;\u00e9mission \u00ab\u00a0Midi Show\u00a0\u00bb du 15 mai.<\/p>\n<p>Rappelons que l\u2019avocat du Syndicat national des journalistes tunisiens a d\u00e9pos\u00e9 une demande aupr\u00e8s de la sous-direction des affaires criminelles d\u2019El Gorjani pour reporter leur audition.<\/p>\n","protected":false},"excerpt":{"rendered":"<p>Le minist\u00e8re public a d\u00e9cid\u00e9, ce lundi 22 mai 2023, de maintenir en \u00e9tat  de libert\u00e9 le chroniqueur Haythem El Mekki et le journaliste, Elyes Gharbi en \u00e9tat de&#8230;<\/p>\n","protected":false},"author":3175,"featured_media":251090,"comment_status":"open","ping_status":"closed","sticky":false,"template":"","format":"standard","meta":{"footnotes":""},"categories":[44],"tags":[3043,2619,5808,2608],"class_list":["post-205938","post","type-post","status-publish","format-standard","has-post-thumbnail","hentry","category-national","tag-audition","tag-justice","tag-mosaique-fm","tag-tunisie"],"yoast_head":"<!-- This site is optimized with the Yoast SEO Premium plugin v27.4 (Yoast SEO v27.5) - https:\/\/yoast.com\/product\/yoast-seo-premium-wordpress\/ -->\n<title>Elyes Gharbi et Haythem Mekki maintenus en \u00e9tat de libert\u00e9<\/title>\n<meta name=\"description\" content=\"Le minist\u00e8re public a d\u00e9cid\u00e9, ce lundi 22 mai 2023, de maintenir en \u00e9tat de libert\u00e9 le chroniqueur Haythem El Mekki et le journaliste, Elyes Gharbi en \u00e9tat de...\" \/>\n<link rel=\"canonical\" href=\"https:\/\/www.webdo.tn\/fr\/actualite\/national\/elyes-gharbi-et-haythem-mekki-maintenus-en-etat-de-liberte\/205938\/\" \/>\n<meta property=\"og:locale\" content=\"fr_FR\" \/>\n<meta property=\"og:type\" content=\"article\" \/>\n<meta property=\"og:title\" content=\"Elyes Gharbi et Haythem Mekki maintenus en \u00e9tat de libert\u00e9\" \/>\n<meta property=\"og:description\" content=\"Le minist\u00e8re public a d\u00e9cid\u00e9, ce lundi 22 mai 2023, de maintenir en \u00e9tat de libert\u00e9 le chroniqueur Haythem El Mekki et le journaliste, Elyes Gharbi en \u00e9tat de...\" \/>\n<meta property=\"og:url\" content=\"https:\/\/www.webdo.tn\/fr\/actualite\/national\/elyes-gharbi-et-haythem-mekki-maintenus-en-etat-de-liberte\/205938\/\" \/>\n<meta property=\"og:site_name\" content=\"webdo\" \/>\n<meta property=\"article:publisher\" content=\"https:\/\/www.facebook.com\/webdotn\" \/>\n<meta property=\"article:published_time\" content=\"2023-05-22T17:41:00+00:00\" \/>\n<meta property=\"article:modified_time\" content=\"2025-05-20T22:43:15+00:00\" \/>\n<meta property=\"og:image\" content=\"https:\/\/www.webdo.tn\/fr\/wp-content\/uploads\/2023\/05\/7e6ec527a3cd620e104efc44f06271eb.jpg\" \/>\n\t<meta property=\"og:image:width\" content=\"750\" \/>\n\t<meta property=\"og:image:height\" content=\"400\" \/>\n\t<meta property=\"og:image:type\" content=\"image\/jpeg\" \/>\n<meta name=\"author\" content=\"CL\" \/>\n<meta name=\"twitter:card\" content=\"summary_large_image\" \/>\n<meta name=\"twitter:creator\" content=\"@webdo_tn\" \/>\n<meta name=\"twitter:site\" content=\"@webdo_tn\" \/>\n<meta name=\"twitter:label1\" content=\"\u00c9crit par\" \/>\n\t<meta name=\"twitter:data1\" content=\"CL\" \/>\n\t<meta name=\"twitter:label2\" content=\"Dur\u00e9e de lecture estim\u00e9e\" \/>\n\t<meta name=\"twitter:data2\" content=\"1 minute\" \/>\n<script type=\"application\/ld+json\" class=\"yoast-schema-graph\">{\"@context\":\"https:\\\/\\\/schema.org\",\"@graph\":[{\"@type\":\"NewsArticle\",\"@id\":\"https:\\\/\\\/www.webdo.tn\\\/fr\\\/actualite\\\/national\\\/elyes-gharbi-et-haythem-mekki-maintenus-en-etat-de-liberte\\\/205938\\\/#article\",\"isPartOf\":{\"@id\":\"https:\\\/\\\/www.webdo.tn\\\/fr\\\/actualite\\\/national\\\/elyes-gharbi-et-haythem-mekki-maintenus-en-etat-de-liberte\\\/205938\\\/\"},\"author\":{\"name\":\"CL\",\"@id\":\"https:\\\/\\\/www.webdo.tn\\\/fr\\\/#\\\/schema\\\/person\\\/f35b42a42c5e2511bbd282959d6385cc\"},\"headline\":\"Elyes Gharbi et Haythem Mekki maintenus en \u00e9tat de libert\u00e9\",\"datePublished\":\"2023-05-22T17:41:00+00:00\",\"dateModified\":\"2025-05-20T22:43:15+00:00\",\"mainEntityOfPage\":{\"@id\":\"https:\\\/\\\/www.webdo.tn\\\/fr\\\/actualite\\\/national\\\/elyes-gharbi-et-haythem-mekki-maintenus-en-etat-de-liberte\\\/205938\\\/\"},\"wordCount\":123,\"commentCount\":0,\"publisher\":{\"@id\":\"https:\\\/\\\/www.webdo.tn\\\/fr\\\/#organization\"},\"image\":{\"@id\":\"https:\\\/\\\/www.webdo.tn\\\/fr\\\/actualite\\\/national\\\/elyes-gharbi-et-haythem-mekki-maintenus-en-etat-de-liberte\\\/205938\\\/#primaryimage\"},\"thumbnailUrl\":\"https:\\\/\\\/www.webdo.tn\\\/fr\\\/wp-content\\\/uploads\\\/2023\\\/05\\\/7e6ec527a3cd620e104efc44f06271eb.jpg\",\"keywords\":[\"audition\",\"justice\",\"mosaique fm\",\"Tunisie\"],\"articleSection\":[\"National\"],\"inLanguage\":\"fr-FR\"},{\"@type\":\"WebPage\",\"@id\":\"https:\\\/\\\/www.webdo.tn\\\/fr\\\/actualite\\\/national\\\/elyes-gharbi-et-haythem-mekki-maintenus-en-etat-de-liberte\\\/205938\\\/\",\"url\":\"https:\\\/\\\/www.webdo.tn\\\/fr\\\/actualite\\\/national\\\/elyes-gharbi-et-haythem-mekki-maintenus-en-etat-de-liberte\\\/205938\\\/\",\"name\":\"Elyes Gharbi et Haythem Mekki maintenus en \u00e9tat de libert\u00e9\",\"isPartOf\":{\"@id\":\"https:\\\/\\\/www.webdo.tn\\\/fr\\\/#website\"},\"primaryImageOfPage\":{\"@id\":\"https:\\\/\\\/www.webdo.tn\\\/fr\\\/actualite\\\/national\\\/elyes-gharbi-et-haythem-mekki-maintenus-en-etat-de-liberte\\\/205938\\\/#primaryimage\"},\"image\":{\"@id\":\"https:\\\/\\\/www.webdo.tn\\\/fr\\\/actualite\\\/national\\\/elyes-gharbi-et-haythem-mekki-maintenus-en-etat-de-liberte\\\/205938\\\/#primaryimage\"},\"thumbnailUrl\":\"https:\\\/\\\/www.webdo.tn\\\/fr\\\/wp-content\\\/uploads\\\/2023\\\/05\\\/7e6ec527a3cd620e104efc44f06271eb.jpg\",\"datePublished\":\"2023-05-22T17:41:00+00:00\",\"dateModified\":\"2025-05-20T22:43:15+00:00\",\"description\":\"Le minist\u00e8re public a d\u00e9cid\u00e9, ce lundi 22 mai 2023, de maintenir en \u00e9tat de libert\u00e9 le chroniqueur Haythem El Mekki et le journaliste, Elyes Gharbi en \u00e9tat de...\",\"breadcrumb\":{\"@id\":\"https:\\\/\\\/www.webdo.tn\\\/fr\\\/actualite\\\/national\\\/elyes-gharbi-et-haythem-mekki-maintenus-en-etat-de-liberte\\\/205938\\\/#breadcrumb\"},\"inLanguage\":\"fr-FR\",\"potentialAction\":[{\"@type\":\"ReadAction\",\"target\":[\"https:\\\/\\\/www.webdo.tn\\\/fr\\\/actualite\\\/national\\\/elyes-gharbi-et-haythem-mekki-maintenus-en-etat-de-liberte\\\/205938\\\/\"]}]},{\"@type\":\"ImageObject\",\"inLanguage\":\"fr-FR\",\"@id\":\"https:\\\/\\\/www.webdo.tn\\\/fr\\\/actualite\\\/national\\\/elyes-gharbi-et-haythem-mekki-maintenus-en-etat-de-liberte\\\/205938\\\/#primaryimage\",\"url\":\"https:\\\/\\\/www.webdo.tn\\\/fr\\\/wp-content\\\/uploads\\\/2023\\\/05\\\/7e6ec527a3cd620e104efc44f06271eb.jpg\",\"contentUrl\":\"https:\\\/\\\/www.webdo.tn\\\/fr\\\/wp-content\\\/uploads\\\/2023\\\/05\\\/7e6ec527a3cd620e104efc44f06271eb.jpg\",\"width\":750,\"height\":400,\"caption\":\"Elyes Gharbi et Haythem Mekki maintenus en \u00e9tat de libert\u00e9\"},{\"@type\":\"BreadcrumbList\",\"@id\":\"https:\\\/\\\/www.webdo.tn\\\/fr\\\/actualite\\\/national\\\/elyes-gharbi-et-haythem-mekki-maintenus-en-etat-de-liberte\\\/205938\\\/#breadcrumb\",\"itemListElement\":[{\"@type\":\"ListItem\",\"position\":1,\"name\":\"Accueil\",\"item\":\"https:\\\/\\\/www.webdo.tn\\\/fr\\\/\"},{\"@type\":\"ListItem\",\"position\":2,\"name\":\"Elyes Gharbi et Haythem Mekki maintenus en \u00e9tat de libert\u00e9\"}]},{\"@type\":\"WebSite\",\"@id\":\"https:\\\/\\\/www.webdo.tn\\\/fr\\\/#website\",\"url\":\"https:\\\/\\\/www.webdo.tn\\\/fr\\\/\",\"name\":\"webdo\",\"description\":\"Tunisie - News en Tunisie et \u00e0 l&#039;international sur Webdo.tn\",\"publisher\":{\"@id\":\"https:\\\/\\\/www.webdo.tn\\\/fr\\\/#organization\"},\"potentialAction\":[{\"@type\":\"SearchAction\",\"target\":{\"@type\":\"EntryPoint\",\"urlTemplate\":\"https:\\\/\\\/www.webdo.tn\\\/fr\\\/?s={search_term_string}\"},\"query-input\":{\"@type\":\"PropertyValueSpecification\",\"valueRequired\":true,\"valueName\":\"search_term_string\"}}],\"inLanguage\":\"fr-FR\"},{\"@type\":\"Organization\",\"@id\":\"https:\\\/\\\/www.webdo.tn\\\/fr\\\/#organization\",\"name\":\"Webdo\",\"alternateName\":\"Webdo.tn\",\"url\":\"https:\\\/\\\/www.webdo.tn\\\/fr\\\/\",\"logo\":{\"@type\":\"ImageObject\",\"inLanguage\":\"fr-FR\",\"@id\":\"https:\\\/\\\/www.webdo.tn\\\/fr\\\/#\\\/schema\\\/logo\\\/image\\\/\",\"url\":\"https:\\\/\\\/www.webdo.tn\\\/fr\\\/wp-content\\\/uploads\\\/2025\\\/06\\\/Webdo-Tunisie_168377.jpg\",\"contentUrl\":\"https:\\\/\\\/www.webdo.tn\\\/fr\\\/wp-content\\\/uploads\\\/2025\\\/06\\\/Webdo-Tunisie_168377.jpg\",\"width\":301,\"height\":301,\"caption\":\"Webdo\"},\"image\":{\"@id\":\"https:\\\/\\\/www.webdo.tn\\\/fr\\\/#\\\/schema\\\/logo\\\/image\\\/\"},\"sameAs\":[\"https:\\\/\\\/www.facebook.com\\\/webdotn\",\"https:\\\/\\\/x.com\\\/webdo_tn\"],\"description\":\"Webdo est un m\u00e9dia num\u00e9rique tunisien fond\u00e9 en 2010, sp\u00e9cialis\u00e9 dans l\u2019actualit\u00e9 nationale et internationale, l\u2019\u00e9conomie, la soci\u00e9t\u00e9 et les analyses politiques. Le site s\u2019adresse \u00e0 un large public francophone et couvre l\u2019information tunisienne en temps r\u00e9el.\",\"email\":\"redac@webdo.tn\",\"legalName\":\"YNJ SARL\",\"foundingDate\":\"2010-09-06\",\"numberOfEmployees\":{\"@type\":\"QuantitativeValue\",\"minValue\":\"11\",\"maxValue\":\"50\"}},{\"@type\":\"Person\",\"@id\":\"https:\\\/\\\/www.webdo.tn\\\/fr\\\/#\\\/schema\\\/person\\\/f35b42a42c5e2511bbd282959d6385cc\",\"name\":\"CL\",\"image\":{\"@type\":\"ImageObject\",\"inLanguage\":\"fr-FR\",\"@id\":\"https:\\\/\\\/secure.gravatar.com\\\/avatar\\\/1447a49909b67aa657c488aec6512e1dd6143a480c1ecfee9b5b5cd74eb3b59e?s=96&d=mm&r=g\",\"url\":\"https:\\\/\\\/secure.gravatar.com\\\/avatar\\\/1447a49909b67aa657c488aec6512e1dd6143a480c1ecfee9b5b5cd74eb3b59e?s=96&d=mm&r=g\",\"contentUrl\":\"https:\\\/\\\/secure.gravatar.com\\\/avatar\\\/1447a49909b67aa657c488aec6512e1dd6143a480c1ecfee9b5b5cd74eb3b59e?s=96&d=mm&r=g\",\"caption\":\"CL\"},\"url\":\"https:\\\/\\\/www.webdo.tn\\\/fr\\\/actualite\\\/author\\\/cl\\\/\"}]}<\/script>\n<!-- \/ Yoast SEO Premium plugin. -->","yoast_head_json":{"title":"Elyes Gharbi et Haythem Mekki maintenus en \u00e9tat de libert\u00e9","description":"Le minist\u00e8re public a d\u00e9cid\u00e9, ce lundi 22 mai 2023, de maintenir en \u00e9tat de libert\u00e9 le chroniqueur Haythem El Mekki et le journaliste, Elyes Gharbi en \u00e9tat de...","canonical":"https:\/\/www.webdo.tn\/fr\/actualite\/national\/elyes-gharbi-et-haythem-mekki-maintenus-en-etat-de-liberte\/205938\/","og_locale":"fr_FR","og_type":"article","og_title":"Elyes Gharbi et Haythem Mekki maintenus en \u00e9tat de libert\u00e9","og_description":"Le minist\u00e8re public a d\u00e9cid\u00e9, ce lundi 22 mai 2023, de maintenir en \u00e9tat de libert\u00e9 le chroniqueur Haythem El Mekki et le journaliste, Elyes Gharbi en \u00e9tat de...","og_url":"https:\/\/www.webdo.tn\/fr\/actualite\/national\/elyes-gharbi-et-haythem-mekki-maintenus-en-etat-de-liberte\/205938\/","og_site_name":"webdo","article_publisher":"https:\/\/www.facebook.com\/webdotn","article_published_time":"2023-05-22T17:41:00+00:00","article_modified_time":"2025-05-20T22:43:15+00:00","og_image":[{"width":750,"height":400,"url":"https:\/\/www.webdo.tn\/fr\/wp-content\/uploads\/2023\/05\/7e6ec527a3cd620e104efc44f06271eb.jpg","type":"image\/jpeg"}],"author":"CL","twitter_card":"summary_large_image","twitter_creator":"@webdo_tn","twitter_site":"@webdo_tn","twitter_misc":{"\u00c9crit par":"CL","Dur\u00e9e de lecture estim\u00e9e":"1 minute"},"schema":{"@context":"https:\/\/schema.org","@graph":[{"@type":"NewsArticle","@id":"https:\/\/www.webdo.tn\/fr\/actualite\/national\/elyes-gharbi-et-haythem-mekki-maintenus-en-etat-de-liberte\/205938\/#article","isPartOf":{"@id":"https:\/\/www.webdo.tn\/fr\/actualite\/national\/elyes-gharbi-et-haythem-mekki-maintenus-en-etat-de-liberte\/205938\/"},"author":{"name":"CL","@id":"https:\/\/www.webdo.tn\/fr\/#\/schema\/person\/f35b42a42c5e2511bbd282959d6385cc"},"headline":"Elyes Gharbi et Haythem Mekki maintenus en \u00e9tat de libert\u00e9","datePublished":"2023-05-22T17:41:00+00:00","dateModified":"2025-05-20T22:43:15+00:00","mainEntityOfPage":{"@id":"https:\/\/www.webdo.tn\/fr\/actualite\/national\/elyes-gharbi-et-haythem-mekki-maintenus-en-etat-de-liberte\/205938\/"},"wordCount":123,"commentCount":0,"publisher":{"@id":"https:\/\/www.webdo.tn\/fr\/#organization"},"image":{"@id":"https:\/\/www.webdo.tn\/fr\/actualite\/national\/elyes-gharbi-et-haythem-mekki-maintenus-en-etat-de-liberte\/205938\/#primaryimage"},"thumbnailUrl":"https:\/\/www.webdo.tn\/fr\/wp-content\/uploads\/2023\/05\/7e6ec527a3cd620e104efc44f06271eb.jpg","keywords":["audition","justice","mosaique fm","Tunisie"],"articleSection":["National"],"inLanguage":"fr-FR"},{"@type":"WebPage","@id":"https:\/\/www.webdo.tn\/fr\/actualite\/national\/elyes-gharbi-et-haythem-mekki-maintenus-en-etat-de-liberte\/205938\/","url":"https:\/\/www.webdo.tn\/fr\/actualite\/national\/elyes-gharbi-et-haythem-mekki-maintenus-en-etat-de-liberte\/205938\/","name":"Elyes Gharbi et Haythem Mekki maintenus en \u00e9tat de libert\u00e9","isPartOf":{"@id":"https:\/\/www.webdo.tn\/fr\/#website"},"primaryImageOfPage":{"@id":"https:\/\/www.webdo.tn\/fr\/actualite\/national\/elyes-gharbi-et-haythem-mekki-maintenus-en-etat-de-liberte\/205938\/#primaryimage"},"image":{"@id":"https:\/\/www.webdo.tn\/fr\/actualite\/national\/elyes-gharbi-et-haythem-mekki-maintenus-en-etat-de-liberte\/205938\/#primaryimage"},"thumbnailUrl":"https:\/\/www.webdo.tn\/fr\/wp-content\/uploads\/2023\/05\/7e6ec527a3cd620e104efc44f06271eb.jpg","datePublished":"2023-05-22T17:41:00+00:00","dateModified":"2025-05-20T22:43:15+00:00","description":"Le minist\u00e8re public a d\u00e9cid\u00e9, ce lundi 22 mai 2023, de maintenir en \u00e9tat de libert\u00e9 le chroniqueur Haythem El Mekki et le journaliste, Elyes Gharbi en \u00e9tat de...","breadcrumb":{"@id":"https:\/\/www.webdo.tn\/fr\/actualite\/national\/elyes-gharbi-et-haythem-mekki-maintenus-en-etat-de-liberte\/205938\/#breadcrumb"},"inLanguage":"fr-FR","potentialAction":[{"@type":"ReadAction","target":["https:\/\/www.webdo.tn\/fr\/actualite\/national\/elyes-gharbi-et-haythem-mekki-maintenus-en-etat-de-liberte\/205938\/"]}]},{"@type":"ImageObject","inLanguage":"fr-FR","@id":"https:\/\/www.webdo.tn\/fr\/actualite\/national\/elyes-gharbi-et-haythem-mekki-maintenus-en-etat-de-liberte\/205938\/#primaryimage","url":"https:\/\/www.webdo.tn\/fr\/wp-content\/uploads\/2023\/05\/7e6ec527a3cd620e104efc44f06271eb.jpg","contentUrl":"https:\/\/www.webdo.tn\/fr\/wp-content\/uploads\/2023\/05\/7e6ec527a3cd620e104efc44f06271eb.jpg","width":750,"height":400,"caption":"Elyes Gharbi et Haythem Mekki maintenus en \u00e9tat de libert\u00e9"},{"@type":"BreadcrumbList","@id":"https:\/\/www.webdo.tn\/fr\/actualite\/national\/elyes-gharbi-et-haythem-mekki-maintenus-en-etat-de-liberte\/205938\/#breadcrumb","itemListElement":[{"@type":"ListItem","position":1,"name":"Accueil","item":"https:\/\/www.webdo.tn\/fr\/"},{"@type":"ListItem","position":2,"name":"Elyes Gharbi et Haythem Mekki maintenus en \u00e9tat de libert\u00e9"}]},{"@type":"WebSite","@id":"https:\/\/www.webdo.tn\/fr\/#website","url":"https:\/\/www.webdo.tn\/fr\/","name":"webdo","description":"Tunisie - News en Tunisie et \u00e0 l&#039;international sur Webdo.tn","publisher":{"@id":"https:\/\/www.webdo.tn\/fr\/#organization"},"potentialAction":[{"@type":"SearchAction","target":{"@type":"EntryPoint","urlTemplate":"https:\/\/www.webdo.tn\/fr\/?s={search_term_string}"},"query-input":{"@type":"PropertyValueSpecification","valueRequired":true,"valueName":"search_term_string"}}],"inLanguage":"fr-FR"},{"@type":"Organization","@id":"https:\/\/www.webdo.tn\/fr\/#organization","name":"Webdo","alternateName":"Webdo.tn","url":"https:\/\/www.webdo.tn\/fr\/","logo":{"@type":"ImageObject","inLanguage":"fr-FR","@id":"https:\/\/www.webdo.tn\/fr\/#\/schema\/logo\/image\/","url":"https:\/\/www.webdo.tn\/fr\/wp-content\/uploads\/2025\/06\/Webdo-Tunisie_168377.jpg","contentUrl":"https:\/\/www.webdo.tn\/fr\/wp-content\/uploads\/2025\/06\/Webdo-Tunisie_168377.jpg","width":301,"height":301,"caption":"Webdo"},"image":{"@id":"https:\/\/www.webdo.tn\/fr\/#\/schema\/logo\/image\/"},"sameAs":["https:\/\/www.facebook.com\/webdotn","https:\/\/x.com\/webdo_tn"],"description":"Webdo est un m\u00e9dia num\u00e9rique tunisien fond\u00e9 en 2010, sp\u00e9cialis\u00e9 dans l\u2019actualit\u00e9 nationale et internationale, l\u2019\u00e9conomie, la soci\u00e9t\u00e9 et les analyses politiques. Le site s\u2019adresse \u00e0 un large public francophone et couvre l\u2019information tunisienne en temps r\u00e9el.","email":"redac@webdo.tn","legalName":"YNJ SARL","foundingDate":"2010-09-06","numberOfEmployees":{"@type":"QuantitativeValue","minValue":"11","maxValue":"50"}},{"@type":"Person","@id":"https:\/\/www.webdo.tn\/fr\/#\/schema\/person\/f35b42a42c5e2511bbd282959d6385cc","name":"CL","image":{"@type":"ImageObject","inLanguage":"fr-FR","@id":"https:\/\/secure.gravatar.com\/avatar\/1447a49909b67aa657c488aec6512e1dd6143a480c1ecfee9b5b5cd74eb3b59e?s=96&d=mm&r=g","url":"https:\/\/secure.gravatar.com\/avatar\/1447a49909b67aa657c488aec6512e1dd6143a480c1ecfee9b5b5cd74eb3b59e?s=96&d=mm&r=g","contentUrl":"https:\/\/secure.gravatar.com\/avatar\/1447a49909b67aa657c488aec6512e1dd6143a480c1ecfee9b5b5cd74eb3b59e?s=96&d=mm&r=g","caption":"CL"},"url":"https:\/\/www.webdo.tn\/fr\/actualite\/author\/cl\/"}]}},"_links":{"self":[{"href":"https:\/\/www.webdo.tn\/fr\/wp-json\/wp\/v2\/posts\/205938","targetHints":{"allow":["GET"]}}],"collection":[{"href":"https:\/\/www.webdo.tn\/fr\/wp-json\/wp\/v2\/posts"}],"about":[{"href":"https:\/\/www.webdo.tn\/fr\/wp-json\/wp\/v2\/types\/post"}],"author":[{"embeddable":true,"href":"https:\/\/www.webdo.tn\/fr\/wp-json\/wp\/v2\/users\/3175"}],"replies":[{"embeddable":true,"href":"https:\/\/www.webdo.tn\/fr\/wp-json\/wp\/v2\/comments?post=205938"}],"version-history":[{"count":0,"href":"https:\/\/www.webdo.tn\/fr\/wp-json\/wp\/v2\/posts\/205938\/revisions"}],"wp:featuredmedia":[{"embeddable":true,"href":"https:\/\/www.webdo.tn\/fr\/wp-json\/wp\/v2\/media\/251090"}],"wp:attachment":[{"href":"https:\/\/www.webdo.tn\/fr\/wp-json\/wp\/v2\/media?parent=205938"}],"wp:term":[{"taxonomy":"category","embeddable":true,"href":"https:\/\/www.webdo.tn\/fr\/wp-json\/wp\/v2\/categories?post=205938"},{"taxonomy":"post_tag","embeddable":true,"href":"https:\/\/www.webdo.tn\/fr\/wp-json\/wp\/v2\/tags?post=205938"}],"curies":[{"name":"wp","href":"https:\/\/api.w.org\/{rel}","templated":true}]}}