{"id":205935,"date":"2023-05-22T14:26:00","date_gmt":"2023-05-22T14:26:00","guid":{"rendered":"https:\/\/www.webdo.tn\/fr\/blog\/sit-in-dans-toutes-les-ecoles-primaires-et-journee-de-colere-en-prevision\/205935\/"},"modified":"2025-05-20T21:59:33","modified_gmt":"2025-05-20T21:59:33","slug":"sit-in-dans-toutes-les-ecoles-primaires-et-journee-de-colere-en-prevision","status":"publish","type":"post","link":"https:\/\/www.webdo.tn\/fr\/actualite\/national\/sit-in-dans-toutes-les-ecoles-primaires-et-journee-de-colere-en-prevision\/205935\/","title":{"rendered":"Sit-in dans toutes les \u00e9coles primaires et journ\u00e9e de col\u00e8re en pr\u00e9vision"},"content":{"rendered":"<p>Des sit-in seront observ\u00e9s dans toutes les \u00e9coles primaires \u00e0 partir de demain, mardi 23 mai 2023, et seront suivis par des sit-in r\u00e9gionaux et une journ\u00e9e de col\u00e8re, a annonc\u00e9, aujourd\u2019hui, le secr\u00e9taire g\u00e9n\u00e9ral-adjoint de la f\u00e9d\u00e9ration g\u00e9n\u00e9rale de l\u2019enseignement de base, Taoufik Chebbi.<\/p>\n<p>\t\t\t\t\t\t\t\t\tIl a indiqu\u00e9, dans une d\u00e9claration \u00e0 l\u2019agence TAP, que le maintien de la r\u00e9tention des notes et l\u2019organisation de mouvements de protestation visent \u00e0 d\u00e9noncer le mutisme du minist\u00e8re de l\u2019Education qui, malgr\u00e9 le blocage, n\u2019a pas convoqu\u00e9 le syndicat \u00e0 une nouvelle r\u00e9union de n\u00e9gociation depuis le 3 mai dernier.<\/p>\n<p>Il a accus\u00e9 le minist\u00e8re d\u2019\u00eatre responsable de cette crise dans la mesure o\u00f9 il refuse de satisfaire les revendications des enseignants, selon lui, rappelant que la commission administrative sectorielle de l\u2019enseignement de base a d\u00e9cid\u00e9 le 9 mai dernier de ne pas remettre les notes des examens des trois trimestres \u00e0 l\u2019administration.<\/p>\n","protected":false},"excerpt":{"rendered":"<p>Des sit-in seront observ\u00e9s dans toutes les \u00e9coles primaires \u00e0 partir de demain, mardi 23 mai 2023, et seront suivis par des sit-in r\u00e9gionaux et une journ\u00e9e de c&#8230;<\/p>\n","protected":false},"author":3162,"featured_media":251088,"comment_status":"open","ping_status":"closed","sticky":false,"template":"","format":"standard","meta":{"footnotes":""},"categories":[44],"tags":[8407,2828,4190,3190],"class_list":["post-205935","post","type-post","status-publish","format-standard","has-post-thumbnail","hentry","category-national","tag-ecoles-primaires","tag-enseignement","tag-journee-de-colere","tag-sit-in"],"yoast_head":"<!-- This site is optimized with the Yoast SEO Premium plugin v27.4 (Yoast SEO v27.5) - https:\/\/yoast.com\/product\/yoast-seo-premium-wordpress\/ -->\n<title>Sit-in dans toutes les \u00e9coles primaires et journ\u00e9e de col\u00e8re en pr\u00e9vision<\/title>\n<meta name=\"description\" content=\"Des sit-in seront observ\u00e9s dans toutes les \u00e9coles primaires \u00e0 partir de demain, mardi 23 mai 2023, et seront suivis par des sit-in r\u00e9gionaux et une journ\u00e9e de c...\" \/>\n<link rel=\"canonical\" href=\"https:\/\/www.webdo.tn\/fr\/actualite\/national\/sit-in-dans-toutes-les-ecoles-primaires-et-journee-de-colere-en-prevision\/205935\/\" \/>\n<meta property=\"og:locale\" content=\"fr_FR\" \/>\n<meta property=\"og:type\" content=\"article\" \/>\n<meta property=\"og:title\" content=\"Sit-in dans toutes les \u00e9coles primaires et journ\u00e9e de col\u00e8re en pr\u00e9vision\" \/>\n<meta property=\"og:description\" content=\"Des sit-in seront observ\u00e9s dans toutes les \u00e9coles primaires \u00e0 partir de demain, mardi 23 mai 2023, et seront suivis par des sit-in r\u00e9gionaux et une journ\u00e9e de c...\" \/>\n<meta property=\"og:url\" content=\"https:\/\/www.webdo.tn\/fr\/actualite\/national\/sit-in-dans-toutes-les-ecoles-primaires-et-journee-de-colere-en-prevision\/205935\/\" \/>\n<meta property=\"og:site_name\" content=\"webdo\" \/>\n<meta property=\"article:publisher\" content=\"https:\/\/www.facebook.com\/webdotn\" \/>\n<meta property=\"article:published_time\" content=\"2023-05-22T14:26:00+00:00\" \/>\n<meta property=\"article:modified_time\" content=\"2025-05-20T21:59:33+00:00\" \/>\n<meta property=\"og:image\" content=\"https:\/\/www.webdo.tn\/fr\/wp-content\/uploads\/2023\/05\/d1a48a67c9baa5a9223250f2eb06243f.jpg\" \/>\n\t<meta property=\"og:image:width\" content=\"700\" \/>\n\t<meta property=\"og:image:height\" content=\"373\" \/>\n\t<meta property=\"og:image:type\" content=\"image\/jpeg\" \/>\n<meta name=\"author\" content=\"MC\" \/>\n<meta name=\"twitter:card\" content=\"summary_large_image\" \/>\n<meta name=\"twitter:creator\" content=\"@webdo_tn\" \/>\n<meta name=\"twitter:site\" content=\"@webdo_tn\" \/>\n<meta name=\"twitter:label1\" content=\"\u00c9crit par\" \/>\n\t<meta name=\"twitter:data1\" content=\"MC\" \/>\n\t<meta name=\"twitter:label2\" content=\"Dur\u00e9e de lecture estim\u00e9e\" \/>\n\t<meta name=\"twitter:data2\" content=\"1 minute\" \/>\n<script type=\"application\/ld+json\" class=\"yoast-schema-graph\">{\"@context\":\"https:\\\/\\\/schema.org\",\"@graph\":[{\"@type\":\"NewsArticle\",\"@id\":\"https:\\\/\\\/www.webdo.tn\\\/fr\\\/actualite\\\/national\\\/sit-in-dans-toutes-les-ecoles-primaires-et-journee-de-colere-en-prevision\\\/205935\\\/#article\",\"isPartOf\":{\"@id\":\"https:\\\/\\\/www.webdo.tn\\\/fr\\\/actualite\\\/national\\\/sit-in-dans-toutes-les-ecoles-primaires-et-journee-de-colere-en-prevision\\\/205935\\\/\"},\"author\":{\"name\":\"MC\",\"@id\":\"https:\\\/\\\/www.webdo.tn\\\/fr\\\/#\\\/schema\\\/person\\\/2c4929cbf5a809e3bd38617c6ce150f6\"},\"headline\":\"Sit-in dans toutes les \u00e9coles primaires et journ\u00e9e de col\u00e8re en pr\u00e9vision\",\"datePublished\":\"2023-05-22T14:26:00+00:00\",\"dateModified\":\"2025-05-20T21:59:33+00:00\",\"mainEntityOfPage\":{\"@id\":\"https:\\\/\\\/www.webdo.tn\\\/fr\\\/actualite\\\/national\\\/sit-in-dans-toutes-les-ecoles-primaires-et-journee-de-colere-en-prevision\\\/205935\\\/\"},\"wordCount\":184,\"commentCount\":0,\"publisher\":{\"@id\":\"https:\\\/\\\/www.webdo.tn\\\/fr\\\/#organization\"},\"image\":{\"@id\":\"https:\\\/\\\/www.webdo.tn\\\/fr\\\/actualite\\\/national\\\/sit-in-dans-toutes-les-ecoles-primaires-et-journee-de-colere-en-prevision\\\/205935\\\/#primaryimage\"},\"thumbnailUrl\":\"https:\\\/\\\/www.webdo.tn\\\/fr\\\/wp-content\\\/uploads\\\/2023\\\/05\\\/d1a48a67c9baa5a9223250f2eb06243f.jpg\",\"keywords\":[\"\u00e9coles primaires\",\"enseignement\",\"journ\u00e9e de col\u00e8re\",\"sit-in\"],\"articleSection\":[\"National\"],\"inLanguage\":\"fr-FR\"},{\"@type\":\"WebPage\",\"@id\":\"https:\\\/\\\/www.webdo.tn\\\/fr\\\/actualite\\\/national\\\/sit-in-dans-toutes-les-ecoles-primaires-et-journee-de-colere-en-prevision\\\/205935\\\/\",\"url\":\"https:\\\/\\\/www.webdo.tn\\\/fr\\\/actualite\\\/national\\\/sit-in-dans-toutes-les-ecoles-primaires-et-journee-de-colere-en-prevision\\\/205935\\\/\",\"name\":\"Sit-in dans toutes les \u00e9coles primaires et journ\u00e9e de col\u00e8re en pr\u00e9vision\",\"isPartOf\":{\"@id\":\"https:\\\/\\\/www.webdo.tn\\\/fr\\\/#website\"},\"primaryImageOfPage\":{\"@id\":\"https:\\\/\\\/www.webdo.tn\\\/fr\\\/actualite\\\/national\\\/sit-in-dans-toutes-les-ecoles-primaires-et-journee-de-colere-en-prevision\\\/205935\\\/#primaryimage\"},\"image\":{\"@id\":\"https:\\\/\\\/www.webdo.tn\\\/fr\\\/actualite\\\/national\\\/sit-in-dans-toutes-les-ecoles-primaires-et-journee-de-colere-en-prevision\\\/205935\\\/#primaryimage\"},\"thumbnailUrl\":\"https:\\\/\\\/www.webdo.tn\\\/fr\\\/wp-content\\\/uploads\\\/2023\\\/05\\\/d1a48a67c9baa5a9223250f2eb06243f.jpg\",\"datePublished\":\"2023-05-22T14:26:00+00:00\",\"dateModified\":\"2025-05-20T21:59:33+00:00\",\"description\":\"Des sit-in seront observ\u00e9s dans toutes les \u00e9coles primaires \u00e0 partir de demain, mardi 23 mai 2023, et seront suivis par des sit-in r\u00e9gionaux et une journ\u00e9e de c...\",\"breadcrumb\":{\"@id\":\"https:\\\/\\\/www.webdo.tn\\\/fr\\\/actualite\\\/national\\\/sit-in-dans-toutes-les-ecoles-primaires-et-journee-de-colere-en-prevision\\\/205935\\\/#breadcrumb\"},\"inLanguage\":\"fr-FR\",\"potentialAction\":[{\"@type\":\"ReadAction\",\"target\":[\"https:\\\/\\\/www.webdo.tn\\\/fr\\\/actualite\\\/national\\\/sit-in-dans-toutes-les-ecoles-primaires-et-journee-de-colere-en-prevision\\\/205935\\\/\"]}]},{\"@type\":\"ImageObject\",\"inLanguage\":\"fr-FR\",\"@id\":\"https:\\\/\\\/www.webdo.tn\\\/fr\\\/actualite\\\/national\\\/sit-in-dans-toutes-les-ecoles-primaires-et-journee-de-colere-en-prevision\\\/205935\\\/#primaryimage\",\"url\":\"https:\\\/\\\/www.webdo.tn\\\/fr\\\/wp-content\\\/uploads\\\/2023\\\/05\\\/d1a48a67c9baa5a9223250f2eb06243f.jpg\",\"contentUrl\":\"https:\\\/\\\/www.webdo.tn\\\/fr\\\/wp-content\\\/uploads\\\/2023\\\/05\\\/d1a48a67c9baa5a9223250f2eb06243f.jpg\",\"width\":700,\"height\":373,\"caption\":\"Sit-in dans toutes les \u00e9coles primaires et journ\u00e9e de col\u00e8re en pr\u00e9vision\"},{\"@type\":\"BreadcrumbList\",\"@id\":\"https:\\\/\\\/www.webdo.tn\\\/fr\\\/actualite\\\/national\\\/sit-in-dans-toutes-les-ecoles-primaires-et-journee-de-colere-en-prevision\\\/205935\\\/#breadcrumb\",\"itemListElement\":[{\"@type\":\"ListItem\",\"position\":1,\"name\":\"Accueil\",\"item\":\"https:\\\/\\\/www.webdo.tn\\\/fr\\\/\"},{\"@type\":\"ListItem\",\"position\":2,\"name\":\"Sit-in dans toutes les \u00e9coles primaires et journ\u00e9e de col\u00e8re en pr\u00e9vision\"}]},{\"@type\":\"WebSite\",\"@id\":\"https:\\\/\\\/www.webdo.tn\\\/fr\\\/#website\",\"url\":\"https:\\\/\\\/www.webdo.tn\\\/fr\\\/\",\"name\":\"webdo\",\"description\":\"Tunisie - News en Tunisie et \u00e0 l&#039;international sur Webdo.tn\",\"publisher\":{\"@id\":\"https:\\\/\\\/www.webdo.tn\\\/fr\\\/#organization\"},\"potentialAction\":[{\"@type\":\"SearchAction\",\"target\":{\"@type\":\"EntryPoint\",\"urlTemplate\":\"https:\\\/\\\/www.webdo.tn\\\/fr\\\/?s={search_term_string}\"},\"query-input\":{\"@type\":\"PropertyValueSpecification\",\"valueRequired\":true,\"valueName\":\"search_term_string\"}}],\"inLanguage\":\"fr-FR\"},{\"@type\":\"Organization\",\"@id\":\"https:\\\/\\\/www.webdo.tn\\\/fr\\\/#organization\",\"name\":\"Webdo\",\"alternateName\":\"Webdo.tn\",\"url\":\"https:\\\/\\\/www.webdo.tn\\\/fr\\\/\",\"logo\":{\"@type\":\"ImageObject\",\"inLanguage\":\"fr-FR\",\"@id\":\"https:\\\/\\\/www.webdo.tn\\\/fr\\\/#\\\/schema\\\/logo\\\/image\\\/\",\"url\":\"https:\\\/\\\/www.webdo.tn\\\/fr\\\/wp-content\\\/uploads\\\/2025\\\/06\\\/Webdo-Tunisie_168377.jpg\",\"contentUrl\":\"https:\\\/\\\/www.webdo.tn\\\/fr\\\/wp-content\\\/uploads\\\/2025\\\/06\\\/Webdo-Tunisie_168377.jpg\",\"width\":301,\"height\":301,\"caption\":\"Webdo\"},\"image\":{\"@id\":\"https:\\\/\\\/www.webdo.tn\\\/fr\\\/#\\\/schema\\\/logo\\\/image\\\/\"},\"sameAs\":[\"https:\\\/\\\/www.facebook.com\\\/webdotn\",\"https:\\\/\\\/x.com\\\/webdo_tn\"],\"description\":\"Webdo est un m\u00e9dia num\u00e9rique tunisien fond\u00e9 en 2010, sp\u00e9cialis\u00e9 dans l\u2019actualit\u00e9 nationale et internationale, l\u2019\u00e9conomie, la soci\u00e9t\u00e9 et les analyses politiques. Le site s\u2019adresse \u00e0 un large public francophone et couvre l\u2019information tunisienne en temps r\u00e9el.\",\"email\":\"redac@webdo.tn\",\"legalName\":\"YNJ SARL\",\"foundingDate\":\"2010-09-06\",\"numberOfEmployees\":{\"@type\":\"QuantitativeValue\",\"minValue\":\"11\",\"maxValue\":\"50\"}},{\"@type\":\"Person\",\"@id\":\"https:\\\/\\\/www.webdo.tn\\\/fr\\\/#\\\/schema\\\/person\\\/2c4929cbf5a809e3bd38617c6ce150f6\",\"name\":\"MC\",\"image\":{\"@type\":\"ImageObject\",\"inLanguage\":\"fr-FR\",\"@id\":\"https:\\\/\\\/secure.gravatar.com\\\/avatar\\\/a545bbb6f84efdd5553dbbc2895e3ca8f1d12c5215e00a041c9670b54aa9b18a?s=96&d=mm&r=g\",\"url\":\"https:\\\/\\\/secure.gravatar.com\\\/avatar\\\/a545bbb6f84efdd5553dbbc2895e3ca8f1d12c5215e00a041c9670b54aa9b18a?s=96&d=mm&r=g\",\"contentUrl\":\"https:\\\/\\\/secure.gravatar.com\\\/avatar\\\/a545bbb6f84efdd5553dbbc2895e3ca8f1d12c5215e00a041c9670b54aa9b18a?s=96&d=mm&r=g\",\"caption\":\"MC\"},\"url\":\"https:\\\/\\\/www.webdo.tn\\\/fr\\\/actualite\\\/author\\\/mc\\\/\"}]}<\/script>\n<!-- \/ Yoast SEO Premium plugin. -->","yoast_head_json":{"title":"Sit-in dans toutes les \u00e9coles primaires et journ\u00e9e de col\u00e8re en pr\u00e9vision","description":"Des sit-in seront observ\u00e9s dans toutes les \u00e9coles primaires \u00e0 partir de demain, mardi 23 mai 2023, et seront suivis par des sit-in r\u00e9gionaux et une journ\u00e9e de c...","canonical":"https:\/\/www.webdo.tn\/fr\/actualite\/national\/sit-in-dans-toutes-les-ecoles-primaires-et-journee-de-colere-en-prevision\/205935\/","og_locale":"fr_FR","og_type":"article","og_title":"Sit-in dans toutes les \u00e9coles primaires et journ\u00e9e de col\u00e8re en pr\u00e9vision","og_description":"Des sit-in seront observ\u00e9s dans toutes les \u00e9coles primaires \u00e0 partir de demain, mardi 23 mai 2023, et seront suivis par des sit-in r\u00e9gionaux et une journ\u00e9e de c...","og_url":"https:\/\/www.webdo.tn\/fr\/actualite\/national\/sit-in-dans-toutes-les-ecoles-primaires-et-journee-de-colere-en-prevision\/205935\/","og_site_name":"webdo","article_publisher":"https:\/\/www.facebook.com\/webdotn","article_published_time":"2023-05-22T14:26:00+00:00","article_modified_time":"2025-05-20T21:59:33+00:00","og_image":[{"width":700,"height":373,"url":"https:\/\/www.webdo.tn\/fr\/wp-content\/uploads\/2023\/05\/d1a48a67c9baa5a9223250f2eb06243f.jpg","type":"image\/jpeg"}],"author":"MC","twitter_card":"summary_large_image","twitter_creator":"@webdo_tn","twitter_site":"@webdo_tn","twitter_misc":{"\u00c9crit par":"MC","Dur\u00e9e de lecture estim\u00e9e":"1 minute"},"schema":{"@context":"https:\/\/schema.org","@graph":[{"@type":"NewsArticle","@id":"https:\/\/www.webdo.tn\/fr\/actualite\/national\/sit-in-dans-toutes-les-ecoles-primaires-et-journee-de-colere-en-prevision\/205935\/#article","isPartOf":{"@id":"https:\/\/www.webdo.tn\/fr\/actualite\/national\/sit-in-dans-toutes-les-ecoles-primaires-et-journee-de-colere-en-prevision\/205935\/"},"author":{"name":"MC","@id":"https:\/\/www.webdo.tn\/fr\/#\/schema\/person\/2c4929cbf5a809e3bd38617c6ce150f6"},"headline":"Sit-in dans toutes les \u00e9coles primaires et journ\u00e9e de col\u00e8re en pr\u00e9vision","datePublished":"2023-05-22T14:26:00+00:00","dateModified":"2025-05-20T21:59:33+00:00","mainEntityOfPage":{"@id":"https:\/\/www.webdo.tn\/fr\/actualite\/national\/sit-in-dans-toutes-les-ecoles-primaires-et-journee-de-colere-en-prevision\/205935\/"},"wordCount":184,"commentCount":0,"publisher":{"@id":"https:\/\/www.webdo.tn\/fr\/#organization"},"image":{"@id":"https:\/\/www.webdo.tn\/fr\/actualite\/national\/sit-in-dans-toutes-les-ecoles-primaires-et-journee-de-colere-en-prevision\/205935\/#primaryimage"},"thumbnailUrl":"https:\/\/www.webdo.tn\/fr\/wp-content\/uploads\/2023\/05\/d1a48a67c9baa5a9223250f2eb06243f.jpg","keywords":["\u00e9coles primaires","enseignement","journ\u00e9e de col\u00e8re","sit-in"],"articleSection":["National"],"inLanguage":"fr-FR"},{"@type":"WebPage","@id":"https:\/\/www.webdo.tn\/fr\/actualite\/national\/sit-in-dans-toutes-les-ecoles-primaires-et-journee-de-colere-en-prevision\/205935\/","url":"https:\/\/www.webdo.tn\/fr\/actualite\/national\/sit-in-dans-toutes-les-ecoles-primaires-et-journee-de-colere-en-prevision\/205935\/","name":"Sit-in dans toutes les \u00e9coles primaires et journ\u00e9e de col\u00e8re en pr\u00e9vision","isPartOf":{"@id":"https:\/\/www.webdo.tn\/fr\/#website"},"primaryImageOfPage":{"@id":"https:\/\/www.webdo.tn\/fr\/actualite\/national\/sit-in-dans-toutes-les-ecoles-primaires-et-journee-de-colere-en-prevision\/205935\/#primaryimage"},"image":{"@id":"https:\/\/www.webdo.tn\/fr\/actualite\/national\/sit-in-dans-toutes-les-ecoles-primaires-et-journee-de-colere-en-prevision\/205935\/#primaryimage"},"thumbnailUrl":"https:\/\/www.webdo.tn\/fr\/wp-content\/uploads\/2023\/05\/d1a48a67c9baa5a9223250f2eb06243f.jpg","datePublished":"2023-05-22T14:26:00+00:00","dateModified":"2025-05-20T21:59:33+00:00","description":"Des sit-in seront observ\u00e9s dans toutes les \u00e9coles primaires \u00e0 partir de demain, mardi 23 mai 2023, et seront suivis par des sit-in r\u00e9gionaux et une journ\u00e9e de c...","breadcrumb":{"@id":"https:\/\/www.webdo.tn\/fr\/actualite\/national\/sit-in-dans-toutes-les-ecoles-primaires-et-journee-de-colere-en-prevision\/205935\/#breadcrumb"},"inLanguage":"fr-FR","potentialAction":[{"@type":"ReadAction","target":["https:\/\/www.webdo.tn\/fr\/actualite\/national\/sit-in-dans-toutes-les-ecoles-primaires-et-journee-de-colere-en-prevision\/205935\/"]}]},{"@type":"ImageObject","inLanguage":"fr-FR","@id":"https:\/\/www.webdo.tn\/fr\/actualite\/national\/sit-in-dans-toutes-les-ecoles-primaires-et-journee-de-colere-en-prevision\/205935\/#primaryimage","url":"https:\/\/www.webdo.tn\/fr\/wp-content\/uploads\/2023\/05\/d1a48a67c9baa5a9223250f2eb06243f.jpg","contentUrl":"https:\/\/www.webdo.tn\/fr\/wp-content\/uploads\/2023\/05\/d1a48a67c9baa5a9223250f2eb06243f.jpg","width":700,"height":373,"caption":"Sit-in dans toutes les \u00e9coles primaires et journ\u00e9e de col\u00e8re en pr\u00e9vision"},{"@type":"BreadcrumbList","@id":"https:\/\/www.webdo.tn\/fr\/actualite\/national\/sit-in-dans-toutes-les-ecoles-primaires-et-journee-de-colere-en-prevision\/205935\/#breadcrumb","itemListElement":[{"@type":"ListItem","position":1,"name":"Accueil","item":"https:\/\/www.webdo.tn\/fr\/"},{"@type":"ListItem","position":2,"name":"Sit-in dans toutes les \u00e9coles primaires et journ\u00e9e de col\u00e8re en pr\u00e9vision"}]},{"@type":"WebSite","@id":"https:\/\/www.webdo.tn\/fr\/#website","url":"https:\/\/www.webdo.tn\/fr\/","name":"webdo","description":"Tunisie - News en Tunisie et \u00e0 l&#039;international sur Webdo.tn","publisher":{"@id":"https:\/\/www.webdo.tn\/fr\/#organization"},"potentialAction":[{"@type":"SearchAction","target":{"@type":"EntryPoint","urlTemplate":"https:\/\/www.webdo.tn\/fr\/?s={search_term_string}"},"query-input":{"@type":"PropertyValueSpecification","valueRequired":true,"valueName":"search_term_string"}}],"inLanguage":"fr-FR"},{"@type":"Organization","@id":"https:\/\/www.webdo.tn\/fr\/#organization","name":"Webdo","alternateName":"Webdo.tn","url":"https:\/\/www.webdo.tn\/fr\/","logo":{"@type":"ImageObject","inLanguage":"fr-FR","@id":"https:\/\/www.webdo.tn\/fr\/#\/schema\/logo\/image\/","url":"https:\/\/www.webdo.tn\/fr\/wp-content\/uploads\/2025\/06\/Webdo-Tunisie_168377.jpg","contentUrl":"https:\/\/www.webdo.tn\/fr\/wp-content\/uploads\/2025\/06\/Webdo-Tunisie_168377.jpg","width":301,"height":301,"caption":"Webdo"},"image":{"@id":"https:\/\/www.webdo.tn\/fr\/#\/schema\/logo\/image\/"},"sameAs":["https:\/\/www.facebook.com\/webdotn","https:\/\/x.com\/webdo_tn"],"description":"Webdo est un m\u00e9dia num\u00e9rique tunisien fond\u00e9 en 2010, sp\u00e9cialis\u00e9 dans l\u2019actualit\u00e9 nationale et internationale, l\u2019\u00e9conomie, la soci\u00e9t\u00e9 et les analyses politiques. Le site s\u2019adresse \u00e0 un large public francophone et couvre l\u2019information tunisienne en temps r\u00e9el.","email":"redac@webdo.tn","legalName":"YNJ SARL","foundingDate":"2010-09-06","numberOfEmployees":{"@type":"QuantitativeValue","minValue":"11","maxValue":"50"}},{"@type":"Person","@id":"https:\/\/www.webdo.tn\/fr\/#\/schema\/person\/2c4929cbf5a809e3bd38617c6ce150f6","name":"MC","image":{"@type":"ImageObject","inLanguage":"fr-FR","@id":"https:\/\/secure.gravatar.com\/avatar\/a545bbb6f84efdd5553dbbc2895e3ca8f1d12c5215e00a041c9670b54aa9b18a?s=96&d=mm&r=g","url":"https:\/\/secure.gravatar.com\/avatar\/a545bbb6f84efdd5553dbbc2895e3ca8f1d12c5215e00a041c9670b54aa9b18a?s=96&d=mm&r=g","contentUrl":"https:\/\/secure.gravatar.com\/avatar\/a545bbb6f84efdd5553dbbc2895e3ca8f1d12c5215e00a041c9670b54aa9b18a?s=96&d=mm&r=g","caption":"MC"},"url":"https:\/\/www.webdo.tn\/fr\/actualite\/author\/mc\/"}]}},"_links":{"self":[{"href":"https:\/\/www.webdo.tn\/fr\/wp-json\/wp\/v2\/posts\/205935","targetHints":{"allow":["GET"]}}],"collection":[{"href":"https:\/\/www.webdo.tn\/fr\/wp-json\/wp\/v2\/posts"}],"about":[{"href":"https:\/\/www.webdo.tn\/fr\/wp-json\/wp\/v2\/types\/post"}],"author":[{"embeddable":true,"href":"https:\/\/www.webdo.tn\/fr\/wp-json\/wp\/v2\/users\/3162"}],"replies":[{"embeddable":true,"href":"https:\/\/www.webdo.tn\/fr\/wp-json\/wp\/v2\/comments?post=205935"}],"version-history":[{"count":0,"href":"https:\/\/www.webdo.tn\/fr\/wp-json\/wp\/v2\/posts\/205935\/revisions"}],"wp:featuredmedia":[{"embeddable":true,"href":"https:\/\/www.webdo.tn\/fr\/wp-json\/wp\/v2\/media\/251088"}],"wp:attachment":[{"href":"https:\/\/www.webdo.tn\/fr\/wp-json\/wp\/v2\/media?parent=205935"}],"wp:term":[{"taxonomy":"category","embeddable":true,"href":"https:\/\/www.webdo.tn\/fr\/wp-json\/wp\/v2\/categories?post=205935"},{"taxonomy":"post_tag","embeddable":true,"href":"https:\/\/www.webdo.tn\/fr\/wp-json\/wp\/v2\/tags?post=205935"}],"curies":[{"name":"wp","href":"https:\/\/api.w.org\/{rel}","templated":true}]}}