{"id":205931,"date":"2023-05-22T12:57:00","date_gmt":"2023-05-22T12:57:00","guid":{"rendered":"https:\/\/www.webdo.tn\/fr\/blog\/un-collectif-de-38-organisations-et-associations-appelle-a-l-independance-de-la-justice\/205931\/"},"modified":"2025-05-20T21:59:32","modified_gmt":"2025-05-20T21:59:32","slug":"un-collectif-de-38-organisations-et-associations-appelle-a-l-independance-de-la-justice","status":"publish","type":"post","link":"https:\/\/www.webdo.tn\/fr\/actualite\/national\/un-collectif-de-38-organisations-et-associations-appelle-a-l-independance-de-la-justice\/205931\/","title":{"rendered":"Un collectif de 38 organisations et associations appelle \u00e0 \u00ab\u00a0l\u2019ind\u00e9pendance\u00a0\u00bb de la justice"},"content":{"rendered":"<p>Un Collectif d&rsquo;organisations et d&rsquo;associations de la soci\u00e9t\u00e9 civile, s&rsquo;int\u00e9ressant au service de la justice, a mis en garde, ce lundi 22 mai 2023, contre toute \u00ab\u00a0instrumentalisation du pouvoir judiciaire \u00e0 des fins politiques\u00a0\u00bb.<\/p>\n<p>\t\t\t\t\t\t\t\t\tDans une d\u00e9claration conjointe publi\u00e9e \u00e0 l&rsquo;issue d&rsquo;un Colloque international sur \u00ab\u00a0l&rsquo;ind\u00e9pendance de la magistrature\u00a0\u00bb, tenu samedi, ces organisations ont plaid\u00e9 pour le retour des juges r\u00e9voqu\u00e9s \u00e0 leurs postes, conform\u00e9ment aux d\u00e9cisions rendues par le Tribunal administratif.<\/p>\n<p>Elles ont \u00e9galement appel\u00e9 \u00e0 mettre fin \u00e0 ce qu&rsquo;elles qualifient d&rsquo;ing\u00e9rence du pouvoir ex\u00e9cutif dans les affaires de la magistrature et au respect du droit \u00e0 un proc\u00e8s \u00e9quitable devant des tribunaux ind\u00e9pendants, selon le texte de la d\u00e9claration.<\/p>\n","protected":false},"excerpt":{"rendered":"<p>Un Collectif d&rsquo;organisations et d&rsquo;associations de la soci\u00e9t\u00e9 civile, s&rsquo;int\u00e9ressant au service de la justice, a mis en garde, ce lundi 22 mai 2023, contre toute&#8230;<\/p>\n","protected":false},"author":3162,"featured_media":251087,"comment_status":"open","ping_status":"closed","sticky":false,"template":"","format":"standard","meta":{"footnotes":""},"categories":[44],"tags":[8225,2619,7916,6503],"class_list":["post-205931","post","type-post","status-publish","format-standard","has-post-thumbnail","hentry","category-national","tag-independance","tag-justice","tag-magistrats","tag-societe-civile"],"yoast_head":"<!-- This site is optimized with the Yoast SEO Premium plugin v27.4 (Yoast SEO v27.5) - https:\/\/yoast.com\/product\/yoast-seo-premium-wordpress\/ -->\n<title>Un collectif de 38 organisations et associations appelle \u00e0 l\u2019ind\u00e9pendance de la justice<\/title>\n<meta name=\"description\" content=\"Un Collectif d&#039;organisations et d&#039;associations de la soci\u00e9t\u00e9 civile, s&#039;int\u00e9ressant au service de la justice, a mis en garde, ce lundi 22 mai 2023, contre toute...\" \/>\n<link rel=\"canonical\" href=\"https:\/\/www.webdo.tn\/fr\/actualite\/national\/un-collectif-de-38-organisations-et-associations-appelle-a-l-independance-de-la-justice\/205931\/\" \/>\n<meta property=\"og:locale\" content=\"fr_FR\" \/>\n<meta property=\"og:type\" content=\"article\" \/>\n<meta property=\"og:title\" content=\"Un collectif de 38 organisations et associations appelle \u00e0 &quot;l\u2019ind\u00e9pendance&quot; de la justice\" \/>\n<meta property=\"og:description\" content=\"Un Collectif d&#039;organisations et d&#039;associations de la soci\u00e9t\u00e9 civile, s&#039;int\u00e9ressant au service de la justice, a mis en garde, ce lundi 22 mai 2023, contre toute...\" \/>\n<meta property=\"og:url\" content=\"https:\/\/www.webdo.tn\/fr\/actualite\/national\/un-collectif-de-38-organisations-et-associations-appelle-a-l-independance-de-la-justice\/205931\/\" \/>\n<meta property=\"og:site_name\" content=\"webdo\" \/>\n<meta property=\"article:publisher\" content=\"https:\/\/www.facebook.com\/webdotn\" \/>\n<meta property=\"article:published_time\" content=\"2023-05-22T12:57:00+00:00\" \/>\n<meta property=\"article:modified_time\" content=\"2025-05-20T21:59:32+00:00\" \/>\n<meta property=\"og:image\" content=\"https:\/\/www.webdo.tn\/fr\/wp-content\/uploads\/2023\/05\/a13667074e29e1a5083a3608db6e0d9d.jpg\" \/>\n\t<meta property=\"og:image:width\" content=\"750\" \/>\n\t<meta property=\"og:image:height\" content=\"400\" \/>\n\t<meta property=\"og:image:type\" content=\"image\/jpeg\" \/>\n<meta name=\"author\" content=\"MC\" \/>\n<meta name=\"twitter:card\" content=\"summary_large_image\" \/>\n<meta name=\"twitter:creator\" content=\"@webdo_tn\" \/>\n<meta name=\"twitter:site\" content=\"@webdo_tn\" \/>\n<meta name=\"twitter:label1\" content=\"\u00c9crit par\" \/>\n\t<meta name=\"twitter:data1\" content=\"MC\" \/>\n\t<meta name=\"twitter:label2\" content=\"Dur\u00e9e de lecture estim\u00e9e\" \/>\n\t<meta name=\"twitter:data2\" content=\"1 minute\" \/>\n<script type=\"application\/ld+json\" class=\"yoast-schema-graph\">{\"@context\":\"https:\\\/\\\/schema.org\",\"@graph\":[{\"@type\":\"NewsArticle\",\"@id\":\"https:\\\/\\\/www.webdo.tn\\\/fr\\\/actualite\\\/national\\\/un-collectif-de-38-organisations-et-associations-appelle-a-l-independance-de-la-justice\\\/205931\\\/#article\",\"isPartOf\":{\"@id\":\"https:\\\/\\\/www.webdo.tn\\\/fr\\\/actualite\\\/national\\\/un-collectif-de-38-organisations-et-associations-appelle-a-l-independance-de-la-justice\\\/205931\\\/\"},\"author\":{\"name\":\"MC\",\"@id\":\"https:\\\/\\\/www.webdo.tn\\\/fr\\\/#\\\/schema\\\/person\\\/2c4929cbf5a809e3bd38617c6ce150f6\"},\"headline\":\"Un collectif de 38 organisations et associations appelle \u00e0 \u00ab\u00a0l\u2019ind\u00e9pendance\u00a0\u00bb de la justice\",\"datePublished\":\"2023-05-22T12:57:00+00:00\",\"dateModified\":\"2025-05-20T21:59:32+00:00\",\"mainEntityOfPage\":{\"@id\":\"https:\\\/\\\/www.webdo.tn\\\/fr\\\/actualite\\\/national\\\/un-collectif-de-38-organisations-et-associations-appelle-a-l-independance-de-la-justice\\\/205931\\\/\"},\"wordCount\":139,\"commentCount\":0,\"publisher\":{\"@id\":\"https:\\\/\\\/www.webdo.tn\\\/fr\\\/#organization\"},\"image\":{\"@id\":\"https:\\\/\\\/www.webdo.tn\\\/fr\\\/actualite\\\/national\\\/un-collectif-de-38-organisations-et-associations-appelle-a-l-independance-de-la-justice\\\/205931\\\/#primaryimage\"},\"thumbnailUrl\":\"https:\\\/\\\/www.webdo.tn\\\/fr\\\/wp-content\\\/uploads\\\/2023\\\/05\\\/a13667074e29e1a5083a3608db6e0d9d.jpg\",\"keywords\":[\"ind\u00e9pendance\",\"justice\",\"magistrats\",\"soci\u00e9t\u00e9 civile\"],\"articleSection\":[\"National\"],\"inLanguage\":\"fr-FR\"},{\"@type\":\"WebPage\",\"@id\":\"https:\\\/\\\/www.webdo.tn\\\/fr\\\/actualite\\\/national\\\/un-collectif-de-38-organisations-et-associations-appelle-a-l-independance-de-la-justice\\\/205931\\\/\",\"url\":\"https:\\\/\\\/www.webdo.tn\\\/fr\\\/actualite\\\/national\\\/un-collectif-de-38-organisations-et-associations-appelle-a-l-independance-de-la-justice\\\/205931\\\/\",\"name\":\"Un collectif de 38 organisations et associations appelle \u00e0 l\u2019ind\u00e9pendance de la justice\",\"isPartOf\":{\"@id\":\"https:\\\/\\\/www.webdo.tn\\\/fr\\\/#website\"},\"primaryImageOfPage\":{\"@id\":\"https:\\\/\\\/www.webdo.tn\\\/fr\\\/actualite\\\/national\\\/un-collectif-de-38-organisations-et-associations-appelle-a-l-independance-de-la-justice\\\/205931\\\/#primaryimage\"},\"image\":{\"@id\":\"https:\\\/\\\/www.webdo.tn\\\/fr\\\/actualite\\\/national\\\/un-collectif-de-38-organisations-et-associations-appelle-a-l-independance-de-la-justice\\\/205931\\\/#primaryimage\"},\"thumbnailUrl\":\"https:\\\/\\\/www.webdo.tn\\\/fr\\\/wp-content\\\/uploads\\\/2023\\\/05\\\/a13667074e29e1a5083a3608db6e0d9d.jpg\",\"datePublished\":\"2023-05-22T12:57:00+00:00\",\"dateModified\":\"2025-05-20T21:59:32+00:00\",\"description\":\"Un Collectif d'organisations et d'associations de la soci\u00e9t\u00e9 civile, s'int\u00e9ressant au service de la justice, a mis en garde, ce lundi 22 mai 2023, contre toute...\",\"breadcrumb\":{\"@id\":\"https:\\\/\\\/www.webdo.tn\\\/fr\\\/actualite\\\/national\\\/un-collectif-de-38-organisations-et-associations-appelle-a-l-independance-de-la-justice\\\/205931\\\/#breadcrumb\"},\"inLanguage\":\"fr-FR\",\"potentialAction\":[{\"@type\":\"ReadAction\",\"target\":[\"https:\\\/\\\/www.webdo.tn\\\/fr\\\/actualite\\\/national\\\/un-collectif-de-38-organisations-et-associations-appelle-a-l-independance-de-la-justice\\\/205931\\\/\"]}]},{\"@type\":\"ImageObject\",\"inLanguage\":\"fr-FR\",\"@id\":\"https:\\\/\\\/www.webdo.tn\\\/fr\\\/actualite\\\/national\\\/un-collectif-de-38-organisations-et-associations-appelle-a-l-independance-de-la-justice\\\/205931\\\/#primaryimage\",\"url\":\"https:\\\/\\\/www.webdo.tn\\\/fr\\\/wp-content\\\/uploads\\\/2023\\\/05\\\/a13667074e29e1a5083a3608db6e0d9d.jpg\",\"contentUrl\":\"https:\\\/\\\/www.webdo.tn\\\/fr\\\/wp-content\\\/uploads\\\/2023\\\/05\\\/a13667074e29e1a5083a3608db6e0d9d.jpg\",\"width\":750,\"height\":400,\"caption\":\"Un collectif de 38 organisations et associations appelle \u00e0 \\\"l\u2019ind\u00e9pendance\\\" de la justice\"},{\"@type\":\"BreadcrumbList\",\"@id\":\"https:\\\/\\\/www.webdo.tn\\\/fr\\\/actualite\\\/national\\\/un-collectif-de-38-organisations-et-associations-appelle-a-l-independance-de-la-justice\\\/205931\\\/#breadcrumb\",\"itemListElement\":[{\"@type\":\"ListItem\",\"position\":1,\"name\":\"Accueil\",\"item\":\"https:\\\/\\\/www.webdo.tn\\\/fr\\\/\"},{\"@type\":\"ListItem\",\"position\":2,\"name\":\"Un collectif de 38 organisations et associations appelle \u00e0 &#8220;l\u2019ind\u00e9pendance&#8221; de la justice\"}]},{\"@type\":\"WebSite\",\"@id\":\"https:\\\/\\\/www.webdo.tn\\\/fr\\\/#website\",\"url\":\"https:\\\/\\\/www.webdo.tn\\\/fr\\\/\",\"name\":\"webdo\",\"description\":\"Tunisie - News en Tunisie et \u00e0 l&#039;international sur Webdo.tn\",\"publisher\":{\"@id\":\"https:\\\/\\\/www.webdo.tn\\\/fr\\\/#organization\"},\"potentialAction\":[{\"@type\":\"SearchAction\",\"target\":{\"@type\":\"EntryPoint\",\"urlTemplate\":\"https:\\\/\\\/www.webdo.tn\\\/fr\\\/?s={search_term_string}\"},\"query-input\":{\"@type\":\"PropertyValueSpecification\",\"valueRequired\":true,\"valueName\":\"search_term_string\"}}],\"inLanguage\":\"fr-FR\"},{\"@type\":\"Organization\",\"@id\":\"https:\\\/\\\/www.webdo.tn\\\/fr\\\/#organization\",\"name\":\"Webdo\",\"alternateName\":\"Webdo.tn\",\"url\":\"https:\\\/\\\/www.webdo.tn\\\/fr\\\/\",\"logo\":{\"@type\":\"ImageObject\",\"inLanguage\":\"fr-FR\",\"@id\":\"https:\\\/\\\/www.webdo.tn\\\/fr\\\/#\\\/schema\\\/logo\\\/image\\\/\",\"url\":\"https:\\\/\\\/www.webdo.tn\\\/fr\\\/wp-content\\\/uploads\\\/2025\\\/06\\\/Webdo-Tunisie_168377.jpg\",\"contentUrl\":\"https:\\\/\\\/www.webdo.tn\\\/fr\\\/wp-content\\\/uploads\\\/2025\\\/06\\\/Webdo-Tunisie_168377.jpg\",\"width\":301,\"height\":301,\"caption\":\"Webdo\"},\"image\":{\"@id\":\"https:\\\/\\\/www.webdo.tn\\\/fr\\\/#\\\/schema\\\/logo\\\/image\\\/\"},\"sameAs\":[\"https:\\\/\\\/www.facebook.com\\\/webdotn\",\"https:\\\/\\\/x.com\\\/webdo_tn\"],\"description\":\"Webdo est un m\u00e9dia num\u00e9rique tunisien fond\u00e9 en 2010, sp\u00e9cialis\u00e9 dans l\u2019actualit\u00e9 nationale et internationale, l\u2019\u00e9conomie, la soci\u00e9t\u00e9 et les analyses politiques. Le site s\u2019adresse \u00e0 un large public francophone et couvre l\u2019information tunisienne en temps r\u00e9el.\",\"email\":\"redac@webdo.tn\",\"legalName\":\"YNJ SARL\",\"foundingDate\":\"2010-09-06\",\"numberOfEmployees\":{\"@type\":\"QuantitativeValue\",\"minValue\":\"11\",\"maxValue\":\"50\"}},{\"@type\":\"Person\",\"@id\":\"https:\\\/\\\/www.webdo.tn\\\/fr\\\/#\\\/schema\\\/person\\\/2c4929cbf5a809e3bd38617c6ce150f6\",\"name\":\"MC\",\"image\":{\"@type\":\"ImageObject\",\"inLanguage\":\"fr-FR\",\"@id\":\"https:\\\/\\\/secure.gravatar.com\\\/avatar\\\/a545bbb6f84efdd5553dbbc2895e3ca8f1d12c5215e00a041c9670b54aa9b18a?s=96&d=mm&r=g\",\"url\":\"https:\\\/\\\/secure.gravatar.com\\\/avatar\\\/a545bbb6f84efdd5553dbbc2895e3ca8f1d12c5215e00a041c9670b54aa9b18a?s=96&d=mm&r=g\",\"contentUrl\":\"https:\\\/\\\/secure.gravatar.com\\\/avatar\\\/a545bbb6f84efdd5553dbbc2895e3ca8f1d12c5215e00a041c9670b54aa9b18a?s=96&d=mm&r=g\",\"caption\":\"MC\"},\"url\":\"https:\\\/\\\/www.webdo.tn\\\/fr\\\/actualite\\\/author\\\/mc\\\/\"}]}<\/script>\n<!-- \/ Yoast SEO Premium plugin. -->","yoast_head_json":{"title":"Un collectif de 38 organisations et associations appelle \u00e0 l\u2019ind\u00e9pendance de la justice","description":"Un Collectif d'organisations et d'associations de la soci\u00e9t\u00e9 civile, s'int\u00e9ressant au service de la justice, a mis en garde, ce lundi 22 mai 2023, contre toute...","canonical":"https:\/\/www.webdo.tn\/fr\/actualite\/national\/un-collectif-de-38-organisations-et-associations-appelle-a-l-independance-de-la-justice\/205931\/","og_locale":"fr_FR","og_type":"article","og_title":"Un collectif de 38 organisations et associations appelle \u00e0 \"l\u2019ind\u00e9pendance\" de la justice","og_description":"Un Collectif d'organisations et d'associations de la soci\u00e9t\u00e9 civile, s'int\u00e9ressant au service de la justice, a mis en garde, ce lundi 22 mai 2023, contre toute...","og_url":"https:\/\/www.webdo.tn\/fr\/actualite\/national\/un-collectif-de-38-organisations-et-associations-appelle-a-l-independance-de-la-justice\/205931\/","og_site_name":"webdo","article_publisher":"https:\/\/www.facebook.com\/webdotn","article_published_time":"2023-05-22T12:57:00+00:00","article_modified_time":"2025-05-20T21:59:32+00:00","og_image":[{"width":750,"height":400,"url":"https:\/\/www.webdo.tn\/fr\/wp-content\/uploads\/2023\/05\/a13667074e29e1a5083a3608db6e0d9d.jpg","type":"image\/jpeg"}],"author":"MC","twitter_card":"summary_large_image","twitter_creator":"@webdo_tn","twitter_site":"@webdo_tn","twitter_misc":{"\u00c9crit par":"MC","Dur\u00e9e de lecture estim\u00e9e":"1 minute"},"schema":{"@context":"https:\/\/schema.org","@graph":[{"@type":"NewsArticle","@id":"https:\/\/www.webdo.tn\/fr\/actualite\/national\/un-collectif-de-38-organisations-et-associations-appelle-a-l-independance-de-la-justice\/205931\/#article","isPartOf":{"@id":"https:\/\/www.webdo.tn\/fr\/actualite\/national\/un-collectif-de-38-organisations-et-associations-appelle-a-l-independance-de-la-justice\/205931\/"},"author":{"name":"MC","@id":"https:\/\/www.webdo.tn\/fr\/#\/schema\/person\/2c4929cbf5a809e3bd38617c6ce150f6"},"headline":"Un collectif de 38 organisations et associations appelle \u00e0 \u00ab\u00a0l\u2019ind\u00e9pendance\u00a0\u00bb de la justice","datePublished":"2023-05-22T12:57:00+00:00","dateModified":"2025-05-20T21:59:32+00:00","mainEntityOfPage":{"@id":"https:\/\/www.webdo.tn\/fr\/actualite\/national\/un-collectif-de-38-organisations-et-associations-appelle-a-l-independance-de-la-justice\/205931\/"},"wordCount":139,"commentCount":0,"publisher":{"@id":"https:\/\/www.webdo.tn\/fr\/#organization"},"image":{"@id":"https:\/\/www.webdo.tn\/fr\/actualite\/national\/un-collectif-de-38-organisations-et-associations-appelle-a-l-independance-de-la-justice\/205931\/#primaryimage"},"thumbnailUrl":"https:\/\/www.webdo.tn\/fr\/wp-content\/uploads\/2023\/05\/a13667074e29e1a5083a3608db6e0d9d.jpg","keywords":["ind\u00e9pendance","justice","magistrats","soci\u00e9t\u00e9 civile"],"articleSection":["National"],"inLanguage":"fr-FR"},{"@type":"WebPage","@id":"https:\/\/www.webdo.tn\/fr\/actualite\/national\/un-collectif-de-38-organisations-et-associations-appelle-a-l-independance-de-la-justice\/205931\/","url":"https:\/\/www.webdo.tn\/fr\/actualite\/national\/un-collectif-de-38-organisations-et-associations-appelle-a-l-independance-de-la-justice\/205931\/","name":"Un collectif de 38 organisations et associations appelle \u00e0 l\u2019ind\u00e9pendance de la justice","isPartOf":{"@id":"https:\/\/www.webdo.tn\/fr\/#website"},"primaryImageOfPage":{"@id":"https:\/\/www.webdo.tn\/fr\/actualite\/national\/un-collectif-de-38-organisations-et-associations-appelle-a-l-independance-de-la-justice\/205931\/#primaryimage"},"image":{"@id":"https:\/\/www.webdo.tn\/fr\/actualite\/national\/un-collectif-de-38-organisations-et-associations-appelle-a-l-independance-de-la-justice\/205931\/#primaryimage"},"thumbnailUrl":"https:\/\/www.webdo.tn\/fr\/wp-content\/uploads\/2023\/05\/a13667074e29e1a5083a3608db6e0d9d.jpg","datePublished":"2023-05-22T12:57:00+00:00","dateModified":"2025-05-20T21:59:32+00:00","description":"Un Collectif d'organisations et d'associations de la soci\u00e9t\u00e9 civile, s'int\u00e9ressant au service de la justice, a mis en garde, ce lundi 22 mai 2023, contre toute...","breadcrumb":{"@id":"https:\/\/www.webdo.tn\/fr\/actualite\/national\/un-collectif-de-38-organisations-et-associations-appelle-a-l-independance-de-la-justice\/205931\/#breadcrumb"},"inLanguage":"fr-FR","potentialAction":[{"@type":"ReadAction","target":["https:\/\/www.webdo.tn\/fr\/actualite\/national\/un-collectif-de-38-organisations-et-associations-appelle-a-l-independance-de-la-justice\/205931\/"]}]},{"@type":"ImageObject","inLanguage":"fr-FR","@id":"https:\/\/www.webdo.tn\/fr\/actualite\/national\/un-collectif-de-38-organisations-et-associations-appelle-a-l-independance-de-la-justice\/205931\/#primaryimage","url":"https:\/\/www.webdo.tn\/fr\/wp-content\/uploads\/2023\/05\/a13667074e29e1a5083a3608db6e0d9d.jpg","contentUrl":"https:\/\/www.webdo.tn\/fr\/wp-content\/uploads\/2023\/05\/a13667074e29e1a5083a3608db6e0d9d.jpg","width":750,"height":400,"caption":"Un collectif de 38 organisations et associations appelle \u00e0 \"l\u2019ind\u00e9pendance\" de la justice"},{"@type":"BreadcrumbList","@id":"https:\/\/www.webdo.tn\/fr\/actualite\/national\/un-collectif-de-38-organisations-et-associations-appelle-a-l-independance-de-la-justice\/205931\/#breadcrumb","itemListElement":[{"@type":"ListItem","position":1,"name":"Accueil","item":"https:\/\/www.webdo.tn\/fr\/"},{"@type":"ListItem","position":2,"name":"Un collectif de 38 organisations et associations appelle \u00e0 &#8220;l\u2019ind\u00e9pendance&#8221; de la justice"}]},{"@type":"WebSite","@id":"https:\/\/www.webdo.tn\/fr\/#website","url":"https:\/\/www.webdo.tn\/fr\/","name":"webdo","description":"Tunisie - News en Tunisie et \u00e0 l&#039;international sur Webdo.tn","publisher":{"@id":"https:\/\/www.webdo.tn\/fr\/#organization"},"potentialAction":[{"@type":"SearchAction","target":{"@type":"EntryPoint","urlTemplate":"https:\/\/www.webdo.tn\/fr\/?s={search_term_string}"},"query-input":{"@type":"PropertyValueSpecification","valueRequired":true,"valueName":"search_term_string"}}],"inLanguage":"fr-FR"},{"@type":"Organization","@id":"https:\/\/www.webdo.tn\/fr\/#organization","name":"Webdo","alternateName":"Webdo.tn","url":"https:\/\/www.webdo.tn\/fr\/","logo":{"@type":"ImageObject","inLanguage":"fr-FR","@id":"https:\/\/www.webdo.tn\/fr\/#\/schema\/logo\/image\/","url":"https:\/\/www.webdo.tn\/fr\/wp-content\/uploads\/2025\/06\/Webdo-Tunisie_168377.jpg","contentUrl":"https:\/\/www.webdo.tn\/fr\/wp-content\/uploads\/2025\/06\/Webdo-Tunisie_168377.jpg","width":301,"height":301,"caption":"Webdo"},"image":{"@id":"https:\/\/www.webdo.tn\/fr\/#\/schema\/logo\/image\/"},"sameAs":["https:\/\/www.facebook.com\/webdotn","https:\/\/x.com\/webdo_tn"],"description":"Webdo est un m\u00e9dia num\u00e9rique tunisien fond\u00e9 en 2010, sp\u00e9cialis\u00e9 dans l\u2019actualit\u00e9 nationale et internationale, l\u2019\u00e9conomie, la soci\u00e9t\u00e9 et les analyses politiques. Le site s\u2019adresse \u00e0 un large public francophone et couvre l\u2019information tunisienne en temps r\u00e9el.","email":"redac@webdo.tn","legalName":"YNJ SARL","foundingDate":"2010-09-06","numberOfEmployees":{"@type":"QuantitativeValue","minValue":"11","maxValue":"50"}},{"@type":"Person","@id":"https:\/\/www.webdo.tn\/fr\/#\/schema\/person\/2c4929cbf5a809e3bd38617c6ce150f6","name":"MC","image":{"@type":"ImageObject","inLanguage":"fr-FR","@id":"https:\/\/secure.gravatar.com\/avatar\/a545bbb6f84efdd5553dbbc2895e3ca8f1d12c5215e00a041c9670b54aa9b18a?s=96&d=mm&r=g","url":"https:\/\/secure.gravatar.com\/avatar\/a545bbb6f84efdd5553dbbc2895e3ca8f1d12c5215e00a041c9670b54aa9b18a?s=96&d=mm&r=g","contentUrl":"https:\/\/secure.gravatar.com\/avatar\/a545bbb6f84efdd5553dbbc2895e3ca8f1d12c5215e00a041c9670b54aa9b18a?s=96&d=mm&r=g","caption":"MC"},"url":"https:\/\/www.webdo.tn\/fr\/actualite\/author\/mc\/"}]}},"_links":{"self":[{"href":"https:\/\/www.webdo.tn\/fr\/wp-json\/wp\/v2\/posts\/205931","targetHints":{"allow":["GET"]}}],"collection":[{"href":"https:\/\/www.webdo.tn\/fr\/wp-json\/wp\/v2\/posts"}],"about":[{"href":"https:\/\/www.webdo.tn\/fr\/wp-json\/wp\/v2\/types\/post"}],"author":[{"embeddable":true,"href":"https:\/\/www.webdo.tn\/fr\/wp-json\/wp\/v2\/users\/3162"}],"replies":[{"embeddable":true,"href":"https:\/\/www.webdo.tn\/fr\/wp-json\/wp\/v2\/comments?post=205931"}],"version-history":[{"count":0,"href":"https:\/\/www.webdo.tn\/fr\/wp-json\/wp\/v2\/posts\/205931\/revisions"}],"wp:featuredmedia":[{"embeddable":true,"href":"https:\/\/www.webdo.tn\/fr\/wp-json\/wp\/v2\/media\/251087"}],"wp:attachment":[{"href":"https:\/\/www.webdo.tn\/fr\/wp-json\/wp\/v2\/media?parent=205931"}],"wp:term":[{"taxonomy":"category","embeddable":true,"href":"https:\/\/www.webdo.tn\/fr\/wp-json\/wp\/v2\/categories?post=205931"},{"taxonomy":"post_tag","embeddable":true,"href":"https:\/\/www.webdo.tn\/fr\/wp-json\/wp\/v2\/tags?post=205931"}],"curies":[{"name":"wp","href":"https:\/\/api.w.org\/{rel}","templated":true}]}}