{"id":205929,"date":"2023-05-22T11:41:00","date_gmt":"2023-05-22T11:41:00","guid":{"rendered":"https:\/\/www.webdo.tn\/fr\/blog\/mouine-chaabani-officialise-son-retour-sur-le-banc-de-l-esperance\/205929\/"},"modified":"2025-05-20T21:59:32","modified_gmt":"2025-05-20T21:59:32","slug":"mouine-chaabani-officialise-son-retour-sur-le-banc-de-l-esperance","status":"publish","type":"post","link":"https:\/\/www.webdo.tn\/fr\/actualite\/sport\/mouine-chaabani-officialise-son-retour-sur-le-banc-de-l-esperance\/205929\/","title":{"rendered":"Mouine Chaabani officialise son retour sur le banc de l\u2019Esp\u00e9rance"},"content":{"rendered":"<p>L&rsquo;Esp\u00e9rance sportive de Tunis a officialis\u00e9, aujourd\u2019hui, le retour de l\u2019entra\u00eeneur Mouine Chaabani dans le giron \u00ab\u00a0sang et or\u00a0\u00bb.<\/p>\n<p>\t\t\t\t\t\t\t\t\tL\u2019EST a annonc\u00e9, ce lundi 22 mai, avoir parachev\u00e9 les d\u00e9marches quant \u00e0 l&rsquo;officialisation de sa nomination \u00e0 la t\u00eate de son \u00e9quipe premi\u00e8re de football. Majdi Traoui a \u00e9t\u00e9, par ailleurs, d\u00e9sign\u00e9 au poste d&rsquo;entra\u00eeneur-adjoint.<\/p>\n<p>Mouine Chaabani remplace Nabil Maaloul, qui a jet\u00e9 l\u2019\u00e9ponge suite aux mauvais r\u00e9sultats du club de Bab Souika.<\/p>\n","protected":false},"excerpt":{"rendered":"<p>L&rsquo;Esp\u00e9rance sportive de Tunis a officialis\u00e9, aujourd\u2019hui, le retour de l\u2019entra\u00eeneur Mouine Chaabani dans le giron  sang et or .<\/p>\n","protected":false},"author":3162,"featured_media":251086,"comment_status":"open","ping_status":"closed","sticky":false,"template":"","format":"standard","meta":{"footnotes":""},"categories":[2593],"tags":[3437,3436,8392],"class_list":["post-205929","post","type-post","status-publish","format-standard","has-post-thumbnail","hentry","category-sport","tag-esperance","tag-est","tag-mouine-chaabani"],"yoast_head":"<!-- This site is optimized with the Yoast SEO Premium plugin v27.5 (Yoast SEO v27.5) - https:\/\/yoast.com\/product\/yoast-seo-premium-wordpress\/ -->\n<title>Mouine Chaabani officialise son retour sur le banc de l\u2019Esp\u00e9rance<\/title>\n<meta name=\"description\" content=\"L&#039;Esp\u00e9rance sportive de Tunis a officialis\u00e9, aujourd\u2019hui, le retour de l\u2019entra\u00eeneur Mouine Chaabani dans le giron sang et or .\" \/>\n<link rel=\"canonical\" href=\"https:\/\/www.webdo.tn\/fr\/actualite\/sport\/mouine-chaabani-officialise-son-retour-sur-le-banc-de-l-esperance\/205929\/\" \/>\n<meta property=\"og:locale\" content=\"fr_FR\" \/>\n<meta property=\"og:type\" content=\"article\" \/>\n<meta property=\"og:title\" content=\"Mouine Chaabani officialise son retour sur le banc de l\u2019Esp\u00e9rance\" \/>\n<meta property=\"og:description\" content=\"L&#039;Esp\u00e9rance sportive de Tunis a officialis\u00e9, aujourd\u2019hui, le retour de l\u2019entra\u00eeneur Mouine Chaabani dans le giron sang et or .\" \/>\n<meta property=\"og:url\" content=\"https:\/\/www.webdo.tn\/fr\/actualite\/sport\/mouine-chaabani-officialise-son-retour-sur-le-banc-de-l-esperance\/205929\/\" \/>\n<meta property=\"og:site_name\" content=\"webdo\" \/>\n<meta property=\"article:publisher\" content=\"https:\/\/www.facebook.com\/webdotn\" \/>\n<meta property=\"article:published_time\" content=\"2023-05-22T11:41:00+00:00\" \/>\n<meta property=\"article:modified_time\" content=\"2025-05-20T21:59:32+00:00\" \/>\n<meta property=\"og:image\" content=\"https:\/\/www.webdo.tn\/fr\/wp-content\/uploads\/2023\/05\/922c8f4adc82aad0a234c848e83b4007.jpg\" \/>\n\t<meta property=\"og:image:width\" content=\"750\" \/>\n\t<meta property=\"og:image:height\" content=\"400\" \/>\n\t<meta property=\"og:image:type\" content=\"image\/jpeg\" \/>\n<meta name=\"author\" content=\"MC\" \/>\n<meta name=\"twitter:card\" content=\"summary_large_image\" \/>\n<meta name=\"twitter:creator\" content=\"@webdo_tn\" \/>\n<meta name=\"twitter:site\" content=\"@webdo_tn\" \/>\n<meta name=\"twitter:label1\" content=\"\u00c9crit par\" \/>\n\t<meta name=\"twitter:data1\" content=\"MC\" \/>\n<script type=\"application\/ld+json\" class=\"yoast-schema-graph\">{\"@context\":\"https:\\\/\\\/schema.org\",\"@graph\":[{\"@type\":\"NewsArticle\",\"@id\":\"https:\\\/\\\/www.webdo.tn\\\/fr\\\/actualite\\\/sport\\\/mouine-chaabani-officialise-son-retour-sur-le-banc-de-l-esperance\\\/205929\\\/#article\",\"isPartOf\":{\"@id\":\"https:\\\/\\\/www.webdo.tn\\\/fr\\\/actualite\\\/sport\\\/mouine-chaabani-officialise-son-retour-sur-le-banc-de-l-esperance\\\/205929\\\/\"},\"author\":{\"name\":\"MC\",\"@id\":\"https:\\\/\\\/www.webdo.tn\\\/fr\\\/#\\\/schema\\\/person\\\/2c4929cbf5a809e3bd38617c6ce150f6\"},\"headline\":\"Mouine Chaabani officialise son retour sur le banc de l\u2019Esp\u00e9rance\",\"datePublished\":\"2023-05-22T11:41:00+00:00\",\"dateModified\":\"2025-05-20T21:59:32+00:00\",\"mainEntityOfPage\":{\"@id\":\"https:\\\/\\\/www.webdo.tn\\\/fr\\\/actualite\\\/sport\\\/mouine-chaabani-officialise-son-retour-sur-le-banc-de-l-esperance\\\/205929\\\/\"},\"wordCount\":97,\"commentCount\":0,\"publisher\":{\"@id\":\"https:\\\/\\\/www.webdo.tn\\\/fr\\\/#organization\"},\"image\":{\"@id\":\"https:\\\/\\\/www.webdo.tn\\\/fr\\\/actualite\\\/sport\\\/mouine-chaabani-officialise-son-retour-sur-le-banc-de-l-esperance\\\/205929\\\/#primaryimage\"},\"thumbnailUrl\":\"https:\\\/\\\/www.webdo.tn\\\/fr\\\/wp-content\\\/uploads\\\/2023\\\/05\\\/922c8f4adc82aad0a234c848e83b4007.jpg\",\"keywords\":[\"esp\u00e9rance\",\"EST\",\"mouine chaabani\"],\"articleSection\":[\"Sport\"],\"inLanguage\":\"fr-FR\"},{\"@type\":\"WebPage\",\"@id\":\"https:\\\/\\\/www.webdo.tn\\\/fr\\\/actualite\\\/sport\\\/mouine-chaabani-officialise-son-retour-sur-le-banc-de-l-esperance\\\/205929\\\/\",\"url\":\"https:\\\/\\\/www.webdo.tn\\\/fr\\\/actualite\\\/sport\\\/mouine-chaabani-officialise-son-retour-sur-le-banc-de-l-esperance\\\/205929\\\/\",\"name\":\"Mouine Chaabani officialise son retour sur le banc de l\u2019Esp\u00e9rance\",\"isPartOf\":{\"@id\":\"https:\\\/\\\/www.webdo.tn\\\/fr\\\/#website\"},\"primaryImageOfPage\":{\"@id\":\"https:\\\/\\\/www.webdo.tn\\\/fr\\\/actualite\\\/sport\\\/mouine-chaabani-officialise-son-retour-sur-le-banc-de-l-esperance\\\/205929\\\/#primaryimage\"},\"image\":{\"@id\":\"https:\\\/\\\/www.webdo.tn\\\/fr\\\/actualite\\\/sport\\\/mouine-chaabani-officialise-son-retour-sur-le-banc-de-l-esperance\\\/205929\\\/#primaryimage\"},\"thumbnailUrl\":\"https:\\\/\\\/www.webdo.tn\\\/fr\\\/wp-content\\\/uploads\\\/2023\\\/05\\\/922c8f4adc82aad0a234c848e83b4007.jpg\",\"datePublished\":\"2023-05-22T11:41:00+00:00\",\"dateModified\":\"2025-05-20T21:59:32+00:00\",\"description\":\"L'Esp\u00e9rance sportive de Tunis a officialis\u00e9, aujourd\u2019hui, le retour de l\u2019entra\u00eeneur Mouine Chaabani dans le giron sang et or .\",\"breadcrumb\":{\"@id\":\"https:\\\/\\\/www.webdo.tn\\\/fr\\\/actualite\\\/sport\\\/mouine-chaabani-officialise-son-retour-sur-le-banc-de-l-esperance\\\/205929\\\/#breadcrumb\"},\"inLanguage\":\"fr-FR\",\"potentialAction\":[{\"@type\":\"ReadAction\",\"target\":[\"https:\\\/\\\/www.webdo.tn\\\/fr\\\/actualite\\\/sport\\\/mouine-chaabani-officialise-son-retour-sur-le-banc-de-l-esperance\\\/205929\\\/\"]}]},{\"@type\":\"ImageObject\",\"inLanguage\":\"fr-FR\",\"@id\":\"https:\\\/\\\/www.webdo.tn\\\/fr\\\/actualite\\\/sport\\\/mouine-chaabani-officialise-son-retour-sur-le-banc-de-l-esperance\\\/205929\\\/#primaryimage\",\"url\":\"https:\\\/\\\/www.webdo.tn\\\/fr\\\/wp-content\\\/uploads\\\/2023\\\/05\\\/922c8f4adc82aad0a234c848e83b4007.jpg\",\"contentUrl\":\"https:\\\/\\\/www.webdo.tn\\\/fr\\\/wp-content\\\/uploads\\\/2023\\\/05\\\/922c8f4adc82aad0a234c848e83b4007.jpg\",\"width\":750,\"height\":400,\"caption\":\"Mouine Chaabani officialise son retour sur le banc de l\u2019Esp\u00e9rance\"},{\"@type\":\"BreadcrumbList\",\"@id\":\"https:\\\/\\\/www.webdo.tn\\\/fr\\\/actualite\\\/sport\\\/mouine-chaabani-officialise-son-retour-sur-le-banc-de-l-esperance\\\/205929\\\/#breadcrumb\",\"itemListElement\":[{\"@type\":\"ListItem\",\"position\":1,\"name\":\"Accueil\",\"item\":\"https:\\\/\\\/www.webdo.tn\\\/fr\\\/\"},{\"@type\":\"ListItem\",\"position\":2,\"name\":\"Mouine Chaabani officialise son retour sur le banc de l\u2019Esp\u00e9rance\"}]},{\"@type\":\"WebSite\",\"@id\":\"https:\\\/\\\/www.webdo.tn\\\/fr\\\/#website\",\"url\":\"https:\\\/\\\/www.webdo.tn\\\/fr\\\/\",\"name\":\"webdo\",\"description\":\"Tunisie - News en Tunisie et \u00e0 l&#039;international sur Webdo.tn\",\"publisher\":{\"@id\":\"https:\\\/\\\/www.webdo.tn\\\/fr\\\/#organization\"},\"potentialAction\":[{\"@type\":\"SearchAction\",\"target\":{\"@type\":\"EntryPoint\",\"urlTemplate\":\"https:\\\/\\\/www.webdo.tn\\\/fr\\\/?s={search_term_string}\"},\"query-input\":{\"@type\":\"PropertyValueSpecification\",\"valueRequired\":true,\"valueName\":\"search_term_string\"}}],\"inLanguage\":\"fr-FR\"},{\"@type\":\"Organization\",\"@id\":\"https:\\\/\\\/www.webdo.tn\\\/fr\\\/#organization\",\"name\":\"Webdo\",\"alternateName\":\"Webdo.tn\",\"url\":\"https:\\\/\\\/www.webdo.tn\\\/fr\\\/\",\"logo\":{\"@type\":\"ImageObject\",\"inLanguage\":\"fr-FR\",\"@id\":\"https:\\\/\\\/www.webdo.tn\\\/fr\\\/#\\\/schema\\\/logo\\\/image\\\/\",\"url\":\"https:\\\/\\\/www.webdo.tn\\\/fr\\\/wp-content\\\/uploads\\\/2025\\\/06\\\/Webdo-Tunisie_168377.jpg\",\"contentUrl\":\"https:\\\/\\\/www.webdo.tn\\\/fr\\\/wp-content\\\/uploads\\\/2025\\\/06\\\/Webdo-Tunisie_168377.jpg\",\"width\":301,\"height\":301,\"caption\":\"Webdo\"},\"image\":{\"@id\":\"https:\\\/\\\/www.webdo.tn\\\/fr\\\/#\\\/schema\\\/logo\\\/image\\\/\"},\"sameAs\":[\"https:\\\/\\\/www.facebook.com\\\/webdotn\",\"https:\\\/\\\/x.com\\\/webdo_tn\"],\"description\":\"Webdo est un m\u00e9dia num\u00e9rique tunisien fond\u00e9 en 2010, sp\u00e9cialis\u00e9 dans l\u2019actualit\u00e9 nationale et internationale, l\u2019\u00e9conomie, la soci\u00e9t\u00e9 et les analyses politiques. Le site s\u2019adresse \u00e0 un large public francophone et couvre l\u2019information tunisienne en temps r\u00e9el.\",\"email\":\"redac@webdo.tn\",\"legalName\":\"YNJ SARL\",\"foundingDate\":\"2010-09-06\",\"numberOfEmployees\":{\"@type\":\"QuantitativeValue\",\"minValue\":\"11\",\"maxValue\":\"50\"}},{\"@type\":\"Person\",\"@id\":\"https:\\\/\\\/www.webdo.tn\\\/fr\\\/#\\\/schema\\\/person\\\/2c4929cbf5a809e3bd38617c6ce150f6\",\"name\":\"MC\",\"image\":{\"@type\":\"ImageObject\",\"inLanguage\":\"fr-FR\",\"@id\":\"https:\\\/\\\/secure.gravatar.com\\\/avatar\\\/a545bbb6f84efdd5553dbbc2895e3ca8f1d12c5215e00a041c9670b54aa9b18a?s=96&d=mm&r=g\",\"url\":\"https:\\\/\\\/secure.gravatar.com\\\/avatar\\\/a545bbb6f84efdd5553dbbc2895e3ca8f1d12c5215e00a041c9670b54aa9b18a?s=96&d=mm&r=g\",\"contentUrl\":\"https:\\\/\\\/secure.gravatar.com\\\/avatar\\\/a545bbb6f84efdd5553dbbc2895e3ca8f1d12c5215e00a041c9670b54aa9b18a?s=96&d=mm&r=g\",\"caption\":\"MC\"},\"url\":\"https:\\\/\\\/www.webdo.tn\\\/fr\\\/actualite\\\/author\\\/mc\\\/\"}]}<\/script>\n<!-- \/ Yoast SEO Premium plugin. -->","yoast_head_json":{"title":"Mouine Chaabani officialise son retour sur le banc de l\u2019Esp\u00e9rance","description":"L'Esp\u00e9rance sportive de Tunis a officialis\u00e9, aujourd\u2019hui, le retour de l\u2019entra\u00eeneur Mouine Chaabani dans le giron sang et or .","canonical":"https:\/\/www.webdo.tn\/fr\/actualite\/sport\/mouine-chaabani-officialise-son-retour-sur-le-banc-de-l-esperance\/205929\/","og_locale":"fr_FR","og_type":"article","og_title":"Mouine Chaabani officialise son retour sur le banc de l\u2019Esp\u00e9rance","og_description":"L'Esp\u00e9rance sportive de Tunis a officialis\u00e9, aujourd\u2019hui, le retour de l\u2019entra\u00eeneur Mouine Chaabani dans le giron sang et or .","og_url":"https:\/\/www.webdo.tn\/fr\/actualite\/sport\/mouine-chaabani-officialise-son-retour-sur-le-banc-de-l-esperance\/205929\/","og_site_name":"webdo","article_publisher":"https:\/\/www.facebook.com\/webdotn","article_published_time":"2023-05-22T11:41:00+00:00","article_modified_time":"2025-05-20T21:59:32+00:00","og_image":[{"width":750,"height":400,"url":"https:\/\/www.webdo.tn\/fr\/wp-content\/uploads\/2023\/05\/922c8f4adc82aad0a234c848e83b4007.jpg","type":"image\/jpeg"}],"author":"MC","twitter_card":"summary_large_image","twitter_creator":"@webdo_tn","twitter_site":"@webdo_tn","twitter_misc":{"\u00c9crit par":"MC"},"schema":{"@context":"https:\/\/schema.org","@graph":[{"@type":"NewsArticle","@id":"https:\/\/www.webdo.tn\/fr\/actualite\/sport\/mouine-chaabani-officialise-son-retour-sur-le-banc-de-l-esperance\/205929\/#article","isPartOf":{"@id":"https:\/\/www.webdo.tn\/fr\/actualite\/sport\/mouine-chaabani-officialise-son-retour-sur-le-banc-de-l-esperance\/205929\/"},"author":{"name":"MC","@id":"https:\/\/www.webdo.tn\/fr\/#\/schema\/person\/2c4929cbf5a809e3bd38617c6ce150f6"},"headline":"Mouine Chaabani officialise son retour sur le banc de l\u2019Esp\u00e9rance","datePublished":"2023-05-22T11:41:00+00:00","dateModified":"2025-05-20T21:59:32+00:00","mainEntityOfPage":{"@id":"https:\/\/www.webdo.tn\/fr\/actualite\/sport\/mouine-chaabani-officialise-son-retour-sur-le-banc-de-l-esperance\/205929\/"},"wordCount":97,"commentCount":0,"publisher":{"@id":"https:\/\/www.webdo.tn\/fr\/#organization"},"image":{"@id":"https:\/\/www.webdo.tn\/fr\/actualite\/sport\/mouine-chaabani-officialise-son-retour-sur-le-banc-de-l-esperance\/205929\/#primaryimage"},"thumbnailUrl":"https:\/\/www.webdo.tn\/fr\/wp-content\/uploads\/2023\/05\/922c8f4adc82aad0a234c848e83b4007.jpg","keywords":["esp\u00e9rance","EST","mouine chaabani"],"articleSection":["Sport"],"inLanguage":"fr-FR"},{"@type":"WebPage","@id":"https:\/\/www.webdo.tn\/fr\/actualite\/sport\/mouine-chaabani-officialise-son-retour-sur-le-banc-de-l-esperance\/205929\/","url":"https:\/\/www.webdo.tn\/fr\/actualite\/sport\/mouine-chaabani-officialise-son-retour-sur-le-banc-de-l-esperance\/205929\/","name":"Mouine Chaabani officialise son retour sur le banc de l\u2019Esp\u00e9rance","isPartOf":{"@id":"https:\/\/www.webdo.tn\/fr\/#website"},"primaryImageOfPage":{"@id":"https:\/\/www.webdo.tn\/fr\/actualite\/sport\/mouine-chaabani-officialise-son-retour-sur-le-banc-de-l-esperance\/205929\/#primaryimage"},"image":{"@id":"https:\/\/www.webdo.tn\/fr\/actualite\/sport\/mouine-chaabani-officialise-son-retour-sur-le-banc-de-l-esperance\/205929\/#primaryimage"},"thumbnailUrl":"https:\/\/www.webdo.tn\/fr\/wp-content\/uploads\/2023\/05\/922c8f4adc82aad0a234c848e83b4007.jpg","datePublished":"2023-05-22T11:41:00+00:00","dateModified":"2025-05-20T21:59:32+00:00","description":"L'Esp\u00e9rance sportive de Tunis a officialis\u00e9, aujourd\u2019hui, le retour de l\u2019entra\u00eeneur Mouine Chaabani dans le giron sang et or .","breadcrumb":{"@id":"https:\/\/www.webdo.tn\/fr\/actualite\/sport\/mouine-chaabani-officialise-son-retour-sur-le-banc-de-l-esperance\/205929\/#breadcrumb"},"inLanguage":"fr-FR","potentialAction":[{"@type":"ReadAction","target":["https:\/\/www.webdo.tn\/fr\/actualite\/sport\/mouine-chaabani-officialise-son-retour-sur-le-banc-de-l-esperance\/205929\/"]}]},{"@type":"ImageObject","inLanguage":"fr-FR","@id":"https:\/\/www.webdo.tn\/fr\/actualite\/sport\/mouine-chaabani-officialise-son-retour-sur-le-banc-de-l-esperance\/205929\/#primaryimage","url":"https:\/\/www.webdo.tn\/fr\/wp-content\/uploads\/2023\/05\/922c8f4adc82aad0a234c848e83b4007.jpg","contentUrl":"https:\/\/www.webdo.tn\/fr\/wp-content\/uploads\/2023\/05\/922c8f4adc82aad0a234c848e83b4007.jpg","width":750,"height":400,"caption":"Mouine Chaabani officialise son retour sur le banc de l\u2019Esp\u00e9rance"},{"@type":"BreadcrumbList","@id":"https:\/\/www.webdo.tn\/fr\/actualite\/sport\/mouine-chaabani-officialise-son-retour-sur-le-banc-de-l-esperance\/205929\/#breadcrumb","itemListElement":[{"@type":"ListItem","position":1,"name":"Accueil","item":"https:\/\/www.webdo.tn\/fr\/"},{"@type":"ListItem","position":2,"name":"Mouine Chaabani officialise son retour sur le banc de l\u2019Esp\u00e9rance"}]},{"@type":"WebSite","@id":"https:\/\/www.webdo.tn\/fr\/#website","url":"https:\/\/www.webdo.tn\/fr\/","name":"webdo","description":"Tunisie - News en Tunisie et \u00e0 l&#039;international sur Webdo.tn","publisher":{"@id":"https:\/\/www.webdo.tn\/fr\/#organization"},"potentialAction":[{"@type":"SearchAction","target":{"@type":"EntryPoint","urlTemplate":"https:\/\/www.webdo.tn\/fr\/?s={search_term_string}"},"query-input":{"@type":"PropertyValueSpecification","valueRequired":true,"valueName":"search_term_string"}}],"inLanguage":"fr-FR"},{"@type":"Organization","@id":"https:\/\/www.webdo.tn\/fr\/#organization","name":"Webdo","alternateName":"Webdo.tn","url":"https:\/\/www.webdo.tn\/fr\/","logo":{"@type":"ImageObject","inLanguage":"fr-FR","@id":"https:\/\/www.webdo.tn\/fr\/#\/schema\/logo\/image\/","url":"https:\/\/www.webdo.tn\/fr\/wp-content\/uploads\/2025\/06\/Webdo-Tunisie_168377.jpg","contentUrl":"https:\/\/www.webdo.tn\/fr\/wp-content\/uploads\/2025\/06\/Webdo-Tunisie_168377.jpg","width":301,"height":301,"caption":"Webdo"},"image":{"@id":"https:\/\/www.webdo.tn\/fr\/#\/schema\/logo\/image\/"},"sameAs":["https:\/\/www.facebook.com\/webdotn","https:\/\/x.com\/webdo_tn"],"description":"Webdo est un m\u00e9dia num\u00e9rique tunisien fond\u00e9 en 2010, sp\u00e9cialis\u00e9 dans l\u2019actualit\u00e9 nationale et internationale, l\u2019\u00e9conomie, la soci\u00e9t\u00e9 et les analyses politiques. Le site s\u2019adresse \u00e0 un large public francophone et couvre l\u2019information tunisienne en temps r\u00e9el.","email":"redac@webdo.tn","legalName":"YNJ SARL","foundingDate":"2010-09-06","numberOfEmployees":{"@type":"QuantitativeValue","minValue":"11","maxValue":"50"}},{"@type":"Person","@id":"https:\/\/www.webdo.tn\/fr\/#\/schema\/person\/2c4929cbf5a809e3bd38617c6ce150f6","name":"MC","image":{"@type":"ImageObject","inLanguage":"fr-FR","@id":"https:\/\/secure.gravatar.com\/avatar\/a545bbb6f84efdd5553dbbc2895e3ca8f1d12c5215e00a041c9670b54aa9b18a?s=96&d=mm&r=g","url":"https:\/\/secure.gravatar.com\/avatar\/a545bbb6f84efdd5553dbbc2895e3ca8f1d12c5215e00a041c9670b54aa9b18a?s=96&d=mm&r=g","contentUrl":"https:\/\/secure.gravatar.com\/avatar\/a545bbb6f84efdd5553dbbc2895e3ca8f1d12c5215e00a041c9670b54aa9b18a?s=96&d=mm&r=g","caption":"MC"},"url":"https:\/\/www.webdo.tn\/fr\/actualite\/author\/mc\/"}]}},"_links":{"self":[{"href":"https:\/\/www.webdo.tn\/fr\/wp-json\/wp\/v2\/posts\/205929","targetHints":{"allow":["GET"]}}],"collection":[{"href":"https:\/\/www.webdo.tn\/fr\/wp-json\/wp\/v2\/posts"}],"about":[{"href":"https:\/\/www.webdo.tn\/fr\/wp-json\/wp\/v2\/types\/post"}],"author":[{"embeddable":true,"href":"https:\/\/www.webdo.tn\/fr\/wp-json\/wp\/v2\/users\/3162"}],"replies":[{"embeddable":true,"href":"https:\/\/www.webdo.tn\/fr\/wp-json\/wp\/v2\/comments?post=205929"}],"version-history":[{"count":0,"href":"https:\/\/www.webdo.tn\/fr\/wp-json\/wp\/v2\/posts\/205929\/revisions"}],"wp:featuredmedia":[{"embeddable":true,"href":"https:\/\/www.webdo.tn\/fr\/wp-json\/wp\/v2\/media\/251086"}],"wp:attachment":[{"href":"https:\/\/www.webdo.tn\/fr\/wp-json\/wp\/v2\/media?parent=205929"}],"wp:term":[{"taxonomy":"category","embeddable":true,"href":"https:\/\/www.webdo.tn\/fr\/wp-json\/wp\/v2\/categories?post=205929"},{"taxonomy":"post_tag","embeddable":true,"href":"https:\/\/www.webdo.tn\/fr\/wp-json\/wp\/v2\/tags?post=205929"}],"curies":[{"name":"wp","href":"https:\/\/api.w.org\/{rel}","templated":true}]}}