{"id":205915,"date":"2023-05-22T05:56:00","date_gmt":"2023-05-22T05:56:00","guid":{"rendered":"https:\/\/www.webdo.tn\/fr\/blog\/cannes-2023-6\/205915\/"},"modified":"2025-05-21T08:56:59","modified_gmt":"2025-05-21T08:56:59","slug":"cannes-2023-6","status":"publish","type":"post","link":"https:\/\/www.webdo.tn\/fr\/actualite\/culture\/cannes-2023-6\/205915\/","title":{"rendered":"Cannes 2023 \u2013 Quatre Prix des Critiques Arabes pour trois films tunisiens"},"content":{"rendered":"<div class=\"single-body entry-content typography-copy\" itemprop=\"articleBody\">\n<p style=\"font-weight: bold; text-align: justify\">\n\t\t\t\t\t\t\t\t\tC\u2019est lors d\u2019une c\u00e9r\u00e9monie organis\u00e9e en marge de la 76\u00e8me \u00e9dition du Festival de Cannes, et plus pr\u00e9cis\u00e9ment le 20 mai \u00e0 la Plage des Palmes, que le Centre du Cin\u00e9ma Arabe a annonc\u00e9 les vainqueurs des Prix de la critique pour les films arabes 2022\u00a0(Arab Critics Awards).\n\t\t\t\t\t\t\t\t<\/p>\n<div class=\"coprs\" style=\"text-align: center\"><\/div>\n<div class=\"coprs\" style=\"text-align: justify\">\n<p><span><span><span>Cette ann\u00e9e, le jury international, compos\u00e9 de 193 critiques de cin\u00e9ma provenant de 72 pays, a \u00e9valu\u00e9 <a href=\"https:\/\/www.webdo.tn\/fr\/actualite\/culture\/cannes-2023\/205800\">les films nomm\u00e9s<\/a> \u00e0 l&rsquo;aide de la plateforme num\u00e9rique Festival Scope, partenaire de l&rsquo;ACC.<\/span><\/span><\/span><\/p>\n<p><span><span><strong><u><span>Les laur\u00e9ats sont\u00a0:<\/span><\/u><\/strong><\/span><\/span><\/p>\n<p><span><span><span><strong>Meilleur film<\/strong> : <em>Hanging gardens<\/em>, r\u00e9alis\u00e9 par Ahmed Yassin Aldaradji (Irak)<\/span><\/span><\/span><\/p>\n<p><span><span><strong><span>Meilleur acteur<\/span><\/strong><span> :<a href=\"https:\/\/www.webdo.tn\/fr\/actualite\/culture\/cannes-2022-le-tunisien-adam-bessa-prix-dinterpretation-un-certain-regard\/200024\"> Adam Bessa pour son r\u00f4le dans <em>Harka<\/em> <\/a>(Tunisie)<\/span><\/span><\/span><\/p>\n<p><span><span><strong><span>Meilleure actrice<\/span><\/strong><span> : Lubna Azabal pour son r\u00f4le dans <em>Le bleu du caftan<\/em> (Maroc)<\/span><\/span><\/span><\/p>\n<p><span><span><strong><span>Meilleur r\u00e9alisateur<\/span><\/strong><span> : Youssef Chebbi pour <em>Ashkal<\/em> (Tunisie)<\/span><\/span><\/span><\/p>\n<p><span><span><strong><span>Meilleur sc\u00e9nario<\/span><\/strong><span> : Maryam Touzani &amp; Nabil Ayouch pour <em>Le bleu du caftan<\/em> (Maroc)<\/span><\/span><\/span><\/p>\n<p><span><span><strong><span>Meilleure photographie <\/span><\/strong><span>: Virginie Surdej pour <em>Le bleu du caftan<\/em> (Pologne)<\/span><\/span><\/span><\/p>\n<p><span><span><strong><span>Meilleur montage <\/span><\/strong><span>: Valentin F\u00e9ron pour <em>Ashkal<\/em> (France)<\/span><\/span><\/span><\/p>\n<p><span><span><strong><span>Meilleur documentaire<\/span><\/strong><span> : <em>Foragers<\/em> de Jumana Manna (Palestine)<\/span><\/span><\/span><\/p>\n<p><span><span><strong><span>Meilleure musique<\/span><\/strong><span> : Amine Bouhafa pour <em>Sous les figues<\/em> (Tunisie)<\/span><\/span><\/span><\/p>\n<p><span><span><span>Trois films tunisiens, <em><a href=\"https:\/\/www.webdo.tn\/fr\/actualite\/culture\/le-film-egyptien-19b-selectionne-pour-la-competition-internationale-du-44e-festival-international-du-film-du-caire\/200037\">Harka<\/a>, Ashkal <\/em>et <a href=\"https:\/\/www.webdo.tn\/fr\/actualite\/culture\/cannes-2022-under-the-fig-trees-est-un-bonbon\/200023\"><em>Sous les figues<\/em><\/a>, r\u00e9coltent quatre prix. Mais le grand vainqueur est <a href=\"https:\/\/www.webdo.tn\/fr\/actualite\/culture\/cannes-2022-palmares-du-jury-de-la-fipresci\/200026\"><em>Le bleu du Caftan<\/em><\/a> (Maroc) qui remporte \u00e0 lui seul trois prix.<\/span><\/span><\/span><\/p>\n<p><span><span><span>Il est \u00e0 noter que ces quatre films ont fait leurs premi\u00e8res au festival de Cannes en 2022, <em>Le bleu du Caftan <\/em>et<em> <a href=\"https:\/\/www.webdo.tn\/fr\/actualite\/culture\/cannes-2022-le-film-tunisien-harka-en-competition-dans-la-section-un-certain-regard\/200007\">Harka<\/a><\/em><a href=\"https:\/\/www.webdo.tn\/fr\/actualite\/culture\/cannes-2022-le-film-tunisien-harka-en-competition-dans-la-section-un-certain-regard\/200007\"> \u00e0 la section Un certain regard<\/a>, et <a href=\"https:\/\/www.webdo.tn\/fr\/actualite\/culture\/cannes-2022-deux-films-tunisiens-a-la-quinzaine-des-realisateurs\/200004\"><em>Ashkal <\/em>et<em> Sous les figues<\/em> \u00e0 la Quinzaine des cin\u00e9astes<\/a>.<\/span><\/span><\/span><\/p>\n<div>\n<figure class=\"image\"><img decoding=\"async\" alt=\"\" height=\"583\" src=\"\/assets\/uploads\/images\/\/Neila\/ACA%20AMINE%20BOUHAFA.jpeg\" width=\"874\"><figcaption><em>Amine Bouhafa, Prix de la meilleure musique pour Sous les figues<\/em><\/figcaption><\/figure>\n<\/div>\n<p>\u00a0<\/p>\n<div>\n<figure class=\"image\"><img decoding=\"async\" alt=\"\" height=\"582\" src=\"\/assets\/uploads\/images\/\/Neila\/ACA%20FARES%20LADJIMI.jpeg\" width=\"874\"><figcaption><em>Fares Ladjimi, producteur du film Ashkal<\/em><\/figcaption><\/figure>\n<\/div>\n<p><span><span><span>La premi\u00e8re \u00e9dition des Prix des critiques pour les films arabes a eu lieu en marge du 70e Festival de Cannes. Ces prix sont d\u00e9cern\u00e9s chaque ann\u00e9e aux meilleures productions cin\u00e9matographiques arabes dans les cat\u00e9gories suivantes : meilleur long m\u00e9trage, meilleur documentaire, meilleur r\u00e9alisateur, meilleur sc\u00e9nariste, meilleure actrice et meilleur acteur, ainsi que les cat\u00e9gories r\u00e9cemment ajout\u00e9es de meilleur montage, meilleure photographie et meilleure musique.<\/span><\/span><\/span><\/p>\n<p><iframe allowfullscreen=\"true\" frameborder=\"0\" height=\"317\" scrolling=\"no\" src=\"https:\/\/www.facebook.com\/plugins\/video.php?height=317&amp;href=https%3A%2F%2Fwww.facebook.com%2FArabCinemaCenter%2Fvideos%2F1225721544753459%2F&amp;show_text=false&amp;width=560&amp;t=0\" width=\"560\"><\/iframe><\/p>\n<p>\u00a0<\/p>\n<p><span><span><span>Pour \u00eatre \u00e9ligibles, les films doivent \u00eatre des longs m\u00e9trages de fiction ou documentaires, ayant \u00e9t\u00e9 pr\u00e9sent\u00e9s en premi\u00e8re lors d&rsquo;un festival de cin\u00e9ma international en dehors du monde arabe en 2022, et au moins l&rsquo;une des soci\u00e9t\u00e9s de production doit \u00eatre arabe (peu importe l&rsquo;ampleur de sa contribution \u00e0 la production du film).<\/span><\/span><\/span><\/p>\n<p><strong>Ne\u00efla Driss<\/strong><\/p>\n<\/p><\/div>\n<div class=\"coprs\" style=\"text-align: center\"><\/div><\/div>\n","protected":false},"excerpt":{"rendered":"<p>C\u2019est lors d\u2019une c\u00e9r\u00e9monie organis\u00e9e en marge de la 76\u00e8me \u00e9dition du Festival de Cannes, et plus pr\u00e9cis\u00e9ment le 20 mai \u00e0 la Plage des Palmes, que le Centre du C&#8230;<\/p>\n","protected":false},"author":3164,"featured_media":278215,"comment_status":"open","ping_status":"closed","sticky":false,"template":"","format":"standard","meta":{"footnotes":""},"categories":[2594],"tags":[9504,7127,3004,2626,2627],"class_list":["post-205915","post","type-post","status-publish","format-standard","has-post-thumbnail","hentry","category-culture","tag-arab-critics-awards","tag-cannes-2023","tag-centre-du-cinema-arabe","tag-cinema","tag-festival-de-cannes"],"yoast_head":"<!-- This site is optimized with the Yoast SEO Premium plugin v27.4 (Yoast SEO v27.4) - https:\/\/yoast.com\/product\/yoast-seo-premium-wordpress\/ -->\n<title>Cannes 2023 \u2013 Quatre Prix des Critiques Arabes pour trois films tunisiens<\/title>\n<meta name=\"description\" content=\"C\u2019est lors d\u2019une c\u00e9r\u00e9monie organis\u00e9e en marge de la 76\u00e8me \u00e9dition du Festival de Cannes, et plus pr\u00e9cis\u00e9ment le 20 mai \u00e0 la Plage des Palmes, que le Centre du C...\" \/>\n<link rel=\"canonical\" href=\"https:\/\/www.webdo.tn\/fr\/actualite\/culture\/cannes-2023-6\/205915\/\" \/>\n<meta property=\"og:locale\" content=\"fr_FR\" \/>\n<meta property=\"og:type\" content=\"article\" \/>\n<meta property=\"og:title\" content=\"Cannes 2023 \u2013 Quatre Prix des Critiques Arabes pour trois films tunisiens\" \/>\n<meta property=\"og:description\" content=\"C\u2019est lors d\u2019une c\u00e9r\u00e9monie organis\u00e9e en marge de la 76\u00e8me \u00e9dition du Festival de Cannes, et plus pr\u00e9cis\u00e9ment le 20 mai \u00e0 la Plage des Palmes, que le Centre du C...\" \/>\n<meta property=\"og:url\" content=\"https:\/\/www.webdo.tn\/fr\/actualite\/culture\/cannes-2023-6\/205915\/\" \/>\n<meta property=\"og:site_name\" content=\"webdo\" \/>\n<meta property=\"article:publisher\" content=\"https:\/\/www.facebook.com\/webdotn\" \/>\n<meta property=\"article:author\" content=\"https:\/\/www.facebook.com\/massir.destiniii\/\" \/>\n<meta property=\"article:published_time\" content=\"2023-05-22T05:56:00+00:00\" \/>\n<meta property=\"article:modified_time\" content=\"2025-05-21T08:56:59+00:00\" \/>\n<meta property=\"og:image\" content=\"https:\/\/www.webdo.tn\/fr\/wp-content\/uploads\/2023\/05\/476aa6c0bc4bf3962fca83ff63fcfb27.jpeg\" \/>\n\t<meta property=\"og:image:width\" content=\"750\" \/>\n\t<meta property=\"og:image:height\" content=\"400\" \/>\n\t<meta property=\"og:image:type\" content=\"image\/jpeg\" \/>\n<meta name=\"author\" content=\"Ne\u00efla DRISS\" \/>\n<meta name=\"twitter:card\" content=\"summary_large_image\" \/>\n<meta name=\"twitter:creator\" content=\"@https:\/\/x.com\/MassirDestin\" \/>\n<meta name=\"twitter:site\" content=\"@webdo_tn\" \/>\n<meta name=\"twitter:label1\" content=\"\u00c9crit par\" \/>\n\t<meta name=\"twitter:data1\" content=\"Ne\u00efla DRISS\" \/>\n\t<meta name=\"twitter:label2\" content=\"Dur\u00e9e de lecture estim\u00e9e\" \/>\n\t<meta name=\"twitter:data2\" content=\"2 minutes\" \/>\n<script type=\"application\/ld+json\" class=\"yoast-schema-graph\">{\"@context\":\"https:\\\/\\\/schema.org\",\"@graph\":[{\"@type\":\"NewsArticle\",\"@id\":\"https:\\\/\\\/www.webdo.tn\\\/fr\\\/actualite\\\/culture\\\/cannes-2023-6\\\/205915\\\/#article\",\"isPartOf\":{\"@id\":\"https:\\\/\\\/www.webdo.tn\\\/fr\\\/actualite\\\/culture\\\/cannes-2023-6\\\/205915\\\/\"},\"author\":{\"name\":\"Ne\u00efla DRISS\",\"@id\":\"https:\\\/\\\/www.webdo.tn\\\/fr\\\/#\\\/schema\\\/person\\\/60d5ba619ed3f58783b0dc82b7dada80\"},\"headline\":\"Cannes 2023 \u2013 Quatre Prix des Critiques Arabes pour trois films tunisiens\",\"datePublished\":\"2023-05-22T05:56:00+00:00\",\"dateModified\":\"2025-05-21T08:56:59+00:00\",\"mainEntityOfPage\":{\"@id\":\"https:\\\/\\\/www.webdo.tn\\\/fr\\\/actualite\\\/culture\\\/cannes-2023-6\\\/205915\\\/\"},\"wordCount\":420,\"commentCount\":0,\"publisher\":{\"@id\":\"https:\\\/\\\/www.webdo.tn\\\/fr\\\/#organization\"},\"image\":{\"@id\":\"https:\\\/\\\/www.webdo.tn\\\/fr\\\/actualite\\\/culture\\\/cannes-2023-6\\\/205915\\\/#primaryimage\"},\"thumbnailUrl\":\"https:\\\/\\\/www.webdo.tn\\\/fr\\\/wp-content\\\/uploads\\\/2023\\\/05\\\/476aa6c0bc4bf3962fca83ff63fcfb27.jpeg\",\"keywords\":[\"Arab Critics Awards\",\"Cannes 2023\",\"Centre du Cin\u00e9ma Arabe\",\"Cin\u00e9ma\",\"Festival de Cannes\"],\"articleSection\":[\"Culture\"],\"inLanguage\":\"fr-FR\"},{\"@type\":\"WebPage\",\"@id\":\"https:\\\/\\\/www.webdo.tn\\\/fr\\\/actualite\\\/culture\\\/cannes-2023-6\\\/205915\\\/\",\"url\":\"https:\\\/\\\/www.webdo.tn\\\/fr\\\/actualite\\\/culture\\\/cannes-2023-6\\\/205915\\\/\",\"name\":\"Cannes 2023 \u2013 Quatre Prix des Critiques Arabes pour trois films tunisiens\",\"isPartOf\":{\"@id\":\"https:\\\/\\\/www.webdo.tn\\\/fr\\\/#website\"},\"primaryImageOfPage\":{\"@id\":\"https:\\\/\\\/www.webdo.tn\\\/fr\\\/actualite\\\/culture\\\/cannes-2023-6\\\/205915\\\/#primaryimage\"},\"image\":{\"@id\":\"https:\\\/\\\/www.webdo.tn\\\/fr\\\/actualite\\\/culture\\\/cannes-2023-6\\\/205915\\\/#primaryimage\"},\"thumbnailUrl\":\"https:\\\/\\\/www.webdo.tn\\\/fr\\\/wp-content\\\/uploads\\\/2023\\\/05\\\/476aa6c0bc4bf3962fca83ff63fcfb27.jpeg\",\"datePublished\":\"2023-05-22T05:56:00+00:00\",\"dateModified\":\"2025-05-21T08:56:59+00:00\",\"description\":\"C\u2019est lors d\u2019une c\u00e9r\u00e9monie organis\u00e9e en marge de la 76\u00e8me \u00e9dition du Festival de Cannes, et plus pr\u00e9cis\u00e9ment le 20 mai \u00e0 la Plage des Palmes, que le Centre du C...\",\"breadcrumb\":{\"@id\":\"https:\\\/\\\/www.webdo.tn\\\/fr\\\/actualite\\\/culture\\\/cannes-2023-6\\\/205915\\\/#breadcrumb\"},\"inLanguage\":\"fr-FR\",\"potentialAction\":[{\"@type\":\"ReadAction\",\"target\":[\"https:\\\/\\\/www.webdo.tn\\\/fr\\\/actualite\\\/culture\\\/cannes-2023-6\\\/205915\\\/\"]}]},{\"@type\":\"ImageObject\",\"inLanguage\":\"fr-FR\",\"@id\":\"https:\\\/\\\/www.webdo.tn\\\/fr\\\/actualite\\\/culture\\\/cannes-2023-6\\\/205915\\\/#primaryimage\",\"url\":\"https:\\\/\\\/www.webdo.tn\\\/fr\\\/wp-content\\\/uploads\\\/2023\\\/05\\\/476aa6c0bc4bf3962fca83ff63fcfb27.jpeg\",\"contentUrl\":\"https:\\\/\\\/www.webdo.tn\\\/fr\\\/wp-content\\\/uploads\\\/2023\\\/05\\\/476aa6c0bc4bf3962fca83ff63fcfb27.jpeg\",\"width\":750,\"height\":400,\"caption\":\"Cannes 2023 \u2013 Quatre Prix des Critiques Arabes pour trois films tunisiens\"},{\"@type\":\"BreadcrumbList\",\"@id\":\"https:\\\/\\\/www.webdo.tn\\\/fr\\\/actualite\\\/culture\\\/cannes-2023-6\\\/205915\\\/#breadcrumb\",\"itemListElement\":[{\"@type\":\"ListItem\",\"position\":1,\"name\":\"Accueil\",\"item\":\"https:\\\/\\\/www.webdo.tn\\\/fr\\\/\"},{\"@type\":\"ListItem\",\"position\":2,\"name\":\"Cannes 2023 \u2013 Quatre Prix des Critiques Arabes pour trois films tunisiens\"}]},{\"@type\":\"WebSite\",\"@id\":\"https:\\\/\\\/www.webdo.tn\\\/fr\\\/#website\",\"url\":\"https:\\\/\\\/www.webdo.tn\\\/fr\\\/\",\"name\":\"webdo\",\"description\":\"Tunisie - News en Tunisie et \u00e0 l&#039;international sur Webdo.tn\",\"publisher\":{\"@id\":\"https:\\\/\\\/www.webdo.tn\\\/fr\\\/#organization\"},\"potentialAction\":[{\"@type\":\"SearchAction\",\"target\":{\"@type\":\"EntryPoint\",\"urlTemplate\":\"https:\\\/\\\/www.webdo.tn\\\/fr\\\/?s={search_term_string}\"},\"query-input\":{\"@type\":\"PropertyValueSpecification\",\"valueRequired\":true,\"valueName\":\"search_term_string\"}}],\"inLanguage\":\"fr-FR\"},{\"@type\":\"Organization\",\"@id\":\"https:\\\/\\\/www.webdo.tn\\\/fr\\\/#organization\",\"name\":\"Webdo\",\"alternateName\":\"Webdo.tn\",\"url\":\"https:\\\/\\\/www.webdo.tn\\\/fr\\\/\",\"logo\":{\"@type\":\"ImageObject\",\"inLanguage\":\"fr-FR\",\"@id\":\"https:\\\/\\\/www.webdo.tn\\\/fr\\\/#\\\/schema\\\/logo\\\/image\\\/\",\"url\":\"https:\\\/\\\/www.webdo.tn\\\/fr\\\/wp-content\\\/uploads\\\/2025\\\/06\\\/Webdo-Tunisie_168377.jpg\",\"contentUrl\":\"https:\\\/\\\/www.webdo.tn\\\/fr\\\/wp-content\\\/uploads\\\/2025\\\/06\\\/Webdo-Tunisie_168377.jpg\",\"width\":301,\"height\":301,\"caption\":\"Webdo\"},\"image\":{\"@id\":\"https:\\\/\\\/www.webdo.tn\\\/fr\\\/#\\\/schema\\\/logo\\\/image\\\/\"},\"sameAs\":[\"https:\\\/\\\/www.facebook.com\\\/webdotn\",\"https:\\\/\\\/x.com\\\/webdo_tn\"],\"description\":\"Webdo est un m\u00e9dia num\u00e9rique tunisien fond\u00e9 en 2010, sp\u00e9cialis\u00e9 dans l\u2019actualit\u00e9 nationale et internationale, l\u2019\u00e9conomie, la soci\u00e9t\u00e9 et les analyses politiques. Le site s\u2019adresse \u00e0 un large public francophone et couvre l\u2019information tunisienne en temps r\u00e9el.\",\"email\":\"redac@webdo.tn\",\"legalName\":\"YNJ SARL\",\"foundingDate\":\"2010-09-06\",\"numberOfEmployees\":{\"@type\":\"QuantitativeValue\",\"minValue\":\"11\",\"maxValue\":\"50\"}},{\"@type\":\"Person\",\"@id\":\"https:\\\/\\\/www.webdo.tn\\\/fr\\\/#\\\/schema\\\/person\\\/60d5ba619ed3f58783b0dc82b7dada80\",\"name\":\"Ne\u00efla DRISS\",\"image\":{\"@type\":\"ImageObject\",\"inLanguage\":\"fr-FR\",\"@id\":\"https:\\\/\\\/www.webdo.tn\\\/fr\\\/wp-content\\\/uploads\\\/2026\\\/04\\\/neila-driss_avatar-96x96.jpg\",\"url\":\"https:\\\/\\\/www.webdo.tn\\\/fr\\\/wp-content\\\/uploads\\\/2026\\\/04\\\/neila-driss_avatar-96x96.jpg\",\"contentUrl\":\"https:\\\/\\\/www.webdo.tn\\\/fr\\\/wp-content\\\/uploads\\\/2026\\\/04\\\/neila-driss_avatar-96x96.jpg\",\"caption\":\"Ne\u00efla DRISS\"},\"description\":\"Ne\u00efla Driss est juriste, journaliste culturelle et critique de cin\u00e9ma tunisienne. Titulaire d\u2019un DEA en droit priv\u00e9 de l\u2019Universit\u00e9 Paris II et d\u2019un DESS de l\u2019IHEC Carthage, elle d\u00e9bute sa carri\u00e8re comme juriste sp\u00e9cialis\u00e9e en gestion de patrimoine immobilier. Elle s\u2019oriente ensuite vers l\u2019\u00e9criture en ligne, o\u00f9 elle se distingue d\u00e8s 2006 aux Tunisia Blog Awards, avant de se consacrer au journalisme culturel, avec une sp\u00e9cialisation dans la critique cin\u00e9matographique. Elle couvre r\u00e9guli\u00e8rement les grands festivals internationaux, notamment le Festival de Cannes, les Journ\u00e9es Cin\u00e9matographiques de Carthage et le Festival du film du Caire. Membre de l\u2019ATPCC et de la FIPRESCI, elle participe \u00e0 des jurys et initiatives internationales de critique. Depuis 2024, elle est \u00e9lectrice internationale aux Golden Globes. Facebook : https:\\\/\\\/www.facebook.com\\\/massir.destiniii\\\/ X : https:\\\/\\\/x.com\\\/MassirDestin\",\"sameAs\":[\"https:\\\/\\\/www.facebook.com\\\/massir.destiniii\\\/\",\"https:\\\/\\\/www.instagram.com\\\/neila.driss\\\/?hl=fr\",\"https:\\\/\\\/www.linkedin.com\\\/in\\\/neila-driss-22606a80\\\/\",\"https:\\\/\\\/x.com\\\/https:\\\/\\\/x.com\\\/MassirDestin\"],\"knowsAbout\":[\"Cin\u00e9ma international\",\"critique cin\u00e9matographique\",\"festivals de cin\u00e9ma\",\"journalisme culturel\"],\"knowsLanguage\":[\"Fran\u00e7ais\",\"Arabe\",\"Anglais\"],\"jobTitle\":\"Journaliste culturelle et critique de cin\u00e9ma\",\"worksFor\":\"Webdo\",\"url\":\"https:\\\/\\\/www.webdo.tn\\\/fr\\\/actualite\\\/author\\\/neila-driss\\\/\"}]}<\/script>\n<!-- \/ Yoast SEO Premium plugin. -->","yoast_head_json":{"title":"Cannes 2023 \u2013 Quatre Prix des Critiques Arabes pour trois films tunisiens","description":"C\u2019est lors d\u2019une c\u00e9r\u00e9monie organis\u00e9e en marge de la 76\u00e8me \u00e9dition du Festival de Cannes, et plus pr\u00e9cis\u00e9ment le 20 mai \u00e0 la Plage des Palmes, que le Centre du C...","canonical":"https:\/\/www.webdo.tn\/fr\/actualite\/culture\/cannes-2023-6\/205915\/","og_locale":"fr_FR","og_type":"article","og_title":"Cannes 2023 \u2013 Quatre Prix des Critiques Arabes pour trois films tunisiens","og_description":"C\u2019est lors d\u2019une c\u00e9r\u00e9monie organis\u00e9e en marge de la 76\u00e8me \u00e9dition du Festival de Cannes, et plus pr\u00e9cis\u00e9ment le 20 mai \u00e0 la Plage des Palmes, que le Centre du C...","og_url":"https:\/\/www.webdo.tn\/fr\/actualite\/culture\/cannes-2023-6\/205915\/","og_site_name":"webdo","article_publisher":"https:\/\/www.facebook.com\/webdotn","article_author":"https:\/\/www.facebook.com\/massir.destiniii\/","article_published_time":"2023-05-22T05:56:00+00:00","article_modified_time":"2025-05-21T08:56:59+00:00","og_image":[{"width":750,"height":400,"url":"https:\/\/www.webdo.tn\/fr\/wp-content\/uploads\/2023\/05\/476aa6c0bc4bf3962fca83ff63fcfb27.jpeg","type":"image\/jpeg"}],"author":"Ne\u00efla DRISS","twitter_card":"summary_large_image","twitter_creator":"@https:\/\/x.com\/MassirDestin","twitter_site":"@webdo_tn","twitter_misc":{"\u00c9crit par":"Ne\u00efla DRISS","Dur\u00e9e de lecture estim\u00e9e":"2 minutes"},"schema":{"@context":"https:\/\/schema.org","@graph":[{"@type":"NewsArticle","@id":"https:\/\/www.webdo.tn\/fr\/actualite\/culture\/cannes-2023-6\/205915\/#article","isPartOf":{"@id":"https:\/\/www.webdo.tn\/fr\/actualite\/culture\/cannes-2023-6\/205915\/"},"author":{"name":"Ne\u00efla DRISS","@id":"https:\/\/www.webdo.tn\/fr\/#\/schema\/person\/60d5ba619ed3f58783b0dc82b7dada80"},"headline":"Cannes 2023 \u2013 Quatre Prix des Critiques Arabes pour trois films tunisiens","datePublished":"2023-05-22T05:56:00+00:00","dateModified":"2025-05-21T08:56:59+00:00","mainEntityOfPage":{"@id":"https:\/\/www.webdo.tn\/fr\/actualite\/culture\/cannes-2023-6\/205915\/"},"wordCount":420,"commentCount":0,"publisher":{"@id":"https:\/\/www.webdo.tn\/fr\/#organization"},"image":{"@id":"https:\/\/www.webdo.tn\/fr\/actualite\/culture\/cannes-2023-6\/205915\/#primaryimage"},"thumbnailUrl":"https:\/\/www.webdo.tn\/fr\/wp-content\/uploads\/2023\/05\/476aa6c0bc4bf3962fca83ff63fcfb27.jpeg","keywords":["Arab Critics Awards","Cannes 2023","Centre du Cin\u00e9ma Arabe","Cin\u00e9ma","Festival de Cannes"],"articleSection":["Culture"],"inLanguage":"fr-FR"},{"@type":"WebPage","@id":"https:\/\/www.webdo.tn\/fr\/actualite\/culture\/cannes-2023-6\/205915\/","url":"https:\/\/www.webdo.tn\/fr\/actualite\/culture\/cannes-2023-6\/205915\/","name":"Cannes 2023 \u2013 Quatre Prix des Critiques Arabes pour trois films tunisiens","isPartOf":{"@id":"https:\/\/www.webdo.tn\/fr\/#website"},"primaryImageOfPage":{"@id":"https:\/\/www.webdo.tn\/fr\/actualite\/culture\/cannes-2023-6\/205915\/#primaryimage"},"image":{"@id":"https:\/\/www.webdo.tn\/fr\/actualite\/culture\/cannes-2023-6\/205915\/#primaryimage"},"thumbnailUrl":"https:\/\/www.webdo.tn\/fr\/wp-content\/uploads\/2023\/05\/476aa6c0bc4bf3962fca83ff63fcfb27.jpeg","datePublished":"2023-05-22T05:56:00+00:00","dateModified":"2025-05-21T08:56:59+00:00","description":"C\u2019est lors d\u2019une c\u00e9r\u00e9monie organis\u00e9e en marge de la 76\u00e8me \u00e9dition du Festival de Cannes, et plus pr\u00e9cis\u00e9ment le 20 mai \u00e0 la Plage des Palmes, que le Centre du C...","breadcrumb":{"@id":"https:\/\/www.webdo.tn\/fr\/actualite\/culture\/cannes-2023-6\/205915\/#breadcrumb"},"inLanguage":"fr-FR","potentialAction":[{"@type":"ReadAction","target":["https:\/\/www.webdo.tn\/fr\/actualite\/culture\/cannes-2023-6\/205915\/"]}]},{"@type":"ImageObject","inLanguage":"fr-FR","@id":"https:\/\/www.webdo.tn\/fr\/actualite\/culture\/cannes-2023-6\/205915\/#primaryimage","url":"https:\/\/www.webdo.tn\/fr\/wp-content\/uploads\/2023\/05\/476aa6c0bc4bf3962fca83ff63fcfb27.jpeg","contentUrl":"https:\/\/www.webdo.tn\/fr\/wp-content\/uploads\/2023\/05\/476aa6c0bc4bf3962fca83ff63fcfb27.jpeg","width":750,"height":400,"caption":"Cannes 2023 \u2013 Quatre Prix des Critiques Arabes pour trois films tunisiens"},{"@type":"BreadcrumbList","@id":"https:\/\/www.webdo.tn\/fr\/actualite\/culture\/cannes-2023-6\/205915\/#breadcrumb","itemListElement":[{"@type":"ListItem","position":1,"name":"Accueil","item":"https:\/\/www.webdo.tn\/fr\/"},{"@type":"ListItem","position":2,"name":"Cannes 2023 \u2013 Quatre Prix des Critiques Arabes pour trois films tunisiens"}]},{"@type":"WebSite","@id":"https:\/\/www.webdo.tn\/fr\/#website","url":"https:\/\/www.webdo.tn\/fr\/","name":"webdo","description":"Tunisie - News en Tunisie et \u00e0 l&#039;international sur Webdo.tn","publisher":{"@id":"https:\/\/www.webdo.tn\/fr\/#organization"},"potentialAction":[{"@type":"SearchAction","target":{"@type":"EntryPoint","urlTemplate":"https:\/\/www.webdo.tn\/fr\/?s={search_term_string}"},"query-input":{"@type":"PropertyValueSpecification","valueRequired":true,"valueName":"search_term_string"}}],"inLanguage":"fr-FR"},{"@type":"Organization","@id":"https:\/\/www.webdo.tn\/fr\/#organization","name":"Webdo","alternateName":"Webdo.tn","url":"https:\/\/www.webdo.tn\/fr\/","logo":{"@type":"ImageObject","inLanguage":"fr-FR","@id":"https:\/\/www.webdo.tn\/fr\/#\/schema\/logo\/image\/","url":"https:\/\/www.webdo.tn\/fr\/wp-content\/uploads\/2025\/06\/Webdo-Tunisie_168377.jpg","contentUrl":"https:\/\/www.webdo.tn\/fr\/wp-content\/uploads\/2025\/06\/Webdo-Tunisie_168377.jpg","width":301,"height":301,"caption":"Webdo"},"image":{"@id":"https:\/\/www.webdo.tn\/fr\/#\/schema\/logo\/image\/"},"sameAs":["https:\/\/www.facebook.com\/webdotn","https:\/\/x.com\/webdo_tn"],"description":"Webdo est un m\u00e9dia num\u00e9rique tunisien fond\u00e9 en 2010, sp\u00e9cialis\u00e9 dans l\u2019actualit\u00e9 nationale et internationale, l\u2019\u00e9conomie, la soci\u00e9t\u00e9 et les analyses politiques. Le site s\u2019adresse \u00e0 un large public francophone et couvre l\u2019information tunisienne en temps r\u00e9el.","email":"redac@webdo.tn","legalName":"YNJ SARL","foundingDate":"2010-09-06","numberOfEmployees":{"@type":"QuantitativeValue","minValue":"11","maxValue":"50"}},{"@type":"Person","@id":"https:\/\/www.webdo.tn\/fr\/#\/schema\/person\/60d5ba619ed3f58783b0dc82b7dada80","name":"Ne\u00efla DRISS","image":{"@type":"ImageObject","inLanguage":"fr-FR","@id":"https:\/\/www.webdo.tn\/fr\/wp-content\/uploads\/2026\/04\/neila-driss_avatar-96x96.jpg","url":"https:\/\/www.webdo.tn\/fr\/wp-content\/uploads\/2026\/04\/neila-driss_avatar-96x96.jpg","contentUrl":"https:\/\/www.webdo.tn\/fr\/wp-content\/uploads\/2026\/04\/neila-driss_avatar-96x96.jpg","caption":"Ne\u00efla DRISS"},"description":"Ne\u00efla Driss est juriste, journaliste culturelle et critique de cin\u00e9ma tunisienne. Titulaire d\u2019un DEA en droit priv\u00e9 de l\u2019Universit\u00e9 Paris II et d\u2019un DESS de l\u2019IHEC Carthage, elle d\u00e9bute sa carri\u00e8re comme juriste sp\u00e9cialis\u00e9e en gestion de patrimoine immobilier. Elle s\u2019oriente ensuite vers l\u2019\u00e9criture en ligne, o\u00f9 elle se distingue d\u00e8s 2006 aux Tunisia Blog Awards, avant de se consacrer au journalisme culturel, avec une sp\u00e9cialisation dans la critique cin\u00e9matographique. Elle couvre r\u00e9guli\u00e8rement les grands festivals internationaux, notamment le Festival de Cannes, les Journ\u00e9es Cin\u00e9matographiques de Carthage et le Festival du film du Caire. Membre de l\u2019ATPCC et de la FIPRESCI, elle participe \u00e0 des jurys et initiatives internationales de critique. Depuis 2024, elle est \u00e9lectrice internationale aux Golden Globes. Facebook : https:\/\/www.facebook.com\/massir.destiniii\/ X : https:\/\/x.com\/MassirDestin","sameAs":["https:\/\/www.facebook.com\/massir.destiniii\/","https:\/\/www.instagram.com\/neila.driss\/?hl=fr","https:\/\/www.linkedin.com\/in\/neila-driss-22606a80\/","https:\/\/x.com\/https:\/\/x.com\/MassirDestin"],"knowsAbout":["Cin\u00e9ma international","critique cin\u00e9matographique","festivals de cin\u00e9ma","journalisme culturel"],"knowsLanguage":["Fran\u00e7ais","Arabe","Anglais"],"jobTitle":"Journaliste culturelle et critique de cin\u00e9ma","worksFor":"Webdo","url":"https:\/\/www.webdo.tn\/fr\/actualite\/author\/neila-driss\/"}]}},"_links":{"self":[{"href":"https:\/\/www.webdo.tn\/fr\/wp-json\/wp\/v2\/posts\/205915","targetHints":{"allow":["GET"]}}],"collection":[{"href":"https:\/\/www.webdo.tn\/fr\/wp-json\/wp\/v2\/posts"}],"about":[{"href":"https:\/\/www.webdo.tn\/fr\/wp-json\/wp\/v2\/types\/post"}],"author":[{"embeddable":true,"href":"https:\/\/www.webdo.tn\/fr\/wp-json\/wp\/v2\/users\/3164"}],"replies":[{"embeddable":true,"href":"https:\/\/www.webdo.tn\/fr\/wp-json\/wp\/v2\/comments?post=205915"}],"version-history":[{"count":0,"href":"https:\/\/www.webdo.tn\/fr\/wp-json\/wp\/v2\/posts\/205915\/revisions"}],"wp:featuredmedia":[{"embeddable":true,"href":"https:\/\/www.webdo.tn\/fr\/wp-json\/wp\/v2\/media\/278215"}],"wp:attachment":[{"href":"https:\/\/www.webdo.tn\/fr\/wp-json\/wp\/v2\/media?parent=205915"}],"wp:term":[{"taxonomy":"category","embeddable":true,"href":"https:\/\/www.webdo.tn\/fr\/wp-json\/wp\/v2\/categories?post=205915"},{"taxonomy":"post_tag","embeddable":true,"href":"https:\/\/www.webdo.tn\/fr\/wp-json\/wp\/v2\/tags?post=205915"}],"curies":[{"name":"wp","href":"https:\/\/api.w.org\/{rel}","templated":true}]}}