{"id":205906,"date":"2023-05-21T10:59:00","date_gmt":"2023-05-21T10:59:00","guid":{"rendered":"https:\/\/www.webdo.tn\/fr\/blog\/retenue-des-notes-a-quelques-jours-de-la-fin-de-l-annee-scolaire-la-crise-persiste\/205906\/"},"modified":"2025-05-20T22:50:15","modified_gmt":"2025-05-20T22:50:15","slug":"retenue-des-notes-a-quelques-jours-de-la-fin-de-l-annee-scolaire-la-crise-persiste","status":"publish","type":"post","link":"https:\/\/www.webdo.tn\/fr\/actualite\/national\/retenue-des-notes-a-quelques-jours-de-la-fin-de-l-annee-scolaire-la-crise-persiste\/205906\/","title":{"rendered":"Retenue des notes : A quelques jours de la fin de l&rsquo;ann\u00e9e scolaire, la crise persiste"},"content":{"rendered":"<p>L&rsquo;Association tunisienne des parents et \u00e9l\u00e8ves a d\u00e9nonc\u00e9 dimanche, les positions du minist\u00e8re de l&rsquo;\u00e9ducation, des syndicats, de l&rsquo;\u00e9lite et des d\u00e9fenseurs des droits humains par rapport \u00e0 la retenue des notes des \u00e9l\u00e8ves estimant qu&rsquo;ils se d\u00e9robent \u00e0 leur responsabilit\u00e9.<\/p>\n<p>L&rsquo;association a point\u00e9 de doigt dans son communiqu\u00e9, les tentatives du minist\u00e8re de l&rsquo;Education de rassurer sur la cette question, les menaces prof\u00e9r\u00e9es par les syndicats et la r\u00e9gidit\u00e9 de leur position, l&rsquo;allongement des d\u00e9lais de recours en justice \u00e9voquant le silence des \u00e9lites et des militants des droits de l&rsquo;homme et le m\u00e9contentement des parents par rapport \u00e0 cette situation.<\/p>\n<p>Elle a not\u00e9 \u00ab\u00a0que le droit des \u00e9l\u00e8ves \u00e0 l&rsquo;\u00e9ducation et \u00e0 l&rsquo;enseignement doit \u00eatre respect\u00e9 et \u00ab\u00a0neutralis\u00e9\u00a0\u00bb par rapport \u00e0 tous les conflits que conna\u00eet l&rsquo;\u00e9cole publique au cours des derni\u00e8res ann\u00e9es\u00a0\u00bb.<\/p>\n<p>Environ 2,2 millions \u00e9l\u00e8ves continuent \u00e0 fr\u00e9quenter l&rsquo;\u00e9cole \u00e0 quelques jours de la fin de l&rsquo;ann\u00e9e scolaire en cours, tout en s&rsquo;interrogeant sur leur sort et sur la possibilit\u00e9 de recourir au passage de classe automatique, souligne l&rsquo;association, estimant que \u00ab\u00a0cette situation in\u00e9dite est source de frustration, de perte de concentration et de toute confiance en l&rsquo;autorit\u00e9 de tutelle et dans le syst\u00e8me \u00e9ducatif.<\/p>\n","protected":false},"excerpt":{"rendered":"<p>L&rsquo;Association tunisienne des parents et \u00e9l\u00e8ves a d\u00e9nonc\u00e9 dimanche, les positions du minist\u00e8re de l&rsquo;\u00e9ducation, des syndicats, de l&rsquo;\u00e9lite et des d\u00e9fenseurs des dr&#8230;<\/p>\n","protected":false},"author":3175,"featured_media":278209,"comment_status":"open","ping_status":"closed","sticky":false,"template":"","format":"standard","meta":{"footnotes":""},"categories":[44],"tags":[3343,3209,6218,2608],"class_list":["post-205906","post","type-post","status-publish","format-standard","has-post-thumbnail","hentry","category-national","tag-crise","tag-eleves","tag-notes","tag-tunisie"],"yoast_head":"<!-- This site is optimized with the Yoast SEO Premium plugin v27.4 (Yoast SEO v27.5) - https:\/\/yoast.com\/product\/yoast-seo-premium-wordpress\/ -->\n<title>Retenue des notes : A quelques jours de la fin de l&#039;ann\u00e9e scolaire, la crise persiste<\/title>\n<meta name=\"description\" content=\"L&#039;Association tunisienne des parents et \u00e9l\u00e8ves a d\u00e9nonc\u00e9 dimanche, les positions du minist\u00e8re de l&#039;\u00e9ducation, des syndicats, de l&#039;\u00e9lite et des d\u00e9fenseurs des dr...\" \/>\n<link rel=\"canonical\" href=\"https:\/\/www.webdo.tn\/fr\/actualite\/national\/retenue-des-notes-a-quelques-jours-de-la-fin-de-l-annee-scolaire-la-crise-persiste\/205906\/\" \/>\n<meta property=\"og:locale\" content=\"fr_FR\" \/>\n<meta property=\"og:type\" content=\"article\" \/>\n<meta property=\"og:title\" content=\"Retenue des notes : A quelques jours de la fin de l&#039;ann\u00e9e scolaire, la crise persiste\" \/>\n<meta property=\"og:description\" content=\"L&#039;Association tunisienne des parents et \u00e9l\u00e8ves a d\u00e9nonc\u00e9 dimanche, les positions du minist\u00e8re de l&#039;\u00e9ducation, des syndicats, de l&#039;\u00e9lite et des d\u00e9fenseurs des dr...\" \/>\n<meta property=\"og:url\" content=\"https:\/\/www.webdo.tn\/fr\/actualite\/national\/retenue-des-notes-a-quelques-jours-de-la-fin-de-l-annee-scolaire-la-crise-persiste\/205906\/\" \/>\n<meta property=\"og:site_name\" content=\"webdo\" \/>\n<meta property=\"article:publisher\" content=\"https:\/\/www.facebook.com\/webdotn\" \/>\n<meta property=\"article:published_time\" content=\"2023-05-21T10:59:00+00:00\" \/>\n<meta property=\"article:modified_time\" content=\"2025-05-20T22:50:15+00:00\" \/>\n<meta property=\"og:image\" content=\"https:\/\/www.webdo.tn\/fr\/wp-content\/uploads\/2023\/05\/d17252666c0178f2f33cf1e5084706a4.jpg\" \/>\n\t<meta property=\"og:image:width\" content=\"680\" \/>\n\t<meta property=\"og:image:height\" content=\"363\" \/>\n\t<meta property=\"og:image:type\" content=\"image\/jpeg\" \/>\n<meta name=\"author\" content=\"CL\" \/>\n<meta name=\"twitter:card\" content=\"summary_large_image\" \/>\n<meta name=\"twitter:creator\" content=\"@webdo_tn\" \/>\n<meta name=\"twitter:site\" content=\"@webdo_tn\" \/>\n<meta name=\"twitter:label1\" content=\"\u00c9crit par\" \/>\n\t<meta name=\"twitter:data1\" content=\"CL\" \/>\n\t<meta name=\"twitter:label2\" content=\"Dur\u00e9e de lecture estim\u00e9e\" \/>\n\t<meta name=\"twitter:data2\" content=\"1 minute\" \/>\n<script type=\"application\/ld+json\" class=\"yoast-schema-graph\">{\"@context\":\"https:\\\/\\\/schema.org\",\"@graph\":[{\"@type\":\"NewsArticle\",\"@id\":\"https:\\\/\\\/www.webdo.tn\\\/fr\\\/actualite\\\/national\\\/retenue-des-notes-a-quelques-jours-de-la-fin-de-l-annee-scolaire-la-crise-persiste\\\/205906\\\/#article\",\"isPartOf\":{\"@id\":\"https:\\\/\\\/www.webdo.tn\\\/fr\\\/actualite\\\/national\\\/retenue-des-notes-a-quelques-jours-de-la-fin-de-l-annee-scolaire-la-crise-persiste\\\/205906\\\/\"},\"author\":{\"name\":\"CL\",\"@id\":\"https:\\\/\\\/www.webdo.tn\\\/fr\\\/#\\\/schema\\\/person\\\/f35b42a42c5e2511bbd282959d6385cc\"},\"headline\":\"Retenue des notes : A quelques jours de la fin de l&rsquo;ann\u00e9e scolaire, la crise persiste\",\"datePublished\":\"2023-05-21T10:59:00+00:00\",\"dateModified\":\"2025-05-20T22:50:15+00:00\",\"mainEntityOfPage\":{\"@id\":\"https:\\\/\\\/www.webdo.tn\\\/fr\\\/actualite\\\/national\\\/retenue-des-notes-a-quelques-jours-de-la-fin-de-l-annee-scolaire-la-crise-persiste\\\/205906\\\/\"},\"wordCount\":244,\"commentCount\":0,\"publisher\":{\"@id\":\"https:\\\/\\\/www.webdo.tn\\\/fr\\\/#organization\"},\"image\":{\"@id\":\"https:\\\/\\\/www.webdo.tn\\\/fr\\\/actualite\\\/national\\\/retenue-des-notes-a-quelques-jours-de-la-fin-de-l-annee-scolaire-la-crise-persiste\\\/205906\\\/#primaryimage\"},\"thumbnailUrl\":\"https:\\\/\\\/www.webdo.tn\\\/fr\\\/wp-content\\\/uploads\\\/2023\\\/05\\\/d17252666c0178f2f33cf1e5084706a4.jpg\",\"keywords\":[\"crise\",\"\u00e9l\u00e8ves\",\"notes\",\"Tunisie\"],\"articleSection\":[\"National\"],\"inLanguage\":\"fr-FR\"},{\"@type\":\"WebPage\",\"@id\":\"https:\\\/\\\/www.webdo.tn\\\/fr\\\/actualite\\\/national\\\/retenue-des-notes-a-quelques-jours-de-la-fin-de-l-annee-scolaire-la-crise-persiste\\\/205906\\\/\",\"url\":\"https:\\\/\\\/www.webdo.tn\\\/fr\\\/actualite\\\/national\\\/retenue-des-notes-a-quelques-jours-de-la-fin-de-l-annee-scolaire-la-crise-persiste\\\/205906\\\/\",\"name\":\"Retenue des notes : A quelques jours de la fin de l'ann\u00e9e scolaire, la crise persiste\",\"isPartOf\":{\"@id\":\"https:\\\/\\\/www.webdo.tn\\\/fr\\\/#website\"},\"primaryImageOfPage\":{\"@id\":\"https:\\\/\\\/www.webdo.tn\\\/fr\\\/actualite\\\/national\\\/retenue-des-notes-a-quelques-jours-de-la-fin-de-l-annee-scolaire-la-crise-persiste\\\/205906\\\/#primaryimage\"},\"image\":{\"@id\":\"https:\\\/\\\/www.webdo.tn\\\/fr\\\/actualite\\\/national\\\/retenue-des-notes-a-quelques-jours-de-la-fin-de-l-annee-scolaire-la-crise-persiste\\\/205906\\\/#primaryimage\"},\"thumbnailUrl\":\"https:\\\/\\\/www.webdo.tn\\\/fr\\\/wp-content\\\/uploads\\\/2023\\\/05\\\/d17252666c0178f2f33cf1e5084706a4.jpg\",\"datePublished\":\"2023-05-21T10:59:00+00:00\",\"dateModified\":\"2025-05-20T22:50:15+00:00\",\"description\":\"L'Association tunisienne des parents et \u00e9l\u00e8ves a d\u00e9nonc\u00e9 dimanche, les positions du minist\u00e8re de l'\u00e9ducation, des syndicats, de l'\u00e9lite et des d\u00e9fenseurs des dr...\",\"breadcrumb\":{\"@id\":\"https:\\\/\\\/www.webdo.tn\\\/fr\\\/actualite\\\/national\\\/retenue-des-notes-a-quelques-jours-de-la-fin-de-l-annee-scolaire-la-crise-persiste\\\/205906\\\/#breadcrumb\"},\"inLanguage\":\"fr-FR\",\"potentialAction\":[{\"@type\":\"ReadAction\",\"target\":[\"https:\\\/\\\/www.webdo.tn\\\/fr\\\/actualite\\\/national\\\/retenue-des-notes-a-quelques-jours-de-la-fin-de-l-annee-scolaire-la-crise-persiste\\\/205906\\\/\"]}]},{\"@type\":\"ImageObject\",\"inLanguage\":\"fr-FR\",\"@id\":\"https:\\\/\\\/www.webdo.tn\\\/fr\\\/actualite\\\/national\\\/retenue-des-notes-a-quelques-jours-de-la-fin-de-l-annee-scolaire-la-crise-persiste\\\/205906\\\/#primaryimage\",\"url\":\"https:\\\/\\\/www.webdo.tn\\\/fr\\\/wp-content\\\/uploads\\\/2023\\\/05\\\/d17252666c0178f2f33cf1e5084706a4.jpg\",\"contentUrl\":\"https:\\\/\\\/www.webdo.tn\\\/fr\\\/wp-content\\\/uploads\\\/2023\\\/05\\\/d17252666c0178f2f33cf1e5084706a4.jpg\",\"width\":680,\"height\":363,\"caption\":\"Retenue des notes : A quelques jours de la fin de l'ann\u00e9e scolaire, la crise persiste\"},{\"@type\":\"BreadcrumbList\",\"@id\":\"https:\\\/\\\/www.webdo.tn\\\/fr\\\/actualite\\\/national\\\/retenue-des-notes-a-quelques-jours-de-la-fin-de-l-annee-scolaire-la-crise-persiste\\\/205906\\\/#breadcrumb\",\"itemListElement\":[{\"@type\":\"ListItem\",\"position\":1,\"name\":\"Accueil\",\"item\":\"https:\\\/\\\/www.webdo.tn\\\/fr\\\/\"},{\"@type\":\"ListItem\",\"position\":2,\"name\":\"Retenue des notes : A quelques jours de la fin de l&rsquo;ann\u00e9e scolaire, la crise persiste\"}]},{\"@type\":\"WebSite\",\"@id\":\"https:\\\/\\\/www.webdo.tn\\\/fr\\\/#website\",\"url\":\"https:\\\/\\\/www.webdo.tn\\\/fr\\\/\",\"name\":\"webdo\",\"description\":\"Tunisie - News en Tunisie et \u00e0 l&#039;international sur Webdo.tn\",\"publisher\":{\"@id\":\"https:\\\/\\\/www.webdo.tn\\\/fr\\\/#organization\"},\"potentialAction\":[{\"@type\":\"SearchAction\",\"target\":{\"@type\":\"EntryPoint\",\"urlTemplate\":\"https:\\\/\\\/www.webdo.tn\\\/fr\\\/?s={search_term_string}\"},\"query-input\":{\"@type\":\"PropertyValueSpecification\",\"valueRequired\":true,\"valueName\":\"search_term_string\"}}],\"inLanguage\":\"fr-FR\"},{\"@type\":\"Organization\",\"@id\":\"https:\\\/\\\/www.webdo.tn\\\/fr\\\/#organization\",\"name\":\"Webdo\",\"alternateName\":\"Webdo.tn\",\"url\":\"https:\\\/\\\/www.webdo.tn\\\/fr\\\/\",\"logo\":{\"@type\":\"ImageObject\",\"inLanguage\":\"fr-FR\",\"@id\":\"https:\\\/\\\/www.webdo.tn\\\/fr\\\/#\\\/schema\\\/logo\\\/image\\\/\",\"url\":\"https:\\\/\\\/www.webdo.tn\\\/fr\\\/wp-content\\\/uploads\\\/2025\\\/06\\\/Webdo-Tunisie_168377.jpg\",\"contentUrl\":\"https:\\\/\\\/www.webdo.tn\\\/fr\\\/wp-content\\\/uploads\\\/2025\\\/06\\\/Webdo-Tunisie_168377.jpg\",\"width\":301,\"height\":301,\"caption\":\"Webdo\"},\"image\":{\"@id\":\"https:\\\/\\\/www.webdo.tn\\\/fr\\\/#\\\/schema\\\/logo\\\/image\\\/\"},\"sameAs\":[\"https:\\\/\\\/www.facebook.com\\\/webdotn\",\"https:\\\/\\\/x.com\\\/webdo_tn\"],\"description\":\"Webdo est un m\u00e9dia num\u00e9rique tunisien fond\u00e9 en 2010, sp\u00e9cialis\u00e9 dans l\u2019actualit\u00e9 nationale et internationale, l\u2019\u00e9conomie, la soci\u00e9t\u00e9 et les analyses politiques. Le site s\u2019adresse \u00e0 un large public francophone et couvre l\u2019information tunisienne en temps r\u00e9el.\",\"email\":\"redac@webdo.tn\",\"legalName\":\"YNJ SARL\",\"foundingDate\":\"2010-09-06\",\"numberOfEmployees\":{\"@type\":\"QuantitativeValue\",\"minValue\":\"11\",\"maxValue\":\"50\"}},{\"@type\":\"Person\",\"@id\":\"https:\\\/\\\/www.webdo.tn\\\/fr\\\/#\\\/schema\\\/person\\\/f35b42a42c5e2511bbd282959d6385cc\",\"name\":\"CL\",\"image\":{\"@type\":\"ImageObject\",\"inLanguage\":\"fr-FR\",\"@id\":\"https:\\\/\\\/secure.gravatar.com\\\/avatar\\\/1447a49909b67aa657c488aec6512e1dd6143a480c1ecfee9b5b5cd74eb3b59e?s=96&d=mm&r=g\",\"url\":\"https:\\\/\\\/secure.gravatar.com\\\/avatar\\\/1447a49909b67aa657c488aec6512e1dd6143a480c1ecfee9b5b5cd74eb3b59e?s=96&d=mm&r=g\",\"contentUrl\":\"https:\\\/\\\/secure.gravatar.com\\\/avatar\\\/1447a49909b67aa657c488aec6512e1dd6143a480c1ecfee9b5b5cd74eb3b59e?s=96&d=mm&r=g\",\"caption\":\"CL\"},\"url\":\"https:\\\/\\\/www.webdo.tn\\\/fr\\\/actualite\\\/author\\\/cl\\\/\"}]}<\/script>\n<!-- \/ Yoast SEO Premium plugin. -->","yoast_head_json":{"title":"Retenue des notes : A quelques jours de la fin de l'ann\u00e9e scolaire, la crise persiste","description":"L'Association tunisienne des parents et \u00e9l\u00e8ves a d\u00e9nonc\u00e9 dimanche, les positions du minist\u00e8re de l'\u00e9ducation, des syndicats, de l'\u00e9lite et des d\u00e9fenseurs des dr...","canonical":"https:\/\/www.webdo.tn\/fr\/actualite\/national\/retenue-des-notes-a-quelques-jours-de-la-fin-de-l-annee-scolaire-la-crise-persiste\/205906\/","og_locale":"fr_FR","og_type":"article","og_title":"Retenue des notes : A quelques jours de la fin de l'ann\u00e9e scolaire, la crise persiste","og_description":"L'Association tunisienne des parents et \u00e9l\u00e8ves a d\u00e9nonc\u00e9 dimanche, les positions du minist\u00e8re de l'\u00e9ducation, des syndicats, de l'\u00e9lite et des d\u00e9fenseurs des dr...","og_url":"https:\/\/www.webdo.tn\/fr\/actualite\/national\/retenue-des-notes-a-quelques-jours-de-la-fin-de-l-annee-scolaire-la-crise-persiste\/205906\/","og_site_name":"webdo","article_publisher":"https:\/\/www.facebook.com\/webdotn","article_published_time":"2023-05-21T10:59:00+00:00","article_modified_time":"2025-05-20T22:50:15+00:00","og_image":[{"width":680,"height":363,"url":"https:\/\/www.webdo.tn\/fr\/wp-content\/uploads\/2023\/05\/d17252666c0178f2f33cf1e5084706a4.jpg","type":"image\/jpeg"}],"author":"CL","twitter_card":"summary_large_image","twitter_creator":"@webdo_tn","twitter_site":"@webdo_tn","twitter_misc":{"\u00c9crit par":"CL","Dur\u00e9e de lecture estim\u00e9e":"1 minute"},"schema":{"@context":"https:\/\/schema.org","@graph":[{"@type":"NewsArticle","@id":"https:\/\/www.webdo.tn\/fr\/actualite\/national\/retenue-des-notes-a-quelques-jours-de-la-fin-de-l-annee-scolaire-la-crise-persiste\/205906\/#article","isPartOf":{"@id":"https:\/\/www.webdo.tn\/fr\/actualite\/national\/retenue-des-notes-a-quelques-jours-de-la-fin-de-l-annee-scolaire-la-crise-persiste\/205906\/"},"author":{"name":"CL","@id":"https:\/\/www.webdo.tn\/fr\/#\/schema\/person\/f35b42a42c5e2511bbd282959d6385cc"},"headline":"Retenue des notes : A quelques jours de la fin de l&rsquo;ann\u00e9e scolaire, la crise persiste","datePublished":"2023-05-21T10:59:00+00:00","dateModified":"2025-05-20T22:50:15+00:00","mainEntityOfPage":{"@id":"https:\/\/www.webdo.tn\/fr\/actualite\/national\/retenue-des-notes-a-quelques-jours-de-la-fin-de-l-annee-scolaire-la-crise-persiste\/205906\/"},"wordCount":244,"commentCount":0,"publisher":{"@id":"https:\/\/www.webdo.tn\/fr\/#organization"},"image":{"@id":"https:\/\/www.webdo.tn\/fr\/actualite\/national\/retenue-des-notes-a-quelques-jours-de-la-fin-de-l-annee-scolaire-la-crise-persiste\/205906\/#primaryimage"},"thumbnailUrl":"https:\/\/www.webdo.tn\/fr\/wp-content\/uploads\/2023\/05\/d17252666c0178f2f33cf1e5084706a4.jpg","keywords":["crise","\u00e9l\u00e8ves","notes","Tunisie"],"articleSection":["National"],"inLanguage":"fr-FR"},{"@type":"WebPage","@id":"https:\/\/www.webdo.tn\/fr\/actualite\/national\/retenue-des-notes-a-quelques-jours-de-la-fin-de-l-annee-scolaire-la-crise-persiste\/205906\/","url":"https:\/\/www.webdo.tn\/fr\/actualite\/national\/retenue-des-notes-a-quelques-jours-de-la-fin-de-l-annee-scolaire-la-crise-persiste\/205906\/","name":"Retenue des notes : A quelques jours de la fin de l'ann\u00e9e scolaire, la crise persiste","isPartOf":{"@id":"https:\/\/www.webdo.tn\/fr\/#website"},"primaryImageOfPage":{"@id":"https:\/\/www.webdo.tn\/fr\/actualite\/national\/retenue-des-notes-a-quelques-jours-de-la-fin-de-l-annee-scolaire-la-crise-persiste\/205906\/#primaryimage"},"image":{"@id":"https:\/\/www.webdo.tn\/fr\/actualite\/national\/retenue-des-notes-a-quelques-jours-de-la-fin-de-l-annee-scolaire-la-crise-persiste\/205906\/#primaryimage"},"thumbnailUrl":"https:\/\/www.webdo.tn\/fr\/wp-content\/uploads\/2023\/05\/d17252666c0178f2f33cf1e5084706a4.jpg","datePublished":"2023-05-21T10:59:00+00:00","dateModified":"2025-05-20T22:50:15+00:00","description":"L'Association tunisienne des parents et \u00e9l\u00e8ves a d\u00e9nonc\u00e9 dimanche, les positions du minist\u00e8re de l'\u00e9ducation, des syndicats, de l'\u00e9lite et des d\u00e9fenseurs des dr...","breadcrumb":{"@id":"https:\/\/www.webdo.tn\/fr\/actualite\/national\/retenue-des-notes-a-quelques-jours-de-la-fin-de-l-annee-scolaire-la-crise-persiste\/205906\/#breadcrumb"},"inLanguage":"fr-FR","potentialAction":[{"@type":"ReadAction","target":["https:\/\/www.webdo.tn\/fr\/actualite\/national\/retenue-des-notes-a-quelques-jours-de-la-fin-de-l-annee-scolaire-la-crise-persiste\/205906\/"]}]},{"@type":"ImageObject","inLanguage":"fr-FR","@id":"https:\/\/www.webdo.tn\/fr\/actualite\/national\/retenue-des-notes-a-quelques-jours-de-la-fin-de-l-annee-scolaire-la-crise-persiste\/205906\/#primaryimage","url":"https:\/\/www.webdo.tn\/fr\/wp-content\/uploads\/2023\/05\/d17252666c0178f2f33cf1e5084706a4.jpg","contentUrl":"https:\/\/www.webdo.tn\/fr\/wp-content\/uploads\/2023\/05\/d17252666c0178f2f33cf1e5084706a4.jpg","width":680,"height":363,"caption":"Retenue des notes : A quelques jours de la fin de l'ann\u00e9e scolaire, la crise persiste"},{"@type":"BreadcrumbList","@id":"https:\/\/www.webdo.tn\/fr\/actualite\/national\/retenue-des-notes-a-quelques-jours-de-la-fin-de-l-annee-scolaire-la-crise-persiste\/205906\/#breadcrumb","itemListElement":[{"@type":"ListItem","position":1,"name":"Accueil","item":"https:\/\/www.webdo.tn\/fr\/"},{"@type":"ListItem","position":2,"name":"Retenue des notes : A quelques jours de la fin de l&rsquo;ann\u00e9e scolaire, la crise persiste"}]},{"@type":"WebSite","@id":"https:\/\/www.webdo.tn\/fr\/#website","url":"https:\/\/www.webdo.tn\/fr\/","name":"webdo","description":"Tunisie - News en Tunisie et \u00e0 l&#039;international sur Webdo.tn","publisher":{"@id":"https:\/\/www.webdo.tn\/fr\/#organization"},"potentialAction":[{"@type":"SearchAction","target":{"@type":"EntryPoint","urlTemplate":"https:\/\/www.webdo.tn\/fr\/?s={search_term_string}"},"query-input":{"@type":"PropertyValueSpecification","valueRequired":true,"valueName":"search_term_string"}}],"inLanguage":"fr-FR"},{"@type":"Organization","@id":"https:\/\/www.webdo.tn\/fr\/#organization","name":"Webdo","alternateName":"Webdo.tn","url":"https:\/\/www.webdo.tn\/fr\/","logo":{"@type":"ImageObject","inLanguage":"fr-FR","@id":"https:\/\/www.webdo.tn\/fr\/#\/schema\/logo\/image\/","url":"https:\/\/www.webdo.tn\/fr\/wp-content\/uploads\/2025\/06\/Webdo-Tunisie_168377.jpg","contentUrl":"https:\/\/www.webdo.tn\/fr\/wp-content\/uploads\/2025\/06\/Webdo-Tunisie_168377.jpg","width":301,"height":301,"caption":"Webdo"},"image":{"@id":"https:\/\/www.webdo.tn\/fr\/#\/schema\/logo\/image\/"},"sameAs":["https:\/\/www.facebook.com\/webdotn","https:\/\/x.com\/webdo_tn"],"description":"Webdo est un m\u00e9dia num\u00e9rique tunisien fond\u00e9 en 2010, sp\u00e9cialis\u00e9 dans l\u2019actualit\u00e9 nationale et internationale, l\u2019\u00e9conomie, la soci\u00e9t\u00e9 et les analyses politiques. Le site s\u2019adresse \u00e0 un large public francophone et couvre l\u2019information tunisienne en temps r\u00e9el.","email":"redac@webdo.tn","legalName":"YNJ SARL","foundingDate":"2010-09-06","numberOfEmployees":{"@type":"QuantitativeValue","minValue":"11","maxValue":"50"}},{"@type":"Person","@id":"https:\/\/www.webdo.tn\/fr\/#\/schema\/person\/f35b42a42c5e2511bbd282959d6385cc","name":"CL","image":{"@type":"ImageObject","inLanguage":"fr-FR","@id":"https:\/\/secure.gravatar.com\/avatar\/1447a49909b67aa657c488aec6512e1dd6143a480c1ecfee9b5b5cd74eb3b59e?s=96&d=mm&r=g","url":"https:\/\/secure.gravatar.com\/avatar\/1447a49909b67aa657c488aec6512e1dd6143a480c1ecfee9b5b5cd74eb3b59e?s=96&d=mm&r=g","contentUrl":"https:\/\/secure.gravatar.com\/avatar\/1447a49909b67aa657c488aec6512e1dd6143a480c1ecfee9b5b5cd74eb3b59e?s=96&d=mm&r=g","caption":"CL"},"url":"https:\/\/www.webdo.tn\/fr\/actualite\/author\/cl\/"}]}},"_links":{"self":[{"href":"https:\/\/www.webdo.tn\/fr\/wp-json\/wp\/v2\/posts\/205906","targetHints":{"allow":["GET"]}}],"collection":[{"href":"https:\/\/www.webdo.tn\/fr\/wp-json\/wp\/v2\/posts"}],"about":[{"href":"https:\/\/www.webdo.tn\/fr\/wp-json\/wp\/v2\/types\/post"}],"author":[{"embeddable":true,"href":"https:\/\/www.webdo.tn\/fr\/wp-json\/wp\/v2\/users\/3175"}],"replies":[{"embeddable":true,"href":"https:\/\/www.webdo.tn\/fr\/wp-json\/wp\/v2\/comments?post=205906"}],"version-history":[{"count":0,"href":"https:\/\/www.webdo.tn\/fr\/wp-json\/wp\/v2\/posts\/205906\/revisions"}],"wp:featuredmedia":[{"embeddable":true,"href":"https:\/\/www.webdo.tn\/fr\/wp-json\/wp\/v2\/media\/278209"}],"wp:attachment":[{"href":"https:\/\/www.webdo.tn\/fr\/wp-json\/wp\/v2\/media?parent=205906"}],"wp:term":[{"taxonomy":"category","embeddable":true,"href":"https:\/\/www.webdo.tn\/fr\/wp-json\/wp\/v2\/categories?post=205906"},{"taxonomy":"post_tag","embeddable":true,"href":"https:\/\/www.webdo.tn\/fr\/wp-json\/wp\/v2\/tags?post=205906"}],"curies":[{"name":"wp","href":"https:\/\/api.w.org\/{rel}","templated":true}]}}