{"id":205889,"date":"2023-05-20T09:53:00","date_gmt":"2023-05-20T09:53:00","guid":{"rendered":"https:\/\/www.webdo.tn\/fr\/blog\/emprunt-obligataire-2023-mobilisation-de-844-md-dans-le-cadre-de-la-deuxieme-tranche\/205889\/"},"modified":"2025-05-20T21:59:37","modified_gmt":"2025-05-20T21:59:37","slug":"emprunt-obligataire-2023-mobilisation-de-844-md-dans-le-cadre-de-la-deuxieme-tranche","status":"publish","type":"post","link":"https:\/\/www.webdo.tn\/fr\/actualite\/national\/emprunt-obligataire-2023-mobilisation-de-844-md-dans-le-cadre-de-la-deuxieme-tranche\/205889\/","title":{"rendered":"Emprunt obligataire 2023: Mobilisation de 844 MD dans le cadre de la deuxi\u00e8me tranche"},"content":{"rendered":"<p>La Tunisie a mobilis\u00e9 un montant de 844 millions de dinars (MD), au titre de la deuxi\u00e8me tranche de l\u2019emprunt obligataire national pour l\u2019exercice 2023 a indiqu\u00e9, ce vendredi 19 mai 2023, dans une d\u00e9claration \u00e0 l\u2019Agence TAP, le Directeur G\u00e9n\u00e9ral de Tunisie Clearing, Maher Zouari.<\/p>\n<p>\t\t\t\t\t\t\t\t\tSelon lui, cette deuxi\u00e8me tranche a enregistr\u00e9 un taux de r\u00e9ponse de 120%, pour un montant initial fix\u00e9 \u00e0 700 MD. Les montants souscrits, lors de la p\u00e9riode du 8 mai au 17 mai 2023, proviennent des interm\u00e9diaires en bourse et des banques avec des taux de souscription respectifs de 78% et 22%.<\/p>\n<p>Zaouri a fait savoir que la cat\u00e9gorie \u00ab\u00a0B\u00a0\u00bb d\u2019une valeur nominale pour chaque titre de 100 dinars et d\u2019une dur\u00e9e de remboursement de sept ans dont deux ann\u00e9es de gr\u00e2ce, a permis de mobiliser 686 MD, ce qui repr\u00e9sente 81% du montant global, alors que la valeur de souscription dans la cat\u00e9gorie \u00ab\u00a0C\u00a0\u00bb d\u2019une valeur nominale pour chaque titre de 100 dinars et d\u2019une dur\u00e9e de remboursement de dix ans dont deux ann\u00e9es de gr\u00e2ce, a permis de mobiliser 153,8 MD, soit un taux de 18% des montants globaux.<\/p>\n<p>La cat\u00e9gorie \u00ab\u00a0A\u00a0\u00bb (r\u00e9serv\u00e9e aux souscriptions des personnes physiques), d\u2019une valeur nominale pour chaque titre de 10 dinars et d\u2019une dur\u00e9e de remboursement de cinq ans, dont trois ann\u00e9es de gr\u00e2ce, a permis de mobiliser 4,6 MD.<\/p>\n<p>Le DG de Tunisie Clearing a rappel\u00e9 que les souscriptions \u00e0 la premi\u00e8re tranche et la deuxi\u00e8me tranche de l&#8217;emprunt obligataire national de 2023 ont permis de mobiliser pr\u00e8s de 1559 MD alors que le gouvernement a fix\u00e9 un objectif de 2800 MD pour la souscription aux quatre tranches de cet emprunt.<\/p>\n","protected":false},"excerpt":{"rendered":"<p>La Tunisie a mobilis\u00e9 un montant de 844 millions de dinars (MD), au titre de la deuxi\u00e8me tranche de l\u2019emprunt obligataire national pour l\u2019exercice 2023 a indiqu&#8230;<\/p>\n","protected":false},"author":3162,"featured_media":251103,"comment_status":"open","ping_status":"closed","sticky":false,"template":"","format":"standard","meta":{"footnotes":""},"categories":[44],"tags":[5345,6553,2608],"class_list":["post-205889","post","type-post","status-publish","format-standard","has-post-thumbnail","hentry","category-national","tag-emprunt-obligataire","tag-tranche","tag-tunisie"],"yoast_head":"<!-- This site is optimized with the Yoast SEO Premium plugin v27.5 (Yoast SEO v27.5) - https:\/\/yoast.com\/product\/yoast-seo-premium-wordpress\/ -->\n<title>Emprunt obligataire 2023: Mobilisation de 844 MD dans le cadre de la deuxi\u00e8me tranche<\/title>\n<meta name=\"description\" content=\"La Tunisie a mobilis\u00e9 un montant de 844 millions de dinars (MD), au titre de la deuxi\u00e8me tranche de l\u2019emprunt obligataire national pour l\u2019exercice 2023 a indiqu...\" \/>\n<link rel=\"canonical\" href=\"https:\/\/www.webdo.tn\/fr\/actualite\/national\/emprunt-obligataire-2023-mobilisation-de-844-md-dans-le-cadre-de-la-deuxieme-tranche\/205889\/\" \/>\n<meta property=\"og:locale\" content=\"fr_FR\" \/>\n<meta property=\"og:type\" content=\"article\" \/>\n<meta property=\"og:title\" content=\"Emprunt obligataire 2023: Mobilisation de 844 MD dans le cadre de la deuxi\u00e8me tranche\" \/>\n<meta property=\"og:description\" content=\"La Tunisie a mobilis\u00e9 un montant de 844 millions de dinars (MD), au titre de la deuxi\u00e8me tranche de l\u2019emprunt obligataire national pour l\u2019exercice 2023 a indiqu...\" \/>\n<meta property=\"og:url\" content=\"https:\/\/www.webdo.tn\/fr\/actualite\/national\/emprunt-obligataire-2023-mobilisation-de-844-md-dans-le-cadre-de-la-deuxieme-tranche\/205889\/\" \/>\n<meta property=\"og:site_name\" content=\"webdo\" \/>\n<meta property=\"article:publisher\" content=\"https:\/\/www.facebook.com\/webdotn\" \/>\n<meta property=\"article:published_time\" content=\"2023-05-20T09:53:00+00:00\" \/>\n<meta property=\"article:modified_time\" content=\"2025-05-20T21:59:37+00:00\" \/>\n<meta property=\"og:image\" content=\"https:\/\/www.webdo.tn\/fr\/wp-content\/uploads\/2023\/05\/b79e0af005ecab070d161595482b8ca1.png\" \/>\n\t<meta property=\"og:image:width\" content=\"750\" \/>\n\t<meta property=\"og:image:height\" content=\"400\" \/>\n\t<meta property=\"og:image:type\" content=\"image\/png\" \/>\n<meta name=\"author\" content=\"MC\" \/>\n<meta name=\"twitter:card\" content=\"summary_large_image\" \/>\n<meta name=\"twitter:creator\" content=\"@webdo_tn\" \/>\n<meta name=\"twitter:site\" content=\"@webdo_tn\" \/>\n<meta name=\"twitter:label1\" content=\"\u00c9crit par\" \/>\n\t<meta name=\"twitter:data1\" content=\"MC\" \/>\n\t<meta name=\"twitter:label2\" content=\"Dur\u00e9e de lecture estim\u00e9e\" \/>\n\t<meta name=\"twitter:data2\" content=\"1 minute\" \/>\n<script type=\"application\/ld+json\" class=\"yoast-schema-graph\">{\"@context\":\"https:\\\/\\\/schema.org\",\"@graph\":[{\"@type\":\"NewsArticle\",\"@id\":\"https:\\\/\\\/www.webdo.tn\\\/fr\\\/actualite\\\/national\\\/emprunt-obligataire-2023-mobilisation-de-844-md-dans-le-cadre-de-la-deuxieme-tranche\\\/205889\\\/#article\",\"isPartOf\":{\"@id\":\"https:\\\/\\\/www.webdo.tn\\\/fr\\\/actualite\\\/national\\\/emprunt-obligataire-2023-mobilisation-de-844-md-dans-le-cadre-de-la-deuxieme-tranche\\\/205889\\\/\"},\"author\":{\"name\":\"MC\",\"@id\":\"https:\\\/\\\/www.webdo.tn\\\/fr\\\/#\\\/schema\\\/person\\\/2c4929cbf5a809e3bd38617c6ce150f6\"},\"headline\":\"Emprunt obligataire 2023: Mobilisation de 844 MD dans le cadre de la deuxi\u00e8me tranche\",\"datePublished\":\"2023-05-20T09:53:00+00:00\",\"dateModified\":\"2025-05-20T21:59:37+00:00\",\"mainEntityOfPage\":{\"@id\":\"https:\\\/\\\/www.webdo.tn\\\/fr\\\/actualite\\\/national\\\/emprunt-obligataire-2023-mobilisation-de-844-md-dans-le-cadre-de-la-deuxieme-tranche\\\/205889\\\/\"},\"wordCount\":301,\"commentCount\":0,\"publisher\":{\"@id\":\"https:\\\/\\\/www.webdo.tn\\\/fr\\\/#organization\"},\"image\":{\"@id\":\"https:\\\/\\\/www.webdo.tn\\\/fr\\\/actualite\\\/national\\\/emprunt-obligataire-2023-mobilisation-de-844-md-dans-le-cadre-de-la-deuxieme-tranche\\\/205889\\\/#primaryimage\"},\"thumbnailUrl\":\"https:\\\/\\\/www.webdo.tn\\\/fr\\\/wp-content\\\/uploads\\\/2023\\\/05\\\/b79e0af005ecab070d161595482b8ca1.png\",\"keywords\":[\"emprunt obligataire\",\"tranche\",\"Tunisie\"],\"articleSection\":[\"National\"],\"inLanguage\":\"fr-FR\"},{\"@type\":\"WebPage\",\"@id\":\"https:\\\/\\\/www.webdo.tn\\\/fr\\\/actualite\\\/national\\\/emprunt-obligataire-2023-mobilisation-de-844-md-dans-le-cadre-de-la-deuxieme-tranche\\\/205889\\\/\",\"url\":\"https:\\\/\\\/www.webdo.tn\\\/fr\\\/actualite\\\/national\\\/emprunt-obligataire-2023-mobilisation-de-844-md-dans-le-cadre-de-la-deuxieme-tranche\\\/205889\\\/\",\"name\":\"Emprunt obligataire 2023: Mobilisation de 844 MD dans le cadre de la deuxi\u00e8me tranche\",\"isPartOf\":{\"@id\":\"https:\\\/\\\/www.webdo.tn\\\/fr\\\/#website\"},\"primaryImageOfPage\":{\"@id\":\"https:\\\/\\\/www.webdo.tn\\\/fr\\\/actualite\\\/national\\\/emprunt-obligataire-2023-mobilisation-de-844-md-dans-le-cadre-de-la-deuxieme-tranche\\\/205889\\\/#primaryimage\"},\"image\":{\"@id\":\"https:\\\/\\\/www.webdo.tn\\\/fr\\\/actualite\\\/national\\\/emprunt-obligataire-2023-mobilisation-de-844-md-dans-le-cadre-de-la-deuxieme-tranche\\\/205889\\\/#primaryimage\"},\"thumbnailUrl\":\"https:\\\/\\\/www.webdo.tn\\\/fr\\\/wp-content\\\/uploads\\\/2023\\\/05\\\/b79e0af005ecab070d161595482b8ca1.png\",\"datePublished\":\"2023-05-20T09:53:00+00:00\",\"dateModified\":\"2025-05-20T21:59:37+00:00\",\"description\":\"La Tunisie a mobilis\u00e9 un montant de 844 millions de dinars (MD), au titre de la deuxi\u00e8me tranche de l\u2019emprunt obligataire national pour l\u2019exercice 2023 a indiqu...\",\"breadcrumb\":{\"@id\":\"https:\\\/\\\/www.webdo.tn\\\/fr\\\/actualite\\\/national\\\/emprunt-obligataire-2023-mobilisation-de-844-md-dans-le-cadre-de-la-deuxieme-tranche\\\/205889\\\/#breadcrumb\"},\"inLanguage\":\"fr-FR\",\"potentialAction\":[{\"@type\":\"ReadAction\",\"target\":[\"https:\\\/\\\/www.webdo.tn\\\/fr\\\/actualite\\\/national\\\/emprunt-obligataire-2023-mobilisation-de-844-md-dans-le-cadre-de-la-deuxieme-tranche\\\/205889\\\/\"]}]},{\"@type\":\"ImageObject\",\"inLanguage\":\"fr-FR\",\"@id\":\"https:\\\/\\\/www.webdo.tn\\\/fr\\\/actualite\\\/national\\\/emprunt-obligataire-2023-mobilisation-de-844-md-dans-le-cadre-de-la-deuxieme-tranche\\\/205889\\\/#primaryimage\",\"url\":\"https:\\\/\\\/www.webdo.tn\\\/fr\\\/wp-content\\\/uploads\\\/2023\\\/05\\\/b79e0af005ecab070d161595482b8ca1.png\",\"contentUrl\":\"https:\\\/\\\/www.webdo.tn\\\/fr\\\/wp-content\\\/uploads\\\/2023\\\/05\\\/b79e0af005ecab070d161595482b8ca1.png\",\"width\":750,\"height\":400,\"caption\":\"Emprunt obligataire 2023: Mobilisation de 844 MD dans le cadre de la deuxi\u00e8me tranche\"},{\"@type\":\"BreadcrumbList\",\"@id\":\"https:\\\/\\\/www.webdo.tn\\\/fr\\\/actualite\\\/national\\\/emprunt-obligataire-2023-mobilisation-de-844-md-dans-le-cadre-de-la-deuxieme-tranche\\\/205889\\\/#breadcrumb\",\"itemListElement\":[{\"@type\":\"ListItem\",\"position\":1,\"name\":\"Accueil\",\"item\":\"https:\\\/\\\/www.webdo.tn\\\/fr\\\/\"},{\"@type\":\"ListItem\",\"position\":2,\"name\":\"Emprunt obligataire 2023: Mobilisation de 844 MD dans le cadre de la deuxi\u00e8me tranche\"}]},{\"@type\":\"WebSite\",\"@id\":\"https:\\\/\\\/www.webdo.tn\\\/fr\\\/#website\",\"url\":\"https:\\\/\\\/www.webdo.tn\\\/fr\\\/\",\"name\":\"webdo\",\"description\":\"Tunisie - News en Tunisie et \u00e0 l&#039;international sur Webdo.tn\",\"publisher\":{\"@id\":\"https:\\\/\\\/www.webdo.tn\\\/fr\\\/#organization\"},\"potentialAction\":[{\"@type\":\"SearchAction\",\"target\":{\"@type\":\"EntryPoint\",\"urlTemplate\":\"https:\\\/\\\/www.webdo.tn\\\/fr\\\/?s={search_term_string}\"},\"query-input\":{\"@type\":\"PropertyValueSpecification\",\"valueRequired\":true,\"valueName\":\"search_term_string\"}}],\"inLanguage\":\"fr-FR\"},{\"@type\":\"Organization\",\"@id\":\"https:\\\/\\\/www.webdo.tn\\\/fr\\\/#organization\",\"name\":\"Webdo\",\"alternateName\":\"Webdo.tn\",\"url\":\"https:\\\/\\\/www.webdo.tn\\\/fr\\\/\",\"logo\":{\"@type\":\"ImageObject\",\"inLanguage\":\"fr-FR\",\"@id\":\"https:\\\/\\\/www.webdo.tn\\\/fr\\\/#\\\/schema\\\/logo\\\/image\\\/\",\"url\":\"https:\\\/\\\/www.webdo.tn\\\/fr\\\/wp-content\\\/uploads\\\/2025\\\/06\\\/Webdo-Tunisie_168377.jpg\",\"contentUrl\":\"https:\\\/\\\/www.webdo.tn\\\/fr\\\/wp-content\\\/uploads\\\/2025\\\/06\\\/Webdo-Tunisie_168377.jpg\",\"width\":301,\"height\":301,\"caption\":\"Webdo\"},\"image\":{\"@id\":\"https:\\\/\\\/www.webdo.tn\\\/fr\\\/#\\\/schema\\\/logo\\\/image\\\/\"},\"sameAs\":[\"https:\\\/\\\/www.facebook.com\\\/webdotn\",\"https:\\\/\\\/x.com\\\/webdo_tn\"],\"description\":\"Webdo est un m\u00e9dia num\u00e9rique tunisien fond\u00e9 en 2010, sp\u00e9cialis\u00e9 dans l\u2019actualit\u00e9 nationale et internationale, l\u2019\u00e9conomie, la soci\u00e9t\u00e9 et les analyses politiques. Le site s\u2019adresse \u00e0 un large public francophone et couvre l\u2019information tunisienne en temps r\u00e9el.\",\"email\":\"redac@webdo.tn\",\"legalName\":\"YNJ SARL\",\"foundingDate\":\"2010-09-06\",\"numberOfEmployees\":{\"@type\":\"QuantitativeValue\",\"minValue\":\"11\",\"maxValue\":\"50\"}},{\"@type\":\"Person\",\"@id\":\"https:\\\/\\\/www.webdo.tn\\\/fr\\\/#\\\/schema\\\/person\\\/2c4929cbf5a809e3bd38617c6ce150f6\",\"name\":\"MC\",\"image\":{\"@type\":\"ImageObject\",\"inLanguage\":\"fr-FR\",\"@id\":\"https:\\\/\\\/secure.gravatar.com\\\/avatar\\\/a545bbb6f84efdd5553dbbc2895e3ca8f1d12c5215e00a041c9670b54aa9b18a?s=96&d=mm&r=g\",\"url\":\"https:\\\/\\\/secure.gravatar.com\\\/avatar\\\/a545bbb6f84efdd5553dbbc2895e3ca8f1d12c5215e00a041c9670b54aa9b18a?s=96&d=mm&r=g\",\"contentUrl\":\"https:\\\/\\\/secure.gravatar.com\\\/avatar\\\/a545bbb6f84efdd5553dbbc2895e3ca8f1d12c5215e00a041c9670b54aa9b18a?s=96&d=mm&r=g\",\"caption\":\"MC\"},\"url\":\"https:\\\/\\\/www.webdo.tn\\\/fr\\\/actualite\\\/author\\\/mc\\\/\"}]}<\/script>\n<!-- \/ Yoast SEO Premium plugin. -->","yoast_head_json":{"title":"Emprunt obligataire 2023: Mobilisation de 844 MD dans le cadre de la deuxi\u00e8me tranche","description":"La Tunisie a mobilis\u00e9 un montant de 844 millions de dinars (MD), au titre de la deuxi\u00e8me tranche de l\u2019emprunt obligataire national pour l\u2019exercice 2023 a indiqu...","canonical":"https:\/\/www.webdo.tn\/fr\/actualite\/national\/emprunt-obligataire-2023-mobilisation-de-844-md-dans-le-cadre-de-la-deuxieme-tranche\/205889\/","og_locale":"fr_FR","og_type":"article","og_title":"Emprunt obligataire 2023: Mobilisation de 844 MD dans le cadre de la deuxi\u00e8me tranche","og_description":"La Tunisie a mobilis\u00e9 un montant de 844 millions de dinars (MD), au titre de la deuxi\u00e8me tranche de l\u2019emprunt obligataire national pour l\u2019exercice 2023 a indiqu...","og_url":"https:\/\/www.webdo.tn\/fr\/actualite\/national\/emprunt-obligataire-2023-mobilisation-de-844-md-dans-le-cadre-de-la-deuxieme-tranche\/205889\/","og_site_name":"webdo","article_publisher":"https:\/\/www.facebook.com\/webdotn","article_published_time":"2023-05-20T09:53:00+00:00","article_modified_time":"2025-05-20T21:59:37+00:00","og_image":[{"width":750,"height":400,"url":"https:\/\/www.webdo.tn\/fr\/wp-content\/uploads\/2023\/05\/b79e0af005ecab070d161595482b8ca1.png","type":"image\/png"}],"author":"MC","twitter_card":"summary_large_image","twitter_creator":"@webdo_tn","twitter_site":"@webdo_tn","twitter_misc":{"\u00c9crit par":"MC","Dur\u00e9e de lecture estim\u00e9e":"1 minute"},"schema":{"@context":"https:\/\/schema.org","@graph":[{"@type":"NewsArticle","@id":"https:\/\/www.webdo.tn\/fr\/actualite\/national\/emprunt-obligataire-2023-mobilisation-de-844-md-dans-le-cadre-de-la-deuxieme-tranche\/205889\/#article","isPartOf":{"@id":"https:\/\/www.webdo.tn\/fr\/actualite\/national\/emprunt-obligataire-2023-mobilisation-de-844-md-dans-le-cadre-de-la-deuxieme-tranche\/205889\/"},"author":{"name":"MC","@id":"https:\/\/www.webdo.tn\/fr\/#\/schema\/person\/2c4929cbf5a809e3bd38617c6ce150f6"},"headline":"Emprunt obligataire 2023: Mobilisation de 844 MD dans le cadre de la deuxi\u00e8me tranche","datePublished":"2023-05-20T09:53:00+00:00","dateModified":"2025-05-20T21:59:37+00:00","mainEntityOfPage":{"@id":"https:\/\/www.webdo.tn\/fr\/actualite\/national\/emprunt-obligataire-2023-mobilisation-de-844-md-dans-le-cadre-de-la-deuxieme-tranche\/205889\/"},"wordCount":301,"commentCount":0,"publisher":{"@id":"https:\/\/www.webdo.tn\/fr\/#organization"},"image":{"@id":"https:\/\/www.webdo.tn\/fr\/actualite\/national\/emprunt-obligataire-2023-mobilisation-de-844-md-dans-le-cadre-de-la-deuxieme-tranche\/205889\/#primaryimage"},"thumbnailUrl":"https:\/\/www.webdo.tn\/fr\/wp-content\/uploads\/2023\/05\/b79e0af005ecab070d161595482b8ca1.png","keywords":["emprunt obligataire","tranche","Tunisie"],"articleSection":["National"],"inLanguage":"fr-FR"},{"@type":"WebPage","@id":"https:\/\/www.webdo.tn\/fr\/actualite\/national\/emprunt-obligataire-2023-mobilisation-de-844-md-dans-le-cadre-de-la-deuxieme-tranche\/205889\/","url":"https:\/\/www.webdo.tn\/fr\/actualite\/national\/emprunt-obligataire-2023-mobilisation-de-844-md-dans-le-cadre-de-la-deuxieme-tranche\/205889\/","name":"Emprunt obligataire 2023: Mobilisation de 844 MD dans le cadre de la deuxi\u00e8me tranche","isPartOf":{"@id":"https:\/\/www.webdo.tn\/fr\/#website"},"primaryImageOfPage":{"@id":"https:\/\/www.webdo.tn\/fr\/actualite\/national\/emprunt-obligataire-2023-mobilisation-de-844-md-dans-le-cadre-de-la-deuxieme-tranche\/205889\/#primaryimage"},"image":{"@id":"https:\/\/www.webdo.tn\/fr\/actualite\/national\/emprunt-obligataire-2023-mobilisation-de-844-md-dans-le-cadre-de-la-deuxieme-tranche\/205889\/#primaryimage"},"thumbnailUrl":"https:\/\/www.webdo.tn\/fr\/wp-content\/uploads\/2023\/05\/b79e0af005ecab070d161595482b8ca1.png","datePublished":"2023-05-20T09:53:00+00:00","dateModified":"2025-05-20T21:59:37+00:00","description":"La Tunisie a mobilis\u00e9 un montant de 844 millions de dinars (MD), au titre de la deuxi\u00e8me tranche de l\u2019emprunt obligataire national pour l\u2019exercice 2023 a indiqu...","breadcrumb":{"@id":"https:\/\/www.webdo.tn\/fr\/actualite\/national\/emprunt-obligataire-2023-mobilisation-de-844-md-dans-le-cadre-de-la-deuxieme-tranche\/205889\/#breadcrumb"},"inLanguage":"fr-FR","potentialAction":[{"@type":"ReadAction","target":["https:\/\/www.webdo.tn\/fr\/actualite\/national\/emprunt-obligataire-2023-mobilisation-de-844-md-dans-le-cadre-de-la-deuxieme-tranche\/205889\/"]}]},{"@type":"ImageObject","inLanguage":"fr-FR","@id":"https:\/\/www.webdo.tn\/fr\/actualite\/national\/emprunt-obligataire-2023-mobilisation-de-844-md-dans-le-cadre-de-la-deuxieme-tranche\/205889\/#primaryimage","url":"https:\/\/www.webdo.tn\/fr\/wp-content\/uploads\/2023\/05\/b79e0af005ecab070d161595482b8ca1.png","contentUrl":"https:\/\/www.webdo.tn\/fr\/wp-content\/uploads\/2023\/05\/b79e0af005ecab070d161595482b8ca1.png","width":750,"height":400,"caption":"Emprunt obligataire 2023: Mobilisation de 844 MD dans le cadre de la deuxi\u00e8me tranche"},{"@type":"BreadcrumbList","@id":"https:\/\/www.webdo.tn\/fr\/actualite\/national\/emprunt-obligataire-2023-mobilisation-de-844-md-dans-le-cadre-de-la-deuxieme-tranche\/205889\/#breadcrumb","itemListElement":[{"@type":"ListItem","position":1,"name":"Accueil","item":"https:\/\/www.webdo.tn\/fr\/"},{"@type":"ListItem","position":2,"name":"Emprunt obligataire 2023: Mobilisation de 844 MD dans le cadre de la deuxi\u00e8me tranche"}]},{"@type":"WebSite","@id":"https:\/\/www.webdo.tn\/fr\/#website","url":"https:\/\/www.webdo.tn\/fr\/","name":"webdo","description":"Tunisie - News en Tunisie et \u00e0 l&#039;international sur Webdo.tn","publisher":{"@id":"https:\/\/www.webdo.tn\/fr\/#organization"},"potentialAction":[{"@type":"SearchAction","target":{"@type":"EntryPoint","urlTemplate":"https:\/\/www.webdo.tn\/fr\/?s={search_term_string}"},"query-input":{"@type":"PropertyValueSpecification","valueRequired":true,"valueName":"search_term_string"}}],"inLanguage":"fr-FR"},{"@type":"Organization","@id":"https:\/\/www.webdo.tn\/fr\/#organization","name":"Webdo","alternateName":"Webdo.tn","url":"https:\/\/www.webdo.tn\/fr\/","logo":{"@type":"ImageObject","inLanguage":"fr-FR","@id":"https:\/\/www.webdo.tn\/fr\/#\/schema\/logo\/image\/","url":"https:\/\/www.webdo.tn\/fr\/wp-content\/uploads\/2025\/06\/Webdo-Tunisie_168377.jpg","contentUrl":"https:\/\/www.webdo.tn\/fr\/wp-content\/uploads\/2025\/06\/Webdo-Tunisie_168377.jpg","width":301,"height":301,"caption":"Webdo"},"image":{"@id":"https:\/\/www.webdo.tn\/fr\/#\/schema\/logo\/image\/"},"sameAs":["https:\/\/www.facebook.com\/webdotn","https:\/\/x.com\/webdo_tn"],"description":"Webdo est un m\u00e9dia num\u00e9rique tunisien fond\u00e9 en 2010, sp\u00e9cialis\u00e9 dans l\u2019actualit\u00e9 nationale et internationale, l\u2019\u00e9conomie, la soci\u00e9t\u00e9 et les analyses politiques. Le site s\u2019adresse \u00e0 un large public francophone et couvre l\u2019information tunisienne en temps r\u00e9el.","email":"redac@webdo.tn","legalName":"YNJ SARL","foundingDate":"2010-09-06","numberOfEmployees":{"@type":"QuantitativeValue","minValue":"11","maxValue":"50"}},{"@type":"Person","@id":"https:\/\/www.webdo.tn\/fr\/#\/schema\/person\/2c4929cbf5a809e3bd38617c6ce150f6","name":"MC","image":{"@type":"ImageObject","inLanguage":"fr-FR","@id":"https:\/\/secure.gravatar.com\/avatar\/a545bbb6f84efdd5553dbbc2895e3ca8f1d12c5215e00a041c9670b54aa9b18a?s=96&d=mm&r=g","url":"https:\/\/secure.gravatar.com\/avatar\/a545bbb6f84efdd5553dbbc2895e3ca8f1d12c5215e00a041c9670b54aa9b18a?s=96&d=mm&r=g","contentUrl":"https:\/\/secure.gravatar.com\/avatar\/a545bbb6f84efdd5553dbbc2895e3ca8f1d12c5215e00a041c9670b54aa9b18a?s=96&d=mm&r=g","caption":"MC"},"url":"https:\/\/www.webdo.tn\/fr\/actualite\/author\/mc\/"}]}},"_links":{"self":[{"href":"https:\/\/www.webdo.tn\/fr\/wp-json\/wp\/v2\/posts\/205889","targetHints":{"allow":["GET"]}}],"collection":[{"href":"https:\/\/www.webdo.tn\/fr\/wp-json\/wp\/v2\/posts"}],"about":[{"href":"https:\/\/www.webdo.tn\/fr\/wp-json\/wp\/v2\/types\/post"}],"author":[{"embeddable":true,"href":"https:\/\/www.webdo.tn\/fr\/wp-json\/wp\/v2\/users\/3162"}],"replies":[{"embeddable":true,"href":"https:\/\/www.webdo.tn\/fr\/wp-json\/wp\/v2\/comments?post=205889"}],"version-history":[{"count":0,"href":"https:\/\/www.webdo.tn\/fr\/wp-json\/wp\/v2\/posts\/205889\/revisions"}],"wp:featuredmedia":[{"embeddable":true,"href":"https:\/\/www.webdo.tn\/fr\/wp-json\/wp\/v2\/media\/251103"}],"wp:attachment":[{"href":"https:\/\/www.webdo.tn\/fr\/wp-json\/wp\/v2\/media?parent=205889"}],"wp:term":[{"taxonomy":"category","embeddable":true,"href":"https:\/\/www.webdo.tn\/fr\/wp-json\/wp\/v2\/categories?post=205889"},{"taxonomy":"post_tag","embeddable":true,"href":"https:\/\/www.webdo.tn\/fr\/wp-json\/wp\/v2\/tags?post=205889"}],"curies":[{"name":"wp","href":"https:\/\/api.w.org\/{rel}","templated":true}]}}