{"id":205887,"date":"2023-05-20T09:39:00","date_gmt":"2023-05-20T09:39:00","guid":{"rendered":"https:\/\/www.webdo.tn\/fr\/blog\/cannes-2023-3\/205887\/"},"modified":"2025-05-21T08:56:39","modified_gmt":"2025-05-21T08:56:39","slug":"cannes-2023-3","status":"publish","type":"post","link":"https:\/\/www.webdo.tn\/fr\/actualite\/culture\/cannes-2023-3\/205887\/","title":{"rendered":"Cannes 2023 : \u00ab\u00a0Les Filles d&rsquo;Olfa\u00a0\u00bb mettent la Tunisie \u00e0 l&rsquo;honneur"},"content":{"rendered":"<div class=\"single-body entry-content typography-copy\" itemprop=\"articleBody\">\n<p style=\"font-weight: bold; text-align: justify\">\n\t\t\t\t\t\t\t\t\tLe vendredi 19 mai \u00e0 22h, l&rsquo;\u00e9quipe du film tunisien Les Filles d&rsquo;Olfa, r\u00e9alis\u00e9 par Kaouther Ben Hania, a gravi les marches du prestigieux Festival de Cannes.\n\t\t\t\t\t\t\t\t<\/p>\n<div class=\"coprs\" style=\"text-align: center\"><\/div>\n<div class=\"coprs\" style=\"text-align: justify\">\n<p><span><span>La programmation de ce film un vendredi, en soir\u00e9e gala et \u00e0 une heure de grande visibilit\u00e9, t\u00e9moigne de sa mise en valeur exceptionnelle.<\/span><\/span><\/p>\n<p><span><span>\u00c0 l&rsquo;issue de la projection, la r\u00e9alisatrice a r\u00e9v\u00e9l\u00e9 que Thierry Fr\u00e9maux, d\u00e9l\u00e9gu\u00e9 g\u00e9n\u00e9ral du festival, lui avait confi\u00e9 une information marquante : <em><a href=\"https:\/\/www.webdo.tn\/fr\/author\/2\/neila-driss#:~:text=Cannes%202023%20%2D%20%C2%AB%C2%A0Les%20filles%20d%E2%80%99Olfa%C2%A0%C2%BB%C2%A0de%20Kaouther%20Ben%20Hania%20en%20s%C3%A9lection%20officielle\">Les Filles d&rsquo;Olfa<\/a><\/em> est le tout premier film \u00e0 \u00eatre s\u00e9lectionn\u00e9 en comp\u00e9tition officielle pour cette 76\u00e8me \u00e9dition du festival de Cannes. Cela prouve \u00e0 quel point il a plu \u00e0 la direction artistique du festival. D&rsquo;ailleurs, Thierry Fr\u00e9maux avait \u00e9logieusement parl\u00e9 du film lors de la conf\u00e9rence de presse qu&rsquo;il avait donn\u00e9e le 15 mai, un jour avant l&rsquo;ouverture du festival.<\/span><\/span><\/p>\n<p><span><span>La mont\u00e9e des marches a \u00e9t\u00e9 marqu\u00e9e par la pr\u00e9sence de nombreux invit\u00e9s, tunisiens et \u00e9trangers. Parmi les personnalit\u00e9s tunisiennes figuraient la Ministre des Affaires Culturelles Hayet Guettat, le Consul de Tunisie \u00e0 Nice Kamel Ben Hassine, le directeur du CNCI Noomen Hamrouni, ainsi que la directrice ex\u00e9cutive des Journ\u00e9es Cin\u00e9matographiques de Carthage (JCC) Lamia Belkaid et son mari, le producteur Taoufik Guiga. \u00c9taient \u00e9galement pr\u00e9sents le r\u00e9alisateur Brahim Letaief, le pr\u00e9sident du <a href=\"MIFF%202023%20-%20Une%20diversite%CC%81%20culturelle%20a%CC%80%20travers%20des%20films%20et%20des%20activite%CC%81s%20cine%CC%81matographiques\">Master Festival international du film<\/a> (MIFF) \u00e0 Hammamet, Moktar Ladjimi, les productrices Dorra Bouchoucha et Lina Chaabane, ainsi que Habib Attia, Lassaad et Rafik Kilani qui ont coproduit le film.<\/span><\/span><\/p>\n<p><img decoding=\"async\" alt=\"\" height=\"473\" src=\"\/assets\/uploads\/images\/\/Neila\/Cannes%202023%20MONT2E%20INVIT2S.jpeg\" width=\"1079\"><\/p>\n<p><span><span>Parmi les invit\u00e9s \u00e9trangers se trouvaient le sc\u00e9nariste et producteur Mohamed Hefzy, le cofondateur du festival d&rsquo;El Gouna Samih Sawiris, le directeur g\u00e9n\u00e9ral du festival d&rsquo;El Gouna Amr Mansy, le r\u00e9alisateur et directeur g\u00e9n\u00e9ral du Festival International du Film du Caire Amir Ramses, Alaa Karkouti et Maher Diab de Mad Solution, les critiques Ahmed Shawky et Andrew Mohsen, et le <a href=\"https:\/\/www.webdo.tn\/fr\/actualite\/culture\/daniel-ziskind-le-mec-qui-promeut-le-cinema-arabe\/199777\">producteur Daniel Ziskind.<\/a><\/span><\/span><\/p>\n<p>\u00a0<\/p>\n<p><iframe allowfullscreen=\"true\" frameborder=\"0\" height=\"314\" scrolling=\"no\" src=\"https:\/\/www.facebook.com\/plugins\/video.php?height=314&amp;href=https%3A%2F%2Fwww.facebook.com%2Fmassir.destiniii%2Fvideos%2F932539624689687%2F&amp;show_text=false&amp;width=560&amp;t=0\" width=\"560\"><\/iframe><\/p>\n<p>\u00a0<\/p>\n<p><span><span>L&rsquo;\u00e9quipe du film, comprenant la r\u00e9alisatrice Kaouther Ben Hania, les protagonistes du film Olfa Hamrouni et ses deux filles Eya et Tayssir Chikhaoui, les actrices Hend Sabry, Nour Karoui et Ichraq Matar, l&rsquo;acteur Majd Mastoura et le producteur Nadim Cheikhrouha, a fait une mont\u00e9e des marches \u00e9mouvante. Apr\u00e8s la projection du film, le public a r\u00e9serv\u00e9 une ovation debout d&rsquo;environ dix minutes, t\u00e9moignant ainsi de l&rsquo;impact profond qu&rsquo;a eu <em>Les Filles d&rsquo;Olfa<\/em> sur les spectateurs.<\/span><\/span><\/p>\n<p><span><span>Profond\u00e9ment \u00e9mue et en larmes, la r\u00e9alisatrice a prononc\u00e9 quelques mots pour exprimer sa gratitude envers tous ceux qui l&rsquo;ont soutenue et a cri\u00e9 avec fiert\u00e9 : \u00ab\u00a0<strong><em>On est \u00e0 Canneeeeeeees !\u00a0\u00bb.<\/em><\/strong><\/span><\/span><\/p>\n<p>\u00a0<\/p>\n<p><iframe allowfullscreen=\"true\" frameborder=\"0\" height=\"314\" scrolling=\"no\" src=\"https:\/\/www.facebook.com\/plugins\/video.php?height=314&amp;href=https%3A%2F%2Fwww.facebook.com%2Fmassir.destiniii%2Fvideos%2F261246693068482%2F&amp;show_text=false&amp;width=560&amp;t=0\" width=\"560\"><\/iframe><\/p>\n<p>\u00a0<\/p>\n<p><span><span><a href=\"https:\/\/www.webdo.tn\/fr\/actualite\/culture\/le-cinema-tunisien-au-festival-de-cannes-de-1955-a-2023\/205546\">Cette s\u00e9lection en comp\u00e9tition officielle marque un tournant pour le cin\u00e9ma tunisien, qui n&rsquo;avait plus \u00e9t\u00e9 repr\u00e9sent\u00e9 \u00e0 ce niveau depuis 1970.<\/a><\/span><\/span><\/p>\n<p>\u00a0<\/p>\n<p><span><span>En seulement deux ans, Kaouther Ben Hania a offert \u00e0 la Tunisie <a href=\"https:\/\/www.webdo.tn\/fr\/actualite\/culture\/lhomme-qui-a-vendu-sa-peau-est-nomme-a-loscar-2021-du-meilleur-film-international\/199961\">sa premi\u00e8re nomination \u00e0 l&rsquo;Oscar du meilleur film international<\/a> et une s\u00e9lection en comp\u00e9tition officielle \u00e0 Cannes depuis 53 ans. Hasard de calendrier, cela co\u00efncide avec le centenaire du cin\u00e9ma tunisien. Et autre clin d&rsquo;\u0153il \u00e0 l&rsquo;histoire, c&rsquo;est une femme qui a r\u00e9alis\u00e9 ces deux exploits, une femme tunisienne !<\/span><\/span><\/p>\n<p><span><span>Cette soir\u00e9e a \u00e9galement \u00e9t\u00e9 marqu\u00e9e par une ambiance tunisienne \u00e0 Cannes, mettant en valeur la richesse culturelle du pays. L&rsquo;\u00e9v\u00e9nement a soulign\u00e9 l&rsquo;importance de la culture en tant qu&rsquo;ambassadrice d&rsquo;une nation, permettant de promouvoir un pays et de cr\u00e9er des connexions avec le reste du monde. La pr\u00e9sence des <em>Filles d&rsquo;Olfa <\/em>\u00e0 Cannes suscite un bonheur et une fiert\u00e9 indescriptibles en voyant leur pays \u00e0 l&rsquo;honneur de cette mani\u00e8re.<\/span><\/span><\/p>\n<p>\u00a0<\/p>\n<p><iframe allowfullscreen=\"true\" frameborder=\"0\" height=\"314\" scrolling=\"no\" src=\"https:\/\/www.facebook.com\/plugins\/video.php?height=314&amp;href=https%3A%2F%2Fwww.facebook.com%2Fmassir.destiniii%2Fvideos%2F943126903555103%2F&amp;show_text=false&amp;width=560&amp;t=0\" width=\"560\"><\/iframe><\/p>\n<p>\u00a0<\/p>\n<p><span><span>Il serait temps que nos dirigeants comprennent l&rsquo;importance de la culture et ses retomb\u00e9es pour le pays, sur plusieurs plans, sociaux, \u00e9conomiques, etc. Le Minist\u00e8re des Affaires Culturelles n&rsquo;est pas un minist\u00e8re des loisirs et du temps perdu, il devrait collaborer avec d&rsquo;autres minist\u00e8res importants tels que le minist\u00e8re du tourisme ou le minist\u00e8re des affaires \u00e9trang\u00e8res pour faire briller la Tunisie, sa culture, son histoire et son patrimoine.<\/span><\/span><\/p>\n<p><span><span>Apr\u00e8s la projection, une soir\u00e9e a \u00e9t\u00e9 organis\u00e9e par les coproducteurs et le distributeur en France, offrant ainsi l&rsquo;occasion aux membres de l&rsquo;\u00e9quipe du film, aux invit\u00e9s et aux repr\u00e9sentants de l&rsquo;industrie cin\u00e9matographique de c\u00e9l\u00e9brer ce succ\u00e8s remarquable.<\/span><\/span><\/p>\n<p><span><span>Un article d\u00e9taill\u00e9 sur le film suivra, offrant une analyse approfondie de son contenu et de sa r\u00e9alisation. <em>Les Filles d&rsquo;Olfa <\/em>repr\u00e9sente une avanc\u00e9e significative pour le cin\u00e9ma tunisien et une preuve \u00e9clatante de la capacit\u00e9 des Tunisiens \u00e0 r\u00e9aliser des miracles lorsqu&rsquo;on leur donne l&rsquo;opportunit\u00e9 de travailler.<\/span><\/span><\/p>\n<p><span><span><strong><span>Ne\u00efla Driss<\/span><\/strong><\/span><\/span><\/p>\n<p>\u00a0<\/p>\n<p>\u00a0<\/p>\n<p>\u00a0<\/p>\n<p>\u00a0<\/p>\n<p>\u00a0<\/p>\n<p>\u00a0<\/p>\n<\/p><\/div>\n<div class=\"coprs\" style=\"text-align: center\"><\/div><\/div>\n","protected":false},"excerpt":{"rendered":"<p>Le vendredi 19 mai \u00e0 22h, l&rsquo;\u00e9quipe du film tunisien Les Filles d&rsquo;Olfa, r\u00e9alis\u00e9 par Kaouther Ben Hania, a gravi les marches du prestigieux Festival de Cannes.<\/p>\n","protected":false},"author":3164,"featured_media":251100,"comment_status":"open","ping_status":"closed","sticky":false,"template":"","format":"standard","meta":{"footnotes":""},"categories":[2594],"tags":[7127,2626,2656,2627,6882],"class_list":["post-205887","post","type-post","status-publish","format-standard","has-post-thumbnail","hentry","category-culture","tag-cannes-2023","tag-cinema","tag-cinema-tunisien","tag-festival-de-cannes","tag-kaouther-ben-hania"],"yoast_head":"<!-- This site is optimized with the Yoast SEO Premium plugin v27.4 (Yoast SEO v27.4) - https:\/\/yoast.com\/product\/yoast-seo-premium-wordpress\/ -->\n<title>Cannes 2023 : Les Filles d&#039;Olfa mettent la Tunisie \u00e0 l&#039;honneur<\/title>\n<meta name=\"description\" content=\"Le vendredi 19 mai \u00e0 22h, l&#039;\u00e9quipe du film tunisien Les Filles d&#039;Olfa, r\u00e9alis\u00e9 par Kaouther Ben Hania, a gravi les marches du prestigieux Festival de Cannes.\" \/>\n<link rel=\"canonical\" href=\"https:\/\/www.webdo.tn\/fr\/actualite\/culture\/cannes-2023-3\/205887\/\" \/>\n<meta property=\"og:locale\" content=\"fr_FR\" \/>\n<meta property=\"og:type\" content=\"article\" \/>\n<meta property=\"og:title\" content=\"Cannes 2023 : &quot;Les Filles d&#039;Olfa&quot; mettent la Tunisie \u00e0 l&#039;honneur\" \/>\n<meta property=\"og:description\" content=\"Le vendredi 19 mai \u00e0 22h, l&#039;\u00e9quipe du film tunisien Les Filles d&#039;Olfa, r\u00e9alis\u00e9 par Kaouther Ben Hania, a gravi les marches du prestigieux Festival de Cannes.\" \/>\n<meta property=\"og:url\" content=\"https:\/\/www.webdo.tn\/fr\/actualite\/culture\/cannes-2023-3\/205887\/\" \/>\n<meta property=\"og:site_name\" content=\"webdo\" \/>\n<meta property=\"article:publisher\" content=\"https:\/\/www.facebook.com\/webdotn\" \/>\n<meta property=\"article:author\" content=\"https:\/\/www.facebook.com\/massir.destiniii\/\" \/>\n<meta property=\"article:published_time\" content=\"2023-05-20T09:39:00+00:00\" \/>\n<meta property=\"article:modified_time\" content=\"2025-05-21T08:56:39+00:00\" \/>\n<meta property=\"og:image\" content=\"https:\/\/www.webdo.tn\/fr\/wp-content\/uploads\/2023\/05\/0aa43ed20eed47f2a905faa1d503fbea.jpeg\" \/>\n\t<meta property=\"og:image:width\" content=\"750\" \/>\n\t<meta property=\"og:image:height\" content=\"400\" \/>\n\t<meta property=\"og:image:type\" content=\"image\/jpeg\" \/>\n<meta name=\"author\" content=\"Ne\u00efla DRISS\" \/>\n<meta name=\"twitter:card\" content=\"summary_large_image\" \/>\n<meta name=\"twitter:creator\" content=\"@https:\/\/x.com\/MassirDestin\" \/>\n<meta name=\"twitter:site\" content=\"@webdo_tn\" \/>\n<meta name=\"twitter:label1\" content=\"\u00c9crit par\" \/>\n\t<meta name=\"twitter:data1\" content=\"Ne\u00efla DRISS\" \/>\n\t<meta name=\"twitter:label2\" content=\"Dur\u00e9e de lecture estim\u00e9e\" \/>\n\t<meta name=\"twitter:data2\" content=\"4 minutes\" \/>\n<script type=\"application\/ld+json\" class=\"yoast-schema-graph\">{\"@context\":\"https:\\\/\\\/schema.org\",\"@graph\":[{\"@type\":\"NewsArticle\",\"@id\":\"https:\\\/\\\/www.webdo.tn\\\/fr\\\/actualite\\\/culture\\\/cannes-2023-3\\\/205887\\\/#article\",\"isPartOf\":{\"@id\":\"https:\\\/\\\/www.webdo.tn\\\/fr\\\/actualite\\\/culture\\\/cannes-2023-3\\\/205887\\\/\"},\"author\":{\"name\":\"Ne\u00efla DRISS\",\"@id\":\"https:\\\/\\\/www.webdo.tn\\\/fr\\\/#\\\/schema\\\/person\\\/60d5ba619ed3f58783b0dc82b7dada80\"},\"headline\":\"Cannes 2023 : \u00ab\u00a0Les Filles d&rsquo;Olfa\u00a0\u00bb mettent la Tunisie \u00e0 l&rsquo;honneur\",\"datePublished\":\"2023-05-20T09:39:00+00:00\",\"dateModified\":\"2025-05-21T08:56:39+00:00\",\"mainEntityOfPage\":{\"@id\":\"https:\\\/\\\/www.webdo.tn\\\/fr\\\/actualite\\\/culture\\\/cannes-2023-3\\\/205887\\\/\"},\"wordCount\":820,\"commentCount\":0,\"publisher\":{\"@id\":\"https:\\\/\\\/www.webdo.tn\\\/fr\\\/#organization\"},\"image\":{\"@id\":\"https:\\\/\\\/www.webdo.tn\\\/fr\\\/actualite\\\/culture\\\/cannes-2023-3\\\/205887\\\/#primaryimage\"},\"thumbnailUrl\":\"https:\\\/\\\/www.webdo.tn\\\/fr\\\/wp-content\\\/uploads\\\/2023\\\/05\\\/0aa43ed20eed47f2a905faa1d503fbea.jpeg\",\"keywords\":[\"Cannes 2023\",\"Cin\u00e9ma\",\"cin\u00e9ma tunisien\",\"Festival de Cannes\",\"Kaouther Ben Hania\"],\"articleSection\":[\"Culture\"],\"inLanguage\":\"fr-FR\"},{\"@type\":\"WebPage\",\"@id\":\"https:\\\/\\\/www.webdo.tn\\\/fr\\\/actualite\\\/culture\\\/cannes-2023-3\\\/205887\\\/\",\"url\":\"https:\\\/\\\/www.webdo.tn\\\/fr\\\/actualite\\\/culture\\\/cannes-2023-3\\\/205887\\\/\",\"name\":\"Cannes 2023 : Les Filles d'Olfa mettent la Tunisie \u00e0 l'honneur\",\"isPartOf\":{\"@id\":\"https:\\\/\\\/www.webdo.tn\\\/fr\\\/#website\"},\"primaryImageOfPage\":{\"@id\":\"https:\\\/\\\/www.webdo.tn\\\/fr\\\/actualite\\\/culture\\\/cannes-2023-3\\\/205887\\\/#primaryimage\"},\"image\":{\"@id\":\"https:\\\/\\\/www.webdo.tn\\\/fr\\\/actualite\\\/culture\\\/cannes-2023-3\\\/205887\\\/#primaryimage\"},\"thumbnailUrl\":\"https:\\\/\\\/www.webdo.tn\\\/fr\\\/wp-content\\\/uploads\\\/2023\\\/05\\\/0aa43ed20eed47f2a905faa1d503fbea.jpeg\",\"datePublished\":\"2023-05-20T09:39:00+00:00\",\"dateModified\":\"2025-05-21T08:56:39+00:00\",\"description\":\"Le vendredi 19 mai \u00e0 22h, l'\u00e9quipe du film tunisien Les Filles d'Olfa, r\u00e9alis\u00e9 par Kaouther Ben Hania, a gravi les marches du prestigieux Festival de Cannes.\",\"breadcrumb\":{\"@id\":\"https:\\\/\\\/www.webdo.tn\\\/fr\\\/actualite\\\/culture\\\/cannes-2023-3\\\/205887\\\/#breadcrumb\"},\"inLanguage\":\"fr-FR\",\"potentialAction\":[{\"@type\":\"ReadAction\",\"target\":[\"https:\\\/\\\/www.webdo.tn\\\/fr\\\/actualite\\\/culture\\\/cannes-2023-3\\\/205887\\\/\"]}]},{\"@type\":\"ImageObject\",\"inLanguage\":\"fr-FR\",\"@id\":\"https:\\\/\\\/www.webdo.tn\\\/fr\\\/actualite\\\/culture\\\/cannes-2023-3\\\/205887\\\/#primaryimage\",\"url\":\"https:\\\/\\\/www.webdo.tn\\\/fr\\\/wp-content\\\/uploads\\\/2023\\\/05\\\/0aa43ed20eed47f2a905faa1d503fbea.jpeg\",\"contentUrl\":\"https:\\\/\\\/www.webdo.tn\\\/fr\\\/wp-content\\\/uploads\\\/2023\\\/05\\\/0aa43ed20eed47f2a905faa1d503fbea.jpeg\",\"width\":750,\"height\":400,\"caption\":\"Cannes 2023 : \\\"Les Filles d'Olfa\\\" mettent la Tunisie \u00e0 l'honneur\"},{\"@type\":\"BreadcrumbList\",\"@id\":\"https:\\\/\\\/www.webdo.tn\\\/fr\\\/actualite\\\/culture\\\/cannes-2023-3\\\/205887\\\/#breadcrumb\",\"itemListElement\":[{\"@type\":\"ListItem\",\"position\":1,\"name\":\"Accueil\",\"item\":\"https:\\\/\\\/www.webdo.tn\\\/fr\\\/\"},{\"@type\":\"ListItem\",\"position\":2,\"name\":\"Cannes 2023 : \u00ab\u00a0Les Filles d&rsquo;Olfa\u00a0\u00bb mettent la Tunisie \u00e0 l&rsquo;honneur\"}]},{\"@type\":\"WebSite\",\"@id\":\"https:\\\/\\\/www.webdo.tn\\\/fr\\\/#website\",\"url\":\"https:\\\/\\\/www.webdo.tn\\\/fr\\\/\",\"name\":\"webdo\",\"description\":\"Tunisie - News en Tunisie et \u00e0 l&#039;international sur Webdo.tn\",\"publisher\":{\"@id\":\"https:\\\/\\\/www.webdo.tn\\\/fr\\\/#organization\"},\"potentialAction\":[{\"@type\":\"SearchAction\",\"target\":{\"@type\":\"EntryPoint\",\"urlTemplate\":\"https:\\\/\\\/www.webdo.tn\\\/fr\\\/?s={search_term_string}\"},\"query-input\":{\"@type\":\"PropertyValueSpecification\",\"valueRequired\":true,\"valueName\":\"search_term_string\"}}],\"inLanguage\":\"fr-FR\"},{\"@type\":\"Organization\",\"@id\":\"https:\\\/\\\/www.webdo.tn\\\/fr\\\/#organization\",\"name\":\"Webdo\",\"alternateName\":\"Webdo.tn\",\"url\":\"https:\\\/\\\/www.webdo.tn\\\/fr\\\/\",\"logo\":{\"@type\":\"ImageObject\",\"inLanguage\":\"fr-FR\",\"@id\":\"https:\\\/\\\/www.webdo.tn\\\/fr\\\/#\\\/schema\\\/logo\\\/image\\\/\",\"url\":\"https:\\\/\\\/www.webdo.tn\\\/fr\\\/wp-content\\\/uploads\\\/2025\\\/06\\\/Webdo-Tunisie_168377.jpg\",\"contentUrl\":\"https:\\\/\\\/www.webdo.tn\\\/fr\\\/wp-content\\\/uploads\\\/2025\\\/06\\\/Webdo-Tunisie_168377.jpg\",\"width\":301,\"height\":301,\"caption\":\"Webdo\"},\"image\":{\"@id\":\"https:\\\/\\\/www.webdo.tn\\\/fr\\\/#\\\/schema\\\/logo\\\/image\\\/\"},\"sameAs\":[\"https:\\\/\\\/www.facebook.com\\\/webdotn\",\"https:\\\/\\\/x.com\\\/webdo_tn\"],\"description\":\"Webdo est un m\u00e9dia num\u00e9rique tunisien fond\u00e9 en 2010, sp\u00e9cialis\u00e9 dans l\u2019actualit\u00e9 nationale et internationale, l\u2019\u00e9conomie, la soci\u00e9t\u00e9 et les analyses politiques. Le site s\u2019adresse \u00e0 un large public francophone et couvre l\u2019information tunisienne en temps r\u00e9el.\",\"email\":\"redac@webdo.tn\",\"legalName\":\"YNJ SARL\",\"foundingDate\":\"2010-09-06\",\"numberOfEmployees\":{\"@type\":\"QuantitativeValue\",\"minValue\":\"11\",\"maxValue\":\"50\"}},{\"@type\":\"Person\",\"@id\":\"https:\\\/\\\/www.webdo.tn\\\/fr\\\/#\\\/schema\\\/person\\\/60d5ba619ed3f58783b0dc82b7dada80\",\"name\":\"Ne\u00efla DRISS\",\"image\":{\"@type\":\"ImageObject\",\"inLanguage\":\"fr-FR\",\"@id\":\"https:\\\/\\\/www.webdo.tn\\\/fr\\\/wp-content\\\/uploads\\\/2026\\\/04\\\/neila-driss_avatar-96x96.jpg\",\"url\":\"https:\\\/\\\/www.webdo.tn\\\/fr\\\/wp-content\\\/uploads\\\/2026\\\/04\\\/neila-driss_avatar-96x96.jpg\",\"contentUrl\":\"https:\\\/\\\/www.webdo.tn\\\/fr\\\/wp-content\\\/uploads\\\/2026\\\/04\\\/neila-driss_avatar-96x96.jpg\",\"caption\":\"Ne\u00efla DRISS\"},\"description\":\"Ne\u00efla Driss est juriste, journaliste culturelle et critique de cin\u00e9ma tunisienne. Titulaire d\u2019un DEA en droit priv\u00e9 de l\u2019Universit\u00e9 Paris II et d\u2019un DESS de l\u2019IHEC Carthage, elle d\u00e9bute sa carri\u00e8re comme juriste sp\u00e9cialis\u00e9e en gestion de patrimoine immobilier. Elle s\u2019oriente ensuite vers l\u2019\u00e9criture en ligne, o\u00f9 elle se distingue d\u00e8s 2006 aux Tunisia Blog Awards, avant de se consacrer au journalisme culturel, avec une sp\u00e9cialisation dans la critique cin\u00e9matographique. Elle couvre r\u00e9guli\u00e8rement les grands festivals internationaux, notamment le Festival de Cannes, les Journ\u00e9es Cin\u00e9matographiques de Carthage et le Festival du film du Caire. Membre de l\u2019ATPCC et de la FIPRESCI, elle participe \u00e0 des jurys et initiatives internationales de critique. Depuis 2024, elle est \u00e9lectrice internationale aux Golden Globes. Facebook : https:\\\/\\\/www.facebook.com\\\/massir.destiniii\\\/ X : https:\\\/\\\/x.com\\\/MassirDestin\",\"sameAs\":[\"https:\\\/\\\/www.facebook.com\\\/massir.destiniii\\\/\",\"https:\\\/\\\/www.instagram.com\\\/neila.driss\\\/?hl=fr\",\"https:\\\/\\\/www.linkedin.com\\\/in\\\/neila-driss-22606a80\\\/\",\"https:\\\/\\\/x.com\\\/https:\\\/\\\/x.com\\\/MassirDestin\"],\"knowsAbout\":[\"Cin\u00e9ma international\",\"critique cin\u00e9matographique\",\"festivals de cin\u00e9ma\",\"journalisme culturel\"],\"knowsLanguage\":[\"Fran\u00e7ais\",\"Arabe\",\"Anglais\"],\"jobTitle\":\"Journaliste culturelle et critique de cin\u00e9ma\",\"worksFor\":\"Webdo\",\"url\":\"https:\\\/\\\/www.webdo.tn\\\/fr\\\/actualite\\\/author\\\/neila-driss\\\/\"}]}<\/script>\n<!-- \/ Yoast SEO Premium plugin. -->","yoast_head_json":{"title":"Cannes 2023 : Les Filles d'Olfa mettent la Tunisie \u00e0 l'honneur","description":"Le vendredi 19 mai \u00e0 22h, l'\u00e9quipe du film tunisien Les Filles d'Olfa, r\u00e9alis\u00e9 par Kaouther Ben Hania, a gravi les marches du prestigieux Festival de Cannes.","canonical":"https:\/\/www.webdo.tn\/fr\/actualite\/culture\/cannes-2023-3\/205887\/","og_locale":"fr_FR","og_type":"article","og_title":"Cannes 2023 : \"Les Filles d'Olfa\" mettent la Tunisie \u00e0 l'honneur","og_description":"Le vendredi 19 mai \u00e0 22h, l'\u00e9quipe du film tunisien Les Filles d'Olfa, r\u00e9alis\u00e9 par Kaouther Ben Hania, a gravi les marches du prestigieux Festival de Cannes.","og_url":"https:\/\/www.webdo.tn\/fr\/actualite\/culture\/cannes-2023-3\/205887\/","og_site_name":"webdo","article_publisher":"https:\/\/www.facebook.com\/webdotn","article_author":"https:\/\/www.facebook.com\/massir.destiniii\/","article_published_time":"2023-05-20T09:39:00+00:00","article_modified_time":"2025-05-21T08:56:39+00:00","og_image":[{"width":750,"height":400,"url":"https:\/\/www.webdo.tn\/fr\/wp-content\/uploads\/2023\/05\/0aa43ed20eed47f2a905faa1d503fbea.jpeg","type":"image\/jpeg"}],"author":"Ne\u00efla DRISS","twitter_card":"summary_large_image","twitter_creator":"@https:\/\/x.com\/MassirDestin","twitter_site":"@webdo_tn","twitter_misc":{"\u00c9crit par":"Ne\u00efla DRISS","Dur\u00e9e de lecture estim\u00e9e":"4 minutes"},"schema":{"@context":"https:\/\/schema.org","@graph":[{"@type":"NewsArticle","@id":"https:\/\/www.webdo.tn\/fr\/actualite\/culture\/cannes-2023-3\/205887\/#article","isPartOf":{"@id":"https:\/\/www.webdo.tn\/fr\/actualite\/culture\/cannes-2023-3\/205887\/"},"author":{"name":"Ne\u00efla DRISS","@id":"https:\/\/www.webdo.tn\/fr\/#\/schema\/person\/60d5ba619ed3f58783b0dc82b7dada80"},"headline":"Cannes 2023 : \u00ab\u00a0Les Filles d&rsquo;Olfa\u00a0\u00bb mettent la Tunisie \u00e0 l&rsquo;honneur","datePublished":"2023-05-20T09:39:00+00:00","dateModified":"2025-05-21T08:56:39+00:00","mainEntityOfPage":{"@id":"https:\/\/www.webdo.tn\/fr\/actualite\/culture\/cannes-2023-3\/205887\/"},"wordCount":820,"commentCount":0,"publisher":{"@id":"https:\/\/www.webdo.tn\/fr\/#organization"},"image":{"@id":"https:\/\/www.webdo.tn\/fr\/actualite\/culture\/cannes-2023-3\/205887\/#primaryimage"},"thumbnailUrl":"https:\/\/www.webdo.tn\/fr\/wp-content\/uploads\/2023\/05\/0aa43ed20eed47f2a905faa1d503fbea.jpeg","keywords":["Cannes 2023","Cin\u00e9ma","cin\u00e9ma tunisien","Festival de Cannes","Kaouther Ben Hania"],"articleSection":["Culture"],"inLanguage":"fr-FR"},{"@type":"WebPage","@id":"https:\/\/www.webdo.tn\/fr\/actualite\/culture\/cannes-2023-3\/205887\/","url":"https:\/\/www.webdo.tn\/fr\/actualite\/culture\/cannes-2023-3\/205887\/","name":"Cannes 2023 : Les Filles d'Olfa mettent la Tunisie \u00e0 l'honneur","isPartOf":{"@id":"https:\/\/www.webdo.tn\/fr\/#website"},"primaryImageOfPage":{"@id":"https:\/\/www.webdo.tn\/fr\/actualite\/culture\/cannes-2023-3\/205887\/#primaryimage"},"image":{"@id":"https:\/\/www.webdo.tn\/fr\/actualite\/culture\/cannes-2023-3\/205887\/#primaryimage"},"thumbnailUrl":"https:\/\/www.webdo.tn\/fr\/wp-content\/uploads\/2023\/05\/0aa43ed20eed47f2a905faa1d503fbea.jpeg","datePublished":"2023-05-20T09:39:00+00:00","dateModified":"2025-05-21T08:56:39+00:00","description":"Le vendredi 19 mai \u00e0 22h, l'\u00e9quipe du film tunisien Les Filles d'Olfa, r\u00e9alis\u00e9 par Kaouther Ben Hania, a gravi les marches du prestigieux Festival de Cannes.","breadcrumb":{"@id":"https:\/\/www.webdo.tn\/fr\/actualite\/culture\/cannes-2023-3\/205887\/#breadcrumb"},"inLanguage":"fr-FR","potentialAction":[{"@type":"ReadAction","target":["https:\/\/www.webdo.tn\/fr\/actualite\/culture\/cannes-2023-3\/205887\/"]}]},{"@type":"ImageObject","inLanguage":"fr-FR","@id":"https:\/\/www.webdo.tn\/fr\/actualite\/culture\/cannes-2023-3\/205887\/#primaryimage","url":"https:\/\/www.webdo.tn\/fr\/wp-content\/uploads\/2023\/05\/0aa43ed20eed47f2a905faa1d503fbea.jpeg","contentUrl":"https:\/\/www.webdo.tn\/fr\/wp-content\/uploads\/2023\/05\/0aa43ed20eed47f2a905faa1d503fbea.jpeg","width":750,"height":400,"caption":"Cannes 2023 : \"Les Filles d'Olfa\" mettent la Tunisie \u00e0 l'honneur"},{"@type":"BreadcrumbList","@id":"https:\/\/www.webdo.tn\/fr\/actualite\/culture\/cannes-2023-3\/205887\/#breadcrumb","itemListElement":[{"@type":"ListItem","position":1,"name":"Accueil","item":"https:\/\/www.webdo.tn\/fr\/"},{"@type":"ListItem","position":2,"name":"Cannes 2023 : \u00ab\u00a0Les Filles d&rsquo;Olfa\u00a0\u00bb mettent la Tunisie \u00e0 l&rsquo;honneur"}]},{"@type":"WebSite","@id":"https:\/\/www.webdo.tn\/fr\/#website","url":"https:\/\/www.webdo.tn\/fr\/","name":"webdo","description":"Tunisie - News en Tunisie et \u00e0 l&#039;international sur Webdo.tn","publisher":{"@id":"https:\/\/www.webdo.tn\/fr\/#organization"},"potentialAction":[{"@type":"SearchAction","target":{"@type":"EntryPoint","urlTemplate":"https:\/\/www.webdo.tn\/fr\/?s={search_term_string}"},"query-input":{"@type":"PropertyValueSpecification","valueRequired":true,"valueName":"search_term_string"}}],"inLanguage":"fr-FR"},{"@type":"Organization","@id":"https:\/\/www.webdo.tn\/fr\/#organization","name":"Webdo","alternateName":"Webdo.tn","url":"https:\/\/www.webdo.tn\/fr\/","logo":{"@type":"ImageObject","inLanguage":"fr-FR","@id":"https:\/\/www.webdo.tn\/fr\/#\/schema\/logo\/image\/","url":"https:\/\/www.webdo.tn\/fr\/wp-content\/uploads\/2025\/06\/Webdo-Tunisie_168377.jpg","contentUrl":"https:\/\/www.webdo.tn\/fr\/wp-content\/uploads\/2025\/06\/Webdo-Tunisie_168377.jpg","width":301,"height":301,"caption":"Webdo"},"image":{"@id":"https:\/\/www.webdo.tn\/fr\/#\/schema\/logo\/image\/"},"sameAs":["https:\/\/www.facebook.com\/webdotn","https:\/\/x.com\/webdo_tn"],"description":"Webdo est un m\u00e9dia num\u00e9rique tunisien fond\u00e9 en 2010, sp\u00e9cialis\u00e9 dans l\u2019actualit\u00e9 nationale et internationale, l\u2019\u00e9conomie, la soci\u00e9t\u00e9 et les analyses politiques. Le site s\u2019adresse \u00e0 un large public francophone et couvre l\u2019information tunisienne en temps r\u00e9el.","email":"redac@webdo.tn","legalName":"YNJ SARL","foundingDate":"2010-09-06","numberOfEmployees":{"@type":"QuantitativeValue","minValue":"11","maxValue":"50"}},{"@type":"Person","@id":"https:\/\/www.webdo.tn\/fr\/#\/schema\/person\/60d5ba619ed3f58783b0dc82b7dada80","name":"Ne\u00efla DRISS","image":{"@type":"ImageObject","inLanguage":"fr-FR","@id":"https:\/\/www.webdo.tn\/fr\/wp-content\/uploads\/2026\/04\/neila-driss_avatar-96x96.jpg","url":"https:\/\/www.webdo.tn\/fr\/wp-content\/uploads\/2026\/04\/neila-driss_avatar-96x96.jpg","contentUrl":"https:\/\/www.webdo.tn\/fr\/wp-content\/uploads\/2026\/04\/neila-driss_avatar-96x96.jpg","caption":"Ne\u00efla DRISS"},"description":"Ne\u00efla Driss est juriste, journaliste culturelle et critique de cin\u00e9ma tunisienne. Titulaire d\u2019un DEA en droit priv\u00e9 de l\u2019Universit\u00e9 Paris II et d\u2019un DESS de l\u2019IHEC Carthage, elle d\u00e9bute sa carri\u00e8re comme juriste sp\u00e9cialis\u00e9e en gestion de patrimoine immobilier. Elle s\u2019oriente ensuite vers l\u2019\u00e9criture en ligne, o\u00f9 elle se distingue d\u00e8s 2006 aux Tunisia Blog Awards, avant de se consacrer au journalisme culturel, avec une sp\u00e9cialisation dans la critique cin\u00e9matographique. Elle couvre r\u00e9guli\u00e8rement les grands festivals internationaux, notamment le Festival de Cannes, les Journ\u00e9es Cin\u00e9matographiques de Carthage et le Festival du film du Caire. Membre de l\u2019ATPCC et de la FIPRESCI, elle participe \u00e0 des jurys et initiatives internationales de critique. Depuis 2024, elle est \u00e9lectrice internationale aux Golden Globes. Facebook : https:\/\/www.facebook.com\/massir.destiniii\/ X : https:\/\/x.com\/MassirDestin","sameAs":["https:\/\/www.facebook.com\/massir.destiniii\/","https:\/\/www.instagram.com\/neila.driss\/?hl=fr","https:\/\/www.linkedin.com\/in\/neila-driss-22606a80\/","https:\/\/x.com\/https:\/\/x.com\/MassirDestin"],"knowsAbout":["Cin\u00e9ma international","critique cin\u00e9matographique","festivals de cin\u00e9ma","journalisme culturel"],"knowsLanguage":["Fran\u00e7ais","Arabe","Anglais"],"jobTitle":"Journaliste culturelle et critique de cin\u00e9ma","worksFor":"Webdo","url":"https:\/\/www.webdo.tn\/fr\/actualite\/author\/neila-driss\/"}]}},"_links":{"self":[{"href":"https:\/\/www.webdo.tn\/fr\/wp-json\/wp\/v2\/posts\/205887","targetHints":{"allow":["GET"]}}],"collection":[{"href":"https:\/\/www.webdo.tn\/fr\/wp-json\/wp\/v2\/posts"}],"about":[{"href":"https:\/\/www.webdo.tn\/fr\/wp-json\/wp\/v2\/types\/post"}],"author":[{"embeddable":true,"href":"https:\/\/www.webdo.tn\/fr\/wp-json\/wp\/v2\/users\/3164"}],"replies":[{"embeddable":true,"href":"https:\/\/www.webdo.tn\/fr\/wp-json\/wp\/v2\/comments?post=205887"}],"version-history":[{"count":0,"href":"https:\/\/www.webdo.tn\/fr\/wp-json\/wp\/v2\/posts\/205887\/revisions"}],"wp:featuredmedia":[{"embeddable":true,"href":"https:\/\/www.webdo.tn\/fr\/wp-json\/wp\/v2\/media\/251100"}],"wp:attachment":[{"href":"https:\/\/www.webdo.tn\/fr\/wp-json\/wp\/v2\/media?parent=205887"}],"wp:term":[{"taxonomy":"category","embeddable":true,"href":"https:\/\/www.webdo.tn\/fr\/wp-json\/wp\/v2\/categories?post=205887"},{"taxonomy":"post_tag","embeddable":true,"href":"https:\/\/www.webdo.tn\/fr\/wp-json\/wp\/v2\/tags?post=205887"}],"curies":[{"name":"wp","href":"https:\/\/api.w.org\/{rel}","templated":true}]}}