{"id":205883,"date":"2023-05-20T08:56:00","date_gmt":"2023-05-20T08:56:00","guid":{"rendered":"https:\/\/www.webdo.tn\/fr\/blog\/elyes-gharbi-et-haythem-mekki-auditionnes-lundi-a-el-gorjani\/205883\/"},"modified":"2025-05-20T21:59:35","modified_gmt":"2025-05-20T21:59:35","slug":"elyes-gharbi-et-haythem-mekki-auditionnes-lundi-a-el-gorjani","status":"publish","type":"post","link":"https:\/\/www.webdo.tn\/fr\/actualite\/national\/elyes-gharbi-et-haythem-mekki-auditionnes-lundi-a-el-gorjani\/205883\/","title":{"rendered":"Elyes Gharbi et Haythem Mekki auditionn\u00e9s lundi \u00e0 El Gorjani"},"content":{"rendered":"<p>Les deux animateurs de Mosaique fm doivent \u00eatre auditionn\u00e9s \u00e0 propos du contenu journalistique de l&rsquo;\u00e9mission \u00ab\u00a0Midi Show\u00a0\u00bb, ce lundi 22 mai 2023.<\/p>\n<p>\t\t\t\t\t\t\t\t\tLe journaliste Elyes Gharbi et le chroniqueur Haythem Mekki, tous deux animateurs de l\u2019\u00e9mission \u00ab\u00a0Midi Show\u00a0\u00bb sur les ondes de la radio Mosaique fm, ont re\u00e7u une convocation, ce jeudi 18 mai 2023, de la direction des affaires criminelles d&rsquo;El Gorjani, pour qu&rsquo;ils soient auditionn\u00e9es \u00e0 propos du contenu journalistique de l&rsquo;\u00e9mission en question.<\/p>\n<p>L\u2019avocat du Syndicat national des journalistes tunisiens a d\u00e9pos\u00e9 une demande aupr\u00e8s de la sous-direction des affaires criminelles d\u2019El Gorjani pour reporter leur audition qui a ainsi \u00e9t\u00e9 report\u00e9e au lundi 22 mai 2023.<\/p>\n<p>A noter que la sous-direction des affaires criminelles d\u2019El Gorjani a convoqu\u00e9 Haythem El Mekki et Elyes Gharbi pour audition, sur la base d\u2019un contenu pr\u00e9sent\u00e9 dans l\u2019\u00e9mission Midi Show sur Mosa\u00efque FM.<\/p>\n<p>Leur convocation fait suite \u00e0 une plainte d\u00e9pos\u00e9e par le Syndicat du secr\u00e9tariat g\u00e9n\u00e9ral des forces de s\u00e9curit\u00e9 int\u00e9rieure, mercredi 17 mai, indique la radio.<\/p>\n","protected":false},"excerpt":{"rendered":"<p>Les deux animateurs de Mosaique fm doivent \u00eatre auditionn\u00e9s \u00e0 propos du contenu journalistique de l&rsquo;\u00e9mission  Midi Show , ce lundi 22 mai 2023.<\/p>\n","protected":false},"author":3162,"featured_media":251098,"comment_status":"open","ping_status":"closed","sticky":false,"template":"","format":"standard","meta":{"footnotes":""},"categories":[44],"tags":[8009,8411,8412,5809,5808],"class_list":["post-205883","post","type-post","status-publish","format-standard","has-post-thumbnail","hentry","category-national","tag-el-gorjani","tag-elyes-gharbi","tag-haythem-mekki","tag-midi-show","tag-mosaique-fm"],"yoast_head":"<!-- This site is optimized with the Yoast SEO Premium plugin v27.5 (Yoast SEO v27.5) - https:\/\/yoast.com\/product\/yoast-seo-premium-wordpress\/ -->\n<title>Elyes Gharbi et Haythem Mekki auditionn\u00e9s lundi \u00e0 El Gorjani<\/title>\n<meta name=\"description\" content=\"Les deux animateurs de Mosaique fm doivent \u00eatre auditionn\u00e9s \u00e0 propos du contenu journalistique de l&#039;\u00e9mission Midi Show , ce lundi 22 mai 2023.\" \/>\n<link rel=\"canonical\" href=\"https:\/\/www.webdo.tn\/fr\/actualite\/national\/elyes-gharbi-et-haythem-mekki-auditionnes-lundi-a-el-gorjani\/205883\/\" \/>\n<meta property=\"og:locale\" content=\"fr_FR\" \/>\n<meta property=\"og:type\" content=\"article\" \/>\n<meta property=\"og:title\" content=\"Elyes Gharbi et Haythem Mekki auditionn\u00e9s lundi \u00e0 El Gorjani\" \/>\n<meta property=\"og:description\" content=\"Les deux animateurs de Mosaique fm doivent \u00eatre auditionn\u00e9s \u00e0 propos du contenu journalistique de l&#039;\u00e9mission Midi Show , ce lundi 22 mai 2023.\" \/>\n<meta property=\"og:url\" content=\"https:\/\/www.webdo.tn\/fr\/actualite\/national\/elyes-gharbi-et-haythem-mekki-auditionnes-lundi-a-el-gorjani\/205883\/\" \/>\n<meta property=\"og:site_name\" content=\"webdo\" \/>\n<meta property=\"article:publisher\" content=\"https:\/\/www.facebook.com\/webdotn\" \/>\n<meta property=\"article:published_time\" content=\"2023-05-20T08:56:00+00:00\" \/>\n<meta property=\"article:modified_time\" content=\"2025-05-20T21:59:35+00:00\" \/>\n<meta property=\"og:image\" content=\"https:\/\/www.webdo.tn\/fr\/wp-content\/uploads\/2023\/05\/c715a1c204ba4932b30162679c8a87ad.jpg\" \/>\n\t<meta property=\"og:image:width\" content=\"750\" \/>\n\t<meta property=\"og:image:height\" content=\"400\" \/>\n\t<meta property=\"og:image:type\" content=\"image\/jpeg\" \/>\n<meta name=\"author\" content=\"MC\" \/>\n<meta name=\"twitter:card\" content=\"summary_large_image\" \/>\n<meta name=\"twitter:creator\" content=\"@webdo_tn\" \/>\n<meta name=\"twitter:site\" content=\"@webdo_tn\" \/>\n<meta name=\"twitter:label1\" content=\"\u00c9crit par\" \/>\n\t<meta name=\"twitter:data1\" content=\"MC\" \/>\n\t<meta name=\"twitter:label2\" content=\"Dur\u00e9e de lecture estim\u00e9e\" \/>\n\t<meta name=\"twitter:data2\" content=\"1 minute\" \/>\n<script type=\"application\/ld+json\" class=\"yoast-schema-graph\">{\"@context\":\"https:\\\/\\\/schema.org\",\"@graph\":[{\"@type\":\"NewsArticle\",\"@id\":\"https:\\\/\\\/www.webdo.tn\\\/fr\\\/actualite\\\/national\\\/elyes-gharbi-et-haythem-mekki-auditionnes-lundi-a-el-gorjani\\\/205883\\\/#article\",\"isPartOf\":{\"@id\":\"https:\\\/\\\/www.webdo.tn\\\/fr\\\/actualite\\\/national\\\/elyes-gharbi-et-haythem-mekki-auditionnes-lundi-a-el-gorjani\\\/205883\\\/\"},\"author\":{\"name\":\"MC\",\"@id\":\"https:\\\/\\\/www.webdo.tn\\\/fr\\\/#\\\/schema\\\/person\\\/2c4929cbf5a809e3bd38617c6ce150f6\"},\"headline\":\"Elyes Gharbi et Haythem Mekki auditionn\u00e9s lundi \u00e0 El Gorjani\",\"datePublished\":\"2023-05-20T08:56:00+00:00\",\"dateModified\":\"2025-05-20T21:59:35+00:00\",\"mainEntityOfPage\":{\"@id\":\"https:\\\/\\\/www.webdo.tn\\\/fr\\\/actualite\\\/national\\\/elyes-gharbi-et-haythem-mekki-auditionnes-lundi-a-el-gorjani\\\/205883\\\/\"},\"wordCount\":194,\"commentCount\":0,\"publisher\":{\"@id\":\"https:\\\/\\\/www.webdo.tn\\\/fr\\\/#organization\"},\"image\":{\"@id\":\"https:\\\/\\\/www.webdo.tn\\\/fr\\\/actualite\\\/national\\\/elyes-gharbi-et-haythem-mekki-auditionnes-lundi-a-el-gorjani\\\/205883\\\/#primaryimage\"},\"thumbnailUrl\":\"https:\\\/\\\/www.webdo.tn\\\/fr\\\/wp-content\\\/uploads\\\/2023\\\/05\\\/c715a1c204ba4932b30162679c8a87ad.jpg\",\"keywords\":[\"el gorjani\",\"elyes gharbi\",\"Haythem Mekki\",\"midi show\",\"mosaique fm\"],\"articleSection\":[\"National\"],\"inLanguage\":\"fr-FR\"},{\"@type\":\"WebPage\",\"@id\":\"https:\\\/\\\/www.webdo.tn\\\/fr\\\/actualite\\\/national\\\/elyes-gharbi-et-haythem-mekki-auditionnes-lundi-a-el-gorjani\\\/205883\\\/\",\"url\":\"https:\\\/\\\/www.webdo.tn\\\/fr\\\/actualite\\\/national\\\/elyes-gharbi-et-haythem-mekki-auditionnes-lundi-a-el-gorjani\\\/205883\\\/\",\"name\":\"Elyes Gharbi et Haythem Mekki auditionn\u00e9s lundi \u00e0 El Gorjani\",\"isPartOf\":{\"@id\":\"https:\\\/\\\/www.webdo.tn\\\/fr\\\/#website\"},\"primaryImageOfPage\":{\"@id\":\"https:\\\/\\\/www.webdo.tn\\\/fr\\\/actualite\\\/national\\\/elyes-gharbi-et-haythem-mekki-auditionnes-lundi-a-el-gorjani\\\/205883\\\/#primaryimage\"},\"image\":{\"@id\":\"https:\\\/\\\/www.webdo.tn\\\/fr\\\/actualite\\\/national\\\/elyes-gharbi-et-haythem-mekki-auditionnes-lundi-a-el-gorjani\\\/205883\\\/#primaryimage\"},\"thumbnailUrl\":\"https:\\\/\\\/www.webdo.tn\\\/fr\\\/wp-content\\\/uploads\\\/2023\\\/05\\\/c715a1c204ba4932b30162679c8a87ad.jpg\",\"datePublished\":\"2023-05-20T08:56:00+00:00\",\"dateModified\":\"2025-05-20T21:59:35+00:00\",\"description\":\"Les deux animateurs de Mosaique fm doivent \u00eatre auditionn\u00e9s \u00e0 propos du contenu journalistique de l'\u00e9mission Midi Show , ce lundi 22 mai 2023.\",\"breadcrumb\":{\"@id\":\"https:\\\/\\\/www.webdo.tn\\\/fr\\\/actualite\\\/national\\\/elyes-gharbi-et-haythem-mekki-auditionnes-lundi-a-el-gorjani\\\/205883\\\/#breadcrumb\"},\"inLanguage\":\"fr-FR\",\"potentialAction\":[{\"@type\":\"ReadAction\",\"target\":[\"https:\\\/\\\/www.webdo.tn\\\/fr\\\/actualite\\\/national\\\/elyes-gharbi-et-haythem-mekki-auditionnes-lundi-a-el-gorjani\\\/205883\\\/\"]}]},{\"@type\":\"ImageObject\",\"inLanguage\":\"fr-FR\",\"@id\":\"https:\\\/\\\/www.webdo.tn\\\/fr\\\/actualite\\\/national\\\/elyes-gharbi-et-haythem-mekki-auditionnes-lundi-a-el-gorjani\\\/205883\\\/#primaryimage\",\"url\":\"https:\\\/\\\/www.webdo.tn\\\/fr\\\/wp-content\\\/uploads\\\/2023\\\/05\\\/c715a1c204ba4932b30162679c8a87ad.jpg\",\"contentUrl\":\"https:\\\/\\\/www.webdo.tn\\\/fr\\\/wp-content\\\/uploads\\\/2023\\\/05\\\/c715a1c204ba4932b30162679c8a87ad.jpg\",\"width\":750,\"height\":400,\"caption\":\"Elyes Gharbi et Haythem Mekki auditionn\u00e9s lundi \u00e0 El Gorjani\"},{\"@type\":\"BreadcrumbList\",\"@id\":\"https:\\\/\\\/www.webdo.tn\\\/fr\\\/actualite\\\/national\\\/elyes-gharbi-et-haythem-mekki-auditionnes-lundi-a-el-gorjani\\\/205883\\\/#breadcrumb\",\"itemListElement\":[{\"@type\":\"ListItem\",\"position\":1,\"name\":\"Accueil\",\"item\":\"https:\\\/\\\/www.webdo.tn\\\/fr\\\/\"},{\"@type\":\"ListItem\",\"position\":2,\"name\":\"Elyes Gharbi et Haythem Mekki auditionn\u00e9s lundi \u00e0 El Gorjani\"}]},{\"@type\":\"WebSite\",\"@id\":\"https:\\\/\\\/www.webdo.tn\\\/fr\\\/#website\",\"url\":\"https:\\\/\\\/www.webdo.tn\\\/fr\\\/\",\"name\":\"webdo\",\"description\":\"Tunisie - News en Tunisie et \u00e0 l&#039;international sur Webdo.tn\",\"publisher\":{\"@id\":\"https:\\\/\\\/www.webdo.tn\\\/fr\\\/#organization\"},\"potentialAction\":[{\"@type\":\"SearchAction\",\"target\":{\"@type\":\"EntryPoint\",\"urlTemplate\":\"https:\\\/\\\/www.webdo.tn\\\/fr\\\/?s={search_term_string}\"},\"query-input\":{\"@type\":\"PropertyValueSpecification\",\"valueRequired\":true,\"valueName\":\"search_term_string\"}}],\"inLanguage\":\"fr-FR\"},{\"@type\":\"Organization\",\"@id\":\"https:\\\/\\\/www.webdo.tn\\\/fr\\\/#organization\",\"name\":\"Webdo\",\"alternateName\":\"Webdo.tn\",\"url\":\"https:\\\/\\\/www.webdo.tn\\\/fr\\\/\",\"logo\":{\"@type\":\"ImageObject\",\"inLanguage\":\"fr-FR\",\"@id\":\"https:\\\/\\\/www.webdo.tn\\\/fr\\\/#\\\/schema\\\/logo\\\/image\\\/\",\"url\":\"https:\\\/\\\/www.webdo.tn\\\/fr\\\/wp-content\\\/uploads\\\/2025\\\/06\\\/Webdo-Tunisie_168377.jpg\",\"contentUrl\":\"https:\\\/\\\/www.webdo.tn\\\/fr\\\/wp-content\\\/uploads\\\/2025\\\/06\\\/Webdo-Tunisie_168377.jpg\",\"width\":301,\"height\":301,\"caption\":\"Webdo\"},\"image\":{\"@id\":\"https:\\\/\\\/www.webdo.tn\\\/fr\\\/#\\\/schema\\\/logo\\\/image\\\/\"},\"sameAs\":[\"https:\\\/\\\/www.facebook.com\\\/webdotn\",\"https:\\\/\\\/x.com\\\/webdo_tn\"],\"description\":\"Webdo est un m\u00e9dia num\u00e9rique tunisien fond\u00e9 en 2010, sp\u00e9cialis\u00e9 dans l\u2019actualit\u00e9 nationale et internationale, l\u2019\u00e9conomie, la soci\u00e9t\u00e9 et les analyses politiques. Le site s\u2019adresse \u00e0 un large public francophone et couvre l\u2019information tunisienne en temps r\u00e9el.\",\"email\":\"redac@webdo.tn\",\"legalName\":\"YNJ SARL\",\"foundingDate\":\"2010-09-06\",\"numberOfEmployees\":{\"@type\":\"QuantitativeValue\",\"minValue\":\"11\",\"maxValue\":\"50\"}},{\"@type\":\"Person\",\"@id\":\"https:\\\/\\\/www.webdo.tn\\\/fr\\\/#\\\/schema\\\/person\\\/2c4929cbf5a809e3bd38617c6ce150f6\",\"name\":\"MC\",\"image\":{\"@type\":\"ImageObject\",\"inLanguage\":\"fr-FR\",\"@id\":\"https:\\\/\\\/secure.gravatar.com\\\/avatar\\\/a545bbb6f84efdd5553dbbc2895e3ca8f1d12c5215e00a041c9670b54aa9b18a?s=96&d=mm&r=g\",\"url\":\"https:\\\/\\\/secure.gravatar.com\\\/avatar\\\/a545bbb6f84efdd5553dbbc2895e3ca8f1d12c5215e00a041c9670b54aa9b18a?s=96&d=mm&r=g\",\"contentUrl\":\"https:\\\/\\\/secure.gravatar.com\\\/avatar\\\/a545bbb6f84efdd5553dbbc2895e3ca8f1d12c5215e00a041c9670b54aa9b18a?s=96&d=mm&r=g\",\"caption\":\"MC\"},\"url\":\"https:\\\/\\\/www.webdo.tn\\\/fr\\\/actualite\\\/author\\\/mc\\\/\"}]}<\/script>\n<!-- \/ Yoast SEO Premium plugin. -->","yoast_head_json":{"title":"Elyes Gharbi et Haythem Mekki auditionn\u00e9s lundi \u00e0 El Gorjani","description":"Les deux animateurs de Mosaique fm doivent \u00eatre auditionn\u00e9s \u00e0 propos du contenu journalistique de l'\u00e9mission Midi Show , ce lundi 22 mai 2023.","canonical":"https:\/\/www.webdo.tn\/fr\/actualite\/national\/elyes-gharbi-et-haythem-mekki-auditionnes-lundi-a-el-gorjani\/205883\/","og_locale":"fr_FR","og_type":"article","og_title":"Elyes Gharbi et Haythem Mekki auditionn\u00e9s lundi \u00e0 El Gorjani","og_description":"Les deux animateurs de Mosaique fm doivent \u00eatre auditionn\u00e9s \u00e0 propos du contenu journalistique de l'\u00e9mission Midi Show , ce lundi 22 mai 2023.","og_url":"https:\/\/www.webdo.tn\/fr\/actualite\/national\/elyes-gharbi-et-haythem-mekki-auditionnes-lundi-a-el-gorjani\/205883\/","og_site_name":"webdo","article_publisher":"https:\/\/www.facebook.com\/webdotn","article_published_time":"2023-05-20T08:56:00+00:00","article_modified_time":"2025-05-20T21:59:35+00:00","og_image":[{"width":750,"height":400,"url":"https:\/\/www.webdo.tn\/fr\/wp-content\/uploads\/2023\/05\/c715a1c204ba4932b30162679c8a87ad.jpg","type":"image\/jpeg"}],"author":"MC","twitter_card":"summary_large_image","twitter_creator":"@webdo_tn","twitter_site":"@webdo_tn","twitter_misc":{"\u00c9crit par":"MC","Dur\u00e9e de lecture estim\u00e9e":"1 minute"},"schema":{"@context":"https:\/\/schema.org","@graph":[{"@type":"NewsArticle","@id":"https:\/\/www.webdo.tn\/fr\/actualite\/national\/elyes-gharbi-et-haythem-mekki-auditionnes-lundi-a-el-gorjani\/205883\/#article","isPartOf":{"@id":"https:\/\/www.webdo.tn\/fr\/actualite\/national\/elyes-gharbi-et-haythem-mekki-auditionnes-lundi-a-el-gorjani\/205883\/"},"author":{"name":"MC","@id":"https:\/\/www.webdo.tn\/fr\/#\/schema\/person\/2c4929cbf5a809e3bd38617c6ce150f6"},"headline":"Elyes Gharbi et Haythem Mekki auditionn\u00e9s lundi \u00e0 El Gorjani","datePublished":"2023-05-20T08:56:00+00:00","dateModified":"2025-05-20T21:59:35+00:00","mainEntityOfPage":{"@id":"https:\/\/www.webdo.tn\/fr\/actualite\/national\/elyes-gharbi-et-haythem-mekki-auditionnes-lundi-a-el-gorjani\/205883\/"},"wordCount":194,"commentCount":0,"publisher":{"@id":"https:\/\/www.webdo.tn\/fr\/#organization"},"image":{"@id":"https:\/\/www.webdo.tn\/fr\/actualite\/national\/elyes-gharbi-et-haythem-mekki-auditionnes-lundi-a-el-gorjani\/205883\/#primaryimage"},"thumbnailUrl":"https:\/\/www.webdo.tn\/fr\/wp-content\/uploads\/2023\/05\/c715a1c204ba4932b30162679c8a87ad.jpg","keywords":["el gorjani","elyes gharbi","Haythem Mekki","midi show","mosaique fm"],"articleSection":["National"],"inLanguage":"fr-FR"},{"@type":"WebPage","@id":"https:\/\/www.webdo.tn\/fr\/actualite\/national\/elyes-gharbi-et-haythem-mekki-auditionnes-lundi-a-el-gorjani\/205883\/","url":"https:\/\/www.webdo.tn\/fr\/actualite\/national\/elyes-gharbi-et-haythem-mekki-auditionnes-lundi-a-el-gorjani\/205883\/","name":"Elyes Gharbi et Haythem Mekki auditionn\u00e9s lundi \u00e0 El Gorjani","isPartOf":{"@id":"https:\/\/www.webdo.tn\/fr\/#website"},"primaryImageOfPage":{"@id":"https:\/\/www.webdo.tn\/fr\/actualite\/national\/elyes-gharbi-et-haythem-mekki-auditionnes-lundi-a-el-gorjani\/205883\/#primaryimage"},"image":{"@id":"https:\/\/www.webdo.tn\/fr\/actualite\/national\/elyes-gharbi-et-haythem-mekki-auditionnes-lundi-a-el-gorjani\/205883\/#primaryimage"},"thumbnailUrl":"https:\/\/www.webdo.tn\/fr\/wp-content\/uploads\/2023\/05\/c715a1c204ba4932b30162679c8a87ad.jpg","datePublished":"2023-05-20T08:56:00+00:00","dateModified":"2025-05-20T21:59:35+00:00","description":"Les deux animateurs de Mosaique fm doivent \u00eatre auditionn\u00e9s \u00e0 propos du contenu journalistique de l'\u00e9mission Midi Show , ce lundi 22 mai 2023.","breadcrumb":{"@id":"https:\/\/www.webdo.tn\/fr\/actualite\/national\/elyes-gharbi-et-haythem-mekki-auditionnes-lundi-a-el-gorjani\/205883\/#breadcrumb"},"inLanguage":"fr-FR","potentialAction":[{"@type":"ReadAction","target":["https:\/\/www.webdo.tn\/fr\/actualite\/national\/elyes-gharbi-et-haythem-mekki-auditionnes-lundi-a-el-gorjani\/205883\/"]}]},{"@type":"ImageObject","inLanguage":"fr-FR","@id":"https:\/\/www.webdo.tn\/fr\/actualite\/national\/elyes-gharbi-et-haythem-mekki-auditionnes-lundi-a-el-gorjani\/205883\/#primaryimage","url":"https:\/\/www.webdo.tn\/fr\/wp-content\/uploads\/2023\/05\/c715a1c204ba4932b30162679c8a87ad.jpg","contentUrl":"https:\/\/www.webdo.tn\/fr\/wp-content\/uploads\/2023\/05\/c715a1c204ba4932b30162679c8a87ad.jpg","width":750,"height":400,"caption":"Elyes Gharbi et Haythem Mekki auditionn\u00e9s lundi \u00e0 El Gorjani"},{"@type":"BreadcrumbList","@id":"https:\/\/www.webdo.tn\/fr\/actualite\/national\/elyes-gharbi-et-haythem-mekki-auditionnes-lundi-a-el-gorjani\/205883\/#breadcrumb","itemListElement":[{"@type":"ListItem","position":1,"name":"Accueil","item":"https:\/\/www.webdo.tn\/fr\/"},{"@type":"ListItem","position":2,"name":"Elyes Gharbi et Haythem Mekki auditionn\u00e9s lundi \u00e0 El Gorjani"}]},{"@type":"WebSite","@id":"https:\/\/www.webdo.tn\/fr\/#website","url":"https:\/\/www.webdo.tn\/fr\/","name":"webdo","description":"Tunisie - News en Tunisie et \u00e0 l&#039;international sur Webdo.tn","publisher":{"@id":"https:\/\/www.webdo.tn\/fr\/#organization"},"potentialAction":[{"@type":"SearchAction","target":{"@type":"EntryPoint","urlTemplate":"https:\/\/www.webdo.tn\/fr\/?s={search_term_string}"},"query-input":{"@type":"PropertyValueSpecification","valueRequired":true,"valueName":"search_term_string"}}],"inLanguage":"fr-FR"},{"@type":"Organization","@id":"https:\/\/www.webdo.tn\/fr\/#organization","name":"Webdo","alternateName":"Webdo.tn","url":"https:\/\/www.webdo.tn\/fr\/","logo":{"@type":"ImageObject","inLanguage":"fr-FR","@id":"https:\/\/www.webdo.tn\/fr\/#\/schema\/logo\/image\/","url":"https:\/\/www.webdo.tn\/fr\/wp-content\/uploads\/2025\/06\/Webdo-Tunisie_168377.jpg","contentUrl":"https:\/\/www.webdo.tn\/fr\/wp-content\/uploads\/2025\/06\/Webdo-Tunisie_168377.jpg","width":301,"height":301,"caption":"Webdo"},"image":{"@id":"https:\/\/www.webdo.tn\/fr\/#\/schema\/logo\/image\/"},"sameAs":["https:\/\/www.facebook.com\/webdotn","https:\/\/x.com\/webdo_tn"],"description":"Webdo est un m\u00e9dia num\u00e9rique tunisien fond\u00e9 en 2010, sp\u00e9cialis\u00e9 dans l\u2019actualit\u00e9 nationale et internationale, l\u2019\u00e9conomie, la soci\u00e9t\u00e9 et les analyses politiques. Le site s\u2019adresse \u00e0 un large public francophone et couvre l\u2019information tunisienne en temps r\u00e9el.","email":"redac@webdo.tn","legalName":"YNJ SARL","foundingDate":"2010-09-06","numberOfEmployees":{"@type":"QuantitativeValue","minValue":"11","maxValue":"50"}},{"@type":"Person","@id":"https:\/\/www.webdo.tn\/fr\/#\/schema\/person\/2c4929cbf5a809e3bd38617c6ce150f6","name":"MC","image":{"@type":"ImageObject","inLanguage":"fr-FR","@id":"https:\/\/secure.gravatar.com\/avatar\/a545bbb6f84efdd5553dbbc2895e3ca8f1d12c5215e00a041c9670b54aa9b18a?s=96&d=mm&r=g","url":"https:\/\/secure.gravatar.com\/avatar\/a545bbb6f84efdd5553dbbc2895e3ca8f1d12c5215e00a041c9670b54aa9b18a?s=96&d=mm&r=g","contentUrl":"https:\/\/secure.gravatar.com\/avatar\/a545bbb6f84efdd5553dbbc2895e3ca8f1d12c5215e00a041c9670b54aa9b18a?s=96&d=mm&r=g","caption":"MC"},"url":"https:\/\/www.webdo.tn\/fr\/actualite\/author\/mc\/"}]}},"_links":{"self":[{"href":"https:\/\/www.webdo.tn\/fr\/wp-json\/wp\/v2\/posts\/205883","targetHints":{"allow":["GET"]}}],"collection":[{"href":"https:\/\/www.webdo.tn\/fr\/wp-json\/wp\/v2\/posts"}],"about":[{"href":"https:\/\/www.webdo.tn\/fr\/wp-json\/wp\/v2\/types\/post"}],"author":[{"embeddable":true,"href":"https:\/\/www.webdo.tn\/fr\/wp-json\/wp\/v2\/users\/3162"}],"replies":[{"embeddable":true,"href":"https:\/\/www.webdo.tn\/fr\/wp-json\/wp\/v2\/comments?post=205883"}],"version-history":[{"count":0,"href":"https:\/\/www.webdo.tn\/fr\/wp-json\/wp\/v2\/posts\/205883\/revisions"}],"wp:featuredmedia":[{"embeddable":true,"href":"https:\/\/www.webdo.tn\/fr\/wp-json\/wp\/v2\/media\/251098"}],"wp:attachment":[{"href":"https:\/\/www.webdo.tn\/fr\/wp-json\/wp\/v2\/media?parent=205883"}],"wp:term":[{"taxonomy":"category","embeddable":true,"href":"https:\/\/www.webdo.tn\/fr\/wp-json\/wp\/v2\/categories?post=205883"},{"taxonomy":"post_tag","embeddable":true,"href":"https:\/\/www.webdo.tn\/fr\/wp-json\/wp\/v2\/tags?post=205883"}],"curies":[{"name":"wp","href":"https:\/\/api.w.org\/{rel}","templated":true}]}}