{"id":205868,"date":"2023-05-19T15:06:00","date_gmt":"2023-05-19T15:06:00","guid":{"rendered":"https:\/\/www.webdo.tn\/fr\/blog\/la-ltdh-denonce-l-atteinte-aux-libertes-en-tunisie\/205868\/"},"modified":"2025-05-20T21:59:33","modified_gmt":"2025-05-20T21:59:33","slug":"la-ltdh-denonce-l-atteinte-aux-libertes-en-tunisie","status":"publish","type":"post","link":"https:\/\/www.webdo.tn\/fr\/actualite\/national\/la-ltdh-denonce-l-atteinte-aux-libertes-en-tunisie\/205868\/","title":{"rendered":"La LTDH d\u00e9nonce l&rsquo;atteinte aux libert\u00e9s en Tunisie"},"content":{"rendered":"<p>La Ligue tunisienne de D\u00e9fense des Droits de l&rsquo;Homme (LTDH), a d\u00e9nonc\u00e9, dans un communiqu\u00e9 publi\u00e9 ce vendredi 19 mai 2023, la r\u00e9currence des proc\u00e8s et des jugements, portant atteinte aux libert\u00e9s des citoyens.<\/p>\n<p>\t\t\t\t\t\t\t\t\tLa LTDH est notamment revenu sur l\u2019affaire de l\u2019enseignant arr\u00eat\u00e9 la semaine derni\u00e8re et condamn\u00e9, hier par la Chambre p\u00e9nale du Tribunal de premi\u00e8re instance de Gafsa \u00e0 un mois de prison ferme.<\/p>\n<p>Le professeur est accus\u00e9 d&rsquo;avoir port\u00e9 atteinte au prestige de l&rsquo;Etat, insult\u00e9 le pr\u00e9sident de la R\u00e9publique et pour avoir critiqu\u00e9 la politique de l&rsquo;Etat, et ce, dans un statut publi\u00e9 sur son compte Facebook.<\/p>\n<p>La LTDH a \u00e9galement d\u00e9nonc\u00e9 la condamnation \u00e0 un an de prison ferme contre plusieurs jeunes ch\u00f4meurs, dans la r\u00e9gion du bassin minier, sans oublier l&#8217;emprisonnement d&rsquo;un enseignant du secondaire, pour avoir publi\u00e9 des caricatures sur sa page Facebook.<\/p>\n<p>La LTDH a, par ailleurs, d\u00e9cri\u00e9 l&rsquo;article 67 du Code p\u00e9nal qui porte atteinte \u00e0 la libert\u00e9 d&rsquo;expression et qui \u00ab\u00a0terrorise les citoyens\u00a0\u00bb, selon elle.<\/p>\n","protected":false},"excerpt":{"rendered":"<p>La Ligue tunisienne de D\u00e9fense des Droits de l&rsquo;Homme (LTDH), a d\u00e9nonc\u00e9, dans un communiqu\u00e9 publi\u00e9 ce vendredi 19 mai 2023, la r\u00e9currence des proc\u00e8s et des jugem&#8230;<\/p>\n","protected":false},"author":3162,"featured_media":251093,"comment_status":"open","ping_status":"closed","sticky":false,"template":"","format":"standard","meta":{"footnotes":""},"categories":[44],"tags":[7397,7947,2608],"class_list":["post-205868","post","type-post","status-publish","format-standard","has-post-thumbnail","hentry","category-national","tag-droits-de-lhomme","tag-ltdh","tag-tunisie"],"yoast_head":"<!-- This site is optimized with the Yoast SEO Premium plugin v27.4 (Yoast SEO v27.5) - https:\/\/yoast.com\/product\/yoast-seo-premium-wordpress\/ -->\n<title>La LTDH d\u00e9nonce l&#039;atteinte aux libert\u00e9s en Tunisie<\/title>\n<meta name=\"description\" content=\"La Ligue tunisienne de D\u00e9fense des Droits de l&#039;Homme (LTDH), a d\u00e9nonc\u00e9, dans un communiqu\u00e9 publi\u00e9 ce vendredi 19 mai 2023, la r\u00e9currence des proc\u00e8s et des jugem...\" \/>\n<link rel=\"canonical\" href=\"https:\/\/www.webdo.tn\/fr\/actualite\/national\/la-ltdh-denonce-l-atteinte-aux-libertes-en-tunisie\/205868\/\" \/>\n<meta property=\"og:locale\" content=\"fr_FR\" \/>\n<meta property=\"og:type\" content=\"article\" \/>\n<meta property=\"og:title\" content=\"La LTDH d\u00e9nonce l&#039;atteinte aux libert\u00e9s en Tunisie\" \/>\n<meta property=\"og:description\" content=\"La Ligue tunisienne de D\u00e9fense des Droits de l&#039;Homme (LTDH), a d\u00e9nonc\u00e9, dans un communiqu\u00e9 publi\u00e9 ce vendredi 19 mai 2023, la r\u00e9currence des proc\u00e8s et des jugem...\" \/>\n<meta property=\"og:url\" content=\"https:\/\/www.webdo.tn\/fr\/actualite\/national\/la-ltdh-denonce-l-atteinte-aux-libertes-en-tunisie\/205868\/\" \/>\n<meta property=\"og:site_name\" content=\"webdo\" \/>\n<meta property=\"article:publisher\" content=\"https:\/\/www.facebook.com\/webdotn\" \/>\n<meta property=\"article:published_time\" content=\"2023-05-19T15:06:00+00:00\" \/>\n<meta property=\"article:modified_time\" content=\"2025-05-20T21:59:33+00:00\" \/>\n<meta property=\"og:image\" content=\"https:\/\/www.webdo.tn\/fr\/wp-content\/uploads\/2023\/05\/0f963d3188f9c71bcd5c9bb32c544e60.jpg\" \/>\n\t<meta property=\"og:image:width\" content=\"750\" \/>\n\t<meta property=\"og:image:height\" content=\"400\" \/>\n\t<meta property=\"og:image:type\" content=\"image\/jpeg\" \/>\n<meta name=\"author\" content=\"MC\" \/>\n<meta name=\"twitter:card\" content=\"summary_large_image\" \/>\n<meta name=\"twitter:creator\" content=\"@webdo_tn\" \/>\n<meta name=\"twitter:site\" content=\"@webdo_tn\" \/>\n<meta name=\"twitter:label1\" content=\"\u00c9crit par\" \/>\n\t<meta name=\"twitter:data1\" content=\"MC\" \/>\n\t<meta name=\"twitter:label2\" content=\"Dur\u00e9e de lecture estim\u00e9e\" \/>\n\t<meta name=\"twitter:data2\" content=\"1 minute\" \/>\n<script type=\"application\/ld+json\" class=\"yoast-schema-graph\">{\"@context\":\"https:\\\/\\\/schema.org\",\"@graph\":[{\"@type\":\"NewsArticle\",\"@id\":\"https:\\\/\\\/www.webdo.tn\\\/fr\\\/actualite\\\/national\\\/la-ltdh-denonce-l-atteinte-aux-libertes-en-tunisie\\\/205868\\\/#article\",\"isPartOf\":{\"@id\":\"https:\\\/\\\/www.webdo.tn\\\/fr\\\/actualite\\\/national\\\/la-ltdh-denonce-l-atteinte-aux-libertes-en-tunisie\\\/205868\\\/\"},\"author\":{\"name\":\"MC\",\"@id\":\"https:\\\/\\\/www.webdo.tn\\\/fr\\\/#\\\/schema\\\/person\\\/2c4929cbf5a809e3bd38617c6ce150f6\"},\"headline\":\"La LTDH d\u00e9nonce l&rsquo;atteinte aux libert\u00e9s en Tunisie\",\"datePublished\":\"2023-05-19T15:06:00+00:00\",\"dateModified\":\"2025-05-20T21:59:33+00:00\",\"mainEntityOfPage\":{\"@id\":\"https:\\\/\\\/www.webdo.tn\\\/fr\\\/actualite\\\/national\\\/la-ltdh-denonce-l-atteinte-aux-libertes-en-tunisie\\\/205868\\\/\"},\"wordCount\":197,\"commentCount\":0,\"publisher\":{\"@id\":\"https:\\\/\\\/www.webdo.tn\\\/fr\\\/#organization\"},\"image\":{\"@id\":\"https:\\\/\\\/www.webdo.tn\\\/fr\\\/actualite\\\/national\\\/la-ltdh-denonce-l-atteinte-aux-libertes-en-tunisie\\\/205868\\\/#primaryimage\"},\"thumbnailUrl\":\"https:\\\/\\\/www.webdo.tn\\\/fr\\\/wp-content\\\/uploads\\\/2023\\\/05\\\/0f963d3188f9c71bcd5c9bb32c544e60.jpg\",\"keywords\":[\"droits de l'homme\",\"LTDH\",\"Tunisie\"],\"articleSection\":[\"National\"],\"inLanguage\":\"fr-FR\"},{\"@type\":\"WebPage\",\"@id\":\"https:\\\/\\\/www.webdo.tn\\\/fr\\\/actualite\\\/national\\\/la-ltdh-denonce-l-atteinte-aux-libertes-en-tunisie\\\/205868\\\/\",\"url\":\"https:\\\/\\\/www.webdo.tn\\\/fr\\\/actualite\\\/national\\\/la-ltdh-denonce-l-atteinte-aux-libertes-en-tunisie\\\/205868\\\/\",\"name\":\"La LTDH d\u00e9nonce l'atteinte aux libert\u00e9s en Tunisie\",\"isPartOf\":{\"@id\":\"https:\\\/\\\/www.webdo.tn\\\/fr\\\/#website\"},\"primaryImageOfPage\":{\"@id\":\"https:\\\/\\\/www.webdo.tn\\\/fr\\\/actualite\\\/national\\\/la-ltdh-denonce-l-atteinte-aux-libertes-en-tunisie\\\/205868\\\/#primaryimage\"},\"image\":{\"@id\":\"https:\\\/\\\/www.webdo.tn\\\/fr\\\/actualite\\\/national\\\/la-ltdh-denonce-l-atteinte-aux-libertes-en-tunisie\\\/205868\\\/#primaryimage\"},\"thumbnailUrl\":\"https:\\\/\\\/www.webdo.tn\\\/fr\\\/wp-content\\\/uploads\\\/2023\\\/05\\\/0f963d3188f9c71bcd5c9bb32c544e60.jpg\",\"datePublished\":\"2023-05-19T15:06:00+00:00\",\"dateModified\":\"2025-05-20T21:59:33+00:00\",\"description\":\"La Ligue tunisienne de D\u00e9fense des Droits de l'Homme (LTDH), a d\u00e9nonc\u00e9, dans un communiqu\u00e9 publi\u00e9 ce vendredi 19 mai 2023, la r\u00e9currence des proc\u00e8s et des jugem...\",\"breadcrumb\":{\"@id\":\"https:\\\/\\\/www.webdo.tn\\\/fr\\\/actualite\\\/national\\\/la-ltdh-denonce-l-atteinte-aux-libertes-en-tunisie\\\/205868\\\/#breadcrumb\"},\"inLanguage\":\"fr-FR\",\"potentialAction\":[{\"@type\":\"ReadAction\",\"target\":[\"https:\\\/\\\/www.webdo.tn\\\/fr\\\/actualite\\\/national\\\/la-ltdh-denonce-l-atteinte-aux-libertes-en-tunisie\\\/205868\\\/\"]}]},{\"@type\":\"ImageObject\",\"inLanguage\":\"fr-FR\",\"@id\":\"https:\\\/\\\/www.webdo.tn\\\/fr\\\/actualite\\\/national\\\/la-ltdh-denonce-l-atteinte-aux-libertes-en-tunisie\\\/205868\\\/#primaryimage\",\"url\":\"https:\\\/\\\/www.webdo.tn\\\/fr\\\/wp-content\\\/uploads\\\/2023\\\/05\\\/0f963d3188f9c71bcd5c9bb32c544e60.jpg\",\"contentUrl\":\"https:\\\/\\\/www.webdo.tn\\\/fr\\\/wp-content\\\/uploads\\\/2023\\\/05\\\/0f963d3188f9c71bcd5c9bb32c544e60.jpg\",\"width\":750,\"height\":400,\"caption\":\"La LTDH d\u00e9nonce l'atteinte aux libert\u00e9s en Tunisie\"},{\"@type\":\"BreadcrumbList\",\"@id\":\"https:\\\/\\\/www.webdo.tn\\\/fr\\\/actualite\\\/national\\\/la-ltdh-denonce-l-atteinte-aux-libertes-en-tunisie\\\/205868\\\/#breadcrumb\",\"itemListElement\":[{\"@type\":\"ListItem\",\"position\":1,\"name\":\"Accueil\",\"item\":\"https:\\\/\\\/www.webdo.tn\\\/fr\\\/\"},{\"@type\":\"ListItem\",\"position\":2,\"name\":\"La LTDH d\u00e9nonce l&#8217;atteinte aux libert\u00e9s en Tunisie\"}]},{\"@type\":\"WebSite\",\"@id\":\"https:\\\/\\\/www.webdo.tn\\\/fr\\\/#website\",\"url\":\"https:\\\/\\\/www.webdo.tn\\\/fr\\\/\",\"name\":\"webdo\",\"description\":\"Tunisie - News en Tunisie et \u00e0 l&#039;international sur Webdo.tn\",\"publisher\":{\"@id\":\"https:\\\/\\\/www.webdo.tn\\\/fr\\\/#organization\"},\"potentialAction\":[{\"@type\":\"SearchAction\",\"target\":{\"@type\":\"EntryPoint\",\"urlTemplate\":\"https:\\\/\\\/www.webdo.tn\\\/fr\\\/?s={search_term_string}\"},\"query-input\":{\"@type\":\"PropertyValueSpecification\",\"valueRequired\":true,\"valueName\":\"search_term_string\"}}],\"inLanguage\":\"fr-FR\"},{\"@type\":\"Organization\",\"@id\":\"https:\\\/\\\/www.webdo.tn\\\/fr\\\/#organization\",\"name\":\"Webdo\",\"alternateName\":\"Webdo.tn\",\"url\":\"https:\\\/\\\/www.webdo.tn\\\/fr\\\/\",\"logo\":{\"@type\":\"ImageObject\",\"inLanguage\":\"fr-FR\",\"@id\":\"https:\\\/\\\/www.webdo.tn\\\/fr\\\/#\\\/schema\\\/logo\\\/image\\\/\",\"url\":\"https:\\\/\\\/www.webdo.tn\\\/fr\\\/wp-content\\\/uploads\\\/2025\\\/06\\\/Webdo-Tunisie_168377.jpg\",\"contentUrl\":\"https:\\\/\\\/www.webdo.tn\\\/fr\\\/wp-content\\\/uploads\\\/2025\\\/06\\\/Webdo-Tunisie_168377.jpg\",\"width\":301,\"height\":301,\"caption\":\"Webdo\"},\"image\":{\"@id\":\"https:\\\/\\\/www.webdo.tn\\\/fr\\\/#\\\/schema\\\/logo\\\/image\\\/\"},\"sameAs\":[\"https:\\\/\\\/www.facebook.com\\\/webdotn\",\"https:\\\/\\\/x.com\\\/webdo_tn\"],\"description\":\"Webdo est un m\u00e9dia num\u00e9rique tunisien fond\u00e9 en 2010, sp\u00e9cialis\u00e9 dans l\u2019actualit\u00e9 nationale et internationale, l\u2019\u00e9conomie, la soci\u00e9t\u00e9 et les analyses politiques. Le site s\u2019adresse \u00e0 un large public francophone et couvre l\u2019information tunisienne en temps r\u00e9el.\",\"email\":\"redac@webdo.tn\",\"legalName\":\"YNJ SARL\",\"foundingDate\":\"2010-09-06\",\"numberOfEmployees\":{\"@type\":\"QuantitativeValue\",\"minValue\":\"11\",\"maxValue\":\"50\"}},{\"@type\":\"Person\",\"@id\":\"https:\\\/\\\/www.webdo.tn\\\/fr\\\/#\\\/schema\\\/person\\\/2c4929cbf5a809e3bd38617c6ce150f6\",\"name\":\"MC\",\"image\":{\"@type\":\"ImageObject\",\"inLanguage\":\"fr-FR\",\"@id\":\"https:\\\/\\\/secure.gravatar.com\\\/avatar\\\/a545bbb6f84efdd5553dbbc2895e3ca8f1d12c5215e00a041c9670b54aa9b18a?s=96&d=mm&r=g\",\"url\":\"https:\\\/\\\/secure.gravatar.com\\\/avatar\\\/a545bbb6f84efdd5553dbbc2895e3ca8f1d12c5215e00a041c9670b54aa9b18a?s=96&d=mm&r=g\",\"contentUrl\":\"https:\\\/\\\/secure.gravatar.com\\\/avatar\\\/a545bbb6f84efdd5553dbbc2895e3ca8f1d12c5215e00a041c9670b54aa9b18a?s=96&d=mm&r=g\",\"caption\":\"MC\"},\"url\":\"https:\\\/\\\/www.webdo.tn\\\/fr\\\/actualite\\\/author\\\/mc\\\/\"}]}<\/script>\n<!-- \/ Yoast SEO Premium plugin. -->","yoast_head_json":{"title":"La LTDH d\u00e9nonce l'atteinte aux libert\u00e9s en Tunisie","description":"La Ligue tunisienne de D\u00e9fense des Droits de l'Homme (LTDH), a d\u00e9nonc\u00e9, dans un communiqu\u00e9 publi\u00e9 ce vendredi 19 mai 2023, la r\u00e9currence des proc\u00e8s et des jugem...","canonical":"https:\/\/www.webdo.tn\/fr\/actualite\/national\/la-ltdh-denonce-l-atteinte-aux-libertes-en-tunisie\/205868\/","og_locale":"fr_FR","og_type":"article","og_title":"La LTDH d\u00e9nonce l'atteinte aux libert\u00e9s en Tunisie","og_description":"La Ligue tunisienne de D\u00e9fense des Droits de l'Homme (LTDH), a d\u00e9nonc\u00e9, dans un communiqu\u00e9 publi\u00e9 ce vendredi 19 mai 2023, la r\u00e9currence des proc\u00e8s et des jugem...","og_url":"https:\/\/www.webdo.tn\/fr\/actualite\/national\/la-ltdh-denonce-l-atteinte-aux-libertes-en-tunisie\/205868\/","og_site_name":"webdo","article_publisher":"https:\/\/www.facebook.com\/webdotn","article_published_time":"2023-05-19T15:06:00+00:00","article_modified_time":"2025-05-20T21:59:33+00:00","og_image":[{"width":750,"height":400,"url":"https:\/\/www.webdo.tn\/fr\/wp-content\/uploads\/2023\/05\/0f963d3188f9c71bcd5c9bb32c544e60.jpg","type":"image\/jpeg"}],"author":"MC","twitter_card":"summary_large_image","twitter_creator":"@webdo_tn","twitter_site":"@webdo_tn","twitter_misc":{"\u00c9crit par":"MC","Dur\u00e9e de lecture estim\u00e9e":"1 minute"},"schema":{"@context":"https:\/\/schema.org","@graph":[{"@type":"NewsArticle","@id":"https:\/\/www.webdo.tn\/fr\/actualite\/national\/la-ltdh-denonce-l-atteinte-aux-libertes-en-tunisie\/205868\/#article","isPartOf":{"@id":"https:\/\/www.webdo.tn\/fr\/actualite\/national\/la-ltdh-denonce-l-atteinte-aux-libertes-en-tunisie\/205868\/"},"author":{"name":"MC","@id":"https:\/\/www.webdo.tn\/fr\/#\/schema\/person\/2c4929cbf5a809e3bd38617c6ce150f6"},"headline":"La LTDH d\u00e9nonce l&rsquo;atteinte aux libert\u00e9s en Tunisie","datePublished":"2023-05-19T15:06:00+00:00","dateModified":"2025-05-20T21:59:33+00:00","mainEntityOfPage":{"@id":"https:\/\/www.webdo.tn\/fr\/actualite\/national\/la-ltdh-denonce-l-atteinte-aux-libertes-en-tunisie\/205868\/"},"wordCount":197,"commentCount":0,"publisher":{"@id":"https:\/\/www.webdo.tn\/fr\/#organization"},"image":{"@id":"https:\/\/www.webdo.tn\/fr\/actualite\/national\/la-ltdh-denonce-l-atteinte-aux-libertes-en-tunisie\/205868\/#primaryimage"},"thumbnailUrl":"https:\/\/www.webdo.tn\/fr\/wp-content\/uploads\/2023\/05\/0f963d3188f9c71bcd5c9bb32c544e60.jpg","keywords":["droits de l'homme","LTDH","Tunisie"],"articleSection":["National"],"inLanguage":"fr-FR"},{"@type":"WebPage","@id":"https:\/\/www.webdo.tn\/fr\/actualite\/national\/la-ltdh-denonce-l-atteinte-aux-libertes-en-tunisie\/205868\/","url":"https:\/\/www.webdo.tn\/fr\/actualite\/national\/la-ltdh-denonce-l-atteinte-aux-libertes-en-tunisie\/205868\/","name":"La LTDH d\u00e9nonce l'atteinte aux libert\u00e9s en Tunisie","isPartOf":{"@id":"https:\/\/www.webdo.tn\/fr\/#website"},"primaryImageOfPage":{"@id":"https:\/\/www.webdo.tn\/fr\/actualite\/national\/la-ltdh-denonce-l-atteinte-aux-libertes-en-tunisie\/205868\/#primaryimage"},"image":{"@id":"https:\/\/www.webdo.tn\/fr\/actualite\/national\/la-ltdh-denonce-l-atteinte-aux-libertes-en-tunisie\/205868\/#primaryimage"},"thumbnailUrl":"https:\/\/www.webdo.tn\/fr\/wp-content\/uploads\/2023\/05\/0f963d3188f9c71bcd5c9bb32c544e60.jpg","datePublished":"2023-05-19T15:06:00+00:00","dateModified":"2025-05-20T21:59:33+00:00","description":"La Ligue tunisienne de D\u00e9fense des Droits de l'Homme (LTDH), a d\u00e9nonc\u00e9, dans un communiqu\u00e9 publi\u00e9 ce vendredi 19 mai 2023, la r\u00e9currence des proc\u00e8s et des jugem...","breadcrumb":{"@id":"https:\/\/www.webdo.tn\/fr\/actualite\/national\/la-ltdh-denonce-l-atteinte-aux-libertes-en-tunisie\/205868\/#breadcrumb"},"inLanguage":"fr-FR","potentialAction":[{"@type":"ReadAction","target":["https:\/\/www.webdo.tn\/fr\/actualite\/national\/la-ltdh-denonce-l-atteinte-aux-libertes-en-tunisie\/205868\/"]}]},{"@type":"ImageObject","inLanguage":"fr-FR","@id":"https:\/\/www.webdo.tn\/fr\/actualite\/national\/la-ltdh-denonce-l-atteinte-aux-libertes-en-tunisie\/205868\/#primaryimage","url":"https:\/\/www.webdo.tn\/fr\/wp-content\/uploads\/2023\/05\/0f963d3188f9c71bcd5c9bb32c544e60.jpg","contentUrl":"https:\/\/www.webdo.tn\/fr\/wp-content\/uploads\/2023\/05\/0f963d3188f9c71bcd5c9bb32c544e60.jpg","width":750,"height":400,"caption":"La LTDH d\u00e9nonce l'atteinte aux libert\u00e9s en Tunisie"},{"@type":"BreadcrumbList","@id":"https:\/\/www.webdo.tn\/fr\/actualite\/national\/la-ltdh-denonce-l-atteinte-aux-libertes-en-tunisie\/205868\/#breadcrumb","itemListElement":[{"@type":"ListItem","position":1,"name":"Accueil","item":"https:\/\/www.webdo.tn\/fr\/"},{"@type":"ListItem","position":2,"name":"La LTDH d\u00e9nonce l&#8217;atteinte aux libert\u00e9s en Tunisie"}]},{"@type":"WebSite","@id":"https:\/\/www.webdo.tn\/fr\/#website","url":"https:\/\/www.webdo.tn\/fr\/","name":"webdo","description":"Tunisie - News en Tunisie et \u00e0 l&#039;international sur Webdo.tn","publisher":{"@id":"https:\/\/www.webdo.tn\/fr\/#organization"},"potentialAction":[{"@type":"SearchAction","target":{"@type":"EntryPoint","urlTemplate":"https:\/\/www.webdo.tn\/fr\/?s={search_term_string}"},"query-input":{"@type":"PropertyValueSpecification","valueRequired":true,"valueName":"search_term_string"}}],"inLanguage":"fr-FR"},{"@type":"Organization","@id":"https:\/\/www.webdo.tn\/fr\/#organization","name":"Webdo","alternateName":"Webdo.tn","url":"https:\/\/www.webdo.tn\/fr\/","logo":{"@type":"ImageObject","inLanguage":"fr-FR","@id":"https:\/\/www.webdo.tn\/fr\/#\/schema\/logo\/image\/","url":"https:\/\/www.webdo.tn\/fr\/wp-content\/uploads\/2025\/06\/Webdo-Tunisie_168377.jpg","contentUrl":"https:\/\/www.webdo.tn\/fr\/wp-content\/uploads\/2025\/06\/Webdo-Tunisie_168377.jpg","width":301,"height":301,"caption":"Webdo"},"image":{"@id":"https:\/\/www.webdo.tn\/fr\/#\/schema\/logo\/image\/"},"sameAs":["https:\/\/www.facebook.com\/webdotn","https:\/\/x.com\/webdo_tn"],"description":"Webdo est un m\u00e9dia num\u00e9rique tunisien fond\u00e9 en 2010, sp\u00e9cialis\u00e9 dans l\u2019actualit\u00e9 nationale et internationale, l\u2019\u00e9conomie, la soci\u00e9t\u00e9 et les analyses politiques. Le site s\u2019adresse \u00e0 un large public francophone et couvre l\u2019information tunisienne en temps r\u00e9el.","email":"redac@webdo.tn","legalName":"YNJ SARL","foundingDate":"2010-09-06","numberOfEmployees":{"@type":"QuantitativeValue","minValue":"11","maxValue":"50"}},{"@type":"Person","@id":"https:\/\/www.webdo.tn\/fr\/#\/schema\/person\/2c4929cbf5a809e3bd38617c6ce150f6","name":"MC","image":{"@type":"ImageObject","inLanguage":"fr-FR","@id":"https:\/\/secure.gravatar.com\/avatar\/a545bbb6f84efdd5553dbbc2895e3ca8f1d12c5215e00a041c9670b54aa9b18a?s=96&d=mm&r=g","url":"https:\/\/secure.gravatar.com\/avatar\/a545bbb6f84efdd5553dbbc2895e3ca8f1d12c5215e00a041c9670b54aa9b18a?s=96&d=mm&r=g","contentUrl":"https:\/\/secure.gravatar.com\/avatar\/a545bbb6f84efdd5553dbbc2895e3ca8f1d12c5215e00a041c9670b54aa9b18a?s=96&d=mm&r=g","caption":"MC"},"url":"https:\/\/www.webdo.tn\/fr\/actualite\/author\/mc\/"}]}},"_links":{"self":[{"href":"https:\/\/www.webdo.tn\/fr\/wp-json\/wp\/v2\/posts\/205868","targetHints":{"allow":["GET"]}}],"collection":[{"href":"https:\/\/www.webdo.tn\/fr\/wp-json\/wp\/v2\/posts"}],"about":[{"href":"https:\/\/www.webdo.tn\/fr\/wp-json\/wp\/v2\/types\/post"}],"author":[{"embeddable":true,"href":"https:\/\/www.webdo.tn\/fr\/wp-json\/wp\/v2\/users\/3162"}],"replies":[{"embeddable":true,"href":"https:\/\/www.webdo.tn\/fr\/wp-json\/wp\/v2\/comments?post=205868"}],"version-history":[{"count":0,"href":"https:\/\/www.webdo.tn\/fr\/wp-json\/wp\/v2\/posts\/205868\/revisions"}],"wp:featuredmedia":[{"embeddable":true,"href":"https:\/\/www.webdo.tn\/fr\/wp-json\/wp\/v2\/media\/251093"}],"wp:attachment":[{"href":"https:\/\/www.webdo.tn\/fr\/wp-json\/wp\/v2\/media?parent=205868"}],"wp:term":[{"taxonomy":"category","embeddable":true,"href":"https:\/\/www.webdo.tn\/fr\/wp-json\/wp\/v2\/categories?post=205868"},{"taxonomy":"post_tag","embeddable":true,"href":"https:\/\/www.webdo.tn\/fr\/wp-json\/wp\/v2\/tags?post=205868"}],"curies":[{"name":"wp","href":"https:\/\/api.w.org\/{rel}","templated":true}]}}