{"id":205844,"date":"2023-05-18T23:48:00","date_gmt":"2023-05-18T23:48:00","guid":{"rendered":"https:\/\/www.webdo.tn\/fr\/blog\/nouvelle-medaille-d-or-pour-ayoub-hafnaoui-a-barcelone\/205844\/"},"modified":"2025-05-20T22:08:56","modified_gmt":"2025-05-20T22:08:56","slug":"nouvelle-medaille-d-or-pour-ayoub-hafnaoui-a-barcelone","status":"publish","type":"post","link":"https:\/\/www.webdo.tn\/fr\/actualite\/sport\/nouvelle-medaille-d-or-pour-ayoub-hafnaoui-a-barcelone\/205844\/","title":{"rendered":"Nouvelle m\u00e9daille d&rsquo;or pour Ayoub Hafnaoui \u00e0 Barcelone"},"content":{"rendered":"<p>Apr\u00e8s avoir d\u00e9croch\u00e9 une premi\u00e8re m\u00e9daille d&rsquo;or au meeting de Barcelone, Ayoub Hafnaoui a r\u00e9cidiv\u00e9 aujourd&rsquo;hui en remportant une deuxi\u00e8me breloque d&rsquo;or.<\/p>\n<p>\t\t\t\t\t\t\t\t\tAyoub Hafnaoui est en super-forme. Apr\u00e8s une premi\u00e8re m\u00e9daille d&rsquo;or remport\u00e9e hier, le champion olympique tunisien a d\u00e9croch\u00e9, ce jeudi 18 mai, une deuxi\u00e8me m\u00e9daille d&rsquo;or au 400m nage libre en 3&rsquo;47&Prime;13.<\/p>\n<p>Ayoub Hafnaoui a remport\u00e9, hier, une premi\u00e8re m\u00e9daille d\u2019or en s&rsquo;imposant au 1500 m\u00e8tres nage libre en 15\u201902\u00a0\u00bb15, devant le Britannique Daniel Jervis et le Norv\u00e9gien Henrik Christianse.<\/p>\n<p>Il est \u00e0 rappeler qu&rsquo;en janvier dernier, Ahmed Ayoub Hafnaoui a remport\u00e9 trois m\u00e9dailles \u00e0 l\u2019occasion du Meeting Pro Tyr de Knoxville aux Etats-Unis, en 1500 m\u00e8tres nage libre, 400 m\u00e8tres et 800 m\u00e8tres nage libre.<\/p>\n","protected":false},"excerpt":{"rendered":"<p>Apr\u00e8s avoir d\u00e9croch\u00e9 une premi\u00e8re m\u00e9daille d&rsquo;or au meeting de Barcelone, Ayoub Hafnaoui a r\u00e9cidiv\u00e9 aujourd&rsquo;hui en remportant une deuxi\u00e8me breloque d&rsquo;or.<\/p>\n","protected":false},"author":3162,"featured_media":278192,"comment_status":"open","ping_status":"closed","sticky":false,"template":"","format":"standard","meta":{"footnotes":""},"categories":[2593],"tags":[7350,7599,5540],"class_list":["post-205844","post","type-post","status-publish","format-standard","has-post-thumbnail","hentry","category-sport","tag-ayoub-hafnaoui","tag-barcelone","tag-medaille-dor"],"yoast_head":"<!-- This site is optimized with the Yoast SEO Premium plugin v27.5 (Yoast SEO v27.5) - https:\/\/yoast.com\/product\/yoast-seo-premium-wordpress\/ -->\n<title>Nouvelle m\u00e9daille d&#039;or pour Ayoub Hafnaoui \u00e0 Barcelone<\/title>\n<meta name=\"description\" content=\"Apr\u00e8s avoir d\u00e9croch\u00e9 une premi\u00e8re m\u00e9daille d&#039;or au meeting de Barcelone, Ayoub Hafnaoui a r\u00e9cidiv\u00e9 aujourd&#039;hui en remportant une deuxi\u00e8me breloque d&#039;or.\" \/>\n<link rel=\"canonical\" href=\"https:\/\/www.webdo.tn\/fr\/actualite\/sport\/nouvelle-medaille-d-or-pour-ayoub-hafnaoui-a-barcelone\/205844\/\" \/>\n<meta property=\"og:locale\" content=\"fr_FR\" \/>\n<meta property=\"og:type\" content=\"article\" \/>\n<meta property=\"og:title\" content=\"Nouvelle m\u00e9daille d&#039;or pour Ayoub Hafnaoui \u00e0 Barcelone\" \/>\n<meta property=\"og:description\" content=\"Apr\u00e8s avoir d\u00e9croch\u00e9 une premi\u00e8re m\u00e9daille d&#039;or au meeting de Barcelone, Ayoub Hafnaoui a r\u00e9cidiv\u00e9 aujourd&#039;hui en remportant une deuxi\u00e8me breloque d&#039;or.\" \/>\n<meta property=\"og:url\" content=\"https:\/\/www.webdo.tn\/fr\/actualite\/sport\/nouvelle-medaille-d-or-pour-ayoub-hafnaoui-a-barcelone\/205844\/\" \/>\n<meta property=\"og:site_name\" content=\"webdo\" \/>\n<meta property=\"article:publisher\" content=\"https:\/\/www.facebook.com\/webdotn\" \/>\n<meta property=\"article:published_time\" content=\"2023-05-18T23:48:00+00:00\" \/>\n<meta property=\"article:modified_time\" content=\"2025-05-20T22:08:56+00:00\" \/>\n<meta property=\"og:image\" content=\"https:\/\/www.webdo.tn\/fr\/wp-content\/uploads\/2023\/05\/53a14e97e138c44044706fb9b2e709a9.jpg\" \/>\n\t<meta property=\"og:image:width\" content=\"650\" \/>\n\t<meta property=\"og:image:height\" content=\"347\" \/>\n\t<meta property=\"og:image:type\" content=\"image\/jpeg\" \/>\n<meta name=\"author\" content=\"MC\" \/>\n<meta name=\"twitter:card\" content=\"summary_large_image\" \/>\n<meta name=\"twitter:creator\" content=\"@webdo_tn\" \/>\n<meta name=\"twitter:site\" content=\"@webdo_tn\" \/>\n<meta name=\"twitter:label1\" content=\"\u00c9crit par\" \/>\n\t<meta name=\"twitter:data1\" content=\"MC\" \/>\n\t<meta name=\"twitter:label2\" content=\"Dur\u00e9e de lecture estim\u00e9e\" \/>\n\t<meta name=\"twitter:data2\" content=\"1 minute\" \/>\n<script type=\"application\/ld+json\" class=\"yoast-schema-graph\">{\"@context\":\"https:\\\/\\\/schema.org\",\"@graph\":[{\"@type\":\"NewsArticle\",\"@id\":\"https:\\\/\\\/www.webdo.tn\\\/fr\\\/actualite\\\/sport\\\/nouvelle-medaille-d-or-pour-ayoub-hafnaoui-a-barcelone\\\/205844\\\/#article\",\"isPartOf\":{\"@id\":\"https:\\\/\\\/www.webdo.tn\\\/fr\\\/actualite\\\/sport\\\/nouvelle-medaille-d-or-pour-ayoub-hafnaoui-a-barcelone\\\/205844\\\/\"},\"author\":{\"name\":\"MC\",\"@id\":\"https:\\\/\\\/www.webdo.tn\\\/fr\\\/#\\\/schema\\\/person\\\/2c4929cbf5a809e3bd38617c6ce150f6\"},\"headline\":\"Nouvelle m\u00e9daille d&rsquo;or pour Ayoub Hafnaoui \u00e0 Barcelone\",\"datePublished\":\"2023-05-18T23:48:00+00:00\",\"dateModified\":\"2025-05-20T22:08:56+00:00\",\"mainEntityOfPage\":{\"@id\":\"https:\\\/\\\/www.webdo.tn\\\/fr\\\/actualite\\\/sport\\\/nouvelle-medaille-d-or-pour-ayoub-hafnaoui-a-barcelone\\\/205844\\\/\"},\"wordCount\":148,\"commentCount\":0,\"publisher\":{\"@id\":\"https:\\\/\\\/www.webdo.tn\\\/fr\\\/#organization\"},\"image\":{\"@id\":\"https:\\\/\\\/www.webdo.tn\\\/fr\\\/actualite\\\/sport\\\/nouvelle-medaille-d-or-pour-ayoub-hafnaoui-a-barcelone\\\/205844\\\/#primaryimage\"},\"thumbnailUrl\":\"https:\\\/\\\/www.webdo.tn\\\/fr\\\/wp-content\\\/uploads\\\/2023\\\/05\\\/53a14e97e138c44044706fb9b2e709a9.jpg\",\"keywords\":[\"ayoub hafnaoui\",\"barcelone\",\"m\u00e9daille d'or\"],\"articleSection\":[\"Sport\"],\"inLanguage\":\"fr-FR\"},{\"@type\":\"WebPage\",\"@id\":\"https:\\\/\\\/www.webdo.tn\\\/fr\\\/actualite\\\/sport\\\/nouvelle-medaille-d-or-pour-ayoub-hafnaoui-a-barcelone\\\/205844\\\/\",\"url\":\"https:\\\/\\\/www.webdo.tn\\\/fr\\\/actualite\\\/sport\\\/nouvelle-medaille-d-or-pour-ayoub-hafnaoui-a-barcelone\\\/205844\\\/\",\"name\":\"Nouvelle m\u00e9daille d'or pour Ayoub Hafnaoui \u00e0 Barcelone\",\"isPartOf\":{\"@id\":\"https:\\\/\\\/www.webdo.tn\\\/fr\\\/#website\"},\"primaryImageOfPage\":{\"@id\":\"https:\\\/\\\/www.webdo.tn\\\/fr\\\/actualite\\\/sport\\\/nouvelle-medaille-d-or-pour-ayoub-hafnaoui-a-barcelone\\\/205844\\\/#primaryimage\"},\"image\":{\"@id\":\"https:\\\/\\\/www.webdo.tn\\\/fr\\\/actualite\\\/sport\\\/nouvelle-medaille-d-or-pour-ayoub-hafnaoui-a-barcelone\\\/205844\\\/#primaryimage\"},\"thumbnailUrl\":\"https:\\\/\\\/www.webdo.tn\\\/fr\\\/wp-content\\\/uploads\\\/2023\\\/05\\\/53a14e97e138c44044706fb9b2e709a9.jpg\",\"datePublished\":\"2023-05-18T23:48:00+00:00\",\"dateModified\":\"2025-05-20T22:08:56+00:00\",\"description\":\"Apr\u00e8s avoir d\u00e9croch\u00e9 une premi\u00e8re m\u00e9daille d'or au meeting de Barcelone, Ayoub Hafnaoui a r\u00e9cidiv\u00e9 aujourd'hui en remportant une deuxi\u00e8me breloque d'or.\",\"breadcrumb\":{\"@id\":\"https:\\\/\\\/www.webdo.tn\\\/fr\\\/actualite\\\/sport\\\/nouvelle-medaille-d-or-pour-ayoub-hafnaoui-a-barcelone\\\/205844\\\/#breadcrumb\"},\"inLanguage\":\"fr-FR\",\"potentialAction\":[{\"@type\":\"ReadAction\",\"target\":[\"https:\\\/\\\/www.webdo.tn\\\/fr\\\/actualite\\\/sport\\\/nouvelle-medaille-d-or-pour-ayoub-hafnaoui-a-barcelone\\\/205844\\\/\"]}]},{\"@type\":\"ImageObject\",\"inLanguage\":\"fr-FR\",\"@id\":\"https:\\\/\\\/www.webdo.tn\\\/fr\\\/actualite\\\/sport\\\/nouvelle-medaille-d-or-pour-ayoub-hafnaoui-a-barcelone\\\/205844\\\/#primaryimage\",\"url\":\"https:\\\/\\\/www.webdo.tn\\\/fr\\\/wp-content\\\/uploads\\\/2023\\\/05\\\/53a14e97e138c44044706fb9b2e709a9.jpg\",\"contentUrl\":\"https:\\\/\\\/www.webdo.tn\\\/fr\\\/wp-content\\\/uploads\\\/2023\\\/05\\\/53a14e97e138c44044706fb9b2e709a9.jpg\",\"width\":650,\"height\":347,\"caption\":\"Nouvelle m\u00e9daille d'or pour Ayoub Hafnaoui \u00e0 Barcelone\"},{\"@type\":\"BreadcrumbList\",\"@id\":\"https:\\\/\\\/www.webdo.tn\\\/fr\\\/actualite\\\/sport\\\/nouvelle-medaille-d-or-pour-ayoub-hafnaoui-a-barcelone\\\/205844\\\/#breadcrumb\",\"itemListElement\":[{\"@type\":\"ListItem\",\"position\":1,\"name\":\"Accueil\",\"item\":\"https:\\\/\\\/www.webdo.tn\\\/fr\\\/\"},{\"@type\":\"ListItem\",\"position\":2,\"name\":\"Nouvelle m\u00e9daille d&rsquo;or pour Ayoub Hafnaoui \u00e0 Barcelone\"}]},{\"@type\":\"WebSite\",\"@id\":\"https:\\\/\\\/www.webdo.tn\\\/fr\\\/#website\",\"url\":\"https:\\\/\\\/www.webdo.tn\\\/fr\\\/\",\"name\":\"webdo\",\"description\":\"Tunisie - News en Tunisie et \u00e0 l&#039;international sur Webdo.tn\",\"publisher\":{\"@id\":\"https:\\\/\\\/www.webdo.tn\\\/fr\\\/#organization\"},\"potentialAction\":[{\"@type\":\"SearchAction\",\"target\":{\"@type\":\"EntryPoint\",\"urlTemplate\":\"https:\\\/\\\/www.webdo.tn\\\/fr\\\/?s={search_term_string}\"},\"query-input\":{\"@type\":\"PropertyValueSpecification\",\"valueRequired\":true,\"valueName\":\"search_term_string\"}}],\"inLanguage\":\"fr-FR\"},{\"@type\":\"Organization\",\"@id\":\"https:\\\/\\\/www.webdo.tn\\\/fr\\\/#organization\",\"name\":\"Webdo\",\"alternateName\":\"Webdo.tn\",\"url\":\"https:\\\/\\\/www.webdo.tn\\\/fr\\\/\",\"logo\":{\"@type\":\"ImageObject\",\"inLanguage\":\"fr-FR\",\"@id\":\"https:\\\/\\\/www.webdo.tn\\\/fr\\\/#\\\/schema\\\/logo\\\/image\\\/\",\"url\":\"https:\\\/\\\/www.webdo.tn\\\/fr\\\/wp-content\\\/uploads\\\/2025\\\/06\\\/Webdo-Tunisie_168377.jpg\",\"contentUrl\":\"https:\\\/\\\/www.webdo.tn\\\/fr\\\/wp-content\\\/uploads\\\/2025\\\/06\\\/Webdo-Tunisie_168377.jpg\",\"width\":301,\"height\":301,\"caption\":\"Webdo\"},\"image\":{\"@id\":\"https:\\\/\\\/www.webdo.tn\\\/fr\\\/#\\\/schema\\\/logo\\\/image\\\/\"},\"sameAs\":[\"https:\\\/\\\/www.facebook.com\\\/webdotn\",\"https:\\\/\\\/x.com\\\/webdo_tn\"],\"description\":\"Webdo est un m\u00e9dia num\u00e9rique tunisien fond\u00e9 en 2010, sp\u00e9cialis\u00e9 dans l\u2019actualit\u00e9 nationale et internationale, l\u2019\u00e9conomie, la soci\u00e9t\u00e9 et les analyses politiques. Le site s\u2019adresse \u00e0 un large public francophone et couvre l\u2019information tunisienne en temps r\u00e9el.\",\"email\":\"redac@webdo.tn\",\"legalName\":\"YNJ SARL\",\"foundingDate\":\"2010-09-06\",\"numberOfEmployees\":{\"@type\":\"QuantitativeValue\",\"minValue\":\"11\",\"maxValue\":\"50\"}},{\"@type\":\"Person\",\"@id\":\"https:\\\/\\\/www.webdo.tn\\\/fr\\\/#\\\/schema\\\/person\\\/2c4929cbf5a809e3bd38617c6ce150f6\",\"name\":\"MC\",\"image\":{\"@type\":\"ImageObject\",\"inLanguage\":\"fr-FR\",\"@id\":\"https:\\\/\\\/secure.gravatar.com\\\/avatar\\\/a545bbb6f84efdd5553dbbc2895e3ca8f1d12c5215e00a041c9670b54aa9b18a?s=96&d=mm&r=g\",\"url\":\"https:\\\/\\\/secure.gravatar.com\\\/avatar\\\/a545bbb6f84efdd5553dbbc2895e3ca8f1d12c5215e00a041c9670b54aa9b18a?s=96&d=mm&r=g\",\"contentUrl\":\"https:\\\/\\\/secure.gravatar.com\\\/avatar\\\/a545bbb6f84efdd5553dbbc2895e3ca8f1d12c5215e00a041c9670b54aa9b18a?s=96&d=mm&r=g\",\"caption\":\"MC\"},\"url\":\"https:\\\/\\\/www.webdo.tn\\\/fr\\\/actualite\\\/author\\\/mc\\\/\"}]}<\/script>\n<!-- \/ Yoast SEO Premium plugin. -->","yoast_head_json":{"title":"Nouvelle m\u00e9daille d'or pour Ayoub Hafnaoui \u00e0 Barcelone","description":"Apr\u00e8s avoir d\u00e9croch\u00e9 une premi\u00e8re m\u00e9daille d'or au meeting de Barcelone, Ayoub Hafnaoui a r\u00e9cidiv\u00e9 aujourd'hui en remportant une deuxi\u00e8me breloque d'or.","canonical":"https:\/\/www.webdo.tn\/fr\/actualite\/sport\/nouvelle-medaille-d-or-pour-ayoub-hafnaoui-a-barcelone\/205844\/","og_locale":"fr_FR","og_type":"article","og_title":"Nouvelle m\u00e9daille d'or pour Ayoub Hafnaoui \u00e0 Barcelone","og_description":"Apr\u00e8s avoir d\u00e9croch\u00e9 une premi\u00e8re m\u00e9daille d'or au meeting de Barcelone, Ayoub Hafnaoui a r\u00e9cidiv\u00e9 aujourd'hui en remportant une deuxi\u00e8me breloque d'or.","og_url":"https:\/\/www.webdo.tn\/fr\/actualite\/sport\/nouvelle-medaille-d-or-pour-ayoub-hafnaoui-a-barcelone\/205844\/","og_site_name":"webdo","article_publisher":"https:\/\/www.facebook.com\/webdotn","article_published_time":"2023-05-18T23:48:00+00:00","article_modified_time":"2025-05-20T22:08:56+00:00","og_image":[{"width":650,"height":347,"url":"https:\/\/www.webdo.tn\/fr\/wp-content\/uploads\/2023\/05\/53a14e97e138c44044706fb9b2e709a9.jpg","type":"image\/jpeg"}],"author":"MC","twitter_card":"summary_large_image","twitter_creator":"@webdo_tn","twitter_site":"@webdo_tn","twitter_misc":{"\u00c9crit par":"MC","Dur\u00e9e de lecture estim\u00e9e":"1 minute"},"schema":{"@context":"https:\/\/schema.org","@graph":[{"@type":"NewsArticle","@id":"https:\/\/www.webdo.tn\/fr\/actualite\/sport\/nouvelle-medaille-d-or-pour-ayoub-hafnaoui-a-barcelone\/205844\/#article","isPartOf":{"@id":"https:\/\/www.webdo.tn\/fr\/actualite\/sport\/nouvelle-medaille-d-or-pour-ayoub-hafnaoui-a-barcelone\/205844\/"},"author":{"name":"MC","@id":"https:\/\/www.webdo.tn\/fr\/#\/schema\/person\/2c4929cbf5a809e3bd38617c6ce150f6"},"headline":"Nouvelle m\u00e9daille d&rsquo;or pour Ayoub Hafnaoui \u00e0 Barcelone","datePublished":"2023-05-18T23:48:00+00:00","dateModified":"2025-05-20T22:08:56+00:00","mainEntityOfPage":{"@id":"https:\/\/www.webdo.tn\/fr\/actualite\/sport\/nouvelle-medaille-d-or-pour-ayoub-hafnaoui-a-barcelone\/205844\/"},"wordCount":148,"commentCount":0,"publisher":{"@id":"https:\/\/www.webdo.tn\/fr\/#organization"},"image":{"@id":"https:\/\/www.webdo.tn\/fr\/actualite\/sport\/nouvelle-medaille-d-or-pour-ayoub-hafnaoui-a-barcelone\/205844\/#primaryimage"},"thumbnailUrl":"https:\/\/www.webdo.tn\/fr\/wp-content\/uploads\/2023\/05\/53a14e97e138c44044706fb9b2e709a9.jpg","keywords":["ayoub hafnaoui","barcelone","m\u00e9daille d'or"],"articleSection":["Sport"],"inLanguage":"fr-FR"},{"@type":"WebPage","@id":"https:\/\/www.webdo.tn\/fr\/actualite\/sport\/nouvelle-medaille-d-or-pour-ayoub-hafnaoui-a-barcelone\/205844\/","url":"https:\/\/www.webdo.tn\/fr\/actualite\/sport\/nouvelle-medaille-d-or-pour-ayoub-hafnaoui-a-barcelone\/205844\/","name":"Nouvelle m\u00e9daille d'or pour Ayoub Hafnaoui \u00e0 Barcelone","isPartOf":{"@id":"https:\/\/www.webdo.tn\/fr\/#website"},"primaryImageOfPage":{"@id":"https:\/\/www.webdo.tn\/fr\/actualite\/sport\/nouvelle-medaille-d-or-pour-ayoub-hafnaoui-a-barcelone\/205844\/#primaryimage"},"image":{"@id":"https:\/\/www.webdo.tn\/fr\/actualite\/sport\/nouvelle-medaille-d-or-pour-ayoub-hafnaoui-a-barcelone\/205844\/#primaryimage"},"thumbnailUrl":"https:\/\/www.webdo.tn\/fr\/wp-content\/uploads\/2023\/05\/53a14e97e138c44044706fb9b2e709a9.jpg","datePublished":"2023-05-18T23:48:00+00:00","dateModified":"2025-05-20T22:08:56+00:00","description":"Apr\u00e8s avoir d\u00e9croch\u00e9 une premi\u00e8re m\u00e9daille d'or au meeting de Barcelone, Ayoub Hafnaoui a r\u00e9cidiv\u00e9 aujourd'hui en remportant une deuxi\u00e8me breloque d'or.","breadcrumb":{"@id":"https:\/\/www.webdo.tn\/fr\/actualite\/sport\/nouvelle-medaille-d-or-pour-ayoub-hafnaoui-a-barcelone\/205844\/#breadcrumb"},"inLanguage":"fr-FR","potentialAction":[{"@type":"ReadAction","target":["https:\/\/www.webdo.tn\/fr\/actualite\/sport\/nouvelle-medaille-d-or-pour-ayoub-hafnaoui-a-barcelone\/205844\/"]}]},{"@type":"ImageObject","inLanguage":"fr-FR","@id":"https:\/\/www.webdo.tn\/fr\/actualite\/sport\/nouvelle-medaille-d-or-pour-ayoub-hafnaoui-a-barcelone\/205844\/#primaryimage","url":"https:\/\/www.webdo.tn\/fr\/wp-content\/uploads\/2023\/05\/53a14e97e138c44044706fb9b2e709a9.jpg","contentUrl":"https:\/\/www.webdo.tn\/fr\/wp-content\/uploads\/2023\/05\/53a14e97e138c44044706fb9b2e709a9.jpg","width":650,"height":347,"caption":"Nouvelle m\u00e9daille d'or pour Ayoub Hafnaoui \u00e0 Barcelone"},{"@type":"BreadcrumbList","@id":"https:\/\/www.webdo.tn\/fr\/actualite\/sport\/nouvelle-medaille-d-or-pour-ayoub-hafnaoui-a-barcelone\/205844\/#breadcrumb","itemListElement":[{"@type":"ListItem","position":1,"name":"Accueil","item":"https:\/\/www.webdo.tn\/fr\/"},{"@type":"ListItem","position":2,"name":"Nouvelle m\u00e9daille d&rsquo;or pour Ayoub Hafnaoui \u00e0 Barcelone"}]},{"@type":"WebSite","@id":"https:\/\/www.webdo.tn\/fr\/#website","url":"https:\/\/www.webdo.tn\/fr\/","name":"webdo","description":"Tunisie - News en Tunisie et \u00e0 l&#039;international sur Webdo.tn","publisher":{"@id":"https:\/\/www.webdo.tn\/fr\/#organization"},"potentialAction":[{"@type":"SearchAction","target":{"@type":"EntryPoint","urlTemplate":"https:\/\/www.webdo.tn\/fr\/?s={search_term_string}"},"query-input":{"@type":"PropertyValueSpecification","valueRequired":true,"valueName":"search_term_string"}}],"inLanguage":"fr-FR"},{"@type":"Organization","@id":"https:\/\/www.webdo.tn\/fr\/#organization","name":"Webdo","alternateName":"Webdo.tn","url":"https:\/\/www.webdo.tn\/fr\/","logo":{"@type":"ImageObject","inLanguage":"fr-FR","@id":"https:\/\/www.webdo.tn\/fr\/#\/schema\/logo\/image\/","url":"https:\/\/www.webdo.tn\/fr\/wp-content\/uploads\/2025\/06\/Webdo-Tunisie_168377.jpg","contentUrl":"https:\/\/www.webdo.tn\/fr\/wp-content\/uploads\/2025\/06\/Webdo-Tunisie_168377.jpg","width":301,"height":301,"caption":"Webdo"},"image":{"@id":"https:\/\/www.webdo.tn\/fr\/#\/schema\/logo\/image\/"},"sameAs":["https:\/\/www.facebook.com\/webdotn","https:\/\/x.com\/webdo_tn"],"description":"Webdo est un m\u00e9dia num\u00e9rique tunisien fond\u00e9 en 2010, sp\u00e9cialis\u00e9 dans l\u2019actualit\u00e9 nationale et internationale, l\u2019\u00e9conomie, la soci\u00e9t\u00e9 et les analyses politiques. Le site s\u2019adresse \u00e0 un large public francophone et couvre l\u2019information tunisienne en temps r\u00e9el.","email":"redac@webdo.tn","legalName":"YNJ SARL","foundingDate":"2010-09-06","numberOfEmployees":{"@type":"QuantitativeValue","minValue":"11","maxValue":"50"}},{"@type":"Person","@id":"https:\/\/www.webdo.tn\/fr\/#\/schema\/person\/2c4929cbf5a809e3bd38617c6ce150f6","name":"MC","image":{"@type":"ImageObject","inLanguage":"fr-FR","@id":"https:\/\/secure.gravatar.com\/avatar\/a545bbb6f84efdd5553dbbc2895e3ca8f1d12c5215e00a041c9670b54aa9b18a?s=96&d=mm&r=g","url":"https:\/\/secure.gravatar.com\/avatar\/a545bbb6f84efdd5553dbbc2895e3ca8f1d12c5215e00a041c9670b54aa9b18a?s=96&d=mm&r=g","contentUrl":"https:\/\/secure.gravatar.com\/avatar\/a545bbb6f84efdd5553dbbc2895e3ca8f1d12c5215e00a041c9670b54aa9b18a?s=96&d=mm&r=g","caption":"MC"},"url":"https:\/\/www.webdo.tn\/fr\/actualite\/author\/mc\/"}]}},"_links":{"self":[{"href":"https:\/\/www.webdo.tn\/fr\/wp-json\/wp\/v2\/posts\/205844","targetHints":{"allow":["GET"]}}],"collection":[{"href":"https:\/\/www.webdo.tn\/fr\/wp-json\/wp\/v2\/posts"}],"about":[{"href":"https:\/\/www.webdo.tn\/fr\/wp-json\/wp\/v2\/types\/post"}],"author":[{"embeddable":true,"href":"https:\/\/www.webdo.tn\/fr\/wp-json\/wp\/v2\/users\/3162"}],"replies":[{"embeddable":true,"href":"https:\/\/www.webdo.tn\/fr\/wp-json\/wp\/v2\/comments?post=205844"}],"version-history":[{"count":0,"href":"https:\/\/www.webdo.tn\/fr\/wp-json\/wp\/v2\/posts\/205844\/revisions"}],"wp:featuredmedia":[{"embeddable":true,"href":"https:\/\/www.webdo.tn\/fr\/wp-json\/wp\/v2\/media\/278192"}],"wp:attachment":[{"href":"https:\/\/www.webdo.tn\/fr\/wp-json\/wp\/v2\/media?parent=205844"}],"wp:term":[{"taxonomy":"category","embeddable":true,"href":"https:\/\/www.webdo.tn\/fr\/wp-json\/wp\/v2\/categories?post=205844"},{"taxonomy":"post_tag","embeddable":true,"href":"https:\/\/www.webdo.tn\/fr\/wp-json\/wp\/v2\/tags?post=205844"}],"curies":[{"name":"wp","href":"https:\/\/api.w.org\/{rel}","templated":true}]}}