{"id":205835,"date":"2023-05-18T20:03:00","date_gmt":"2023-05-18T20:03:00","guid":{"rendered":"https:\/\/www.webdo.tn\/fr\/blog\/arp-repartition-des-responsabilites-au-sein-bureau-du-parlement\/205835\/"},"modified":"2025-05-20T22:43:18","modified_gmt":"2025-05-20T22:43:18","slug":"arp-repartition-des-responsabilites-au-sein-bureau-du-parlement","status":"publish","type":"post","link":"https:\/\/www.webdo.tn\/fr\/actualite\/national\/arp-repartition-des-responsabilites-au-sein-bureau-du-parlement\/205835\/","title":{"rendered":"ARP : R\u00e9partition des responsabilit\u00e9s au sein du bureau du parlement"},"content":{"rendered":"<p>Le pr\u00e9sident de l&rsquo;Assembl\u00e9e des repr\u00e9sentants du peuple (ARP), Brahim Bouderbala, a annonc\u00e9, jeudi 18 mai en pl\u00e9ni\u00e8re, la r\u00e9partition des responsabilit\u00e9s au sein du bureau de l&rsquo;ARP.<\/p>\n<p>\t\t\t\t\t\t\t\t\tLa composition du bureau du parlement se compose, pour l&rsquo;instant, de huit assesseurs dans l&rsquo;attente du parach\u00e8vement de la composition de l&rsquo;assembl\u00e9e une fois les d\u00e9put\u00e9s hors groupe pr\u00e9sentent leurs candidats au bureau de l&rsquo;ARP et dans les diff\u00e9rentes commissions.<\/p>\n<p>Les candidatures devraient \u00eatre pr\u00e9sent\u00e9es, au plus tard, vendredi avant 13h.<\/p>\n<p>Le bureau de l&rsquo;ARP est compos\u00e9 du pr\u00e9sident du parlement, de deux vice-pr\u00e9sidents et de 10 assesseurs.<\/p>\n<p>Ces derniers se pr\u00e9sentent comme suit:<br \/>\n-assesseur du pr\u00e9sident charg\u00e9 des affaires de la l\u00e9gislation : Oussama Mahjoub (bloc Int\u00e9grit\u00e9 et Travail)<br \/>\n-assesseur du pr\u00e9sident charg\u00e9 des relations avec les pr\u00e9sidences de la R\u00e9publique et du Gouvernement : Sami Abdelali (bloc patriotique ind\u00e9pendant)<br \/>\n-assesseur du pr\u00e9sident charg\u00e9 des relations avec les instances constitutionnelles et la fonction judiciaire : Badreddine Gamoudi (Bloc ligne nationale souveraine)<br \/>\n-assesseur du pr\u00e9sident charg\u00e9 de la relation avec le conseil national des r\u00e9gions et des districts : Aymen Boughdiri (bloc Pour la Victoire du Peuple)<br \/>\n-assesseur du pr\u00e9sident charg\u00e9 des relations ext\u00e9rieures, des Tunisiens \u00e0 l&rsquo;\u00e9tranger et de la migration : Ezzedine Teyeb (bloc Voix de la R\u00e9publique)<br \/>\n-assesseur du pr\u00e9sident charg\u00e9 de la relation avec les citoyens et la soci\u00e9t\u00e9 civile :Amine Ouerghi (bloc Voix de la R\u00e9publique)<br \/>\n-assesseur du pr\u00e9sident charg\u00e9 de l&rsquo;information et de la communication : Sirine Mrabet (Bloc des Ind\u00e9pendants)<br \/>\n-assesseur du pr\u00e9sident charg\u00e9 de la gestion publique : Fadhel Ben Turkia (bloc patriotique ind\u00e9pendant)<\/p>\n<p>Les postes d&rsquo;assesseur du pr\u00e9sident charg\u00e9 des grandes r\u00e9formes et celui d&rsquo;assesseur du pr\u00e9sident charg\u00e9 des affaires des d\u00e9put\u00e9s sont encore vacants en attendant la pr\u00e9sentation, vendredi, des candidats des d\u00e9put\u00e9s hors groupe.<\/p>\n<p>Selon Bouderbala, la r\u00e9union du bureau du parlement est pr\u00e9vue vendredi apr\u00e8s-midi pour examiner l&rsquo;ordre du jour de la pl\u00e9ni\u00e8re du 23 mai d\u00e9di\u00e9e \u00e0 l&rsquo;\u00e9lection des commissions.<\/p>\n<p>A l&rsquo;issue de la pl\u00e9ni\u00e8re, dont la dur\u00e9e n&rsquo;a pas d\u00e9pass\u00e9 9 minutes, le pr\u00e9sident de l&rsquo;ARP a annonc\u00e9 la r\u00e9partition des quotas des commissions non permanentes:<br \/>\nCommission de la l\u00e9gislation g\u00e9n\u00e9rale : 4 si\u00e8ges<br \/>\nCommission des finances et du budget : 4 si\u00e8ges<br \/>\nCommission des droits et des libert\u00e9s : 4 si\u00e8ges<br \/>\nCommission des relations ext\u00e9rieures, de la coop\u00e9ration internationale, des Tunisiens \u00e0 l&rsquo;\u00e9tranger et de la migration :2 si\u00e8ges<br \/>\nCommission de l&rsquo;agriculture, de la s\u00e9curit\u00e9 alimentaire et de la p\u00eache :1 si\u00e8ge<br \/>\nCommission de l&rsquo;industrie, du commerce, de l&rsquo;\u00e9nergie et de l&rsquo;environnement :2 si\u00e8ges<br \/>\nCommission du tourisme, de la culture, des services et de l&rsquo;artisanat : 3 si\u00e8ges<br \/>\nCommission de la sant\u00e9 et des affaires de la femme et de la famille : 2 si\u00e8ges<br \/>\nCommission de l&rsquo;\u00e9ducation, de la formation professionnelle et de la recherche scientifique :1 si\u00e8ge<br \/>\nCommission de l&rsquo;organisation de l&rsquo;administration, de la num\u00e9risation, de la gouvernance et de la lutte contre la corruption :4 si\u00e8ges<br \/>\nCommission de la d\u00e9fense, de la s\u00e9curit\u00e9 et des forces porteuses d&rsquo;armes :4 si\u00e8ges<br \/>\nCommission du r\u00e8glement int\u00e9rieur, des lois \u00e9lectorales et des lois parlementaires :4 si\u00e8ges<\/p>\n","protected":false},"excerpt":{"rendered":"<p>Le pr\u00e9sident de l&rsquo;Assembl\u00e9e des repr\u00e9sentants du peuple (ARP), Brahim Bouderbala, a annonc\u00e9, jeudi 18 mai en pl\u00e9ni\u00e8re, la r\u00e9partition des responsabilit\u00e9s au sei&#8230;<\/p>\n","protected":false},"author":3175,"featured_media":251114,"comment_status":"open","ping_status":"closed","sticky":false,"template":"","format":"standard","meta":{"footnotes":""},"categories":[44],"tags":[2813,4347,2608],"class_list":["post-205835","post","type-post","status-publish","format-standard","has-post-thumbnail","hentry","category-national","tag-arp","tag-bureau","tag-tunisie"],"yoast_head":"<!-- This site is optimized with the Yoast SEO Premium plugin v27.4 (Yoast SEO v27.5) - https:\/\/yoast.com\/product\/yoast-seo-premium-wordpress\/ -->\n<title>ARP : R\u00e9partition des responsabilit\u00e9s au sein du bureau du parlement<\/title>\n<meta name=\"description\" content=\"Le pr\u00e9sident de l&#039;Assembl\u00e9e des repr\u00e9sentants du peuple (ARP), Brahim Bouderbala, a annonc\u00e9, jeudi 18 mai en pl\u00e9ni\u00e8re, la r\u00e9partition des responsabilit\u00e9s au sei...\" \/>\n<link rel=\"canonical\" href=\"https:\/\/www.webdo.tn\/fr\/actualite\/national\/arp-repartition-des-responsabilites-au-sein-bureau-du-parlement\/205835\/\" \/>\n<meta property=\"og:locale\" content=\"fr_FR\" \/>\n<meta property=\"og:type\" content=\"article\" \/>\n<meta property=\"og:title\" content=\"ARP : R\u00e9partition des responsabilit\u00e9s au sein du bureau du parlement\" \/>\n<meta property=\"og:description\" content=\"Le pr\u00e9sident de l&#039;Assembl\u00e9e des repr\u00e9sentants du peuple (ARP), Brahim Bouderbala, a annonc\u00e9, jeudi 18 mai en pl\u00e9ni\u00e8re, la r\u00e9partition des responsabilit\u00e9s au sei...\" \/>\n<meta property=\"og:url\" content=\"https:\/\/www.webdo.tn\/fr\/actualite\/national\/arp-repartition-des-responsabilites-au-sein-bureau-du-parlement\/205835\/\" \/>\n<meta property=\"og:site_name\" content=\"webdo\" \/>\n<meta property=\"article:publisher\" content=\"https:\/\/www.facebook.com\/webdotn\" \/>\n<meta property=\"article:published_time\" content=\"2023-05-18T20:03:00+00:00\" \/>\n<meta property=\"article:modified_time\" content=\"2025-05-20T22:43:18+00:00\" \/>\n<meta property=\"og:image\" content=\"https:\/\/www.webdo.tn\/fr\/wp-content\/uploads\/2023\/05\/c9c0fd5cc14ac4b2cd69c372494d7340.jpg\" \/>\n\t<meta property=\"og:image:width\" content=\"750\" \/>\n\t<meta property=\"og:image:height\" content=\"400\" \/>\n\t<meta property=\"og:image:type\" content=\"image\/jpeg\" \/>\n<meta name=\"author\" content=\"CL\" \/>\n<meta name=\"twitter:card\" content=\"summary_large_image\" \/>\n<meta name=\"twitter:creator\" content=\"@webdo_tn\" \/>\n<meta name=\"twitter:site\" content=\"@webdo_tn\" \/>\n<meta name=\"twitter:label1\" content=\"\u00c9crit par\" \/>\n\t<meta name=\"twitter:data1\" content=\"CL\" \/>\n\t<meta name=\"twitter:label2\" content=\"Dur\u00e9e de lecture estim\u00e9e\" \/>\n\t<meta name=\"twitter:data2\" content=\"3 minutes\" \/>\n<script type=\"application\/ld+json\" class=\"yoast-schema-graph\">{\"@context\":\"https:\\\/\\\/schema.org\",\"@graph\":[{\"@type\":\"NewsArticle\",\"@id\":\"https:\\\/\\\/www.webdo.tn\\\/fr\\\/actualite\\\/national\\\/arp-repartition-des-responsabilites-au-sein-bureau-du-parlement\\\/205835\\\/#article\",\"isPartOf\":{\"@id\":\"https:\\\/\\\/www.webdo.tn\\\/fr\\\/actualite\\\/national\\\/arp-repartition-des-responsabilites-au-sein-bureau-du-parlement\\\/205835\\\/\"},\"author\":{\"name\":\"CL\",\"@id\":\"https:\\\/\\\/www.webdo.tn\\\/fr\\\/#\\\/schema\\\/person\\\/f35b42a42c5e2511bbd282959d6385cc\"},\"headline\":\"ARP : R\u00e9partition des responsabilit\u00e9s au sein du bureau du parlement\",\"datePublished\":\"2023-05-18T20:03:00+00:00\",\"dateModified\":\"2025-05-20T22:43:18+00:00\",\"mainEntityOfPage\":{\"@id\":\"https:\\\/\\\/www.webdo.tn\\\/fr\\\/actualite\\\/national\\\/arp-repartition-des-responsabilites-au-sein-bureau-du-parlement\\\/205835\\\/\"},\"wordCount\":600,\"commentCount\":0,\"publisher\":{\"@id\":\"https:\\\/\\\/www.webdo.tn\\\/fr\\\/#organization\"},\"image\":{\"@id\":\"https:\\\/\\\/www.webdo.tn\\\/fr\\\/actualite\\\/national\\\/arp-repartition-des-responsabilites-au-sein-bureau-du-parlement\\\/205835\\\/#primaryimage\"},\"thumbnailUrl\":\"https:\\\/\\\/www.webdo.tn\\\/fr\\\/wp-content\\\/uploads\\\/2023\\\/05\\\/c9c0fd5cc14ac4b2cd69c372494d7340.jpg\",\"keywords\":[\"ARP\",\"Bureau\",\"Tunisie\"],\"articleSection\":[\"National\"],\"inLanguage\":\"fr-FR\"},{\"@type\":\"WebPage\",\"@id\":\"https:\\\/\\\/www.webdo.tn\\\/fr\\\/actualite\\\/national\\\/arp-repartition-des-responsabilites-au-sein-bureau-du-parlement\\\/205835\\\/\",\"url\":\"https:\\\/\\\/www.webdo.tn\\\/fr\\\/actualite\\\/national\\\/arp-repartition-des-responsabilites-au-sein-bureau-du-parlement\\\/205835\\\/\",\"name\":\"ARP : R\u00e9partition des responsabilit\u00e9s au sein du bureau du parlement\",\"isPartOf\":{\"@id\":\"https:\\\/\\\/www.webdo.tn\\\/fr\\\/#website\"},\"primaryImageOfPage\":{\"@id\":\"https:\\\/\\\/www.webdo.tn\\\/fr\\\/actualite\\\/national\\\/arp-repartition-des-responsabilites-au-sein-bureau-du-parlement\\\/205835\\\/#primaryimage\"},\"image\":{\"@id\":\"https:\\\/\\\/www.webdo.tn\\\/fr\\\/actualite\\\/national\\\/arp-repartition-des-responsabilites-au-sein-bureau-du-parlement\\\/205835\\\/#primaryimage\"},\"thumbnailUrl\":\"https:\\\/\\\/www.webdo.tn\\\/fr\\\/wp-content\\\/uploads\\\/2023\\\/05\\\/c9c0fd5cc14ac4b2cd69c372494d7340.jpg\",\"datePublished\":\"2023-05-18T20:03:00+00:00\",\"dateModified\":\"2025-05-20T22:43:18+00:00\",\"description\":\"Le pr\u00e9sident de l'Assembl\u00e9e des repr\u00e9sentants du peuple (ARP), Brahim Bouderbala, a annonc\u00e9, jeudi 18 mai en pl\u00e9ni\u00e8re, la r\u00e9partition des responsabilit\u00e9s au sei...\",\"breadcrumb\":{\"@id\":\"https:\\\/\\\/www.webdo.tn\\\/fr\\\/actualite\\\/national\\\/arp-repartition-des-responsabilites-au-sein-bureau-du-parlement\\\/205835\\\/#breadcrumb\"},\"inLanguage\":\"fr-FR\",\"potentialAction\":[{\"@type\":\"ReadAction\",\"target\":[\"https:\\\/\\\/www.webdo.tn\\\/fr\\\/actualite\\\/national\\\/arp-repartition-des-responsabilites-au-sein-bureau-du-parlement\\\/205835\\\/\"]}]},{\"@type\":\"ImageObject\",\"inLanguage\":\"fr-FR\",\"@id\":\"https:\\\/\\\/www.webdo.tn\\\/fr\\\/actualite\\\/national\\\/arp-repartition-des-responsabilites-au-sein-bureau-du-parlement\\\/205835\\\/#primaryimage\",\"url\":\"https:\\\/\\\/www.webdo.tn\\\/fr\\\/wp-content\\\/uploads\\\/2023\\\/05\\\/c9c0fd5cc14ac4b2cd69c372494d7340.jpg\",\"contentUrl\":\"https:\\\/\\\/www.webdo.tn\\\/fr\\\/wp-content\\\/uploads\\\/2023\\\/05\\\/c9c0fd5cc14ac4b2cd69c372494d7340.jpg\",\"width\":750,\"height\":400,\"caption\":\"ARP\"},{\"@type\":\"BreadcrumbList\",\"@id\":\"https:\\\/\\\/www.webdo.tn\\\/fr\\\/actualite\\\/national\\\/arp-repartition-des-responsabilites-au-sein-bureau-du-parlement\\\/205835\\\/#breadcrumb\",\"itemListElement\":[{\"@type\":\"ListItem\",\"position\":1,\"name\":\"Accueil\",\"item\":\"https:\\\/\\\/www.webdo.tn\\\/fr\\\/\"},{\"@type\":\"ListItem\",\"position\":2,\"name\":\"ARP : R\u00e9partition des responsabilit\u00e9s au sein du bureau du parlement\"}]},{\"@type\":\"WebSite\",\"@id\":\"https:\\\/\\\/www.webdo.tn\\\/fr\\\/#website\",\"url\":\"https:\\\/\\\/www.webdo.tn\\\/fr\\\/\",\"name\":\"webdo\",\"description\":\"Tunisie - News en Tunisie et \u00e0 l&#039;international sur Webdo.tn\",\"publisher\":{\"@id\":\"https:\\\/\\\/www.webdo.tn\\\/fr\\\/#organization\"},\"potentialAction\":[{\"@type\":\"SearchAction\",\"target\":{\"@type\":\"EntryPoint\",\"urlTemplate\":\"https:\\\/\\\/www.webdo.tn\\\/fr\\\/?s={search_term_string}\"},\"query-input\":{\"@type\":\"PropertyValueSpecification\",\"valueRequired\":true,\"valueName\":\"search_term_string\"}}],\"inLanguage\":\"fr-FR\"},{\"@type\":\"Organization\",\"@id\":\"https:\\\/\\\/www.webdo.tn\\\/fr\\\/#organization\",\"name\":\"Webdo\",\"alternateName\":\"Webdo.tn\",\"url\":\"https:\\\/\\\/www.webdo.tn\\\/fr\\\/\",\"logo\":{\"@type\":\"ImageObject\",\"inLanguage\":\"fr-FR\",\"@id\":\"https:\\\/\\\/www.webdo.tn\\\/fr\\\/#\\\/schema\\\/logo\\\/image\\\/\",\"url\":\"https:\\\/\\\/www.webdo.tn\\\/fr\\\/wp-content\\\/uploads\\\/2025\\\/06\\\/Webdo-Tunisie_168377.jpg\",\"contentUrl\":\"https:\\\/\\\/www.webdo.tn\\\/fr\\\/wp-content\\\/uploads\\\/2025\\\/06\\\/Webdo-Tunisie_168377.jpg\",\"width\":301,\"height\":301,\"caption\":\"Webdo\"},\"image\":{\"@id\":\"https:\\\/\\\/www.webdo.tn\\\/fr\\\/#\\\/schema\\\/logo\\\/image\\\/\"},\"sameAs\":[\"https:\\\/\\\/www.facebook.com\\\/webdotn\",\"https:\\\/\\\/x.com\\\/webdo_tn\"],\"description\":\"Webdo est un m\u00e9dia num\u00e9rique tunisien fond\u00e9 en 2010, sp\u00e9cialis\u00e9 dans l\u2019actualit\u00e9 nationale et internationale, l\u2019\u00e9conomie, la soci\u00e9t\u00e9 et les analyses politiques. Le site s\u2019adresse \u00e0 un large public francophone et couvre l\u2019information tunisienne en temps r\u00e9el.\",\"email\":\"redac@webdo.tn\",\"legalName\":\"YNJ SARL\",\"foundingDate\":\"2010-09-06\",\"numberOfEmployees\":{\"@type\":\"QuantitativeValue\",\"minValue\":\"11\",\"maxValue\":\"50\"}},{\"@type\":\"Person\",\"@id\":\"https:\\\/\\\/www.webdo.tn\\\/fr\\\/#\\\/schema\\\/person\\\/f35b42a42c5e2511bbd282959d6385cc\",\"name\":\"CL\",\"image\":{\"@type\":\"ImageObject\",\"inLanguage\":\"fr-FR\",\"@id\":\"https:\\\/\\\/secure.gravatar.com\\\/avatar\\\/1447a49909b67aa657c488aec6512e1dd6143a480c1ecfee9b5b5cd74eb3b59e?s=96&d=mm&r=g\",\"url\":\"https:\\\/\\\/secure.gravatar.com\\\/avatar\\\/1447a49909b67aa657c488aec6512e1dd6143a480c1ecfee9b5b5cd74eb3b59e?s=96&d=mm&r=g\",\"contentUrl\":\"https:\\\/\\\/secure.gravatar.com\\\/avatar\\\/1447a49909b67aa657c488aec6512e1dd6143a480c1ecfee9b5b5cd74eb3b59e?s=96&d=mm&r=g\",\"caption\":\"CL\"},\"url\":\"https:\\\/\\\/www.webdo.tn\\\/fr\\\/actualite\\\/author\\\/cl\\\/\"}]}<\/script>\n<!-- \/ Yoast SEO Premium plugin. -->","yoast_head_json":{"title":"ARP : R\u00e9partition des responsabilit\u00e9s au sein du bureau du parlement","description":"Le pr\u00e9sident de l'Assembl\u00e9e des repr\u00e9sentants du peuple (ARP), Brahim Bouderbala, a annonc\u00e9, jeudi 18 mai en pl\u00e9ni\u00e8re, la r\u00e9partition des responsabilit\u00e9s au sei...","canonical":"https:\/\/www.webdo.tn\/fr\/actualite\/national\/arp-repartition-des-responsabilites-au-sein-bureau-du-parlement\/205835\/","og_locale":"fr_FR","og_type":"article","og_title":"ARP : R\u00e9partition des responsabilit\u00e9s au sein du bureau du parlement","og_description":"Le pr\u00e9sident de l'Assembl\u00e9e des repr\u00e9sentants du peuple (ARP), Brahim Bouderbala, a annonc\u00e9, jeudi 18 mai en pl\u00e9ni\u00e8re, la r\u00e9partition des responsabilit\u00e9s au sei...","og_url":"https:\/\/www.webdo.tn\/fr\/actualite\/national\/arp-repartition-des-responsabilites-au-sein-bureau-du-parlement\/205835\/","og_site_name":"webdo","article_publisher":"https:\/\/www.facebook.com\/webdotn","article_published_time":"2023-05-18T20:03:00+00:00","article_modified_time":"2025-05-20T22:43:18+00:00","og_image":[{"width":750,"height":400,"url":"https:\/\/www.webdo.tn\/fr\/wp-content\/uploads\/2023\/05\/c9c0fd5cc14ac4b2cd69c372494d7340.jpg","type":"image\/jpeg"}],"author":"CL","twitter_card":"summary_large_image","twitter_creator":"@webdo_tn","twitter_site":"@webdo_tn","twitter_misc":{"\u00c9crit par":"CL","Dur\u00e9e de lecture estim\u00e9e":"3 minutes"},"schema":{"@context":"https:\/\/schema.org","@graph":[{"@type":"NewsArticle","@id":"https:\/\/www.webdo.tn\/fr\/actualite\/national\/arp-repartition-des-responsabilites-au-sein-bureau-du-parlement\/205835\/#article","isPartOf":{"@id":"https:\/\/www.webdo.tn\/fr\/actualite\/national\/arp-repartition-des-responsabilites-au-sein-bureau-du-parlement\/205835\/"},"author":{"name":"CL","@id":"https:\/\/www.webdo.tn\/fr\/#\/schema\/person\/f35b42a42c5e2511bbd282959d6385cc"},"headline":"ARP : R\u00e9partition des responsabilit\u00e9s au sein du bureau du parlement","datePublished":"2023-05-18T20:03:00+00:00","dateModified":"2025-05-20T22:43:18+00:00","mainEntityOfPage":{"@id":"https:\/\/www.webdo.tn\/fr\/actualite\/national\/arp-repartition-des-responsabilites-au-sein-bureau-du-parlement\/205835\/"},"wordCount":600,"commentCount":0,"publisher":{"@id":"https:\/\/www.webdo.tn\/fr\/#organization"},"image":{"@id":"https:\/\/www.webdo.tn\/fr\/actualite\/national\/arp-repartition-des-responsabilites-au-sein-bureau-du-parlement\/205835\/#primaryimage"},"thumbnailUrl":"https:\/\/www.webdo.tn\/fr\/wp-content\/uploads\/2023\/05\/c9c0fd5cc14ac4b2cd69c372494d7340.jpg","keywords":["ARP","Bureau","Tunisie"],"articleSection":["National"],"inLanguage":"fr-FR"},{"@type":"WebPage","@id":"https:\/\/www.webdo.tn\/fr\/actualite\/national\/arp-repartition-des-responsabilites-au-sein-bureau-du-parlement\/205835\/","url":"https:\/\/www.webdo.tn\/fr\/actualite\/national\/arp-repartition-des-responsabilites-au-sein-bureau-du-parlement\/205835\/","name":"ARP : R\u00e9partition des responsabilit\u00e9s au sein du bureau du parlement","isPartOf":{"@id":"https:\/\/www.webdo.tn\/fr\/#website"},"primaryImageOfPage":{"@id":"https:\/\/www.webdo.tn\/fr\/actualite\/national\/arp-repartition-des-responsabilites-au-sein-bureau-du-parlement\/205835\/#primaryimage"},"image":{"@id":"https:\/\/www.webdo.tn\/fr\/actualite\/national\/arp-repartition-des-responsabilites-au-sein-bureau-du-parlement\/205835\/#primaryimage"},"thumbnailUrl":"https:\/\/www.webdo.tn\/fr\/wp-content\/uploads\/2023\/05\/c9c0fd5cc14ac4b2cd69c372494d7340.jpg","datePublished":"2023-05-18T20:03:00+00:00","dateModified":"2025-05-20T22:43:18+00:00","description":"Le pr\u00e9sident de l'Assembl\u00e9e des repr\u00e9sentants du peuple (ARP), Brahim Bouderbala, a annonc\u00e9, jeudi 18 mai en pl\u00e9ni\u00e8re, la r\u00e9partition des responsabilit\u00e9s au sei...","breadcrumb":{"@id":"https:\/\/www.webdo.tn\/fr\/actualite\/national\/arp-repartition-des-responsabilites-au-sein-bureau-du-parlement\/205835\/#breadcrumb"},"inLanguage":"fr-FR","potentialAction":[{"@type":"ReadAction","target":["https:\/\/www.webdo.tn\/fr\/actualite\/national\/arp-repartition-des-responsabilites-au-sein-bureau-du-parlement\/205835\/"]}]},{"@type":"ImageObject","inLanguage":"fr-FR","@id":"https:\/\/www.webdo.tn\/fr\/actualite\/national\/arp-repartition-des-responsabilites-au-sein-bureau-du-parlement\/205835\/#primaryimage","url":"https:\/\/www.webdo.tn\/fr\/wp-content\/uploads\/2023\/05\/c9c0fd5cc14ac4b2cd69c372494d7340.jpg","contentUrl":"https:\/\/www.webdo.tn\/fr\/wp-content\/uploads\/2023\/05\/c9c0fd5cc14ac4b2cd69c372494d7340.jpg","width":750,"height":400,"caption":"ARP"},{"@type":"BreadcrumbList","@id":"https:\/\/www.webdo.tn\/fr\/actualite\/national\/arp-repartition-des-responsabilites-au-sein-bureau-du-parlement\/205835\/#breadcrumb","itemListElement":[{"@type":"ListItem","position":1,"name":"Accueil","item":"https:\/\/www.webdo.tn\/fr\/"},{"@type":"ListItem","position":2,"name":"ARP : R\u00e9partition des responsabilit\u00e9s au sein du bureau du parlement"}]},{"@type":"WebSite","@id":"https:\/\/www.webdo.tn\/fr\/#website","url":"https:\/\/www.webdo.tn\/fr\/","name":"webdo","description":"Tunisie - News en Tunisie et \u00e0 l&#039;international sur Webdo.tn","publisher":{"@id":"https:\/\/www.webdo.tn\/fr\/#organization"},"potentialAction":[{"@type":"SearchAction","target":{"@type":"EntryPoint","urlTemplate":"https:\/\/www.webdo.tn\/fr\/?s={search_term_string}"},"query-input":{"@type":"PropertyValueSpecification","valueRequired":true,"valueName":"search_term_string"}}],"inLanguage":"fr-FR"},{"@type":"Organization","@id":"https:\/\/www.webdo.tn\/fr\/#organization","name":"Webdo","alternateName":"Webdo.tn","url":"https:\/\/www.webdo.tn\/fr\/","logo":{"@type":"ImageObject","inLanguage":"fr-FR","@id":"https:\/\/www.webdo.tn\/fr\/#\/schema\/logo\/image\/","url":"https:\/\/www.webdo.tn\/fr\/wp-content\/uploads\/2025\/06\/Webdo-Tunisie_168377.jpg","contentUrl":"https:\/\/www.webdo.tn\/fr\/wp-content\/uploads\/2025\/06\/Webdo-Tunisie_168377.jpg","width":301,"height":301,"caption":"Webdo"},"image":{"@id":"https:\/\/www.webdo.tn\/fr\/#\/schema\/logo\/image\/"},"sameAs":["https:\/\/www.facebook.com\/webdotn","https:\/\/x.com\/webdo_tn"],"description":"Webdo est un m\u00e9dia num\u00e9rique tunisien fond\u00e9 en 2010, sp\u00e9cialis\u00e9 dans l\u2019actualit\u00e9 nationale et internationale, l\u2019\u00e9conomie, la soci\u00e9t\u00e9 et les analyses politiques. Le site s\u2019adresse \u00e0 un large public francophone et couvre l\u2019information tunisienne en temps r\u00e9el.","email":"redac@webdo.tn","legalName":"YNJ SARL","foundingDate":"2010-09-06","numberOfEmployees":{"@type":"QuantitativeValue","minValue":"11","maxValue":"50"}},{"@type":"Person","@id":"https:\/\/www.webdo.tn\/fr\/#\/schema\/person\/f35b42a42c5e2511bbd282959d6385cc","name":"CL","image":{"@type":"ImageObject","inLanguage":"fr-FR","@id":"https:\/\/secure.gravatar.com\/avatar\/1447a49909b67aa657c488aec6512e1dd6143a480c1ecfee9b5b5cd74eb3b59e?s=96&d=mm&r=g","url":"https:\/\/secure.gravatar.com\/avatar\/1447a49909b67aa657c488aec6512e1dd6143a480c1ecfee9b5b5cd74eb3b59e?s=96&d=mm&r=g","contentUrl":"https:\/\/secure.gravatar.com\/avatar\/1447a49909b67aa657c488aec6512e1dd6143a480c1ecfee9b5b5cd74eb3b59e?s=96&d=mm&r=g","caption":"CL"},"url":"https:\/\/www.webdo.tn\/fr\/actualite\/author\/cl\/"}]}},"_links":{"self":[{"href":"https:\/\/www.webdo.tn\/fr\/wp-json\/wp\/v2\/posts\/205835","targetHints":{"allow":["GET"]}}],"collection":[{"href":"https:\/\/www.webdo.tn\/fr\/wp-json\/wp\/v2\/posts"}],"about":[{"href":"https:\/\/www.webdo.tn\/fr\/wp-json\/wp\/v2\/types\/post"}],"author":[{"embeddable":true,"href":"https:\/\/www.webdo.tn\/fr\/wp-json\/wp\/v2\/users\/3175"}],"replies":[{"embeddable":true,"href":"https:\/\/www.webdo.tn\/fr\/wp-json\/wp\/v2\/comments?post=205835"}],"version-history":[{"count":0,"href":"https:\/\/www.webdo.tn\/fr\/wp-json\/wp\/v2\/posts\/205835\/revisions"}],"wp:featuredmedia":[{"embeddable":true,"href":"https:\/\/www.webdo.tn\/fr\/wp-json\/wp\/v2\/media\/251114"}],"wp:attachment":[{"href":"https:\/\/www.webdo.tn\/fr\/wp-json\/wp\/v2\/media?parent=205835"}],"wp:term":[{"taxonomy":"category","embeddable":true,"href":"https:\/\/www.webdo.tn\/fr\/wp-json\/wp\/v2\/categories?post=205835"},{"taxonomy":"post_tag","embeddable":true,"href":"https:\/\/www.webdo.tn\/fr\/wp-json\/wp\/v2\/tags?post=205835"}],"curies":[{"name":"wp","href":"https:\/\/api.w.org\/{rel}","templated":true}]}}