{"id":205825,"date":"2023-05-18T15:31:00","date_gmt":"2023-05-18T15:31:00","guid":{"rendered":"https:\/\/www.webdo.tn\/fr\/blog\/32eme-sommet-arabe-kais-saied-se-rend-en-arabie-saoudite\/205825\/"},"modified":"2025-05-20T21:59:39","modified_gmt":"2025-05-20T21:59:39","slug":"32eme-sommet-arabe-kais-saied-se-rend-en-arabie-saoudite","status":"publish","type":"post","link":"https:\/\/www.webdo.tn\/fr\/actualite\/national\/32eme-sommet-arabe-kais-saied-se-rend-en-arabie-saoudite\/205825\/","title":{"rendered":"32\u00e8me sommet arabe : Kais Saied se rend en Arabie Saoudite"},"content":{"rendered":"<p>Le pr\u00e9sident de la r\u00e9publique, Kais Saied, a quitt\u00e9 ce jeudi 18 mai apr\u00e8s-midi la Tunisie, en direction de l\u2019Arabie saoudite pour participer au 32\u00e8me sommet arabe.<\/p>\n<p>\t\t\t\t\t\t\t\t\tAvant son d\u00e9part vers l\u2019Arabie Saoudite sur invitation du Roi Salman Ibn Abdelaziz, le chef de l\u2019Etat a pass\u00e9 en revue, un d\u00e9tachement des trois arm\u00e9es, avant de saluer le drapeau au son de l\u2019hymne national.<\/p>\n<p>La cheffe du gouvernement, Najla Bouden, le premier d\u00e9l\u00e9gu\u00e9 charg\u00e9 de la gestion du gouvernorat de Tunis, le Secr\u00e9taire G\u00e9n\u00e9ral en charge de la gestion de la municipalit\u00e9 de Tunis, et les membres du cabinet pr\u00e9sidentiel \u00e9taient pr\u00e9sents \u00e0 cette occasion.<\/p>\n<p>Le sommet arabe se tient demain, vendredi 19 mai, \u00e0 Riyad, dans sa 32\u00e8me \u00e9dition et marquera, \u00e0 cette occasion, le retour de la Syrie avec la participation du pr\u00e9sident syrien, Bachar al-Assad.<\/p>\n","protected":false},"excerpt":{"rendered":"<p>Le pr\u00e9sident de la r\u00e9publique, Kais Saied, a quitt\u00e9 ce jeudi 18 mai apr\u00e8s-midi la Tunisie, en direction de l\u2019Arabie saoudite pour participer au 32\u00e8me sommet ara&#8230;<\/p>\n","protected":false},"author":3162,"featured_media":251108,"comment_status":"open","ping_status":"closed","sticky":false,"template":"","format":"standard","meta":{"footnotes":""},"categories":[44],"tags":[8415,2614,2866],"class_list":["post-205825","post","type-post","status-publish","format-standard","has-post-thumbnail","hentry","category-national","tag-arabaie-saoudite","tag-kais-saied","tag-sommet-arabe"],"yoast_head":"<!-- This site is optimized with the Yoast SEO Premium plugin v27.5 (Yoast SEO v27.5) - https:\/\/yoast.com\/product\/yoast-seo-premium-wordpress\/ -->\n<title>32\u00e8me sommet arabe : Kais Saied se rend en Arabie Saoudite<\/title>\n<meta name=\"description\" content=\"Le pr\u00e9sident de la r\u00e9publique, Kais Saied, a quitt\u00e9 ce jeudi 18 mai apr\u00e8s-midi la Tunisie, en direction de l\u2019Arabie saoudite pour participer au 32\u00e8me sommet ara...\" \/>\n<link rel=\"canonical\" href=\"https:\/\/www.webdo.tn\/fr\/actualite\/national\/32eme-sommet-arabe-kais-saied-se-rend-en-arabie-saoudite\/205825\/\" \/>\n<meta property=\"og:locale\" content=\"fr_FR\" \/>\n<meta property=\"og:type\" content=\"article\" \/>\n<meta property=\"og:title\" content=\"32\u00e8me sommet arabe : Kais Saied se rend en Arabie Saoudite\" \/>\n<meta property=\"og:description\" content=\"Le pr\u00e9sident de la r\u00e9publique, Kais Saied, a quitt\u00e9 ce jeudi 18 mai apr\u00e8s-midi la Tunisie, en direction de l\u2019Arabie saoudite pour participer au 32\u00e8me sommet ara...\" \/>\n<meta property=\"og:url\" content=\"https:\/\/www.webdo.tn\/fr\/actualite\/national\/32eme-sommet-arabe-kais-saied-se-rend-en-arabie-saoudite\/205825\/\" \/>\n<meta property=\"og:site_name\" content=\"webdo\" \/>\n<meta property=\"article:publisher\" content=\"https:\/\/www.facebook.com\/webdotn\" \/>\n<meta property=\"article:published_time\" content=\"2023-05-18T15:31:00+00:00\" \/>\n<meta property=\"article:modified_time\" content=\"2025-05-20T21:59:39+00:00\" \/>\n<meta property=\"og:image\" content=\"https:\/\/www.webdo.tn\/fr\/wp-content\/uploads\/2023\/05\/f1438d49a1cb2e5b834341bb458baae4.jpg\" \/>\n\t<meta property=\"og:image:width\" content=\"750\" \/>\n\t<meta property=\"og:image:height\" content=\"400\" \/>\n\t<meta property=\"og:image:type\" content=\"image\/jpeg\" \/>\n<meta name=\"author\" content=\"MC\" \/>\n<meta name=\"twitter:card\" content=\"summary_large_image\" \/>\n<meta name=\"twitter:creator\" content=\"@webdo_tn\" \/>\n<meta name=\"twitter:site\" content=\"@webdo_tn\" \/>\n<meta name=\"twitter:label1\" content=\"\u00c9crit par\" \/>\n\t<meta name=\"twitter:data1\" content=\"MC\" \/>\n\t<meta name=\"twitter:label2\" content=\"Dur\u00e9e de lecture estim\u00e9e\" \/>\n\t<meta name=\"twitter:data2\" content=\"1 minute\" \/>\n<script type=\"application\/ld+json\" class=\"yoast-schema-graph\">{\"@context\":\"https:\\\/\\\/schema.org\",\"@graph\":[{\"@type\":\"NewsArticle\",\"@id\":\"https:\\\/\\\/www.webdo.tn\\\/fr\\\/actualite\\\/national\\\/32eme-sommet-arabe-kais-saied-se-rend-en-arabie-saoudite\\\/205825\\\/#article\",\"isPartOf\":{\"@id\":\"https:\\\/\\\/www.webdo.tn\\\/fr\\\/actualite\\\/national\\\/32eme-sommet-arabe-kais-saied-se-rend-en-arabie-saoudite\\\/205825\\\/\"},\"author\":{\"name\":\"MC\",\"@id\":\"https:\\\/\\\/www.webdo.tn\\\/fr\\\/#\\\/schema\\\/person\\\/2c4929cbf5a809e3bd38617c6ce150f6\"},\"headline\":\"32\u00e8me sommet arabe : Kais Saied se rend en Arabie Saoudite\",\"datePublished\":\"2023-05-18T15:31:00+00:00\",\"dateModified\":\"2025-05-20T21:59:39+00:00\",\"mainEntityOfPage\":{\"@id\":\"https:\\\/\\\/www.webdo.tn\\\/fr\\\/actualite\\\/national\\\/32eme-sommet-arabe-kais-saied-se-rend-en-arabie-saoudite\\\/205825\\\/\"},\"wordCount\":160,\"commentCount\":0,\"publisher\":{\"@id\":\"https:\\\/\\\/www.webdo.tn\\\/fr\\\/#organization\"},\"image\":{\"@id\":\"https:\\\/\\\/www.webdo.tn\\\/fr\\\/actualite\\\/national\\\/32eme-sommet-arabe-kais-saied-se-rend-en-arabie-saoudite\\\/205825\\\/#primaryimage\"},\"thumbnailUrl\":\"https:\\\/\\\/www.webdo.tn\\\/fr\\\/wp-content\\\/uploads\\\/2023\\\/05\\\/f1438d49a1cb2e5b834341bb458baae4.jpg\",\"keywords\":[\"arabaie saoudite\",\"Kais Saied\",\"sommet arabe\"],\"articleSection\":[\"National\"],\"inLanguage\":\"fr-FR\"},{\"@type\":\"WebPage\",\"@id\":\"https:\\\/\\\/www.webdo.tn\\\/fr\\\/actualite\\\/national\\\/32eme-sommet-arabe-kais-saied-se-rend-en-arabie-saoudite\\\/205825\\\/\",\"url\":\"https:\\\/\\\/www.webdo.tn\\\/fr\\\/actualite\\\/national\\\/32eme-sommet-arabe-kais-saied-se-rend-en-arabie-saoudite\\\/205825\\\/\",\"name\":\"32\u00e8me sommet arabe : Kais Saied se rend en Arabie Saoudite\",\"isPartOf\":{\"@id\":\"https:\\\/\\\/www.webdo.tn\\\/fr\\\/#website\"},\"primaryImageOfPage\":{\"@id\":\"https:\\\/\\\/www.webdo.tn\\\/fr\\\/actualite\\\/national\\\/32eme-sommet-arabe-kais-saied-se-rend-en-arabie-saoudite\\\/205825\\\/#primaryimage\"},\"image\":{\"@id\":\"https:\\\/\\\/www.webdo.tn\\\/fr\\\/actualite\\\/national\\\/32eme-sommet-arabe-kais-saied-se-rend-en-arabie-saoudite\\\/205825\\\/#primaryimage\"},\"thumbnailUrl\":\"https:\\\/\\\/www.webdo.tn\\\/fr\\\/wp-content\\\/uploads\\\/2023\\\/05\\\/f1438d49a1cb2e5b834341bb458baae4.jpg\",\"datePublished\":\"2023-05-18T15:31:00+00:00\",\"dateModified\":\"2025-05-20T21:59:39+00:00\",\"description\":\"Le pr\u00e9sident de la r\u00e9publique, Kais Saied, a quitt\u00e9 ce jeudi 18 mai apr\u00e8s-midi la Tunisie, en direction de l\u2019Arabie saoudite pour participer au 32\u00e8me sommet ara...\",\"breadcrumb\":{\"@id\":\"https:\\\/\\\/www.webdo.tn\\\/fr\\\/actualite\\\/national\\\/32eme-sommet-arabe-kais-saied-se-rend-en-arabie-saoudite\\\/205825\\\/#breadcrumb\"},\"inLanguage\":\"fr-FR\",\"potentialAction\":[{\"@type\":\"ReadAction\",\"target\":[\"https:\\\/\\\/www.webdo.tn\\\/fr\\\/actualite\\\/national\\\/32eme-sommet-arabe-kais-saied-se-rend-en-arabie-saoudite\\\/205825\\\/\"]}]},{\"@type\":\"ImageObject\",\"inLanguage\":\"fr-FR\",\"@id\":\"https:\\\/\\\/www.webdo.tn\\\/fr\\\/actualite\\\/national\\\/32eme-sommet-arabe-kais-saied-se-rend-en-arabie-saoudite\\\/205825\\\/#primaryimage\",\"url\":\"https:\\\/\\\/www.webdo.tn\\\/fr\\\/wp-content\\\/uploads\\\/2023\\\/05\\\/f1438d49a1cb2e5b834341bb458baae4.jpg\",\"contentUrl\":\"https:\\\/\\\/www.webdo.tn\\\/fr\\\/wp-content\\\/uploads\\\/2023\\\/05\\\/f1438d49a1cb2e5b834341bb458baae4.jpg\",\"width\":750,\"height\":400,\"caption\":\"32\u00e8me sommet arabe : Kais Saied se rend en Arabie Saoudite\"},{\"@type\":\"BreadcrumbList\",\"@id\":\"https:\\\/\\\/www.webdo.tn\\\/fr\\\/actualite\\\/national\\\/32eme-sommet-arabe-kais-saied-se-rend-en-arabie-saoudite\\\/205825\\\/#breadcrumb\",\"itemListElement\":[{\"@type\":\"ListItem\",\"position\":1,\"name\":\"Accueil\",\"item\":\"https:\\\/\\\/www.webdo.tn\\\/fr\\\/\"},{\"@type\":\"ListItem\",\"position\":2,\"name\":\"32\u00e8me sommet arabe : Kais Saied se rend en Arabie Saoudite\"}]},{\"@type\":\"WebSite\",\"@id\":\"https:\\\/\\\/www.webdo.tn\\\/fr\\\/#website\",\"url\":\"https:\\\/\\\/www.webdo.tn\\\/fr\\\/\",\"name\":\"webdo\",\"description\":\"Tunisie - News en Tunisie et \u00e0 l&#039;international sur Webdo.tn\",\"publisher\":{\"@id\":\"https:\\\/\\\/www.webdo.tn\\\/fr\\\/#organization\"},\"potentialAction\":[{\"@type\":\"SearchAction\",\"target\":{\"@type\":\"EntryPoint\",\"urlTemplate\":\"https:\\\/\\\/www.webdo.tn\\\/fr\\\/?s={search_term_string}\"},\"query-input\":{\"@type\":\"PropertyValueSpecification\",\"valueRequired\":true,\"valueName\":\"search_term_string\"}}],\"inLanguage\":\"fr-FR\"},{\"@type\":\"Organization\",\"@id\":\"https:\\\/\\\/www.webdo.tn\\\/fr\\\/#organization\",\"name\":\"Webdo\",\"alternateName\":\"Webdo.tn\",\"url\":\"https:\\\/\\\/www.webdo.tn\\\/fr\\\/\",\"logo\":{\"@type\":\"ImageObject\",\"inLanguage\":\"fr-FR\",\"@id\":\"https:\\\/\\\/www.webdo.tn\\\/fr\\\/#\\\/schema\\\/logo\\\/image\\\/\",\"url\":\"https:\\\/\\\/www.webdo.tn\\\/fr\\\/wp-content\\\/uploads\\\/2025\\\/06\\\/Webdo-Tunisie_168377.jpg\",\"contentUrl\":\"https:\\\/\\\/www.webdo.tn\\\/fr\\\/wp-content\\\/uploads\\\/2025\\\/06\\\/Webdo-Tunisie_168377.jpg\",\"width\":301,\"height\":301,\"caption\":\"Webdo\"},\"image\":{\"@id\":\"https:\\\/\\\/www.webdo.tn\\\/fr\\\/#\\\/schema\\\/logo\\\/image\\\/\"},\"sameAs\":[\"https:\\\/\\\/www.facebook.com\\\/webdotn\",\"https:\\\/\\\/x.com\\\/webdo_tn\"],\"description\":\"Webdo est un m\u00e9dia num\u00e9rique tunisien fond\u00e9 en 2010, sp\u00e9cialis\u00e9 dans l\u2019actualit\u00e9 nationale et internationale, l\u2019\u00e9conomie, la soci\u00e9t\u00e9 et les analyses politiques. Le site s\u2019adresse \u00e0 un large public francophone et couvre l\u2019information tunisienne en temps r\u00e9el.\",\"email\":\"redac@webdo.tn\",\"legalName\":\"YNJ SARL\",\"foundingDate\":\"2010-09-06\",\"numberOfEmployees\":{\"@type\":\"QuantitativeValue\",\"minValue\":\"11\",\"maxValue\":\"50\"}},{\"@type\":\"Person\",\"@id\":\"https:\\\/\\\/www.webdo.tn\\\/fr\\\/#\\\/schema\\\/person\\\/2c4929cbf5a809e3bd38617c6ce150f6\",\"name\":\"MC\",\"image\":{\"@type\":\"ImageObject\",\"inLanguage\":\"fr-FR\",\"@id\":\"https:\\\/\\\/secure.gravatar.com\\\/avatar\\\/a545bbb6f84efdd5553dbbc2895e3ca8f1d12c5215e00a041c9670b54aa9b18a?s=96&d=mm&r=g\",\"url\":\"https:\\\/\\\/secure.gravatar.com\\\/avatar\\\/a545bbb6f84efdd5553dbbc2895e3ca8f1d12c5215e00a041c9670b54aa9b18a?s=96&d=mm&r=g\",\"contentUrl\":\"https:\\\/\\\/secure.gravatar.com\\\/avatar\\\/a545bbb6f84efdd5553dbbc2895e3ca8f1d12c5215e00a041c9670b54aa9b18a?s=96&d=mm&r=g\",\"caption\":\"MC\"},\"url\":\"https:\\\/\\\/www.webdo.tn\\\/fr\\\/actualite\\\/author\\\/mc\\\/\"}]}<\/script>\n<!-- \/ Yoast SEO Premium plugin. -->","yoast_head_json":{"title":"32\u00e8me sommet arabe : Kais Saied se rend en Arabie Saoudite","description":"Le pr\u00e9sident de la r\u00e9publique, Kais Saied, a quitt\u00e9 ce jeudi 18 mai apr\u00e8s-midi la Tunisie, en direction de l\u2019Arabie saoudite pour participer au 32\u00e8me sommet ara...","canonical":"https:\/\/www.webdo.tn\/fr\/actualite\/national\/32eme-sommet-arabe-kais-saied-se-rend-en-arabie-saoudite\/205825\/","og_locale":"fr_FR","og_type":"article","og_title":"32\u00e8me sommet arabe : Kais Saied se rend en Arabie Saoudite","og_description":"Le pr\u00e9sident de la r\u00e9publique, Kais Saied, a quitt\u00e9 ce jeudi 18 mai apr\u00e8s-midi la Tunisie, en direction de l\u2019Arabie saoudite pour participer au 32\u00e8me sommet ara...","og_url":"https:\/\/www.webdo.tn\/fr\/actualite\/national\/32eme-sommet-arabe-kais-saied-se-rend-en-arabie-saoudite\/205825\/","og_site_name":"webdo","article_publisher":"https:\/\/www.facebook.com\/webdotn","article_published_time":"2023-05-18T15:31:00+00:00","article_modified_time":"2025-05-20T21:59:39+00:00","og_image":[{"width":750,"height":400,"url":"https:\/\/www.webdo.tn\/fr\/wp-content\/uploads\/2023\/05\/f1438d49a1cb2e5b834341bb458baae4.jpg","type":"image\/jpeg"}],"author":"MC","twitter_card":"summary_large_image","twitter_creator":"@webdo_tn","twitter_site":"@webdo_tn","twitter_misc":{"\u00c9crit par":"MC","Dur\u00e9e de lecture estim\u00e9e":"1 minute"},"schema":{"@context":"https:\/\/schema.org","@graph":[{"@type":"NewsArticle","@id":"https:\/\/www.webdo.tn\/fr\/actualite\/national\/32eme-sommet-arabe-kais-saied-se-rend-en-arabie-saoudite\/205825\/#article","isPartOf":{"@id":"https:\/\/www.webdo.tn\/fr\/actualite\/national\/32eme-sommet-arabe-kais-saied-se-rend-en-arabie-saoudite\/205825\/"},"author":{"name":"MC","@id":"https:\/\/www.webdo.tn\/fr\/#\/schema\/person\/2c4929cbf5a809e3bd38617c6ce150f6"},"headline":"32\u00e8me sommet arabe : Kais Saied se rend en Arabie Saoudite","datePublished":"2023-05-18T15:31:00+00:00","dateModified":"2025-05-20T21:59:39+00:00","mainEntityOfPage":{"@id":"https:\/\/www.webdo.tn\/fr\/actualite\/national\/32eme-sommet-arabe-kais-saied-se-rend-en-arabie-saoudite\/205825\/"},"wordCount":160,"commentCount":0,"publisher":{"@id":"https:\/\/www.webdo.tn\/fr\/#organization"},"image":{"@id":"https:\/\/www.webdo.tn\/fr\/actualite\/national\/32eme-sommet-arabe-kais-saied-se-rend-en-arabie-saoudite\/205825\/#primaryimage"},"thumbnailUrl":"https:\/\/www.webdo.tn\/fr\/wp-content\/uploads\/2023\/05\/f1438d49a1cb2e5b834341bb458baae4.jpg","keywords":["arabaie saoudite","Kais Saied","sommet arabe"],"articleSection":["National"],"inLanguage":"fr-FR"},{"@type":"WebPage","@id":"https:\/\/www.webdo.tn\/fr\/actualite\/national\/32eme-sommet-arabe-kais-saied-se-rend-en-arabie-saoudite\/205825\/","url":"https:\/\/www.webdo.tn\/fr\/actualite\/national\/32eme-sommet-arabe-kais-saied-se-rend-en-arabie-saoudite\/205825\/","name":"32\u00e8me sommet arabe : Kais Saied se rend en Arabie Saoudite","isPartOf":{"@id":"https:\/\/www.webdo.tn\/fr\/#website"},"primaryImageOfPage":{"@id":"https:\/\/www.webdo.tn\/fr\/actualite\/national\/32eme-sommet-arabe-kais-saied-se-rend-en-arabie-saoudite\/205825\/#primaryimage"},"image":{"@id":"https:\/\/www.webdo.tn\/fr\/actualite\/national\/32eme-sommet-arabe-kais-saied-se-rend-en-arabie-saoudite\/205825\/#primaryimage"},"thumbnailUrl":"https:\/\/www.webdo.tn\/fr\/wp-content\/uploads\/2023\/05\/f1438d49a1cb2e5b834341bb458baae4.jpg","datePublished":"2023-05-18T15:31:00+00:00","dateModified":"2025-05-20T21:59:39+00:00","description":"Le pr\u00e9sident de la r\u00e9publique, Kais Saied, a quitt\u00e9 ce jeudi 18 mai apr\u00e8s-midi la Tunisie, en direction de l\u2019Arabie saoudite pour participer au 32\u00e8me sommet ara...","breadcrumb":{"@id":"https:\/\/www.webdo.tn\/fr\/actualite\/national\/32eme-sommet-arabe-kais-saied-se-rend-en-arabie-saoudite\/205825\/#breadcrumb"},"inLanguage":"fr-FR","potentialAction":[{"@type":"ReadAction","target":["https:\/\/www.webdo.tn\/fr\/actualite\/national\/32eme-sommet-arabe-kais-saied-se-rend-en-arabie-saoudite\/205825\/"]}]},{"@type":"ImageObject","inLanguage":"fr-FR","@id":"https:\/\/www.webdo.tn\/fr\/actualite\/national\/32eme-sommet-arabe-kais-saied-se-rend-en-arabie-saoudite\/205825\/#primaryimage","url":"https:\/\/www.webdo.tn\/fr\/wp-content\/uploads\/2023\/05\/f1438d49a1cb2e5b834341bb458baae4.jpg","contentUrl":"https:\/\/www.webdo.tn\/fr\/wp-content\/uploads\/2023\/05\/f1438d49a1cb2e5b834341bb458baae4.jpg","width":750,"height":400,"caption":"32\u00e8me sommet arabe : Kais Saied se rend en Arabie Saoudite"},{"@type":"BreadcrumbList","@id":"https:\/\/www.webdo.tn\/fr\/actualite\/national\/32eme-sommet-arabe-kais-saied-se-rend-en-arabie-saoudite\/205825\/#breadcrumb","itemListElement":[{"@type":"ListItem","position":1,"name":"Accueil","item":"https:\/\/www.webdo.tn\/fr\/"},{"@type":"ListItem","position":2,"name":"32\u00e8me sommet arabe : Kais Saied se rend en Arabie Saoudite"}]},{"@type":"WebSite","@id":"https:\/\/www.webdo.tn\/fr\/#website","url":"https:\/\/www.webdo.tn\/fr\/","name":"webdo","description":"Tunisie - News en Tunisie et \u00e0 l&#039;international sur Webdo.tn","publisher":{"@id":"https:\/\/www.webdo.tn\/fr\/#organization"},"potentialAction":[{"@type":"SearchAction","target":{"@type":"EntryPoint","urlTemplate":"https:\/\/www.webdo.tn\/fr\/?s={search_term_string}"},"query-input":{"@type":"PropertyValueSpecification","valueRequired":true,"valueName":"search_term_string"}}],"inLanguage":"fr-FR"},{"@type":"Organization","@id":"https:\/\/www.webdo.tn\/fr\/#organization","name":"Webdo","alternateName":"Webdo.tn","url":"https:\/\/www.webdo.tn\/fr\/","logo":{"@type":"ImageObject","inLanguage":"fr-FR","@id":"https:\/\/www.webdo.tn\/fr\/#\/schema\/logo\/image\/","url":"https:\/\/www.webdo.tn\/fr\/wp-content\/uploads\/2025\/06\/Webdo-Tunisie_168377.jpg","contentUrl":"https:\/\/www.webdo.tn\/fr\/wp-content\/uploads\/2025\/06\/Webdo-Tunisie_168377.jpg","width":301,"height":301,"caption":"Webdo"},"image":{"@id":"https:\/\/www.webdo.tn\/fr\/#\/schema\/logo\/image\/"},"sameAs":["https:\/\/www.facebook.com\/webdotn","https:\/\/x.com\/webdo_tn"],"description":"Webdo est un m\u00e9dia num\u00e9rique tunisien fond\u00e9 en 2010, sp\u00e9cialis\u00e9 dans l\u2019actualit\u00e9 nationale et internationale, l\u2019\u00e9conomie, la soci\u00e9t\u00e9 et les analyses politiques. Le site s\u2019adresse \u00e0 un large public francophone et couvre l\u2019information tunisienne en temps r\u00e9el.","email":"redac@webdo.tn","legalName":"YNJ SARL","foundingDate":"2010-09-06","numberOfEmployees":{"@type":"QuantitativeValue","minValue":"11","maxValue":"50"}},{"@type":"Person","@id":"https:\/\/www.webdo.tn\/fr\/#\/schema\/person\/2c4929cbf5a809e3bd38617c6ce150f6","name":"MC","image":{"@type":"ImageObject","inLanguage":"fr-FR","@id":"https:\/\/secure.gravatar.com\/avatar\/a545bbb6f84efdd5553dbbc2895e3ca8f1d12c5215e00a041c9670b54aa9b18a?s=96&d=mm&r=g","url":"https:\/\/secure.gravatar.com\/avatar\/a545bbb6f84efdd5553dbbc2895e3ca8f1d12c5215e00a041c9670b54aa9b18a?s=96&d=mm&r=g","contentUrl":"https:\/\/secure.gravatar.com\/avatar\/a545bbb6f84efdd5553dbbc2895e3ca8f1d12c5215e00a041c9670b54aa9b18a?s=96&d=mm&r=g","caption":"MC"},"url":"https:\/\/www.webdo.tn\/fr\/actualite\/author\/mc\/"}]}},"_links":{"self":[{"href":"https:\/\/www.webdo.tn\/fr\/wp-json\/wp\/v2\/posts\/205825","targetHints":{"allow":["GET"]}}],"collection":[{"href":"https:\/\/www.webdo.tn\/fr\/wp-json\/wp\/v2\/posts"}],"about":[{"href":"https:\/\/www.webdo.tn\/fr\/wp-json\/wp\/v2\/types\/post"}],"author":[{"embeddable":true,"href":"https:\/\/www.webdo.tn\/fr\/wp-json\/wp\/v2\/users\/3162"}],"replies":[{"embeddable":true,"href":"https:\/\/www.webdo.tn\/fr\/wp-json\/wp\/v2\/comments?post=205825"}],"version-history":[{"count":0,"href":"https:\/\/www.webdo.tn\/fr\/wp-json\/wp\/v2\/posts\/205825\/revisions"}],"wp:featuredmedia":[{"embeddable":true,"href":"https:\/\/www.webdo.tn\/fr\/wp-json\/wp\/v2\/media\/251108"}],"wp:attachment":[{"href":"https:\/\/www.webdo.tn\/fr\/wp-json\/wp\/v2\/media?parent=205825"}],"wp:term":[{"taxonomy":"category","embeddable":true,"href":"https:\/\/www.webdo.tn\/fr\/wp-json\/wp\/v2\/categories?post=205825"},{"taxonomy":"post_tag","embeddable":true,"href":"https:\/\/www.webdo.tn\/fr\/wp-json\/wp\/v2\/tags?post=205825"}],"curies":[{"name":"wp","href":"https:\/\/api.w.org\/{rel}","templated":true}]}}