{"id":205821,"date":"2023-05-18T14:17:00","date_gmt":"2023-05-18T14:17:00","guid":{"rendered":"https:\/\/www.webdo.tn\/fr\/blog\/les-auteurs-d-une-chanson-satirique-remis-en-liberte-pour-vice-de-forme\/205821\/"},"modified":"2025-05-20T21:59:38","modified_gmt":"2025-05-20T21:59:38","slug":"les-auteurs-d-une-chanson-satirique-remis-en-liberte-pour-vice-de-forme","status":"publish","type":"post","link":"https:\/\/www.webdo.tn\/fr\/actualite\/national\/les-auteurs-d-une-chanson-satirique-remis-en-liberte-pour-vice-de-forme\/205821\/","title":{"rendered":"Les auteurs d&rsquo;une chanson satirique remis en libert\u00e9"},"content":{"rendered":"<p>Les deux \u00e9tudiants, auteurs d&rsquo;une chanson satirique, arr\u00eat\u00e9s mardi 16 mai \u00e0 Nabeul, ont \u00e9t\u00e9 lib\u00e9r\u00e9s, a annonc\u00e9 leur avocat.<\/p>\n<p>\t\t\t\t\t\t\t\t\tLes deux \u00e9tudiants, Dhia Nassir et Youssef Chelbi, plac\u00e9s en d\u00e9tention, mardi, 16 mai, apr\u00e8s la publication sur les r\u00e9seaux sociaux d\u2019une chanson satirique dont les paroles critiquent la loi sur la consommation de drogues et le traitement des jeunes par les forces de s\u00e9curit\u00e9, ont \u00e9t\u00e9 remis en libert\u00e9.<\/p>\n<p>Leur avocat a indiqu\u00e9 sur les ondes de Mosaique fm, que le pr\u00e9sident de la Chambre criminelle du Tribunal de premi\u00e8re instance de Nabeul a accept\u00e9 la demande formul\u00e9e par la d\u00e9fense pour la remise en libert\u00e9 de ses clients.<\/p>\n<p>Selon lui, l\u2019arrestation des deux \u00e9tudiants a \u00e9t\u00e9 marqu\u00e9e par de nombreuses violations, dont la dur\u00e9e de l\u2019audition, la saisie de leurs t\u00e9l\u00e9phones en l\u2019absence de leur avocat, etc.<\/p>\n<p>Les deux jeunes doivent toutefois compara\u00eetre mardi prochain, 23 mai, devant la Chambre correctionnelle pour atteinte \u00e0 autrui sur les r\u00e9seaux sociaux et imputation de faits non av\u00e9r\u00e9s envers fonctionnaire public.<\/p>\n<p>Dhia Nassir (26 ans) et Youssef Chelbi (27 ans), avaient demand\u00e9 \u00e0 \u00eatre lib\u00e9r\u00e9s, mais leur demande avait \u00e9t\u00e9 rejet\u00e9e hier, bien que la d\u00e9fense ait pr\u00e9sent\u00e9 des preuves que les deux \u00e9tudiants devaient passer des examens, mercredi 17 et jeudi 18 mai.<\/p>\n<p>Ce jeudi 18 mai 2023, le porte-parole du minist\u00e8re de l&rsquo;Int\u00e9rieur, Faker Bouzghaya, avait pr\u00e9cis\u00e9 sur les ondes de Shems FM, que son d\u00e9partement avait ordonn\u00e9 une enqu\u00eate administrative pour revenir sur les circonstances de cette affaire.<\/p>\n<p>Le pr\u00e9sident de la R\u00e9publique, Kais Saied, s&rsquo;est \u00e9galement exprim\u00e9 sur ce sujet en faisant part de son \u00e9tonnement apr\u00e8s l\u2019arrestation des deux \u00e9tudiants.<\/p>\n<p>\u00ab\u00a0Je ne veux pas m&rsquo;ing\u00e9rer dans les affaires de la magistrature, mais je n\u2019aime pas l\u2019injustice (\u2026) Rien ne justifie l\u2019arrestation de deux \u00e9tudiants qui s\u2019appr\u00eatent \u00e0 passer leurs examens&#8230; C\u2019est inacceptable\u00a0\u00bb, a-t-il dit, lors d\u2019un entretien avec la cheffe du gouvernement, Najla Bouden.<\/p>\n","protected":false},"excerpt":{"rendered":"<p>Les deux \u00e9tudiants, auteurs d&rsquo;une chanson satirique, arr\u00eat\u00e9s mardi 16 mai \u00e0 Nabeul, ont \u00e9t\u00e9 lib\u00e9r\u00e9s, a annonc\u00e9 leur avocat.<\/p>\n","protected":false},"author":3162,"featured_media":251106,"comment_status":"open","ping_status":"closed","sticky":false,"template":"","format":"standard","meta":{"footnotes":""},"categories":[44],"tags":[8414,3286,3938],"class_list":["post-205821","post","type-post","status-publish","format-standard","has-post-thumbnail","hentry","category-national","tag-chanson-satirique","tag-detention","tag-liberation"],"yoast_head":"<!-- This site is optimized with the Yoast SEO Premium plugin v27.4 (Yoast SEO v27.5) - https:\/\/yoast.com\/product\/yoast-seo-premium-wordpress\/ -->\n<title>Les auteurs d&#039;une chanson satirique remis en libert\u00e9<\/title>\n<meta name=\"description\" content=\"Les deux \u00e9tudiants, auteurs d&#039;une chanson satirique, arr\u00eat\u00e9s mardi 16 mai \u00e0 Nabeul, ont \u00e9t\u00e9 lib\u00e9r\u00e9s, a annonc\u00e9 leur avocat.\" \/>\n<link rel=\"canonical\" href=\"https:\/\/www.webdo.tn\/fr\/actualite\/national\/les-auteurs-d-une-chanson-satirique-remis-en-liberte-pour-vice-de-forme\/205821\/\" \/>\n<meta property=\"og:locale\" content=\"fr_FR\" \/>\n<meta property=\"og:type\" content=\"article\" \/>\n<meta property=\"og:title\" content=\"Les auteurs d&#039;une chanson satirique remis en libert\u00e9\" \/>\n<meta property=\"og:description\" content=\"Les deux \u00e9tudiants, auteurs d&#039;une chanson satirique, arr\u00eat\u00e9s mardi 16 mai \u00e0 Nabeul, ont \u00e9t\u00e9 lib\u00e9r\u00e9s, a annonc\u00e9 leur avocat.\" \/>\n<meta property=\"og:url\" content=\"https:\/\/www.webdo.tn\/fr\/actualite\/national\/les-auteurs-d-une-chanson-satirique-remis-en-liberte-pour-vice-de-forme\/205821\/\" \/>\n<meta property=\"og:site_name\" content=\"webdo\" \/>\n<meta property=\"article:publisher\" content=\"https:\/\/www.facebook.com\/webdotn\" \/>\n<meta property=\"article:published_time\" content=\"2023-05-18T14:17:00+00:00\" \/>\n<meta property=\"article:modified_time\" content=\"2025-05-20T21:59:38+00:00\" \/>\n<meta property=\"og:image\" content=\"https:\/\/www.webdo.tn\/fr\/wp-content\/uploads\/2023\/05\/b7afb1586450b29fd64bc2ec6b6f0f51.jpg\" \/>\n\t<meta property=\"og:image:width\" content=\"750\" \/>\n\t<meta property=\"og:image:height\" content=\"400\" \/>\n\t<meta property=\"og:image:type\" content=\"image\/jpeg\" \/>\n<meta name=\"author\" content=\"MC\" \/>\n<meta name=\"twitter:card\" content=\"summary_large_image\" \/>\n<meta name=\"twitter:creator\" content=\"@webdo_tn\" \/>\n<meta name=\"twitter:site\" content=\"@webdo_tn\" \/>\n<meta name=\"twitter:label1\" content=\"\u00c9crit par\" \/>\n\t<meta name=\"twitter:data1\" content=\"MC\" \/>\n\t<meta name=\"twitter:label2\" content=\"Dur\u00e9e de lecture estim\u00e9e\" \/>\n\t<meta name=\"twitter:data2\" content=\"2 minutes\" \/>\n<script type=\"application\/ld+json\" class=\"yoast-schema-graph\">{\"@context\":\"https:\\\/\\\/schema.org\",\"@graph\":[{\"@type\":\"NewsArticle\",\"@id\":\"https:\\\/\\\/www.webdo.tn\\\/fr\\\/actualite\\\/national\\\/les-auteurs-d-une-chanson-satirique-remis-en-liberte-pour-vice-de-forme\\\/205821\\\/#article\",\"isPartOf\":{\"@id\":\"https:\\\/\\\/www.webdo.tn\\\/fr\\\/actualite\\\/national\\\/les-auteurs-d-une-chanson-satirique-remis-en-liberte-pour-vice-de-forme\\\/205821\\\/\"},\"author\":{\"name\":\"MC\",\"@id\":\"https:\\\/\\\/www.webdo.tn\\\/fr\\\/#\\\/schema\\\/person\\\/2c4929cbf5a809e3bd38617c6ce150f6\"},\"headline\":\"Les auteurs d&rsquo;une chanson satirique remis en libert\u00e9\",\"datePublished\":\"2023-05-18T14:17:00+00:00\",\"dateModified\":\"2025-05-20T21:59:38+00:00\",\"mainEntityOfPage\":{\"@id\":\"https:\\\/\\\/www.webdo.tn\\\/fr\\\/actualite\\\/national\\\/les-auteurs-d-une-chanson-satirique-remis-en-liberte-pour-vice-de-forme\\\/205821\\\/\"},\"wordCount\":364,\"commentCount\":0,\"publisher\":{\"@id\":\"https:\\\/\\\/www.webdo.tn\\\/fr\\\/#organization\"},\"image\":{\"@id\":\"https:\\\/\\\/www.webdo.tn\\\/fr\\\/actualite\\\/national\\\/les-auteurs-d-une-chanson-satirique-remis-en-liberte-pour-vice-de-forme\\\/205821\\\/#primaryimage\"},\"thumbnailUrl\":\"https:\\\/\\\/www.webdo.tn\\\/fr\\\/wp-content\\\/uploads\\\/2023\\\/05\\\/b7afb1586450b29fd64bc2ec6b6f0f51.jpg\",\"keywords\":[\"chanson satirique\",\"d\u00e9tention\",\"lib\u00e9ration\"],\"articleSection\":[\"National\"],\"inLanguage\":\"fr-FR\"},{\"@type\":\"WebPage\",\"@id\":\"https:\\\/\\\/www.webdo.tn\\\/fr\\\/actualite\\\/national\\\/les-auteurs-d-une-chanson-satirique-remis-en-liberte-pour-vice-de-forme\\\/205821\\\/\",\"url\":\"https:\\\/\\\/www.webdo.tn\\\/fr\\\/actualite\\\/national\\\/les-auteurs-d-une-chanson-satirique-remis-en-liberte-pour-vice-de-forme\\\/205821\\\/\",\"name\":\"Les auteurs d'une chanson satirique remis en libert\u00e9\",\"isPartOf\":{\"@id\":\"https:\\\/\\\/www.webdo.tn\\\/fr\\\/#website\"},\"primaryImageOfPage\":{\"@id\":\"https:\\\/\\\/www.webdo.tn\\\/fr\\\/actualite\\\/national\\\/les-auteurs-d-une-chanson-satirique-remis-en-liberte-pour-vice-de-forme\\\/205821\\\/#primaryimage\"},\"image\":{\"@id\":\"https:\\\/\\\/www.webdo.tn\\\/fr\\\/actualite\\\/national\\\/les-auteurs-d-une-chanson-satirique-remis-en-liberte-pour-vice-de-forme\\\/205821\\\/#primaryimage\"},\"thumbnailUrl\":\"https:\\\/\\\/www.webdo.tn\\\/fr\\\/wp-content\\\/uploads\\\/2023\\\/05\\\/b7afb1586450b29fd64bc2ec6b6f0f51.jpg\",\"datePublished\":\"2023-05-18T14:17:00+00:00\",\"dateModified\":\"2025-05-20T21:59:38+00:00\",\"description\":\"Les deux \u00e9tudiants, auteurs d'une chanson satirique, arr\u00eat\u00e9s mardi 16 mai \u00e0 Nabeul, ont \u00e9t\u00e9 lib\u00e9r\u00e9s, a annonc\u00e9 leur avocat.\",\"breadcrumb\":{\"@id\":\"https:\\\/\\\/www.webdo.tn\\\/fr\\\/actualite\\\/national\\\/les-auteurs-d-une-chanson-satirique-remis-en-liberte-pour-vice-de-forme\\\/205821\\\/#breadcrumb\"},\"inLanguage\":\"fr-FR\",\"potentialAction\":[{\"@type\":\"ReadAction\",\"target\":[\"https:\\\/\\\/www.webdo.tn\\\/fr\\\/actualite\\\/national\\\/les-auteurs-d-une-chanson-satirique-remis-en-liberte-pour-vice-de-forme\\\/205821\\\/\"]}]},{\"@type\":\"ImageObject\",\"inLanguage\":\"fr-FR\",\"@id\":\"https:\\\/\\\/www.webdo.tn\\\/fr\\\/actualite\\\/national\\\/les-auteurs-d-une-chanson-satirique-remis-en-liberte-pour-vice-de-forme\\\/205821\\\/#primaryimage\",\"url\":\"https:\\\/\\\/www.webdo.tn\\\/fr\\\/wp-content\\\/uploads\\\/2023\\\/05\\\/b7afb1586450b29fd64bc2ec6b6f0f51.jpg\",\"contentUrl\":\"https:\\\/\\\/www.webdo.tn\\\/fr\\\/wp-content\\\/uploads\\\/2023\\\/05\\\/b7afb1586450b29fd64bc2ec6b6f0f51.jpg\",\"width\":750,\"height\":400,\"caption\":\"Les auteurs d'une chanson satirique remis en libert\u00e9\"},{\"@type\":\"BreadcrumbList\",\"@id\":\"https:\\\/\\\/www.webdo.tn\\\/fr\\\/actualite\\\/national\\\/les-auteurs-d-une-chanson-satirique-remis-en-liberte-pour-vice-de-forme\\\/205821\\\/#breadcrumb\",\"itemListElement\":[{\"@type\":\"ListItem\",\"position\":1,\"name\":\"Accueil\",\"item\":\"https:\\\/\\\/www.webdo.tn\\\/fr\\\/\"},{\"@type\":\"ListItem\",\"position\":2,\"name\":\"Les auteurs d&#8217;une chanson satirique remis en libert\u00e9\"}]},{\"@type\":\"WebSite\",\"@id\":\"https:\\\/\\\/www.webdo.tn\\\/fr\\\/#website\",\"url\":\"https:\\\/\\\/www.webdo.tn\\\/fr\\\/\",\"name\":\"webdo\",\"description\":\"Tunisie - News en Tunisie et \u00e0 l&#039;international sur Webdo.tn\",\"publisher\":{\"@id\":\"https:\\\/\\\/www.webdo.tn\\\/fr\\\/#organization\"},\"potentialAction\":[{\"@type\":\"SearchAction\",\"target\":{\"@type\":\"EntryPoint\",\"urlTemplate\":\"https:\\\/\\\/www.webdo.tn\\\/fr\\\/?s={search_term_string}\"},\"query-input\":{\"@type\":\"PropertyValueSpecification\",\"valueRequired\":true,\"valueName\":\"search_term_string\"}}],\"inLanguage\":\"fr-FR\"},{\"@type\":\"Organization\",\"@id\":\"https:\\\/\\\/www.webdo.tn\\\/fr\\\/#organization\",\"name\":\"Webdo\",\"alternateName\":\"Webdo.tn\",\"url\":\"https:\\\/\\\/www.webdo.tn\\\/fr\\\/\",\"logo\":{\"@type\":\"ImageObject\",\"inLanguage\":\"fr-FR\",\"@id\":\"https:\\\/\\\/www.webdo.tn\\\/fr\\\/#\\\/schema\\\/logo\\\/image\\\/\",\"url\":\"https:\\\/\\\/www.webdo.tn\\\/fr\\\/wp-content\\\/uploads\\\/2025\\\/06\\\/Webdo-Tunisie_168377.jpg\",\"contentUrl\":\"https:\\\/\\\/www.webdo.tn\\\/fr\\\/wp-content\\\/uploads\\\/2025\\\/06\\\/Webdo-Tunisie_168377.jpg\",\"width\":301,\"height\":301,\"caption\":\"Webdo\"},\"image\":{\"@id\":\"https:\\\/\\\/www.webdo.tn\\\/fr\\\/#\\\/schema\\\/logo\\\/image\\\/\"},\"sameAs\":[\"https:\\\/\\\/www.facebook.com\\\/webdotn\",\"https:\\\/\\\/x.com\\\/webdo_tn\"],\"description\":\"Webdo est un m\u00e9dia num\u00e9rique tunisien fond\u00e9 en 2010, sp\u00e9cialis\u00e9 dans l\u2019actualit\u00e9 nationale et internationale, l\u2019\u00e9conomie, la soci\u00e9t\u00e9 et les analyses politiques. Le site s\u2019adresse \u00e0 un large public francophone et couvre l\u2019information tunisienne en temps r\u00e9el.\",\"email\":\"redac@webdo.tn\",\"legalName\":\"YNJ SARL\",\"foundingDate\":\"2010-09-06\",\"numberOfEmployees\":{\"@type\":\"QuantitativeValue\",\"minValue\":\"11\",\"maxValue\":\"50\"}},{\"@type\":\"Person\",\"@id\":\"https:\\\/\\\/www.webdo.tn\\\/fr\\\/#\\\/schema\\\/person\\\/2c4929cbf5a809e3bd38617c6ce150f6\",\"name\":\"MC\",\"image\":{\"@type\":\"ImageObject\",\"inLanguage\":\"fr-FR\",\"@id\":\"https:\\\/\\\/secure.gravatar.com\\\/avatar\\\/a545bbb6f84efdd5553dbbc2895e3ca8f1d12c5215e00a041c9670b54aa9b18a?s=96&d=mm&r=g\",\"url\":\"https:\\\/\\\/secure.gravatar.com\\\/avatar\\\/a545bbb6f84efdd5553dbbc2895e3ca8f1d12c5215e00a041c9670b54aa9b18a?s=96&d=mm&r=g\",\"contentUrl\":\"https:\\\/\\\/secure.gravatar.com\\\/avatar\\\/a545bbb6f84efdd5553dbbc2895e3ca8f1d12c5215e00a041c9670b54aa9b18a?s=96&d=mm&r=g\",\"caption\":\"MC\"},\"url\":\"https:\\\/\\\/www.webdo.tn\\\/fr\\\/actualite\\\/author\\\/mc\\\/\"}]}<\/script>\n<!-- \/ Yoast SEO Premium plugin. -->","yoast_head_json":{"title":"Les auteurs d'une chanson satirique remis en libert\u00e9","description":"Les deux \u00e9tudiants, auteurs d'une chanson satirique, arr\u00eat\u00e9s mardi 16 mai \u00e0 Nabeul, ont \u00e9t\u00e9 lib\u00e9r\u00e9s, a annonc\u00e9 leur avocat.","canonical":"https:\/\/www.webdo.tn\/fr\/actualite\/national\/les-auteurs-d-une-chanson-satirique-remis-en-liberte-pour-vice-de-forme\/205821\/","og_locale":"fr_FR","og_type":"article","og_title":"Les auteurs d'une chanson satirique remis en libert\u00e9","og_description":"Les deux \u00e9tudiants, auteurs d'une chanson satirique, arr\u00eat\u00e9s mardi 16 mai \u00e0 Nabeul, ont \u00e9t\u00e9 lib\u00e9r\u00e9s, a annonc\u00e9 leur avocat.","og_url":"https:\/\/www.webdo.tn\/fr\/actualite\/national\/les-auteurs-d-une-chanson-satirique-remis-en-liberte-pour-vice-de-forme\/205821\/","og_site_name":"webdo","article_publisher":"https:\/\/www.facebook.com\/webdotn","article_published_time":"2023-05-18T14:17:00+00:00","article_modified_time":"2025-05-20T21:59:38+00:00","og_image":[{"width":750,"height":400,"url":"https:\/\/www.webdo.tn\/fr\/wp-content\/uploads\/2023\/05\/b7afb1586450b29fd64bc2ec6b6f0f51.jpg","type":"image\/jpeg"}],"author":"MC","twitter_card":"summary_large_image","twitter_creator":"@webdo_tn","twitter_site":"@webdo_tn","twitter_misc":{"\u00c9crit par":"MC","Dur\u00e9e de lecture estim\u00e9e":"2 minutes"},"schema":{"@context":"https:\/\/schema.org","@graph":[{"@type":"NewsArticle","@id":"https:\/\/www.webdo.tn\/fr\/actualite\/national\/les-auteurs-d-une-chanson-satirique-remis-en-liberte-pour-vice-de-forme\/205821\/#article","isPartOf":{"@id":"https:\/\/www.webdo.tn\/fr\/actualite\/national\/les-auteurs-d-une-chanson-satirique-remis-en-liberte-pour-vice-de-forme\/205821\/"},"author":{"name":"MC","@id":"https:\/\/www.webdo.tn\/fr\/#\/schema\/person\/2c4929cbf5a809e3bd38617c6ce150f6"},"headline":"Les auteurs d&rsquo;une chanson satirique remis en libert\u00e9","datePublished":"2023-05-18T14:17:00+00:00","dateModified":"2025-05-20T21:59:38+00:00","mainEntityOfPage":{"@id":"https:\/\/www.webdo.tn\/fr\/actualite\/national\/les-auteurs-d-une-chanson-satirique-remis-en-liberte-pour-vice-de-forme\/205821\/"},"wordCount":364,"commentCount":0,"publisher":{"@id":"https:\/\/www.webdo.tn\/fr\/#organization"},"image":{"@id":"https:\/\/www.webdo.tn\/fr\/actualite\/national\/les-auteurs-d-une-chanson-satirique-remis-en-liberte-pour-vice-de-forme\/205821\/#primaryimage"},"thumbnailUrl":"https:\/\/www.webdo.tn\/fr\/wp-content\/uploads\/2023\/05\/b7afb1586450b29fd64bc2ec6b6f0f51.jpg","keywords":["chanson satirique","d\u00e9tention","lib\u00e9ration"],"articleSection":["National"],"inLanguage":"fr-FR"},{"@type":"WebPage","@id":"https:\/\/www.webdo.tn\/fr\/actualite\/national\/les-auteurs-d-une-chanson-satirique-remis-en-liberte-pour-vice-de-forme\/205821\/","url":"https:\/\/www.webdo.tn\/fr\/actualite\/national\/les-auteurs-d-une-chanson-satirique-remis-en-liberte-pour-vice-de-forme\/205821\/","name":"Les auteurs d'une chanson satirique remis en libert\u00e9","isPartOf":{"@id":"https:\/\/www.webdo.tn\/fr\/#website"},"primaryImageOfPage":{"@id":"https:\/\/www.webdo.tn\/fr\/actualite\/national\/les-auteurs-d-une-chanson-satirique-remis-en-liberte-pour-vice-de-forme\/205821\/#primaryimage"},"image":{"@id":"https:\/\/www.webdo.tn\/fr\/actualite\/national\/les-auteurs-d-une-chanson-satirique-remis-en-liberte-pour-vice-de-forme\/205821\/#primaryimage"},"thumbnailUrl":"https:\/\/www.webdo.tn\/fr\/wp-content\/uploads\/2023\/05\/b7afb1586450b29fd64bc2ec6b6f0f51.jpg","datePublished":"2023-05-18T14:17:00+00:00","dateModified":"2025-05-20T21:59:38+00:00","description":"Les deux \u00e9tudiants, auteurs d'une chanson satirique, arr\u00eat\u00e9s mardi 16 mai \u00e0 Nabeul, ont \u00e9t\u00e9 lib\u00e9r\u00e9s, a annonc\u00e9 leur avocat.","breadcrumb":{"@id":"https:\/\/www.webdo.tn\/fr\/actualite\/national\/les-auteurs-d-une-chanson-satirique-remis-en-liberte-pour-vice-de-forme\/205821\/#breadcrumb"},"inLanguage":"fr-FR","potentialAction":[{"@type":"ReadAction","target":["https:\/\/www.webdo.tn\/fr\/actualite\/national\/les-auteurs-d-une-chanson-satirique-remis-en-liberte-pour-vice-de-forme\/205821\/"]}]},{"@type":"ImageObject","inLanguage":"fr-FR","@id":"https:\/\/www.webdo.tn\/fr\/actualite\/national\/les-auteurs-d-une-chanson-satirique-remis-en-liberte-pour-vice-de-forme\/205821\/#primaryimage","url":"https:\/\/www.webdo.tn\/fr\/wp-content\/uploads\/2023\/05\/b7afb1586450b29fd64bc2ec6b6f0f51.jpg","contentUrl":"https:\/\/www.webdo.tn\/fr\/wp-content\/uploads\/2023\/05\/b7afb1586450b29fd64bc2ec6b6f0f51.jpg","width":750,"height":400,"caption":"Les auteurs d'une chanson satirique remis en libert\u00e9"},{"@type":"BreadcrumbList","@id":"https:\/\/www.webdo.tn\/fr\/actualite\/national\/les-auteurs-d-une-chanson-satirique-remis-en-liberte-pour-vice-de-forme\/205821\/#breadcrumb","itemListElement":[{"@type":"ListItem","position":1,"name":"Accueil","item":"https:\/\/www.webdo.tn\/fr\/"},{"@type":"ListItem","position":2,"name":"Les auteurs d&#8217;une chanson satirique remis en libert\u00e9"}]},{"@type":"WebSite","@id":"https:\/\/www.webdo.tn\/fr\/#website","url":"https:\/\/www.webdo.tn\/fr\/","name":"webdo","description":"Tunisie - News en Tunisie et \u00e0 l&#039;international sur Webdo.tn","publisher":{"@id":"https:\/\/www.webdo.tn\/fr\/#organization"},"potentialAction":[{"@type":"SearchAction","target":{"@type":"EntryPoint","urlTemplate":"https:\/\/www.webdo.tn\/fr\/?s={search_term_string}"},"query-input":{"@type":"PropertyValueSpecification","valueRequired":true,"valueName":"search_term_string"}}],"inLanguage":"fr-FR"},{"@type":"Organization","@id":"https:\/\/www.webdo.tn\/fr\/#organization","name":"Webdo","alternateName":"Webdo.tn","url":"https:\/\/www.webdo.tn\/fr\/","logo":{"@type":"ImageObject","inLanguage":"fr-FR","@id":"https:\/\/www.webdo.tn\/fr\/#\/schema\/logo\/image\/","url":"https:\/\/www.webdo.tn\/fr\/wp-content\/uploads\/2025\/06\/Webdo-Tunisie_168377.jpg","contentUrl":"https:\/\/www.webdo.tn\/fr\/wp-content\/uploads\/2025\/06\/Webdo-Tunisie_168377.jpg","width":301,"height":301,"caption":"Webdo"},"image":{"@id":"https:\/\/www.webdo.tn\/fr\/#\/schema\/logo\/image\/"},"sameAs":["https:\/\/www.facebook.com\/webdotn","https:\/\/x.com\/webdo_tn"],"description":"Webdo est un m\u00e9dia num\u00e9rique tunisien fond\u00e9 en 2010, sp\u00e9cialis\u00e9 dans l\u2019actualit\u00e9 nationale et internationale, l\u2019\u00e9conomie, la soci\u00e9t\u00e9 et les analyses politiques. Le site s\u2019adresse \u00e0 un large public francophone et couvre l\u2019information tunisienne en temps r\u00e9el.","email":"redac@webdo.tn","legalName":"YNJ SARL","foundingDate":"2010-09-06","numberOfEmployees":{"@type":"QuantitativeValue","minValue":"11","maxValue":"50"}},{"@type":"Person","@id":"https:\/\/www.webdo.tn\/fr\/#\/schema\/person\/2c4929cbf5a809e3bd38617c6ce150f6","name":"MC","image":{"@type":"ImageObject","inLanguage":"fr-FR","@id":"https:\/\/secure.gravatar.com\/avatar\/a545bbb6f84efdd5553dbbc2895e3ca8f1d12c5215e00a041c9670b54aa9b18a?s=96&d=mm&r=g","url":"https:\/\/secure.gravatar.com\/avatar\/a545bbb6f84efdd5553dbbc2895e3ca8f1d12c5215e00a041c9670b54aa9b18a?s=96&d=mm&r=g","contentUrl":"https:\/\/secure.gravatar.com\/avatar\/a545bbb6f84efdd5553dbbc2895e3ca8f1d12c5215e00a041c9670b54aa9b18a?s=96&d=mm&r=g","caption":"MC"},"url":"https:\/\/www.webdo.tn\/fr\/actualite\/author\/mc\/"}]}},"_links":{"self":[{"href":"https:\/\/www.webdo.tn\/fr\/wp-json\/wp\/v2\/posts\/205821","targetHints":{"allow":["GET"]}}],"collection":[{"href":"https:\/\/www.webdo.tn\/fr\/wp-json\/wp\/v2\/posts"}],"about":[{"href":"https:\/\/www.webdo.tn\/fr\/wp-json\/wp\/v2\/types\/post"}],"author":[{"embeddable":true,"href":"https:\/\/www.webdo.tn\/fr\/wp-json\/wp\/v2\/users\/3162"}],"replies":[{"embeddable":true,"href":"https:\/\/www.webdo.tn\/fr\/wp-json\/wp\/v2\/comments?post=205821"}],"version-history":[{"count":0,"href":"https:\/\/www.webdo.tn\/fr\/wp-json\/wp\/v2\/posts\/205821\/revisions"}],"wp:featuredmedia":[{"embeddable":true,"href":"https:\/\/www.webdo.tn\/fr\/wp-json\/wp\/v2\/media\/251106"}],"wp:attachment":[{"href":"https:\/\/www.webdo.tn\/fr\/wp-json\/wp\/v2\/media?parent=205821"}],"wp:term":[{"taxonomy":"category","embeddable":true,"href":"https:\/\/www.webdo.tn\/fr\/wp-json\/wp\/v2\/categories?post=205821"},{"taxonomy":"post_tag","embeddable":true,"href":"https:\/\/www.webdo.tn\/fr\/wp-json\/wp\/v2\/tags?post=205821"}],"curies":[{"name":"wp","href":"https:\/\/api.w.org\/{rel}","templated":true}]}}