{"id":205813,"date":"2023-05-18T10:52:00","date_gmt":"2023-05-18T10:52:00","guid":{"rendered":"https:\/\/www.webdo.tn\/fr\/blog\/des-academiciens-etrangers-appellent-a-la-liberation-de-ghannouchi\/205813\/"},"modified":"2025-05-20T22:50:13","modified_gmt":"2025-05-20T22:50:13","slug":"des-academiciens-etrangers-appellent-a-la-liberation-de-ghannouchi","status":"publish","type":"post","link":"https:\/\/www.webdo.tn\/fr\/actualite\/national\/des-academiciens-etrangers-appellent-a-la-liberation-de-ghannouchi\/205813\/","title":{"rendered":"Des acad\u00e9miciens \u00e9trangers appellent \u00e0 la lib\u00e9ration de Rached Ghannouchi"},"content":{"rendered":"<p>Des dizaines d&rsquo;acad\u00e9miciens occidentaux ont sign\u00e9 une lettre ouverte demandant aux autorit\u00e9s tunisiennes de lib\u00e9rer le pr\u00e9sident du mouvement Ennahdha, Rached Ghannouchi, ainsi que tous les prisonniers politiques du pays.<\/p>\n<p>\t\t\t\t\t\t\t\t\tCette initiative des universitaires intervient un mois apr\u00e8s l&rsquo;arrestation de Ghannouchi et la perquisition de son domicile, suite \u00e0 ses d\u00e9clarations sur une guerre civile en Tunisie,\u00a0<\/p>\n<p>Les signataires, au nombre de 150 universitaires, ont d\u00e9clar\u00e9 que la d\u00e9mocratie tunisienne, qui repr\u00e9sente le dernier espoir du printemps arabe, fait face \u00e0 un retour de la dictature depuis le 25 juillet 2021, avec le d\u00e9mant\u00e8lement des institutions d\u00e9mocratiques et la concentration du pouvoir entre les mains du pr\u00e9sident.<\/p>\n<p>Dans leur lettre ouverte, ils ont soulign\u00e9 que les d\u00e9mocrates en Tunisie n&rsquo;ont pas gard\u00e9 le silence, et que cela a conduit des dizaines d&rsquo;entre eux \u00e0 \u00eatre emprisonn\u00e9s, accus\u00e9s de mani\u00e8re fallacieuse de \u00ab\u00a0complot contre l&rsquo;\u00c9tat\u00a0\u00bb, en raison de leur d\u00e9fense des droits et des libert\u00e9s dans le pays.<\/p>\n","protected":false},"excerpt":{"rendered":"<p>Des dizaines d&rsquo;acad\u00e9miciens occidentaux ont sign\u00e9 une lettre ouverte demandant aux autorit\u00e9s tunisiennes de lib\u00e9rer le pr\u00e9sident du mouvement Ennahdha, Rached G&#8230;<\/p>\n","protected":false},"author":3175,"featured_media":278186,"comment_status":"open","ping_status":"closed","sticky":false,"template":"","format":"standard","meta":{"footnotes":""},"categories":[44],"tags":[9493,4127,2608],"class_list":["post-205813","post","type-post","status-publish","format-standard","has-post-thumbnail","hentry","category-national","tag-academiciens","tag-ghannouchi","tag-tunisie"],"yoast_head":"<!-- This site is optimized with the Yoast SEO Premium plugin v27.4 (Yoast SEO v27.5) - https:\/\/yoast.com\/product\/yoast-seo-premium-wordpress\/ -->\n<title>Des acad\u00e9miciens \u00e9trangers appellent \u00e0 la lib\u00e9ration de Rached Ghannouchi<\/title>\n<meta name=\"description\" content=\"Des dizaines d&#039;acad\u00e9miciens occidentaux ont sign\u00e9 une lettre ouverte demandant aux autorit\u00e9s tunisiennes de lib\u00e9rer le pr\u00e9sident du mouvement Ennahdha, Rached G...\" \/>\n<link rel=\"canonical\" href=\"https:\/\/www.webdo.tn\/fr\/actualite\/national\/des-academiciens-etrangers-appellent-a-la-liberation-de-ghannouchi\/205813\/\" \/>\n<meta property=\"og:locale\" content=\"fr_FR\" \/>\n<meta property=\"og:type\" content=\"article\" \/>\n<meta property=\"og:title\" content=\"Des acad\u00e9miciens \u00e9trangers appellent \u00e0 la lib\u00e9ration de Rached Ghannouchi\" \/>\n<meta property=\"og:description\" content=\"Des dizaines d&#039;acad\u00e9miciens occidentaux ont sign\u00e9 une lettre ouverte demandant aux autorit\u00e9s tunisiennes de lib\u00e9rer le pr\u00e9sident du mouvement Ennahdha, Rached G...\" \/>\n<meta property=\"og:url\" content=\"https:\/\/www.webdo.tn\/fr\/actualite\/national\/des-academiciens-etrangers-appellent-a-la-liberation-de-ghannouchi\/205813\/\" \/>\n<meta property=\"og:site_name\" content=\"webdo\" \/>\n<meta property=\"article:publisher\" content=\"https:\/\/www.facebook.com\/webdotn\" \/>\n<meta property=\"article:published_time\" content=\"2023-05-18T10:52:00+00:00\" \/>\n<meta property=\"article:modified_time\" content=\"2025-05-20T22:50:13+00:00\" \/>\n<meta property=\"og:image\" content=\"https:\/\/www.webdo.tn\/fr\/wp-content\/uploads\/2023\/05\/c6b04a9732c006b8101c23c77581b043.png\" \/>\n\t<meta property=\"og:image:width\" content=\"750\" \/>\n\t<meta property=\"og:image:height\" content=\"400\" \/>\n\t<meta property=\"og:image:type\" content=\"image\/png\" \/>\n<meta name=\"author\" content=\"CL\" \/>\n<meta name=\"twitter:card\" content=\"summary_large_image\" \/>\n<meta name=\"twitter:creator\" content=\"@webdo_tn\" \/>\n<meta name=\"twitter:site\" content=\"@webdo_tn\" \/>\n<meta name=\"twitter:label1\" content=\"\u00c9crit par\" \/>\n\t<meta name=\"twitter:data1\" content=\"CL\" \/>\n\t<meta name=\"twitter:label2\" content=\"Dur\u00e9e de lecture estim\u00e9e\" \/>\n\t<meta name=\"twitter:data2\" content=\"1 minute\" \/>\n<script type=\"application\/ld+json\" class=\"yoast-schema-graph\">{\"@context\":\"https:\\\/\\\/schema.org\",\"@graph\":[{\"@type\":\"NewsArticle\",\"@id\":\"https:\\\/\\\/www.webdo.tn\\\/fr\\\/actualite\\\/national\\\/des-academiciens-etrangers-appellent-a-la-liberation-de-ghannouchi\\\/205813\\\/#article\",\"isPartOf\":{\"@id\":\"https:\\\/\\\/www.webdo.tn\\\/fr\\\/actualite\\\/national\\\/des-academiciens-etrangers-appellent-a-la-liberation-de-ghannouchi\\\/205813\\\/\"},\"author\":{\"name\":\"CL\",\"@id\":\"https:\\\/\\\/www.webdo.tn\\\/fr\\\/#\\\/schema\\\/person\\\/f35b42a42c5e2511bbd282959d6385cc\"},\"headline\":\"Des acad\u00e9miciens \u00e9trangers appellent \u00e0 la lib\u00e9ration de Rached Ghannouchi\",\"datePublished\":\"2023-05-18T10:52:00+00:00\",\"dateModified\":\"2025-05-20T22:50:13+00:00\",\"mainEntityOfPage\":{\"@id\":\"https:\\\/\\\/www.webdo.tn\\\/fr\\\/actualite\\\/national\\\/des-academiciens-etrangers-appellent-a-la-liberation-de-ghannouchi\\\/205813\\\/\"},\"wordCount\":186,\"commentCount\":0,\"publisher\":{\"@id\":\"https:\\\/\\\/www.webdo.tn\\\/fr\\\/#organization\"},\"image\":{\"@id\":\"https:\\\/\\\/www.webdo.tn\\\/fr\\\/actualite\\\/national\\\/des-academiciens-etrangers-appellent-a-la-liberation-de-ghannouchi\\\/205813\\\/#primaryimage\"},\"thumbnailUrl\":\"https:\\\/\\\/www.webdo.tn\\\/fr\\\/wp-content\\\/uploads\\\/2023\\\/05\\\/c6b04a9732c006b8101c23c77581b043.png\",\"keywords\":[\"Acad\u00e9miciens\",\"Ghannouchi\",\"Tunisie\"],\"articleSection\":[\"National\"],\"inLanguage\":\"fr-FR\"},{\"@type\":\"WebPage\",\"@id\":\"https:\\\/\\\/www.webdo.tn\\\/fr\\\/actualite\\\/national\\\/des-academiciens-etrangers-appellent-a-la-liberation-de-ghannouchi\\\/205813\\\/\",\"url\":\"https:\\\/\\\/www.webdo.tn\\\/fr\\\/actualite\\\/national\\\/des-academiciens-etrangers-appellent-a-la-liberation-de-ghannouchi\\\/205813\\\/\",\"name\":\"Des acad\u00e9miciens \u00e9trangers appellent \u00e0 la lib\u00e9ration de Rached Ghannouchi\",\"isPartOf\":{\"@id\":\"https:\\\/\\\/www.webdo.tn\\\/fr\\\/#website\"},\"primaryImageOfPage\":{\"@id\":\"https:\\\/\\\/www.webdo.tn\\\/fr\\\/actualite\\\/national\\\/des-academiciens-etrangers-appellent-a-la-liberation-de-ghannouchi\\\/205813\\\/#primaryimage\"},\"image\":{\"@id\":\"https:\\\/\\\/www.webdo.tn\\\/fr\\\/actualite\\\/national\\\/des-academiciens-etrangers-appellent-a-la-liberation-de-ghannouchi\\\/205813\\\/#primaryimage\"},\"thumbnailUrl\":\"https:\\\/\\\/www.webdo.tn\\\/fr\\\/wp-content\\\/uploads\\\/2023\\\/05\\\/c6b04a9732c006b8101c23c77581b043.png\",\"datePublished\":\"2023-05-18T10:52:00+00:00\",\"dateModified\":\"2025-05-20T22:50:13+00:00\",\"description\":\"Des dizaines d'acad\u00e9miciens occidentaux ont sign\u00e9 une lettre ouverte demandant aux autorit\u00e9s tunisiennes de lib\u00e9rer le pr\u00e9sident du mouvement Ennahdha, Rached G...\",\"breadcrumb\":{\"@id\":\"https:\\\/\\\/www.webdo.tn\\\/fr\\\/actualite\\\/national\\\/des-academiciens-etrangers-appellent-a-la-liberation-de-ghannouchi\\\/205813\\\/#breadcrumb\"},\"inLanguage\":\"fr-FR\",\"potentialAction\":[{\"@type\":\"ReadAction\",\"target\":[\"https:\\\/\\\/www.webdo.tn\\\/fr\\\/actualite\\\/national\\\/des-academiciens-etrangers-appellent-a-la-liberation-de-ghannouchi\\\/205813\\\/\"]}]},{\"@type\":\"ImageObject\",\"inLanguage\":\"fr-FR\",\"@id\":\"https:\\\/\\\/www.webdo.tn\\\/fr\\\/actualite\\\/national\\\/des-academiciens-etrangers-appellent-a-la-liberation-de-ghannouchi\\\/205813\\\/#primaryimage\",\"url\":\"https:\\\/\\\/www.webdo.tn\\\/fr\\\/wp-content\\\/uploads\\\/2023\\\/05\\\/c6b04a9732c006b8101c23c77581b043.png\",\"contentUrl\":\"https:\\\/\\\/www.webdo.tn\\\/fr\\\/wp-content\\\/uploads\\\/2023\\\/05\\\/c6b04a9732c006b8101c23c77581b043.png\",\"width\":750,\"height\":400,\"caption\":\"Rached Ghannouchi\"},{\"@type\":\"BreadcrumbList\",\"@id\":\"https:\\\/\\\/www.webdo.tn\\\/fr\\\/actualite\\\/national\\\/des-academiciens-etrangers-appellent-a-la-liberation-de-ghannouchi\\\/205813\\\/#breadcrumb\",\"itemListElement\":[{\"@type\":\"ListItem\",\"position\":1,\"name\":\"Accueil\",\"item\":\"https:\\\/\\\/www.webdo.tn\\\/fr\\\/\"},{\"@type\":\"ListItem\",\"position\":2,\"name\":\"Des acad\u00e9miciens \u00e9trangers appellent \u00e0 la lib\u00e9ration de Rached Ghannouchi\"}]},{\"@type\":\"WebSite\",\"@id\":\"https:\\\/\\\/www.webdo.tn\\\/fr\\\/#website\",\"url\":\"https:\\\/\\\/www.webdo.tn\\\/fr\\\/\",\"name\":\"webdo\",\"description\":\"Tunisie - News en Tunisie et \u00e0 l&#039;international sur Webdo.tn\",\"publisher\":{\"@id\":\"https:\\\/\\\/www.webdo.tn\\\/fr\\\/#organization\"},\"potentialAction\":[{\"@type\":\"SearchAction\",\"target\":{\"@type\":\"EntryPoint\",\"urlTemplate\":\"https:\\\/\\\/www.webdo.tn\\\/fr\\\/?s={search_term_string}\"},\"query-input\":{\"@type\":\"PropertyValueSpecification\",\"valueRequired\":true,\"valueName\":\"search_term_string\"}}],\"inLanguage\":\"fr-FR\"},{\"@type\":\"Organization\",\"@id\":\"https:\\\/\\\/www.webdo.tn\\\/fr\\\/#organization\",\"name\":\"Webdo\",\"alternateName\":\"Webdo.tn\",\"url\":\"https:\\\/\\\/www.webdo.tn\\\/fr\\\/\",\"logo\":{\"@type\":\"ImageObject\",\"inLanguage\":\"fr-FR\",\"@id\":\"https:\\\/\\\/www.webdo.tn\\\/fr\\\/#\\\/schema\\\/logo\\\/image\\\/\",\"url\":\"https:\\\/\\\/www.webdo.tn\\\/fr\\\/wp-content\\\/uploads\\\/2025\\\/06\\\/Webdo-Tunisie_168377.jpg\",\"contentUrl\":\"https:\\\/\\\/www.webdo.tn\\\/fr\\\/wp-content\\\/uploads\\\/2025\\\/06\\\/Webdo-Tunisie_168377.jpg\",\"width\":301,\"height\":301,\"caption\":\"Webdo\"},\"image\":{\"@id\":\"https:\\\/\\\/www.webdo.tn\\\/fr\\\/#\\\/schema\\\/logo\\\/image\\\/\"},\"sameAs\":[\"https:\\\/\\\/www.facebook.com\\\/webdotn\",\"https:\\\/\\\/x.com\\\/webdo_tn\"],\"description\":\"Webdo est un m\u00e9dia num\u00e9rique tunisien fond\u00e9 en 2010, sp\u00e9cialis\u00e9 dans l\u2019actualit\u00e9 nationale et internationale, l\u2019\u00e9conomie, la soci\u00e9t\u00e9 et les analyses politiques. Le site s\u2019adresse \u00e0 un large public francophone et couvre l\u2019information tunisienne en temps r\u00e9el.\",\"email\":\"redac@webdo.tn\",\"legalName\":\"YNJ SARL\",\"foundingDate\":\"2010-09-06\",\"numberOfEmployees\":{\"@type\":\"QuantitativeValue\",\"minValue\":\"11\",\"maxValue\":\"50\"}},{\"@type\":\"Person\",\"@id\":\"https:\\\/\\\/www.webdo.tn\\\/fr\\\/#\\\/schema\\\/person\\\/f35b42a42c5e2511bbd282959d6385cc\",\"name\":\"CL\",\"image\":{\"@type\":\"ImageObject\",\"inLanguage\":\"fr-FR\",\"@id\":\"https:\\\/\\\/secure.gravatar.com\\\/avatar\\\/1447a49909b67aa657c488aec6512e1dd6143a480c1ecfee9b5b5cd74eb3b59e?s=96&d=mm&r=g\",\"url\":\"https:\\\/\\\/secure.gravatar.com\\\/avatar\\\/1447a49909b67aa657c488aec6512e1dd6143a480c1ecfee9b5b5cd74eb3b59e?s=96&d=mm&r=g\",\"contentUrl\":\"https:\\\/\\\/secure.gravatar.com\\\/avatar\\\/1447a49909b67aa657c488aec6512e1dd6143a480c1ecfee9b5b5cd74eb3b59e?s=96&d=mm&r=g\",\"caption\":\"CL\"},\"url\":\"https:\\\/\\\/www.webdo.tn\\\/fr\\\/actualite\\\/author\\\/cl\\\/\"}]}<\/script>\n<!-- \/ Yoast SEO Premium plugin. -->","yoast_head_json":{"title":"Des acad\u00e9miciens \u00e9trangers appellent \u00e0 la lib\u00e9ration de Rached Ghannouchi","description":"Des dizaines d'acad\u00e9miciens occidentaux ont sign\u00e9 une lettre ouverte demandant aux autorit\u00e9s tunisiennes de lib\u00e9rer le pr\u00e9sident du mouvement Ennahdha, Rached G...","canonical":"https:\/\/www.webdo.tn\/fr\/actualite\/national\/des-academiciens-etrangers-appellent-a-la-liberation-de-ghannouchi\/205813\/","og_locale":"fr_FR","og_type":"article","og_title":"Des acad\u00e9miciens \u00e9trangers appellent \u00e0 la lib\u00e9ration de Rached Ghannouchi","og_description":"Des dizaines d'acad\u00e9miciens occidentaux ont sign\u00e9 une lettre ouverte demandant aux autorit\u00e9s tunisiennes de lib\u00e9rer le pr\u00e9sident du mouvement Ennahdha, Rached G...","og_url":"https:\/\/www.webdo.tn\/fr\/actualite\/national\/des-academiciens-etrangers-appellent-a-la-liberation-de-ghannouchi\/205813\/","og_site_name":"webdo","article_publisher":"https:\/\/www.facebook.com\/webdotn","article_published_time":"2023-05-18T10:52:00+00:00","article_modified_time":"2025-05-20T22:50:13+00:00","og_image":[{"width":750,"height":400,"url":"https:\/\/www.webdo.tn\/fr\/wp-content\/uploads\/2023\/05\/c6b04a9732c006b8101c23c77581b043.png","type":"image\/png"}],"author":"CL","twitter_card":"summary_large_image","twitter_creator":"@webdo_tn","twitter_site":"@webdo_tn","twitter_misc":{"\u00c9crit par":"CL","Dur\u00e9e de lecture estim\u00e9e":"1 minute"},"schema":{"@context":"https:\/\/schema.org","@graph":[{"@type":"NewsArticle","@id":"https:\/\/www.webdo.tn\/fr\/actualite\/national\/des-academiciens-etrangers-appellent-a-la-liberation-de-ghannouchi\/205813\/#article","isPartOf":{"@id":"https:\/\/www.webdo.tn\/fr\/actualite\/national\/des-academiciens-etrangers-appellent-a-la-liberation-de-ghannouchi\/205813\/"},"author":{"name":"CL","@id":"https:\/\/www.webdo.tn\/fr\/#\/schema\/person\/f35b42a42c5e2511bbd282959d6385cc"},"headline":"Des acad\u00e9miciens \u00e9trangers appellent \u00e0 la lib\u00e9ration de Rached Ghannouchi","datePublished":"2023-05-18T10:52:00+00:00","dateModified":"2025-05-20T22:50:13+00:00","mainEntityOfPage":{"@id":"https:\/\/www.webdo.tn\/fr\/actualite\/national\/des-academiciens-etrangers-appellent-a-la-liberation-de-ghannouchi\/205813\/"},"wordCount":186,"commentCount":0,"publisher":{"@id":"https:\/\/www.webdo.tn\/fr\/#organization"},"image":{"@id":"https:\/\/www.webdo.tn\/fr\/actualite\/national\/des-academiciens-etrangers-appellent-a-la-liberation-de-ghannouchi\/205813\/#primaryimage"},"thumbnailUrl":"https:\/\/www.webdo.tn\/fr\/wp-content\/uploads\/2023\/05\/c6b04a9732c006b8101c23c77581b043.png","keywords":["Acad\u00e9miciens","Ghannouchi","Tunisie"],"articleSection":["National"],"inLanguage":"fr-FR"},{"@type":"WebPage","@id":"https:\/\/www.webdo.tn\/fr\/actualite\/national\/des-academiciens-etrangers-appellent-a-la-liberation-de-ghannouchi\/205813\/","url":"https:\/\/www.webdo.tn\/fr\/actualite\/national\/des-academiciens-etrangers-appellent-a-la-liberation-de-ghannouchi\/205813\/","name":"Des acad\u00e9miciens \u00e9trangers appellent \u00e0 la lib\u00e9ration de Rached Ghannouchi","isPartOf":{"@id":"https:\/\/www.webdo.tn\/fr\/#website"},"primaryImageOfPage":{"@id":"https:\/\/www.webdo.tn\/fr\/actualite\/national\/des-academiciens-etrangers-appellent-a-la-liberation-de-ghannouchi\/205813\/#primaryimage"},"image":{"@id":"https:\/\/www.webdo.tn\/fr\/actualite\/national\/des-academiciens-etrangers-appellent-a-la-liberation-de-ghannouchi\/205813\/#primaryimage"},"thumbnailUrl":"https:\/\/www.webdo.tn\/fr\/wp-content\/uploads\/2023\/05\/c6b04a9732c006b8101c23c77581b043.png","datePublished":"2023-05-18T10:52:00+00:00","dateModified":"2025-05-20T22:50:13+00:00","description":"Des dizaines d'acad\u00e9miciens occidentaux ont sign\u00e9 une lettre ouverte demandant aux autorit\u00e9s tunisiennes de lib\u00e9rer le pr\u00e9sident du mouvement Ennahdha, Rached G...","breadcrumb":{"@id":"https:\/\/www.webdo.tn\/fr\/actualite\/national\/des-academiciens-etrangers-appellent-a-la-liberation-de-ghannouchi\/205813\/#breadcrumb"},"inLanguage":"fr-FR","potentialAction":[{"@type":"ReadAction","target":["https:\/\/www.webdo.tn\/fr\/actualite\/national\/des-academiciens-etrangers-appellent-a-la-liberation-de-ghannouchi\/205813\/"]}]},{"@type":"ImageObject","inLanguage":"fr-FR","@id":"https:\/\/www.webdo.tn\/fr\/actualite\/national\/des-academiciens-etrangers-appellent-a-la-liberation-de-ghannouchi\/205813\/#primaryimage","url":"https:\/\/www.webdo.tn\/fr\/wp-content\/uploads\/2023\/05\/c6b04a9732c006b8101c23c77581b043.png","contentUrl":"https:\/\/www.webdo.tn\/fr\/wp-content\/uploads\/2023\/05\/c6b04a9732c006b8101c23c77581b043.png","width":750,"height":400,"caption":"Rached Ghannouchi"},{"@type":"BreadcrumbList","@id":"https:\/\/www.webdo.tn\/fr\/actualite\/national\/des-academiciens-etrangers-appellent-a-la-liberation-de-ghannouchi\/205813\/#breadcrumb","itemListElement":[{"@type":"ListItem","position":1,"name":"Accueil","item":"https:\/\/www.webdo.tn\/fr\/"},{"@type":"ListItem","position":2,"name":"Des acad\u00e9miciens \u00e9trangers appellent \u00e0 la lib\u00e9ration de Rached Ghannouchi"}]},{"@type":"WebSite","@id":"https:\/\/www.webdo.tn\/fr\/#website","url":"https:\/\/www.webdo.tn\/fr\/","name":"webdo","description":"Tunisie - News en Tunisie et \u00e0 l&#039;international sur Webdo.tn","publisher":{"@id":"https:\/\/www.webdo.tn\/fr\/#organization"},"potentialAction":[{"@type":"SearchAction","target":{"@type":"EntryPoint","urlTemplate":"https:\/\/www.webdo.tn\/fr\/?s={search_term_string}"},"query-input":{"@type":"PropertyValueSpecification","valueRequired":true,"valueName":"search_term_string"}}],"inLanguage":"fr-FR"},{"@type":"Organization","@id":"https:\/\/www.webdo.tn\/fr\/#organization","name":"Webdo","alternateName":"Webdo.tn","url":"https:\/\/www.webdo.tn\/fr\/","logo":{"@type":"ImageObject","inLanguage":"fr-FR","@id":"https:\/\/www.webdo.tn\/fr\/#\/schema\/logo\/image\/","url":"https:\/\/www.webdo.tn\/fr\/wp-content\/uploads\/2025\/06\/Webdo-Tunisie_168377.jpg","contentUrl":"https:\/\/www.webdo.tn\/fr\/wp-content\/uploads\/2025\/06\/Webdo-Tunisie_168377.jpg","width":301,"height":301,"caption":"Webdo"},"image":{"@id":"https:\/\/www.webdo.tn\/fr\/#\/schema\/logo\/image\/"},"sameAs":["https:\/\/www.facebook.com\/webdotn","https:\/\/x.com\/webdo_tn"],"description":"Webdo est un m\u00e9dia num\u00e9rique tunisien fond\u00e9 en 2010, sp\u00e9cialis\u00e9 dans l\u2019actualit\u00e9 nationale et internationale, l\u2019\u00e9conomie, la soci\u00e9t\u00e9 et les analyses politiques. Le site s\u2019adresse \u00e0 un large public francophone et couvre l\u2019information tunisienne en temps r\u00e9el.","email":"redac@webdo.tn","legalName":"YNJ SARL","foundingDate":"2010-09-06","numberOfEmployees":{"@type":"QuantitativeValue","minValue":"11","maxValue":"50"}},{"@type":"Person","@id":"https:\/\/www.webdo.tn\/fr\/#\/schema\/person\/f35b42a42c5e2511bbd282959d6385cc","name":"CL","image":{"@type":"ImageObject","inLanguage":"fr-FR","@id":"https:\/\/secure.gravatar.com\/avatar\/1447a49909b67aa657c488aec6512e1dd6143a480c1ecfee9b5b5cd74eb3b59e?s=96&d=mm&r=g","url":"https:\/\/secure.gravatar.com\/avatar\/1447a49909b67aa657c488aec6512e1dd6143a480c1ecfee9b5b5cd74eb3b59e?s=96&d=mm&r=g","contentUrl":"https:\/\/secure.gravatar.com\/avatar\/1447a49909b67aa657c488aec6512e1dd6143a480c1ecfee9b5b5cd74eb3b59e?s=96&d=mm&r=g","caption":"CL"},"url":"https:\/\/www.webdo.tn\/fr\/actualite\/author\/cl\/"}]}},"_links":{"self":[{"href":"https:\/\/www.webdo.tn\/fr\/wp-json\/wp\/v2\/posts\/205813","targetHints":{"allow":["GET"]}}],"collection":[{"href":"https:\/\/www.webdo.tn\/fr\/wp-json\/wp\/v2\/posts"}],"about":[{"href":"https:\/\/www.webdo.tn\/fr\/wp-json\/wp\/v2\/types\/post"}],"author":[{"embeddable":true,"href":"https:\/\/www.webdo.tn\/fr\/wp-json\/wp\/v2\/users\/3175"}],"replies":[{"embeddable":true,"href":"https:\/\/www.webdo.tn\/fr\/wp-json\/wp\/v2\/comments?post=205813"}],"version-history":[{"count":0,"href":"https:\/\/www.webdo.tn\/fr\/wp-json\/wp\/v2\/posts\/205813\/revisions"}],"wp:featuredmedia":[{"embeddable":true,"href":"https:\/\/www.webdo.tn\/fr\/wp-json\/wp\/v2\/media\/278186"}],"wp:attachment":[{"href":"https:\/\/www.webdo.tn\/fr\/wp-json\/wp\/v2\/media?parent=205813"}],"wp:term":[{"taxonomy":"category","embeddable":true,"href":"https:\/\/www.webdo.tn\/fr\/wp-json\/wp\/v2\/categories?post=205813"},{"taxonomy":"post_tag","embeddable":true,"href":"https:\/\/www.webdo.tn\/fr\/wp-json\/wp\/v2\/tags?post=205813"}],"curies":[{"name":"wp","href":"https:\/\/api.w.org\/{rel}","templated":true}]}}