{"id":205810,"date":"2023-05-18T10:10:00","date_gmt":"2023-05-18T10:10:00","guid":{"rendered":"https:\/\/www.webdo.tn\/fr\/blog\/apres-le-crash-de-leur-avion-quatre-enfants-dont-un-bebe-ont-survecu-17-jours-dans-l-amazonie\/205810\/"},"modified":"2025-05-20T22:08:55","modified_gmt":"2025-05-20T22:08:55","slug":"apres-le-crash-de-leur-avion-quatre-enfants-dont-un-bebe-ont-survecu-17-jours-dans-l-amazonie","status":"publish","type":"post","link":"https:\/\/www.webdo.tn\/fr\/actualite\/international\/apres-le-crash-de-leur-avion-quatre-enfants-dont-un-bebe-ont-survecu-17-jours-dans-l-amazonie\/205810\/","title":{"rendered":"Apr\u00e8s le crash de leur avion, quatre enfants, dont un b\u00e9b\u00e9 ont surv\u00e9cu 17 jours dans l&rsquo;Amazonie"},"content":{"rendered":"<p>C\u2019est le pr\u00e9sident colombien Gustavo Petro, qui a annonc\u00e9 la d\u00e9couverte, sains et saufs de quatre enfants, dont un b\u00e9b\u00e9 de onze mois. Ces derniers ont surv\u00e9cu seuls 17 jours dans la jungle amazonienne apr\u00e8s le crash du Cessna dans lequel ils voyageaient avec leur m\u00e8re.<\/p>\n<p>\t\t\t\t\t\t\t\t\tLes quatre enfants, \u00e2g\u00e9s de treize, neuf, quatre ans et un b\u00e9b\u00e9 de 11 mois perdus dans la jungle ont surv\u00e9cu pendant 17 jours dans la for\u00eat vierge apr\u00e8s le crash de l\u2019avion qui les transportait. Le pilote, leur m\u00e8re et un autre passager ont \u00e9t\u00e9 retrouv\u00e9s morts.<\/p>\n<p>Plus de cent militaires aid\u00e9s de chiens renifleurs \u00e9taient sur \u00ab\u00a0la piste\u00a0\u00bb des enfants apr\u00e8s la d\u00e9couverte d&rsquo;indices laissant esp\u00e9rer que l&rsquo;impensable \u00e9tait possible. Les recherches \u00e9taient notamment rendues difficiles par la pr\u00e9sence d&rsquo;animaux sauvages et de fortes pluies.<\/p>\n<p>Mais mardi, les autorit\u00e9s ont annonc\u00e9 avoir retrouv\u00e9 des effets personnels, ainsi que des fruits en partie mang\u00e9s. Et un biberon pr\u00e8s de l&rsquo;appareil. Les \u00e9quipes de secours ont ensuite d\u00e9couvert un \u00ab\u00a0abri de fortune fait de b\u00e2tons et de branches\u00a0\u00bb, entretenant l&rsquo;espoir qu&rsquo;il y aurait au moins un survivant.<\/p>\n<p>Les d\u00e9tails sur la fa\u00e7on dont Lesly Bonbaire 13 ans, Soleiny Ranoque 9 ans, Tien Ranoque 4 ans, et le b\u00e9b\u00e9 Cristian Ranoque 11 mois, ont surv\u00e9cu \u00e0 l&rsquo;accident et sont rest\u00e9s en vie pendant 17 jours n&rsquo;ont pas \u00e9t\u00e9 partag\u00e9s.<\/p>\n","protected":false},"excerpt":{"rendered":"<p>C\u2019est le pr\u00e9sident colombien Gustavo Petro, qui a annonc\u00e9 la d\u00e9couverte, sains et saufs de quatre enfants, dont un b\u00e9b\u00e9 de onze mois. Ces derniers ont surv\u00e9cu s&#8230;<\/p>\n","protected":false},"author":3162,"featured_media":278179,"comment_status":"open","ping_status":"closed","sticky":false,"template":"","format":"standard","meta":{"footnotes":""},"categories":[2598],"tags":[9488,6147,4592,2956,9489],"class_list":["post-205810","post","type-post","status-publish","format-standard","has-post-thumbnail","hentry","category-international","tag-amazonie","tag-colombie","tag-crash","tag-enfants","tag-survivants"],"yoast_head":"<!-- This site is optimized with the Yoast SEO Premium plugin v27.4 (Yoast SEO v27.5) - https:\/\/yoast.com\/product\/yoast-seo-premium-wordpress\/ -->\n<title>Apr\u00e8s le crash de leur avion, quatre enfants, dont un b\u00e9b\u00e9 ont surv\u00e9cu 17 jours dans l&#039;Amazonie<\/title>\n<meta name=\"description\" content=\"C\u2019est le pr\u00e9sident colombien Gustavo Petro, qui a annonc\u00e9 la d\u00e9couverte, sains et saufs de quatre enfants, dont un b\u00e9b\u00e9 de onze mois. Ces derniers ont surv\u00e9cu s...\" \/>\n<link rel=\"canonical\" href=\"https:\/\/www.webdo.tn\/fr\/actualite\/international\/apres-le-crash-de-leur-avion-quatre-enfants-dont-un-bebe-ont-survecu-17-jours-dans-l-amazonie\/205810\/\" \/>\n<meta property=\"og:locale\" content=\"fr_FR\" \/>\n<meta property=\"og:type\" content=\"article\" \/>\n<meta property=\"og:title\" content=\"Apr\u00e8s le crash de leur avion, quatre enfants, dont un b\u00e9b\u00e9 ont surv\u00e9cu 17 jours dans l&#039;Amazonie\" \/>\n<meta property=\"og:description\" content=\"C\u2019est le pr\u00e9sident colombien Gustavo Petro, qui a annonc\u00e9 la d\u00e9couverte, sains et saufs de quatre enfants, dont un b\u00e9b\u00e9 de onze mois. Ces derniers ont surv\u00e9cu s...\" \/>\n<meta property=\"og:url\" content=\"https:\/\/www.webdo.tn\/fr\/actualite\/international\/apres-le-crash-de-leur-avion-quatre-enfants-dont-un-bebe-ont-survecu-17-jours-dans-l-amazonie\/205810\/\" \/>\n<meta property=\"og:site_name\" content=\"webdo\" \/>\n<meta property=\"article:publisher\" content=\"https:\/\/www.facebook.com\/webdotn\" \/>\n<meta property=\"article:published_time\" content=\"2023-05-18T10:10:00+00:00\" \/>\n<meta property=\"article:modified_time\" content=\"2025-05-20T22:08:55+00:00\" \/>\n<meta property=\"og:image\" content=\"https:\/\/www.webdo.tn\/fr\/wp-content\/uploads\/2023\/05\/b4ecc82a1b4b259366b7dec9ac4539cd.jpg\" \/>\n\t<meta property=\"og:image:width\" content=\"750\" \/>\n\t<meta property=\"og:image:height\" content=\"400\" \/>\n\t<meta property=\"og:image:type\" content=\"image\/jpeg\" \/>\n<meta name=\"author\" content=\"MC\" \/>\n<meta name=\"twitter:card\" content=\"summary_large_image\" \/>\n<meta name=\"twitter:creator\" content=\"@webdo_tn\" \/>\n<meta name=\"twitter:site\" content=\"@webdo_tn\" \/>\n<meta name=\"twitter:label1\" content=\"\u00c9crit par\" \/>\n\t<meta name=\"twitter:data1\" content=\"MC\" \/>\n\t<meta name=\"twitter:label2\" content=\"Dur\u00e9e de lecture estim\u00e9e\" \/>\n\t<meta name=\"twitter:data2\" content=\"1 minute\" \/>\n<script type=\"application\/ld+json\" class=\"yoast-schema-graph\">{\"@context\":\"https:\\\/\\\/schema.org\",\"@graph\":[{\"@type\":\"NewsArticle\",\"@id\":\"https:\\\/\\\/www.webdo.tn\\\/fr\\\/actualite\\\/international\\\/apres-le-crash-de-leur-avion-quatre-enfants-dont-un-bebe-ont-survecu-17-jours-dans-l-amazonie\\\/205810\\\/#article\",\"isPartOf\":{\"@id\":\"https:\\\/\\\/www.webdo.tn\\\/fr\\\/actualite\\\/international\\\/apres-le-crash-de-leur-avion-quatre-enfants-dont-un-bebe-ont-survecu-17-jours-dans-l-amazonie\\\/205810\\\/\"},\"author\":{\"name\":\"MC\",\"@id\":\"https:\\\/\\\/www.webdo.tn\\\/fr\\\/#\\\/schema\\\/person\\\/2c4929cbf5a809e3bd38617c6ce150f6\"},\"headline\":\"Apr\u00e8s le crash de leur avion, quatre enfants, dont un b\u00e9b\u00e9 ont surv\u00e9cu 17 jours dans l&rsquo;Amazonie\",\"datePublished\":\"2023-05-18T10:10:00+00:00\",\"dateModified\":\"2025-05-20T22:08:55+00:00\",\"mainEntityOfPage\":{\"@id\":\"https:\\\/\\\/www.webdo.tn\\\/fr\\\/actualite\\\/international\\\/apres-le-crash-de-leur-avion-quatre-enfants-dont-un-bebe-ont-survecu-17-jours-dans-l-amazonie\\\/205810\\\/\"},\"wordCount\":274,\"commentCount\":0,\"publisher\":{\"@id\":\"https:\\\/\\\/www.webdo.tn\\\/fr\\\/#organization\"},\"image\":{\"@id\":\"https:\\\/\\\/www.webdo.tn\\\/fr\\\/actualite\\\/international\\\/apres-le-crash-de-leur-avion-quatre-enfants-dont-un-bebe-ont-survecu-17-jours-dans-l-amazonie\\\/205810\\\/#primaryimage\"},\"thumbnailUrl\":\"https:\\\/\\\/www.webdo.tn\\\/fr\\\/wp-content\\\/uploads\\\/2023\\\/05\\\/b4ecc82a1b4b259366b7dec9ac4539cd.jpg\",\"keywords\":[\"amazonie\",\"colombie\",\"crash\",\"enfants\",\"survivants\"],\"articleSection\":[\"International\"],\"inLanguage\":\"fr-FR\"},{\"@type\":\"WebPage\",\"@id\":\"https:\\\/\\\/www.webdo.tn\\\/fr\\\/actualite\\\/international\\\/apres-le-crash-de-leur-avion-quatre-enfants-dont-un-bebe-ont-survecu-17-jours-dans-l-amazonie\\\/205810\\\/\",\"url\":\"https:\\\/\\\/www.webdo.tn\\\/fr\\\/actualite\\\/international\\\/apres-le-crash-de-leur-avion-quatre-enfants-dont-un-bebe-ont-survecu-17-jours-dans-l-amazonie\\\/205810\\\/\",\"name\":\"Apr\u00e8s le crash de leur avion, quatre enfants, dont un b\u00e9b\u00e9 ont surv\u00e9cu 17 jours dans l'Amazonie\",\"isPartOf\":{\"@id\":\"https:\\\/\\\/www.webdo.tn\\\/fr\\\/#website\"},\"primaryImageOfPage\":{\"@id\":\"https:\\\/\\\/www.webdo.tn\\\/fr\\\/actualite\\\/international\\\/apres-le-crash-de-leur-avion-quatre-enfants-dont-un-bebe-ont-survecu-17-jours-dans-l-amazonie\\\/205810\\\/#primaryimage\"},\"image\":{\"@id\":\"https:\\\/\\\/www.webdo.tn\\\/fr\\\/actualite\\\/international\\\/apres-le-crash-de-leur-avion-quatre-enfants-dont-un-bebe-ont-survecu-17-jours-dans-l-amazonie\\\/205810\\\/#primaryimage\"},\"thumbnailUrl\":\"https:\\\/\\\/www.webdo.tn\\\/fr\\\/wp-content\\\/uploads\\\/2023\\\/05\\\/b4ecc82a1b4b259366b7dec9ac4539cd.jpg\",\"datePublished\":\"2023-05-18T10:10:00+00:00\",\"dateModified\":\"2025-05-20T22:08:55+00:00\",\"description\":\"C\u2019est le pr\u00e9sident colombien Gustavo Petro, qui a annonc\u00e9 la d\u00e9couverte, sains et saufs de quatre enfants, dont un b\u00e9b\u00e9 de onze mois. Ces derniers ont surv\u00e9cu s...\",\"breadcrumb\":{\"@id\":\"https:\\\/\\\/www.webdo.tn\\\/fr\\\/actualite\\\/international\\\/apres-le-crash-de-leur-avion-quatre-enfants-dont-un-bebe-ont-survecu-17-jours-dans-l-amazonie\\\/205810\\\/#breadcrumb\"},\"inLanguage\":\"fr-FR\",\"potentialAction\":[{\"@type\":\"ReadAction\",\"target\":[\"https:\\\/\\\/www.webdo.tn\\\/fr\\\/actualite\\\/international\\\/apres-le-crash-de-leur-avion-quatre-enfants-dont-un-bebe-ont-survecu-17-jours-dans-l-amazonie\\\/205810\\\/\"]}]},{\"@type\":\"ImageObject\",\"inLanguage\":\"fr-FR\",\"@id\":\"https:\\\/\\\/www.webdo.tn\\\/fr\\\/actualite\\\/international\\\/apres-le-crash-de-leur-avion-quatre-enfants-dont-un-bebe-ont-survecu-17-jours-dans-l-amazonie\\\/205810\\\/#primaryimage\",\"url\":\"https:\\\/\\\/www.webdo.tn\\\/fr\\\/wp-content\\\/uploads\\\/2023\\\/05\\\/b4ecc82a1b4b259366b7dec9ac4539cd.jpg\",\"contentUrl\":\"https:\\\/\\\/www.webdo.tn\\\/fr\\\/wp-content\\\/uploads\\\/2023\\\/05\\\/b4ecc82a1b4b259366b7dec9ac4539cd.jpg\",\"width\":750,\"height\":400,\"caption\":\"Apr\u00e8s le crash de leur avion, quatre enfants, dont un b\u00e9b\u00e9 ont surv\u00e9cu 17 jours dans l'Amazonie\"},{\"@type\":\"BreadcrumbList\",\"@id\":\"https:\\\/\\\/www.webdo.tn\\\/fr\\\/actualite\\\/international\\\/apres-le-crash-de-leur-avion-quatre-enfants-dont-un-bebe-ont-survecu-17-jours-dans-l-amazonie\\\/205810\\\/#breadcrumb\",\"itemListElement\":[{\"@type\":\"ListItem\",\"position\":1,\"name\":\"Accueil\",\"item\":\"https:\\\/\\\/www.webdo.tn\\\/fr\\\/\"},{\"@type\":\"ListItem\",\"position\":2,\"name\":\"Apr\u00e8s le crash de leur avion, quatre enfants, dont un b\u00e9b\u00e9 ont surv\u00e9cu 17 jours dans l&rsquo;Amazonie\"}]},{\"@type\":\"WebSite\",\"@id\":\"https:\\\/\\\/www.webdo.tn\\\/fr\\\/#website\",\"url\":\"https:\\\/\\\/www.webdo.tn\\\/fr\\\/\",\"name\":\"webdo\",\"description\":\"Tunisie - News en Tunisie et \u00e0 l&#039;international sur Webdo.tn\",\"publisher\":{\"@id\":\"https:\\\/\\\/www.webdo.tn\\\/fr\\\/#organization\"},\"potentialAction\":[{\"@type\":\"SearchAction\",\"target\":{\"@type\":\"EntryPoint\",\"urlTemplate\":\"https:\\\/\\\/www.webdo.tn\\\/fr\\\/?s={search_term_string}\"},\"query-input\":{\"@type\":\"PropertyValueSpecification\",\"valueRequired\":true,\"valueName\":\"search_term_string\"}}],\"inLanguage\":\"fr-FR\"},{\"@type\":\"Organization\",\"@id\":\"https:\\\/\\\/www.webdo.tn\\\/fr\\\/#organization\",\"name\":\"Webdo\",\"alternateName\":\"Webdo.tn\",\"url\":\"https:\\\/\\\/www.webdo.tn\\\/fr\\\/\",\"logo\":{\"@type\":\"ImageObject\",\"inLanguage\":\"fr-FR\",\"@id\":\"https:\\\/\\\/www.webdo.tn\\\/fr\\\/#\\\/schema\\\/logo\\\/image\\\/\",\"url\":\"https:\\\/\\\/www.webdo.tn\\\/fr\\\/wp-content\\\/uploads\\\/2025\\\/06\\\/Webdo-Tunisie_168377.jpg\",\"contentUrl\":\"https:\\\/\\\/www.webdo.tn\\\/fr\\\/wp-content\\\/uploads\\\/2025\\\/06\\\/Webdo-Tunisie_168377.jpg\",\"width\":301,\"height\":301,\"caption\":\"Webdo\"},\"image\":{\"@id\":\"https:\\\/\\\/www.webdo.tn\\\/fr\\\/#\\\/schema\\\/logo\\\/image\\\/\"},\"sameAs\":[\"https:\\\/\\\/www.facebook.com\\\/webdotn\",\"https:\\\/\\\/x.com\\\/webdo_tn\"],\"description\":\"Webdo est un m\u00e9dia num\u00e9rique tunisien fond\u00e9 en 2010, sp\u00e9cialis\u00e9 dans l\u2019actualit\u00e9 nationale et internationale, l\u2019\u00e9conomie, la soci\u00e9t\u00e9 et les analyses politiques. Le site s\u2019adresse \u00e0 un large public francophone et couvre l\u2019information tunisienne en temps r\u00e9el.\",\"email\":\"redac@webdo.tn\",\"legalName\":\"YNJ SARL\",\"foundingDate\":\"2010-09-06\",\"numberOfEmployees\":{\"@type\":\"QuantitativeValue\",\"minValue\":\"11\",\"maxValue\":\"50\"}},{\"@type\":\"Person\",\"@id\":\"https:\\\/\\\/www.webdo.tn\\\/fr\\\/#\\\/schema\\\/person\\\/2c4929cbf5a809e3bd38617c6ce150f6\",\"name\":\"MC\",\"image\":{\"@type\":\"ImageObject\",\"inLanguage\":\"fr-FR\",\"@id\":\"https:\\\/\\\/secure.gravatar.com\\\/avatar\\\/a545bbb6f84efdd5553dbbc2895e3ca8f1d12c5215e00a041c9670b54aa9b18a?s=96&d=mm&r=g\",\"url\":\"https:\\\/\\\/secure.gravatar.com\\\/avatar\\\/a545bbb6f84efdd5553dbbc2895e3ca8f1d12c5215e00a041c9670b54aa9b18a?s=96&d=mm&r=g\",\"contentUrl\":\"https:\\\/\\\/secure.gravatar.com\\\/avatar\\\/a545bbb6f84efdd5553dbbc2895e3ca8f1d12c5215e00a041c9670b54aa9b18a?s=96&d=mm&r=g\",\"caption\":\"MC\"},\"url\":\"https:\\\/\\\/www.webdo.tn\\\/fr\\\/actualite\\\/author\\\/mc\\\/\"}]}<\/script>\n<!-- \/ Yoast SEO Premium plugin. -->","yoast_head_json":{"title":"Apr\u00e8s le crash de leur avion, quatre enfants, dont un b\u00e9b\u00e9 ont surv\u00e9cu 17 jours dans l'Amazonie","description":"C\u2019est le pr\u00e9sident colombien Gustavo Petro, qui a annonc\u00e9 la d\u00e9couverte, sains et saufs de quatre enfants, dont un b\u00e9b\u00e9 de onze mois. Ces derniers ont surv\u00e9cu s...","canonical":"https:\/\/www.webdo.tn\/fr\/actualite\/international\/apres-le-crash-de-leur-avion-quatre-enfants-dont-un-bebe-ont-survecu-17-jours-dans-l-amazonie\/205810\/","og_locale":"fr_FR","og_type":"article","og_title":"Apr\u00e8s le crash de leur avion, quatre enfants, dont un b\u00e9b\u00e9 ont surv\u00e9cu 17 jours dans l'Amazonie","og_description":"C\u2019est le pr\u00e9sident colombien Gustavo Petro, qui a annonc\u00e9 la d\u00e9couverte, sains et saufs de quatre enfants, dont un b\u00e9b\u00e9 de onze mois. Ces derniers ont surv\u00e9cu s...","og_url":"https:\/\/www.webdo.tn\/fr\/actualite\/international\/apres-le-crash-de-leur-avion-quatre-enfants-dont-un-bebe-ont-survecu-17-jours-dans-l-amazonie\/205810\/","og_site_name":"webdo","article_publisher":"https:\/\/www.facebook.com\/webdotn","article_published_time":"2023-05-18T10:10:00+00:00","article_modified_time":"2025-05-20T22:08:55+00:00","og_image":[{"width":750,"height":400,"url":"https:\/\/www.webdo.tn\/fr\/wp-content\/uploads\/2023\/05\/b4ecc82a1b4b259366b7dec9ac4539cd.jpg","type":"image\/jpeg"}],"author":"MC","twitter_card":"summary_large_image","twitter_creator":"@webdo_tn","twitter_site":"@webdo_tn","twitter_misc":{"\u00c9crit par":"MC","Dur\u00e9e de lecture estim\u00e9e":"1 minute"},"schema":{"@context":"https:\/\/schema.org","@graph":[{"@type":"NewsArticle","@id":"https:\/\/www.webdo.tn\/fr\/actualite\/international\/apres-le-crash-de-leur-avion-quatre-enfants-dont-un-bebe-ont-survecu-17-jours-dans-l-amazonie\/205810\/#article","isPartOf":{"@id":"https:\/\/www.webdo.tn\/fr\/actualite\/international\/apres-le-crash-de-leur-avion-quatre-enfants-dont-un-bebe-ont-survecu-17-jours-dans-l-amazonie\/205810\/"},"author":{"name":"MC","@id":"https:\/\/www.webdo.tn\/fr\/#\/schema\/person\/2c4929cbf5a809e3bd38617c6ce150f6"},"headline":"Apr\u00e8s le crash de leur avion, quatre enfants, dont un b\u00e9b\u00e9 ont surv\u00e9cu 17 jours dans l&rsquo;Amazonie","datePublished":"2023-05-18T10:10:00+00:00","dateModified":"2025-05-20T22:08:55+00:00","mainEntityOfPage":{"@id":"https:\/\/www.webdo.tn\/fr\/actualite\/international\/apres-le-crash-de-leur-avion-quatre-enfants-dont-un-bebe-ont-survecu-17-jours-dans-l-amazonie\/205810\/"},"wordCount":274,"commentCount":0,"publisher":{"@id":"https:\/\/www.webdo.tn\/fr\/#organization"},"image":{"@id":"https:\/\/www.webdo.tn\/fr\/actualite\/international\/apres-le-crash-de-leur-avion-quatre-enfants-dont-un-bebe-ont-survecu-17-jours-dans-l-amazonie\/205810\/#primaryimage"},"thumbnailUrl":"https:\/\/www.webdo.tn\/fr\/wp-content\/uploads\/2023\/05\/b4ecc82a1b4b259366b7dec9ac4539cd.jpg","keywords":["amazonie","colombie","crash","enfants","survivants"],"articleSection":["International"],"inLanguage":"fr-FR"},{"@type":"WebPage","@id":"https:\/\/www.webdo.tn\/fr\/actualite\/international\/apres-le-crash-de-leur-avion-quatre-enfants-dont-un-bebe-ont-survecu-17-jours-dans-l-amazonie\/205810\/","url":"https:\/\/www.webdo.tn\/fr\/actualite\/international\/apres-le-crash-de-leur-avion-quatre-enfants-dont-un-bebe-ont-survecu-17-jours-dans-l-amazonie\/205810\/","name":"Apr\u00e8s le crash de leur avion, quatre enfants, dont un b\u00e9b\u00e9 ont surv\u00e9cu 17 jours dans l'Amazonie","isPartOf":{"@id":"https:\/\/www.webdo.tn\/fr\/#website"},"primaryImageOfPage":{"@id":"https:\/\/www.webdo.tn\/fr\/actualite\/international\/apres-le-crash-de-leur-avion-quatre-enfants-dont-un-bebe-ont-survecu-17-jours-dans-l-amazonie\/205810\/#primaryimage"},"image":{"@id":"https:\/\/www.webdo.tn\/fr\/actualite\/international\/apres-le-crash-de-leur-avion-quatre-enfants-dont-un-bebe-ont-survecu-17-jours-dans-l-amazonie\/205810\/#primaryimage"},"thumbnailUrl":"https:\/\/www.webdo.tn\/fr\/wp-content\/uploads\/2023\/05\/b4ecc82a1b4b259366b7dec9ac4539cd.jpg","datePublished":"2023-05-18T10:10:00+00:00","dateModified":"2025-05-20T22:08:55+00:00","description":"C\u2019est le pr\u00e9sident colombien Gustavo Petro, qui a annonc\u00e9 la d\u00e9couverte, sains et saufs de quatre enfants, dont un b\u00e9b\u00e9 de onze mois. Ces derniers ont surv\u00e9cu s...","breadcrumb":{"@id":"https:\/\/www.webdo.tn\/fr\/actualite\/international\/apres-le-crash-de-leur-avion-quatre-enfants-dont-un-bebe-ont-survecu-17-jours-dans-l-amazonie\/205810\/#breadcrumb"},"inLanguage":"fr-FR","potentialAction":[{"@type":"ReadAction","target":["https:\/\/www.webdo.tn\/fr\/actualite\/international\/apres-le-crash-de-leur-avion-quatre-enfants-dont-un-bebe-ont-survecu-17-jours-dans-l-amazonie\/205810\/"]}]},{"@type":"ImageObject","inLanguage":"fr-FR","@id":"https:\/\/www.webdo.tn\/fr\/actualite\/international\/apres-le-crash-de-leur-avion-quatre-enfants-dont-un-bebe-ont-survecu-17-jours-dans-l-amazonie\/205810\/#primaryimage","url":"https:\/\/www.webdo.tn\/fr\/wp-content\/uploads\/2023\/05\/b4ecc82a1b4b259366b7dec9ac4539cd.jpg","contentUrl":"https:\/\/www.webdo.tn\/fr\/wp-content\/uploads\/2023\/05\/b4ecc82a1b4b259366b7dec9ac4539cd.jpg","width":750,"height":400,"caption":"Apr\u00e8s le crash de leur avion, quatre enfants, dont un b\u00e9b\u00e9 ont surv\u00e9cu 17 jours dans l'Amazonie"},{"@type":"BreadcrumbList","@id":"https:\/\/www.webdo.tn\/fr\/actualite\/international\/apres-le-crash-de-leur-avion-quatre-enfants-dont-un-bebe-ont-survecu-17-jours-dans-l-amazonie\/205810\/#breadcrumb","itemListElement":[{"@type":"ListItem","position":1,"name":"Accueil","item":"https:\/\/www.webdo.tn\/fr\/"},{"@type":"ListItem","position":2,"name":"Apr\u00e8s le crash de leur avion, quatre enfants, dont un b\u00e9b\u00e9 ont surv\u00e9cu 17 jours dans l&rsquo;Amazonie"}]},{"@type":"WebSite","@id":"https:\/\/www.webdo.tn\/fr\/#website","url":"https:\/\/www.webdo.tn\/fr\/","name":"webdo","description":"Tunisie - News en Tunisie et \u00e0 l&#039;international sur Webdo.tn","publisher":{"@id":"https:\/\/www.webdo.tn\/fr\/#organization"},"potentialAction":[{"@type":"SearchAction","target":{"@type":"EntryPoint","urlTemplate":"https:\/\/www.webdo.tn\/fr\/?s={search_term_string}"},"query-input":{"@type":"PropertyValueSpecification","valueRequired":true,"valueName":"search_term_string"}}],"inLanguage":"fr-FR"},{"@type":"Organization","@id":"https:\/\/www.webdo.tn\/fr\/#organization","name":"Webdo","alternateName":"Webdo.tn","url":"https:\/\/www.webdo.tn\/fr\/","logo":{"@type":"ImageObject","inLanguage":"fr-FR","@id":"https:\/\/www.webdo.tn\/fr\/#\/schema\/logo\/image\/","url":"https:\/\/www.webdo.tn\/fr\/wp-content\/uploads\/2025\/06\/Webdo-Tunisie_168377.jpg","contentUrl":"https:\/\/www.webdo.tn\/fr\/wp-content\/uploads\/2025\/06\/Webdo-Tunisie_168377.jpg","width":301,"height":301,"caption":"Webdo"},"image":{"@id":"https:\/\/www.webdo.tn\/fr\/#\/schema\/logo\/image\/"},"sameAs":["https:\/\/www.facebook.com\/webdotn","https:\/\/x.com\/webdo_tn"],"description":"Webdo est un m\u00e9dia num\u00e9rique tunisien fond\u00e9 en 2010, sp\u00e9cialis\u00e9 dans l\u2019actualit\u00e9 nationale et internationale, l\u2019\u00e9conomie, la soci\u00e9t\u00e9 et les analyses politiques. Le site s\u2019adresse \u00e0 un large public francophone et couvre l\u2019information tunisienne en temps r\u00e9el.","email":"redac@webdo.tn","legalName":"YNJ SARL","foundingDate":"2010-09-06","numberOfEmployees":{"@type":"QuantitativeValue","minValue":"11","maxValue":"50"}},{"@type":"Person","@id":"https:\/\/www.webdo.tn\/fr\/#\/schema\/person\/2c4929cbf5a809e3bd38617c6ce150f6","name":"MC","image":{"@type":"ImageObject","inLanguage":"fr-FR","@id":"https:\/\/secure.gravatar.com\/avatar\/a545bbb6f84efdd5553dbbc2895e3ca8f1d12c5215e00a041c9670b54aa9b18a?s=96&d=mm&r=g","url":"https:\/\/secure.gravatar.com\/avatar\/a545bbb6f84efdd5553dbbc2895e3ca8f1d12c5215e00a041c9670b54aa9b18a?s=96&d=mm&r=g","contentUrl":"https:\/\/secure.gravatar.com\/avatar\/a545bbb6f84efdd5553dbbc2895e3ca8f1d12c5215e00a041c9670b54aa9b18a?s=96&d=mm&r=g","caption":"MC"},"url":"https:\/\/www.webdo.tn\/fr\/actualite\/author\/mc\/"}]}},"_links":{"self":[{"href":"https:\/\/www.webdo.tn\/fr\/wp-json\/wp\/v2\/posts\/205810","targetHints":{"allow":["GET"]}}],"collection":[{"href":"https:\/\/www.webdo.tn\/fr\/wp-json\/wp\/v2\/posts"}],"about":[{"href":"https:\/\/www.webdo.tn\/fr\/wp-json\/wp\/v2\/types\/post"}],"author":[{"embeddable":true,"href":"https:\/\/www.webdo.tn\/fr\/wp-json\/wp\/v2\/users\/3162"}],"replies":[{"embeddable":true,"href":"https:\/\/www.webdo.tn\/fr\/wp-json\/wp\/v2\/comments?post=205810"}],"version-history":[{"count":0,"href":"https:\/\/www.webdo.tn\/fr\/wp-json\/wp\/v2\/posts\/205810\/revisions"}],"wp:featuredmedia":[{"embeddable":true,"href":"https:\/\/www.webdo.tn\/fr\/wp-json\/wp\/v2\/media\/278179"}],"wp:attachment":[{"href":"https:\/\/www.webdo.tn\/fr\/wp-json\/wp\/v2\/media?parent=205810"}],"wp:term":[{"taxonomy":"category","embeddable":true,"href":"https:\/\/www.webdo.tn\/fr\/wp-json\/wp\/v2\/categories?post=205810"},{"taxonomy":"post_tag","embeddable":true,"href":"https:\/\/www.webdo.tn\/fr\/wp-json\/wp\/v2\/tags?post=205810"}],"curies":[{"name":"wp","href":"https:\/\/api.w.org\/{rel}","templated":true}]}}