{"id":205804,"date":"2023-05-18T07:42:00","date_gmt":"2023-05-18T07:42:00","guid":{"rendered":"https:\/\/www.webdo.tn\/fr\/blog\/mise-en-garde-contre-une-crise-du-pain-en-tunisie\/205804\/"},"modified":"2025-05-20T22:43:18","modified_gmt":"2025-05-20T22:43:18","slug":"mise-en-garde-contre-une-crise-du-pain-en-tunisie","status":"publish","type":"post","link":"https:\/\/www.webdo.tn\/fr\/actualite\/national\/mise-en-garde-contre-une-crise-du-pain-en-tunisie\/205804\/","title":{"rendered":"Mise en garde contre une crise du pain en Tunisie"},"content":{"rendered":"<p>La Tunisie connaitra une p\u00e9nurie de pain, si les autorit\u00e9s ne tiennent pas leurs engagements, a soulign\u00e9 le groupement professionnel des boulangeries modernes, relevant de la Conf\u00e9d\u00e9ration des Entreprises Citoyennes de Tunisie (CONECT).<\/p>\n<p>\t\t\t\t\t\t\t\t\tLe groupement a r\u00e9it\u00e9r\u00e9, mercredi dans un communiqu\u00e9, son appel au minist\u00e8re du Commerce et du D\u00e9veloppement des Exportations, de respecter ses engagements envers les professionnels en vue d&rsquo;\u00e9viter la d\u00e9gradation de la situation.<\/p>\n<p>Il a exprim\u00e9 son inqui\u00e9tude au sujet de la continuit\u00e9 du probl\u00e8me de la p\u00e9nurie de la farine et de la semoule depuis plus de trois mois dans tout le pays, laquelle situation a engendr\u00e9 la fermeture de plusieurs boulangeries. Le groupement professionnel a, ainsi, appel\u00e9 \u00e0 la rationalisation de la consommation du pain.<\/p>\n<p>Il convient de rappeler que Le groupement professionnel des boulangeries modernes, relevant de la Conf\u00e9d\u00e9ration des Entreprises Citoyennes de Tunisie (CONECT) a exprim\u00e9, dans un communiqu\u00e9 publi\u00e9 le 4 avril dernier son inqui\u00e9tude face \u00e0 la persistance du manque enregistr\u00e9, dans toutes les r\u00e9gions et surtout sur le Grand Tunis, Kairouan et Monastir, en mati\u00e8re d&rsquo;approvisionnement en farine et en semoule, alertant quant aux \u00e9ventuelles r\u00e9percussions de ce manque sur l&rsquo;offre en pain.<\/p>\n<p>Il est \u00e0 noter que le groupement professionnel des boulangeries modernes est parvenu, le 28 f\u00e9vrier 2023, \u00e0 un accord avec le minist\u00e8re du Commerce juste apr\u00e8s la suspension du sit-in ouvert observ\u00e9 par ses adh\u00e9rents devant le d\u00e9partement minist\u00e9riel.<\/p>\n<p>Cet accord stipule un ensemble de propositions et de mesures portant sur la r\u00e9forme du secteur des boulangeries modernes qui seront r\u00e9activ\u00e9es ult\u00e9rieurement, avec un dialogue s\u00e9rieux avec les autorit\u00e9s concern\u00e9es.<\/p>\n","protected":false},"excerpt":{"rendered":"<p>La Tunisie connaitra une p\u00e9nurie de pain, si les autorit\u00e9s ne tiennent pas leurs engagements, a soulign\u00e9 le groupement professionnel des boulangeries modernes,&#8230;<\/p>\n","protected":false},"author":3175,"featured_media":251127,"comment_status":"open","ping_status":"closed","sticky":false,"template":"","format":"standard","meta":{"footnotes":""},"categories":[44],"tags":[3343,3767,2608],"class_list":["post-205804","post","type-post","status-publish","format-standard","has-post-thumbnail","hentry","category-national","tag-crise","tag-pain","tag-tunisie"],"yoast_head":"<!-- This site is optimized with the Yoast SEO Premium plugin v27.5 (Yoast SEO v27.5) - https:\/\/yoast.com\/product\/yoast-seo-premium-wordpress\/ -->\n<title>Mise en garde contre une crise du pain en Tunisie<\/title>\n<meta name=\"description\" content=\"La Tunisie connaitra une p\u00e9nurie de pain, si les autorit\u00e9s ne tiennent pas leurs engagements, a soulign\u00e9 le groupement professionnel des boulangeries modernes,...\" \/>\n<link rel=\"canonical\" href=\"https:\/\/www.webdo.tn\/fr\/actualite\/national\/mise-en-garde-contre-une-crise-du-pain-en-tunisie\/205804\/\" \/>\n<meta property=\"og:locale\" content=\"fr_FR\" \/>\n<meta property=\"og:type\" content=\"article\" \/>\n<meta property=\"og:title\" content=\"Mise en garde contre une crise du pain en Tunisie\" \/>\n<meta property=\"og:description\" content=\"La Tunisie connaitra une p\u00e9nurie de pain, si les autorit\u00e9s ne tiennent pas leurs engagements, a soulign\u00e9 le groupement professionnel des boulangeries modernes,...\" \/>\n<meta property=\"og:url\" content=\"https:\/\/www.webdo.tn\/fr\/actualite\/national\/mise-en-garde-contre-une-crise-du-pain-en-tunisie\/205804\/\" \/>\n<meta property=\"og:site_name\" content=\"webdo\" \/>\n<meta property=\"article:publisher\" content=\"https:\/\/www.facebook.com\/webdotn\" \/>\n<meta property=\"article:published_time\" content=\"2023-05-18T07:42:00+00:00\" \/>\n<meta property=\"article:modified_time\" content=\"2025-05-20T22:43:18+00:00\" \/>\n<meta property=\"og:image\" content=\"https:\/\/www.webdo.tn\/fr\/wp-content\/uploads\/2023\/05\/ac4f3507bdd822579ac75bbe97262c33.png\" \/>\n\t<meta property=\"og:image:width\" content=\"750\" \/>\n\t<meta property=\"og:image:height\" content=\"400\" \/>\n\t<meta property=\"og:image:type\" content=\"image\/png\" \/>\n<meta name=\"author\" content=\"CL\" \/>\n<meta name=\"twitter:card\" content=\"summary_large_image\" \/>\n<meta name=\"twitter:creator\" content=\"@webdo_tn\" \/>\n<meta name=\"twitter:site\" content=\"@webdo_tn\" \/>\n<meta name=\"twitter:label1\" content=\"\u00c9crit par\" \/>\n\t<meta name=\"twitter:data1\" content=\"CL\" \/>\n\t<meta name=\"twitter:label2\" content=\"Dur\u00e9e de lecture estim\u00e9e\" \/>\n\t<meta name=\"twitter:data2\" content=\"1 minute\" \/>\n<script type=\"application\/ld+json\" class=\"yoast-schema-graph\">{\"@context\":\"https:\\\/\\\/schema.org\",\"@graph\":[{\"@type\":\"NewsArticle\",\"@id\":\"https:\\\/\\\/www.webdo.tn\\\/fr\\\/actualite\\\/national\\\/mise-en-garde-contre-une-crise-du-pain-en-tunisie\\\/205804\\\/#article\",\"isPartOf\":{\"@id\":\"https:\\\/\\\/www.webdo.tn\\\/fr\\\/actualite\\\/national\\\/mise-en-garde-contre-une-crise-du-pain-en-tunisie\\\/205804\\\/\"},\"author\":{\"name\":\"CL\",\"@id\":\"https:\\\/\\\/www.webdo.tn\\\/fr\\\/#\\\/schema\\\/person\\\/f35b42a42c5e2511bbd282959d6385cc\"},\"headline\":\"Mise en garde contre une crise du pain en Tunisie\",\"datePublished\":\"2023-05-18T07:42:00+00:00\",\"dateModified\":\"2025-05-20T22:43:18+00:00\",\"mainEntityOfPage\":{\"@id\":\"https:\\\/\\\/www.webdo.tn\\\/fr\\\/actualite\\\/national\\\/mise-en-garde-contre-une-crise-du-pain-en-tunisie\\\/205804\\\/\"},\"wordCount\":302,\"commentCount\":0,\"publisher\":{\"@id\":\"https:\\\/\\\/www.webdo.tn\\\/fr\\\/#organization\"},\"image\":{\"@id\":\"https:\\\/\\\/www.webdo.tn\\\/fr\\\/actualite\\\/national\\\/mise-en-garde-contre-une-crise-du-pain-en-tunisie\\\/205804\\\/#primaryimage\"},\"thumbnailUrl\":\"https:\\\/\\\/www.webdo.tn\\\/fr\\\/wp-content\\\/uploads\\\/2023\\\/05\\\/ac4f3507bdd822579ac75bbe97262c33.png\",\"keywords\":[\"crise\",\"pain\",\"Tunisie\"],\"articleSection\":[\"National\"],\"inLanguage\":\"fr-FR\"},{\"@type\":\"WebPage\",\"@id\":\"https:\\\/\\\/www.webdo.tn\\\/fr\\\/actualite\\\/national\\\/mise-en-garde-contre-une-crise-du-pain-en-tunisie\\\/205804\\\/\",\"url\":\"https:\\\/\\\/www.webdo.tn\\\/fr\\\/actualite\\\/national\\\/mise-en-garde-contre-une-crise-du-pain-en-tunisie\\\/205804\\\/\",\"name\":\"Mise en garde contre une crise du pain en Tunisie\",\"isPartOf\":{\"@id\":\"https:\\\/\\\/www.webdo.tn\\\/fr\\\/#website\"},\"primaryImageOfPage\":{\"@id\":\"https:\\\/\\\/www.webdo.tn\\\/fr\\\/actualite\\\/national\\\/mise-en-garde-contre-une-crise-du-pain-en-tunisie\\\/205804\\\/#primaryimage\"},\"image\":{\"@id\":\"https:\\\/\\\/www.webdo.tn\\\/fr\\\/actualite\\\/national\\\/mise-en-garde-contre-une-crise-du-pain-en-tunisie\\\/205804\\\/#primaryimage\"},\"thumbnailUrl\":\"https:\\\/\\\/www.webdo.tn\\\/fr\\\/wp-content\\\/uploads\\\/2023\\\/05\\\/ac4f3507bdd822579ac75bbe97262c33.png\",\"datePublished\":\"2023-05-18T07:42:00+00:00\",\"dateModified\":\"2025-05-20T22:43:18+00:00\",\"description\":\"La Tunisie connaitra une p\u00e9nurie de pain, si les autorit\u00e9s ne tiennent pas leurs engagements, a soulign\u00e9 le groupement professionnel des boulangeries modernes,...\",\"breadcrumb\":{\"@id\":\"https:\\\/\\\/www.webdo.tn\\\/fr\\\/actualite\\\/national\\\/mise-en-garde-contre-une-crise-du-pain-en-tunisie\\\/205804\\\/#breadcrumb\"},\"inLanguage\":\"fr-FR\",\"potentialAction\":[{\"@type\":\"ReadAction\",\"target\":[\"https:\\\/\\\/www.webdo.tn\\\/fr\\\/actualite\\\/national\\\/mise-en-garde-contre-une-crise-du-pain-en-tunisie\\\/205804\\\/\"]}]},{\"@type\":\"ImageObject\",\"inLanguage\":\"fr-FR\",\"@id\":\"https:\\\/\\\/www.webdo.tn\\\/fr\\\/actualite\\\/national\\\/mise-en-garde-contre-une-crise-du-pain-en-tunisie\\\/205804\\\/#primaryimage\",\"url\":\"https:\\\/\\\/www.webdo.tn\\\/fr\\\/wp-content\\\/uploads\\\/2023\\\/05\\\/ac4f3507bdd822579ac75bbe97262c33.png\",\"contentUrl\":\"https:\\\/\\\/www.webdo.tn\\\/fr\\\/wp-content\\\/uploads\\\/2023\\\/05\\\/ac4f3507bdd822579ac75bbe97262c33.png\",\"width\":750,\"height\":400,\"caption\":\"Pain\"},{\"@type\":\"BreadcrumbList\",\"@id\":\"https:\\\/\\\/www.webdo.tn\\\/fr\\\/actualite\\\/national\\\/mise-en-garde-contre-une-crise-du-pain-en-tunisie\\\/205804\\\/#breadcrumb\",\"itemListElement\":[{\"@type\":\"ListItem\",\"position\":1,\"name\":\"Accueil\",\"item\":\"https:\\\/\\\/www.webdo.tn\\\/fr\\\/\"},{\"@type\":\"ListItem\",\"position\":2,\"name\":\"Mise en garde contre une crise du pain en Tunisie\"}]},{\"@type\":\"WebSite\",\"@id\":\"https:\\\/\\\/www.webdo.tn\\\/fr\\\/#website\",\"url\":\"https:\\\/\\\/www.webdo.tn\\\/fr\\\/\",\"name\":\"webdo\",\"description\":\"Tunisie - News en Tunisie et \u00e0 l&#039;international sur Webdo.tn\",\"publisher\":{\"@id\":\"https:\\\/\\\/www.webdo.tn\\\/fr\\\/#organization\"},\"potentialAction\":[{\"@type\":\"SearchAction\",\"target\":{\"@type\":\"EntryPoint\",\"urlTemplate\":\"https:\\\/\\\/www.webdo.tn\\\/fr\\\/?s={search_term_string}\"},\"query-input\":{\"@type\":\"PropertyValueSpecification\",\"valueRequired\":true,\"valueName\":\"search_term_string\"}}],\"inLanguage\":\"fr-FR\"},{\"@type\":\"Organization\",\"@id\":\"https:\\\/\\\/www.webdo.tn\\\/fr\\\/#organization\",\"name\":\"Webdo\",\"alternateName\":\"Webdo.tn\",\"url\":\"https:\\\/\\\/www.webdo.tn\\\/fr\\\/\",\"logo\":{\"@type\":\"ImageObject\",\"inLanguage\":\"fr-FR\",\"@id\":\"https:\\\/\\\/www.webdo.tn\\\/fr\\\/#\\\/schema\\\/logo\\\/image\\\/\",\"url\":\"https:\\\/\\\/www.webdo.tn\\\/fr\\\/wp-content\\\/uploads\\\/2025\\\/06\\\/Webdo-Tunisie_168377.jpg\",\"contentUrl\":\"https:\\\/\\\/www.webdo.tn\\\/fr\\\/wp-content\\\/uploads\\\/2025\\\/06\\\/Webdo-Tunisie_168377.jpg\",\"width\":301,\"height\":301,\"caption\":\"Webdo\"},\"image\":{\"@id\":\"https:\\\/\\\/www.webdo.tn\\\/fr\\\/#\\\/schema\\\/logo\\\/image\\\/\"},\"sameAs\":[\"https:\\\/\\\/www.facebook.com\\\/webdotn\",\"https:\\\/\\\/x.com\\\/webdo_tn\"],\"description\":\"Webdo est un m\u00e9dia num\u00e9rique tunisien fond\u00e9 en 2010, sp\u00e9cialis\u00e9 dans l\u2019actualit\u00e9 nationale et internationale, l\u2019\u00e9conomie, la soci\u00e9t\u00e9 et les analyses politiques. Le site s\u2019adresse \u00e0 un large public francophone et couvre l\u2019information tunisienne en temps r\u00e9el.\",\"email\":\"redac@webdo.tn\",\"legalName\":\"YNJ SARL\",\"foundingDate\":\"2010-09-06\",\"numberOfEmployees\":{\"@type\":\"QuantitativeValue\",\"minValue\":\"11\",\"maxValue\":\"50\"}},{\"@type\":\"Person\",\"@id\":\"https:\\\/\\\/www.webdo.tn\\\/fr\\\/#\\\/schema\\\/person\\\/f35b42a42c5e2511bbd282959d6385cc\",\"name\":\"CL\",\"image\":{\"@type\":\"ImageObject\",\"inLanguage\":\"fr-FR\",\"@id\":\"https:\\\/\\\/secure.gravatar.com\\\/avatar\\\/1447a49909b67aa657c488aec6512e1dd6143a480c1ecfee9b5b5cd74eb3b59e?s=96&d=mm&r=g\",\"url\":\"https:\\\/\\\/secure.gravatar.com\\\/avatar\\\/1447a49909b67aa657c488aec6512e1dd6143a480c1ecfee9b5b5cd74eb3b59e?s=96&d=mm&r=g\",\"contentUrl\":\"https:\\\/\\\/secure.gravatar.com\\\/avatar\\\/1447a49909b67aa657c488aec6512e1dd6143a480c1ecfee9b5b5cd74eb3b59e?s=96&d=mm&r=g\",\"caption\":\"CL\"},\"url\":\"https:\\\/\\\/www.webdo.tn\\\/fr\\\/actualite\\\/author\\\/cl\\\/\"}]}<\/script>\n<!-- \/ Yoast SEO Premium plugin. -->","yoast_head_json":{"title":"Mise en garde contre une crise du pain en Tunisie","description":"La Tunisie connaitra une p\u00e9nurie de pain, si les autorit\u00e9s ne tiennent pas leurs engagements, a soulign\u00e9 le groupement professionnel des boulangeries modernes,...","canonical":"https:\/\/www.webdo.tn\/fr\/actualite\/national\/mise-en-garde-contre-une-crise-du-pain-en-tunisie\/205804\/","og_locale":"fr_FR","og_type":"article","og_title":"Mise en garde contre une crise du pain en Tunisie","og_description":"La Tunisie connaitra une p\u00e9nurie de pain, si les autorit\u00e9s ne tiennent pas leurs engagements, a soulign\u00e9 le groupement professionnel des boulangeries modernes,...","og_url":"https:\/\/www.webdo.tn\/fr\/actualite\/national\/mise-en-garde-contre-une-crise-du-pain-en-tunisie\/205804\/","og_site_name":"webdo","article_publisher":"https:\/\/www.facebook.com\/webdotn","article_published_time":"2023-05-18T07:42:00+00:00","article_modified_time":"2025-05-20T22:43:18+00:00","og_image":[{"width":750,"height":400,"url":"https:\/\/www.webdo.tn\/fr\/wp-content\/uploads\/2023\/05\/ac4f3507bdd822579ac75bbe97262c33.png","type":"image\/png"}],"author":"CL","twitter_card":"summary_large_image","twitter_creator":"@webdo_tn","twitter_site":"@webdo_tn","twitter_misc":{"\u00c9crit par":"CL","Dur\u00e9e de lecture estim\u00e9e":"1 minute"},"schema":{"@context":"https:\/\/schema.org","@graph":[{"@type":"NewsArticle","@id":"https:\/\/www.webdo.tn\/fr\/actualite\/national\/mise-en-garde-contre-une-crise-du-pain-en-tunisie\/205804\/#article","isPartOf":{"@id":"https:\/\/www.webdo.tn\/fr\/actualite\/national\/mise-en-garde-contre-une-crise-du-pain-en-tunisie\/205804\/"},"author":{"name":"CL","@id":"https:\/\/www.webdo.tn\/fr\/#\/schema\/person\/f35b42a42c5e2511bbd282959d6385cc"},"headline":"Mise en garde contre une crise du pain en Tunisie","datePublished":"2023-05-18T07:42:00+00:00","dateModified":"2025-05-20T22:43:18+00:00","mainEntityOfPage":{"@id":"https:\/\/www.webdo.tn\/fr\/actualite\/national\/mise-en-garde-contre-une-crise-du-pain-en-tunisie\/205804\/"},"wordCount":302,"commentCount":0,"publisher":{"@id":"https:\/\/www.webdo.tn\/fr\/#organization"},"image":{"@id":"https:\/\/www.webdo.tn\/fr\/actualite\/national\/mise-en-garde-contre-une-crise-du-pain-en-tunisie\/205804\/#primaryimage"},"thumbnailUrl":"https:\/\/www.webdo.tn\/fr\/wp-content\/uploads\/2023\/05\/ac4f3507bdd822579ac75bbe97262c33.png","keywords":["crise","pain","Tunisie"],"articleSection":["National"],"inLanguage":"fr-FR"},{"@type":"WebPage","@id":"https:\/\/www.webdo.tn\/fr\/actualite\/national\/mise-en-garde-contre-une-crise-du-pain-en-tunisie\/205804\/","url":"https:\/\/www.webdo.tn\/fr\/actualite\/national\/mise-en-garde-contre-une-crise-du-pain-en-tunisie\/205804\/","name":"Mise en garde contre une crise du pain en Tunisie","isPartOf":{"@id":"https:\/\/www.webdo.tn\/fr\/#website"},"primaryImageOfPage":{"@id":"https:\/\/www.webdo.tn\/fr\/actualite\/national\/mise-en-garde-contre-une-crise-du-pain-en-tunisie\/205804\/#primaryimage"},"image":{"@id":"https:\/\/www.webdo.tn\/fr\/actualite\/national\/mise-en-garde-contre-une-crise-du-pain-en-tunisie\/205804\/#primaryimage"},"thumbnailUrl":"https:\/\/www.webdo.tn\/fr\/wp-content\/uploads\/2023\/05\/ac4f3507bdd822579ac75bbe97262c33.png","datePublished":"2023-05-18T07:42:00+00:00","dateModified":"2025-05-20T22:43:18+00:00","description":"La Tunisie connaitra une p\u00e9nurie de pain, si les autorit\u00e9s ne tiennent pas leurs engagements, a soulign\u00e9 le groupement professionnel des boulangeries modernes,...","breadcrumb":{"@id":"https:\/\/www.webdo.tn\/fr\/actualite\/national\/mise-en-garde-contre-une-crise-du-pain-en-tunisie\/205804\/#breadcrumb"},"inLanguage":"fr-FR","potentialAction":[{"@type":"ReadAction","target":["https:\/\/www.webdo.tn\/fr\/actualite\/national\/mise-en-garde-contre-une-crise-du-pain-en-tunisie\/205804\/"]}]},{"@type":"ImageObject","inLanguage":"fr-FR","@id":"https:\/\/www.webdo.tn\/fr\/actualite\/national\/mise-en-garde-contre-une-crise-du-pain-en-tunisie\/205804\/#primaryimage","url":"https:\/\/www.webdo.tn\/fr\/wp-content\/uploads\/2023\/05\/ac4f3507bdd822579ac75bbe97262c33.png","contentUrl":"https:\/\/www.webdo.tn\/fr\/wp-content\/uploads\/2023\/05\/ac4f3507bdd822579ac75bbe97262c33.png","width":750,"height":400,"caption":"Pain"},{"@type":"BreadcrumbList","@id":"https:\/\/www.webdo.tn\/fr\/actualite\/national\/mise-en-garde-contre-une-crise-du-pain-en-tunisie\/205804\/#breadcrumb","itemListElement":[{"@type":"ListItem","position":1,"name":"Accueil","item":"https:\/\/www.webdo.tn\/fr\/"},{"@type":"ListItem","position":2,"name":"Mise en garde contre une crise du pain en Tunisie"}]},{"@type":"WebSite","@id":"https:\/\/www.webdo.tn\/fr\/#website","url":"https:\/\/www.webdo.tn\/fr\/","name":"webdo","description":"Tunisie - News en Tunisie et \u00e0 l&#039;international sur Webdo.tn","publisher":{"@id":"https:\/\/www.webdo.tn\/fr\/#organization"},"potentialAction":[{"@type":"SearchAction","target":{"@type":"EntryPoint","urlTemplate":"https:\/\/www.webdo.tn\/fr\/?s={search_term_string}"},"query-input":{"@type":"PropertyValueSpecification","valueRequired":true,"valueName":"search_term_string"}}],"inLanguage":"fr-FR"},{"@type":"Organization","@id":"https:\/\/www.webdo.tn\/fr\/#organization","name":"Webdo","alternateName":"Webdo.tn","url":"https:\/\/www.webdo.tn\/fr\/","logo":{"@type":"ImageObject","inLanguage":"fr-FR","@id":"https:\/\/www.webdo.tn\/fr\/#\/schema\/logo\/image\/","url":"https:\/\/www.webdo.tn\/fr\/wp-content\/uploads\/2025\/06\/Webdo-Tunisie_168377.jpg","contentUrl":"https:\/\/www.webdo.tn\/fr\/wp-content\/uploads\/2025\/06\/Webdo-Tunisie_168377.jpg","width":301,"height":301,"caption":"Webdo"},"image":{"@id":"https:\/\/www.webdo.tn\/fr\/#\/schema\/logo\/image\/"},"sameAs":["https:\/\/www.facebook.com\/webdotn","https:\/\/x.com\/webdo_tn"],"description":"Webdo est un m\u00e9dia num\u00e9rique tunisien fond\u00e9 en 2010, sp\u00e9cialis\u00e9 dans l\u2019actualit\u00e9 nationale et internationale, l\u2019\u00e9conomie, la soci\u00e9t\u00e9 et les analyses politiques. Le site s\u2019adresse \u00e0 un large public francophone et couvre l\u2019information tunisienne en temps r\u00e9el.","email":"redac@webdo.tn","legalName":"YNJ SARL","foundingDate":"2010-09-06","numberOfEmployees":{"@type":"QuantitativeValue","minValue":"11","maxValue":"50"}},{"@type":"Person","@id":"https:\/\/www.webdo.tn\/fr\/#\/schema\/person\/f35b42a42c5e2511bbd282959d6385cc","name":"CL","image":{"@type":"ImageObject","inLanguage":"fr-FR","@id":"https:\/\/secure.gravatar.com\/avatar\/1447a49909b67aa657c488aec6512e1dd6143a480c1ecfee9b5b5cd74eb3b59e?s=96&d=mm&r=g","url":"https:\/\/secure.gravatar.com\/avatar\/1447a49909b67aa657c488aec6512e1dd6143a480c1ecfee9b5b5cd74eb3b59e?s=96&d=mm&r=g","contentUrl":"https:\/\/secure.gravatar.com\/avatar\/1447a49909b67aa657c488aec6512e1dd6143a480c1ecfee9b5b5cd74eb3b59e?s=96&d=mm&r=g","caption":"CL"},"url":"https:\/\/www.webdo.tn\/fr\/actualite\/author\/cl\/"}]}},"_links":{"self":[{"href":"https:\/\/www.webdo.tn\/fr\/wp-json\/wp\/v2\/posts\/205804","targetHints":{"allow":["GET"]}}],"collection":[{"href":"https:\/\/www.webdo.tn\/fr\/wp-json\/wp\/v2\/posts"}],"about":[{"href":"https:\/\/www.webdo.tn\/fr\/wp-json\/wp\/v2\/types\/post"}],"author":[{"embeddable":true,"href":"https:\/\/www.webdo.tn\/fr\/wp-json\/wp\/v2\/users\/3175"}],"replies":[{"embeddable":true,"href":"https:\/\/www.webdo.tn\/fr\/wp-json\/wp\/v2\/comments?post=205804"}],"version-history":[{"count":0,"href":"https:\/\/www.webdo.tn\/fr\/wp-json\/wp\/v2\/posts\/205804\/revisions"}],"wp:featuredmedia":[{"embeddable":true,"href":"https:\/\/www.webdo.tn\/fr\/wp-json\/wp\/v2\/media\/251127"}],"wp:attachment":[{"href":"https:\/\/www.webdo.tn\/fr\/wp-json\/wp\/v2\/media?parent=205804"}],"wp:term":[{"taxonomy":"category","embeddable":true,"href":"https:\/\/www.webdo.tn\/fr\/wp-json\/wp\/v2\/categories?post=205804"},{"taxonomy":"post_tag","embeddable":true,"href":"https:\/\/www.webdo.tn\/fr\/wp-json\/wp\/v2\/tags?post=205804"}],"curies":[{"name":"wp","href":"https:\/\/api.w.org\/{rel}","templated":true}]}}