{"id":205800,"date":"2023-05-17T21:08:00","date_gmt":"2023-05-17T21:08:00","guid":{"rendered":"https:\/\/www.webdo.tn\/fr\/blog\/cannes-2023-4\/205800\/"},"modified":"2025-05-21T08:56:39","modified_gmt":"2025-05-21T08:56:39","slug":"cannes-2023-4","status":"publish","type":"post","link":"https:\/\/www.webdo.tn\/fr\/actualite\/culture\/cannes-2023-4\/205800\/","title":{"rendered":"Cannes 2023 &#8211; Le Centre du Cin\u00e9ma Arabe d\u00e9voile les nominations des Arab Critics Awards"},"content":{"rendered":"<div class=\"single-body entry-content typography-copy\" itemprop=\"articleBody\">\n<p style=\"font-weight: bold; text-align: justify\">\n\t\t\t\t\t\t\t\t\tCannes 2023 &#8211; Pour la 7eme ann\u00e9e cons\u00e9cutive, le Centre du Cin\u00e9ma Arabe va organiser, en marge du festival de Cannes, une c\u00e9r\u00e9monie de remise des Arab Critics Awards.\n\t\t\t\t\t\t\t\t<\/p>\n<div class=\"coprs\" style=\"text-align: center\"><\/div>\n<div class=\"coprs\" style=\"text-align: justify\">\n<p><span><span>Pour cette ann\u00e9e, le nombre de critiques qui ont vot\u00e9 est de 193 venant de tous 72 pays.<\/span><\/span><\/p>\n<p>\u00a0<\/p>\n<p><span><span><strong><u>Les nomm\u00e9s sont:<\/u><\/strong><\/span><\/span><\/p>\n<p>\u00a0<\/p>\n<ul>\n<li><span><span><strong>Meilleur film:<\/strong><\/span><\/span><\/li>\n<li><span><span><em><a href=\"https:\/\/www.webdo.tn\/fr\/actualite\/culture\/cannes-2022-palmares-du-jury-de-la-fipresci\/200026\">Le bleu du caftan<\/a> <\/em>de Maryam Touzani (Maroc)<\/span><\/span><\/li>\n<li><span><span><em>Hanging gardens <\/em>de Ahmed Yassin Aldaradji (Irak)<\/span><\/span><\/li>\n<li><span><span><em>Adam<\/em> de Firas Khoury (Palestine)<\/span><\/span><\/li>\n<\/ul>\n<p><img decoding=\"async\" alt=\"\" height=\"1024\" src=\"\/assets\/uploads\/images\/\/Neila\/ACA%20NOMINATION%20FILM%20-%20Grande.jpeg\" width=\"1280\"><\/p>\n<p>\u00a0<\/p>\n<ul>\n<li><span><span><strong>Meilleur\u00a0 acteur\u00a0:<\/strong><\/span><\/span><\/li>\n<li><span><span><a href=\"https:\/\/www.webdo.tn\/fr\/actualite\/culture\/cannes-2022-le-tunisien-adam-bessa-prix-dinterpretation-un-certain-regard\/200024\">Adam Bessa<\/a> pour son r\u00f4le dans le film<a href=\"https:\/\/www.webdo.tn\/fr\/actualite\/culture\/le-film-egyptien-19b-selectionne-pour-la-competition-internationale-du-44e-festival-international-du-film-du-caire\/200037\"> <em>Harka<\/em><\/a> (Tunisie)<\/span><\/span><\/li>\n<li><span><span>Salah Bakri pour son r\u00f4le dans <em>Le bleu du Caftan<\/em> (Palestine)<\/span><\/span><\/li>\n<li><span><span>Hussain Mohammad Jaleel pour son r\u00f4le dans <em>Hanging Gardens <\/em>(Irak)<\/span><\/span><\/li>\n<\/ul>\n<p><img decoding=\"async\" alt=\"\" height=\"1024\" src=\"\/assets\/uploads\/images\/\/Neila\/ACA%20NOMINATION%20ACTEUR%20-%20Grande.jpeg\" width=\"1280\"><\/p>\n<p>\u00a0<\/p>\n<p>\u00a0<\/p>\n<ul>\n<li><span><span><strong>Meilleure actrice\u00a0:<\/strong><\/span><\/span><\/li>\n<li><span><span>Lubna Azabal pour son r\u00f4le dans <em>Le bleu du Caftan<\/em> (Maroc)<\/span><\/span><\/li>\n<li><span><span>Clara Couturet pour son r\u00f4le dans<em> Dirty, difficult, dangerous <\/em>(\u00c9thiopie)<\/span><\/span><\/li>\n<li><span><span>Fatma Oussaifi pour son r\u00f4le dans <em>Ashkal<\/em> (Tunisie)<\/span><\/span><\/li>\n<\/ul>\n<p><img decoding=\"async\" alt=\"\" height=\"1024\" src=\"\/assets\/uploads\/images\/\/Neila\/ACA%20NOMINATION%20ACTRICE%20-%20Grande.jpeg\" width=\"1280\"><\/p>\n<p>\u00a0<\/p>\n<p>\u00a0<\/p>\n<ul>\n<li><span><span><strong>Meilleur r\u00e9alisateur\u00a0:<\/strong><\/span><\/span><\/li>\n<li><span><span>Youssef Chebbi pour <em>Ashkal<\/em> (Tunisie)<\/span><\/span><\/li>\n<li><span><span>Maryam Touzani pour <em>Le bleu du Caftan<\/em> (Maroc)<\/span><\/span><\/li>\n<li><span><span>\u00c9rige Sehiri pour <em><a href=\"https:\/\/www.webdo.tn\/fr\/actualite\/culture\/cannes-2022-under-the-fig-trees-est-un-bonbon\/200023\">Sous les figues<\/a><\/em> (Tunisie)<\/span><\/span><\/li>\n<\/ul>\n<p><img decoding=\"async\" alt=\"\" height=\"1024\" src=\"\/assets\/uploads\/images\/\/Neila\/ACA%20NOMINATION%20REALISATEUR%20-%20Grande.jpeg\" width=\"1280\"><\/p>\n<p>\u00a0<\/p>\n<p>\u00a0<\/p>\n<ul>\n<li><span><span><strong>Meilleur sc\u00e9nario\u00a0:<\/strong><\/span><\/span><\/li>\n<li><span><span><a href=\"https:\/\/www.webdo.tn\/fr\/actualite\/culture\/cannes-2022-under-the-fig-trees-est-un-bonbon\/200023\">Erige Sehiri pour <em>Sous les figues<\/em><\/a> (Tunisie)<\/span><\/span><\/li>\n<li><span><span>Maryam Touzani et Nabil Ayouch pour <em>Le bleu du Caftan<\/em> (Maroc)<\/span><\/span><\/li>\n<li><span><span>Soudade Kaadan pour <em>Nezouh<\/em> (Syrie)<\/span><\/span><\/li>\n<\/ul>\n<p><img decoding=\"async\" alt=\"\" height=\"1024\" src=\"\/assets\/uploads\/images\/\/Neila\/ACA%20NOMINATION%20SCENARIO%20-%20Grande.jpeg\" width=\"1280\"><\/p>\n<p>\u00a0<\/p>\n<p>\u00a0<\/p>\n<ul>\n<li><span><span><strong>Meilleur documentaire\u00a0:<\/strong><\/span><\/span><\/li>\n<li><span><span><em>Foragers<\/em> de Jumana Manna (Palestine)<\/span><\/span><\/li>\n<li><span><span><em>Sirens<\/em> de Rita Baghdadi (Liban)<\/span><\/span><\/li>\n<li><span><span><em>My lost country <\/em>de Ishtar Yasin Gutierrez (Iraq)<\/span><\/span><\/li>\n<\/ul>\n<p><img decoding=\"async\" alt=\"\" height=\"1024\" src=\"\/assets\/uploads\/images\/\/Neila\/ACA%20NOMINATION%20DOC%20-%20Grande.jpeg\" width=\"1280\"><\/p>\n<p>\u00a0<\/p>\n<p>\u00a0<\/p>\n<ul>\n<li><span><span><strong>Meilleure photo :<\/strong><\/span><\/span><\/li>\n<li><span><span>Frida Marzouk pour <em>Sous les figues<\/em> (Tunisie)<\/span><\/span><\/li>\n<li><span><span>Pierre A\u00efm pour <em>Queens<\/em> (France)<\/span><\/span><\/li>\n<li><span><span>Virginie Surdej pour <em>Le Bleu du Caftan <\/em>(Pologne)<\/span><\/span><\/li>\n<\/ul>\n<p><img decoding=\"async\" alt=\"\" height=\"1024\" src=\"\/assets\/uploads\/images\/\/Neila\/ACA%20NOMINATION%20PHOTO%20-%20Grande.jpeg\" width=\"1280\"><\/p>\n<p>\u00a0<\/p>\n<p>\u00a0<\/p>\n<ul>\n<li><span><span><strong>Meilleur montage\u00a0:<\/strong><\/span><\/span><\/li>\n<li><span><span>Julie L\u00e9na pour <em>Queens<\/em> (France)<\/span><\/span><\/li>\n<li><span><span>Valentin F\u00e9ron pour <em>Ashkal<\/em> (France)<\/span><\/span><\/li>\n<li><span><span>Sophie Corra &amp; Thomas Niles pour <em><a href=\"https:\/\/www.webdo.tn\/fr\/actualite\/culture\/le-film-egyptien-19b-selectionne-pour-la-competition-internationale-du-44e-festival-international-du-film-du-caire\/200037\">Harka<\/a> <\/em><\/span><\/span><\/li>\n<\/ul>\n<p><img decoding=\"async\" alt=\"\" height=\"1024\" src=\"\/assets\/uploads\/images\/\/Neila\/ACA%20NOMINATION%20MONTAGE%20-%20Grande.jpeg\" width=\"1280\"><\/p>\n<p>\u00a0<\/p>\n<p>\u00a0<\/p>\n<ul>\n<li><span><span><strong>Meilleure musique\u00a0:<\/strong><\/span><\/span><\/li>\n<li><span><span>Eli Keszler pour <em>Harka<\/em> (USA)<\/span><\/span><\/li>\n<li><span><span>Amine Bouhafa pour <em>Sous les figues<\/em> (Tunisie)<\/span><\/span><\/li>\n<li><span><span>Kristian Eldnes Andersen pour <em>Le Bleu du Caftan<\/em> (Danemark)<\/span><\/span><\/li>\n<\/ul>\n<p><img decoding=\"async\" alt=\"\" height=\"1024\" src=\"\/assets\/uploads\/images\/\/Neila\/ACA%20NOMINATION%20MUSIQUE%20-%20Grande.jpeg\" width=\"1280\"><\/p>\n<p>\u00a0<\/p>\n<p>\u00a0<\/p>\n<p><span><span>Quatre de ces films avaient \u00e9t\u00e9 s\u00e9lectionn\u00e9s au festival de Cannes en 2022. \u00a0En comp\u00e9tition Un Certain Regard, <em><a href=\"https:\/\/www.webdo.tn\/fr\/actualite\/culture\/le-film-egyptien-19b-selectionne-pour-la-competition-internationale-du-44e-festival-international-du-film-du-caire\/200037\">Harka<\/a><\/em> r\u00e9alis\u00e9 par <a href=\"https:\/\/www.webdo.tn\/fr\/actualite\/culture\/cannes-2022-harka\/201003\">Lotfy Nathan<\/a> (<a href=\"https:\/\/www.webdo.tn\/fr\/actualite\/culture\/cannes-2022-le-tunisien-adam-bessa-prix-dinterpretation-un-certain-regard\/200024\">Prix de meilleure interpr\u00e9tation pour Adam Bessa<\/a>) et <em>Le Bleu du Caftan<\/em> r\u00e9alis\u00e9 par Maryam Touzani (<a href=\"https:\/\/www.webdo.tn\/fr\/actualite\/culture\/cannes-2022-palmares-du-jury-de-la-fipresci\/200026\">Prix FIPRESCI<\/a>). A la Quinzaine des Cin\u00e9astes, le film <em>Ashkal<\/em> r\u00e9alis\u00e9 par Youssef Chebbi et <em>Sous les figues<\/em> d\u2019Erige Sehiri (Prix du jury Ecoprod pour sa d\u00e9marche d&rsquo;\u00e9co-production durant le tournage du film).<\/span><\/span><\/p>\n<p>\n<span><span>Il est \u00e0 noter que cette ann\u00e9e, <a href=\"https:\/\/www.webdo.tn\/fr\/actualite\/culture\/cannes-2023-membres-des-jurys\/205417\">Maryam Touzani fait partie du jury de la comp\u00e9tition longs m\u00e9trages.<\/a><\/p>\n<p>Par ailleurs, le Centre du Cin\u00e9ma Arabe va rendre hommage \u00e0 la critique \u00e9gyptienne Safaa Ellaithy et au critique fran\u00e7ais Olivier Barlet pour leur contribution significative dans le domaine de la critique cin\u00e9matographique au fil des ann\u00e9es !<\/span><\/span><\/p>\n<p>\u00a0<\/p>\n<p><span><span><strong><span>Ne\u00efla Driss<\/span><\/strong><\/span><\/span><\/p>\n<p>\u00a0<\/p>\n<p>\u00a0<\/p>\n<p>\u00a0<\/p>\n<p>\u00a0<\/p>\n<\/p><\/div>\n<div class=\"coprs\" style=\"text-align: center\"><\/div><\/div>\n","protected":false},"excerpt":{"rendered":"<p>Cannes 2023 Pour la 7eme ann\u00e9e cons\u00e9cutive, le Centre du Cin\u00e9ma Arabe va organiser, en marge du festival de Cannes, une c\u00e9r\u00e9monie de remise des Arab Critics Awa&#8230;<\/p>\n","protected":false},"author":3164,"featured_media":251124,"comment_status":"open","ping_status":"closed","sticky":false,"template":"","format":"standard","meta":{"footnotes":""},"categories":[2594],"tags":[7127,3004,2626,2629,2627],"class_list":["post-205800","post","type-post","status-publish","format-standard","has-post-thumbnail","hentry","category-culture","tag-cannes-2023","tag-centre-du-cinema-arabe","tag-cinema","tag-cinema-arabe","tag-festival-de-cannes"],"yoast_head":"<!-- This site is optimized with the Yoast SEO Premium plugin v27.4 (Yoast SEO v27.4) - https:\/\/yoast.com\/product\/yoast-seo-premium-wordpress\/ -->\n<title>Cannes 2023 - Le Centre du Cin\u00e9ma Arabe d\u00e9voile les nominations des Arab Critics Awards<\/title>\n<meta name=\"description\" content=\"Cannes 2023 Pour la 7eme ann\u00e9e cons\u00e9cutive, le Centre du Cin\u00e9ma Arabe va organiser, en marge du festival de Cannes, une c\u00e9r\u00e9monie de remise des Arab Critics Awa...\" \/>\n<link rel=\"canonical\" href=\"https:\/\/www.webdo.tn\/fr\/actualite\/culture\/cannes-2023-4\/205800\/\" \/>\n<meta property=\"og:locale\" content=\"fr_FR\" \/>\n<meta property=\"og:type\" content=\"article\" \/>\n<meta property=\"og:title\" content=\"Cannes 2023 - Le Centre du Cin\u00e9ma Arabe d\u00e9voile les nominations des Arab Critics Awards\" \/>\n<meta property=\"og:description\" content=\"Cannes 2023 Pour la 7eme ann\u00e9e cons\u00e9cutive, le Centre du Cin\u00e9ma Arabe va organiser, en marge du festival de Cannes, une c\u00e9r\u00e9monie de remise des Arab Critics Awa...\" \/>\n<meta property=\"og:url\" content=\"https:\/\/www.webdo.tn\/fr\/actualite\/culture\/cannes-2023-4\/205800\/\" \/>\n<meta property=\"og:site_name\" content=\"webdo\" \/>\n<meta property=\"article:publisher\" content=\"https:\/\/www.facebook.com\/webdotn\" \/>\n<meta property=\"article:author\" content=\"https:\/\/www.facebook.com\/massir.destiniii\/\" \/>\n<meta property=\"article:published_time\" content=\"2023-05-17T21:08:00+00:00\" \/>\n<meta property=\"article:modified_time\" content=\"2025-05-21T08:56:39+00:00\" \/>\n<meta property=\"og:image\" content=\"https:\/\/www.webdo.tn\/fr\/wp-content\/uploads\/2023\/05\/9606b67c52878e1258df7e5770530793.jpg\" \/>\n\t<meta property=\"og:image:width\" content=\"600\" \/>\n\t<meta property=\"og:image:height\" content=\"320\" \/>\n\t<meta property=\"og:image:type\" content=\"image\/jpeg\" \/>\n<meta name=\"author\" content=\"Ne\u00efla DRISS\" \/>\n<meta name=\"twitter:card\" content=\"summary_large_image\" \/>\n<meta name=\"twitter:creator\" content=\"@https:\/\/x.com\/MassirDestin\" \/>\n<meta name=\"twitter:site\" content=\"@webdo_tn\" \/>\n<meta name=\"twitter:label1\" content=\"\u00c9crit par\" \/>\n\t<meta name=\"twitter:data1\" content=\"Ne\u00efla DRISS\" \/>\n\t<meta name=\"twitter:label2\" content=\"Dur\u00e9e de lecture estim\u00e9e\" \/>\n\t<meta name=\"twitter:data2\" content=\"2 minutes\" \/>\n<script type=\"application\/ld+json\" class=\"yoast-schema-graph\">{\"@context\":\"https:\\\/\\\/schema.org\",\"@graph\":[{\"@type\":\"NewsArticle\",\"@id\":\"https:\\\/\\\/www.webdo.tn\\\/fr\\\/actualite\\\/culture\\\/cannes-2023-4\\\/205800\\\/#article\",\"isPartOf\":{\"@id\":\"https:\\\/\\\/www.webdo.tn\\\/fr\\\/actualite\\\/culture\\\/cannes-2023-4\\\/205800\\\/\"},\"author\":{\"name\":\"Ne\u00efla DRISS\",\"@id\":\"https:\\\/\\\/www.webdo.tn\\\/fr\\\/#\\\/schema\\\/person\\\/60d5ba619ed3f58783b0dc82b7dada80\"},\"headline\":\"Cannes 2023 &#8211; Le Centre du Cin\u00e9ma Arabe d\u00e9voile les nominations des Arab Critics Awards\",\"datePublished\":\"2023-05-17T21:08:00+00:00\",\"dateModified\":\"2025-05-21T08:56:39+00:00\",\"mainEntityOfPage\":{\"@id\":\"https:\\\/\\\/www.webdo.tn\\\/fr\\\/actualite\\\/culture\\\/cannes-2023-4\\\/205800\\\/\"},\"wordCount\":443,\"commentCount\":0,\"publisher\":{\"@id\":\"https:\\\/\\\/www.webdo.tn\\\/fr\\\/#organization\"},\"image\":{\"@id\":\"https:\\\/\\\/www.webdo.tn\\\/fr\\\/actualite\\\/culture\\\/cannes-2023-4\\\/205800\\\/#primaryimage\"},\"thumbnailUrl\":\"https:\\\/\\\/www.webdo.tn\\\/fr\\\/wp-content\\\/uploads\\\/2023\\\/05\\\/9606b67c52878e1258df7e5770530793.jpg\",\"keywords\":[\"Cannes 2023\",\"Centre du Cin\u00e9ma Arabe\",\"Cin\u00e9ma\",\"Cin\u00e9ma arabe\",\"Festival de Cannes\"],\"articleSection\":[\"Culture\"],\"inLanguage\":\"fr-FR\"},{\"@type\":\"WebPage\",\"@id\":\"https:\\\/\\\/www.webdo.tn\\\/fr\\\/actualite\\\/culture\\\/cannes-2023-4\\\/205800\\\/\",\"url\":\"https:\\\/\\\/www.webdo.tn\\\/fr\\\/actualite\\\/culture\\\/cannes-2023-4\\\/205800\\\/\",\"name\":\"Cannes 2023 - Le Centre du Cin\u00e9ma Arabe d\u00e9voile les nominations des Arab Critics Awards\",\"isPartOf\":{\"@id\":\"https:\\\/\\\/www.webdo.tn\\\/fr\\\/#website\"},\"primaryImageOfPage\":{\"@id\":\"https:\\\/\\\/www.webdo.tn\\\/fr\\\/actualite\\\/culture\\\/cannes-2023-4\\\/205800\\\/#primaryimage\"},\"image\":{\"@id\":\"https:\\\/\\\/www.webdo.tn\\\/fr\\\/actualite\\\/culture\\\/cannes-2023-4\\\/205800\\\/#primaryimage\"},\"thumbnailUrl\":\"https:\\\/\\\/www.webdo.tn\\\/fr\\\/wp-content\\\/uploads\\\/2023\\\/05\\\/9606b67c52878e1258df7e5770530793.jpg\",\"datePublished\":\"2023-05-17T21:08:00+00:00\",\"dateModified\":\"2025-05-21T08:56:39+00:00\",\"description\":\"Cannes 2023 Pour la 7eme ann\u00e9e cons\u00e9cutive, le Centre du Cin\u00e9ma Arabe va organiser, en marge du festival de Cannes, une c\u00e9r\u00e9monie de remise des Arab Critics Awa...\",\"breadcrumb\":{\"@id\":\"https:\\\/\\\/www.webdo.tn\\\/fr\\\/actualite\\\/culture\\\/cannes-2023-4\\\/205800\\\/#breadcrumb\"},\"inLanguage\":\"fr-FR\",\"potentialAction\":[{\"@type\":\"ReadAction\",\"target\":[\"https:\\\/\\\/www.webdo.tn\\\/fr\\\/actualite\\\/culture\\\/cannes-2023-4\\\/205800\\\/\"]}]},{\"@type\":\"ImageObject\",\"inLanguage\":\"fr-FR\",\"@id\":\"https:\\\/\\\/www.webdo.tn\\\/fr\\\/actualite\\\/culture\\\/cannes-2023-4\\\/205800\\\/#primaryimage\",\"url\":\"https:\\\/\\\/www.webdo.tn\\\/fr\\\/wp-content\\\/uploads\\\/2023\\\/05\\\/9606b67c52878e1258df7e5770530793.jpg\",\"contentUrl\":\"https:\\\/\\\/www.webdo.tn\\\/fr\\\/wp-content\\\/uploads\\\/2023\\\/05\\\/9606b67c52878e1258df7e5770530793.jpg\",\"width\":600,\"height\":320,\"caption\":\"Cannes 2023 - Le Centre du Cin\u00e9ma Arabe d\u00e9voile les nominations des Arab Critics Awards\"},{\"@type\":\"BreadcrumbList\",\"@id\":\"https:\\\/\\\/www.webdo.tn\\\/fr\\\/actualite\\\/culture\\\/cannes-2023-4\\\/205800\\\/#breadcrumb\",\"itemListElement\":[{\"@type\":\"ListItem\",\"position\":1,\"name\":\"Accueil\",\"item\":\"https:\\\/\\\/www.webdo.tn\\\/fr\\\/\"},{\"@type\":\"ListItem\",\"position\":2,\"name\":\"Cannes 2023 &#8211; Le Centre du Cin\u00e9ma Arabe d\u00e9voile les nominations des Arab Critics Awards\"}]},{\"@type\":\"WebSite\",\"@id\":\"https:\\\/\\\/www.webdo.tn\\\/fr\\\/#website\",\"url\":\"https:\\\/\\\/www.webdo.tn\\\/fr\\\/\",\"name\":\"webdo\",\"description\":\"Tunisie - News en Tunisie et \u00e0 l&#039;international sur Webdo.tn\",\"publisher\":{\"@id\":\"https:\\\/\\\/www.webdo.tn\\\/fr\\\/#organization\"},\"potentialAction\":[{\"@type\":\"SearchAction\",\"target\":{\"@type\":\"EntryPoint\",\"urlTemplate\":\"https:\\\/\\\/www.webdo.tn\\\/fr\\\/?s={search_term_string}\"},\"query-input\":{\"@type\":\"PropertyValueSpecification\",\"valueRequired\":true,\"valueName\":\"search_term_string\"}}],\"inLanguage\":\"fr-FR\"},{\"@type\":\"Organization\",\"@id\":\"https:\\\/\\\/www.webdo.tn\\\/fr\\\/#organization\",\"name\":\"Webdo\",\"alternateName\":\"Webdo.tn\",\"url\":\"https:\\\/\\\/www.webdo.tn\\\/fr\\\/\",\"logo\":{\"@type\":\"ImageObject\",\"inLanguage\":\"fr-FR\",\"@id\":\"https:\\\/\\\/www.webdo.tn\\\/fr\\\/#\\\/schema\\\/logo\\\/image\\\/\",\"url\":\"https:\\\/\\\/www.webdo.tn\\\/fr\\\/wp-content\\\/uploads\\\/2025\\\/06\\\/Webdo-Tunisie_168377.jpg\",\"contentUrl\":\"https:\\\/\\\/www.webdo.tn\\\/fr\\\/wp-content\\\/uploads\\\/2025\\\/06\\\/Webdo-Tunisie_168377.jpg\",\"width\":301,\"height\":301,\"caption\":\"Webdo\"},\"image\":{\"@id\":\"https:\\\/\\\/www.webdo.tn\\\/fr\\\/#\\\/schema\\\/logo\\\/image\\\/\"},\"sameAs\":[\"https:\\\/\\\/www.facebook.com\\\/webdotn\",\"https:\\\/\\\/x.com\\\/webdo_tn\"],\"description\":\"Webdo est un m\u00e9dia num\u00e9rique tunisien fond\u00e9 en 2010, sp\u00e9cialis\u00e9 dans l\u2019actualit\u00e9 nationale et internationale, l\u2019\u00e9conomie, la soci\u00e9t\u00e9 et les analyses politiques. Le site s\u2019adresse \u00e0 un large public francophone et couvre l\u2019information tunisienne en temps r\u00e9el.\",\"email\":\"redac@webdo.tn\",\"legalName\":\"YNJ SARL\",\"foundingDate\":\"2010-09-06\",\"numberOfEmployees\":{\"@type\":\"QuantitativeValue\",\"minValue\":\"11\",\"maxValue\":\"50\"}},{\"@type\":\"Person\",\"@id\":\"https:\\\/\\\/www.webdo.tn\\\/fr\\\/#\\\/schema\\\/person\\\/60d5ba619ed3f58783b0dc82b7dada80\",\"name\":\"Ne\u00efla DRISS\",\"image\":{\"@type\":\"ImageObject\",\"inLanguage\":\"fr-FR\",\"@id\":\"https:\\\/\\\/www.webdo.tn\\\/fr\\\/wp-content\\\/uploads\\\/2026\\\/04\\\/neila-driss_avatar-96x96.jpg\",\"url\":\"https:\\\/\\\/www.webdo.tn\\\/fr\\\/wp-content\\\/uploads\\\/2026\\\/04\\\/neila-driss_avatar-96x96.jpg\",\"contentUrl\":\"https:\\\/\\\/www.webdo.tn\\\/fr\\\/wp-content\\\/uploads\\\/2026\\\/04\\\/neila-driss_avatar-96x96.jpg\",\"caption\":\"Ne\u00efla DRISS\"},\"description\":\"Ne\u00efla Driss est juriste, journaliste culturelle et critique de cin\u00e9ma tunisienne. Titulaire d\u2019un DEA en droit priv\u00e9 de l\u2019Universit\u00e9 Paris II et d\u2019un DESS de l\u2019IHEC Carthage, elle d\u00e9bute sa carri\u00e8re comme juriste sp\u00e9cialis\u00e9e en gestion de patrimoine immobilier. Elle s\u2019oriente ensuite vers l\u2019\u00e9criture en ligne, o\u00f9 elle se distingue d\u00e8s 2006 aux Tunisia Blog Awards, avant de se consacrer au journalisme culturel, avec une sp\u00e9cialisation dans la critique cin\u00e9matographique. Elle couvre r\u00e9guli\u00e8rement les grands festivals internationaux, notamment le Festival de Cannes, les Journ\u00e9es Cin\u00e9matographiques de Carthage et le Festival du film du Caire. Membre de l\u2019ATPCC et de la FIPRESCI, elle participe \u00e0 des jurys et initiatives internationales de critique. Depuis 2024, elle est \u00e9lectrice internationale aux Golden Globes. Facebook : https:\\\/\\\/www.facebook.com\\\/massir.destiniii\\\/ X : https:\\\/\\\/x.com\\\/MassirDestin\",\"sameAs\":[\"https:\\\/\\\/www.facebook.com\\\/massir.destiniii\\\/\",\"https:\\\/\\\/www.instagram.com\\\/neila.driss\\\/?hl=fr\",\"https:\\\/\\\/www.linkedin.com\\\/in\\\/neila-driss-22606a80\\\/\",\"https:\\\/\\\/x.com\\\/https:\\\/\\\/x.com\\\/MassirDestin\"],\"knowsAbout\":[\"Cin\u00e9ma international\",\"critique cin\u00e9matographique\",\"festivals de cin\u00e9ma\",\"journalisme culturel\"],\"knowsLanguage\":[\"Fran\u00e7ais\",\"Arabe\",\"Anglais\"],\"jobTitle\":\"Journaliste culturelle et critique de cin\u00e9ma\",\"worksFor\":\"Webdo\",\"url\":\"https:\\\/\\\/www.webdo.tn\\\/fr\\\/actualite\\\/author\\\/neila-driss\\\/\"}]}<\/script>\n<!-- \/ Yoast SEO Premium plugin. -->","yoast_head_json":{"title":"Cannes 2023 - Le Centre du Cin\u00e9ma Arabe d\u00e9voile les nominations des Arab Critics Awards","description":"Cannes 2023 Pour la 7eme ann\u00e9e cons\u00e9cutive, le Centre du Cin\u00e9ma Arabe va organiser, en marge du festival de Cannes, une c\u00e9r\u00e9monie de remise des Arab Critics Awa...","canonical":"https:\/\/www.webdo.tn\/fr\/actualite\/culture\/cannes-2023-4\/205800\/","og_locale":"fr_FR","og_type":"article","og_title":"Cannes 2023 - Le Centre du Cin\u00e9ma Arabe d\u00e9voile les nominations des Arab Critics Awards","og_description":"Cannes 2023 Pour la 7eme ann\u00e9e cons\u00e9cutive, le Centre du Cin\u00e9ma Arabe va organiser, en marge du festival de Cannes, une c\u00e9r\u00e9monie de remise des Arab Critics Awa...","og_url":"https:\/\/www.webdo.tn\/fr\/actualite\/culture\/cannes-2023-4\/205800\/","og_site_name":"webdo","article_publisher":"https:\/\/www.facebook.com\/webdotn","article_author":"https:\/\/www.facebook.com\/massir.destiniii\/","article_published_time":"2023-05-17T21:08:00+00:00","article_modified_time":"2025-05-21T08:56:39+00:00","og_image":[{"width":600,"height":320,"url":"https:\/\/www.webdo.tn\/fr\/wp-content\/uploads\/2023\/05\/9606b67c52878e1258df7e5770530793.jpg","type":"image\/jpeg"}],"author":"Ne\u00efla DRISS","twitter_card":"summary_large_image","twitter_creator":"@https:\/\/x.com\/MassirDestin","twitter_site":"@webdo_tn","twitter_misc":{"\u00c9crit par":"Ne\u00efla DRISS","Dur\u00e9e de lecture estim\u00e9e":"2 minutes"},"schema":{"@context":"https:\/\/schema.org","@graph":[{"@type":"NewsArticle","@id":"https:\/\/www.webdo.tn\/fr\/actualite\/culture\/cannes-2023-4\/205800\/#article","isPartOf":{"@id":"https:\/\/www.webdo.tn\/fr\/actualite\/culture\/cannes-2023-4\/205800\/"},"author":{"name":"Ne\u00efla DRISS","@id":"https:\/\/www.webdo.tn\/fr\/#\/schema\/person\/60d5ba619ed3f58783b0dc82b7dada80"},"headline":"Cannes 2023 &#8211; Le Centre du Cin\u00e9ma Arabe d\u00e9voile les nominations des Arab Critics Awards","datePublished":"2023-05-17T21:08:00+00:00","dateModified":"2025-05-21T08:56:39+00:00","mainEntityOfPage":{"@id":"https:\/\/www.webdo.tn\/fr\/actualite\/culture\/cannes-2023-4\/205800\/"},"wordCount":443,"commentCount":0,"publisher":{"@id":"https:\/\/www.webdo.tn\/fr\/#organization"},"image":{"@id":"https:\/\/www.webdo.tn\/fr\/actualite\/culture\/cannes-2023-4\/205800\/#primaryimage"},"thumbnailUrl":"https:\/\/www.webdo.tn\/fr\/wp-content\/uploads\/2023\/05\/9606b67c52878e1258df7e5770530793.jpg","keywords":["Cannes 2023","Centre du Cin\u00e9ma Arabe","Cin\u00e9ma","Cin\u00e9ma arabe","Festival de Cannes"],"articleSection":["Culture"],"inLanguage":"fr-FR"},{"@type":"WebPage","@id":"https:\/\/www.webdo.tn\/fr\/actualite\/culture\/cannes-2023-4\/205800\/","url":"https:\/\/www.webdo.tn\/fr\/actualite\/culture\/cannes-2023-4\/205800\/","name":"Cannes 2023 - Le Centre du Cin\u00e9ma Arabe d\u00e9voile les nominations des Arab Critics Awards","isPartOf":{"@id":"https:\/\/www.webdo.tn\/fr\/#website"},"primaryImageOfPage":{"@id":"https:\/\/www.webdo.tn\/fr\/actualite\/culture\/cannes-2023-4\/205800\/#primaryimage"},"image":{"@id":"https:\/\/www.webdo.tn\/fr\/actualite\/culture\/cannes-2023-4\/205800\/#primaryimage"},"thumbnailUrl":"https:\/\/www.webdo.tn\/fr\/wp-content\/uploads\/2023\/05\/9606b67c52878e1258df7e5770530793.jpg","datePublished":"2023-05-17T21:08:00+00:00","dateModified":"2025-05-21T08:56:39+00:00","description":"Cannes 2023 Pour la 7eme ann\u00e9e cons\u00e9cutive, le Centre du Cin\u00e9ma Arabe va organiser, en marge du festival de Cannes, une c\u00e9r\u00e9monie de remise des Arab Critics Awa...","breadcrumb":{"@id":"https:\/\/www.webdo.tn\/fr\/actualite\/culture\/cannes-2023-4\/205800\/#breadcrumb"},"inLanguage":"fr-FR","potentialAction":[{"@type":"ReadAction","target":["https:\/\/www.webdo.tn\/fr\/actualite\/culture\/cannes-2023-4\/205800\/"]}]},{"@type":"ImageObject","inLanguage":"fr-FR","@id":"https:\/\/www.webdo.tn\/fr\/actualite\/culture\/cannes-2023-4\/205800\/#primaryimage","url":"https:\/\/www.webdo.tn\/fr\/wp-content\/uploads\/2023\/05\/9606b67c52878e1258df7e5770530793.jpg","contentUrl":"https:\/\/www.webdo.tn\/fr\/wp-content\/uploads\/2023\/05\/9606b67c52878e1258df7e5770530793.jpg","width":600,"height":320,"caption":"Cannes 2023 - Le Centre du Cin\u00e9ma Arabe d\u00e9voile les nominations des Arab Critics Awards"},{"@type":"BreadcrumbList","@id":"https:\/\/www.webdo.tn\/fr\/actualite\/culture\/cannes-2023-4\/205800\/#breadcrumb","itemListElement":[{"@type":"ListItem","position":1,"name":"Accueil","item":"https:\/\/www.webdo.tn\/fr\/"},{"@type":"ListItem","position":2,"name":"Cannes 2023 &#8211; Le Centre du Cin\u00e9ma Arabe d\u00e9voile les nominations des Arab Critics Awards"}]},{"@type":"WebSite","@id":"https:\/\/www.webdo.tn\/fr\/#website","url":"https:\/\/www.webdo.tn\/fr\/","name":"webdo","description":"Tunisie - News en Tunisie et \u00e0 l&#039;international sur Webdo.tn","publisher":{"@id":"https:\/\/www.webdo.tn\/fr\/#organization"},"potentialAction":[{"@type":"SearchAction","target":{"@type":"EntryPoint","urlTemplate":"https:\/\/www.webdo.tn\/fr\/?s={search_term_string}"},"query-input":{"@type":"PropertyValueSpecification","valueRequired":true,"valueName":"search_term_string"}}],"inLanguage":"fr-FR"},{"@type":"Organization","@id":"https:\/\/www.webdo.tn\/fr\/#organization","name":"Webdo","alternateName":"Webdo.tn","url":"https:\/\/www.webdo.tn\/fr\/","logo":{"@type":"ImageObject","inLanguage":"fr-FR","@id":"https:\/\/www.webdo.tn\/fr\/#\/schema\/logo\/image\/","url":"https:\/\/www.webdo.tn\/fr\/wp-content\/uploads\/2025\/06\/Webdo-Tunisie_168377.jpg","contentUrl":"https:\/\/www.webdo.tn\/fr\/wp-content\/uploads\/2025\/06\/Webdo-Tunisie_168377.jpg","width":301,"height":301,"caption":"Webdo"},"image":{"@id":"https:\/\/www.webdo.tn\/fr\/#\/schema\/logo\/image\/"},"sameAs":["https:\/\/www.facebook.com\/webdotn","https:\/\/x.com\/webdo_tn"],"description":"Webdo est un m\u00e9dia num\u00e9rique tunisien fond\u00e9 en 2010, sp\u00e9cialis\u00e9 dans l\u2019actualit\u00e9 nationale et internationale, l\u2019\u00e9conomie, la soci\u00e9t\u00e9 et les analyses politiques. Le site s\u2019adresse \u00e0 un large public francophone et couvre l\u2019information tunisienne en temps r\u00e9el.","email":"redac@webdo.tn","legalName":"YNJ SARL","foundingDate":"2010-09-06","numberOfEmployees":{"@type":"QuantitativeValue","minValue":"11","maxValue":"50"}},{"@type":"Person","@id":"https:\/\/www.webdo.tn\/fr\/#\/schema\/person\/60d5ba619ed3f58783b0dc82b7dada80","name":"Ne\u00efla DRISS","image":{"@type":"ImageObject","inLanguage":"fr-FR","@id":"https:\/\/www.webdo.tn\/fr\/wp-content\/uploads\/2026\/04\/neila-driss_avatar-96x96.jpg","url":"https:\/\/www.webdo.tn\/fr\/wp-content\/uploads\/2026\/04\/neila-driss_avatar-96x96.jpg","contentUrl":"https:\/\/www.webdo.tn\/fr\/wp-content\/uploads\/2026\/04\/neila-driss_avatar-96x96.jpg","caption":"Ne\u00efla DRISS"},"description":"Ne\u00efla Driss est juriste, journaliste culturelle et critique de cin\u00e9ma tunisienne. Titulaire d\u2019un DEA en droit priv\u00e9 de l\u2019Universit\u00e9 Paris II et d\u2019un DESS de l\u2019IHEC Carthage, elle d\u00e9bute sa carri\u00e8re comme juriste sp\u00e9cialis\u00e9e en gestion de patrimoine immobilier. Elle s\u2019oriente ensuite vers l\u2019\u00e9criture en ligne, o\u00f9 elle se distingue d\u00e8s 2006 aux Tunisia Blog Awards, avant de se consacrer au journalisme culturel, avec une sp\u00e9cialisation dans la critique cin\u00e9matographique. Elle couvre r\u00e9guli\u00e8rement les grands festivals internationaux, notamment le Festival de Cannes, les Journ\u00e9es Cin\u00e9matographiques de Carthage et le Festival du film du Caire. Membre de l\u2019ATPCC et de la FIPRESCI, elle participe \u00e0 des jurys et initiatives internationales de critique. Depuis 2024, elle est \u00e9lectrice internationale aux Golden Globes. Facebook : https:\/\/www.facebook.com\/massir.destiniii\/ X : https:\/\/x.com\/MassirDestin","sameAs":["https:\/\/www.facebook.com\/massir.destiniii\/","https:\/\/www.instagram.com\/neila.driss\/?hl=fr","https:\/\/www.linkedin.com\/in\/neila-driss-22606a80\/","https:\/\/x.com\/https:\/\/x.com\/MassirDestin"],"knowsAbout":["Cin\u00e9ma international","critique cin\u00e9matographique","festivals de cin\u00e9ma","journalisme culturel"],"knowsLanguage":["Fran\u00e7ais","Arabe","Anglais"],"jobTitle":"Journaliste culturelle et critique de cin\u00e9ma","worksFor":"Webdo","url":"https:\/\/www.webdo.tn\/fr\/actualite\/author\/neila-driss\/"}]}},"_links":{"self":[{"href":"https:\/\/www.webdo.tn\/fr\/wp-json\/wp\/v2\/posts\/205800","targetHints":{"allow":["GET"]}}],"collection":[{"href":"https:\/\/www.webdo.tn\/fr\/wp-json\/wp\/v2\/posts"}],"about":[{"href":"https:\/\/www.webdo.tn\/fr\/wp-json\/wp\/v2\/types\/post"}],"author":[{"embeddable":true,"href":"https:\/\/www.webdo.tn\/fr\/wp-json\/wp\/v2\/users\/3164"}],"replies":[{"embeddable":true,"href":"https:\/\/www.webdo.tn\/fr\/wp-json\/wp\/v2\/comments?post=205800"}],"version-history":[{"count":0,"href":"https:\/\/www.webdo.tn\/fr\/wp-json\/wp\/v2\/posts\/205800\/revisions"}],"wp:featuredmedia":[{"embeddable":true,"href":"https:\/\/www.webdo.tn\/fr\/wp-json\/wp\/v2\/media\/251124"}],"wp:attachment":[{"href":"https:\/\/www.webdo.tn\/fr\/wp-json\/wp\/v2\/media?parent=205800"}],"wp:term":[{"taxonomy":"category","embeddable":true,"href":"https:\/\/www.webdo.tn\/fr\/wp-json\/wp\/v2\/categories?post=205800"},{"taxonomy":"post_tag","embeddable":true,"href":"https:\/\/www.webdo.tn\/fr\/wp-json\/wp\/v2\/tags?post=205800"}],"curies":[{"name":"wp","href":"https:\/\/api.w.org\/{rel}","templated":true}]}}