{"id":205799,"date":"2023-05-17T21:05:00","date_gmt":"2023-05-17T21:05:00","guid":{"rendered":"https:\/\/www.webdo.tn\/fr\/blog\/ayoub-hafnaoui-medaille-d-or-a-barcelone\/205799\/"},"modified":"2023-05-17T21:05:00","modified_gmt":"2023-05-17T21:05:00","slug":"ayoub-hafnaoui-medaille-d-or-a-barcelone","status":"publish","type":"post","link":"https:\/\/www.webdo.tn\/fr\/actualite\/sport\/ayoub-hafnaoui-medaille-d-or-a-barcelone\/205799\/","title":{"rendered":"Ayoub Hafnaoui empoche l&rsquo;or \u00e0 Barcelone"},"content":{"rendered":"<p>Le nageur olympique tunisien Ahmed Ayoub Hafnaoui a remport\u00e9, ce mercredi 17 mai, \u00a0la m\u00e9daille d\u2019or du 1500 m\u00e8tres nage libre, \u00e0 l\u2019\u00e9preuve international de la Sociedad Barcelona, \u200b\u200ben Espagne.<\/p>\n<p>\t\t\t\t\t\t\t\t\tLe m\u00e9daill\u00e9 d&rsquo;or des derniers JO\u00a0a parcouru la distance en 15\u201902\u00a0\u00bb15, devant le Britannique Daniel Jervis et le Norv\u00e9gien Henrik Christianse.<\/p>\n<p>Il est \u00e0 rappeler qu&rsquo;en janvier dernier, Ahmed Ayoub Hafnaoui a remport\u00e9 une trois m\u00e9dailles \u00e0 l\u2019occasion du Meeting Pro Tyr de Knoxville aux Etats-Unis, en 1500 m\u00e8tres nage libre,\u00a0400 m\u00e8tres et 800 m\u00e8tres nage libre.<\/p>\n","protected":false},"excerpt":{"rendered":"<p>Le nageur olympique tunisien Ahmed Ayoub Hafnaoui a remport\u00e9, ce mercredi 17 mai, \u00a0la m\u00e9daille d\u2019or du 1500 m\u00e8tres nage libre, \u00e0 l\u2019\u00e9preuve international de la S&#8230;<\/p>\n","protected":false},"author":3169,"featured_media":251126,"comment_status":"open","ping_status":"closed","sticky":false,"template":"","format":"standard","meta":{"footnotes":""},"categories":[2593],"tags":[6990,5540,3252,2608],"class_list":["post-205799","post","type-post","status-publish","format-standard","has-post-thumbnail","hentry","category-sport","tag-ahmed-ayoub-hafnaoui","tag-medaille-dor","tag-natation","tag-tunisie"],"yoast_head":"<!-- This site is optimized with the Yoast SEO Premium plugin v27.5 (Yoast SEO v27.5) - https:\/\/yoast.com\/product\/yoast-seo-premium-wordpress\/ -->\n<title>Ayoub Hafnaoui empoche l&#039;or \u00e0 Barcelone<\/title>\n<meta name=\"description\" content=\"Le nageur olympique tunisien Ahmed Ayoub Hafnaoui a remport\u00e9, ce mercredi 17 mai, \u00a0la m\u00e9daille d\u2019or du 1500 m\u00e8tres nage libre, \u00e0 l\u2019\u00e9preuve international de la S...\" \/>\n<link rel=\"canonical\" href=\"https:\/\/www.webdo.tn\/fr\/actualite\/sport\/ayoub-hafnaoui-medaille-d-or-a-barcelone\/205799\/\" \/>\n<meta property=\"og:locale\" content=\"fr_FR\" \/>\n<meta property=\"og:type\" content=\"article\" \/>\n<meta property=\"og:title\" content=\"Ayoub Hafnaoui empoche l&#039;or \u00e0 Barcelone\" \/>\n<meta property=\"og:description\" content=\"Le nageur olympique tunisien Ahmed Ayoub Hafnaoui a remport\u00e9, ce mercredi 17 mai, \u00a0la m\u00e9daille d\u2019or du 1500 m\u00e8tres nage libre, \u00e0 l\u2019\u00e9preuve international de la S...\" \/>\n<meta property=\"og:url\" content=\"https:\/\/www.webdo.tn\/fr\/actualite\/sport\/ayoub-hafnaoui-medaille-d-or-a-barcelone\/205799\/\" \/>\n<meta property=\"og:site_name\" content=\"webdo\" \/>\n<meta property=\"article:publisher\" content=\"https:\/\/www.facebook.com\/webdotn\" \/>\n<meta property=\"article:published_time\" content=\"2023-05-17T21:05:00+00:00\" \/>\n<meta property=\"og:image\" content=\"https:\/\/www.webdo.tn\/fr\/wp-content\/uploads\/2023\/05\/c4cc92701ac7bb82c3bea2a963fbb205.jpg\" \/>\n\t<meta property=\"og:image:width\" content=\"720\" \/>\n\t<meta property=\"og:image:height\" content=\"384\" \/>\n\t<meta property=\"og:image:type\" content=\"image\/jpeg\" \/>\n<meta name=\"author\" content=\"Webdo\" \/>\n<meta name=\"twitter:card\" content=\"summary_large_image\" \/>\n<meta name=\"twitter:creator\" content=\"@webdo_tn\" \/>\n<meta name=\"twitter:site\" content=\"@webdo_tn\" \/>\n<meta name=\"twitter:label1\" content=\"\u00c9crit par\" \/>\n\t<meta name=\"twitter:data1\" content=\"Webdo\" \/>\n<script type=\"application\/ld+json\" class=\"yoast-schema-graph\">{\"@context\":\"https:\\\/\\\/schema.org\",\"@graph\":[{\"@type\":\"NewsArticle\",\"@id\":\"https:\\\/\\\/www.webdo.tn\\\/fr\\\/actualite\\\/sport\\\/ayoub-hafnaoui-medaille-d-or-a-barcelone\\\/205799\\\/#article\",\"isPartOf\":{\"@id\":\"https:\\\/\\\/www.webdo.tn\\\/fr\\\/actualite\\\/sport\\\/ayoub-hafnaoui-medaille-d-or-a-barcelone\\\/205799\\\/\"},\"author\":{\"name\":\"Webdo\",\"@id\":\"https:\\\/\\\/www.webdo.tn\\\/fr\\\/#\\\/schema\\\/person\\\/1f4e491e0907b413d61089e8eb573acc\"},\"headline\":\"Ayoub Hafnaoui empoche l&rsquo;or \u00e0 Barcelone\",\"datePublished\":\"2023-05-17T21:05:00+00:00\",\"mainEntityOfPage\":{\"@id\":\"https:\\\/\\\/www.webdo.tn\\\/fr\\\/actualite\\\/sport\\\/ayoub-hafnaoui-medaille-d-or-a-barcelone\\\/205799\\\/\"},\"wordCount\":99,\"commentCount\":0,\"publisher\":{\"@id\":\"https:\\\/\\\/www.webdo.tn\\\/fr\\\/#organization\"},\"image\":{\"@id\":\"https:\\\/\\\/www.webdo.tn\\\/fr\\\/actualite\\\/sport\\\/ayoub-hafnaoui-medaille-d-or-a-barcelone\\\/205799\\\/#primaryimage\"},\"thumbnailUrl\":\"https:\\\/\\\/www.webdo.tn\\\/fr\\\/wp-content\\\/uploads\\\/2023\\\/05\\\/c4cc92701ac7bb82c3bea2a963fbb205.jpg\",\"keywords\":[\"ahmed ayoub hafnaoui\",\"m\u00e9daille d'or\",\"natation\",\"Tunisie\"],\"articleSection\":[\"Sport\"],\"inLanguage\":\"fr-FR\"},{\"@type\":\"WebPage\",\"@id\":\"https:\\\/\\\/www.webdo.tn\\\/fr\\\/actualite\\\/sport\\\/ayoub-hafnaoui-medaille-d-or-a-barcelone\\\/205799\\\/\",\"url\":\"https:\\\/\\\/www.webdo.tn\\\/fr\\\/actualite\\\/sport\\\/ayoub-hafnaoui-medaille-d-or-a-barcelone\\\/205799\\\/\",\"name\":\"Ayoub Hafnaoui empoche l'or \u00e0 Barcelone\",\"isPartOf\":{\"@id\":\"https:\\\/\\\/www.webdo.tn\\\/fr\\\/#website\"},\"primaryImageOfPage\":{\"@id\":\"https:\\\/\\\/www.webdo.tn\\\/fr\\\/actualite\\\/sport\\\/ayoub-hafnaoui-medaille-d-or-a-barcelone\\\/205799\\\/#primaryimage\"},\"image\":{\"@id\":\"https:\\\/\\\/www.webdo.tn\\\/fr\\\/actualite\\\/sport\\\/ayoub-hafnaoui-medaille-d-or-a-barcelone\\\/205799\\\/#primaryimage\"},\"thumbnailUrl\":\"https:\\\/\\\/www.webdo.tn\\\/fr\\\/wp-content\\\/uploads\\\/2023\\\/05\\\/c4cc92701ac7bb82c3bea2a963fbb205.jpg\",\"datePublished\":\"2023-05-17T21:05:00+00:00\",\"description\":\"Le nageur olympique tunisien Ahmed Ayoub Hafnaoui a remport\u00e9, ce mercredi 17 mai, \u00a0la m\u00e9daille d\u2019or du 1500 m\u00e8tres nage libre, \u00e0 l\u2019\u00e9preuve international de la S...\",\"breadcrumb\":{\"@id\":\"https:\\\/\\\/www.webdo.tn\\\/fr\\\/actualite\\\/sport\\\/ayoub-hafnaoui-medaille-d-or-a-barcelone\\\/205799\\\/#breadcrumb\"},\"inLanguage\":\"fr-FR\",\"potentialAction\":[{\"@type\":\"ReadAction\",\"target\":[\"https:\\\/\\\/www.webdo.tn\\\/fr\\\/actualite\\\/sport\\\/ayoub-hafnaoui-medaille-d-or-a-barcelone\\\/205799\\\/\"]}]},{\"@type\":\"ImageObject\",\"inLanguage\":\"fr-FR\",\"@id\":\"https:\\\/\\\/www.webdo.tn\\\/fr\\\/actualite\\\/sport\\\/ayoub-hafnaoui-medaille-d-or-a-barcelone\\\/205799\\\/#primaryimage\",\"url\":\"https:\\\/\\\/www.webdo.tn\\\/fr\\\/wp-content\\\/uploads\\\/2023\\\/05\\\/c4cc92701ac7bb82c3bea2a963fbb205.jpg\",\"contentUrl\":\"https:\\\/\\\/www.webdo.tn\\\/fr\\\/wp-content\\\/uploads\\\/2023\\\/05\\\/c4cc92701ac7bb82c3bea2a963fbb205.jpg\",\"width\":720,\"height\":384,\"caption\":\"Ayoub Hafnaoui empoche l'or \u00e0 Barcelone\"},{\"@type\":\"BreadcrumbList\",\"@id\":\"https:\\\/\\\/www.webdo.tn\\\/fr\\\/actualite\\\/sport\\\/ayoub-hafnaoui-medaille-d-or-a-barcelone\\\/205799\\\/#breadcrumb\",\"itemListElement\":[{\"@type\":\"ListItem\",\"position\":1,\"name\":\"Accueil\",\"item\":\"https:\\\/\\\/www.webdo.tn\\\/fr\\\/\"},{\"@type\":\"ListItem\",\"position\":2,\"name\":\"Ayoub Hafnaoui empoche l&rsquo;or \u00e0 Barcelone\"}]},{\"@type\":\"WebSite\",\"@id\":\"https:\\\/\\\/www.webdo.tn\\\/fr\\\/#website\",\"url\":\"https:\\\/\\\/www.webdo.tn\\\/fr\\\/\",\"name\":\"webdo\",\"description\":\"Tunisie - News en Tunisie et \u00e0 l&#039;international sur Webdo.tn\",\"publisher\":{\"@id\":\"https:\\\/\\\/www.webdo.tn\\\/fr\\\/#organization\"},\"potentialAction\":[{\"@type\":\"SearchAction\",\"target\":{\"@type\":\"EntryPoint\",\"urlTemplate\":\"https:\\\/\\\/www.webdo.tn\\\/fr\\\/?s={search_term_string}\"},\"query-input\":{\"@type\":\"PropertyValueSpecification\",\"valueRequired\":true,\"valueName\":\"search_term_string\"}}],\"inLanguage\":\"fr-FR\"},{\"@type\":\"Organization\",\"@id\":\"https:\\\/\\\/www.webdo.tn\\\/fr\\\/#organization\",\"name\":\"Webdo\",\"alternateName\":\"Webdo.tn\",\"url\":\"https:\\\/\\\/www.webdo.tn\\\/fr\\\/\",\"logo\":{\"@type\":\"ImageObject\",\"inLanguage\":\"fr-FR\",\"@id\":\"https:\\\/\\\/www.webdo.tn\\\/fr\\\/#\\\/schema\\\/logo\\\/image\\\/\",\"url\":\"https:\\\/\\\/www.webdo.tn\\\/fr\\\/wp-content\\\/uploads\\\/2025\\\/06\\\/Webdo-Tunisie_168377.jpg\",\"contentUrl\":\"https:\\\/\\\/www.webdo.tn\\\/fr\\\/wp-content\\\/uploads\\\/2025\\\/06\\\/Webdo-Tunisie_168377.jpg\",\"width\":301,\"height\":301,\"caption\":\"Webdo\"},\"image\":{\"@id\":\"https:\\\/\\\/www.webdo.tn\\\/fr\\\/#\\\/schema\\\/logo\\\/image\\\/\"},\"sameAs\":[\"https:\\\/\\\/www.facebook.com\\\/webdotn\",\"https:\\\/\\\/x.com\\\/webdo_tn\"],\"description\":\"Webdo est un m\u00e9dia num\u00e9rique tunisien fond\u00e9 en 2010, sp\u00e9cialis\u00e9 dans l\u2019actualit\u00e9 nationale et internationale, l\u2019\u00e9conomie, la soci\u00e9t\u00e9 et les analyses politiques. Le site s\u2019adresse \u00e0 un large public francophone et couvre l\u2019information tunisienne en temps r\u00e9el.\",\"email\":\"redac@webdo.tn\",\"legalName\":\"YNJ SARL\",\"foundingDate\":\"2010-09-06\",\"numberOfEmployees\":{\"@type\":\"QuantitativeValue\",\"minValue\":\"11\",\"maxValue\":\"50\"}},{\"@type\":\"Person\",\"@id\":\"https:\\\/\\\/www.webdo.tn\\\/fr\\\/#\\\/schema\\\/person\\\/1f4e491e0907b413d61089e8eb573acc\",\"name\":\"Webdo\",\"image\":{\"@type\":\"ImageObject\",\"inLanguage\":\"fr-FR\",\"@id\":\"https:\\\/\\\/secure.gravatar.com\\\/avatar\\\/de97aeec1bb80978a9dbb127e47dfc88aaacb2f3c29aac907d8d3222e3495d49?s=96&d=mm&r=g\",\"url\":\"https:\\\/\\\/secure.gravatar.com\\\/avatar\\\/de97aeec1bb80978a9dbb127e47dfc88aaacb2f3c29aac907d8d3222e3495d49?s=96&d=mm&r=g\",\"contentUrl\":\"https:\\\/\\\/secure.gravatar.com\\\/avatar\\\/de97aeec1bb80978a9dbb127e47dfc88aaacb2f3c29aac907d8d3222e3495d49?s=96&d=mm&r=g\",\"caption\":\"Webdo\"},\"url\":\"https:\\\/\\\/www.webdo.tn\\\/fr\\\/actualite\\\/author\\\/webdo\\\/\"}]}<\/script>\n<!-- \/ Yoast SEO Premium plugin. -->","yoast_head_json":{"title":"Ayoub Hafnaoui empoche l'or \u00e0 Barcelone","description":"Le nageur olympique tunisien Ahmed Ayoub Hafnaoui a remport\u00e9, ce mercredi 17 mai, \u00a0la m\u00e9daille d\u2019or du 1500 m\u00e8tres nage libre, \u00e0 l\u2019\u00e9preuve international de la S...","canonical":"https:\/\/www.webdo.tn\/fr\/actualite\/sport\/ayoub-hafnaoui-medaille-d-or-a-barcelone\/205799\/","og_locale":"fr_FR","og_type":"article","og_title":"Ayoub Hafnaoui empoche l'or \u00e0 Barcelone","og_description":"Le nageur olympique tunisien Ahmed Ayoub Hafnaoui a remport\u00e9, ce mercredi 17 mai, \u00a0la m\u00e9daille d\u2019or du 1500 m\u00e8tres nage libre, \u00e0 l\u2019\u00e9preuve international de la S...","og_url":"https:\/\/www.webdo.tn\/fr\/actualite\/sport\/ayoub-hafnaoui-medaille-d-or-a-barcelone\/205799\/","og_site_name":"webdo","article_publisher":"https:\/\/www.facebook.com\/webdotn","article_published_time":"2023-05-17T21:05:00+00:00","og_image":[{"width":720,"height":384,"url":"https:\/\/www.webdo.tn\/fr\/wp-content\/uploads\/2023\/05\/c4cc92701ac7bb82c3bea2a963fbb205.jpg","type":"image\/jpeg"}],"author":"Webdo","twitter_card":"summary_large_image","twitter_creator":"@webdo_tn","twitter_site":"@webdo_tn","twitter_misc":{"\u00c9crit par":"Webdo"},"schema":{"@context":"https:\/\/schema.org","@graph":[{"@type":"NewsArticle","@id":"https:\/\/www.webdo.tn\/fr\/actualite\/sport\/ayoub-hafnaoui-medaille-d-or-a-barcelone\/205799\/#article","isPartOf":{"@id":"https:\/\/www.webdo.tn\/fr\/actualite\/sport\/ayoub-hafnaoui-medaille-d-or-a-barcelone\/205799\/"},"author":{"name":"Webdo","@id":"https:\/\/www.webdo.tn\/fr\/#\/schema\/person\/1f4e491e0907b413d61089e8eb573acc"},"headline":"Ayoub Hafnaoui empoche l&rsquo;or \u00e0 Barcelone","datePublished":"2023-05-17T21:05:00+00:00","mainEntityOfPage":{"@id":"https:\/\/www.webdo.tn\/fr\/actualite\/sport\/ayoub-hafnaoui-medaille-d-or-a-barcelone\/205799\/"},"wordCount":99,"commentCount":0,"publisher":{"@id":"https:\/\/www.webdo.tn\/fr\/#organization"},"image":{"@id":"https:\/\/www.webdo.tn\/fr\/actualite\/sport\/ayoub-hafnaoui-medaille-d-or-a-barcelone\/205799\/#primaryimage"},"thumbnailUrl":"https:\/\/www.webdo.tn\/fr\/wp-content\/uploads\/2023\/05\/c4cc92701ac7bb82c3bea2a963fbb205.jpg","keywords":["ahmed ayoub hafnaoui","m\u00e9daille d'or","natation","Tunisie"],"articleSection":["Sport"],"inLanguage":"fr-FR"},{"@type":"WebPage","@id":"https:\/\/www.webdo.tn\/fr\/actualite\/sport\/ayoub-hafnaoui-medaille-d-or-a-barcelone\/205799\/","url":"https:\/\/www.webdo.tn\/fr\/actualite\/sport\/ayoub-hafnaoui-medaille-d-or-a-barcelone\/205799\/","name":"Ayoub Hafnaoui empoche l'or \u00e0 Barcelone","isPartOf":{"@id":"https:\/\/www.webdo.tn\/fr\/#website"},"primaryImageOfPage":{"@id":"https:\/\/www.webdo.tn\/fr\/actualite\/sport\/ayoub-hafnaoui-medaille-d-or-a-barcelone\/205799\/#primaryimage"},"image":{"@id":"https:\/\/www.webdo.tn\/fr\/actualite\/sport\/ayoub-hafnaoui-medaille-d-or-a-barcelone\/205799\/#primaryimage"},"thumbnailUrl":"https:\/\/www.webdo.tn\/fr\/wp-content\/uploads\/2023\/05\/c4cc92701ac7bb82c3bea2a963fbb205.jpg","datePublished":"2023-05-17T21:05:00+00:00","description":"Le nageur olympique tunisien Ahmed Ayoub Hafnaoui a remport\u00e9, ce mercredi 17 mai, \u00a0la m\u00e9daille d\u2019or du 1500 m\u00e8tres nage libre, \u00e0 l\u2019\u00e9preuve international de la S...","breadcrumb":{"@id":"https:\/\/www.webdo.tn\/fr\/actualite\/sport\/ayoub-hafnaoui-medaille-d-or-a-barcelone\/205799\/#breadcrumb"},"inLanguage":"fr-FR","potentialAction":[{"@type":"ReadAction","target":["https:\/\/www.webdo.tn\/fr\/actualite\/sport\/ayoub-hafnaoui-medaille-d-or-a-barcelone\/205799\/"]}]},{"@type":"ImageObject","inLanguage":"fr-FR","@id":"https:\/\/www.webdo.tn\/fr\/actualite\/sport\/ayoub-hafnaoui-medaille-d-or-a-barcelone\/205799\/#primaryimage","url":"https:\/\/www.webdo.tn\/fr\/wp-content\/uploads\/2023\/05\/c4cc92701ac7bb82c3bea2a963fbb205.jpg","contentUrl":"https:\/\/www.webdo.tn\/fr\/wp-content\/uploads\/2023\/05\/c4cc92701ac7bb82c3bea2a963fbb205.jpg","width":720,"height":384,"caption":"Ayoub Hafnaoui empoche l'or \u00e0 Barcelone"},{"@type":"BreadcrumbList","@id":"https:\/\/www.webdo.tn\/fr\/actualite\/sport\/ayoub-hafnaoui-medaille-d-or-a-barcelone\/205799\/#breadcrumb","itemListElement":[{"@type":"ListItem","position":1,"name":"Accueil","item":"https:\/\/www.webdo.tn\/fr\/"},{"@type":"ListItem","position":2,"name":"Ayoub Hafnaoui empoche l&rsquo;or \u00e0 Barcelone"}]},{"@type":"WebSite","@id":"https:\/\/www.webdo.tn\/fr\/#website","url":"https:\/\/www.webdo.tn\/fr\/","name":"webdo","description":"Tunisie - News en Tunisie et \u00e0 l&#039;international sur Webdo.tn","publisher":{"@id":"https:\/\/www.webdo.tn\/fr\/#organization"},"potentialAction":[{"@type":"SearchAction","target":{"@type":"EntryPoint","urlTemplate":"https:\/\/www.webdo.tn\/fr\/?s={search_term_string}"},"query-input":{"@type":"PropertyValueSpecification","valueRequired":true,"valueName":"search_term_string"}}],"inLanguage":"fr-FR"},{"@type":"Organization","@id":"https:\/\/www.webdo.tn\/fr\/#organization","name":"Webdo","alternateName":"Webdo.tn","url":"https:\/\/www.webdo.tn\/fr\/","logo":{"@type":"ImageObject","inLanguage":"fr-FR","@id":"https:\/\/www.webdo.tn\/fr\/#\/schema\/logo\/image\/","url":"https:\/\/www.webdo.tn\/fr\/wp-content\/uploads\/2025\/06\/Webdo-Tunisie_168377.jpg","contentUrl":"https:\/\/www.webdo.tn\/fr\/wp-content\/uploads\/2025\/06\/Webdo-Tunisie_168377.jpg","width":301,"height":301,"caption":"Webdo"},"image":{"@id":"https:\/\/www.webdo.tn\/fr\/#\/schema\/logo\/image\/"},"sameAs":["https:\/\/www.facebook.com\/webdotn","https:\/\/x.com\/webdo_tn"],"description":"Webdo est un m\u00e9dia num\u00e9rique tunisien fond\u00e9 en 2010, sp\u00e9cialis\u00e9 dans l\u2019actualit\u00e9 nationale et internationale, l\u2019\u00e9conomie, la soci\u00e9t\u00e9 et les analyses politiques. Le site s\u2019adresse \u00e0 un large public francophone et couvre l\u2019information tunisienne en temps r\u00e9el.","email":"redac@webdo.tn","legalName":"YNJ SARL","foundingDate":"2010-09-06","numberOfEmployees":{"@type":"QuantitativeValue","minValue":"11","maxValue":"50"}},{"@type":"Person","@id":"https:\/\/www.webdo.tn\/fr\/#\/schema\/person\/1f4e491e0907b413d61089e8eb573acc","name":"Webdo","image":{"@type":"ImageObject","inLanguage":"fr-FR","@id":"https:\/\/secure.gravatar.com\/avatar\/de97aeec1bb80978a9dbb127e47dfc88aaacb2f3c29aac907d8d3222e3495d49?s=96&d=mm&r=g","url":"https:\/\/secure.gravatar.com\/avatar\/de97aeec1bb80978a9dbb127e47dfc88aaacb2f3c29aac907d8d3222e3495d49?s=96&d=mm&r=g","contentUrl":"https:\/\/secure.gravatar.com\/avatar\/de97aeec1bb80978a9dbb127e47dfc88aaacb2f3c29aac907d8d3222e3495d49?s=96&d=mm&r=g","caption":"Webdo"},"url":"https:\/\/www.webdo.tn\/fr\/actualite\/author\/webdo\/"}]}},"_links":{"self":[{"href":"https:\/\/www.webdo.tn\/fr\/wp-json\/wp\/v2\/posts\/205799","targetHints":{"allow":["GET"]}}],"collection":[{"href":"https:\/\/www.webdo.tn\/fr\/wp-json\/wp\/v2\/posts"}],"about":[{"href":"https:\/\/www.webdo.tn\/fr\/wp-json\/wp\/v2\/types\/post"}],"author":[{"embeddable":true,"href":"https:\/\/www.webdo.tn\/fr\/wp-json\/wp\/v2\/users\/3169"}],"replies":[{"embeddable":true,"href":"https:\/\/www.webdo.tn\/fr\/wp-json\/wp\/v2\/comments?post=205799"}],"version-history":[{"count":0,"href":"https:\/\/www.webdo.tn\/fr\/wp-json\/wp\/v2\/posts\/205799\/revisions"}],"wp:featuredmedia":[{"embeddable":true,"href":"https:\/\/www.webdo.tn\/fr\/wp-json\/wp\/v2\/media\/251126"}],"wp:attachment":[{"href":"https:\/\/www.webdo.tn\/fr\/wp-json\/wp\/v2\/media?parent=205799"}],"wp:term":[{"taxonomy":"category","embeddable":true,"href":"https:\/\/www.webdo.tn\/fr\/wp-json\/wp\/v2\/categories?post=205799"},{"taxonomy":"post_tag","embeddable":true,"href":"https:\/\/www.webdo.tn\/fr\/wp-json\/wp\/v2\/tags?post=205799"}],"curies":[{"name":"wp","href":"https:\/\/api.w.org\/{rel}","templated":true}]}}