{"id":205789,"date":"2023-05-17T15:59:00","date_gmt":"2023-05-17T15:59:00","guid":{"rendered":"https:\/\/www.webdo.tn\/fr\/blog\/arretes-les-auteurs-d-une-chanson-satirique-devant-la-chambre-correctionnelle-le-23-mai\/205789\/"},"modified":"2025-05-20T22:58:17","modified_gmt":"2025-05-20T22:58:17","slug":"arretes-les-auteurs-d-une-chanson-satirique-devant-la-chambre-correctionnelle-le-23-mai","status":"publish","type":"post","link":"https:\/\/www.webdo.tn\/fr\/actualite\/national\/arretes-les-auteurs-d-une-chanson-satirique-devant-la-chambre-correctionnelle-le-23-mai\/205789\/","title":{"rendered":"Les auteurs d&rsquo;une chanson satirique restent en prison !"},"content":{"rendered":"<p>Les auteurs d&rsquo;une chanson satirique compara\u00eetront, mardi prochain, 23 mai, devant la Chambre correctionnelle pour atteinte \u00e0 autrui sur les r\u00e9seaux sociaux et imputation de faits non av\u00e9r\u00e9s envers fonctionnaire public.<\/p>\n<p>\t\t\t\t\t\t\t\t\tMaitre Imen Souissi, avocate de Dhia Nassir et Youssef Chelbi, auteurs de la chanson, a pr\u00e9cis\u00e9 que la demande de lib\u00e9ration de ses clients \u00e9t\u00e9 rejet\u00e9e bien que la d\u00e9fense ait pr\u00e9sent\u00e9 des preuves que les deux \u00e9tudiants passent des examens, aujourd\u2019hui, mercredi, et demain jeudi, 17 et 18 mai courants.\u00a0 \u00a0<\/p>\n<p>Les deux \u00e9tudiants ont \u00e9t\u00e9 plac\u00e9s en d\u00e9tention, hier mardi, 16 mai, apr\u00e8s la publication sur les r\u00e9seaux sociaux d\u2019une chanson satirique.<\/p>\n<p>Imen Souissi a exprim\u00e9 sa surprise quant aux faits reproch\u00e9s \u00e0 ses clients consid\u00e9rant que les paroles de la chanson ne contenaient ni diffamation ni incitation.<\/p>\n<p>Dhia Nessir et Youssef Chalbi ont \u00e9t\u00e9 arr\u00eat\u00e9s \u00e0 la suite de poursuites judiciaires lanc\u00e9es \u00e0 leur encontre par les autorit\u00e9s.<br \/>\nOn leur reprocherait notamment les paroles qui critiquent la loi sur la consommation de drogues et le traitement des jeunes par les forces de s\u00e9curit\u00e9 alors que selon l&rsquo;avocate les paroles de la chanson ne contiennent aucune diffamation ni incitation.<\/p>\n","protected":false},"excerpt":{"rendered":"<p>Les auteurs d&rsquo;une chanson satirique compara\u00eetront, mardi prochain, 23 mai, devant la Chambre correctionnelle pour atteinte \u00e0 autrui sur les r\u00e9seaux sociaux et i&#8230;<\/p>\n","protected":false},"author":3188,"featured_media":251121,"comment_status":"open","ping_status":"closed","sticky":false,"template":"","format":"standard","meta":{"footnotes":""},"categories":[44],"tags":[8420,3286,8421],"class_list":["post-205789","post","type-post","status-publish","format-standard","has-post-thumbnail","hentry","category-national","tag-chanson","tag-detention","tag-paroles"],"yoast_head":"<!-- This site is optimized with the Yoast SEO Premium plugin v27.4 (Yoast SEO v27.5) - https:\/\/yoast.com\/product\/yoast-seo-premium-wordpress\/ -->\n<title>Les auteurs d&#039;une chanson satirique restent en prison !<\/title>\n<meta name=\"description\" content=\"Les auteurs d&#039;une chanson satirique compara\u00eetront, mardi prochain, 23 mai, devant la Chambre correctionnelle pour atteinte \u00e0 autrui sur les r\u00e9seaux sociaux et i...\" \/>\n<link rel=\"canonical\" href=\"https:\/\/www.webdo.tn\/fr\/actualite\/national\/arretes-les-auteurs-d-une-chanson-satirique-devant-la-chambre-correctionnelle-le-23-mai\/205789\/\" \/>\n<meta property=\"og:locale\" content=\"fr_FR\" \/>\n<meta property=\"og:type\" content=\"article\" \/>\n<meta property=\"og:title\" content=\"Les auteurs d&#039;une chanson satirique restent en prison !\" \/>\n<meta property=\"og:description\" content=\"Les auteurs d&#039;une chanson satirique compara\u00eetront, mardi prochain, 23 mai, devant la Chambre correctionnelle pour atteinte \u00e0 autrui sur les r\u00e9seaux sociaux et i...\" \/>\n<meta property=\"og:url\" content=\"https:\/\/www.webdo.tn\/fr\/actualite\/national\/arretes-les-auteurs-d-une-chanson-satirique-devant-la-chambre-correctionnelle-le-23-mai\/205789\/\" \/>\n<meta property=\"og:site_name\" content=\"webdo\" \/>\n<meta property=\"article:publisher\" content=\"https:\/\/www.facebook.com\/webdotn\" \/>\n<meta property=\"article:published_time\" content=\"2023-05-17T15:59:00+00:00\" \/>\n<meta property=\"article:modified_time\" content=\"2025-05-20T22:58:17+00:00\" \/>\n<meta property=\"og:image\" content=\"https:\/\/www.webdo.tn\/fr\/wp-content\/uploads\/2023\/05\/7771bc57366017b9b177fb3408428592.jpg\" \/>\n\t<meta property=\"og:image:width\" content=\"750\" \/>\n\t<meta property=\"og:image:height\" content=\"400\" \/>\n\t<meta property=\"og:image:type\" content=\"image\/jpeg\" \/>\n<meta name=\"author\" content=\"Ramzi\" \/>\n<meta name=\"twitter:card\" content=\"summary_large_image\" \/>\n<meta name=\"twitter:creator\" content=\"@webdo_tn\" \/>\n<meta name=\"twitter:site\" content=\"@webdo_tn\" \/>\n<meta name=\"twitter:label1\" content=\"\u00c9crit par\" \/>\n\t<meta name=\"twitter:data1\" content=\"Ramzi\" \/>\n\t<meta name=\"twitter:label2\" content=\"Dur\u00e9e de lecture estim\u00e9e\" \/>\n\t<meta name=\"twitter:data2\" content=\"1 minute\" \/>\n<script type=\"application\/ld+json\" class=\"yoast-schema-graph\">{\"@context\":\"https:\\\/\\\/schema.org\",\"@graph\":[{\"@type\":\"NewsArticle\",\"@id\":\"https:\\\/\\\/www.webdo.tn\\\/fr\\\/actualite\\\/national\\\/arretes-les-auteurs-d-une-chanson-satirique-devant-la-chambre-correctionnelle-le-23-mai\\\/205789\\\/#article\",\"isPartOf\":{\"@id\":\"https:\\\/\\\/www.webdo.tn\\\/fr\\\/actualite\\\/national\\\/arretes-les-auteurs-d-une-chanson-satirique-devant-la-chambre-correctionnelle-le-23-mai\\\/205789\\\/\"},\"author\":{\"name\":\"Ramzi\",\"@id\":\"https:\\\/\\\/www.webdo.tn\\\/fr\\\/#\\\/schema\\\/person\\\/590cb5f81adcfde6385530fdbdf468e2\"},\"headline\":\"Les auteurs d&rsquo;une chanson satirique restent en prison !\",\"datePublished\":\"2023-05-17T15:59:00+00:00\",\"dateModified\":\"2025-05-20T22:58:17+00:00\",\"mainEntityOfPage\":{\"@id\":\"https:\\\/\\\/www.webdo.tn\\\/fr\\\/actualite\\\/national\\\/arretes-les-auteurs-d-une-chanson-satirique-devant-la-chambre-correctionnelle-le-23-mai\\\/205789\\\/\"},\"wordCount\":216,\"commentCount\":0,\"publisher\":{\"@id\":\"https:\\\/\\\/www.webdo.tn\\\/fr\\\/#organization\"},\"image\":{\"@id\":\"https:\\\/\\\/www.webdo.tn\\\/fr\\\/actualite\\\/national\\\/arretes-les-auteurs-d-une-chanson-satirique-devant-la-chambre-correctionnelle-le-23-mai\\\/205789\\\/#primaryimage\"},\"thumbnailUrl\":\"https:\\\/\\\/www.webdo.tn\\\/fr\\\/wp-content\\\/uploads\\\/2023\\\/05\\\/7771bc57366017b9b177fb3408428592.jpg\",\"keywords\":[\"chanson\",\"d\u00e9tention\",\"paroles\"],\"articleSection\":[\"National\"],\"inLanguage\":\"fr-FR\"},{\"@type\":\"WebPage\",\"@id\":\"https:\\\/\\\/www.webdo.tn\\\/fr\\\/actualite\\\/national\\\/arretes-les-auteurs-d-une-chanson-satirique-devant-la-chambre-correctionnelle-le-23-mai\\\/205789\\\/\",\"url\":\"https:\\\/\\\/www.webdo.tn\\\/fr\\\/actualite\\\/national\\\/arretes-les-auteurs-d-une-chanson-satirique-devant-la-chambre-correctionnelle-le-23-mai\\\/205789\\\/\",\"name\":\"Les auteurs d'une chanson satirique restent en prison !\",\"isPartOf\":{\"@id\":\"https:\\\/\\\/www.webdo.tn\\\/fr\\\/#website\"},\"primaryImageOfPage\":{\"@id\":\"https:\\\/\\\/www.webdo.tn\\\/fr\\\/actualite\\\/national\\\/arretes-les-auteurs-d-une-chanson-satirique-devant-la-chambre-correctionnelle-le-23-mai\\\/205789\\\/#primaryimage\"},\"image\":{\"@id\":\"https:\\\/\\\/www.webdo.tn\\\/fr\\\/actualite\\\/national\\\/arretes-les-auteurs-d-une-chanson-satirique-devant-la-chambre-correctionnelle-le-23-mai\\\/205789\\\/#primaryimage\"},\"thumbnailUrl\":\"https:\\\/\\\/www.webdo.tn\\\/fr\\\/wp-content\\\/uploads\\\/2023\\\/05\\\/7771bc57366017b9b177fb3408428592.jpg\",\"datePublished\":\"2023-05-17T15:59:00+00:00\",\"dateModified\":\"2025-05-20T22:58:17+00:00\",\"description\":\"Les auteurs d'une chanson satirique compara\u00eetront, mardi prochain, 23 mai, devant la Chambre correctionnelle pour atteinte \u00e0 autrui sur les r\u00e9seaux sociaux et i...\",\"breadcrumb\":{\"@id\":\"https:\\\/\\\/www.webdo.tn\\\/fr\\\/actualite\\\/national\\\/arretes-les-auteurs-d-une-chanson-satirique-devant-la-chambre-correctionnelle-le-23-mai\\\/205789\\\/#breadcrumb\"},\"inLanguage\":\"fr-FR\",\"potentialAction\":[{\"@type\":\"ReadAction\",\"target\":[\"https:\\\/\\\/www.webdo.tn\\\/fr\\\/actualite\\\/national\\\/arretes-les-auteurs-d-une-chanson-satirique-devant-la-chambre-correctionnelle-le-23-mai\\\/205789\\\/\"]}]},{\"@type\":\"ImageObject\",\"inLanguage\":\"fr-FR\",\"@id\":\"https:\\\/\\\/www.webdo.tn\\\/fr\\\/actualite\\\/national\\\/arretes-les-auteurs-d-une-chanson-satirique-devant-la-chambre-correctionnelle-le-23-mai\\\/205789\\\/#primaryimage\",\"url\":\"https:\\\/\\\/www.webdo.tn\\\/fr\\\/wp-content\\\/uploads\\\/2023\\\/05\\\/7771bc57366017b9b177fb3408428592.jpg\",\"contentUrl\":\"https:\\\/\\\/www.webdo.tn\\\/fr\\\/wp-content\\\/uploads\\\/2023\\\/05\\\/7771bc57366017b9b177fb3408428592.jpg\",\"width\":750,\"height\":400,\"caption\":\"Les auteurs d'une chanson satirique restent en prison !\"},{\"@type\":\"BreadcrumbList\",\"@id\":\"https:\\\/\\\/www.webdo.tn\\\/fr\\\/actualite\\\/national\\\/arretes-les-auteurs-d-une-chanson-satirique-devant-la-chambre-correctionnelle-le-23-mai\\\/205789\\\/#breadcrumb\",\"itemListElement\":[{\"@type\":\"ListItem\",\"position\":1,\"name\":\"Accueil\",\"item\":\"https:\\\/\\\/www.webdo.tn\\\/fr\\\/\"},{\"@type\":\"ListItem\",\"position\":2,\"name\":\"Les auteurs d&#8217;une chanson satirique restent en prison !\"}]},{\"@type\":\"WebSite\",\"@id\":\"https:\\\/\\\/www.webdo.tn\\\/fr\\\/#website\",\"url\":\"https:\\\/\\\/www.webdo.tn\\\/fr\\\/\",\"name\":\"webdo\",\"description\":\"Tunisie - News en Tunisie et \u00e0 l&#039;international sur Webdo.tn\",\"publisher\":{\"@id\":\"https:\\\/\\\/www.webdo.tn\\\/fr\\\/#organization\"},\"potentialAction\":[{\"@type\":\"SearchAction\",\"target\":{\"@type\":\"EntryPoint\",\"urlTemplate\":\"https:\\\/\\\/www.webdo.tn\\\/fr\\\/?s={search_term_string}\"},\"query-input\":{\"@type\":\"PropertyValueSpecification\",\"valueRequired\":true,\"valueName\":\"search_term_string\"}}],\"inLanguage\":\"fr-FR\"},{\"@type\":\"Organization\",\"@id\":\"https:\\\/\\\/www.webdo.tn\\\/fr\\\/#organization\",\"name\":\"Webdo\",\"alternateName\":\"Webdo.tn\",\"url\":\"https:\\\/\\\/www.webdo.tn\\\/fr\\\/\",\"logo\":{\"@type\":\"ImageObject\",\"inLanguage\":\"fr-FR\",\"@id\":\"https:\\\/\\\/www.webdo.tn\\\/fr\\\/#\\\/schema\\\/logo\\\/image\\\/\",\"url\":\"https:\\\/\\\/www.webdo.tn\\\/fr\\\/wp-content\\\/uploads\\\/2025\\\/06\\\/Webdo-Tunisie_168377.jpg\",\"contentUrl\":\"https:\\\/\\\/www.webdo.tn\\\/fr\\\/wp-content\\\/uploads\\\/2025\\\/06\\\/Webdo-Tunisie_168377.jpg\",\"width\":301,\"height\":301,\"caption\":\"Webdo\"},\"image\":{\"@id\":\"https:\\\/\\\/www.webdo.tn\\\/fr\\\/#\\\/schema\\\/logo\\\/image\\\/\"},\"sameAs\":[\"https:\\\/\\\/www.facebook.com\\\/webdotn\",\"https:\\\/\\\/x.com\\\/webdo_tn\"],\"description\":\"Webdo est un m\u00e9dia num\u00e9rique tunisien fond\u00e9 en 2010, sp\u00e9cialis\u00e9 dans l\u2019actualit\u00e9 nationale et internationale, l\u2019\u00e9conomie, la soci\u00e9t\u00e9 et les analyses politiques. Le site s\u2019adresse \u00e0 un large public francophone et couvre l\u2019information tunisienne en temps r\u00e9el.\",\"email\":\"redac@webdo.tn\",\"legalName\":\"YNJ SARL\",\"foundingDate\":\"2010-09-06\",\"numberOfEmployees\":{\"@type\":\"QuantitativeValue\",\"minValue\":\"11\",\"maxValue\":\"50\"}},{\"@type\":\"Person\",\"@id\":\"https:\\\/\\\/www.webdo.tn\\\/fr\\\/#\\\/schema\\\/person\\\/590cb5f81adcfde6385530fdbdf468e2\",\"name\":\"Ramzi\",\"image\":{\"@type\":\"ImageObject\",\"inLanguage\":\"fr-FR\",\"@id\":\"https:\\\/\\\/secure.gravatar.com\\\/avatar\\\/48df7d18915e10cf866ba8e27604c81ff9243fd52704a1d210c3e387e1cb8d87?s=96&d=mm&r=g\",\"url\":\"https:\\\/\\\/secure.gravatar.com\\\/avatar\\\/48df7d18915e10cf866ba8e27604c81ff9243fd52704a1d210c3e387e1cb8d87?s=96&d=mm&r=g\",\"contentUrl\":\"https:\\\/\\\/secure.gravatar.com\\\/avatar\\\/48df7d18915e10cf866ba8e27604c81ff9243fd52704a1d210c3e387e1cb8d87?s=96&d=mm&r=g\",\"caption\":\"Ramzi\"},\"url\":\"https:\\\/\\\/www.webdo.tn\\\/fr\\\/actualite\\\/author\\\/ramzi\\\/\"}]}<\/script>\n<!-- \/ Yoast SEO Premium plugin. -->","yoast_head_json":{"title":"Les auteurs d'une chanson satirique restent en prison !","description":"Les auteurs d'une chanson satirique compara\u00eetront, mardi prochain, 23 mai, devant la Chambre correctionnelle pour atteinte \u00e0 autrui sur les r\u00e9seaux sociaux et i...","canonical":"https:\/\/www.webdo.tn\/fr\/actualite\/national\/arretes-les-auteurs-d-une-chanson-satirique-devant-la-chambre-correctionnelle-le-23-mai\/205789\/","og_locale":"fr_FR","og_type":"article","og_title":"Les auteurs d'une chanson satirique restent en prison !","og_description":"Les auteurs d'une chanson satirique compara\u00eetront, mardi prochain, 23 mai, devant la Chambre correctionnelle pour atteinte \u00e0 autrui sur les r\u00e9seaux sociaux et i...","og_url":"https:\/\/www.webdo.tn\/fr\/actualite\/national\/arretes-les-auteurs-d-une-chanson-satirique-devant-la-chambre-correctionnelle-le-23-mai\/205789\/","og_site_name":"webdo","article_publisher":"https:\/\/www.facebook.com\/webdotn","article_published_time":"2023-05-17T15:59:00+00:00","article_modified_time":"2025-05-20T22:58:17+00:00","og_image":[{"width":750,"height":400,"url":"https:\/\/www.webdo.tn\/fr\/wp-content\/uploads\/2023\/05\/7771bc57366017b9b177fb3408428592.jpg","type":"image\/jpeg"}],"author":"Ramzi","twitter_card":"summary_large_image","twitter_creator":"@webdo_tn","twitter_site":"@webdo_tn","twitter_misc":{"\u00c9crit par":"Ramzi","Dur\u00e9e de lecture estim\u00e9e":"1 minute"},"schema":{"@context":"https:\/\/schema.org","@graph":[{"@type":"NewsArticle","@id":"https:\/\/www.webdo.tn\/fr\/actualite\/national\/arretes-les-auteurs-d-une-chanson-satirique-devant-la-chambre-correctionnelle-le-23-mai\/205789\/#article","isPartOf":{"@id":"https:\/\/www.webdo.tn\/fr\/actualite\/national\/arretes-les-auteurs-d-une-chanson-satirique-devant-la-chambre-correctionnelle-le-23-mai\/205789\/"},"author":{"name":"Ramzi","@id":"https:\/\/www.webdo.tn\/fr\/#\/schema\/person\/590cb5f81adcfde6385530fdbdf468e2"},"headline":"Les auteurs d&rsquo;une chanson satirique restent en prison !","datePublished":"2023-05-17T15:59:00+00:00","dateModified":"2025-05-20T22:58:17+00:00","mainEntityOfPage":{"@id":"https:\/\/www.webdo.tn\/fr\/actualite\/national\/arretes-les-auteurs-d-une-chanson-satirique-devant-la-chambre-correctionnelle-le-23-mai\/205789\/"},"wordCount":216,"commentCount":0,"publisher":{"@id":"https:\/\/www.webdo.tn\/fr\/#organization"},"image":{"@id":"https:\/\/www.webdo.tn\/fr\/actualite\/national\/arretes-les-auteurs-d-une-chanson-satirique-devant-la-chambre-correctionnelle-le-23-mai\/205789\/#primaryimage"},"thumbnailUrl":"https:\/\/www.webdo.tn\/fr\/wp-content\/uploads\/2023\/05\/7771bc57366017b9b177fb3408428592.jpg","keywords":["chanson","d\u00e9tention","paroles"],"articleSection":["National"],"inLanguage":"fr-FR"},{"@type":"WebPage","@id":"https:\/\/www.webdo.tn\/fr\/actualite\/national\/arretes-les-auteurs-d-une-chanson-satirique-devant-la-chambre-correctionnelle-le-23-mai\/205789\/","url":"https:\/\/www.webdo.tn\/fr\/actualite\/national\/arretes-les-auteurs-d-une-chanson-satirique-devant-la-chambre-correctionnelle-le-23-mai\/205789\/","name":"Les auteurs d'une chanson satirique restent en prison !","isPartOf":{"@id":"https:\/\/www.webdo.tn\/fr\/#website"},"primaryImageOfPage":{"@id":"https:\/\/www.webdo.tn\/fr\/actualite\/national\/arretes-les-auteurs-d-une-chanson-satirique-devant-la-chambre-correctionnelle-le-23-mai\/205789\/#primaryimage"},"image":{"@id":"https:\/\/www.webdo.tn\/fr\/actualite\/national\/arretes-les-auteurs-d-une-chanson-satirique-devant-la-chambre-correctionnelle-le-23-mai\/205789\/#primaryimage"},"thumbnailUrl":"https:\/\/www.webdo.tn\/fr\/wp-content\/uploads\/2023\/05\/7771bc57366017b9b177fb3408428592.jpg","datePublished":"2023-05-17T15:59:00+00:00","dateModified":"2025-05-20T22:58:17+00:00","description":"Les auteurs d'une chanson satirique compara\u00eetront, mardi prochain, 23 mai, devant la Chambre correctionnelle pour atteinte \u00e0 autrui sur les r\u00e9seaux sociaux et i...","breadcrumb":{"@id":"https:\/\/www.webdo.tn\/fr\/actualite\/national\/arretes-les-auteurs-d-une-chanson-satirique-devant-la-chambre-correctionnelle-le-23-mai\/205789\/#breadcrumb"},"inLanguage":"fr-FR","potentialAction":[{"@type":"ReadAction","target":["https:\/\/www.webdo.tn\/fr\/actualite\/national\/arretes-les-auteurs-d-une-chanson-satirique-devant-la-chambre-correctionnelle-le-23-mai\/205789\/"]}]},{"@type":"ImageObject","inLanguage":"fr-FR","@id":"https:\/\/www.webdo.tn\/fr\/actualite\/national\/arretes-les-auteurs-d-une-chanson-satirique-devant-la-chambre-correctionnelle-le-23-mai\/205789\/#primaryimage","url":"https:\/\/www.webdo.tn\/fr\/wp-content\/uploads\/2023\/05\/7771bc57366017b9b177fb3408428592.jpg","contentUrl":"https:\/\/www.webdo.tn\/fr\/wp-content\/uploads\/2023\/05\/7771bc57366017b9b177fb3408428592.jpg","width":750,"height":400,"caption":"Les auteurs d'une chanson satirique restent en prison !"},{"@type":"BreadcrumbList","@id":"https:\/\/www.webdo.tn\/fr\/actualite\/national\/arretes-les-auteurs-d-une-chanson-satirique-devant-la-chambre-correctionnelle-le-23-mai\/205789\/#breadcrumb","itemListElement":[{"@type":"ListItem","position":1,"name":"Accueil","item":"https:\/\/www.webdo.tn\/fr\/"},{"@type":"ListItem","position":2,"name":"Les auteurs d&#8217;une chanson satirique restent en prison !"}]},{"@type":"WebSite","@id":"https:\/\/www.webdo.tn\/fr\/#website","url":"https:\/\/www.webdo.tn\/fr\/","name":"webdo","description":"Tunisie - News en Tunisie et \u00e0 l&#039;international sur Webdo.tn","publisher":{"@id":"https:\/\/www.webdo.tn\/fr\/#organization"},"potentialAction":[{"@type":"SearchAction","target":{"@type":"EntryPoint","urlTemplate":"https:\/\/www.webdo.tn\/fr\/?s={search_term_string}"},"query-input":{"@type":"PropertyValueSpecification","valueRequired":true,"valueName":"search_term_string"}}],"inLanguage":"fr-FR"},{"@type":"Organization","@id":"https:\/\/www.webdo.tn\/fr\/#organization","name":"Webdo","alternateName":"Webdo.tn","url":"https:\/\/www.webdo.tn\/fr\/","logo":{"@type":"ImageObject","inLanguage":"fr-FR","@id":"https:\/\/www.webdo.tn\/fr\/#\/schema\/logo\/image\/","url":"https:\/\/www.webdo.tn\/fr\/wp-content\/uploads\/2025\/06\/Webdo-Tunisie_168377.jpg","contentUrl":"https:\/\/www.webdo.tn\/fr\/wp-content\/uploads\/2025\/06\/Webdo-Tunisie_168377.jpg","width":301,"height":301,"caption":"Webdo"},"image":{"@id":"https:\/\/www.webdo.tn\/fr\/#\/schema\/logo\/image\/"},"sameAs":["https:\/\/www.facebook.com\/webdotn","https:\/\/x.com\/webdo_tn"],"description":"Webdo est un m\u00e9dia num\u00e9rique tunisien fond\u00e9 en 2010, sp\u00e9cialis\u00e9 dans l\u2019actualit\u00e9 nationale et internationale, l\u2019\u00e9conomie, la soci\u00e9t\u00e9 et les analyses politiques. Le site s\u2019adresse \u00e0 un large public francophone et couvre l\u2019information tunisienne en temps r\u00e9el.","email":"redac@webdo.tn","legalName":"YNJ SARL","foundingDate":"2010-09-06","numberOfEmployees":{"@type":"QuantitativeValue","minValue":"11","maxValue":"50"}},{"@type":"Person","@id":"https:\/\/www.webdo.tn\/fr\/#\/schema\/person\/590cb5f81adcfde6385530fdbdf468e2","name":"Ramzi","image":{"@type":"ImageObject","inLanguage":"fr-FR","@id":"https:\/\/secure.gravatar.com\/avatar\/48df7d18915e10cf866ba8e27604c81ff9243fd52704a1d210c3e387e1cb8d87?s=96&d=mm&r=g","url":"https:\/\/secure.gravatar.com\/avatar\/48df7d18915e10cf866ba8e27604c81ff9243fd52704a1d210c3e387e1cb8d87?s=96&d=mm&r=g","contentUrl":"https:\/\/secure.gravatar.com\/avatar\/48df7d18915e10cf866ba8e27604c81ff9243fd52704a1d210c3e387e1cb8d87?s=96&d=mm&r=g","caption":"Ramzi"},"url":"https:\/\/www.webdo.tn\/fr\/actualite\/author\/ramzi\/"}]}},"_links":{"self":[{"href":"https:\/\/www.webdo.tn\/fr\/wp-json\/wp\/v2\/posts\/205789","targetHints":{"allow":["GET"]}}],"collection":[{"href":"https:\/\/www.webdo.tn\/fr\/wp-json\/wp\/v2\/posts"}],"about":[{"href":"https:\/\/www.webdo.tn\/fr\/wp-json\/wp\/v2\/types\/post"}],"author":[{"embeddable":true,"href":"https:\/\/www.webdo.tn\/fr\/wp-json\/wp\/v2\/users\/3188"}],"replies":[{"embeddable":true,"href":"https:\/\/www.webdo.tn\/fr\/wp-json\/wp\/v2\/comments?post=205789"}],"version-history":[{"count":0,"href":"https:\/\/www.webdo.tn\/fr\/wp-json\/wp\/v2\/posts\/205789\/revisions"}],"wp:featuredmedia":[{"embeddable":true,"href":"https:\/\/www.webdo.tn\/fr\/wp-json\/wp\/v2\/media\/251121"}],"wp:attachment":[{"href":"https:\/\/www.webdo.tn\/fr\/wp-json\/wp\/v2\/media?parent=205789"}],"wp:term":[{"taxonomy":"category","embeddable":true,"href":"https:\/\/www.webdo.tn\/fr\/wp-json\/wp\/v2\/categories?post=205789"},{"taxonomy":"post_tag","embeddable":true,"href":"https:\/\/www.webdo.tn\/fr\/wp-json\/wp\/v2\/tags?post=205789"}],"curies":[{"name":"wp","href":"https:\/\/api.w.org\/{rel}","templated":true}]}}