{"id":205787,"date":"2023-05-17T15:01:00","date_gmt":"2023-05-17T15:01:00","guid":{"rendered":"https:\/\/www.webdo.tn\/fr\/blog\/accidents-de-la-route-411-morts-en-cinq-mois\/205787\/"},"modified":"2025-05-20T22:58:17","modified_gmt":"2025-05-20T22:58:17","slug":"accidents-de-la-route-411-morts-en-cinq-mois","status":"publish","type":"post","link":"https:\/\/www.webdo.tn\/fr\/actualite\/national\/accidents-de-la-route-411-morts-en-cinq-mois\/205787\/","title":{"rendered":"Accidents de la route : 411 morts en cinq mois !"},"content":{"rendered":"<p>Mourad Jouini, pr\u00e9sident de l&rsquo;Observatoire national de la s\u00e9curit\u00e9 routi\u00e8re, a d\u00e9clar\u00e9, aujourd\u2019hui 17 mai, que 1881 accidents de la route ont \u00e9t\u00e9 enregistr\u00e9s depuis le d\u00e9but de l\u2019ann\u00e9e, causant la mort de 411 personnes.<\/p>\n<p>\t\t\t\t\t\t\t\t\tMourad Jouini a ajout\u00e9 que ces accidents ont occasionn\u00e9, jusqu\u2019au 15 mai, 2619 bless\u00e9s, un nombre inf\u00e9rieur par rapport \u00e0 celui enregistr\u00e9 au cours de la m\u00eame p\u00e9riode de 2022. Dans le m\u00eame temps, le nombre de morts a augment\u00e9 de 94, a t-il d\u00e9plor\u00e9.<\/p>\n<p>Le responsable a soulign\u00e9 que les causes de ces accidents sont dues essentiellement \u00e0 l\u2019imprudence et \u00e0 l\u2019inattention, l\u2019exc\u00e8s de vitesse vient en seconde position.<\/p>\n<p>Les voitures particuli\u00e8res, les motocyclettes et les pi\u00e9tons sont, par ordre de d\u00e9croissance, les principales causes de ces accidents.<\/p>\n","protected":false},"excerpt":{"rendered":"<p>Mourad Jouini, pr\u00e9sident de l&rsquo;Observatoire national de la s\u00e9curit\u00e9 routi\u00e8re, a d\u00e9clar\u00e9, aujourd\u2019hui 17 mai, que 1881 accidents de la route ont \u00e9t\u00e9 enregistr\u00e9s d&#8230;<\/p>\n","protected":false},"author":3188,"featured_media":251119,"comment_status":"open","ping_status":"closed","sticky":false,"template":"","format":"standard","meta":{"footnotes":""},"categories":[44],"tags":[3889,3888,2608],"class_list":["post-205787","post","type-post","status-publish","format-standard","has-post-thumbnail","hentry","category-national","tag-accidents","tag-route","tag-tunisie"],"yoast_head":"<!-- This site is optimized with the Yoast SEO Premium plugin v27.5 (Yoast SEO v27.5) - https:\/\/yoast.com\/product\/yoast-seo-premium-wordpress\/ -->\n<title>Accidents de la route : 411 morts en cinq mois !<\/title>\n<meta name=\"description\" content=\"Mourad Jouini, pr\u00e9sident de l&#039;Observatoire national de la s\u00e9curit\u00e9 routi\u00e8re, a d\u00e9clar\u00e9, aujourd\u2019hui 17 mai, que 1881 accidents de la route ont \u00e9t\u00e9 enregistr\u00e9s d...\" \/>\n<link rel=\"canonical\" href=\"https:\/\/www.webdo.tn\/fr\/actualite\/national\/accidents-de-la-route-411-morts-en-cinq-mois\/205787\/\" \/>\n<meta property=\"og:locale\" content=\"fr_FR\" \/>\n<meta property=\"og:type\" content=\"article\" \/>\n<meta property=\"og:title\" content=\"Accidents de la route : 411 morts en cinq mois !\" \/>\n<meta property=\"og:description\" content=\"Mourad Jouini, pr\u00e9sident de l&#039;Observatoire national de la s\u00e9curit\u00e9 routi\u00e8re, a d\u00e9clar\u00e9, aujourd\u2019hui 17 mai, que 1881 accidents de la route ont \u00e9t\u00e9 enregistr\u00e9s d...\" \/>\n<meta property=\"og:url\" content=\"https:\/\/www.webdo.tn\/fr\/actualite\/national\/accidents-de-la-route-411-morts-en-cinq-mois\/205787\/\" \/>\n<meta property=\"og:site_name\" content=\"webdo\" \/>\n<meta property=\"article:publisher\" content=\"https:\/\/www.facebook.com\/webdotn\" \/>\n<meta property=\"article:published_time\" content=\"2023-05-17T15:01:00+00:00\" \/>\n<meta property=\"article:modified_time\" content=\"2025-05-20T22:58:17+00:00\" \/>\n<meta property=\"og:image\" content=\"https:\/\/www.webdo.tn\/fr\/wp-content\/uploads\/2023\/05\/78e1bea09b7b4c51b08389e6536a4174.jpg\" \/>\n\t<meta property=\"og:image:width\" content=\"750\" \/>\n\t<meta property=\"og:image:height\" content=\"400\" \/>\n\t<meta property=\"og:image:type\" content=\"image\/jpeg\" \/>\n<meta name=\"author\" content=\"Ramzi\" \/>\n<meta name=\"twitter:card\" content=\"summary_large_image\" \/>\n<meta name=\"twitter:creator\" content=\"@webdo_tn\" \/>\n<meta name=\"twitter:site\" content=\"@webdo_tn\" \/>\n<meta name=\"twitter:label1\" content=\"\u00c9crit par\" \/>\n\t<meta name=\"twitter:data1\" content=\"Ramzi\" \/>\n\t<meta name=\"twitter:label2\" content=\"Dur\u00e9e de lecture estim\u00e9e\" \/>\n\t<meta name=\"twitter:data2\" content=\"1 minute\" \/>\n<script type=\"application\/ld+json\" class=\"yoast-schema-graph\">{\"@context\":\"https:\\\/\\\/schema.org\",\"@graph\":[{\"@type\":\"NewsArticle\",\"@id\":\"https:\\\/\\\/www.webdo.tn\\\/fr\\\/actualite\\\/national\\\/accidents-de-la-route-411-morts-en-cinq-mois\\\/205787\\\/#article\",\"isPartOf\":{\"@id\":\"https:\\\/\\\/www.webdo.tn\\\/fr\\\/actualite\\\/national\\\/accidents-de-la-route-411-morts-en-cinq-mois\\\/205787\\\/\"},\"author\":{\"name\":\"Ramzi\",\"@id\":\"https:\\\/\\\/www.webdo.tn\\\/fr\\\/#\\\/schema\\\/person\\\/590cb5f81adcfde6385530fdbdf468e2\"},\"headline\":\"Accidents de la route : 411 morts en cinq mois !\",\"datePublished\":\"2023-05-17T15:01:00+00:00\",\"dateModified\":\"2025-05-20T22:58:17+00:00\",\"mainEntityOfPage\":{\"@id\":\"https:\\\/\\\/www.webdo.tn\\\/fr\\\/actualite\\\/national\\\/accidents-de-la-route-411-morts-en-cinq-mois\\\/205787\\\/\"},\"wordCount\":146,\"commentCount\":0,\"publisher\":{\"@id\":\"https:\\\/\\\/www.webdo.tn\\\/fr\\\/#organization\"},\"image\":{\"@id\":\"https:\\\/\\\/www.webdo.tn\\\/fr\\\/actualite\\\/national\\\/accidents-de-la-route-411-morts-en-cinq-mois\\\/205787\\\/#primaryimage\"},\"thumbnailUrl\":\"https:\\\/\\\/www.webdo.tn\\\/fr\\\/wp-content\\\/uploads\\\/2023\\\/05\\\/78e1bea09b7b4c51b08389e6536a4174.jpg\",\"keywords\":[\"accidents\",\"route\",\"Tunisie\"],\"articleSection\":[\"National\"],\"inLanguage\":\"fr-FR\"},{\"@type\":\"WebPage\",\"@id\":\"https:\\\/\\\/www.webdo.tn\\\/fr\\\/actualite\\\/national\\\/accidents-de-la-route-411-morts-en-cinq-mois\\\/205787\\\/\",\"url\":\"https:\\\/\\\/www.webdo.tn\\\/fr\\\/actualite\\\/national\\\/accidents-de-la-route-411-morts-en-cinq-mois\\\/205787\\\/\",\"name\":\"Accidents de la route : 411 morts en cinq mois !\",\"isPartOf\":{\"@id\":\"https:\\\/\\\/www.webdo.tn\\\/fr\\\/#website\"},\"primaryImageOfPage\":{\"@id\":\"https:\\\/\\\/www.webdo.tn\\\/fr\\\/actualite\\\/national\\\/accidents-de-la-route-411-morts-en-cinq-mois\\\/205787\\\/#primaryimage\"},\"image\":{\"@id\":\"https:\\\/\\\/www.webdo.tn\\\/fr\\\/actualite\\\/national\\\/accidents-de-la-route-411-morts-en-cinq-mois\\\/205787\\\/#primaryimage\"},\"thumbnailUrl\":\"https:\\\/\\\/www.webdo.tn\\\/fr\\\/wp-content\\\/uploads\\\/2023\\\/05\\\/78e1bea09b7b4c51b08389e6536a4174.jpg\",\"datePublished\":\"2023-05-17T15:01:00+00:00\",\"dateModified\":\"2025-05-20T22:58:17+00:00\",\"description\":\"Mourad Jouini, pr\u00e9sident de l'Observatoire national de la s\u00e9curit\u00e9 routi\u00e8re, a d\u00e9clar\u00e9, aujourd\u2019hui 17 mai, que 1881 accidents de la route ont \u00e9t\u00e9 enregistr\u00e9s d...\",\"breadcrumb\":{\"@id\":\"https:\\\/\\\/www.webdo.tn\\\/fr\\\/actualite\\\/national\\\/accidents-de-la-route-411-morts-en-cinq-mois\\\/205787\\\/#breadcrumb\"},\"inLanguage\":\"fr-FR\",\"potentialAction\":[{\"@type\":\"ReadAction\",\"target\":[\"https:\\\/\\\/www.webdo.tn\\\/fr\\\/actualite\\\/national\\\/accidents-de-la-route-411-morts-en-cinq-mois\\\/205787\\\/\"]}]},{\"@type\":\"ImageObject\",\"inLanguage\":\"fr-FR\",\"@id\":\"https:\\\/\\\/www.webdo.tn\\\/fr\\\/actualite\\\/national\\\/accidents-de-la-route-411-morts-en-cinq-mois\\\/205787\\\/#primaryimage\",\"url\":\"https:\\\/\\\/www.webdo.tn\\\/fr\\\/wp-content\\\/uploads\\\/2023\\\/05\\\/78e1bea09b7b4c51b08389e6536a4174.jpg\",\"contentUrl\":\"https:\\\/\\\/www.webdo.tn\\\/fr\\\/wp-content\\\/uploads\\\/2023\\\/05\\\/78e1bea09b7b4c51b08389e6536a4174.jpg\",\"width\":750,\"height\":400,\"caption\":\"Accidents de la route : 411 morts en cinq mois !\"},{\"@type\":\"BreadcrumbList\",\"@id\":\"https:\\\/\\\/www.webdo.tn\\\/fr\\\/actualite\\\/national\\\/accidents-de-la-route-411-morts-en-cinq-mois\\\/205787\\\/#breadcrumb\",\"itemListElement\":[{\"@type\":\"ListItem\",\"position\":1,\"name\":\"Accueil\",\"item\":\"https:\\\/\\\/www.webdo.tn\\\/fr\\\/\"},{\"@type\":\"ListItem\",\"position\":2,\"name\":\"Accidents de la route : 411 morts en cinq mois !\"}]},{\"@type\":\"WebSite\",\"@id\":\"https:\\\/\\\/www.webdo.tn\\\/fr\\\/#website\",\"url\":\"https:\\\/\\\/www.webdo.tn\\\/fr\\\/\",\"name\":\"webdo\",\"description\":\"Tunisie - News en Tunisie et \u00e0 l&#039;international sur Webdo.tn\",\"publisher\":{\"@id\":\"https:\\\/\\\/www.webdo.tn\\\/fr\\\/#organization\"},\"potentialAction\":[{\"@type\":\"SearchAction\",\"target\":{\"@type\":\"EntryPoint\",\"urlTemplate\":\"https:\\\/\\\/www.webdo.tn\\\/fr\\\/?s={search_term_string}\"},\"query-input\":{\"@type\":\"PropertyValueSpecification\",\"valueRequired\":true,\"valueName\":\"search_term_string\"}}],\"inLanguage\":\"fr-FR\"},{\"@type\":\"Organization\",\"@id\":\"https:\\\/\\\/www.webdo.tn\\\/fr\\\/#organization\",\"name\":\"Webdo\",\"alternateName\":\"Webdo.tn\",\"url\":\"https:\\\/\\\/www.webdo.tn\\\/fr\\\/\",\"logo\":{\"@type\":\"ImageObject\",\"inLanguage\":\"fr-FR\",\"@id\":\"https:\\\/\\\/www.webdo.tn\\\/fr\\\/#\\\/schema\\\/logo\\\/image\\\/\",\"url\":\"https:\\\/\\\/www.webdo.tn\\\/fr\\\/wp-content\\\/uploads\\\/2025\\\/06\\\/Webdo-Tunisie_168377.jpg\",\"contentUrl\":\"https:\\\/\\\/www.webdo.tn\\\/fr\\\/wp-content\\\/uploads\\\/2025\\\/06\\\/Webdo-Tunisie_168377.jpg\",\"width\":301,\"height\":301,\"caption\":\"Webdo\"},\"image\":{\"@id\":\"https:\\\/\\\/www.webdo.tn\\\/fr\\\/#\\\/schema\\\/logo\\\/image\\\/\"},\"sameAs\":[\"https:\\\/\\\/www.facebook.com\\\/webdotn\",\"https:\\\/\\\/x.com\\\/webdo_tn\"],\"description\":\"Webdo est un m\u00e9dia num\u00e9rique tunisien fond\u00e9 en 2010, sp\u00e9cialis\u00e9 dans l\u2019actualit\u00e9 nationale et internationale, l\u2019\u00e9conomie, la soci\u00e9t\u00e9 et les analyses politiques. Le site s\u2019adresse \u00e0 un large public francophone et couvre l\u2019information tunisienne en temps r\u00e9el.\",\"email\":\"redac@webdo.tn\",\"legalName\":\"YNJ SARL\",\"foundingDate\":\"2010-09-06\",\"numberOfEmployees\":{\"@type\":\"QuantitativeValue\",\"minValue\":\"11\",\"maxValue\":\"50\"}},{\"@type\":\"Person\",\"@id\":\"https:\\\/\\\/www.webdo.tn\\\/fr\\\/#\\\/schema\\\/person\\\/590cb5f81adcfde6385530fdbdf468e2\",\"name\":\"Ramzi\",\"image\":{\"@type\":\"ImageObject\",\"inLanguage\":\"fr-FR\",\"@id\":\"https:\\\/\\\/secure.gravatar.com\\\/avatar\\\/48df7d18915e10cf866ba8e27604c81ff9243fd52704a1d210c3e387e1cb8d87?s=96&d=mm&r=g\",\"url\":\"https:\\\/\\\/secure.gravatar.com\\\/avatar\\\/48df7d18915e10cf866ba8e27604c81ff9243fd52704a1d210c3e387e1cb8d87?s=96&d=mm&r=g\",\"contentUrl\":\"https:\\\/\\\/secure.gravatar.com\\\/avatar\\\/48df7d18915e10cf866ba8e27604c81ff9243fd52704a1d210c3e387e1cb8d87?s=96&d=mm&r=g\",\"caption\":\"Ramzi\"},\"url\":\"https:\\\/\\\/www.webdo.tn\\\/fr\\\/actualite\\\/author\\\/ramzi\\\/\"}]}<\/script>\n<!-- \/ Yoast SEO Premium plugin. -->","yoast_head_json":{"title":"Accidents de la route : 411 morts en cinq mois !","description":"Mourad Jouini, pr\u00e9sident de l'Observatoire national de la s\u00e9curit\u00e9 routi\u00e8re, a d\u00e9clar\u00e9, aujourd\u2019hui 17 mai, que 1881 accidents de la route ont \u00e9t\u00e9 enregistr\u00e9s d...","canonical":"https:\/\/www.webdo.tn\/fr\/actualite\/national\/accidents-de-la-route-411-morts-en-cinq-mois\/205787\/","og_locale":"fr_FR","og_type":"article","og_title":"Accidents de la route : 411 morts en cinq mois !","og_description":"Mourad Jouini, pr\u00e9sident de l'Observatoire national de la s\u00e9curit\u00e9 routi\u00e8re, a d\u00e9clar\u00e9, aujourd\u2019hui 17 mai, que 1881 accidents de la route ont \u00e9t\u00e9 enregistr\u00e9s d...","og_url":"https:\/\/www.webdo.tn\/fr\/actualite\/national\/accidents-de-la-route-411-morts-en-cinq-mois\/205787\/","og_site_name":"webdo","article_publisher":"https:\/\/www.facebook.com\/webdotn","article_published_time":"2023-05-17T15:01:00+00:00","article_modified_time":"2025-05-20T22:58:17+00:00","og_image":[{"width":750,"height":400,"url":"https:\/\/www.webdo.tn\/fr\/wp-content\/uploads\/2023\/05\/78e1bea09b7b4c51b08389e6536a4174.jpg","type":"image\/jpeg"}],"author":"Ramzi","twitter_card":"summary_large_image","twitter_creator":"@webdo_tn","twitter_site":"@webdo_tn","twitter_misc":{"\u00c9crit par":"Ramzi","Dur\u00e9e de lecture estim\u00e9e":"1 minute"},"schema":{"@context":"https:\/\/schema.org","@graph":[{"@type":"NewsArticle","@id":"https:\/\/www.webdo.tn\/fr\/actualite\/national\/accidents-de-la-route-411-morts-en-cinq-mois\/205787\/#article","isPartOf":{"@id":"https:\/\/www.webdo.tn\/fr\/actualite\/national\/accidents-de-la-route-411-morts-en-cinq-mois\/205787\/"},"author":{"name":"Ramzi","@id":"https:\/\/www.webdo.tn\/fr\/#\/schema\/person\/590cb5f81adcfde6385530fdbdf468e2"},"headline":"Accidents de la route : 411 morts en cinq mois !","datePublished":"2023-05-17T15:01:00+00:00","dateModified":"2025-05-20T22:58:17+00:00","mainEntityOfPage":{"@id":"https:\/\/www.webdo.tn\/fr\/actualite\/national\/accidents-de-la-route-411-morts-en-cinq-mois\/205787\/"},"wordCount":146,"commentCount":0,"publisher":{"@id":"https:\/\/www.webdo.tn\/fr\/#organization"},"image":{"@id":"https:\/\/www.webdo.tn\/fr\/actualite\/national\/accidents-de-la-route-411-morts-en-cinq-mois\/205787\/#primaryimage"},"thumbnailUrl":"https:\/\/www.webdo.tn\/fr\/wp-content\/uploads\/2023\/05\/78e1bea09b7b4c51b08389e6536a4174.jpg","keywords":["accidents","route","Tunisie"],"articleSection":["National"],"inLanguage":"fr-FR"},{"@type":"WebPage","@id":"https:\/\/www.webdo.tn\/fr\/actualite\/national\/accidents-de-la-route-411-morts-en-cinq-mois\/205787\/","url":"https:\/\/www.webdo.tn\/fr\/actualite\/national\/accidents-de-la-route-411-morts-en-cinq-mois\/205787\/","name":"Accidents de la route : 411 morts en cinq mois !","isPartOf":{"@id":"https:\/\/www.webdo.tn\/fr\/#website"},"primaryImageOfPage":{"@id":"https:\/\/www.webdo.tn\/fr\/actualite\/national\/accidents-de-la-route-411-morts-en-cinq-mois\/205787\/#primaryimage"},"image":{"@id":"https:\/\/www.webdo.tn\/fr\/actualite\/national\/accidents-de-la-route-411-morts-en-cinq-mois\/205787\/#primaryimage"},"thumbnailUrl":"https:\/\/www.webdo.tn\/fr\/wp-content\/uploads\/2023\/05\/78e1bea09b7b4c51b08389e6536a4174.jpg","datePublished":"2023-05-17T15:01:00+00:00","dateModified":"2025-05-20T22:58:17+00:00","description":"Mourad Jouini, pr\u00e9sident de l'Observatoire national de la s\u00e9curit\u00e9 routi\u00e8re, a d\u00e9clar\u00e9, aujourd\u2019hui 17 mai, que 1881 accidents de la route ont \u00e9t\u00e9 enregistr\u00e9s d...","breadcrumb":{"@id":"https:\/\/www.webdo.tn\/fr\/actualite\/national\/accidents-de-la-route-411-morts-en-cinq-mois\/205787\/#breadcrumb"},"inLanguage":"fr-FR","potentialAction":[{"@type":"ReadAction","target":["https:\/\/www.webdo.tn\/fr\/actualite\/national\/accidents-de-la-route-411-morts-en-cinq-mois\/205787\/"]}]},{"@type":"ImageObject","inLanguage":"fr-FR","@id":"https:\/\/www.webdo.tn\/fr\/actualite\/national\/accidents-de-la-route-411-morts-en-cinq-mois\/205787\/#primaryimage","url":"https:\/\/www.webdo.tn\/fr\/wp-content\/uploads\/2023\/05\/78e1bea09b7b4c51b08389e6536a4174.jpg","contentUrl":"https:\/\/www.webdo.tn\/fr\/wp-content\/uploads\/2023\/05\/78e1bea09b7b4c51b08389e6536a4174.jpg","width":750,"height":400,"caption":"Accidents de la route : 411 morts en cinq mois !"},{"@type":"BreadcrumbList","@id":"https:\/\/www.webdo.tn\/fr\/actualite\/national\/accidents-de-la-route-411-morts-en-cinq-mois\/205787\/#breadcrumb","itemListElement":[{"@type":"ListItem","position":1,"name":"Accueil","item":"https:\/\/www.webdo.tn\/fr\/"},{"@type":"ListItem","position":2,"name":"Accidents de la route : 411 morts en cinq mois !"}]},{"@type":"WebSite","@id":"https:\/\/www.webdo.tn\/fr\/#website","url":"https:\/\/www.webdo.tn\/fr\/","name":"webdo","description":"Tunisie - News en Tunisie et \u00e0 l&#039;international sur Webdo.tn","publisher":{"@id":"https:\/\/www.webdo.tn\/fr\/#organization"},"potentialAction":[{"@type":"SearchAction","target":{"@type":"EntryPoint","urlTemplate":"https:\/\/www.webdo.tn\/fr\/?s={search_term_string}"},"query-input":{"@type":"PropertyValueSpecification","valueRequired":true,"valueName":"search_term_string"}}],"inLanguage":"fr-FR"},{"@type":"Organization","@id":"https:\/\/www.webdo.tn\/fr\/#organization","name":"Webdo","alternateName":"Webdo.tn","url":"https:\/\/www.webdo.tn\/fr\/","logo":{"@type":"ImageObject","inLanguage":"fr-FR","@id":"https:\/\/www.webdo.tn\/fr\/#\/schema\/logo\/image\/","url":"https:\/\/www.webdo.tn\/fr\/wp-content\/uploads\/2025\/06\/Webdo-Tunisie_168377.jpg","contentUrl":"https:\/\/www.webdo.tn\/fr\/wp-content\/uploads\/2025\/06\/Webdo-Tunisie_168377.jpg","width":301,"height":301,"caption":"Webdo"},"image":{"@id":"https:\/\/www.webdo.tn\/fr\/#\/schema\/logo\/image\/"},"sameAs":["https:\/\/www.facebook.com\/webdotn","https:\/\/x.com\/webdo_tn"],"description":"Webdo est un m\u00e9dia num\u00e9rique tunisien fond\u00e9 en 2010, sp\u00e9cialis\u00e9 dans l\u2019actualit\u00e9 nationale et internationale, l\u2019\u00e9conomie, la soci\u00e9t\u00e9 et les analyses politiques. Le site s\u2019adresse \u00e0 un large public francophone et couvre l\u2019information tunisienne en temps r\u00e9el.","email":"redac@webdo.tn","legalName":"YNJ SARL","foundingDate":"2010-09-06","numberOfEmployees":{"@type":"QuantitativeValue","minValue":"11","maxValue":"50"}},{"@type":"Person","@id":"https:\/\/www.webdo.tn\/fr\/#\/schema\/person\/590cb5f81adcfde6385530fdbdf468e2","name":"Ramzi","image":{"@type":"ImageObject","inLanguage":"fr-FR","@id":"https:\/\/secure.gravatar.com\/avatar\/48df7d18915e10cf866ba8e27604c81ff9243fd52704a1d210c3e387e1cb8d87?s=96&d=mm&r=g","url":"https:\/\/secure.gravatar.com\/avatar\/48df7d18915e10cf866ba8e27604c81ff9243fd52704a1d210c3e387e1cb8d87?s=96&d=mm&r=g","contentUrl":"https:\/\/secure.gravatar.com\/avatar\/48df7d18915e10cf866ba8e27604c81ff9243fd52704a1d210c3e387e1cb8d87?s=96&d=mm&r=g","caption":"Ramzi"},"url":"https:\/\/www.webdo.tn\/fr\/actualite\/author\/ramzi\/"}]}},"_links":{"self":[{"href":"https:\/\/www.webdo.tn\/fr\/wp-json\/wp\/v2\/posts\/205787","targetHints":{"allow":["GET"]}}],"collection":[{"href":"https:\/\/www.webdo.tn\/fr\/wp-json\/wp\/v2\/posts"}],"about":[{"href":"https:\/\/www.webdo.tn\/fr\/wp-json\/wp\/v2\/types\/post"}],"author":[{"embeddable":true,"href":"https:\/\/www.webdo.tn\/fr\/wp-json\/wp\/v2\/users\/3188"}],"replies":[{"embeddable":true,"href":"https:\/\/www.webdo.tn\/fr\/wp-json\/wp\/v2\/comments?post=205787"}],"version-history":[{"count":0,"href":"https:\/\/www.webdo.tn\/fr\/wp-json\/wp\/v2\/posts\/205787\/revisions"}],"wp:featuredmedia":[{"embeddable":true,"href":"https:\/\/www.webdo.tn\/fr\/wp-json\/wp\/v2\/media\/251119"}],"wp:attachment":[{"href":"https:\/\/www.webdo.tn\/fr\/wp-json\/wp\/v2\/media?parent=205787"}],"wp:term":[{"taxonomy":"category","embeddable":true,"href":"https:\/\/www.webdo.tn\/fr\/wp-json\/wp\/v2\/categories?post=205787"},{"taxonomy":"post_tag","embeddable":true,"href":"https:\/\/www.webdo.tn\/fr\/wp-json\/wp\/v2\/tags?post=205787"}],"curies":[{"name":"wp","href":"https:\/\/api.w.org\/{rel}","templated":true}]}}