{"id":205778,"date":"2023-05-17T10:29:00","date_gmt":"2023-05-17T10:29:00","guid":{"rendered":"https:\/\/www.webdo.tn\/fr\/blog\/lazhar-akremi-auditionne-dans-l-affaire-du-complot-contre-la-surete-de-l-etat\/205778\/"},"modified":"2025-05-20T22:08:54","modified_gmt":"2025-05-20T22:08:54","slug":"lazhar-akremi-auditionne-dans-l-affaire-du-complot-contre-la-surete-de-l-etat","status":"publish","type":"post","link":"https:\/\/www.webdo.tn\/fr\/actualite\/national\/lazhar-akremi-auditionne-dans-l-affaire-du-complot-contre-la-surete-de-l-etat\/205778\/","title":{"rendered":"Lazhar Akremi auditionn\u00e9 dans l\u2019affaire du complot contre la s\u00fbret\u00e9 de l\u2019Etat"},"content":{"rendered":"<p>Lazhar Akremi, comparait, ce mercredi 17 mai 2023, devant le juge d\u2019instruction au P\u00f4le judiciaire de lutte contre le terrorisme pour \u00eatre entendu dans l\u2019affaire du complot contre la s\u00fbret\u00e9 de l\u2019Etat.<\/p>\n<p>\t\t\t\t\t\t\t\t\tL\u2019avocat et activiste politique devait \u00eatre entendu le 28 avril dernier, mais il avait refus\u00e9 de sortir de prison\u2026 et de monter dans le v\u00e9hicule qui devait le transf\u00e9rer de la prison au p\u00f4le judiciaire de lutte contre le terrorisme du fait que ce v\u00e9hicule de transport ne respectait pas le minimum des normes requis, selon ses avocats.<\/p>\n<p>Arr\u00eat\u00e9 le 13 f\u00e9vrier dernier, Lazhar Akremi a fait l\u2019objet d\u2019un mandat de d\u00e9p\u00f4t le 27 f\u00e9vrier 2023. Alors qu\u2019il devait \u00eatre auditionn\u00e9 aujourd\u2019hui, son audition a \u00e9t\u00e9 report\u00e9e au 17 mai prochain.<\/p>\n<p>L\u2019affaire pour laquelle doit \u00eatre auditionn\u00e9 Lazhar Akremi concerne \u00e9galement l\u2019homme d\u2019affaires Kamel Leta\u00efef, l\u2019activiste politique Khayam Turki, les avocats, Ridha Belhaj et Ghazi Chaouachi, l\u2019ancien dirigeant au mouvement Ennahdha, Abdelhamid Jelassi, la membre du Front du salut Cha\u00efma Issa et le dirigeant au parti Al Joumhouri Issam Chebbi.<\/p>\n<p>Ils ont tous fait l\u2019objet de mandats de d\u00e9p\u00f4t en prison \u00e9mis le 25 f\u00e9vrier 2023.<\/p>\n","protected":false},"excerpt":{"rendered":"<p>Lazhar Akremi, comparait, ce mercredi 17 mai 2023, devant le juge d\u2019instruction au P\u00f4le judiciaire de lutte contre le terrorisme pour \u00eatre entendu dans l\u2019affair&#8230;<\/p>\n","protected":false},"author":3162,"featured_media":278173,"comment_status":"open","ping_status":"closed","sticky":false,"template":"","format":"standard","meta":{"footnotes":""},"categories":[44],"tags":[3043,3784,8754],"class_list":["post-205778","post","type-post","status-publish","format-standard","has-post-thumbnail","hentry","category-national","tag-audition","tag-complot","tag-lazhar-akremi"],"yoast_head":"<!-- This site is optimized with the Yoast SEO Premium plugin v27.4 (Yoast SEO v27.5) - https:\/\/yoast.com\/product\/yoast-seo-premium-wordpress\/ -->\n<title>Lazhar Akremi auditionn\u00e9 dans l\u2019affaire du complot contre la s\u00fbret\u00e9 de l\u2019Etat<\/title>\n<meta name=\"description\" content=\"Lazhar Akremi, comparait, ce mercredi 17 mai 2023, devant le juge d\u2019instruction au P\u00f4le judiciaire de lutte contre le terrorisme pour \u00eatre entendu dans l\u2019affair...\" \/>\n<link rel=\"canonical\" href=\"https:\/\/www.webdo.tn\/fr\/actualite\/national\/lazhar-akremi-auditionne-dans-l-affaire-du-complot-contre-la-surete-de-l-etat\/205778\/\" \/>\n<meta property=\"og:locale\" content=\"fr_FR\" \/>\n<meta property=\"og:type\" content=\"article\" \/>\n<meta property=\"og:title\" content=\"Lazhar Akremi auditionn\u00e9 dans l\u2019affaire du complot contre la s\u00fbret\u00e9 de l\u2019Etat\" \/>\n<meta property=\"og:description\" content=\"Lazhar Akremi, comparait, ce mercredi 17 mai 2023, devant le juge d\u2019instruction au P\u00f4le judiciaire de lutte contre le terrorisme pour \u00eatre entendu dans l\u2019affair...\" \/>\n<meta property=\"og:url\" content=\"https:\/\/www.webdo.tn\/fr\/actualite\/national\/lazhar-akremi-auditionne-dans-l-affaire-du-complot-contre-la-surete-de-l-etat\/205778\/\" \/>\n<meta property=\"og:site_name\" content=\"webdo\" \/>\n<meta property=\"article:publisher\" content=\"https:\/\/www.facebook.com\/webdotn\" \/>\n<meta property=\"article:published_time\" content=\"2023-05-17T10:29:00+00:00\" \/>\n<meta property=\"article:modified_time\" content=\"2025-05-20T22:08:54+00:00\" \/>\n<meta property=\"og:image\" content=\"https:\/\/www.webdo.tn\/fr\/wp-content\/uploads\/2023\/05\/cb4577355338c17e25cf82c8e2a04087.jpg\" \/>\n\t<meta property=\"og:image:width\" content=\"600\" \/>\n\t<meta property=\"og:image:height\" content=\"320\" \/>\n\t<meta property=\"og:image:type\" content=\"image\/jpeg\" \/>\n<meta name=\"author\" content=\"MC\" \/>\n<meta name=\"twitter:card\" content=\"summary_large_image\" \/>\n<meta name=\"twitter:creator\" content=\"@webdo_tn\" \/>\n<meta name=\"twitter:site\" content=\"@webdo_tn\" \/>\n<meta name=\"twitter:label1\" content=\"\u00c9crit par\" \/>\n\t<meta name=\"twitter:data1\" content=\"MC\" \/>\n\t<meta name=\"twitter:label2\" content=\"Dur\u00e9e de lecture estim\u00e9e\" \/>\n\t<meta name=\"twitter:data2\" content=\"1 minute\" \/>\n<script type=\"application\/ld+json\" class=\"yoast-schema-graph\">{\"@context\":\"https:\\\/\\\/schema.org\",\"@graph\":[{\"@type\":\"NewsArticle\",\"@id\":\"https:\\\/\\\/www.webdo.tn\\\/fr\\\/actualite\\\/national\\\/lazhar-akremi-auditionne-dans-l-affaire-du-complot-contre-la-surete-de-l-etat\\\/205778\\\/#article\",\"isPartOf\":{\"@id\":\"https:\\\/\\\/www.webdo.tn\\\/fr\\\/actualite\\\/national\\\/lazhar-akremi-auditionne-dans-l-affaire-du-complot-contre-la-surete-de-l-etat\\\/205778\\\/\"},\"author\":{\"name\":\"MC\",\"@id\":\"https:\\\/\\\/www.webdo.tn\\\/fr\\\/#\\\/schema\\\/person\\\/2c4929cbf5a809e3bd38617c6ce150f6\"},\"headline\":\"Lazhar Akremi auditionn\u00e9 dans l\u2019affaire du complot contre la s\u00fbret\u00e9 de l\u2019Etat\",\"datePublished\":\"2023-05-17T10:29:00+00:00\",\"dateModified\":\"2025-05-20T22:08:54+00:00\",\"mainEntityOfPage\":{\"@id\":\"https:\\\/\\\/www.webdo.tn\\\/fr\\\/actualite\\\/national\\\/lazhar-akremi-auditionne-dans-l-affaire-du-complot-contre-la-surete-de-l-etat\\\/205778\\\/\"},\"wordCount\":225,\"commentCount\":0,\"publisher\":{\"@id\":\"https:\\\/\\\/www.webdo.tn\\\/fr\\\/#organization\"},\"image\":{\"@id\":\"https:\\\/\\\/www.webdo.tn\\\/fr\\\/actualite\\\/national\\\/lazhar-akremi-auditionne-dans-l-affaire-du-complot-contre-la-surete-de-l-etat\\\/205778\\\/#primaryimage\"},\"thumbnailUrl\":\"https:\\\/\\\/www.webdo.tn\\\/fr\\\/wp-content\\\/uploads\\\/2023\\\/05\\\/cb4577355338c17e25cf82c8e2a04087.jpg\",\"keywords\":[\"audition\",\"complot\",\"Lazhar Akremi\"],\"articleSection\":[\"National\"],\"inLanguage\":\"fr-FR\"},{\"@type\":\"WebPage\",\"@id\":\"https:\\\/\\\/www.webdo.tn\\\/fr\\\/actualite\\\/national\\\/lazhar-akremi-auditionne-dans-l-affaire-du-complot-contre-la-surete-de-l-etat\\\/205778\\\/\",\"url\":\"https:\\\/\\\/www.webdo.tn\\\/fr\\\/actualite\\\/national\\\/lazhar-akremi-auditionne-dans-l-affaire-du-complot-contre-la-surete-de-l-etat\\\/205778\\\/\",\"name\":\"Lazhar Akremi auditionn\u00e9 dans l\u2019affaire du complot contre la s\u00fbret\u00e9 de l\u2019Etat\",\"isPartOf\":{\"@id\":\"https:\\\/\\\/www.webdo.tn\\\/fr\\\/#website\"},\"primaryImageOfPage\":{\"@id\":\"https:\\\/\\\/www.webdo.tn\\\/fr\\\/actualite\\\/national\\\/lazhar-akremi-auditionne-dans-l-affaire-du-complot-contre-la-surete-de-l-etat\\\/205778\\\/#primaryimage\"},\"image\":{\"@id\":\"https:\\\/\\\/www.webdo.tn\\\/fr\\\/actualite\\\/national\\\/lazhar-akremi-auditionne-dans-l-affaire-du-complot-contre-la-surete-de-l-etat\\\/205778\\\/#primaryimage\"},\"thumbnailUrl\":\"https:\\\/\\\/www.webdo.tn\\\/fr\\\/wp-content\\\/uploads\\\/2023\\\/05\\\/cb4577355338c17e25cf82c8e2a04087.jpg\",\"datePublished\":\"2023-05-17T10:29:00+00:00\",\"dateModified\":\"2025-05-20T22:08:54+00:00\",\"description\":\"Lazhar Akremi, comparait, ce mercredi 17 mai 2023, devant le juge d\u2019instruction au P\u00f4le judiciaire de lutte contre le terrorisme pour \u00eatre entendu dans l\u2019affair...\",\"breadcrumb\":{\"@id\":\"https:\\\/\\\/www.webdo.tn\\\/fr\\\/actualite\\\/national\\\/lazhar-akremi-auditionne-dans-l-affaire-du-complot-contre-la-surete-de-l-etat\\\/205778\\\/#breadcrumb\"},\"inLanguage\":\"fr-FR\",\"potentialAction\":[{\"@type\":\"ReadAction\",\"target\":[\"https:\\\/\\\/www.webdo.tn\\\/fr\\\/actualite\\\/national\\\/lazhar-akremi-auditionne-dans-l-affaire-du-complot-contre-la-surete-de-l-etat\\\/205778\\\/\"]}]},{\"@type\":\"ImageObject\",\"inLanguage\":\"fr-FR\",\"@id\":\"https:\\\/\\\/www.webdo.tn\\\/fr\\\/actualite\\\/national\\\/lazhar-akremi-auditionne-dans-l-affaire-du-complot-contre-la-surete-de-l-etat\\\/205778\\\/#primaryimage\",\"url\":\"https:\\\/\\\/www.webdo.tn\\\/fr\\\/wp-content\\\/uploads\\\/2023\\\/05\\\/cb4577355338c17e25cf82c8e2a04087.jpg\",\"contentUrl\":\"https:\\\/\\\/www.webdo.tn\\\/fr\\\/wp-content\\\/uploads\\\/2023\\\/05\\\/cb4577355338c17e25cf82c8e2a04087.jpg\",\"width\":600,\"height\":320,\"caption\":\"Lazhar Akremi auditionn\u00e9 dans l\u2019affaire du complot contre la s\u00fbret\u00e9 de l\u2019Etat\"},{\"@type\":\"BreadcrumbList\",\"@id\":\"https:\\\/\\\/www.webdo.tn\\\/fr\\\/actualite\\\/national\\\/lazhar-akremi-auditionne-dans-l-affaire-du-complot-contre-la-surete-de-l-etat\\\/205778\\\/#breadcrumb\",\"itemListElement\":[{\"@type\":\"ListItem\",\"position\":1,\"name\":\"Accueil\",\"item\":\"https:\\\/\\\/www.webdo.tn\\\/fr\\\/\"},{\"@type\":\"ListItem\",\"position\":2,\"name\":\"Lazhar Akremi auditionn\u00e9 dans l\u2019affaire du complot contre la s\u00fbret\u00e9 de l\u2019Etat\"}]},{\"@type\":\"WebSite\",\"@id\":\"https:\\\/\\\/www.webdo.tn\\\/fr\\\/#website\",\"url\":\"https:\\\/\\\/www.webdo.tn\\\/fr\\\/\",\"name\":\"webdo\",\"description\":\"Tunisie - News en Tunisie et \u00e0 l&#039;international sur Webdo.tn\",\"publisher\":{\"@id\":\"https:\\\/\\\/www.webdo.tn\\\/fr\\\/#organization\"},\"potentialAction\":[{\"@type\":\"SearchAction\",\"target\":{\"@type\":\"EntryPoint\",\"urlTemplate\":\"https:\\\/\\\/www.webdo.tn\\\/fr\\\/?s={search_term_string}\"},\"query-input\":{\"@type\":\"PropertyValueSpecification\",\"valueRequired\":true,\"valueName\":\"search_term_string\"}}],\"inLanguage\":\"fr-FR\"},{\"@type\":\"Organization\",\"@id\":\"https:\\\/\\\/www.webdo.tn\\\/fr\\\/#organization\",\"name\":\"Webdo\",\"alternateName\":\"Webdo.tn\",\"url\":\"https:\\\/\\\/www.webdo.tn\\\/fr\\\/\",\"logo\":{\"@type\":\"ImageObject\",\"inLanguage\":\"fr-FR\",\"@id\":\"https:\\\/\\\/www.webdo.tn\\\/fr\\\/#\\\/schema\\\/logo\\\/image\\\/\",\"url\":\"https:\\\/\\\/www.webdo.tn\\\/fr\\\/wp-content\\\/uploads\\\/2025\\\/06\\\/Webdo-Tunisie_168377.jpg\",\"contentUrl\":\"https:\\\/\\\/www.webdo.tn\\\/fr\\\/wp-content\\\/uploads\\\/2025\\\/06\\\/Webdo-Tunisie_168377.jpg\",\"width\":301,\"height\":301,\"caption\":\"Webdo\"},\"image\":{\"@id\":\"https:\\\/\\\/www.webdo.tn\\\/fr\\\/#\\\/schema\\\/logo\\\/image\\\/\"},\"sameAs\":[\"https:\\\/\\\/www.facebook.com\\\/webdotn\",\"https:\\\/\\\/x.com\\\/webdo_tn\"],\"description\":\"Webdo est un m\u00e9dia num\u00e9rique tunisien fond\u00e9 en 2010, sp\u00e9cialis\u00e9 dans l\u2019actualit\u00e9 nationale et internationale, l\u2019\u00e9conomie, la soci\u00e9t\u00e9 et les analyses politiques. Le site s\u2019adresse \u00e0 un large public francophone et couvre l\u2019information tunisienne en temps r\u00e9el.\",\"email\":\"redac@webdo.tn\",\"legalName\":\"YNJ SARL\",\"foundingDate\":\"2010-09-06\",\"numberOfEmployees\":{\"@type\":\"QuantitativeValue\",\"minValue\":\"11\",\"maxValue\":\"50\"}},{\"@type\":\"Person\",\"@id\":\"https:\\\/\\\/www.webdo.tn\\\/fr\\\/#\\\/schema\\\/person\\\/2c4929cbf5a809e3bd38617c6ce150f6\",\"name\":\"MC\",\"image\":{\"@type\":\"ImageObject\",\"inLanguage\":\"fr-FR\",\"@id\":\"https:\\\/\\\/secure.gravatar.com\\\/avatar\\\/a545bbb6f84efdd5553dbbc2895e3ca8f1d12c5215e00a041c9670b54aa9b18a?s=96&d=mm&r=g\",\"url\":\"https:\\\/\\\/secure.gravatar.com\\\/avatar\\\/a545bbb6f84efdd5553dbbc2895e3ca8f1d12c5215e00a041c9670b54aa9b18a?s=96&d=mm&r=g\",\"contentUrl\":\"https:\\\/\\\/secure.gravatar.com\\\/avatar\\\/a545bbb6f84efdd5553dbbc2895e3ca8f1d12c5215e00a041c9670b54aa9b18a?s=96&d=mm&r=g\",\"caption\":\"MC\"},\"url\":\"https:\\\/\\\/www.webdo.tn\\\/fr\\\/actualite\\\/author\\\/mc\\\/\"}]}<\/script>\n<!-- \/ Yoast SEO Premium plugin. -->","yoast_head_json":{"title":"Lazhar Akremi auditionn\u00e9 dans l\u2019affaire du complot contre la s\u00fbret\u00e9 de l\u2019Etat","description":"Lazhar Akremi, comparait, ce mercredi 17 mai 2023, devant le juge d\u2019instruction au P\u00f4le judiciaire de lutte contre le terrorisme pour \u00eatre entendu dans l\u2019affair...","canonical":"https:\/\/www.webdo.tn\/fr\/actualite\/national\/lazhar-akremi-auditionne-dans-l-affaire-du-complot-contre-la-surete-de-l-etat\/205778\/","og_locale":"fr_FR","og_type":"article","og_title":"Lazhar Akremi auditionn\u00e9 dans l\u2019affaire du complot contre la s\u00fbret\u00e9 de l\u2019Etat","og_description":"Lazhar Akremi, comparait, ce mercredi 17 mai 2023, devant le juge d\u2019instruction au P\u00f4le judiciaire de lutte contre le terrorisme pour \u00eatre entendu dans l\u2019affair...","og_url":"https:\/\/www.webdo.tn\/fr\/actualite\/national\/lazhar-akremi-auditionne-dans-l-affaire-du-complot-contre-la-surete-de-l-etat\/205778\/","og_site_name":"webdo","article_publisher":"https:\/\/www.facebook.com\/webdotn","article_published_time":"2023-05-17T10:29:00+00:00","article_modified_time":"2025-05-20T22:08:54+00:00","og_image":[{"width":600,"height":320,"url":"https:\/\/www.webdo.tn\/fr\/wp-content\/uploads\/2023\/05\/cb4577355338c17e25cf82c8e2a04087.jpg","type":"image\/jpeg"}],"author":"MC","twitter_card":"summary_large_image","twitter_creator":"@webdo_tn","twitter_site":"@webdo_tn","twitter_misc":{"\u00c9crit par":"MC","Dur\u00e9e de lecture estim\u00e9e":"1 minute"},"schema":{"@context":"https:\/\/schema.org","@graph":[{"@type":"NewsArticle","@id":"https:\/\/www.webdo.tn\/fr\/actualite\/national\/lazhar-akremi-auditionne-dans-l-affaire-du-complot-contre-la-surete-de-l-etat\/205778\/#article","isPartOf":{"@id":"https:\/\/www.webdo.tn\/fr\/actualite\/national\/lazhar-akremi-auditionne-dans-l-affaire-du-complot-contre-la-surete-de-l-etat\/205778\/"},"author":{"name":"MC","@id":"https:\/\/www.webdo.tn\/fr\/#\/schema\/person\/2c4929cbf5a809e3bd38617c6ce150f6"},"headline":"Lazhar Akremi auditionn\u00e9 dans l\u2019affaire du complot contre la s\u00fbret\u00e9 de l\u2019Etat","datePublished":"2023-05-17T10:29:00+00:00","dateModified":"2025-05-20T22:08:54+00:00","mainEntityOfPage":{"@id":"https:\/\/www.webdo.tn\/fr\/actualite\/national\/lazhar-akremi-auditionne-dans-l-affaire-du-complot-contre-la-surete-de-l-etat\/205778\/"},"wordCount":225,"commentCount":0,"publisher":{"@id":"https:\/\/www.webdo.tn\/fr\/#organization"},"image":{"@id":"https:\/\/www.webdo.tn\/fr\/actualite\/national\/lazhar-akremi-auditionne-dans-l-affaire-du-complot-contre-la-surete-de-l-etat\/205778\/#primaryimage"},"thumbnailUrl":"https:\/\/www.webdo.tn\/fr\/wp-content\/uploads\/2023\/05\/cb4577355338c17e25cf82c8e2a04087.jpg","keywords":["audition","complot","Lazhar Akremi"],"articleSection":["National"],"inLanguage":"fr-FR"},{"@type":"WebPage","@id":"https:\/\/www.webdo.tn\/fr\/actualite\/national\/lazhar-akremi-auditionne-dans-l-affaire-du-complot-contre-la-surete-de-l-etat\/205778\/","url":"https:\/\/www.webdo.tn\/fr\/actualite\/national\/lazhar-akremi-auditionne-dans-l-affaire-du-complot-contre-la-surete-de-l-etat\/205778\/","name":"Lazhar Akremi auditionn\u00e9 dans l\u2019affaire du complot contre la s\u00fbret\u00e9 de l\u2019Etat","isPartOf":{"@id":"https:\/\/www.webdo.tn\/fr\/#website"},"primaryImageOfPage":{"@id":"https:\/\/www.webdo.tn\/fr\/actualite\/national\/lazhar-akremi-auditionne-dans-l-affaire-du-complot-contre-la-surete-de-l-etat\/205778\/#primaryimage"},"image":{"@id":"https:\/\/www.webdo.tn\/fr\/actualite\/national\/lazhar-akremi-auditionne-dans-l-affaire-du-complot-contre-la-surete-de-l-etat\/205778\/#primaryimage"},"thumbnailUrl":"https:\/\/www.webdo.tn\/fr\/wp-content\/uploads\/2023\/05\/cb4577355338c17e25cf82c8e2a04087.jpg","datePublished":"2023-05-17T10:29:00+00:00","dateModified":"2025-05-20T22:08:54+00:00","description":"Lazhar Akremi, comparait, ce mercredi 17 mai 2023, devant le juge d\u2019instruction au P\u00f4le judiciaire de lutte contre le terrorisme pour \u00eatre entendu dans l\u2019affair...","breadcrumb":{"@id":"https:\/\/www.webdo.tn\/fr\/actualite\/national\/lazhar-akremi-auditionne-dans-l-affaire-du-complot-contre-la-surete-de-l-etat\/205778\/#breadcrumb"},"inLanguage":"fr-FR","potentialAction":[{"@type":"ReadAction","target":["https:\/\/www.webdo.tn\/fr\/actualite\/national\/lazhar-akremi-auditionne-dans-l-affaire-du-complot-contre-la-surete-de-l-etat\/205778\/"]}]},{"@type":"ImageObject","inLanguage":"fr-FR","@id":"https:\/\/www.webdo.tn\/fr\/actualite\/national\/lazhar-akremi-auditionne-dans-l-affaire-du-complot-contre-la-surete-de-l-etat\/205778\/#primaryimage","url":"https:\/\/www.webdo.tn\/fr\/wp-content\/uploads\/2023\/05\/cb4577355338c17e25cf82c8e2a04087.jpg","contentUrl":"https:\/\/www.webdo.tn\/fr\/wp-content\/uploads\/2023\/05\/cb4577355338c17e25cf82c8e2a04087.jpg","width":600,"height":320,"caption":"Lazhar Akremi auditionn\u00e9 dans l\u2019affaire du complot contre la s\u00fbret\u00e9 de l\u2019Etat"},{"@type":"BreadcrumbList","@id":"https:\/\/www.webdo.tn\/fr\/actualite\/national\/lazhar-akremi-auditionne-dans-l-affaire-du-complot-contre-la-surete-de-l-etat\/205778\/#breadcrumb","itemListElement":[{"@type":"ListItem","position":1,"name":"Accueil","item":"https:\/\/www.webdo.tn\/fr\/"},{"@type":"ListItem","position":2,"name":"Lazhar Akremi auditionn\u00e9 dans l\u2019affaire du complot contre la s\u00fbret\u00e9 de l\u2019Etat"}]},{"@type":"WebSite","@id":"https:\/\/www.webdo.tn\/fr\/#website","url":"https:\/\/www.webdo.tn\/fr\/","name":"webdo","description":"Tunisie - News en Tunisie et \u00e0 l&#039;international sur Webdo.tn","publisher":{"@id":"https:\/\/www.webdo.tn\/fr\/#organization"},"potentialAction":[{"@type":"SearchAction","target":{"@type":"EntryPoint","urlTemplate":"https:\/\/www.webdo.tn\/fr\/?s={search_term_string}"},"query-input":{"@type":"PropertyValueSpecification","valueRequired":true,"valueName":"search_term_string"}}],"inLanguage":"fr-FR"},{"@type":"Organization","@id":"https:\/\/www.webdo.tn\/fr\/#organization","name":"Webdo","alternateName":"Webdo.tn","url":"https:\/\/www.webdo.tn\/fr\/","logo":{"@type":"ImageObject","inLanguage":"fr-FR","@id":"https:\/\/www.webdo.tn\/fr\/#\/schema\/logo\/image\/","url":"https:\/\/www.webdo.tn\/fr\/wp-content\/uploads\/2025\/06\/Webdo-Tunisie_168377.jpg","contentUrl":"https:\/\/www.webdo.tn\/fr\/wp-content\/uploads\/2025\/06\/Webdo-Tunisie_168377.jpg","width":301,"height":301,"caption":"Webdo"},"image":{"@id":"https:\/\/www.webdo.tn\/fr\/#\/schema\/logo\/image\/"},"sameAs":["https:\/\/www.facebook.com\/webdotn","https:\/\/x.com\/webdo_tn"],"description":"Webdo est un m\u00e9dia num\u00e9rique tunisien fond\u00e9 en 2010, sp\u00e9cialis\u00e9 dans l\u2019actualit\u00e9 nationale et internationale, l\u2019\u00e9conomie, la soci\u00e9t\u00e9 et les analyses politiques. Le site s\u2019adresse \u00e0 un large public francophone et couvre l\u2019information tunisienne en temps r\u00e9el.","email":"redac@webdo.tn","legalName":"YNJ SARL","foundingDate":"2010-09-06","numberOfEmployees":{"@type":"QuantitativeValue","minValue":"11","maxValue":"50"}},{"@type":"Person","@id":"https:\/\/www.webdo.tn\/fr\/#\/schema\/person\/2c4929cbf5a809e3bd38617c6ce150f6","name":"MC","image":{"@type":"ImageObject","inLanguage":"fr-FR","@id":"https:\/\/secure.gravatar.com\/avatar\/a545bbb6f84efdd5553dbbc2895e3ca8f1d12c5215e00a041c9670b54aa9b18a?s=96&d=mm&r=g","url":"https:\/\/secure.gravatar.com\/avatar\/a545bbb6f84efdd5553dbbc2895e3ca8f1d12c5215e00a041c9670b54aa9b18a?s=96&d=mm&r=g","contentUrl":"https:\/\/secure.gravatar.com\/avatar\/a545bbb6f84efdd5553dbbc2895e3ca8f1d12c5215e00a041c9670b54aa9b18a?s=96&d=mm&r=g","caption":"MC"},"url":"https:\/\/www.webdo.tn\/fr\/actualite\/author\/mc\/"}]}},"_links":{"self":[{"href":"https:\/\/www.webdo.tn\/fr\/wp-json\/wp\/v2\/posts\/205778","targetHints":{"allow":["GET"]}}],"collection":[{"href":"https:\/\/www.webdo.tn\/fr\/wp-json\/wp\/v2\/posts"}],"about":[{"href":"https:\/\/www.webdo.tn\/fr\/wp-json\/wp\/v2\/types\/post"}],"author":[{"embeddable":true,"href":"https:\/\/www.webdo.tn\/fr\/wp-json\/wp\/v2\/users\/3162"}],"replies":[{"embeddable":true,"href":"https:\/\/www.webdo.tn\/fr\/wp-json\/wp\/v2\/comments?post=205778"}],"version-history":[{"count":0,"href":"https:\/\/www.webdo.tn\/fr\/wp-json\/wp\/v2\/posts\/205778\/revisions"}],"wp:featuredmedia":[{"embeddable":true,"href":"https:\/\/www.webdo.tn\/fr\/wp-json\/wp\/v2\/media\/278173"}],"wp:attachment":[{"href":"https:\/\/www.webdo.tn\/fr\/wp-json\/wp\/v2\/media?parent=205778"}],"wp:term":[{"taxonomy":"category","embeddable":true,"href":"https:\/\/www.webdo.tn\/fr\/wp-json\/wp\/v2\/categories?post=205778"},{"taxonomy":"post_tag","embeddable":true,"href":"https:\/\/www.webdo.tn\/fr\/wp-json\/wp\/v2\/tags?post=205778"}],"curies":[{"name":"wp","href":"https:\/\/api.w.org\/{rel}","templated":true}]}}