{"id":205772,"date":"2023-05-17T09:09:00","date_gmt":"2023-05-17T09:09:00","guid":{"rendered":"https:\/\/www.webdo.tn\/fr\/blog\/nicolas-sarkozy-condamne-a-trois-ans-de-prison-dont-un-an-ferme\/205772\/"},"modified":"2025-05-20T22:08:53","modified_gmt":"2025-05-20T22:08:53","slug":"nicolas-sarkozy-condamne-a-trois-ans-de-prison-dont-un-an-ferme","status":"publish","type":"post","link":"https:\/\/www.webdo.tn\/fr\/actualite\/international\/nicolas-sarkozy-condamne-a-trois-ans-de-prison-dont-un-an-ferme\/205772\/","title":{"rendered":"Nicolas Sarkozy condamn\u00e9 \u00e0 trois ans de prison dont un an ferme"},"content":{"rendered":"<p>L&rsquo;ancien pr\u00e9sident de la R\u00e9publique a \u00e9t\u00e9 condamn\u00e9 \u00e0 une peine de trois ans de prison dont un an ferme pour corruption et trafic d&rsquo;influence.<\/p>\n<p>\t\t\t\t\t\t\t\t\tNicolas Sarkozy, qui avait \u00e9t\u00e9 condamn\u00e9 \u00e0 la m\u00eame peine en premi\u00e8re instance sera \u00e9galement priv\u00e9 de ses droits civiques pour une dur\u00e9e de trois ans. Il a d\u00e9cid\u00e9 de se pourvoir en cassation.<\/p>\n<p>La d\u00e9cision est tomb\u00e9e ce mercredi 17 mai et il s\u2019agit d\u2019une sanction in\u00e9dite pour un ancien pr\u00e9sident. La cour d&rsquo;appel de Paris a pr\u00e9cis\u00e9 que la peine se d\u00e9roulerait \u00e0 domicile, sous bracelet \u00e9lectronique.<\/p>\n<p>Nicolas Sarkozy est \u00e9galement priv\u00e9 de ses droits civiques pour une dur\u00e9e de trois ans, ce qui le rend in\u00e9ligible. Ses avocats ont aussit\u00f4t annonc\u00e9 qu&rsquo;il allait se pourvoir en cassation.<\/p>\n<p>Les deux copr\u00e9venus de l&rsquo;ex-pr\u00e9sident, son avocat historique Thierry Herzog et l&rsquo;ancien haut magistrat Gilbert Azibert, ont \u00e9t\u00e9 condamn\u00e9s \u00e0 la m\u00eame peine.<\/p>\n<p>Nicolas Sarkozy a \u00e9t\u00e9 condamn\u00e9 dans le cadre de l\u2019affaire dite des \u00ab \u00e9coutes \u00bb, li\u00e9e au financement de sa campagne victorieuse pour l\u2019\u00e9lection pr\u00e9sidentielle de 2007 et l&rsquo;affaire des soup\u00e7ons de financement libyen de la campagne pr\u00e9sidentielle de 2007 est indirectement \u00e0 l&rsquo;origine de l&rsquo;affaire des \u00ab\u00a0\u00e9coutes\u00a0\u00bb, aussi appel\u00e9e \u00ab\u00a0Bismuth\u00a0\u00bb.<\/p>\n","protected":false},"excerpt":{"rendered":"<p>L&rsquo;ancien pr\u00e9sident de la R\u00e9publique a \u00e9t\u00e9 condamn\u00e9 \u00e0 une peine de trois ans de prison dont un an ferme pour corruption et trafic d&rsquo;influence.<\/p>\n","protected":false},"author":3162,"featured_media":278168,"comment_status":"open","ping_status":"closed","sticky":false,"template":"","format":"standard","meta":{"footnotes":""},"categories":[2598],"tags":[2998,2708,9483],"class_list":["post-205772","post","type-post","status-publish","format-standard","has-post-thumbnail","hentry","category-international","tag-france","tag-prison","tag-sarkozy"],"yoast_head":"<!-- This site is optimized with the Yoast SEO Premium plugin v27.5 (Yoast SEO v27.5) - https:\/\/yoast.com\/product\/yoast-seo-premium-wordpress\/ -->\n<title>Nicolas Sarkozy condamn\u00e9 \u00e0 trois ans de prison dont un an ferme<\/title>\n<meta name=\"description\" content=\"L&#039;ancien pr\u00e9sident de la R\u00e9publique a \u00e9t\u00e9 condamn\u00e9 \u00e0 une peine de trois ans de prison dont un an ferme pour corruption et trafic d&#039;influence.\" \/>\n<link rel=\"canonical\" href=\"https:\/\/www.webdo.tn\/fr\/actualite\/international\/nicolas-sarkozy-condamne-a-trois-ans-de-prison-dont-un-an-ferme\/205772\/\" \/>\n<meta property=\"og:locale\" content=\"fr_FR\" \/>\n<meta property=\"og:type\" content=\"article\" \/>\n<meta property=\"og:title\" content=\"Nicolas Sarkozy condamn\u00e9 \u00e0 trois ans de prison dont un an ferme\" \/>\n<meta property=\"og:description\" content=\"L&#039;ancien pr\u00e9sident de la R\u00e9publique a \u00e9t\u00e9 condamn\u00e9 \u00e0 une peine de trois ans de prison dont un an ferme pour corruption et trafic d&#039;influence.\" \/>\n<meta property=\"og:url\" content=\"https:\/\/www.webdo.tn\/fr\/actualite\/international\/nicolas-sarkozy-condamne-a-trois-ans-de-prison-dont-un-an-ferme\/205772\/\" \/>\n<meta property=\"og:site_name\" content=\"webdo\" \/>\n<meta property=\"article:publisher\" content=\"https:\/\/www.facebook.com\/webdotn\" \/>\n<meta property=\"article:published_time\" content=\"2023-05-17T09:09:00+00:00\" \/>\n<meta property=\"article:modified_time\" content=\"2025-05-20T22:08:53+00:00\" \/>\n<meta property=\"og:image\" content=\"https:\/\/www.webdo.tn\/fr\/wp-content\/uploads\/2023\/05\/289e15be1df4fe6f7a5b6084dc0d055f.jpg\" \/>\n\t<meta property=\"og:image:width\" content=\"646\" \/>\n\t<meta property=\"og:image:height\" content=\"345\" \/>\n\t<meta property=\"og:image:type\" content=\"image\/jpeg\" \/>\n<meta name=\"author\" content=\"MC\" \/>\n<meta name=\"twitter:card\" content=\"summary_large_image\" \/>\n<meta name=\"twitter:creator\" content=\"@webdo_tn\" \/>\n<meta name=\"twitter:site\" content=\"@webdo_tn\" \/>\n<meta name=\"twitter:label1\" content=\"\u00c9crit par\" \/>\n\t<meta name=\"twitter:data1\" content=\"MC\" \/>\n\t<meta name=\"twitter:label2\" content=\"Dur\u00e9e de lecture estim\u00e9e\" \/>\n\t<meta name=\"twitter:data2\" content=\"1 minute\" \/>\n<script type=\"application\/ld+json\" class=\"yoast-schema-graph\">{\"@context\":\"https:\\\/\\\/schema.org\",\"@graph\":[{\"@type\":\"NewsArticle\",\"@id\":\"https:\\\/\\\/www.webdo.tn\\\/fr\\\/actualite\\\/international\\\/nicolas-sarkozy-condamne-a-trois-ans-de-prison-dont-un-an-ferme\\\/205772\\\/#article\",\"isPartOf\":{\"@id\":\"https:\\\/\\\/www.webdo.tn\\\/fr\\\/actualite\\\/international\\\/nicolas-sarkozy-condamne-a-trois-ans-de-prison-dont-un-an-ferme\\\/205772\\\/\"},\"author\":{\"name\":\"MC\",\"@id\":\"https:\\\/\\\/www.webdo.tn\\\/fr\\\/#\\\/schema\\\/person\\\/2c4929cbf5a809e3bd38617c6ce150f6\"},\"headline\":\"Nicolas Sarkozy condamn\u00e9 \u00e0 trois ans de prison dont un an ferme\",\"datePublished\":\"2023-05-17T09:09:00+00:00\",\"dateModified\":\"2025-05-20T22:08:53+00:00\",\"mainEntityOfPage\":{\"@id\":\"https:\\\/\\\/www.webdo.tn\\\/fr\\\/actualite\\\/international\\\/nicolas-sarkozy-condamne-a-trois-ans-de-prison-dont-un-an-ferme\\\/205772\\\/\"},\"wordCount\":237,\"commentCount\":0,\"publisher\":{\"@id\":\"https:\\\/\\\/www.webdo.tn\\\/fr\\\/#organization\"},\"image\":{\"@id\":\"https:\\\/\\\/www.webdo.tn\\\/fr\\\/actualite\\\/international\\\/nicolas-sarkozy-condamne-a-trois-ans-de-prison-dont-un-an-ferme\\\/205772\\\/#primaryimage\"},\"thumbnailUrl\":\"https:\\\/\\\/www.webdo.tn\\\/fr\\\/wp-content\\\/uploads\\\/2023\\\/05\\\/289e15be1df4fe6f7a5b6084dc0d055f.jpg\",\"keywords\":[\"france\",\"Prison\",\"sarkozy\"],\"articleSection\":[\"International\"],\"inLanguage\":\"fr-FR\"},{\"@type\":\"WebPage\",\"@id\":\"https:\\\/\\\/www.webdo.tn\\\/fr\\\/actualite\\\/international\\\/nicolas-sarkozy-condamne-a-trois-ans-de-prison-dont-un-an-ferme\\\/205772\\\/\",\"url\":\"https:\\\/\\\/www.webdo.tn\\\/fr\\\/actualite\\\/international\\\/nicolas-sarkozy-condamne-a-trois-ans-de-prison-dont-un-an-ferme\\\/205772\\\/\",\"name\":\"Nicolas Sarkozy condamn\u00e9 \u00e0 trois ans de prison dont un an ferme\",\"isPartOf\":{\"@id\":\"https:\\\/\\\/www.webdo.tn\\\/fr\\\/#website\"},\"primaryImageOfPage\":{\"@id\":\"https:\\\/\\\/www.webdo.tn\\\/fr\\\/actualite\\\/international\\\/nicolas-sarkozy-condamne-a-trois-ans-de-prison-dont-un-an-ferme\\\/205772\\\/#primaryimage\"},\"image\":{\"@id\":\"https:\\\/\\\/www.webdo.tn\\\/fr\\\/actualite\\\/international\\\/nicolas-sarkozy-condamne-a-trois-ans-de-prison-dont-un-an-ferme\\\/205772\\\/#primaryimage\"},\"thumbnailUrl\":\"https:\\\/\\\/www.webdo.tn\\\/fr\\\/wp-content\\\/uploads\\\/2023\\\/05\\\/289e15be1df4fe6f7a5b6084dc0d055f.jpg\",\"datePublished\":\"2023-05-17T09:09:00+00:00\",\"dateModified\":\"2025-05-20T22:08:53+00:00\",\"description\":\"L'ancien pr\u00e9sident de la R\u00e9publique a \u00e9t\u00e9 condamn\u00e9 \u00e0 une peine de trois ans de prison dont un an ferme pour corruption et trafic d'influence.\",\"breadcrumb\":{\"@id\":\"https:\\\/\\\/www.webdo.tn\\\/fr\\\/actualite\\\/international\\\/nicolas-sarkozy-condamne-a-trois-ans-de-prison-dont-un-an-ferme\\\/205772\\\/#breadcrumb\"},\"inLanguage\":\"fr-FR\",\"potentialAction\":[{\"@type\":\"ReadAction\",\"target\":[\"https:\\\/\\\/www.webdo.tn\\\/fr\\\/actualite\\\/international\\\/nicolas-sarkozy-condamne-a-trois-ans-de-prison-dont-un-an-ferme\\\/205772\\\/\"]}]},{\"@type\":\"ImageObject\",\"inLanguage\":\"fr-FR\",\"@id\":\"https:\\\/\\\/www.webdo.tn\\\/fr\\\/actualite\\\/international\\\/nicolas-sarkozy-condamne-a-trois-ans-de-prison-dont-un-an-ferme\\\/205772\\\/#primaryimage\",\"url\":\"https:\\\/\\\/www.webdo.tn\\\/fr\\\/wp-content\\\/uploads\\\/2023\\\/05\\\/289e15be1df4fe6f7a5b6084dc0d055f.jpg\",\"contentUrl\":\"https:\\\/\\\/www.webdo.tn\\\/fr\\\/wp-content\\\/uploads\\\/2023\\\/05\\\/289e15be1df4fe6f7a5b6084dc0d055f.jpg\",\"width\":646,\"height\":345,\"caption\":\"Nicolas Sarkozy condamn\u00e9 \u00e0 trois ans de prison dont un an ferme\"},{\"@type\":\"BreadcrumbList\",\"@id\":\"https:\\\/\\\/www.webdo.tn\\\/fr\\\/actualite\\\/international\\\/nicolas-sarkozy-condamne-a-trois-ans-de-prison-dont-un-an-ferme\\\/205772\\\/#breadcrumb\",\"itemListElement\":[{\"@type\":\"ListItem\",\"position\":1,\"name\":\"Accueil\",\"item\":\"https:\\\/\\\/www.webdo.tn\\\/fr\\\/\"},{\"@type\":\"ListItem\",\"position\":2,\"name\":\"Nicolas Sarkozy condamn\u00e9 \u00e0 trois ans de prison dont un an ferme\"}]},{\"@type\":\"WebSite\",\"@id\":\"https:\\\/\\\/www.webdo.tn\\\/fr\\\/#website\",\"url\":\"https:\\\/\\\/www.webdo.tn\\\/fr\\\/\",\"name\":\"webdo\",\"description\":\"Tunisie - News en Tunisie et \u00e0 l&#039;international sur Webdo.tn\",\"publisher\":{\"@id\":\"https:\\\/\\\/www.webdo.tn\\\/fr\\\/#organization\"},\"potentialAction\":[{\"@type\":\"SearchAction\",\"target\":{\"@type\":\"EntryPoint\",\"urlTemplate\":\"https:\\\/\\\/www.webdo.tn\\\/fr\\\/?s={search_term_string}\"},\"query-input\":{\"@type\":\"PropertyValueSpecification\",\"valueRequired\":true,\"valueName\":\"search_term_string\"}}],\"inLanguage\":\"fr-FR\"},{\"@type\":\"Organization\",\"@id\":\"https:\\\/\\\/www.webdo.tn\\\/fr\\\/#organization\",\"name\":\"Webdo\",\"alternateName\":\"Webdo.tn\",\"url\":\"https:\\\/\\\/www.webdo.tn\\\/fr\\\/\",\"logo\":{\"@type\":\"ImageObject\",\"inLanguage\":\"fr-FR\",\"@id\":\"https:\\\/\\\/www.webdo.tn\\\/fr\\\/#\\\/schema\\\/logo\\\/image\\\/\",\"url\":\"https:\\\/\\\/www.webdo.tn\\\/fr\\\/wp-content\\\/uploads\\\/2025\\\/06\\\/Webdo-Tunisie_168377.jpg\",\"contentUrl\":\"https:\\\/\\\/www.webdo.tn\\\/fr\\\/wp-content\\\/uploads\\\/2025\\\/06\\\/Webdo-Tunisie_168377.jpg\",\"width\":301,\"height\":301,\"caption\":\"Webdo\"},\"image\":{\"@id\":\"https:\\\/\\\/www.webdo.tn\\\/fr\\\/#\\\/schema\\\/logo\\\/image\\\/\"},\"sameAs\":[\"https:\\\/\\\/www.facebook.com\\\/webdotn\",\"https:\\\/\\\/x.com\\\/webdo_tn\"],\"description\":\"Webdo est un m\u00e9dia num\u00e9rique tunisien fond\u00e9 en 2010, sp\u00e9cialis\u00e9 dans l\u2019actualit\u00e9 nationale et internationale, l\u2019\u00e9conomie, la soci\u00e9t\u00e9 et les analyses politiques. Le site s\u2019adresse \u00e0 un large public francophone et couvre l\u2019information tunisienne en temps r\u00e9el.\",\"email\":\"redac@webdo.tn\",\"legalName\":\"YNJ SARL\",\"foundingDate\":\"2010-09-06\",\"numberOfEmployees\":{\"@type\":\"QuantitativeValue\",\"minValue\":\"11\",\"maxValue\":\"50\"}},{\"@type\":\"Person\",\"@id\":\"https:\\\/\\\/www.webdo.tn\\\/fr\\\/#\\\/schema\\\/person\\\/2c4929cbf5a809e3bd38617c6ce150f6\",\"name\":\"MC\",\"image\":{\"@type\":\"ImageObject\",\"inLanguage\":\"fr-FR\",\"@id\":\"https:\\\/\\\/secure.gravatar.com\\\/avatar\\\/a545bbb6f84efdd5553dbbc2895e3ca8f1d12c5215e00a041c9670b54aa9b18a?s=96&d=mm&r=g\",\"url\":\"https:\\\/\\\/secure.gravatar.com\\\/avatar\\\/a545bbb6f84efdd5553dbbc2895e3ca8f1d12c5215e00a041c9670b54aa9b18a?s=96&d=mm&r=g\",\"contentUrl\":\"https:\\\/\\\/secure.gravatar.com\\\/avatar\\\/a545bbb6f84efdd5553dbbc2895e3ca8f1d12c5215e00a041c9670b54aa9b18a?s=96&d=mm&r=g\",\"caption\":\"MC\"},\"url\":\"https:\\\/\\\/www.webdo.tn\\\/fr\\\/actualite\\\/author\\\/mc\\\/\"}]}<\/script>\n<!-- \/ Yoast SEO Premium plugin. -->","yoast_head_json":{"title":"Nicolas Sarkozy condamn\u00e9 \u00e0 trois ans de prison dont un an ferme","description":"L'ancien pr\u00e9sident de la R\u00e9publique a \u00e9t\u00e9 condamn\u00e9 \u00e0 une peine de trois ans de prison dont un an ferme pour corruption et trafic d'influence.","canonical":"https:\/\/www.webdo.tn\/fr\/actualite\/international\/nicolas-sarkozy-condamne-a-trois-ans-de-prison-dont-un-an-ferme\/205772\/","og_locale":"fr_FR","og_type":"article","og_title":"Nicolas Sarkozy condamn\u00e9 \u00e0 trois ans de prison dont un an ferme","og_description":"L'ancien pr\u00e9sident de la R\u00e9publique a \u00e9t\u00e9 condamn\u00e9 \u00e0 une peine de trois ans de prison dont un an ferme pour corruption et trafic d'influence.","og_url":"https:\/\/www.webdo.tn\/fr\/actualite\/international\/nicolas-sarkozy-condamne-a-trois-ans-de-prison-dont-un-an-ferme\/205772\/","og_site_name":"webdo","article_publisher":"https:\/\/www.facebook.com\/webdotn","article_published_time":"2023-05-17T09:09:00+00:00","article_modified_time":"2025-05-20T22:08:53+00:00","og_image":[{"width":646,"height":345,"url":"https:\/\/www.webdo.tn\/fr\/wp-content\/uploads\/2023\/05\/289e15be1df4fe6f7a5b6084dc0d055f.jpg","type":"image\/jpeg"}],"author":"MC","twitter_card":"summary_large_image","twitter_creator":"@webdo_tn","twitter_site":"@webdo_tn","twitter_misc":{"\u00c9crit par":"MC","Dur\u00e9e de lecture estim\u00e9e":"1 minute"},"schema":{"@context":"https:\/\/schema.org","@graph":[{"@type":"NewsArticle","@id":"https:\/\/www.webdo.tn\/fr\/actualite\/international\/nicolas-sarkozy-condamne-a-trois-ans-de-prison-dont-un-an-ferme\/205772\/#article","isPartOf":{"@id":"https:\/\/www.webdo.tn\/fr\/actualite\/international\/nicolas-sarkozy-condamne-a-trois-ans-de-prison-dont-un-an-ferme\/205772\/"},"author":{"name":"MC","@id":"https:\/\/www.webdo.tn\/fr\/#\/schema\/person\/2c4929cbf5a809e3bd38617c6ce150f6"},"headline":"Nicolas Sarkozy condamn\u00e9 \u00e0 trois ans de prison dont un an ferme","datePublished":"2023-05-17T09:09:00+00:00","dateModified":"2025-05-20T22:08:53+00:00","mainEntityOfPage":{"@id":"https:\/\/www.webdo.tn\/fr\/actualite\/international\/nicolas-sarkozy-condamne-a-trois-ans-de-prison-dont-un-an-ferme\/205772\/"},"wordCount":237,"commentCount":0,"publisher":{"@id":"https:\/\/www.webdo.tn\/fr\/#organization"},"image":{"@id":"https:\/\/www.webdo.tn\/fr\/actualite\/international\/nicolas-sarkozy-condamne-a-trois-ans-de-prison-dont-un-an-ferme\/205772\/#primaryimage"},"thumbnailUrl":"https:\/\/www.webdo.tn\/fr\/wp-content\/uploads\/2023\/05\/289e15be1df4fe6f7a5b6084dc0d055f.jpg","keywords":["france","Prison","sarkozy"],"articleSection":["International"],"inLanguage":"fr-FR"},{"@type":"WebPage","@id":"https:\/\/www.webdo.tn\/fr\/actualite\/international\/nicolas-sarkozy-condamne-a-trois-ans-de-prison-dont-un-an-ferme\/205772\/","url":"https:\/\/www.webdo.tn\/fr\/actualite\/international\/nicolas-sarkozy-condamne-a-trois-ans-de-prison-dont-un-an-ferme\/205772\/","name":"Nicolas Sarkozy condamn\u00e9 \u00e0 trois ans de prison dont un an ferme","isPartOf":{"@id":"https:\/\/www.webdo.tn\/fr\/#website"},"primaryImageOfPage":{"@id":"https:\/\/www.webdo.tn\/fr\/actualite\/international\/nicolas-sarkozy-condamne-a-trois-ans-de-prison-dont-un-an-ferme\/205772\/#primaryimage"},"image":{"@id":"https:\/\/www.webdo.tn\/fr\/actualite\/international\/nicolas-sarkozy-condamne-a-trois-ans-de-prison-dont-un-an-ferme\/205772\/#primaryimage"},"thumbnailUrl":"https:\/\/www.webdo.tn\/fr\/wp-content\/uploads\/2023\/05\/289e15be1df4fe6f7a5b6084dc0d055f.jpg","datePublished":"2023-05-17T09:09:00+00:00","dateModified":"2025-05-20T22:08:53+00:00","description":"L'ancien pr\u00e9sident de la R\u00e9publique a \u00e9t\u00e9 condamn\u00e9 \u00e0 une peine de trois ans de prison dont un an ferme pour corruption et trafic d'influence.","breadcrumb":{"@id":"https:\/\/www.webdo.tn\/fr\/actualite\/international\/nicolas-sarkozy-condamne-a-trois-ans-de-prison-dont-un-an-ferme\/205772\/#breadcrumb"},"inLanguage":"fr-FR","potentialAction":[{"@type":"ReadAction","target":["https:\/\/www.webdo.tn\/fr\/actualite\/international\/nicolas-sarkozy-condamne-a-trois-ans-de-prison-dont-un-an-ferme\/205772\/"]}]},{"@type":"ImageObject","inLanguage":"fr-FR","@id":"https:\/\/www.webdo.tn\/fr\/actualite\/international\/nicolas-sarkozy-condamne-a-trois-ans-de-prison-dont-un-an-ferme\/205772\/#primaryimage","url":"https:\/\/www.webdo.tn\/fr\/wp-content\/uploads\/2023\/05\/289e15be1df4fe6f7a5b6084dc0d055f.jpg","contentUrl":"https:\/\/www.webdo.tn\/fr\/wp-content\/uploads\/2023\/05\/289e15be1df4fe6f7a5b6084dc0d055f.jpg","width":646,"height":345,"caption":"Nicolas Sarkozy condamn\u00e9 \u00e0 trois ans de prison dont un an ferme"},{"@type":"BreadcrumbList","@id":"https:\/\/www.webdo.tn\/fr\/actualite\/international\/nicolas-sarkozy-condamne-a-trois-ans-de-prison-dont-un-an-ferme\/205772\/#breadcrumb","itemListElement":[{"@type":"ListItem","position":1,"name":"Accueil","item":"https:\/\/www.webdo.tn\/fr\/"},{"@type":"ListItem","position":2,"name":"Nicolas Sarkozy condamn\u00e9 \u00e0 trois ans de prison dont un an ferme"}]},{"@type":"WebSite","@id":"https:\/\/www.webdo.tn\/fr\/#website","url":"https:\/\/www.webdo.tn\/fr\/","name":"webdo","description":"Tunisie - News en Tunisie et \u00e0 l&#039;international sur Webdo.tn","publisher":{"@id":"https:\/\/www.webdo.tn\/fr\/#organization"},"potentialAction":[{"@type":"SearchAction","target":{"@type":"EntryPoint","urlTemplate":"https:\/\/www.webdo.tn\/fr\/?s={search_term_string}"},"query-input":{"@type":"PropertyValueSpecification","valueRequired":true,"valueName":"search_term_string"}}],"inLanguage":"fr-FR"},{"@type":"Organization","@id":"https:\/\/www.webdo.tn\/fr\/#organization","name":"Webdo","alternateName":"Webdo.tn","url":"https:\/\/www.webdo.tn\/fr\/","logo":{"@type":"ImageObject","inLanguage":"fr-FR","@id":"https:\/\/www.webdo.tn\/fr\/#\/schema\/logo\/image\/","url":"https:\/\/www.webdo.tn\/fr\/wp-content\/uploads\/2025\/06\/Webdo-Tunisie_168377.jpg","contentUrl":"https:\/\/www.webdo.tn\/fr\/wp-content\/uploads\/2025\/06\/Webdo-Tunisie_168377.jpg","width":301,"height":301,"caption":"Webdo"},"image":{"@id":"https:\/\/www.webdo.tn\/fr\/#\/schema\/logo\/image\/"},"sameAs":["https:\/\/www.facebook.com\/webdotn","https:\/\/x.com\/webdo_tn"],"description":"Webdo est un m\u00e9dia num\u00e9rique tunisien fond\u00e9 en 2010, sp\u00e9cialis\u00e9 dans l\u2019actualit\u00e9 nationale et internationale, l\u2019\u00e9conomie, la soci\u00e9t\u00e9 et les analyses politiques. Le site s\u2019adresse \u00e0 un large public francophone et couvre l\u2019information tunisienne en temps r\u00e9el.","email":"redac@webdo.tn","legalName":"YNJ SARL","foundingDate":"2010-09-06","numberOfEmployees":{"@type":"QuantitativeValue","minValue":"11","maxValue":"50"}},{"@type":"Person","@id":"https:\/\/www.webdo.tn\/fr\/#\/schema\/person\/2c4929cbf5a809e3bd38617c6ce150f6","name":"MC","image":{"@type":"ImageObject","inLanguage":"fr-FR","@id":"https:\/\/secure.gravatar.com\/avatar\/a545bbb6f84efdd5553dbbc2895e3ca8f1d12c5215e00a041c9670b54aa9b18a?s=96&d=mm&r=g","url":"https:\/\/secure.gravatar.com\/avatar\/a545bbb6f84efdd5553dbbc2895e3ca8f1d12c5215e00a041c9670b54aa9b18a?s=96&d=mm&r=g","contentUrl":"https:\/\/secure.gravatar.com\/avatar\/a545bbb6f84efdd5553dbbc2895e3ca8f1d12c5215e00a041c9670b54aa9b18a?s=96&d=mm&r=g","caption":"MC"},"url":"https:\/\/www.webdo.tn\/fr\/actualite\/author\/mc\/"}]}},"_links":{"self":[{"href":"https:\/\/www.webdo.tn\/fr\/wp-json\/wp\/v2\/posts\/205772","targetHints":{"allow":["GET"]}}],"collection":[{"href":"https:\/\/www.webdo.tn\/fr\/wp-json\/wp\/v2\/posts"}],"about":[{"href":"https:\/\/www.webdo.tn\/fr\/wp-json\/wp\/v2\/types\/post"}],"author":[{"embeddable":true,"href":"https:\/\/www.webdo.tn\/fr\/wp-json\/wp\/v2\/users\/3162"}],"replies":[{"embeddable":true,"href":"https:\/\/www.webdo.tn\/fr\/wp-json\/wp\/v2\/comments?post=205772"}],"version-history":[{"count":0,"href":"https:\/\/www.webdo.tn\/fr\/wp-json\/wp\/v2\/posts\/205772\/revisions"}],"wp:featuredmedia":[{"embeddable":true,"href":"https:\/\/www.webdo.tn\/fr\/wp-json\/wp\/v2\/media\/278168"}],"wp:attachment":[{"href":"https:\/\/www.webdo.tn\/fr\/wp-json\/wp\/v2\/media?parent=205772"}],"wp:term":[{"taxonomy":"category","embeddable":true,"href":"https:\/\/www.webdo.tn\/fr\/wp-json\/wp\/v2\/categories?post=205772"},{"taxonomy":"post_tag","embeddable":true,"href":"https:\/\/www.webdo.tn\/fr\/wp-json\/wp\/v2\/tags?post=205772"}],"curies":[{"name":"wp","href":"https:\/\/api.w.org\/{rel}","templated":true}]}}