{"id":205771,"date":"2023-05-17T08:17:00","date_gmt":"2023-05-17T08:17:00","guid":{"rendered":"https:\/\/www.webdo.tn\/fr\/blog\/la-ceremonie-d-ouverture-de-cannes-2023-emotion-glamour-et-elegance\/205771\/"},"modified":"2025-05-21T08:56:58","modified_gmt":"2025-05-21T08:56:58","slug":"la-ceremonie-d-ouverture-de-cannes-2023-emotion-glamour-et-elegance","status":"publish","type":"post","link":"https:\/\/www.webdo.tn\/fr\/actualite\/culture\/la-ceremonie-d-ouverture-de-cannes-2023-emotion-glamour-et-elegance\/205771\/","title":{"rendered":"La c\u00e9r\u00e9monie d\u2019ouverture de Cannes 2023 : \u00c9motion, Glamour et \u00c9l\u00e9gance"},"content":{"rendered":"<div class=\"single-body entry-content typography-copy\" itemprop=\"articleBody\">\n<p style=\"font-weight: bold; text-align: justify\">\n\t\t\t\t\t\t\t\t\tC\u2019est hier soir qu\u2019a \u00e9t\u00e9 inaugur\u00e9e la 76\u00e8me \u00e9dition du Festival de Cannes lors d&rsquo;une c\u00e9r\u00e9monie d&rsquo;ouverture empreinte de glamour et d&rsquo;excitation. Les marches du tapis rouge ont \u00e9t\u00e9 gravies par des c\u00e9l\u00e9brit\u00e9s du monde entier, magnifiant l&rsquo;ambiance charg\u00e9e de glamour et d&rsquo;\u00e9motion. Les robes \u00e9l\u00e9gantes, majoritairement caract\u00e9ris\u00e9es par leur simplicit\u00e9, ont sublim\u00e9 la beaut\u00e9 des actrices et des invit\u00e9es pr\u00e9sentes.\n\t\t\t\t\t\t\t\t<\/p>\n<div class=\"coprs\" style=\"text-align: center\"><\/div>\n<div class=\"coprs\" style=\"text-align: justify\">\n<p><span><span>Parmi les convives, des personnalit\u00e9s telles que Catherine Deneuve,\u00a0Emmanuelle B\u00e9art, Mads Mikkelsen, Michael Douglas, son \u00e9pouse \u00a0Catherine Zeta-Jones et leur fille Carys, Naomi Campbell,\u00a0Hussein Fahmy et son \u00e9pouse, Mona Zaki, Kaouther Ben Hania accompagn\u00e9e de son producteur Nadim Cheikhrouha, et bien s\u00fbr, <a href=\"https:\/\/www.webdo.tn\/fr\/actualite\/culture\/cannes-2023-membres-des-jurys\/205417\">les membres des divers jurys des diverses sections et comp\u00e9titions du festival<\/a> et les acteurs principaux <a href=\"https:\/\/www.webdo.tn\/fr\/actualite\/culture\/jeanne-du-barry-le-film-de-maiwenn-avec-johnny-depp-va-ouvrir-le-festival-de-cannes-2023\/204608\">du film d\u2019ouverture <em>Jeanne Du Barry<\/em>, r\u00e9alis\u00e9 par Maiwen. <\/a><\/span><\/span><\/p>\n<div>\n<figure class=\"image\"><img decoding=\"async\" alt=\"\" height=\"556\" src=\"\/assets\/uploads\/images\/\/Neila\/Ce%CC%81re%CC%81monie%20d'ouverture%20catherine%20deneuve.jpeg\" width=\"834\"><figcaption><em>Catherine Deneuve sur le tapis rouge.\u00a0PASCAL LE SEGRETAIN\/GETTY IMAGES<\/em><\/figcaption><\/figure>\n<\/div>\n<p>\u00a0<\/p>\n<div>\n<figure class=\"image\"><img decoding=\"async\" alt=\"\" height=\"559\" src=\"\/assets\/uploads\/images\/\/Neila\/Ce%CC%81re%CC%81monie%20d'ouverture%20Jeanne%20du%20barry.jpeg\" width=\"838\"><figcaption><em>L&rsquo;\u00e9quipe du film Jeanne Du Barry sur les marches du Grand Th\u00e9\u00e2tre Lumi\u00e8res<\/em><\/figcaption><\/figure>\n<\/div>\n<p>\u00a0<\/p>\n<div>\n<figure class=\"image\"><img decoding=\"async\" alt=\"\" height=\"1080\" src=\"\/assets\/uploads\/images\/\/Neila\/Ce%CC%81re%CC%81monie%20d'ouverture%20Mona%20Zaki.jpeg\" width=\"720\"><figcaption><em>L&rsquo;actrice \u00e9gyptienne Mona Zaki sur le tapis rouge.<\/em><\/figcaption><\/figure>\n<\/div>\n<p>\u00a0<\/p>\n<p><span><span>Malgr\u00e9 les controverses qui ont entour\u00e9 sa pr\u00e9sence au festival en raison des accusations port\u00e9es par son ex-compagne, Johnny Depp \u00e9tait bel et bien pr\u00e9sent et a fait une entr\u00e9e remarqu\u00e9e en s&rsquo;offrant un bain de foule. Il a pris le temps de distribuer des autographes et de prendre des selfies avec ses fans, manifestant ainsi sa gratitude pour leur soutien ind\u00e9fectible. Maiwen et Johnny Depp ont\u00a0d\u2019ailleurs eu droit \u00e0 une ovation debout d\u2019environ 7 minutes \u00e0 l\u2019issu de la projection de <em>Jeanne Du Barry<\/em>. M\u00e9ritait-il cette ovation pour la qualit\u00e9 de son jeu dans le film\u00a0? On peut en douter. Est-ce alors une r\u00e9ponse des pr\u00e9sents aux contestations \u00e0 sa pr\u00e9sence au festival\u00a0? Possible. <\/span><\/span><\/p>\n<p>\u00a0<\/p>\n<p><span><span>V\u00eatue d\u2019une magnifique robe longue noire orn\u00e9e d\u2019une rang\u00e9e de strass, <a href=\"https:\/\/www.webdo.tn\/fr\/actualite\/culture\/cannes-2023\/204854\">Chiara Mastroianni, la maitresse de c\u00e9r\u00e9monie<\/a>, a ensuite ouvert la soir\u00e9e en fredonnant <em>Mi sono innamorato di te, <\/em>avant d\u2019enchainer par un petit discours. Son talent et sa pr\u00e9sence sur sc\u00e8ne ont captiv\u00e9 le public, donnant le ton pour le reste de la soir\u00e9e.<\/span><\/span><\/p>\n<div>\n<figure class=\"image\"><img decoding=\"async\" alt=\"\" height=\"474\" src=\"\/assets\/uploads\/images\/\/Neila\/Ce%CC%81re%CC%81monie%20ouverture%20Chiara%20Mastroianni.jpeg\" width=\"711\"><figcaption><em>Chiara Mastroianni, maitresse de c\u00e9r\u00e9monie<\/em><\/figcaption><\/figure>\n<\/div>\n<p>\u00a0<\/p>\n<p><span><span>La pr\u00e9sentation des membres du jury de la comp\u00e9tition longs m\u00e9trages a suivi, mettant en avant des personnalit\u00e9s \u00e9minentes du monde du cin\u00e9ma\u00a0: la r\u00e9alisatrice fran\u00e7aise\u00a0Julia Ducournau, laur\u00e9ate de la Palme d&rsquo;Or en 2021 pour\u00a0<em>Titane,<\/em> la r\u00e9alisatrice marocaine\u00a0Maryam Touzani, l&rsquo;acteur fran\u00e7ais\u00a0Denis M\u00e9nochet, la sc\u00e9nariste et r\u00e9alisatrice britanico-zambienne\u00a0Rungano Nyoni, l&rsquo;actrice et r\u00e9alisatrice am\u00e9ricaine\u00a0Brie Larson, l&rsquo;acteur am\u00e9ricain\u00a0Paul Dano, l&rsquo;\u00e9crivain afghan\u00a0Atiq Rahimi\u00a0et le r\u00e9alisateur argentin\u00a0Dami\u00e1n Szifr\u00f3n.<\/span><\/span><\/p>\n<p>\u00a0<\/p>\n<div>\n<figure class=\"image\"><img decoding=\"async\" alt=\"\" height=\"545\" src=\"\/assets\/uploads\/images\/\/Neila\/Ce%CC%81re%CC%81monie%20douverture%20Ruben%20O%CC%88stlund,%20pre%CC%81sident%20du%20jury%20du%2076e%20Festival%20de%20Cannes,%20sur%20sce%CC%80ne,%20le%2016%20mai%202023_%20SARAH%20MEYSSONNIER%20_%20REUTERS.jpeg\" width=\"810\"><figcaption><em>Ruben \u00d6stlund, pr\u00e9sident du jury du 76e\u00a0Festival de Cannes, sur sc\u00e8ne, le 16\u00a0mai\u00a02023.\u00a0SARAH MEYSSONNIER \/ REUTERS<\/em><\/figcaption><\/figure>\n<\/div>\n<p>\u00a0<\/p>\n<p><span><span>Une vid\u00e9o \u00e9mouvante a ensuite retrac\u00e9 le parcours cin\u00e9matographique exceptionnel de <a href=\"https:\/\/www.webdo.tn\/fr\/actualite\/culture\/ruben-oestlund-president-du-jury-du-76e-festival-de-cannes\/203427\">Ruben \u00d6stlund, pr\u00e9sident du jury et r\u00e9alisateur<\/a>, qui a su marquer les esprits avec seulement six films, dont deux lui ont valu de remporter deux Palmes d&rsquo;Or, l&rsquo;une en 2017 pour <em>The Square <\/em>et l&rsquo;autre <a href=\"https:\/\/www.webdo.tn\/fr\/actualite\/culture\/cannes-2022-pourquoi-une-palme-dor-au-film-triangle-of-sadness\/200028\">en 2022 pour <em>Triangle of Sadness<\/em><\/a>. Cette r\u00e9trospective a soulign\u00e9 l&rsquo;impact artistique de Ruben \u00d6stlund et sa contribution incontestable au monde du cin\u00e9ma.<\/span><\/span><\/p>\n<p>\u00a0<\/p>\n<p><span><span>Le cin\u00e9aste su\u00e9dois a profit\u00e9 de cette c\u00e9r\u00e9monie pour livrer un message sur l&rsquo;importance du cin\u00e9ma comme art f\u00e9d\u00e9rateur\u00a0:\u00a0\u201c<em>Le cin\u00e9ma doit \u00eatre cr\u00e9\u00e9 par des \u00eatres humains pour nous faire r\u00e9fl\u00e9chir. Il ne faut pas faire du contenu simplement pour faire du contenu. Ce qui est merveilleux avec le cin\u00e9ma, c&rsquo;est de voir des films ensemble, unis, dans une salle, et d&rsquo;\u00e9changer dessus \u00e0 la fin des s\u00e9ances<\/em>\u201d.<\/span><\/span><\/p>\n<p>\u00a0<\/p>\n<div>\n<figure class=\"image\"><img decoding=\"async\" alt=\"\" height=\"1029\" src=\"\/assets\/uploads\/images\/\/Neila\/ce%CC%81re%CC%81monie%20d'ouverture%20Michael%20Douglas%20et%20femme.jpeg\" width=\"794\"><figcaption><em>Michael Douglas, son \u00e9pouse \u00a0Catherine Zeta-Jones et leur fille Carys<\/em><\/figcaption><\/figure>\n<\/div>\n<p>\u00a0<\/p>\n<p><span><span>La soir\u00e9e a culmin\u00e9 avec la remise de la prestigieuse Palme d&rsquo;Or d&rsquo;honneur \u00e0 l&rsquo;acteur am\u00e9ricain Michael Douglas. Celui-ci a commenc\u00e9 son discours par une note humoristique : <em>\u00ab\u00a0Le festival de Cannes est encore plus jeune que moi!\u00a0\u00bb.<\/em> Il a enchain\u00e9 en disant son bonheur et \u00e0 quel point il \u00e9tait touch\u00e9\u00a0:\u00a0\u00ab\u00a0<em>\u00c7a compte beaucoup pour moi, car il y a des centaines de festivals de cin\u00e9ma dans le monde mais il y a un seul Cannes. (&#8230;) C&rsquo;est un honneur incroyable<\/em>\u00ab\u00a0, a-t-il d\u00e9clar\u00e9. \u00ab\u00a0<em>En regardant mes 55 ans [de carri\u00e8re], je me suis demand\u00e9 comment j&rsquo;ai pu durer si longtemps (&#8230;)\u00a0on travaille avec autant d&rsquo;acharnement pour nos \u00e9checs que pour nos succ\u00e8s<\/em>\u00ab\u00a0, a-t-il poursuivi. Il a termin\u00e9 en remerciant en fran\u00e7ais :\u00a0<em>\u00ab\u00a0Je voudrais [vous] embrasser de tout mon c\u0153ur.\u00a0\u00bb<\/em><\/span><\/span><\/p>\n<p><span><span>Une vid\u00e9o retra\u00e7ant la plupart de ses grands r\u00f4les a \u00e9galement \u00e9t\u00e9 diffus\u00e9e. L\u2019occasion de mettre en lumi\u00e8re la richesse de la carri\u00e8re de cet immense acteur, qui a su se faire un pr\u00e9nom, et dont le p\u00e8re, le grand Kirk Douglas, lui avait un jour fi\u00e8rement dit : \u00ab\u00a0<em>si j\u2019avais su que tu deviendrais aussi c\u00e9l\u00e8bre, j\u2019aurais \u00e9t\u00e9 plus gentil avec toi lorsque tu \u00e9tais petit<\/em>\u00ab\u00a0. Une fa\u00e7on touchante de rendre hommage \u00e0 la relation entre un p\u00e8re et son fils, et de souligner l&rsquo;impact durable de Kirk Douglas sur l&rsquo;industrie cin\u00e9matographique.<\/span><\/span><\/p>\n<p><span><span>C\u2019est l&rsquo;actrice Uma Thurmann, portant une magnifique robe rose\/saumon, agr\u00e9ment\u00e9e d\u2019un collier de chien rouge bordeaux, qui a eu l&rsquo;honneur de lui remettre cette palme, symbolisant la reconnaissance de toute une carri\u00e8re d\u00e9di\u00e9e au cin\u00e9ma\u00a0: \u00ab\u00a0<em>La Palme d&rsquo;or d&rsquo;honneur est attribu\u00e9e \u00e0 des personnes qui ont eu un impact profond et durable sur le cin\u00e9ma. Je ne vois personne d&rsquo;autre que\u00a0<a href=\"https:\/\/s3s-main.net\/l2\/7iGUQfW9l12\/59907\/2882237574.html?\" target=\"_blank\">Michael Douglas<\/a>\u00a0pour la m\u00e9riter autant. Un titan unique, une star \u00e9ternelle et un artiste lumineux\u00a0\u00bb<\/em>.<\/span><\/span><\/p>\n<p>\u00a0<\/p>\n<div>\n<figure class=\"image\"><img decoding=\"async\" alt=\"\" height=\"870\" src=\"\/assets\/uploads\/images\/\/Neila\/Ce%CC%81re%CC%81monie%20d'ouverture%20Uma%20Thruman.jpeg\" width=\"580\"><figcaption><em>Uma Thurmann remet \u00e0 Michael Douglas sa Palme d&rsquo;Or d&rsquo;honneur<\/em><\/figcaption><\/figure>\n<\/div>\n<p>\u00a0<\/p>\n<p><span><span>C&rsquo;est Catherine Deneuve, m\u00e8re de Chiara Mastroianni et protagoniste de l&rsquo;affiche officielle de cette \u00e9dition, et Michael Douglas, qui ont annonc\u00e9 l&rsquo;ouverture du festival de Cannes.<\/span><\/span><\/p>\n<p>\u00a0<\/p>\n<p><span><span>Cette soir\u00e9e d&rsquo;ouverture marque \u00e9galement la premi\u00e8re \u00e9dition du festival sous la pr\u00e9sidence de Iris Knobloch, qui succ\u00e8de ainsi \u00e0 Pierre Lescure en poste depuis 2014. Il est l\u00e9gitime de se demander si son influence a contribu\u00e9 \u00e0 l&rsquo;\u00e9volution positive du festival. Est-ce gr\u00e2ce \u00e0 elle que la s\u00e9lection est aussi diversifi\u00e9e, avec une repr\u00e9sentation notable de films r\u00e9alis\u00e9s par des femmes, et que le festival s&rsquo;est ouvert \u00e0 de jeunes cin\u00e9astes et \u00e0 de nouveaux pays ? Les choix op\u00e9r\u00e9s t\u00e9moignent-ils de sa vision pour le festival ?<\/span><\/span><\/p>\n<p>\u00a0<\/p>\n<div>\n<figure class=\"image\"><img decoding=\"async\" alt=\"\" height=\"545\" src=\"\/assets\/uploads\/images\/\/Neila\/Ce%CC%81re%CC%81monie%20d'ouverture%20Iris%20thierry.jpeg\" width=\"817\"><figcaption><em>David Lisnard, maire de Cannes, Iris Knobloch Pr\u00e9sidente du festival et Thierry Fr\u00e9maux, d\u00e9l\u00e9gu\u00e9 g\u00e9n\u00e9ral, en haut des marches pour acceuillir les invit\u00e9s. Photo\u00a0PASCAL LE SEGRETAIN\/GETTY IMAGES<\/em><\/figcaption><\/figure>\n<\/div>\n<p>\u00a0<\/p>\n<p><span><span>Le festival se poursuivra dans les jours \u00e0 venir, offrant une programmation exceptionnelle de films de qualit\u00e9 et une multitude d&rsquo;\u00e9v\u00e9nements qui promettent de combler les cin\u00e9philes du monde entier. Les attentes sont immenses et les passionn\u00e9s du septi\u00e8me art sont impatients de d\u00e9couvrir les r\u00e9v\u00e9lations qui se dessineront tout au long de cet \u00e9v\u00e9nement phare de l&rsquo;industrie cin\u00e9matographique. Cependant, pour permettre aux festivaliers, aux cin\u00e9philes, aux journalistes et aux professionnels de profiter pleinement de ces films, il est crucial que les organisateurs trouvent une solution aux probl\u00e8mes rencontr\u00e9s avec la billetterie \u00e9lectronique, mise en place depuis 2021.<\/span><\/span><\/p>\n<p>\n<span><span>Bien s\u00fbr, pour les Tunisiens, l&rsquo;\u00e9v\u00e9nement le plus attendu et le plus important de cette \u00e9dition est sans aucun doute <a href=\"https:\/\/www.webdo.tn\/fr\/actualite\/culture\/cannes-2023-les-filles-d-olfa-de-kaouther-ben-hania-en-selection-officielle\/204822\">la s\u00e9lection d&rsquo;un film tunisien,\u00a0<em>Les filles d&rsquo;Olfa<\/em>, r\u00e9alis\u00e9 par Kaouther Ben Hania<\/a>, en comp\u00e9tition officielle\u00a0<a href=\"https:\/\/www.webdo.tn\/fr\/actualite\/culture\/le-cinema-tunisien-au-festival-de-cannes-de-1955-a-2023\/205546\">pour la premi\u00e8re fois depuis 1970<\/a>. Il est r\u00e9jouissant de constater que toutes les s\u00e9ances de projection de ce film affichent d\u00e9j\u00e0 complet. <a href=\"https:\/\/www.webdo.tn\/fr\/actualite\/culture\/oscars-2021-nous-navons-pas-gagne-mais-cetait-un-parcours-incroyable\/199965\">Peut-\u00eatre est-ce d\u00fb \u00e0 la nomination de l\u2019avant dernier film <em>L\u2019homme qui a vendu sa peau<\/em> de cette m\u00eame r\u00e9alisatrice \u00e0 l&rsquo;Oscar du Meilleur Film International en 2021<\/a>, ou peut-\u00eatre est-ce parce que Thierry Fr\u00e9maux, d\u00e9l\u00e9gu\u00e9 g\u00e9n\u00e9ral du festival, a \u00e9veill\u00e9 la curiosit\u00e9 des journalistes en \u00e9voquant ce film lors de sa conf\u00e9rence de presse donn\u00e9e lundi apr\u00e8s-midi, qu\u2019il a qualifi\u00e9 de tr\u00e8s beau, dot\u00e9 d&rsquo;une structure particuli\u00e8re, oscillant entre documentaire et fiction. Croisons les doigts !<\/span><\/span><\/p>\n<p>\n<span><span><strong><span>Ne\u00efla Driss<\/span><\/strong><\/span><\/span><\/p>\n<p><img decoding=\"async\" alt=\"\" height=\"80\" src=\"\/assets\/uploads\/images\/\/Neila\/2023_CANNES_SIGNATURES_WEB_1584x396_01_LINKEDIN%20-%20Petite.jpeg\" width=\"320\"><\/p>\n<p>\u00a0<\/p>\n<\/p><\/div>\n<div class=\"coprs\" style=\"text-align: center\"><\/div><\/div>\n","protected":false},"excerpt":{"rendered":"<p>C\u2019est hier soir qu\u2019a enfin \u00e9t\u00e9 inaugur\u00e9e la 76 \u00e9dition du Festival de Cannes lors d&rsquo;une c\u00e9r\u00e9monie d&rsquo;ouverture empreinte de glamour et d&rsquo;excitation. Les marches&#8230;<\/p>\n","protected":false},"author":3164,"featured_media":278169,"comment_status":"open","ping_status":"closed","sticky":false,"template":"","format":"standard","meta":{"footnotes":""},"categories":[2594],"tags":[7127,8587,2626,2628,2627,8422],"class_list":["post-205771","post","type-post","status-publish","format-standard","has-post-thumbnail","hentry","category-culture","tag-cannes-2023","tag-ceremonie-douverture","tag-cinema","tag-festival","tag-festival-de-cannes","tag-michael-douglas"],"yoast_head":"<!-- This site is optimized with the Yoast SEO Premium plugin v27.4 (Yoast SEO v27.4) - https:\/\/yoast.com\/product\/yoast-seo-premium-wordpress\/ -->\n<title>La c\u00e9r\u00e9monie d\u2019ouverture de Cannes 2023 : \u00c9motion, Glamour et \u00c9l\u00e9gance<\/title>\n<meta name=\"description\" content=\"C\u2019est hier soir qu\u2019a enfin \u00e9t\u00e9 inaugur\u00e9e la 76 \u00e9dition du Festival de Cannes lors d&#039;une c\u00e9r\u00e9monie d&#039;ouverture empreinte de glamour et d&#039;excitation. Les marches...\" \/>\n<link rel=\"canonical\" href=\"https:\/\/www.webdo.tn\/fr\/actualite\/culture\/la-ceremonie-d-ouverture-de-cannes-2023-emotion-glamour-et-elegance\/205771\/\" \/>\n<meta property=\"og:locale\" content=\"fr_FR\" \/>\n<meta property=\"og:type\" content=\"article\" \/>\n<meta property=\"og:title\" content=\"La c\u00e9r\u00e9monie d\u2019ouverture de Cannes 2023 : \u00c9motion, Glamour et \u00c9l\u00e9gance\" \/>\n<meta property=\"og:description\" content=\"C\u2019est hier soir qu\u2019a enfin \u00e9t\u00e9 inaugur\u00e9e la 76 \u00e9dition du Festival de Cannes lors d&#039;une c\u00e9r\u00e9monie d&#039;ouverture empreinte de glamour et d&#039;excitation. Les marches...\" \/>\n<meta property=\"og:url\" content=\"https:\/\/www.webdo.tn\/fr\/actualite\/culture\/la-ceremonie-d-ouverture-de-cannes-2023-emotion-glamour-et-elegance\/205771\/\" \/>\n<meta property=\"og:site_name\" content=\"webdo\" \/>\n<meta property=\"article:publisher\" content=\"https:\/\/www.facebook.com\/webdotn\" \/>\n<meta property=\"article:author\" content=\"https:\/\/www.facebook.com\/massir.destiniii\/\" \/>\n<meta property=\"article:published_time\" content=\"2023-05-17T08:17:00+00:00\" \/>\n<meta property=\"article:modified_time\" content=\"2025-05-21T08:56:58+00:00\" \/>\n<meta property=\"og:image\" content=\"https:\/\/www.webdo.tn\/fr\/wp-content\/uploads\/2023\/05\/1aaa9970d9cf9825d072edc8025a6586.jpeg\" \/>\n\t<meta property=\"og:image:width\" content=\"750\" \/>\n\t<meta property=\"og:image:height\" content=\"400\" \/>\n\t<meta property=\"og:image:type\" content=\"image\/jpeg\" \/>\n<meta name=\"author\" content=\"Ne\u00efla DRISS\" \/>\n<meta name=\"twitter:card\" content=\"summary_large_image\" \/>\n<meta name=\"twitter:creator\" content=\"@https:\/\/x.com\/MassirDestin\" \/>\n<meta name=\"twitter:site\" content=\"@webdo_tn\" \/>\n<meta name=\"twitter:label1\" content=\"\u00c9crit par\" \/>\n\t<meta name=\"twitter:data1\" content=\"Ne\u00efla DRISS\" \/>\n\t<meta name=\"twitter:label2\" content=\"Dur\u00e9e de lecture estim\u00e9e\" \/>\n\t<meta name=\"twitter:data2\" content=\"7 minutes\" \/>\n<script type=\"application\/ld+json\" class=\"yoast-schema-graph\">{\"@context\":\"https:\\\/\\\/schema.org\",\"@graph\":[{\"@type\":\"NewsArticle\",\"@id\":\"https:\\\/\\\/www.webdo.tn\\\/fr\\\/actualite\\\/culture\\\/la-ceremonie-d-ouverture-de-cannes-2023-emotion-glamour-et-elegance\\\/205771\\\/#article\",\"isPartOf\":{\"@id\":\"https:\\\/\\\/www.webdo.tn\\\/fr\\\/actualite\\\/culture\\\/la-ceremonie-d-ouverture-de-cannes-2023-emotion-glamour-et-elegance\\\/205771\\\/\"},\"author\":{\"name\":\"Ne\u00efla DRISS\",\"@id\":\"https:\\\/\\\/www.webdo.tn\\\/fr\\\/#\\\/schema\\\/person\\\/60d5ba619ed3f58783b0dc82b7dada80\"},\"headline\":\"La c\u00e9r\u00e9monie d\u2019ouverture de Cannes 2023 : \u00c9motion, Glamour et \u00c9l\u00e9gance\",\"datePublished\":\"2023-05-17T08:17:00+00:00\",\"dateModified\":\"2025-05-21T08:56:58+00:00\",\"mainEntityOfPage\":{\"@id\":\"https:\\\/\\\/www.webdo.tn\\\/fr\\\/actualite\\\/culture\\\/la-ceremonie-d-ouverture-de-cannes-2023-emotion-glamour-et-elegance\\\/205771\\\/\"},\"wordCount\":1483,\"commentCount\":0,\"publisher\":{\"@id\":\"https:\\\/\\\/www.webdo.tn\\\/fr\\\/#organization\"},\"image\":{\"@id\":\"https:\\\/\\\/www.webdo.tn\\\/fr\\\/actualite\\\/culture\\\/la-ceremonie-d-ouverture-de-cannes-2023-emotion-glamour-et-elegance\\\/205771\\\/#primaryimage\"},\"thumbnailUrl\":\"https:\\\/\\\/www.webdo.tn\\\/fr\\\/wp-content\\\/uploads\\\/2023\\\/05\\\/1aaa9970d9cf9825d072edc8025a6586.jpeg\",\"keywords\":[\"Cannes 2023\",\"c\u00e9r\u00e9monie d'ouverture\",\"Cin\u00e9ma\",\"Festival\",\"Festival de Cannes\",\"Michael Douglas\"],\"articleSection\":[\"Culture\"],\"inLanguage\":\"fr-FR\"},{\"@type\":\"WebPage\",\"@id\":\"https:\\\/\\\/www.webdo.tn\\\/fr\\\/actualite\\\/culture\\\/la-ceremonie-d-ouverture-de-cannes-2023-emotion-glamour-et-elegance\\\/205771\\\/\",\"url\":\"https:\\\/\\\/www.webdo.tn\\\/fr\\\/actualite\\\/culture\\\/la-ceremonie-d-ouverture-de-cannes-2023-emotion-glamour-et-elegance\\\/205771\\\/\",\"name\":\"La c\u00e9r\u00e9monie d\u2019ouverture de Cannes 2023 : \u00c9motion, Glamour et \u00c9l\u00e9gance\",\"isPartOf\":{\"@id\":\"https:\\\/\\\/www.webdo.tn\\\/fr\\\/#website\"},\"primaryImageOfPage\":{\"@id\":\"https:\\\/\\\/www.webdo.tn\\\/fr\\\/actualite\\\/culture\\\/la-ceremonie-d-ouverture-de-cannes-2023-emotion-glamour-et-elegance\\\/205771\\\/#primaryimage\"},\"image\":{\"@id\":\"https:\\\/\\\/www.webdo.tn\\\/fr\\\/actualite\\\/culture\\\/la-ceremonie-d-ouverture-de-cannes-2023-emotion-glamour-et-elegance\\\/205771\\\/#primaryimage\"},\"thumbnailUrl\":\"https:\\\/\\\/www.webdo.tn\\\/fr\\\/wp-content\\\/uploads\\\/2023\\\/05\\\/1aaa9970d9cf9825d072edc8025a6586.jpeg\",\"datePublished\":\"2023-05-17T08:17:00+00:00\",\"dateModified\":\"2025-05-21T08:56:58+00:00\",\"description\":\"C\u2019est hier soir qu\u2019a enfin \u00e9t\u00e9 inaugur\u00e9e la 76 \u00e9dition du Festival de Cannes lors d'une c\u00e9r\u00e9monie d'ouverture empreinte de glamour et d'excitation. Les marches...\",\"breadcrumb\":{\"@id\":\"https:\\\/\\\/www.webdo.tn\\\/fr\\\/actualite\\\/culture\\\/la-ceremonie-d-ouverture-de-cannes-2023-emotion-glamour-et-elegance\\\/205771\\\/#breadcrumb\"},\"inLanguage\":\"fr-FR\",\"potentialAction\":[{\"@type\":\"ReadAction\",\"target\":[\"https:\\\/\\\/www.webdo.tn\\\/fr\\\/actualite\\\/culture\\\/la-ceremonie-d-ouverture-de-cannes-2023-emotion-glamour-et-elegance\\\/205771\\\/\"]}]},{\"@type\":\"ImageObject\",\"inLanguage\":\"fr-FR\",\"@id\":\"https:\\\/\\\/www.webdo.tn\\\/fr\\\/actualite\\\/culture\\\/la-ceremonie-d-ouverture-de-cannes-2023-emotion-glamour-et-elegance\\\/205771\\\/#primaryimage\",\"url\":\"https:\\\/\\\/www.webdo.tn\\\/fr\\\/wp-content\\\/uploads\\\/2023\\\/05\\\/1aaa9970d9cf9825d072edc8025a6586.jpeg\",\"contentUrl\":\"https:\\\/\\\/www.webdo.tn\\\/fr\\\/wp-content\\\/uploads\\\/2023\\\/05\\\/1aaa9970d9cf9825d072edc8025a6586.jpeg\",\"width\":750,\"height\":400,\"caption\":\"La c\u00e9r\u00e9monie d\u2019ouverture de Cannes 2023 : \u00c9motion, Glamour et \u00c9l\u00e9gance\"},{\"@type\":\"BreadcrumbList\",\"@id\":\"https:\\\/\\\/www.webdo.tn\\\/fr\\\/actualite\\\/culture\\\/la-ceremonie-d-ouverture-de-cannes-2023-emotion-glamour-et-elegance\\\/205771\\\/#breadcrumb\",\"itemListElement\":[{\"@type\":\"ListItem\",\"position\":1,\"name\":\"Accueil\",\"item\":\"https:\\\/\\\/www.webdo.tn\\\/fr\\\/\"},{\"@type\":\"ListItem\",\"position\":2,\"name\":\"La c\u00e9r\u00e9monie d\u2019ouverture de Cannes 2023 : \u00c9motion, Glamour et \u00c9l\u00e9gance\"}]},{\"@type\":\"WebSite\",\"@id\":\"https:\\\/\\\/www.webdo.tn\\\/fr\\\/#website\",\"url\":\"https:\\\/\\\/www.webdo.tn\\\/fr\\\/\",\"name\":\"webdo\",\"description\":\"Tunisie - News en Tunisie et \u00e0 l&#039;international sur Webdo.tn\",\"publisher\":{\"@id\":\"https:\\\/\\\/www.webdo.tn\\\/fr\\\/#organization\"},\"potentialAction\":[{\"@type\":\"SearchAction\",\"target\":{\"@type\":\"EntryPoint\",\"urlTemplate\":\"https:\\\/\\\/www.webdo.tn\\\/fr\\\/?s={search_term_string}\"},\"query-input\":{\"@type\":\"PropertyValueSpecification\",\"valueRequired\":true,\"valueName\":\"search_term_string\"}}],\"inLanguage\":\"fr-FR\"},{\"@type\":\"Organization\",\"@id\":\"https:\\\/\\\/www.webdo.tn\\\/fr\\\/#organization\",\"name\":\"Webdo\",\"alternateName\":\"Webdo.tn\",\"url\":\"https:\\\/\\\/www.webdo.tn\\\/fr\\\/\",\"logo\":{\"@type\":\"ImageObject\",\"inLanguage\":\"fr-FR\",\"@id\":\"https:\\\/\\\/www.webdo.tn\\\/fr\\\/#\\\/schema\\\/logo\\\/image\\\/\",\"url\":\"https:\\\/\\\/www.webdo.tn\\\/fr\\\/wp-content\\\/uploads\\\/2025\\\/06\\\/Webdo-Tunisie_168377.jpg\",\"contentUrl\":\"https:\\\/\\\/www.webdo.tn\\\/fr\\\/wp-content\\\/uploads\\\/2025\\\/06\\\/Webdo-Tunisie_168377.jpg\",\"width\":301,\"height\":301,\"caption\":\"Webdo\"},\"image\":{\"@id\":\"https:\\\/\\\/www.webdo.tn\\\/fr\\\/#\\\/schema\\\/logo\\\/image\\\/\"},\"sameAs\":[\"https:\\\/\\\/www.facebook.com\\\/webdotn\",\"https:\\\/\\\/x.com\\\/webdo_tn\"],\"description\":\"Webdo est un m\u00e9dia num\u00e9rique tunisien fond\u00e9 en 2010, sp\u00e9cialis\u00e9 dans l\u2019actualit\u00e9 nationale et internationale, l\u2019\u00e9conomie, la soci\u00e9t\u00e9 et les analyses politiques. Le site s\u2019adresse \u00e0 un large public francophone et couvre l\u2019information tunisienne en temps r\u00e9el.\",\"email\":\"redac@webdo.tn\",\"legalName\":\"YNJ SARL\",\"foundingDate\":\"2010-09-06\",\"numberOfEmployees\":{\"@type\":\"QuantitativeValue\",\"minValue\":\"11\",\"maxValue\":\"50\"}},{\"@type\":\"Person\",\"@id\":\"https:\\\/\\\/www.webdo.tn\\\/fr\\\/#\\\/schema\\\/person\\\/60d5ba619ed3f58783b0dc82b7dada80\",\"name\":\"Ne\u00efla DRISS\",\"image\":{\"@type\":\"ImageObject\",\"inLanguage\":\"fr-FR\",\"@id\":\"https:\\\/\\\/www.webdo.tn\\\/fr\\\/wp-content\\\/uploads\\\/2026\\\/04\\\/neila-driss_avatar-96x96.jpg\",\"url\":\"https:\\\/\\\/www.webdo.tn\\\/fr\\\/wp-content\\\/uploads\\\/2026\\\/04\\\/neila-driss_avatar-96x96.jpg\",\"contentUrl\":\"https:\\\/\\\/www.webdo.tn\\\/fr\\\/wp-content\\\/uploads\\\/2026\\\/04\\\/neila-driss_avatar-96x96.jpg\",\"caption\":\"Ne\u00efla DRISS\"},\"description\":\"Ne\u00efla Driss est juriste, journaliste culturelle et critique de cin\u00e9ma tunisienne. Titulaire d\u2019un DEA en droit priv\u00e9 de l\u2019Universit\u00e9 Paris II et d\u2019un DESS de l\u2019IHEC Carthage, elle d\u00e9bute sa carri\u00e8re comme juriste sp\u00e9cialis\u00e9e en gestion de patrimoine immobilier. Elle s\u2019oriente ensuite vers l\u2019\u00e9criture en ligne, o\u00f9 elle se distingue d\u00e8s 2006 aux Tunisia Blog Awards, avant de se consacrer au journalisme culturel, avec une sp\u00e9cialisation dans la critique cin\u00e9matographique. Elle couvre r\u00e9guli\u00e8rement les grands festivals internationaux, notamment le Festival de Cannes, les Journ\u00e9es Cin\u00e9matographiques de Carthage et le Festival du film du Caire. Membre de l\u2019ATPCC et de la FIPRESCI, elle participe \u00e0 des jurys et initiatives internationales de critique. Depuis 2024, elle est \u00e9lectrice internationale aux Golden Globes. Facebook : https:\\\/\\\/www.facebook.com\\\/massir.destiniii\\\/ X : https:\\\/\\\/x.com\\\/MassirDestin\",\"sameAs\":[\"https:\\\/\\\/www.facebook.com\\\/massir.destiniii\\\/\",\"https:\\\/\\\/www.instagram.com\\\/neila.driss\\\/?hl=fr\",\"https:\\\/\\\/www.linkedin.com\\\/in\\\/neila-driss-22606a80\\\/\",\"https:\\\/\\\/x.com\\\/https:\\\/\\\/x.com\\\/MassirDestin\"],\"knowsAbout\":[\"Cin\u00e9ma international\",\"critique cin\u00e9matographique\",\"festivals de cin\u00e9ma\",\"journalisme culturel\"],\"knowsLanguage\":[\"Fran\u00e7ais\",\"Arabe\",\"Anglais\"],\"jobTitle\":\"Journaliste culturelle et critique de cin\u00e9ma\",\"worksFor\":\"Webdo\",\"url\":\"https:\\\/\\\/www.webdo.tn\\\/fr\\\/actualite\\\/author\\\/neila-driss\\\/\"}]}<\/script>\n<!-- \/ Yoast SEO Premium plugin. -->","yoast_head_json":{"title":"La c\u00e9r\u00e9monie d\u2019ouverture de Cannes 2023 : \u00c9motion, Glamour et \u00c9l\u00e9gance","description":"C\u2019est hier soir qu\u2019a enfin \u00e9t\u00e9 inaugur\u00e9e la 76 \u00e9dition du Festival de Cannes lors d'une c\u00e9r\u00e9monie d'ouverture empreinte de glamour et d'excitation. Les marches...","canonical":"https:\/\/www.webdo.tn\/fr\/actualite\/culture\/la-ceremonie-d-ouverture-de-cannes-2023-emotion-glamour-et-elegance\/205771\/","og_locale":"fr_FR","og_type":"article","og_title":"La c\u00e9r\u00e9monie d\u2019ouverture de Cannes 2023 : \u00c9motion, Glamour et \u00c9l\u00e9gance","og_description":"C\u2019est hier soir qu\u2019a enfin \u00e9t\u00e9 inaugur\u00e9e la 76 \u00e9dition du Festival de Cannes lors d'une c\u00e9r\u00e9monie d'ouverture empreinte de glamour et d'excitation. Les marches...","og_url":"https:\/\/www.webdo.tn\/fr\/actualite\/culture\/la-ceremonie-d-ouverture-de-cannes-2023-emotion-glamour-et-elegance\/205771\/","og_site_name":"webdo","article_publisher":"https:\/\/www.facebook.com\/webdotn","article_author":"https:\/\/www.facebook.com\/massir.destiniii\/","article_published_time":"2023-05-17T08:17:00+00:00","article_modified_time":"2025-05-21T08:56:58+00:00","og_image":[{"width":750,"height":400,"url":"https:\/\/www.webdo.tn\/fr\/wp-content\/uploads\/2023\/05\/1aaa9970d9cf9825d072edc8025a6586.jpeg","type":"image\/jpeg"}],"author":"Ne\u00efla DRISS","twitter_card":"summary_large_image","twitter_creator":"@https:\/\/x.com\/MassirDestin","twitter_site":"@webdo_tn","twitter_misc":{"\u00c9crit par":"Ne\u00efla DRISS","Dur\u00e9e de lecture estim\u00e9e":"7 minutes"},"schema":{"@context":"https:\/\/schema.org","@graph":[{"@type":"NewsArticle","@id":"https:\/\/www.webdo.tn\/fr\/actualite\/culture\/la-ceremonie-d-ouverture-de-cannes-2023-emotion-glamour-et-elegance\/205771\/#article","isPartOf":{"@id":"https:\/\/www.webdo.tn\/fr\/actualite\/culture\/la-ceremonie-d-ouverture-de-cannes-2023-emotion-glamour-et-elegance\/205771\/"},"author":{"name":"Ne\u00efla DRISS","@id":"https:\/\/www.webdo.tn\/fr\/#\/schema\/person\/60d5ba619ed3f58783b0dc82b7dada80"},"headline":"La c\u00e9r\u00e9monie d\u2019ouverture de Cannes 2023 : \u00c9motion, Glamour et \u00c9l\u00e9gance","datePublished":"2023-05-17T08:17:00+00:00","dateModified":"2025-05-21T08:56:58+00:00","mainEntityOfPage":{"@id":"https:\/\/www.webdo.tn\/fr\/actualite\/culture\/la-ceremonie-d-ouverture-de-cannes-2023-emotion-glamour-et-elegance\/205771\/"},"wordCount":1483,"commentCount":0,"publisher":{"@id":"https:\/\/www.webdo.tn\/fr\/#organization"},"image":{"@id":"https:\/\/www.webdo.tn\/fr\/actualite\/culture\/la-ceremonie-d-ouverture-de-cannes-2023-emotion-glamour-et-elegance\/205771\/#primaryimage"},"thumbnailUrl":"https:\/\/www.webdo.tn\/fr\/wp-content\/uploads\/2023\/05\/1aaa9970d9cf9825d072edc8025a6586.jpeg","keywords":["Cannes 2023","c\u00e9r\u00e9monie d'ouverture","Cin\u00e9ma","Festival","Festival de Cannes","Michael Douglas"],"articleSection":["Culture"],"inLanguage":"fr-FR"},{"@type":"WebPage","@id":"https:\/\/www.webdo.tn\/fr\/actualite\/culture\/la-ceremonie-d-ouverture-de-cannes-2023-emotion-glamour-et-elegance\/205771\/","url":"https:\/\/www.webdo.tn\/fr\/actualite\/culture\/la-ceremonie-d-ouverture-de-cannes-2023-emotion-glamour-et-elegance\/205771\/","name":"La c\u00e9r\u00e9monie d\u2019ouverture de Cannes 2023 : \u00c9motion, Glamour et \u00c9l\u00e9gance","isPartOf":{"@id":"https:\/\/www.webdo.tn\/fr\/#website"},"primaryImageOfPage":{"@id":"https:\/\/www.webdo.tn\/fr\/actualite\/culture\/la-ceremonie-d-ouverture-de-cannes-2023-emotion-glamour-et-elegance\/205771\/#primaryimage"},"image":{"@id":"https:\/\/www.webdo.tn\/fr\/actualite\/culture\/la-ceremonie-d-ouverture-de-cannes-2023-emotion-glamour-et-elegance\/205771\/#primaryimage"},"thumbnailUrl":"https:\/\/www.webdo.tn\/fr\/wp-content\/uploads\/2023\/05\/1aaa9970d9cf9825d072edc8025a6586.jpeg","datePublished":"2023-05-17T08:17:00+00:00","dateModified":"2025-05-21T08:56:58+00:00","description":"C\u2019est hier soir qu\u2019a enfin \u00e9t\u00e9 inaugur\u00e9e la 76 \u00e9dition du Festival de Cannes lors d'une c\u00e9r\u00e9monie d'ouverture empreinte de glamour et d'excitation. Les marches...","breadcrumb":{"@id":"https:\/\/www.webdo.tn\/fr\/actualite\/culture\/la-ceremonie-d-ouverture-de-cannes-2023-emotion-glamour-et-elegance\/205771\/#breadcrumb"},"inLanguage":"fr-FR","potentialAction":[{"@type":"ReadAction","target":["https:\/\/www.webdo.tn\/fr\/actualite\/culture\/la-ceremonie-d-ouverture-de-cannes-2023-emotion-glamour-et-elegance\/205771\/"]}]},{"@type":"ImageObject","inLanguage":"fr-FR","@id":"https:\/\/www.webdo.tn\/fr\/actualite\/culture\/la-ceremonie-d-ouverture-de-cannes-2023-emotion-glamour-et-elegance\/205771\/#primaryimage","url":"https:\/\/www.webdo.tn\/fr\/wp-content\/uploads\/2023\/05\/1aaa9970d9cf9825d072edc8025a6586.jpeg","contentUrl":"https:\/\/www.webdo.tn\/fr\/wp-content\/uploads\/2023\/05\/1aaa9970d9cf9825d072edc8025a6586.jpeg","width":750,"height":400,"caption":"La c\u00e9r\u00e9monie d\u2019ouverture de Cannes 2023 : \u00c9motion, Glamour et \u00c9l\u00e9gance"},{"@type":"BreadcrumbList","@id":"https:\/\/www.webdo.tn\/fr\/actualite\/culture\/la-ceremonie-d-ouverture-de-cannes-2023-emotion-glamour-et-elegance\/205771\/#breadcrumb","itemListElement":[{"@type":"ListItem","position":1,"name":"Accueil","item":"https:\/\/www.webdo.tn\/fr\/"},{"@type":"ListItem","position":2,"name":"La c\u00e9r\u00e9monie d\u2019ouverture de Cannes 2023 : \u00c9motion, Glamour et \u00c9l\u00e9gance"}]},{"@type":"WebSite","@id":"https:\/\/www.webdo.tn\/fr\/#website","url":"https:\/\/www.webdo.tn\/fr\/","name":"webdo","description":"Tunisie - News en Tunisie et \u00e0 l&#039;international sur Webdo.tn","publisher":{"@id":"https:\/\/www.webdo.tn\/fr\/#organization"},"potentialAction":[{"@type":"SearchAction","target":{"@type":"EntryPoint","urlTemplate":"https:\/\/www.webdo.tn\/fr\/?s={search_term_string}"},"query-input":{"@type":"PropertyValueSpecification","valueRequired":true,"valueName":"search_term_string"}}],"inLanguage":"fr-FR"},{"@type":"Organization","@id":"https:\/\/www.webdo.tn\/fr\/#organization","name":"Webdo","alternateName":"Webdo.tn","url":"https:\/\/www.webdo.tn\/fr\/","logo":{"@type":"ImageObject","inLanguage":"fr-FR","@id":"https:\/\/www.webdo.tn\/fr\/#\/schema\/logo\/image\/","url":"https:\/\/www.webdo.tn\/fr\/wp-content\/uploads\/2025\/06\/Webdo-Tunisie_168377.jpg","contentUrl":"https:\/\/www.webdo.tn\/fr\/wp-content\/uploads\/2025\/06\/Webdo-Tunisie_168377.jpg","width":301,"height":301,"caption":"Webdo"},"image":{"@id":"https:\/\/www.webdo.tn\/fr\/#\/schema\/logo\/image\/"},"sameAs":["https:\/\/www.facebook.com\/webdotn","https:\/\/x.com\/webdo_tn"],"description":"Webdo est un m\u00e9dia num\u00e9rique tunisien fond\u00e9 en 2010, sp\u00e9cialis\u00e9 dans l\u2019actualit\u00e9 nationale et internationale, l\u2019\u00e9conomie, la soci\u00e9t\u00e9 et les analyses politiques. Le site s\u2019adresse \u00e0 un large public francophone et couvre l\u2019information tunisienne en temps r\u00e9el.","email":"redac@webdo.tn","legalName":"YNJ SARL","foundingDate":"2010-09-06","numberOfEmployees":{"@type":"QuantitativeValue","minValue":"11","maxValue":"50"}},{"@type":"Person","@id":"https:\/\/www.webdo.tn\/fr\/#\/schema\/person\/60d5ba619ed3f58783b0dc82b7dada80","name":"Ne\u00efla DRISS","image":{"@type":"ImageObject","inLanguage":"fr-FR","@id":"https:\/\/www.webdo.tn\/fr\/wp-content\/uploads\/2026\/04\/neila-driss_avatar-96x96.jpg","url":"https:\/\/www.webdo.tn\/fr\/wp-content\/uploads\/2026\/04\/neila-driss_avatar-96x96.jpg","contentUrl":"https:\/\/www.webdo.tn\/fr\/wp-content\/uploads\/2026\/04\/neila-driss_avatar-96x96.jpg","caption":"Ne\u00efla DRISS"},"description":"Ne\u00efla Driss est juriste, journaliste culturelle et critique de cin\u00e9ma tunisienne. Titulaire d\u2019un DEA en droit priv\u00e9 de l\u2019Universit\u00e9 Paris II et d\u2019un DESS de l\u2019IHEC Carthage, elle d\u00e9bute sa carri\u00e8re comme juriste sp\u00e9cialis\u00e9e en gestion de patrimoine immobilier. Elle s\u2019oriente ensuite vers l\u2019\u00e9criture en ligne, o\u00f9 elle se distingue d\u00e8s 2006 aux Tunisia Blog Awards, avant de se consacrer au journalisme culturel, avec une sp\u00e9cialisation dans la critique cin\u00e9matographique. Elle couvre r\u00e9guli\u00e8rement les grands festivals internationaux, notamment le Festival de Cannes, les Journ\u00e9es Cin\u00e9matographiques de Carthage et le Festival du film du Caire. Membre de l\u2019ATPCC et de la FIPRESCI, elle participe \u00e0 des jurys et initiatives internationales de critique. Depuis 2024, elle est \u00e9lectrice internationale aux Golden Globes. Facebook : https:\/\/www.facebook.com\/massir.destiniii\/ X : https:\/\/x.com\/MassirDestin","sameAs":["https:\/\/www.facebook.com\/massir.destiniii\/","https:\/\/www.instagram.com\/neila.driss\/?hl=fr","https:\/\/www.linkedin.com\/in\/neila-driss-22606a80\/","https:\/\/x.com\/https:\/\/x.com\/MassirDestin"],"knowsAbout":["Cin\u00e9ma international","critique cin\u00e9matographique","festivals de cin\u00e9ma","journalisme culturel"],"knowsLanguage":["Fran\u00e7ais","Arabe","Anglais"],"jobTitle":"Journaliste culturelle et critique de cin\u00e9ma","worksFor":"Webdo","url":"https:\/\/www.webdo.tn\/fr\/actualite\/author\/neila-driss\/"}]}},"_links":{"self":[{"href":"https:\/\/www.webdo.tn\/fr\/wp-json\/wp\/v2\/posts\/205771","targetHints":{"allow":["GET"]}}],"collection":[{"href":"https:\/\/www.webdo.tn\/fr\/wp-json\/wp\/v2\/posts"}],"about":[{"href":"https:\/\/www.webdo.tn\/fr\/wp-json\/wp\/v2\/types\/post"}],"author":[{"embeddable":true,"href":"https:\/\/www.webdo.tn\/fr\/wp-json\/wp\/v2\/users\/3164"}],"replies":[{"embeddable":true,"href":"https:\/\/www.webdo.tn\/fr\/wp-json\/wp\/v2\/comments?post=205771"}],"version-history":[{"count":0,"href":"https:\/\/www.webdo.tn\/fr\/wp-json\/wp\/v2\/posts\/205771\/revisions"}],"wp:featuredmedia":[{"embeddable":true,"href":"https:\/\/www.webdo.tn\/fr\/wp-json\/wp\/v2\/media\/278169"}],"wp:attachment":[{"href":"https:\/\/www.webdo.tn\/fr\/wp-json\/wp\/v2\/media?parent=205771"}],"wp:term":[{"taxonomy":"category","embeddable":true,"href":"https:\/\/www.webdo.tn\/fr\/wp-json\/wp\/v2\/categories?post=205771"},{"taxonomy":"post_tag","embeddable":true,"href":"https:\/\/www.webdo.tn\/fr\/wp-json\/wp\/v2\/tags?post=205771"}],"curies":[{"name":"wp","href":"https:\/\/api.w.org\/{rel}","templated":true}]}}