{"id":205768,"date":"2023-05-16T21:28:00","date_gmt":"2023-05-16T21:28:00","guid":{"rendered":"https:\/\/www.webdo.tn\/fr\/blog\/malek-jaziri-tire-sa-reverence\/205768\/"},"modified":"2025-05-20T22:08:53","modified_gmt":"2025-05-20T22:08:53","slug":"malek-jaziri-tire-sa-reverence","status":"publish","type":"post","link":"https:\/\/www.webdo.tn\/fr\/actualite\/sport\/malek-jaziri-tire-sa-reverence\/205768\/","title":{"rendered":"Malek Jaziri tire sa r\u00e9v\u00e9rence !"},"content":{"rendered":"<p>Malek Jaziri a officiellement mis fin aujourd&rsquo;hui \u00e0 sa carri\u00e8re apr\u00e8s 20 ans de bons et loyaux services.<\/p>\n<p>\t\t\t\t\t\t\t\t\tMalek Jaziri, natif de Bizerte et \u00e2g\u00e9 de 39 ans a jou\u00e9 aujourd\u2019hui, mardi 16 mai 2023 \u00e0 Tunis, le dernier match de sa longue carri\u00e8re. En 16\u00e8mes de finale de l&rsquo;Open de Tunis disput\u00e9 sur les courts du Tennis Club de Tunis, Malek Jaziri, 624\u00e8me au classement ATP, a \u00e9t\u00e9 battu en deux sets (3-6, 1-6) par son compatriote Aziz Dougaz (232\u00e8me mondial).<\/p>\n<p>Malek Jaziri avait annonc\u00e9 que l\u2019Open de Tunis serait son dernier tournoi en tant que joueur professionnel, lui qui a d\u00e9marr\u00e9 sa carri\u00e8re en 2004 et jou\u00e9 1063 matches officiels pour 573 victoires.<\/p>\n<p>Professionnel depuis 2003, il a remport\u00e9 plusieurs ATP Challenger Tour et de nombreuses m\u00e9dailles en Coupe d&rsquo;Afrique des nations et aux Jeux m\u00e9diterran\u00e9ens.<\/p>\n<p>Malek Jaziri a atteint sa meilleure position dans le classement ATP, le 7 janvier 2019, se classant 42\u00e8me.<\/p>\n","protected":false},"excerpt":{"rendered":"<p>Malek Jaziri a officiellement mis fin aujourd&rsquo;hui \u00e0 sa carri\u00e8re apr\u00e8s 20 ans de bons et loyaux services.<\/p>\n","protected":false},"author":3162,"featured_media":278226,"comment_status":"open","ping_status":"closed","sticky":false,"template":"","format":"standard","meta":{"footnotes":""},"categories":[2593],"tags":[7537,6245,2605],"class_list":["post-205768","post","type-post","status-publish","format-standard","has-post-thumbnail","hentry","category-sport","tag-malek-jaziri","tag-retraite","tag-tennis"],"yoast_head":"<!-- This site is optimized with the Yoast SEO Premium plugin v27.5 (Yoast SEO v27.5) - https:\/\/yoast.com\/product\/yoast-seo-premium-wordpress\/ -->\n<title>Malek Jaziri tire sa r\u00e9v\u00e9rence !<\/title>\n<meta name=\"description\" content=\"Malek Jaziri a officiellement mis fin aujourd&#039;hui \u00e0 sa carri\u00e8re apr\u00e8s 20 ans de bons et loyaux services.\" \/>\n<link rel=\"canonical\" href=\"https:\/\/www.webdo.tn\/fr\/actualite\/sport\/malek-jaziri-tire-sa-reverence\/205768\/\" \/>\n<meta property=\"og:locale\" content=\"fr_FR\" \/>\n<meta property=\"og:type\" content=\"article\" \/>\n<meta property=\"og:title\" content=\"Malek Jaziri tire sa r\u00e9v\u00e9rence !\" \/>\n<meta property=\"og:description\" content=\"Malek Jaziri a officiellement mis fin aujourd&#039;hui \u00e0 sa carri\u00e8re apr\u00e8s 20 ans de bons et loyaux services.\" \/>\n<meta property=\"og:url\" content=\"https:\/\/www.webdo.tn\/fr\/actualite\/sport\/malek-jaziri-tire-sa-reverence\/205768\/\" \/>\n<meta property=\"og:site_name\" content=\"webdo\" \/>\n<meta property=\"article:publisher\" content=\"https:\/\/www.facebook.com\/webdotn\" \/>\n<meta property=\"article:published_time\" content=\"2023-05-16T21:28:00+00:00\" \/>\n<meta property=\"article:modified_time\" content=\"2025-05-20T22:08:53+00:00\" \/>\n<meta property=\"og:image\" content=\"https:\/\/www.webdo.tn\/fr\/wp-content\/uploads\/2023\/05\/b836aeebfe75cb1fdf612099f81cf996.jpg\" \/>\n\t<meta property=\"og:image:width\" content=\"617\" \/>\n\t<meta property=\"og:image:height\" content=\"329\" \/>\n\t<meta property=\"og:image:type\" content=\"image\/jpeg\" \/>\n<meta name=\"author\" content=\"MC\" \/>\n<meta name=\"twitter:card\" content=\"summary_large_image\" \/>\n<meta name=\"twitter:creator\" content=\"@webdo_tn\" \/>\n<meta name=\"twitter:site\" content=\"@webdo_tn\" \/>\n<meta name=\"twitter:label1\" content=\"\u00c9crit par\" \/>\n\t<meta name=\"twitter:data1\" content=\"MC\" \/>\n\t<meta name=\"twitter:label2\" content=\"Dur\u00e9e de lecture estim\u00e9e\" \/>\n\t<meta name=\"twitter:data2\" content=\"1 minute\" \/>\n<script type=\"application\/ld+json\" class=\"yoast-schema-graph\">{\"@context\":\"https:\\\/\\\/schema.org\",\"@graph\":[{\"@type\":\"NewsArticle\",\"@id\":\"https:\\\/\\\/www.webdo.tn\\\/fr\\\/actualite\\\/sport\\\/malek-jaziri-tire-sa-reverence\\\/205768\\\/#article\",\"isPartOf\":{\"@id\":\"https:\\\/\\\/www.webdo.tn\\\/fr\\\/actualite\\\/sport\\\/malek-jaziri-tire-sa-reverence\\\/205768\\\/\"},\"author\":{\"name\":\"MC\",\"@id\":\"https:\\\/\\\/www.webdo.tn\\\/fr\\\/#\\\/schema\\\/person\\\/2c4929cbf5a809e3bd38617c6ce150f6\"},\"headline\":\"Malek Jaziri tire sa r\u00e9v\u00e9rence !\",\"datePublished\":\"2023-05-16T21:28:00+00:00\",\"dateModified\":\"2025-05-20T22:08:53+00:00\",\"mainEntityOfPage\":{\"@id\":\"https:\\\/\\\/www.webdo.tn\\\/fr\\\/actualite\\\/sport\\\/malek-jaziri-tire-sa-reverence\\\/205768\\\/\"},\"wordCount\":164,\"commentCount\":0,\"publisher\":{\"@id\":\"https:\\\/\\\/www.webdo.tn\\\/fr\\\/#organization\"},\"image\":{\"@id\":\"https:\\\/\\\/www.webdo.tn\\\/fr\\\/actualite\\\/sport\\\/malek-jaziri-tire-sa-reverence\\\/205768\\\/#primaryimage\"},\"thumbnailUrl\":\"https:\\\/\\\/www.webdo.tn\\\/fr\\\/wp-content\\\/uploads\\\/2023\\\/05\\\/b836aeebfe75cb1fdf612099f81cf996.jpg\",\"keywords\":[\"malek jaziri\",\"retraite\",\"tennis\"],\"articleSection\":[\"Sport\"],\"inLanguage\":\"fr-FR\"},{\"@type\":\"WebPage\",\"@id\":\"https:\\\/\\\/www.webdo.tn\\\/fr\\\/actualite\\\/sport\\\/malek-jaziri-tire-sa-reverence\\\/205768\\\/\",\"url\":\"https:\\\/\\\/www.webdo.tn\\\/fr\\\/actualite\\\/sport\\\/malek-jaziri-tire-sa-reverence\\\/205768\\\/\",\"name\":\"Malek Jaziri tire sa r\u00e9v\u00e9rence !\",\"isPartOf\":{\"@id\":\"https:\\\/\\\/www.webdo.tn\\\/fr\\\/#website\"},\"primaryImageOfPage\":{\"@id\":\"https:\\\/\\\/www.webdo.tn\\\/fr\\\/actualite\\\/sport\\\/malek-jaziri-tire-sa-reverence\\\/205768\\\/#primaryimage\"},\"image\":{\"@id\":\"https:\\\/\\\/www.webdo.tn\\\/fr\\\/actualite\\\/sport\\\/malek-jaziri-tire-sa-reverence\\\/205768\\\/#primaryimage\"},\"thumbnailUrl\":\"https:\\\/\\\/www.webdo.tn\\\/fr\\\/wp-content\\\/uploads\\\/2023\\\/05\\\/b836aeebfe75cb1fdf612099f81cf996.jpg\",\"datePublished\":\"2023-05-16T21:28:00+00:00\",\"dateModified\":\"2025-05-20T22:08:53+00:00\",\"description\":\"Malek Jaziri a officiellement mis fin aujourd'hui \u00e0 sa carri\u00e8re apr\u00e8s 20 ans de bons et loyaux services.\",\"breadcrumb\":{\"@id\":\"https:\\\/\\\/www.webdo.tn\\\/fr\\\/actualite\\\/sport\\\/malek-jaziri-tire-sa-reverence\\\/205768\\\/#breadcrumb\"},\"inLanguage\":\"fr-FR\",\"potentialAction\":[{\"@type\":\"ReadAction\",\"target\":[\"https:\\\/\\\/www.webdo.tn\\\/fr\\\/actualite\\\/sport\\\/malek-jaziri-tire-sa-reverence\\\/205768\\\/\"]}]},{\"@type\":\"ImageObject\",\"inLanguage\":\"fr-FR\",\"@id\":\"https:\\\/\\\/www.webdo.tn\\\/fr\\\/actualite\\\/sport\\\/malek-jaziri-tire-sa-reverence\\\/205768\\\/#primaryimage\",\"url\":\"https:\\\/\\\/www.webdo.tn\\\/fr\\\/wp-content\\\/uploads\\\/2023\\\/05\\\/b836aeebfe75cb1fdf612099f81cf996.jpg\",\"contentUrl\":\"https:\\\/\\\/www.webdo.tn\\\/fr\\\/wp-content\\\/uploads\\\/2023\\\/05\\\/b836aeebfe75cb1fdf612099f81cf996.jpg\",\"width\":617,\"height\":329,\"caption\":\"Malek Jaziri tire sa r\u00e9v\u00e9rence !\"},{\"@type\":\"BreadcrumbList\",\"@id\":\"https:\\\/\\\/www.webdo.tn\\\/fr\\\/actualite\\\/sport\\\/malek-jaziri-tire-sa-reverence\\\/205768\\\/#breadcrumb\",\"itemListElement\":[{\"@type\":\"ListItem\",\"position\":1,\"name\":\"Accueil\",\"item\":\"https:\\\/\\\/www.webdo.tn\\\/fr\\\/\"},{\"@type\":\"ListItem\",\"position\":2,\"name\":\"Malek Jaziri tire sa r\u00e9v\u00e9rence !\"}]},{\"@type\":\"WebSite\",\"@id\":\"https:\\\/\\\/www.webdo.tn\\\/fr\\\/#website\",\"url\":\"https:\\\/\\\/www.webdo.tn\\\/fr\\\/\",\"name\":\"webdo\",\"description\":\"Tunisie - News en Tunisie et \u00e0 l&#039;international sur Webdo.tn\",\"publisher\":{\"@id\":\"https:\\\/\\\/www.webdo.tn\\\/fr\\\/#organization\"},\"potentialAction\":[{\"@type\":\"SearchAction\",\"target\":{\"@type\":\"EntryPoint\",\"urlTemplate\":\"https:\\\/\\\/www.webdo.tn\\\/fr\\\/?s={search_term_string}\"},\"query-input\":{\"@type\":\"PropertyValueSpecification\",\"valueRequired\":true,\"valueName\":\"search_term_string\"}}],\"inLanguage\":\"fr-FR\"},{\"@type\":\"Organization\",\"@id\":\"https:\\\/\\\/www.webdo.tn\\\/fr\\\/#organization\",\"name\":\"Webdo\",\"alternateName\":\"Webdo.tn\",\"url\":\"https:\\\/\\\/www.webdo.tn\\\/fr\\\/\",\"logo\":{\"@type\":\"ImageObject\",\"inLanguage\":\"fr-FR\",\"@id\":\"https:\\\/\\\/www.webdo.tn\\\/fr\\\/#\\\/schema\\\/logo\\\/image\\\/\",\"url\":\"https:\\\/\\\/www.webdo.tn\\\/fr\\\/wp-content\\\/uploads\\\/2025\\\/06\\\/Webdo-Tunisie_168377.jpg\",\"contentUrl\":\"https:\\\/\\\/www.webdo.tn\\\/fr\\\/wp-content\\\/uploads\\\/2025\\\/06\\\/Webdo-Tunisie_168377.jpg\",\"width\":301,\"height\":301,\"caption\":\"Webdo\"},\"image\":{\"@id\":\"https:\\\/\\\/www.webdo.tn\\\/fr\\\/#\\\/schema\\\/logo\\\/image\\\/\"},\"sameAs\":[\"https:\\\/\\\/www.facebook.com\\\/webdotn\",\"https:\\\/\\\/x.com\\\/webdo_tn\"],\"description\":\"Webdo est un m\u00e9dia num\u00e9rique tunisien fond\u00e9 en 2010, sp\u00e9cialis\u00e9 dans l\u2019actualit\u00e9 nationale et internationale, l\u2019\u00e9conomie, la soci\u00e9t\u00e9 et les analyses politiques. Le site s\u2019adresse \u00e0 un large public francophone et couvre l\u2019information tunisienne en temps r\u00e9el.\",\"email\":\"redac@webdo.tn\",\"legalName\":\"YNJ SARL\",\"foundingDate\":\"2010-09-06\",\"numberOfEmployees\":{\"@type\":\"QuantitativeValue\",\"minValue\":\"11\",\"maxValue\":\"50\"}},{\"@type\":\"Person\",\"@id\":\"https:\\\/\\\/www.webdo.tn\\\/fr\\\/#\\\/schema\\\/person\\\/2c4929cbf5a809e3bd38617c6ce150f6\",\"name\":\"MC\",\"image\":{\"@type\":\"ImageObject\",\"inLanguage\":\"fr-FR\",\"@id\":\"https:\\\/\\\/secure.gravatar.com\\\/avatar\\\/a545bbb6f84efdd5553dbbc2895e3ca8f1d12c5215e00a041c9670b54aa9b18a?s=96&d=mm&r=g\",\"url\":\"https:\\\/\\\/secure.gravatar.com\\\/avatar\\\/a545bbb6f84efdd5553dbbc2895e3ca8f1d12c5215e00a041c9670b54aa9b18a?s=96&d=mm&r=g\",\"contentUrl\":\"https:\\\/\\\/secure.gravatar.com\\\/avatar\\\/a545bbb6f84efdd5553dbbc2895e3ca8f1d12c5215e00a041c9670b54aa9b18a?s=96&d=mm&r=g\",\"caption\":\"MC\"},\"url\":\"https:\\\/\\\/www.webdo.tn\\\/fr\\\/actualite\\\/author\\\/mc\\\/\"}]}<\/script>\n<!-- \/ Yoast SEO Premium plugin. -->","yoast_head_json":{"title":"Malek Jaziri tire sa r\u00e9v\u00e9rence !","description":"Malek Jaziri a officiellement mis fin aujourd'hui \u00e0 sa carri\u00e8re apr\u00e8s 20 ans de bons et loyaux services.","canonical":"https:\/\/www.webdo.tn\/fr\/actualite\/sport\/malek-jaziri-tire-sa-reverence\/205768\/","og_locale":"fr_FR","og_type":"article","og_title":"Malek Jaziri tire sa r\u00e9v\u00e9rence !","og_description":"Malek Jaziri a officiellement mis fin aujourd'hui \u00e0 sa carri\u00e8re apr\u00e8s 20 ans de bons et loyaux services.","og_url":"https:\/\/www.webdo.tn\/fr\/actualite\/sport\/malek-jaziri-tire-sa-reverence\/205768\/","og_site_name":"webdo","article_publisher":"https:\/\/www.facebook.com\/webdotn","article_published_time":"2023-05-16T21:28:00+00:00","article_modified_time":"2025-05-20T22:08:53+00:00","og_image":[{"width":617,"height":329,"url":"https:\/\/www.webdo.tn\/fr\/wp-content\/uploads\/2023\/05\/b836aeebfe75cb1fdf612099f81cf996.jpg","type":"image\/jpeg"}],"author":"MC","twitter_card":"summary_large_image","twitter_creator":"@webdo_tn","twitter_site":"@webdo_tn","twitter_misc":{"\u00c9crit par":"MC","Dur\u00e9e de lecture estim\u00e9e":"1 minute"},"schema":{"@context":"https:\/\/schema.org","@graph":[{"@type":"NewsArticle","@id":"https:\/\/www.webdo.tn\/fr\/actualite\/sport\/malek-jaziri-tire-sa-reverence\/205768\/#article","isPartOf":{"@id":"https:\/\/www.webdo.tn\/fr\/actualite\/sport\/malek-jaziri-tire-sa-reverence\/205768\/"},"author":{"name":"MC","@id":"https:\/\/www.webdo.tn\/fr\/#\/schema\/person\/2c4929cbf5a809e3bd38617c6ce150f6"},"headline":"Malek Jaziri tire sa r\u00e9v\u00e9rence !","datePublished":"2023-05-16T21:28:00+00:00","dateModified":"2025-05-20T22:08:53+00:00","mainEntityOfPage":{"@id":"https:\/\/www.webdo.tn\/fr\/actualite\/sport\/malek-jaziri-tire-sa-reverence\/205768\/"},"wordCount":164,"commentCount":0,"publisher":{"@id":"https:\/\/www.webdo.tn\/fr\/#organization"},"image":{"@id":"https:\/\/www.webdo.tn\/fr\/actualite\/sport\/malek-jaziri-tire-sa-reverence\/205768\/#primaryimage"},"thumbnailUrl":"https:\/\/www.webdo.tn\/fr\/wp-content\/uploads\/2023\/05\/b836aeebfe75cb1fdf612099f81cf996.jpg","keywords":["malek jaziri","retraite","tennis"],"articleSection":["Sport"],"inLanguage":"fr-FR"},{"@type":"WebPage","@id":"https:\/\/www.webdo.tn\/fr\/actualite\/sport\/malek-jaziri-tire-sa-reverence\/205768\/","url":"https:\/\/www.webdo.tn\/fr\/actualite\/sport\/malek-jaziri-tire-sa-reverence\/205768\/","name":"Malek Jaziri tire sa r\u00e9v\u00e9rence !","isPartOf":{"@id":"https:\/\/www.webdo.tn\/fr\/#website"},"primaryImageOfPage":{"@id":"https:\/\/www.webdo.tn\/fr\/actualite\/sport\/malek-jaziri-tire-sa-reverence\/205768\/#primaryimage"},"image":{"@id":"https:\/\/www.webdo.tn\/fr\/actualite\/sport\/malek-jaziri-tire-sa-reverence\/205768\/#primaryimage"},"thumbnailUrl":"https:\/\/www.webdo.tn\/fr\/wp-content\/uploads\/2023\/05\/b836aeebfe75cb1fdf612099f81cf996.jpg","datePublished":"2023-05-16T21:28:00+00:00","dateModified":"2025-05-20T22:08:53+00:00","description":"Malek Jaziri a officiellement mis fin aujourd'hui \u00e0 sa carri\u00e8re apr\u00e8s 20 ans de bons et loyaux services.","breadcrumb":{"@id":"https:\/\/www.webdo.tn\/fr\/actualite\/sport\/malek-jaziri-tire-sa-reverence\/205768\/#breadcrumb"},"inLanguage":"fr-FR","potentialAction":[{"@type":"ReadAction","target":["https:\/\/www.webdo.tn\/fr\/actualite\/sport\/malek-jaziri-tire-sa-reverence\/205768\/"]}]},{"@type":"ImageObject","inLanguage":"fr-FR","@id":"https:\/\/www.webdo.tn\/fr\/actualite\/sport\/malek-jaziri-tire-sa-reverence\/205768\/#primaryimage","url":"https:\/\/www.webdo.tn\/fr\/wp-content\/uploads\/2023\/05\/b836aeebfe75cb1fdf612099f81cf996.jpg","contentUrl":"https:\/\/www.webdo.tn\/fr\/wp-content\/uploads\/2023\/05\/b836aeebfe75cb1fdf612099f81cf996.jpg","width":617,"height":329,"caption":"Malek Jaziri tire sa r\u00e9v\u00e9rence !"},{"@type":"BreadcrumbList","@id":"https:\/\/www.webdo.tn\/fr\/actualite\/sport\/malek-jaziri-tire-sa-reverence\/205768\/#breadcrumb","itemListElement":[{"@type":"ListItem","position":1,"name":"Accueil","item":"https:\/\/www.webdo.tn\/fr\/"},{"@type":"ListItem","position":2,"name":"Malek Jaziri tire sa r\u00e9v\u00e9rence !"}]},{"@type":"WebSite","@id":"https:\/\/www.webdo.tn\/fr\/#website","url":"https:\/\/www.webdo.tn\/fr\/","name":"webdo","description":"Tunisie - News en Tunisie et \u00e0 l&#039;international sur Webdo.tn","publisher":{"@id":"https:\/\/www.webdo.tn\/fr\/#organization"},"potentialAction":[{"@type":"SearchAction","target":{"@type":"EntryPoint","urlTemplate":"https:\/\/www.webdo.tn\/fr\/?s={search_term_string}"},"query-input":{"@type":"PropertyValueSpecification","valueRequired":true,"valueName":"search_term_string"}}],"inLanguage":"fr-FR"},{"@type":"Organization","@id":"https:\/\/www.webdo.tn\/fr\/#organization","name":"Webdo","alternateName":"Webdo.tn","url":"https:\/\/www.webdo.tn\/fr\/","logo":{"@type":"ImageObject","inLanguage":"fr-FR","@id":"https:\/\/www.webdo.tn\/fr\/#\/schema\/logo\/image\/","url":"https:\/\/www.webdo.tn\/fr\/wp-content\/uploads\/2025\/06\/Webdo-Tunisie_168377.jpg","contentUrl":"https:\/\/www.webdo.tn\/fr\/wp-content\/uploads\/2025\/06\/Webdo-Tunisie_168377.jpg","width":301,"height":301,"caption":"Webdo"},"image":{"@id":"https:\/\/www.webdo.tn\/fr\/#\/schema\/logo\/image\/"},"sameAs":["https:\/\/www.facebook.com\/webdotn","https:\/\/x.com\/webdo_tn"],"description":"Webdo est un m\u00e9dia num\u00e9rique tunisien fond\u00e9 en 2010, sp\u00e9cialis\u00e9 dans l\u2019actualit\u00e9 nationale et internationale, l\u2019\u00e9conomie, la soci\u00e9t\u00e9 et les analyses politiques. Le site s\u2019adresse \u00e0 un large public francophone et couvre l\u2019information tunisienne en temps r\u00e9el.","email":"redac@webdo.tn","legalName":"YNJ SARL","foundingDate":"2010-09-06","numberOfEmployees":{"@type":"QuantitativeValue","minValue":"11","maxValue":"50"}},{"@type":"Person","@id":"https:\/\/www.webdo.tn\/fr\/#\/schema\/person\/2c4929cbf5a809e3bd38617c6ce150f6","name":"MC","image":{"@type":"ImageObject","inLanguage":"fr-FR","@id":"https:\/\/secure.gravatar.com\/avatar\/a545bbb6f84efdd5553dbbc2895e3ca8f1d12c5215e00a041c9670b54aa9b18a?s=96&d=mm&r=g","url":"https:\/\/secure.gravatar.com\/avatar\/a545bbb6f84efdd5553dbbc2895e3ca8f1d12c5215e00a041c9670b54aa9b18a?s=96&d=mm&r=g","contentUrl":"https:\/\/secure.gravatar.com\/avatar\/a545bbb6f84efdd5553dbbc2895e3ca8f1d12c5215e00a041c9670b54aa9b18a?s=96&d=mm&r=g","caption":"MC"},"url":"https:\/\/www.webdo.tn\/fr\/actualite\/author\/mc\/"}]}},"_links":{"self":[{"href":"https:\/\/www.webdo.tn\/fr\/wp-json\/wp\/v2\/posts\/205768","targetHints":{"allow":["GET"]}}],"collection":[{"href":"https:\/\/www.webdo.tn\/fr\/wp-json\/wp\/v2\/posts"}],"about":[{"href":"https:\/\/www.webdo.tn\/fr\/wp-json\/wp\/v2\/types\/post"}],"author":[{"embeddable":true,"href":"https:\/\/www.webdo.tn\/fr\/wp-json\/wp\/v2\/users\/3162"}],"replies":[{"embeddable":true,"href":"https:\/\/www.webdo.tn\/fr\/wp-json\/wp\/v2\/comments?post=205768"}],"version-history":[{"count":0,"href":"https:\/\/www.webdo.tn\/fr\/wp-json\/wp\/v2\/posts\/205768\/revisions"}],"wp:featuredmedia":[{"embeddable":true,"href":"https:\/\/www.webdo.tn\/fr\/wp-json\/wp\/v2\/media\/278226"}],"wp:attachment":[{"href":"https:\/\/www.webdo.tn\/fr\/wp-json\/wp\/v2\/media?parent=205768"}],"wp:term":[{"taxonomy":"category","embeddable":true,"href":"https:\/\/www.webdo.tn\/fr\/wp-json\/wp\/v2\/categories?post=205768"},{"taxonomy":"post_tag","embeddable":true,"href":"https:\/\/www.webdo.tn\/fr\/wp-json\/wp\/v2\/tags?post=205768"}],"curies":[{"name":"wp","href":"https:\/\/api.w.org\/{rel}","templated":true}]}}