{"id":205763,"date":"2023-05-16T20:27:00","date_gmt":"2023-05-16T20:27:00","guid":{"rendered":"https:\/\/www.webdo.tn\/fr\/blog\/la-societe-civile-s-indigne-contre-la-condamnation-de-khelifa-guesmi\/205763\/"},"modified":"2025-05-20T21:59:42","modified_gmt":"2025-05-20T21:59:42","slug":"la-societe-civile-s-indigne-contre-la-condamnation-de-khelifa-guesmi","status":"publish","type":"post","link":"https:\/\/www.webdo.tn\/fr\/actualite\/national\/la-societe-civile-s-indigne-contre-la-condamnation-de-khelifa-guesmi\/205763\/","title":{"rendered":"La soci\u00e9t\u00e9 civile s\u2019indigne contre la condamnation de Khelifa Guesmi"},"content":{"rendered":"<p>A l\u2019instar du SNJT, plus de 40 organisations se sont indign\u00e9es contre la condamnation du journaliste Khelifa Guesmi \u00e0 cinq ans de prison.<\/p>\n<p>\tLe collectif estime que la peine inflig\u00e9e est la plus lourde dans l&rsquo;histoire de la presse tunisienne<br \/>\n\tLe collectif rappelle que la source s\u00e9curitaire officielle qui a r\u00e9v\u00e9l\u00e9 l&rsquo;information a \u00e9cop\u00e9 de 10 ans de prison<br \/>\n\tLe collectif a d\u00e9cid\u00e9 d&rsquo;organiser une manifestation de protestation<\/p>\n<p>Ces organisations se sont r\u00e9unies dans un collectif pour d\u00e9noncer le jugement prononc\u00e9 \u00e0 l&rsquo;encontre de Khelifa Guesmi, estimant que \u00ab\u00a0ce proc\u00e8s t\u00e9moigne d&rsquo;une politique syst\u00e9matique de musellement de la libert\u00e9 d&rsquo;expression, de la presse et d&rsquo;opinion\u00a0\u00bb.<\/p>\n<p>D\u00e9j\u00e0 condamn\u00e9 \u00e0 un an de prison pour avoir refus\u00e9 de r\u00e9v\u00e9ler ses sources, le journaliste Khelifa Guesmi a \u00e9t\u00e9 condamn\u00e9, hier \u00e0 cinq ans de prison par la chambre sp\u00e9cialis\u00e9e dans les affaires terroristes pr\u00e8s le tribunal de Tunis.<\/p>\n<p>Celle-ci a rendu un jugement condamnant le journaliste \u00e0 cinq ans de prison au sens de la loi antiterroriste de 2015, sur fond de sa publication d&rsquo;une information dont l&rsquo;origine \u00e9tait une source s\u00e9curitaire.<\/p>\n<p>Dans une d\u00e9claration commune publi\u00e9e, ce mardi 16 mai 2023, en r\u00e9action \u00e0 ce proc\u00e8s, les organisations ont mis en garde contre \u00ab\u00a0l&rsquo;ampleur des violations judiciaires du texte de la constitution et des pactes internationaux ratifi\u00e9s par la Tunisie\u00a0\u00bb, d\u00e9non\u00e7ant \u00e0 ce titre \u00ab\u00a0les proc\u00e8s \u00e0 r\u00e9p\u00e9tition dress\u00e9s contre des journalistes sur la base d&rsquo;un dispositif juridique fort liberticide en un laps de temps court\u00a0\u00bb.<\/p>\n<p>Le collectif estime que la peine inflig\u00e9e au journaliste dans le cadre de ce proc\u00e8s est la plus lourde dans l&rsquo;histoire de la presse tunisienne, tout comme elle rel\u00e8ve du jamais vu sous les diff\u00e9rentes dictatures qui ont gouvern\u00e9 la Tunisie.<\/p>\n<p>Le collectif rappelle que dans le m\u00eame proc\u00e8s, \u00ab\u00a0la source s\u00e9curitaire officielle qui a r\u00e9v\u00e9l\u00e9 l&rsquo;information a \u00e9galement \u00e9cop\u00e9 de 10 ans de prison au sens de l&rsquo;article 62 de la loi antiterroriste, en sa qualit\u00e9 d&rsquo;auteur principal, estimant que ce jugement favorisera les r\u00e9flexes d&rsquo;autocensure des autorit\u00e9s officielles et le blackout m\u00e9diatique\u00a0\u00bb, rapporte l\u2019agence TAP.<\/p>\n<p>Le collectif a ainsi d\u00e9cid\u00e9 d&rsquo;organiser une manifestation de protestation, ce jeudi 18 mai, devant le si\u00e8ge du Syndicat des journalistes, pour fustiger la r\u00e9pression de la libert\u00e9 de la presse et d&rsquo;opinion.<\/p>\n<p>Rappel des faits<\/p>\n<p>En novembre 2022, la Chambre p\u00e9nale sp\u00e9cialis\u00e9e dans les affaires de lutte contre le terrorisme au Tribunal de premi\u00e8re instance de Tunis, avait condamn\u00e9, Khelifa Guesmi, journaliste et correspondant de Mosa\u00efque fm \u00e0 Kairouan, \u00e0 un an de prison.<\/p>\n<p>Sa condamnation est en rapport avec l\u2019affaire de la publication d\u2019une information selon laquelle une cellule terroriste aurait \u00e9t\u00e9 d\u00e9mantel\u00e9e \u00e0 Kairouan.<\/p>\n<p>Il est accus\u00e9 d\u2019avoir \u00ab\u00a0divulgu\u00e9 intentionnellement l&rsquo;une des informations relatives aux op\u00e9rations d&rsquo;interception, d&rsquo;infiltration, de surveillance audiovisuelle ou des donn\u00e9es qui y sont collect\u00e9es\u00a0\u00bb.<\/p>\n<p>Khelifa Guesmi avait \u00e9t\u00e9 plac\u00e9 en garde \u00e0 vue le 18 mars 2022, le journaliste ayant refus\u00e9 de divulguer ses sources d\u2019information. Il avait \u00e9t\u00e9 lib\u00e9r\u00e9 le 25 mars 2022 apr\u00e8s une semaine de garde \u00e0 vue.<\/p>\n","protected":false},"excerpt":{"rendered":"<p>A l\u2019instar du SNJT, plus de 40 organisations se sont indign\u00e9es contre la condamnation du journaliste Khelifa Guesmi \u00e0 cinq ans de prison.<\/p>\n","protected":false},"author":3162,"featured_media":251138,"comment_status":"open","ping_status":"closed","sticky":false,"template":"","format":"standard","meta":{"footnotes":""},"categories":[44],"tags":[2835,2619,6889,6503],"class_list":["post-205763","post","type-post","status-publish","format-standard","has-post-thumbnail","hentry","category-national","tag-condamnation","tag-justice","tag-khelifa-guesmi","tag-societe-civile"],"yoast_head":"<!-- This site is optimized with the Yoast SEO Premium plugin v27.4 (Yoast SEO v27.5) - https:\/\/yoast.com\/product\/yoast-seo-premium-wordpress\/ -->\n<title>La soci\u00e9t\u00e9 civile s\u2019indigne contre la condamnation de Khelifa Guesmi<\/title>\n<meta name=\"description\" content=\"A l\u2019instar du SNJT, plus de 40 organisations se sont indign\u00e9es contre la condamnation du journaliste Khelifa Guesmi \u00e0 cinq ans de prison.\" \/>\n<link rel=\"canonical\" href=\"https:\/\/www.webdo.tn\/fr\/actualite\/national\/la-societe-civile-s-indigne-contre-la-condamnation-de-khelifa-guesmi\/205763\/\" \/>\n<meta property=\"og:locale\" content=\"fr_FR\" \/>\n<meta property=\"og:type\" content=\"article\" \/>\n<meta property=\"og:title\" content=\"La soci\u00e9t\u00e9 civile s\u2019indigne contre la condamnation de Khelifa Guesmi\" \/>\n<meta property=\"og:description\" content=\"A l\u2019instar du SNJT, plus de 40 organisations se sont indign\u00e9es contre la condamnation du journaliste Khelifa Guesmi \u00e0 cinq ans de prison.\" \/>\n<meta property=\"og:url\" content=\"https:\/\/www.webdo.tn\/fr\/actualite\/national\/la-societe-civile-s-indigne-contre-la-condamnation-de-khelifa-guesmi\/205763\/\" \/>\n<meta property=\"og:site_name\" content=\"webdo\" \/>\n<meta property=\"article:publisher\" content=\"https:\/\/www.facebook.com\/webdotn\" \/>\n<meta property=\"article:published_time\" content=\"2023-05-16T20:27:00+00:00\" \/>\n<meta property=\"article:modified_time\" content=\"2025-05-20T21:59:42+00:00\" \/>\n<meta property=\"og:image\" content=\"https:\/\/www.webdo.tn\/fr\/wp-content\/uploads\/2023\/05\/0fc5b443f344208d36688b6d6ad8a377.jpg\" \/>\n\t<meta property=\"og:image:width\" content=\"750\" \/>\n\t<meta property=\"og:image:height\" content=\"400\" \/>\n\t<meta property=\"og:image:type\" content=\"image\/jpeg\" \/>\n<meta name=\"author\" content=\"MC\" \/>\n<meta name=\"twitter:card\" content=\"summary_large_image\" \/>\n<meta name=\"twitter:creator\" content=\"@webdo_tn\" \/>\n<meta name=\"twitter:site\" content=\"@webdo_tn\" \/>\n<meta name=\"twitter:label1\" content=\"\u00c9crit par\" \/>\n\t<meta name=\"twitter:data1\" content=\"MC\" \/>\n\t<meta name=\"twitter:label2\" content=\"Dur\u00e9e de lecture estim\u00e9e\" \/>\n\t<meta name=\"twitter:data2\" content=\"3 minutes\" \/>\n<script type=\"application\/ld+json\" class=\"yoast-schema-graph\">{\"@context\":\"https:\\\/\\\/schema.org\",\"@graph\":[{\"@type\":\"NewsArticle\",\"@id\":\"https:\\\/\\\/www.webdo.tn\\\/fr\\\/actualite\\\/national\\\/la-societe-civile-s-indigne-contre-la-condamnation-de-khelifa-guesmi\\\/205763\\\/#article\",\"isPartOf\":{\"@id\":\"https:\\\/\\\/www.webdo.tn\\\/fr\\\/actualite\\\/national\\\/la-societe-civile-s-indigne-contre-la-condamnation-de-khelifa-guesmi\\\/205763\\\/\"},\"author\":{\"name\":\"MC\",\"@id\":\"https:\\\/\\\/www.webdo.tn\\\/fr\\\/#\\\/schema\\\/person\\\/2c4929cbf5a809e3bd38617c6ce150f6\"},\"headline\":\"La soci\u00e9t\u00e9 civile s\u2019indigne contre la condamnation de Khelifa Guesmi\",\"datePublished\":\"2023-05-16T20:27:00+00:00\",\"dateModified\":\"2025-05-20T21:59:42+00:00\",\"mainEntityOfPage\":{\"@id\":\"https:\\\/\\\/www.webdo.tn\\\/fr\\\/actualite\\\/national\\\/la-societe-civile-s-indigne-contre-la-condamnation-de-khelifa-guesmi\\\/205763\\\/\"},\"wordCount\":568,\"commentCount\":0,\"publisher\":{\"@id\":\"https:\\\/\\\/www.webdo.tn\\\/fr\\\/#organization\"},\"image\":{\"@id\":\"https:\\\/\\\/www.webdo.tn\\\/fr\\\/actualite\\\/national\\\/la-societe-civile-s-indigne-contre-la-condamnation-de-khelifa-guesmi\\\/205763\\\/#primaryimage\"},\"thumbnailUrl\":\"https:\\\/\\\/www.webdo.tn\\\/fr\\\/wp-content\\\/uploads\\\/2023\\\/05\\\/0fc5b443f344208d36688b6d6ad8a377.jpg\",\"keywords\":[\"condamnation\",\"justice\",\"khelifa guesmi\",\"soci\u00e9t\u00e9 civile\"],\"articleSection\":[\"National\"],\"inLanguage\":\"fr-FR\"},{\"@type\":\"WebPage\",\"@id\":\"https:\\\/\\\/www.webdo.tn\\\/fr\\\/actualite\\\/national\\\/la-societe-civile-s-indigne-contre-la-condamnation-de-khelifa-guesmi\\\/205763\\\/\",\"url\":\"https:\\\/\\\/www.webdo.tn\\\/fr\\\/actualite\\\/national\\\/la-societe-civile-s-indigne-contre-la-condamnation-de-khelifa-guesmi\\\/205763\\\/\",\"name\":\"La soci\u00e9t\u00e9 civile s\u2019indigne contre la condamnation de Khelifa Guesmi\",\"isPartOf\":{\"@id\":\"https:\\\/\\\/www.webdo.tn\\\/fr\\\/#website\"},\"primaryImageOfPage\":{\"@id\":\"https:\\\/\\\/www.webdo.tn\\\/fr\\\/actualite\\\/national\\\/la-societe-civile-s-indigne-contre-la-condamnation-de-khelifa-guesmi\\\/205763\\\/#primaryimage\"},\"image\":{\"@id\":\"https:\\\/\\\/www.webdo.tn\\\/fr\\\/actualite\\\/national\\\/la-societe-civile-s-indigne-contre-la-condamnation-de-khelifa-guesmi\\\/205763\\\/#primaryimage\"},\"thumbnailUrl\":\"https:\\\/\\\/www.webdo.tn\\\/fr\\\/wp-content\\\/uploads\\\/2023\\\/05\\\/0fc5b443f344208d36688b6d6ad8a377.jpg\",\"datePublished\":\"2023-05-16T20:27:00+00:00\",\"dateModified\":\"2025-05-20T21:59:42+00:00\",\"description\":\"A l\u2019instar du SNJT, plus de 40 organisations se sont indign\u00e9es contre la condamnation du journaliste Khelifa Guesmi \u00e0 cinq ans de prison.\",\"breadcrumb\":{\"@id\":\"https:\\\/\\\/www.webdo.tn\\\/fr\\\/actualite\\\/national\\\/la-societe-civile-s-indigne-contre-la-condamnation-de-khelifa-guesmi\\\/205763\\\/#breadcrumb\"},\"inLanguage\":\"fr-FR\",\"potentialAction\":[{\"@type\":\"ReadAction\",\"target\":[\"https:\\\/\\\/www.webdo.tn\\\/fr\\\/actualite\\\/national\\\/la-societe-civile-s-indigne-contre-la-condamnation-de-khelifa-guesmi\\\/205763\\\/\"]}]},{\"@type\":\"ImageObject\",\"inLanguage\":\"fr-FR\",\"@id\":\"https:\\\/\\\/www.webdo.tn\\\/fr\\\/actualite\\\/national\\\/la-societe-civile-s-indigne-contre-la-condamnation-de-khelifa-guesmi\\\/205763\\\/#primaryimage\",\"url\":\"https:\\\/\\\/www.webdo.tn\\\/fr\\\/wp-content\\\/uploads\\\/2023\\\/05\\\/0fc5b443f344208d36688b6d6ad8a377.jpg\",\"contentUrl\":\"https:\\\/\\\/www.webdo.tn\\\/fr\\\/wp-content\\\/uploads\\\/2023\\\/05\\\/0fc5b443f344208d36688b6d6ad8a377.jpg\",\"width\":750,\"height\":400,\"caption\":\"La soci\u00e9t\u00e9 civile s\u2019indigne contre la condamnation de Khelifa Guesmi\"},{\"@type\":\"BreadcrumbList\",\"@id\":\"https:\\\/\\\/www.webdo.tn\\\/fr\\\/actualite\\\/national\\\/la-societe-civile-s-indigne-contre-la-condamnation-de-khelifa-guesmi\\\/205763\\\/#breadcrumb\",\"itemListElement\":[{\"@type\":\"ListItem\",\"position\":1,\"name\":\"Accueil\",\"item\":\"https:\\\/\\\/www.webdo.tn\\\/fr\\\/\"},{\"@type\":\"ListItem\",\"position\":2,\"name\":\"La soci\u00e9t\u00e9 civile s\u2019indigne contre la condamnation de Khelifa Guesmi\"}]},{\"@type\":\"WebSite\",\"@id\":\"https:\\\/\\\/www.webdo.tn\\\/fr\\\/#website\",\"url\":\"https:\\\/\\\/www.webdo.tn\\\/fr\\\/\",\"name\":\"webdo\",\"description\":\"Tunisie - News en Tunisie et \u00e0 l&#039;international sur Webdo.tn\",\"publisher\":{\"@id\":\"https:\\\/\\\/www.webdo.tn\\\/fr\\\/#organization\"},\"potentialAction\":[{\"@type\":\"SearchAction\",\"target\":{\"@type\":\"EntryPoint\",\"urlTemplate\":\"https:\\\/\\\/www.webdo.tn\\\/fr\\\/?s={search_term_string}\"},\"query-input\":{\"@type\":\"PropertyValueSpecification\",\"valueRequired\":true,\"valueName\":\"search_term_string\"}}],\"inLanguage\":\"fr-FR\"},{\"@type\":\"Organization\",\"@id\":\"https:\\\/\\\/www.webdo.tn\\\/fr\\\/#organization\",\"name\":\"Webdo\",\"alternateName\":\"Webdo.tn\",\"url\":\"https:\\\/\\\/www.webdo.tn\\\/fr\\\/\",\"logo\":{\"@type\":\"ImageObject\",\"inLanguage\":\"fr-FR\",\"@id\":\"https:\\\/\\\/www.webdo.tn\\\/fr\\\/#\\\/schema\\\/logo\\\/image\\\/\",\"url\":\"https:\\\/\\\/www.webdo.tn\\\/fr\\\/wp-content\\\/uploads\\\/2025\\\/06\\\/Webdo-Tunisie_168377.jpg\",\"contentUrl\":\"https:\\\/\\\/www.webdo.tn\\\/fr\\\/wp-content\\\/uploads\\\/2025\\\/06\\\/Webdo-Tunisie_168377.jpg\",\"width\":301,\"height\":301,\"caption\":\"Webdo\"},\"image\":{\"@id\":\"https:\\\/\\\/www.webdo.tn\\\/fr\\\/#\\\/schema\\\/logo\\\/image\\\/\"},\"sameAs\":[\"https:\\\/\\\/www.facebook.com\\\/webdotn\",\"https:\\\/\\\/x.com\\\/webdo_tn\"],\"description\":\"Webdo est un m\u00e9dia num\u00e9rique tunisien fond\u00e9 en 2010, sp\u00e9cialis\u00e9 dans l\u2019actualit\u00e9 nationale et internationale, l\u2019\u00e9conomie, la soci\u00e9t\u00e9 et les analyses politiques. Le site s\u2019adresse \u00e0 un large public francophone et couvre l\u2019information tunisienne en temps r\u00e9el.\",\"email\":\"redac@webdo.tn\",\"legalName\":\"YNJ SARL\",\"foundingDate\":\"2010-09-06\",\"numberOfEmployees\":{\"@type\":\"QuantitativeValue\",\"minValue\":\"11\",\"maxValue\":\"50\"}},{\"@type\":\"Person\",\"@id\":\"https:\\\/\\\/www.webdo.tn\\\/fr\\\/#\\\/schema\\\/person\\\/2c4929cbf5a809e3bd38617c6ce150f6\",\"name\":\"MC\",\"image\":{\"@type\":\"ImageObject\",\"inLanguage\":\"fr-FR\",\"@id\":\"https:\\\/\\\/secure.gravatar.com\\\/avatar\\\/a545bbb6f84efdd5553dbbc2895e3ca8f1d12c5215e00a041c9670b54aa9b18a?s=96&d=mm&r=g\",\"url\":\"https:\\\/\\\/secure.gravatar.com\\\/avatar\\\/a545bbb6f84efdd5553dbbc2895e3ca8f1d12c5215e00a041c9670b54aa9b18a?s=96&d=mm&r=g\",\"contentUrl\":\"https:\\\/\\\/secure.gravatar.com\\\/avatar\\\/a545bbb6f84efdd5553dbbc2895e3ca8f1d12c5215e00a041c9670b54aa9b18a?s=96&d=mm&r=g\",\"caption\":\"MC\"},\"url\":\"https:\\\/\\\/www.webdo.tn\\\/fr\\\/actualite\\\/author\\\/mc\\\/\"}]}<\/script>\n<!-- \/ Yoast SEO Premium plugin. -->","yoast_head_json":{"title":"La soci\u00e9t\u00e9 civile s\u2019indigne contre la condamnation de Khelifa Guesmi","description":"A l\u2019instar du SNJT, plus de 40 organisations se sont indign\u00e9es contre la condamnation du journaliste Khelifa Guesmi \u00e0 cinq ans de prison.","canonical":"https:\/\/www.webdo.tn\/fr\/actualite\/national\/la-societe-civile-s-indigne-contre-la-condamnation-de-khelifa-guesmi\/205763\/","og_locale":"fr_FR","og_type":"article","og_title":"La soci\u00e9t\u00e9 civile s\u2019indigne contre la condamnation de Khelifa Guesmi","og_description":"A l\u2019instar du SNJT, plus de 40 organisations se sont indign\u00e9es contre la condamnation du journaliste Khelifa Guesmi \u00e0 cinq ans de prison.","og_url":"https:\/\/www.webdo.tn\/fr\/actualite\/national\/la-societe-civile-s-indigne-contre-la-condamnation-de-khelifa-guesmi\/205763\/","og_site_name":"webdo","article_publisher":"https:\/\/www.facebook.com\/webdotn","article_published_time":"2023-05-16T20:27:00+00:00","article_modified_time":"2025-05-20T21:59:42+00:00","og_image":[{"width":750,"height":400,"url":"https:\/\/www.webdo.tn\/fr\/wp-content\/uploads\/2023\/05\/0fc5b443f344208d36688b6d6ad8a377.jpg","type":"image\/jpeg"}],"author":"MC","twitter_card":"summary_large_image","twitter_creator":"@webdo_tn","twitter_site":"@webdo_tn","twitter_misc":{"\u00c9crit par":"MC","Dur\u00e9e de lecture estim\u00e9e":"3 minutes"},"schema":{"@context":"https:\/\/schema.org","@graph":[{"@type":"NewsArticle","@id":"https:\/\/www.webdo.tn\/fr\/actualite\/national\/la-societe-civile-s-indigne-contre-la-condamnation-de-khelifa-guesmi\/205763\/#article","isPartOf":{"@id":"https:\/\/www.webdo.tn\/fr\/actualite\/national\/la-societe-civile-s-indigne-contre-la-condamnation-de-khelifa-guesmi\/205763\/"},"author":{"name":"MC","@id":"https:\/\/www.webdo.tn\/fr\/#\/schema\/person\/2c4929cbf5a809e3bd38617c6ce150f6"},"headline":"La soci\u00e9t\u00e9 civile s\u2019indigne contre la condamnation de Khelifa Guesmi","datePublished":"2023-05-16T20:27:00+00:00","dateModified":"2025-05-20T21:59:42+00:00","mainEntityOfPage":{"@id":"https:\/\/www.webdo.tn\/fr\/actualite\/national\/la-societe-civile-s-indigne-contre-la-condamnation-de-khelifa-guesmi\/205763\/"},"wordCount":568,"commentCount":0,"publisher":{"@id":"https:\/\/www.webdo.tn\/fr\/#organization"},"image":{"@id":"https:\/\/www.webdo.tn\/fr\/actualite\/national\/la-societe-civile-s-indigne-contre-la-condamnation-de-khelifa-guesmi\/205763\/#primaryimage"},"thumbnailUrl":"https:\/\/www.webdo.tn\/fr\/wp-content\/uploads\/2023\/05\/0fc5b443f344208d36688b6d6ad8a377.jpg","keywords":["condamnation","justice","khelifa guesmi","soci\u00e9t\u00e9 civile"],"articleSection":["National"],"inLanguage":"fr-FR"},{"@type":"WebPage","@id":"https:\/\/www.webdo.tn\/fr\/actualite\/national\/la-societe-civile-s-indigne-contre-la-condamnation-de-khelifa-guesmi\/205763\/","url":"https:\/\/www.webdo.tn\/fr\/actualite\/national\/la-societe-civile-s-indigne-contre-la-condamnation-de-khelifa-guesmi\/205763\/","name":"La soci\u00e9t\u00e9 civile s\u2019indigne contre la condamnation de Khelifa Guesmi","isPartOf":{"@id":"https:\/\/www.webdo.tn\/fr\/#website"},"primaryImageOfPage":{"@id":"https:\/\/www.webdo.tn\/fr\/actualite\/national\/la-societe-civile-s-indigne-contre-la-condamnation-de-khelifa-guesmi\/205763\/#primaryimage"},"image":{"@id":"https:\/\/www.webdo.tn\/fr\/actualite\/national\/la-societe-civile-s-indigne-contre-la-condamnation-de-khelifa-guesmi\/205763\/#primaryimage"},"thumbnailUrl":"https:\/\/www.webdo.tn\/fr\/wp-content\/uploads\/2023\/05\/0fc5b443f344208d36688b6d6ad8a377.jpg","datePublished":"2023-05-16T20:27:00+00:00","dateModified":"2025-05-20T21:59:42+00:00","description":"A l\u2019instar du SNJT, plus de 40 organisations se sont indign\u00e9es contre la condamnation du journaliste Khelifa Guesmi \u00e0 cinq ans de prison.","breadcrumb":{"@id":"https:\/\/www.webdo.tn\/fr\/actualite\/national\/la-societe-civile-s-indigne-contre-la-condamnation-de-khelifa-guesmi\/205763\/#breadcrumb"},"inLanguage":"fr-FR","potentialAction":[{"@type":"ReadAction","target":["https:\/\/www.webdo.tn\/fr\/actualite\/national\/la-societe-civile-s-indigne-contre-la-condamnation-de-khelifa-guesmi\/205763\/"]}]},{"@type":"ImageObject","inLanguage":"fr-FR","@id":"https:\/\/www.webdo.tn\/fr\/actualite\/national\/la-societe-civile-s-indigne-contre-la-condamnation-de-khelifa-guesmi\/205763\/#primaryimage","url":"https:\/\/www.webdo.tn\/fr\/wp-content\/uploads\/2023\/05\/0fc5b443f344208d36688b6d6ad8a377.jpg","contentUrl":"https:\/\/www.webdo.tn\/fr\/wp-content\/uploads\/2023\/05\/0fc5b443f344208d36688b6d6ad8a377.jpg","width":750,"height":400,"caption":"La soci\u00e9t\u00e9 civile s\u2019indigne contre la condamnation de Khelifa Guesmi"},{"@type":"BreadcrumbList","@id":"https:\/\/www.webdo.tn\/fr\/actualite\/national\/la-societe-civile-s-indigne-contre-la-condamnation-de-khelifa-guesmi\/205763\/#breadcrumb","itemListElement":[{"@type":"ListItem","position":1,"name":"Accueil","item":"https:\/\/www.webdo.tn\/fr\/"},{"@type":"ListItem","position":2,"name":"La soci\u00e9t\u00e9 civile s\u2019indigne contre la condamnation de Khelifa Guesmi"}]},{"@type":"WebSite","@id":"https:\/\/www.webdo.tn\/fr\/#website","url":"https:\/\/www.webdo.tn\/fr\/","name":"webdo","description":"Tunisie - News en Tunisie et \u00e0 l&#039;international sur Webdo.tn","publisher":{"@id":"https:\/\/www.webdo.tn\/fr\/#organization"},"potentialAction":[{"@type":"SearchAction","target":{"@type":"EntryPoint","urlTemplate":"https:\/\/www.webdo.tn\/fr\/?s={search_term_string}"},"query-input":{"@type":"PropertyValueSpecification","valueRequired":true,"valueName":"search_term_string"}}],"inLanguage":"fr-FR"},{"@type":"Organization","@id":"https:\/\/www.webdo.tn\/fr\/#organization","name":"Webdo","alternateName":"Webdo.tn","url":"https:\/\/www.webdo.tn\/fr\/","logo":{"@type":"ImageObject","inLanguage":"fr-FR","@id":"https:\/\/www.webdo.tn\/fr\/#\/schema\/logo\/image\/","url":"https:\/\/www.webdo.tn\/fr\/wp-content\/uploads\/2025\/06\/Webdo-Tunisie_168377.jpg","contentUrl":"https:\/\/www.webdo.tn\/fr\/wp-content\/uploads\/2025\/06\/Webdo-Tunisie_168377.jpg","width":301,"height":301,"caption":"Webdo"},"image":{"@id":"https:\/\/www.webdo.tn\/fr\/#\/schema\/logo\/image\/"},"sameAs":["https:\/\/www.facebook.com\/webdotn","https:\/\/x.com\/webdo_tn"],"description":"Webdo est un m\u00e9dia num\u00e9rique tunisien fond\u00e9 en 2010, sp\u00e9cialis\u00e9 dans l\u2019actualit\u00e9 nationale et internationale, l\u2019\u00e9conomie, la soci\u00e9t\u00e9 et les analyses politiques. Le site s\u2019adresse \u00e0 un large public francophone et couvre l\u2019information tunisienne en temps r\u00e9el.","email":"redac@webdo.tn","legalName":"YNJ SARL","foundingDate":"2010-09-06","numberOfEmployees":{"@type":"QuantitativeValue","minValue":"11","maxValue":"50"}},{"@type":"Person","@id":"https:\/\/www.webdo.tn\/fr\/#\/schema\/person\/2c4929cbf5a809e3bd38617c6ce150f6","name":"MC","image":{"@type":"ImageObject","inLanguage":"fr-FR","@id":"https:\/\/secure.gravatar.com\/avatar\/a545bbb6f84efdd5553dbbc2895e3ca8f1d12c5215e00a041c9670b54aa9b18a?s=96&d=mm&r=g","url":"https:\/\/secure.gravatar.com\/avatar\/a545bbb6f84efdd5553dbbc2895e3ca8f1d12c5215e00a041c9670b54aa9b18a?s=96&d=mm&r=g","contentUrl":"https:\/\/secure.gravatar.com\/avatar\/a545bbb6f84efdd5553dbbc2895e3ca8f1d12c5215e00a041c9670b54aa9b18a?s=96&d=mm&r=g","caption":"MC"},"url":"https:\/\/www.webdo.tn\/fr\/actualite\/author\/mc\/"}]}},"_links":{"self":[{"href":"https:\/\/www.webdo.tn\/fr\/wp-json\/wp\/v2\/posts\/205763","targetHints":{"allow":["GET"]}}],"collection":[{"href":"https:\/\/www.webdo.tn\/fr\/wp-json\/wp\/v2\/posts"}],"about":[{"href":"https:\/\/www.webdo.tn\/fr\/wp-json\/wp\/v2\/types\/post"}],"author":[{"embeddable":true,"href":"https:\/\/www.webdo.tn\/fr\/wp-json\/wp\/v2\/users\/3162"}],"replies":[{"embeddable":true,"href":"https:\/\/www.webdo.tn\/fr\/wp-json\/wp\/v2\/comments?post=205763"}],"version-history":[{"count":0,"href":"https:\/\/www.webdo.tn\/fr\/wp-json\/wp\/v2\/posts\/205763\/revisions"}],"wp:featuredmedia":[{"embeddable":true,"href":"https:\/\/www.webdo.tn\/fr\/wp-json\/wp\/v2\/media\/251138"}],"wp:attachment":[{"href":"https:\/\/www.webdo.tn\/fr\/wp-json\/wp\/v2\/media?parent=205763"}],"wp:term":[{"taxonomy":"category","embeddable":true,"href":"https:\/\/www.webdo.tn\/fr\/wp-json\/wp\/v2\/categories?post=205763"},{"taxonomy":"post_tag","embeddable":true,"href":"https:\/\/www.webdo.tn\/fr\/wp-json\/wp\/v2\/tags?post=205763"}],"curies":[{"name":"wp","href":"https:\/\/api.w.org\/{rel}","templated":true}]}}