{"id":205742,"date":"2023-05-16T10:13:00","date_gmt":"2023-05-16T10:13:00","guid":{"rendered":"https:\/\/www.webdo.tn\/fr\/blog\/l-appel-du-ministere-de-l-education-une-menace-aux-enseignants-selon-les-syndicats\/205742\/"},"modified":"2025-05-20T22:50:10","modified_gmt":"2025-05-20T22:50:10","slug":"l-appel-du-ministere-de-l-education-une-menace-aux-enseignants-selon-les-syndicats","status":"publish","type":"post","link":"https:\/\/www.webdo.tn\/fr\/actualite\/national\/l-appel-du-ministere-de-l-education-une-menace-aux-enseignants-selon-les-syndicats\/205742\/","title":{"rendered":"L\u2019appel du minist\u00e8re de l\u2019Education, une menace aux enseignants, selon les syndicats"},"content":{"rendered":"<p>Rien ne va plus entre le minist\u00e8re de l\u2019Education et les syndicats, alors que le sort de millions d\u2019\u00e9l\u00e8ves est suspendu \u00e0 cause de la retenue des notes.<\/p>\n<p>\t\t\t\t\t\t\t\t\tHier, le minist\u00e8re de l\u2019Education a appel\u00e9 les Enseignants \u00e0 faire pr\u00e9valoir l\u2019int\u00e9r\u00eat g\u00e9n\u00e9ral du pays et \u00e0 remettre les notes des \u00e9l\u00e8ves. Un appel interpr\u00e9t\u00e9 comme une menace par les syndicalistes.\u00a0<\/p>\n<p>D\u2019ailleurs, leur r\u00e9ponse n\u2019a pas tard\u00e9. Ces derniers affirment qu\u2019ils n\u2019accepteront aucune alternative autre que les n\u00e9gociations. \u00ab Nous allons organiser une r\u00e9union jeudi pour r\u00e9pondre au dernier communiqu\u00e9 du minist\u00e8re de l\u2019Int\u00e9rieur \u00bb, a annonc\u00e9 dans ce sens le membre de la f\u00e9d\u00e9ration nationale de l\u2019Enseignement secondaire Raouf Chakhari, affirmant qu\u2019il s\u2019agit d\u2019une menace aux enseignants.\u00a0<\/p>\n<p>Le minist\u00e8re de l&rsquo;\u00e9ducation a appel\u00e9 les enseignants \u00e0 assumer leur responsabilit\u00e9 nationale, \u00e9ducative et administrative, et \u00e0 remettre les notes des \u00e9l\u00e8ves \u00e0 l&rsquo;administration conform\u00e9ment aux d\u00e9lais requis dans les circulaires publi\u00e9es par le minist\u00e8re.<\/p>\n<p>Le minist\u00e8re a rassur\u00e9 les familles tunisiennes et la famille \u00e9ducative concernant l&rsquo;ann\u00e9e scolaire en cours, et a r\u00e9it\u00e9r\u00e9 son engagement visant \u00e0 r\u00e9ussir cette ann\u00e9e dans les meilleures conditions. La d\u00e9cision de remise des notes a pour objectif d&rsquo;assurer un succ\u00e8s de la fin de l&rsquo;ann\u00e9e scolaire et garantir l&rsquo;int\u00e9r\u00eat supr\u00eame des enseignants et des \u00e9l\u00e8ves ainsi que tous les employ\u00e9s des \u00e9tablissements \u00e9ducatifs publics, a ajout\u00e9 la m\u00eame source.<\/p>\n","protected":false},"excerpt":{"rendered":"<p>Rien ne va plus entre le minist\u00e8re de l\u2019Education et les syndicats, alors que le sort de millions d\u2019\u00e9l\u00e8ves est suspendu \u00e0 cause de la retenue des notes.<\/p>\n","protected":false},"author":3175,"featured_media":278227,"comment_status":"open","ping_status":"closed","sticky":false,"template":"","format":"standard","meta":{"footnotes":""},"categories":[44],"tags":[2634,3911,2608],"class_list":["post-205742","post","type-post","status-publish","format-standard","has-post-thumbnail","hentry","category-national","tag-education","tag-enseignants","tag-tunisie"],"yoast_head":"<!-- This site is optimized with the Yoast SEO Premium plugin v27.4 (Yoast SEO v27.5) - https:\/\/yoast.com\/product\/yoast-seo-premium-wordpress\/ -->\n<title>L\u2019appel du minist\u00e8re de l\u2019Education, une menace aux enseignants, selon les syndicats<\/title>\n<meta name=\"description\" content=\"Rien ne va plus entre le minist\u00e8re de l\u2019Education et les syndicats, alors que le sort de millions d\u2019\u00e9l\u00e8ves est suspendu \u00e0 cause de la retenue des notes.\" \/>\n<link rel=\"canonical\" href=\"https:\/\/www.webdo.tn\/fr\/actualite\/national\/l-appel-du-ministere-de-l-education-une-menace-aux-enseignants-selon-les-syndicats\/205742\/\" \/>\n<meta property=\"og:locale\" content=\"fr_FR\" \/>\n<meta property=\"og:type\" content=\"article\" \/>\n<meta property=\"og:title\" content=\"L\u2019appel du minist\u00e8re de l\u2019Education, une menace aux enseignants, selon les syndicats\" \/>\n<meta property=\"og:description\" content=\"Rien ne va plus entre le minist\u00e8re de l\u2019Education et les syndicats, alors que le sort de millions d\u2019\u00e9l\u00e8ves est suspendu \u00e0 cause de la retenue des notes.\" \/>\n<meta property=\"og:url\" content=\"https:\/\/www.webdo.tn\/fr\/actualite\/national\/l-appel-du-ministere-de-l-education-une-menace-aux-enseignants-selon-les-syndicats\/205742\/\" \/>\n<meta property=\"og:site_name\" content=\"webdo\" \/>\n<meta property=\"article:publisher\" content=\"https:\/\/www.facebook.com\/webdotn\" \/>\n<meta property=\"article:published_time\" content=\"2023-05-16T10:13:00+00:00\" \/>\n<meta property=\"article:modified_time\" content=\"2025-05-20T22:50:10+00:00\" \/>\n<meta property=\"og:image\" content=\"https:\/\/www.webdo.tn\/fr\/wp-content\/uploads\/2023\/05\/e6fb8fae121b84b406b68d06210f4a79.png\" \/>\n\t<meta property=\"og:image:width\" content=\"750\" \/>\n\t<meta property=\"og:image:height\" content=\"400\" \/>\n\t<meta property=\"og:image:type\" content=\"image\/png\" \/>\n<meta name=\"author\" content=\"CL\" \/>\n<meta name=\"twitter:card\" content=\"summary_large_image\" \/>\n<meta name=\"twitter:creator\" content=\"@webdo_tn\" \/>\n<meta name=\"twitter:site\" content=\"@webdo_tn\" \/>\n<meta name=\"twitter:label1\" content=\"\u00c9crit par\" \/>\n\t<meta name=\"twitter:data1\" content=\"CL\" \/>\n\t<meta name=\"twitter:label2\" content=\"Dur\u00e9e de lecture estim\u00e9e\" \/>\n\t<meta name=\"twitter:data2\" content=\"1 minute\" \/>\n<script type=\"application\/ld+json\" class=\"yoast-schema-graph\">{\"@context\":\"https:\\\/\\\/schema.org\",\"@graph\":[{\"@type\":\"NewsArticle\",\"@id\":\"https:\\\/\\\/www.webdo.tn\\\/fr\\\/actualite\\\/national\\\/l-appel-du-ministere-de-l-education-une-menace-aux-enseignants-selon-les-syndicats\\\/205742\\\/#article\",\"isPartOf\":{\"@id\":\"https:\\\/\\\/www.webdo.tn\\\/fr\\\/actualite\\\/national\\\/l-appel-du-ministere-de-l-education-une-menace-aux-enseignants-selon-les-syndicats\\\/205742\\\/\"},\"author\":{\"name\":\"CL\",\"@id\":\"https:\\\/\\\/www.webdo.tn\\\/fr\\\/#\\\/schema\\\/person\\\/f35b42a42c5e2511bbd282959d6385cc\"},\"headline\":\"L\u2019appel du minist\u00e8re de l\u2019Education, une menace aux enseignants, selon les syndicats\",\"datePublished\":\"2023-05-16T10:13:00+00:00\",\"dateModified\":\"2025-05-20T22:50:10+00:00\",\"mainEntityOfPage\":{\"@id\":\"https:\\\/\\\/www.webdo.tn\\\/fr\\\/actualite\\\/national\\\/l-appel-du-ministere-de-l-education-une-menace-aux-enseignants-selon-les-syndicats\\\/205742\\\/\"},\"wordCount\":288,\"commentCount\":0,\"publisher\":{\"@id\":\"https:\\\/\\\/www.webdo.tn\\\/fr\\\/#organization\"},\"image\":{\"@id\":\"https:\\\/\\\/www.webdo.tn\\\/fr\\\/actualite\\\/national\\\/l-appel-du-ministere-de-l-education-une-menace-aux-enseignants-selon-les-syndicats\\\/205742\\\/#primaryimage\"},\"thumbnailUrl\":\"https:\\\/\\\/www.webdo.tn\\\/fr\\\/wp-content\\\/uploads\\\/2023\\\/05\\\/e6fb8fae121b84b406b68d06210f4a79.png\",\"keywords\":[\"\u00e9ducation\",\"enseignants\",\"Tunisie\"],\"articleSection\":[\"National\"],\"inLanguage\":\"fr-FR\"},{\"@type\":\"WebPage\",\"@id\":\"https:\\\/\\\/www.webdo.tn\\\/fr\\\/actualite\\\/national\\\/l-appel-du-ministere-de-l-education-une-menace-aux-enseignants-selon-les-syndicats\\\/205742\\\/\",\"url\":\"https:\\\/\\\/www.webdo.tn\\\/fr\\\/actualite\\\/national\\\/l-appel-du-ministere-de-l-education-une-menace-aux-enseignants-selon-les-syndicats\\\/205742\\\/\",\"name\":\"L\u2019appel du minist\u00e8re de l\u2019Education, une menace aux enseignants, selon les syndicats\",\"isPartOf\":{\"@id\":\"https:\\\/\\\/www.webdo.tn\\\/fr\\\/#website\"},\"primaryImageOfPage\":{\"@id\":\"https:\\\/\\\/www.webdo.tn\\\/fr\\\/actualite\\\/national\\\/l-appel-du-ministere-de-l-education-une-menace-aux-enseignants-selon-les-syndicats\\\/205742\\\/#primaryimage\"},\"image\":{\"@id\":\"https:\\\/\\\/www.webdo.tn\\\/fr\\\/actualite\\\/national\\\/l-appel-du-ministere-de-l-education-une-menace-aux-enseignants-selon-les-syndicats\\\/205742\\\/#primaryimage\"},\"thumbnailUrl\":\"https:\\\/\\\/www.webdo.tn\\\/fr\\\/wp-content\\\/uploads\\\/2023\\\/05\\\/e6fb8fae121b84b406b68d06210f4a79.png\",\"datePublished\":\"2023-05-16T10:13:00+00:00\",\"dateModified\":\"2025-05-20T22:50:10+00:00\",\"description\":\"Rien ne va plus entre le minist\u00e8re de l\u2019Education et les syndicats, alors que le sort de millions d\u2019\u00e9l\u00e8ves est suspendu \u00e0 cause de la retenue des notes.\",\"breadcrumb\":{\"@id\":\"https:\\\/\\\/www.webdo.tn\\\/fr\\\/actualite\\\/national\\\/l-appel-du-ministere-de-l-education-une-menace-aux-enseignants-selon-les-syndicats\\\/205742\\\/#breadcrumb\"},\"inLanguage\":\"fr-FR\",\"potentialAction\":[{\"@type\":\"ReadAction\",\"target\":[\"https:\\\/\\\/www.webdo.tn\\\/fr\\\/actualite\\\/national\\\/l-appel-du-ministere-de-l-education-une-menace-aux-enseignants-selon-les-syndicats\\\/205742\\\/\"]}]},{\"@type\":\"ImageObject\",\"inLanguage\":\"fr-FR\",\"@id\":\"https:\\\/\\\/www.webdo.tn\\\/fr\\\/actualite\\\/national\\\/l-appel-du-ministere-de-l-education-une-menace-aux-enseignants-selon-les-syndicats\\\/205742\\\/#primaryimage\",\"url\":\"https:\\\/\\\/www.webdo.tn\\\/fr\\\/wp-content\\\/uploads\\\/2023\\\/05\\\/e6fb8fae121b84b406b68d06210f4a79.png\",\"contentUrl\":\"https:\\\/\\\/www.webdo.tn\\\/fr\\\/wp-content\\\/uploads\\\/2023\\\/05\\\/e6fb8fae121b84b406b68d06210f4a79.png\",\"width\":750,\"height\":400,\"caption\":\"Enseignants\"},{\"@type\":\"BreadcrumbList\",\"@id\":\"https:\\\/\\\/www.webdo.tn\\\/fr\\\/actualite\\\/national\\\/l-appel-du-ministere-de-l-education-une-menace-aux-enseignants-selon-les-syndicats\\\/205742\\\/#breadcrumb\",\"itemListElement\":[{\"@type\":\"ListItem\",\"position\":1,\"name\":\"Accueil\",\"item\":\"https:\\\/\\\/www.webdo.tn\\\/fr\\\/\"},{\"@type\":\"ListItem\",\"position\":2,\"name\":\"L\u2019appel du minist\u00e8re de l\u2019Education, une menace aux enseignants, selon les syndicats\"}]},{\"@type\":\"WebSite\",\"@id\":\"https:\\\/\\\/www.webdo.tn\\\/fr\\\/#website\",\"url\":\"https:\\\/\\\/www.webdo.tn\\\/fr\\\/\",\"name\":\"webdo\",\"description\":\"Tunisie - News en Tunisie et \u00e0 l&#039;international sur Webdo.tn\",\"publisher\":{\"@id\":\"https:\\\/\\\/www.webdo.tn\\\/fr\\\/#organization\"},\"potentialAction\":[{\"@type\":\"SearchAction\",\"target\":{\"@type\":\"EntryPoint\",\"urlTemplate\":\"https:\\\/\\\/www.webdo.tn\\\/fr\\\/?s={search_term_string}\"},\"query-input\":{\"@type\":\"PropertyValueSpecification\",\"valueRequired\":true,\"valueName\":\"search_term_string\"}}],\"inLanguage\":\"fr-FR\"},{\"@type\":\"Organization\",\"@id\":\"https:\\\/\\\/www.webdo.tn\\\/fr\\\/#organization\",\"name\":\"Webdo\",\"alternateName\":\"Webdo.tn\",\"url\":\"https:\\\/\\\/www.webdo.tn\\\/fr\\\/\",\"logo\":{\"@type\":\"ImageObject\",\"inLanguage\":\"fr-FR\",\"@id\":\"https:\\\/\\\/www.webdo.tn\\\/fr\\\/#\\\/schema\\\/logo\\\/image\\\/\",\"url\":\"https:\\\/\\\/www.webdo.tn\\\/fr\\\/wp-content\\\/uploads\\\/2025\\\/06\\\/Webdo-Tunisie_168377.jpg\",\"contentUrl\":\"https:\\\/\\\/www.webdo.tn\\\/fr\\\/wp-content\\\/uploads\\\/2025\\\/06\\\/Webdo-Tunisie_168377.jpg\",\"width\":301,\"height\":301,\"caption\":\"Webdo\"},\"image\":{\"@id\":\"https:\\\/\\\/www.webdo.tn\\\/fr\\\/#\\\/schema\\\/logo\\\/image\\\/\"},\"sameAs\":[\"https:\\\/\\\/www.facebook.com\\\/webdotn\",\"https:\\\/\\\/x.com\\\/webdo_tn\"],\"description\":\"Webdo est un m\u00e9dia num\u00e9rique tunisien fond\u00e9 en 2010, sp\u00e9cialis\u00e9 dans l\u2019actualit\u00e9 nationale et internationale, l\u2019\u00e9conomie, la soci\u00e9t\u00e9 et les analyses politiques. Le site s\u2019adresse \u00e0 un large public francophone et couvre l\u2019information tunisienne en temps r\u00e9el.\",\"email\":\"redac@webdo.tn\",\"legalName\":\"YNJ SARL\",\"foundingDate\":\"2010-09-06\",\"numberOfEmployees\":{\"@type\":\"QuantitativeValue\",\"minValue\":\"11\",\"maxValue\":\"50\"}},{\"@type\":\"Person\",\"@id\":\"https:\\\/\\\/www.webdo.tn\\\/fr\\\/#\\\/schema\\\/person\\\/f35b42a42c5e2511bbd282959d6385cc\",\"name\":\"CL\",\"image\":{\"@type\":\"ImageObject\",\"inLanguage\":\"fr-FR\",\"@id\":\"https:\\\/\\\/secure.gravatar.com\\\/avatar\\\/1447a49909b67aa657c488aec6512e1dd6143a480c1ecfee9b5b5cd74eb3b59e?s=96&d=mm&r=g\",\"url\":\"https:\\\/\\\/secure.gravatar.com\\\/avatar\\\/1447a49909b67aa657c488aec6512e1dd6143a480c1ecfee9b5b5cd74eb3b59e?s=96&d=mm&r=g\",\"contentUrl\":\"https:\\\/\\\/secure.gravatar.com\\\/avatar\\\/1447a49909b67aa657c488aec6512e1dd6143a480c1ecfee9b5b5cd74eb3b59e?s=96&d=mm&r=g\",\"caption\":\"CL\"},\"url\":\"https:\\\/\\\/www.webdo.tn\\\/fr\\\/actualite\\\/author\\\/cl\\\/\"}]}<\/script>\n<!-- \/ Yoast SEO Premium plugin. -->","yoast_head_json":{"title":"L\u2019appel du minist\u00e8re de l\u2019Education, une menace aux enseignants, selon les syndicats","description":"Rien ne va plus entre le minist\u00e8re de l\u2019Education et les syndicats, alors que le sort de millions d\u2019\u00e9l\u00e8ves est suspendu \u00e0 cause de la retenue des notes.","canonical":"https:\/\/www.webdo.tn\/fr\/actualite\/national\/l-appel-du-ministere-de-l-education-une-menace-aux-enseignants-selon-les-syndicats\/205742\/","og_locale":"fr_FR","og_type":"article","og_title":"L\u2019appel du minist\u00e8re de l\u2019Education, une menace aux enseignants, selon les syndicats","og_description":"Rien ne va plus entre le minist\u00e8re de l\u2019Education et les syndicats, alors que le sort de millions d\u2019\u00e9l\u00e8ves est suspendu \u00e0 cause de la retenue des notes.","og_url":"https:\/\/www.webdo.tn\/fr\/actualite\/national\/l-appel-du-ministere-de-l-education-une-menace-aux-enseignants-selon-les-syndicats\/205742\/","og_site_name":"webdo","article_publisher":"https:\/\/www.facebook.com\/webdotn","article_published_time":"2023-05-16T10:13:00+00:00","article_modified_time":"2025-05-20T22:50:10+00:00","og_image":[{"width":750,"height":400,"url":"https:\/\/www.webdo.tn\/fr\/wp-content\/uploads\/2023\/05\/e6fb8fae121b84b406b68d06210f4a79.png","type":"image\/png"}],"author":"CL","twitter_card":"summary_large_image","twitter_creator":"@webdo_tn","twitter_site":"@webdo_tn","twitter_misc":{"\u00c9crit par":"CL","Dur\u00e9e de lecture estim\u00e9e":"1 minute"},"schema":{"@context":"https:\/\/schema.org","@graph":[{"@type":"NewsArticle","@id":"https:\/\/www.webdo.tn\/fr\/actualite\/national\/l-appel-du-ministere-de-l-education-une-menace-aux-enseignants-selon-les-syndicats\/205742\/#article","isPartOf":{"@id":"https:\/\/www.webdo.tn\/fr\/actualite\/national\/l-appel-du-ministere-de-l-education-une-menace-aux-enseignants-selon-les-syndicats\/205742\/"},"author":{"name":"CL","@id":"https:\/\/www.webdo.tn\/fr\/#\/schema\/person\/f35b42a42c5e2511bbd282959d6385cc"},"headline":"L\u2019appel du minist\u00e8re de l\u2019Education, une menace aux enseignants, selon les syndicats","datePublished":"2023-05-16T10:13:00+00:00","dateModified":"2025-05-20T22:50:10+00:00","mainEntityOfPage":{"@id":"https:\/\/www.webdo.tn\/fr\/actualite\/national\/l-appel-du-ministere-de-l-education-une-menace-aux-enseignants-selon-les-syndicats\/205742\/"},"wordCount":288,"commentCount":0,"publisher":{"@id":"https:\/\/www.webdo.tn\/fr\/#organization"},"image":{"@id":"https:\/\/www.webdo.tn\/fr\/actualite\/national\/l-appel-du-ministere-de-l-education-une-menace-aux-enseignants-selon-les-syndicats\/205742\/#primaryimage"},"thumbnailUrl":"https:\/\/www.webdo.tn\/fr\/wp-content\/uploads\/2023\/05\/e6fb8fae121b84b406b68d06210f4a79.png","keywords":["\u00e9ducation","enseignants","Tunisie"],"articleSection":["National"],"inLanguage":"fr-FR"},{"@type":"WebPage","@id":"https:\/\/www.webdo.tn\/fr\/actualite\/national\/l-appel-du-ministere-de-l-education-une-menace-aux-enseignants-selon-les-syndicats\/205742\/","url":"https:\/\/www.webdo.tn\/fr\/actualite\/national\/l-appel-du-ministere-de-l-education-une-menace-aux-enseignants-selon-les-syndicats\/205742\/","name":"L\u2019appel du minist\u00e8re de l\u2019Education, une menace aux enseignants, selon les syndicats","isPartOf":{"@id":"https:\/\/www.webdo.tn\/fr\/#website"},"primaryImageOfPage":{"@id":"https:\/\/www.webdo.tn\/fr\/actualite\/national\/l-appel-du-ministere-de-l-education-une-menace-aux-enseignants-selon-les-syndicats\/205742\/#primaryimage"},"image":{"@id":"https:\/\/www.webdo.tn\/fr\/actualite\/national\/l-appel-du-ministere-de-l-education-une-menace-aux-enseignants-selon-les-syndicats\/205742\/#primaryimage"},"thumbnailUrl":"https:\/\/www.webdo.tn\/fr\/wp-content\/uploads\/2023\/05\/e6fb8fae121b84b406b68d06210f4a79.png","datePublished":"2023-05-16T10:13:00+00:00","dateModified":"2025-05-20T22:50:10+00:00","description":"Rien ne va plus entre le minist\u00e8re de l\u2019Education et les syndicats, alors que le sort de millions d\u2019\u00e9l\u00e8ves est suspendu \u00e0 cause de la retenue des notes.","breadcrumb":{"@id":"https:\/\/www.webdo.tn\/fr\/actualite\/national\/l-appel-du-ministere-de-l-education-une-menace-aux-enseignants-selon-les-syndicats\/205742\/#breadcrumb"},"inLanguage":"fr-FR","potentialAction":[{"@type":"ReadAction","target":["https:\/\/www.webdo.tn\/fr\/actualite\/national\/l-appel-du-ministere-de-l-education-une-menace-aux-enseignants-selon-les-syndicats\/205742\/"]}]},{"@type":"ImageObject","inLanguage":"fr-FR","@id":"https:\/\/www.webdo.tn\/fr\/actualite\/national\/l-appel-du-ministere-de-l-education-une-menace-aux-enseignants-selon-les-syndicats\/205742\/#primaryimage","url":"https:\/\/www.webdo.tn\/fr\/wp-content\/uploads\/2023\/05\/e6fb8fae121b84b406b68d06210f4a79.png","contentUrl":"https:\/\/www.webdo.tn\/fr\/wp-content\/uploads\/2023\/05\/e6fb8fae121b84b406b68d06210f4a79.png","width":750,"height":400,"caption":"Enseignants"},{"@type":"BreadcrumbList","@id":"https:\/\/www.webdo.tn\/fr\/actualite\/national\/l-appel-du-ministere-de-l-education-une-menace-aux-enseignants-selon-les-syndicats\/205742\/#breadcrumb","itemListElement":[{"@type":"ListItem","position":1,"name":"Accueil","item":"https:\/\/www.webdo.tn\/fr\/"},{"@type":"ListItem","position":2,"name":"L\u2019appel du minist\u00e8re de l\u2019Education, une menace aux enseignants, selon les syndicats"}]},{"@type":"WebSite","@id":"https:\/\/www.webdo.tn\/fr\/#website","url":"https:\/\/www.webdo.tn\/fr\/","name":"webdo","description":"Tunisie - News en Tunisie et \u00e0 l&#039;international sur Webdo.tn","publisher":{"@id":"https:\/\/www.webdo.tn\/fr\/#organization"},"potentialAction":[{"@type":"SearchAction","target":{"@type":"EntryPoint","urlTemplate":"https:\/\/www.webdo.tn\/fr\/?s={search_term_string}"},"query-input":{"@type":"PropertyValueSpecification","valueRequired":true,"valueName":"search_term_string"}}],"inLanguage":"fr-FR"},{"@type":"Organization","@id":"https:\/\/www.webdo.tn\/fr\/#organization","name":"Webdo","alternateName":"Webdo.tn","url":"https:\/\/www.webdo.tn\/fr\/","logo":{"@type":"ImageObject","inLanguage":"fr-FR","@id":"https:\/\/www.webdo.tn\/fr\/#\/schema\/logo\/image\/","url":"https:\/\/www.webdo.tn\/fr\/wp-content\/uploads\/2025\/06\/Webdo-Tunisie_168377.jpg","contentUrl":"https:\/\/www.webdo.tn\/fr\/wp-content\/uploads\/2025\/06\/Webdo-Tunisie_168377.jpg","width":301,"height":301,"caption":"Webdo"},"image":{"@id":"https:\/\/www.webdo.tn\/fr\/#\/schema\/logo\/image\/"},"sameAs":["https:\/\/www.facebook.com\/webdotn","https:\/\/x.com\/webdo_tn"],"description":"Webdo est un m\u00e9dia num\u00e9rique tunisien fond\u00e9 en 2010, sp\u00e9cialis\u00e9 dans l\u2019actualit\u00e9 nationale et internationale, l\u2019\u00e9conomie, la soci\u00e9t\u00e9 et les analyses politiques. Le site s\u2019adresse \u00e0 un large public francophone et couvre l\u2019information tunisienne en temps r\u00e9el.","email":"redac@webdo.tn","legalName":"YNJ SARL","foundingDate":"2010-09-06","numberOfEmployees":{"@type":"QuantitativeValue","minValue":"11","maxValue":"50"}},{"@type":"Person","@id":"https:\/\/www.webdo.tn\/fr\/#\/schema\/person\/f35b42a42c5e2511bbd282959d6385cc","name":"CL","image":{"@type":"ImageObject","inLanguage":"fr-FR","@id":"https:\/\/secure.gravatar.com\/avatar\/1447a49909b67aa657c488aec6512e1dd6143a480c1ecfee9b5b5cd74eb3b59e?s=96&d=mm&r=g","url":"https:\/\/secure.gravatar.com\/avatar\/1447a49909b67aa657c488aec6512e1dd6143a480c1ecfee9b5b5cd74eb3b59e?s=96&d=mm&r=g","contentUrl":"https:\/\/secure.gravatar.com\/avatar\/1447a49909b67aa657c488aec6512e1dd6143a480c1ecfee9b5b5cd74eb3b59e?s=96&d=mm&r=g","caption":"CL"},"url":"https:\/\/www.webdo.tn\/fr\/actualite\/author\/cl\/"}]}},"_links":{"self":[{"href":"https:\/\/www.webdo.tn\/fr\/wp-json\/wp\/v2\/posts\/205742","targetHints":{"allow":["GET"]}}],"collection":[{"href":"https:\/\/www.webdo.tn\/fr\/wp-json\/wp\/v2\/posts"}],"about":[{"href":"https:\/\/www.webdo.tn\/fr\/wp-json\/wp\/v2\/types\/post"}],"author":[{"embeddable":true,"href":"https:\/\/www.webdo.tn\/fr\/wp-json\/wp\/v2\/users\/3175"}],"replies":[{"embeddable":true,"href":"https:\/\/www.webdo.tn\/fr\/wp-json\/wp\/v2\/comments?post=205742"}],"version-history":[{"count":0,"href":"https:\/\/www.webdo.tn\/fr\/wp-json\/wp\/v2\/posts\/205742\/revisions"}],"wp:featuredmedia":[{"embeddable":true,"href":"https:\/\/www.webdo.tn\/fr\/wp-json\/wp\/v2\/media\/278227"}],"wp:attachment":[{"href":"https:\/\/www.webdo.tn\/fr\/wp-json\/wp\/v2\/media?parent=205742"}],"wp:term":[{"taxonomy":"category","embeddable":true,"href":"https:\/\/www.webdo.tn\/fr\/wp-json\/wp\/v2\/categories?post=205742"},{"taxonomy":"post_tag","embeddable":true,"href":"https:\/\/www.webdo.tn\/fr\/wp-json\/wp\/v2\/tags?post=205742"}],"curies":[{"name":"wp","href":"https:\/\/api.w.org\/{rel}","templated":true}]}}