{"id":205738,"date":"2023-05-16T09:41:00","date_gmt":"2023-05-16T09:41:00","guid":{"rendered":"https:\/\/www.webdo.tn\/fr\/blog\/selon-la-berd-la-croissance-de-la-tunisie-devrait-ralentir-en-2023\/205738\/"},"modified":"2025-05-20T22:59:30","modified_gmt":"2025-05-20T22:59:30","slug":"selon-la-berd-la-croissance-de-la-tunisie-devrait-ralentir-en-2023","status":"publish","type":"post","link":"https:\/\/www.webdo.tn\/fr\/actualite\/national\/selon-la-berd-la-croissance-de-la-tunisie-devrait-ralentir-en-2023\/205738\/","title":{"rendered":"Selon la BERD, la croissance de la Tunisie devrait ralentir en 2023"},"content":{"rendered":"<p>La BERD pr\u00e9voit une croissance modeste en 2023 dans la partie m\u00e9ridionale et orientale du bassin m\u00e9diterran\u00e9en.<\/p>\n<p>\t\t\t\t\t\t\t\t\tDans son dernier rapport sur les perspectives \u00e9conomiques de la r\u00e9gion SEMED publi\u00e9, aujourd\u2019hui, mardi 16 mai, la Banque europ\u00e9enne pour la reconstruction et le d\u00e9veloppement (BERD) a pr\u00e9vu un ralentissement de la croissance en Tunisie \u00e0 2% en 2023, avant de reprendre l\u00e9g\u00e8rement \u00e0 2,3% en 2024.<\/p>\n<p>L\u2019instabilit\u00e9 politique, le ralentissement \u00e9conomique en Europe, les ressources budg\u00e9taires limit\u00e9es, le manque d\u2019acc\u00e8s \u00e0 des financements ext\u00e9rieurs, l\u2019environnement \u00e9conomique contraignant et les retards dans la mise en \u0153uvre des r\u00e9formes vont probablement continuer \u00e0 peser sur l\u2019\u00e9conomie, avertit l\u2019institution.<\/p>\n<p>L\u2019\u00e9conomie tunisienne reste, aussi expos\u00e9e, selon la BERD, aux chocs ext\u00e9rieurs en raison de sa d\u00e9pendance relativement \u00e9lev\u00e9e au tourisme, aux importations de denr\u00e9es alimentaires et d\u2019\u00e9nergie et \u00e0 l\u2019Europe en tant que march\u00e9 d\u2019exportation.<\/p>\n<p>En parall\u00e8le, si un accord d\u00e9finitif portant sur un programme financ\u00e9 par le FMI \u00e9tait atteint, il pourrait d\u00e9bloquer les financements ext\u00e9rieurs n\u00e9cessaires et acc\u00e9l\u00e9rer les r\u00e9formes, notamment l\u2019arr\u00eat des subventions au carburant, une r\u00e9duction de la masse salariale du secteur public, la diminution du d\u00e9ficit budg\u00e9taire et des am\u00e9liorations du climat des affaires.<\/p>\n<p>La BERD pr\u00e9voit une croissance moyenne sup\u00e9rieure \u00e0 4% en 2024 pour la r\u00e9gion SEMED.<\/p>\n","protected":false},"excerpt":{"rendered":"<p>La BERD pr\u00e9voit une croissance modeste en 2023 dans la partie m\u00e9ridionale et orientale du bassin m\u00e9diterran\u00e9en.<\/p>\n","protected":false},"author":3188,"featured_media":278222,"comment_status":"open","ping_status":"closed","sticky":false,"template":"","format":"standard","meta":{"footnotes":""},"categories":[44],"tags":[3856,3854,2608],"class_list":["post-205738","post","type-post","status-publish","format-standard","has-post-thumbnail","hentry","category-national","tag-berd","tag-croissance","tag-tunisie"],"yoast_head":"<!-- This site is optimized with the Yoast SEO Premium plugin v27.4 (Yoast SEO v27.5) - https:\/\/yoast.com\/product\/yoast-seo-premium-wordpress\/ -->\n<title>Selon la BERD, la croissance de la Tunisie devrait ralentir en 2023<\/title>\n<meta name=\"description\" content=\"La BERD pr\u00e9voit une croissance modeste en 2023 dans la partie m\u00e9ridionale et orientale du bassin m\u00e9diterran\u00e9en.\" \/>\n<link rel=\"canonical\" href=\"https:\/\/www.webdo.tn\/fr\/actualite\/national\/selon-la-berd-la-croissance-de-la-tunisie-devrait-ralentir-en-2023\/205738\/\" \/>\n<meta property=\"og:locale\" content=\"fr_FR\" \/>\n<meta property=\"og:type\" content=\"article\" \/>\n<meta property=\"og:title\" content=\"Selon la BERD, la croissance de la Tunisie devrait ralentir en 2023\" \/>\n<meta property=\"og:description\" content=\"La BERD pr\u00e9voit une croissance modeste en 2023 dans la partie m\u00e9ridionale et orientale du bassin m\u00e9diterran\u00e9en.\" \/>\n<meta property=\"og:url\" content=\"https:\/\/www.webdo.tn\/fr\/actualite\/national\/selon-la-berd-la-croissance-de-la-tunisie-devrait-ralentir-en-2023\/205738\/\" \/>\n<meta property=\"og:site_name\" content=\"webdo\" \/>\n<meta property=\"article:publisher\" content=\"https:\/\/www.facebook.com\/webdotn\" \/>\n<meta property=\"article:published_time\" content=\"2023-05-16T09:41:00+00:00\" \/>\n<meta property=\"article:modified_time\" content=\"2025-05-20T22:59:30+00:00\" \/>\n<meta property=\"og:image\" content=\"https:\/\/www.webdo.tn\/fr\/wp-content\/uploads\/2023\/05\/f296e852b25ea4cabb22e59f804b3c61.jpg\" \/>\n\t<meta property=\"og:image:width\" content=\"680\" \/>\n\t<meta property=\"og:image:height\" content=\"363\" \/>\n\t<meta property=\"og:image:type\" content=\"image\/jpeg\" \/>\n<meta name=\"author\" content=\"Ramzi\" \/>\n<meta name=\"twitter:card\" content=\"summary_large_image\" \/>\n<meta name=\"twitter:creator\" content=\"@webdo_tn\" \/>\n<meta name=\"twitter:site\" content=\"@webdo_tn\" \/>\n<meta name=\"twitter:label1\" content=\"\u00c9crit par\" \/>\n\t<meta name=\"twitter:data1\" content=\"Ramzi\" \/>\n\t<meta name=\"twitter:label2\" content=\"Dur\u00e9e de lecture estim\u00e9e\" \/>\n\t<meta name=\"twitter:data2\" content=\"1 minute\" \/>\n<script type=\"application\/ld+json\" class=\"yoast-schema-graph\">{\"@context\":\"https:\\\/\\\/schema.org\",\"@graph\":[{\"@type\":\"NewsArticle\",\"@id\":\"https:\\\/\\\/www.webdo.tn\\\/fr\\\/actualite\\\/national\\\/selon-la-berd-la-croissance-de-la-tunisie-devrait-ralentir-en-2023\\\/205738\\\/#article\",\"isPartOf\":{\"@id\":\"https:\\\/\\\/www.webdo.tn\\\/fr\\\/actualite\\\/national\\\/selon-la-berd-la-croissance-de-la-tunisie-devrait-ralentir-en-2023\\\/205738\\\/\"},\"author\":{\"name\":\"Ramzi\",\"@id\":\"https:\\\/\\\/www.webdo.tn\\\/fr\\\/#\\\/schema\\\/person\\\/590cb5f81adcfde6385530fdbdf468e2\"},\"headline\":\"Selon la BERD, la croissance de la Tunisie devrait ralentir en 2023\",\"datePublished\":\"2023-05-16T09:41:00+00:00\",\"dateModified\":\"2025-05-20T22:59:30+00:00\",\"mainEntityOfPage\":{\"@id\":\"https:\\\/\\\/www.webdo.tn\\\/fr\\\/actualite\\\/national\\\/selon-la-berd-la-croissance-de-la-tunisie-devrait-ralentir-en-2023\\\/205738\\\/\"},\"wordCount\":253,\"commentCount\":0,\"publisher\":{\"@id\":\"https:\\\/\\\/www.webdo.tn\\\/fr\\\/#organization\"},\"image\":{\"@id\":\"https:\\\/\\\/www.webdo.tn\\\/fr\\\/actualite\\\/national\\\/selon-la-berd-la-croissance-de-la-tunisie-devrait-ralentir-en-2023\\\/205738\\\/#primaryimage\"},\"thumbnailUrl\":\"https:\\\/\\\/www.webdo.tn\\\/fr\\\/wp-content\\\/uploads\\\/2023\\\/05\\\/f296e852b25ea4cabb22e59f804b3c61.jpg\",\"keywords\":[\"BERD\",\"Croissance\",\"Tunisie\"],\"articleSection\":[\"National\"],\"inLanguage\":\"fr-FR\"},{\"@type\":\"WebPage\",\"@id\":\"https:\\\/\\\/www.webdo.tn\\\/fr\\\/actualite\\\/national\\\/selon-la-berd-la-croissance-de-la-tunisie-devrait-ralentir-en-2023\\\/205738\\\/\",\"url\":\"https:\\\/\\\/www.webdo.tn\\\/fr\\\/actualite\\\/national\\\/selon-la-berd-la-croissance-de-la-tunisie-devrait-ralentir-en-2023\\\/205738\\\/\",\"name\":\"Selon la BERD, la croissance de la Tunisie devrait ralentir en 2023\",\"isPartOf\":{\"@id\":\"https:\\\/\\\/www.webdo.tn\\\/fr\\\/#website\"},\"primaryImageOfPage\":{\"@id\":\"https:\\\/\\\/www.webdo.tn\\\/fr\\\/actualite\\\/national\\\/selon-la-berd-la-croissance-de-la-tunisie-devrait-ralentir-en-2023\\\/205738\\\/#primaryimage\"},\"image\":{\"@id\":\"https:\\\/\\\/www.webdo.tn\\\/fr\\\/actualite\\\/national\\\/selon-la-berd-la-croissance-de-la-tunisie-devrait-ralentir-en-2023\\\/205738\\\/#primaryimage\"},\"thumbnailUrl\":\"https:\\\/\\\/www.webdo.tn\\\/fr\\\/wp-content\\\/uploads\\\/2023\\\/05\\\/f296e852b25ea4cabb22e59f804b3c61.jpg\",\"datePublished\":\"2023-05-16T09:41:00+00:00\",\"dateModified\":\"2025-05-20T22:59:30+00:00\",\"description\":\"La BERD pr\u00e9voit une croissance modeste en 2023 dans la partie m\u00e9ridionale et orientale du bassin m\u00e9diterran\u00e9en.\",\"breadcrumb\":{\"@id\":\"https:\\\/\\\/www.webdo.tn\\\/fr\\\/actualite\\\/national\\\/selon-la-berd-la-croissance-de-la-tunisie-devrait-ralentir-en-2023\\\/205738\\\/#breadcrumb\"},\"inLanguage\":\"fr-FR\",\"potentialAction\":[{\"@type\":\"ReadAction\",\"target\":[\"https:\\\/\\\/www.webdo.tn\\\/fr\\\/actualite\\\/national\\\/selon-la-berd-la-croissance-de-la-tunisie-devrait-ralentir-en-2023\\\/205738\\\/\"]}]},{\"@type\":\"ImageObject\",\"inLanguage\":\"fr-FR\",\"@id\":\"https:\\\/\\\/www.webdo.tn\\\/fr\\\/actualite\\\/national\\\/selon-la-berd-la-croissance-de-la-tunisie-devrait-ralentir-en-2023\\\/205738\\\/#primaryimage\",\"url\":\"https:\\\/\\\/www.webdo.tn\\\/fr\\\/wp-content\\\/uploads\\\/2023\\\/05\\\/f296e852b25ea4cabb22e59f804b3c61.jpg\",\"contentUrl\":\"https:\\\/\\\/www.webdo.tn\\\/fr\\\/wp-content\\\/uploads\\\/2023\\\/05\\\/f296e852b25ea4cabb22e59f804b3c61.jpg\",\"width\":680,\"height\":363,\"caption\":\"Selon la BERD, la croissance de la Tunisie devrait ralentir en 2023\"},{\"@type\":\"BreadcrumbList\",\"@id\":\"https:\\\/\\\/www.webdo.tn\\\/fr\\\/actualite\\\/national\\\/selon-la-berd-la-croissance-de-la-tunisie-devrait-ralentir-en-2023\\\/205738\\\/#breadcrumb\",\"itemListElement\":[{\"@type\":\"ListItem\",\"position\":1,\"name\":\"Accueil\",\"item\":\"https:\\\/\\\/www.webdo.tn\\\/fr\\\/\"},{\"@type\":\"ListItem\",\"position\":2,\"name\":\"Selon la BERD, la croissance de la Tunisie devrait ralentir en 2023\"}]},{\"@type\":\"WebSite\",\"@id\":\"https:\\\/\\\/www.webdo.tn\\\/fr\\\/#website\",\"url\":\"https:\\\/\\\/www.webdo.tn\\\/fr\\\/\",\"name\":\"webdo\",\"description\":\"Tunisie - News en Tunisie et \u00e0 l&#039;international sur Webdo.tn\",\"publisher\":{\"@id\":\"https:\\\/\\\/www.webdo.tn\\\/fr\\\/#organization\"},\"potentialAction\":[{\"@type\":\"SearchAction\",\"target\":{\"@type\":\"EntryPoint\",\"urlTemplate\":\"https:\\\/\\\/www.webdo.tn\\\/fr\\\/?s={search_term_string}\"},\"query-input\":{\"@type\":\"PropertyValueSpecification\",\"valueRequired\":true,\"valueName\":\"search_term_string\"}}],\"inLanguage\":\"fr-FR\"},{\"@type\":\"Organization\",\"@id\":\"https:\\\/\\\/www.webdo.tn\\\/fr\\\/#organization\",\"name\":\"Webdo\",\"alternateName\":\"Webdo.tn\",\"url\":\"https:\\\/\\\/www.webdo.tn\\\/fr\\\/\",\"logo\":{\"@type\":\"ImageObject\",\"inLanguage\":\"fr-FR\",\"@id\":\"https:\\\/\\\/www.webdo.tn\\\/fr\\\/#\\\/schema\\\/logo\\\/image\\\/\",\"url\":\"https:\\\/\\\/www.webdo.tn\\\/fr\\\/wp-content\\\/uploads\\\/2025\\\/06\\\/Webdo-Tunisie_168377.jpg\",\"contentUrl\":\"https:\\\/\\\/www.webdo.tn\\\/fr\\\/wp-content\\\/uploads\\\/2025\\\/06\\\/Webdo-Tunisie_168377.jpg\",\"width\":301,\"height\":301,\"caption\":\"Webdo\"},\"image\":{\"@id\":\"https:\\\/\\\/www.webdo.tn\\\/fr\\\/#\\\/schema\\\/logo\\\/image\\\/\"},\"sameAs\":[\"https:\\\/\\\/www.facebook.com\\\/webdotn\",\"https:\\\/\\\/x.com\\\/webdo_tn\"],\"description\":\"Webdo est un m\u00e9dia num\u00e9rique tunisien fond\u00e9 en 2010, sp\u00e9cialis\u00e9 dans l\u2019actualit\u00e9 nationale et internationale, l\u2019\u00e9conomie, la soci\u00e9t\u00e9 et les analyses politiques. Le site s\u2019adresse \u00e0 un large public francophone et couvre l\u2019information tunisienne en temps r\u00e9el.\",\"email\":\"redac@webdo.tn\",\"legalName\":\"YNJ SARL\",\"foundingDate\":\"2010-09-06\",\"numberOfEmployees\":{\"@type\":\"QuantitativeValue\",\"minValue\":\"11\",\"maxValue\":\"50\"}},{\"@type\":\"Person\",\"@id\":\"https:\\\/\\\/www.webdo.tn\\\/fr\\\/#\\\/schema\\\/person\\\/590cb5f81adcfde6385530fdbdf468e2\",\"name\":\"Ramzi\",\"image\":{\"@type\":\"ImageObject\",\"inLanguage\":\"fr-FR\",\"@id\":\"https:\\\/\\\/secure.gravatar.com\\\/avatar\\\/48df7d18915e10cf866ba8e27604c81ff9243fd52704a1d210c3e387e1cb8d87?s=96&d=mm&r=g\",\"url\":\"https:\\\/\\\/secure.gravatar.com\\\/avatar\\\/48df7d18915e10cf866ba8e27604c81ff9243fd52704a1d210c3e387e1cb8d87?s=96&d=mm&r=g\",\"contentUrl\":\"https:\\\/\\\/secure.gravatar.com\\\/avatar\\\/48df7d18915e10cf866ba8e27604c81ff9243fd52704a1d210c3e387e1cb8d87?s=96&d=mm&r=g\",\"caption\":\"Ramzi\"},\"url\":\"https:\\\/\\\/www.webdo.tn\\\/fr\\\/actualite\\\/author\\\/ramzi\\\/\"}]}<\/script>\n<!-- \/ Yoast SEO Premium plugin. -->","yoast_head_json":{"title":"Selon la BERD, la croissance de la Tunisie devrait ralentir en 2023","description":"La BERD pr\u00e9voit une croissance modeste en 2023 dans la partie m\u00e9ridionale et orientale du bassin m\u00e9diterran\u00e9en.","canonical":"https:\/\/www.webdo.tn\/fr\/actualite\/national\/selon-la-berd-la-croissance-de-la-tunisie-devrait-ralentir-en-2023\/205738\/","og_locale":"fr_FR","og_type":"article","og_title":"Selon la BERD, la croissance de la Tunisie devrait ralentir en 2023","og_description":"La BERD pr\u00e9voit une croissance modeste en 2023 dans la partie m\u00e9ridionale et orientale du bassin m\u00e9diterran\u00e9en.","og_url":"https:\/\/www.webdo.tn\/fr\/actualite\/national\/selon-la-berd-la-croissance-de-la-tunisie-devrait-ralentir-en-2023\/205738\/","og_site_name":"webdo","article_publisher":"https:\/\/www.facebook.com\/webdotn","article_published_time":"2023-05-16T09:41:00+00:00","article_modified_time":"2025-05-20T22:59:30+00:00","og_image":[{"width":680,"height":363,"url":"https:\/\/www.webdo.tn\/fr\/wp-content\/uploads\/2023\/05\/f296e852b25ea4cabb22e59f804b3c61.jpg","type":"image\/jpeg"}],"author":"Ramzi","twitter_card":"summary_large_image","twitter_creator":"@webdo_tn","twitter_site":"@webdo_tn","twitter_misc":{"\u00c9crit par":"Ramzi","Dur\u00e9e de lecture estim\u00e9e":"1 minute"},"schema":{"@context":"https:\/\/schema.org","@graph":[{"@type":"NewsArticle","@id":"https:\/\/www.webdo.tn\/fr\/actualite\/national\/selon-la-berd-la-croissance-de-la-tunisie-devrait-ralentir-en-2023\/205738\/#article","isPartOf":{"@id":"https:\/\/www.webdo.tn\/fr\/actualite\/national\/selon-la-berd-la-croissance-de-la-tunisie-devrait-ralentir-en-2023\/205738\/"},"author":{"name":"Ramzi","@id":"https:\/\/www.webdo.tn\/fr\/#\/schema\/person\/590cb5f81adcfde6385530fdbdf468e2"},"headline":"Selon la BERD, la croissance de la Tunisie devrait ralentir en 2023","datePublished":"2023-05-16T09:41:00+00:00","dateModified":"2025-05-20T22:59:30+00:00","mainEntityOfPage":{"@id":"https:\/\/www.webdo.tn\/fr\/actualite\/national\/selon-la-berd-la-croissance-de-la-tunisie-devrait-ralentir-en-2023\/205738\/"},"wordCount":253,"commentCount":0,"publisher":{"@id":"https:\/\/www.webdo.tn\/fr\/#organization"},"image":{"@id":"https:\/\/www.webdo.tn\/fr\/actualite\/national\/selon-la-berd-la-croissance-de-la-tunisie-devrait-ralentir-en-2023\/205738\/#primaryimage"},"thumbnailUrl":"https:\/\/www.webdo.tn\/fr\/wp-content\/uploads\/2023\/05\/f296e852b25ea4cabb22e59f804b3c61.jpg","keywords":["BERD","Croissance","Tunisie"],"articleSection":["National"],"inLanguage":"fr-FR"},{"@type":"WebPage","@id":"https:\/\/www.webdo.tn\/fr\/actualite\/national\/selon-la-berd-la-croissance-de-la-tunisie-devrait-ralentir-en-2023\/205738\/","url":"https:\/\/www.webdo.tn\/fr\/actualite\/national\/selon-la-berd-la-croissance-de-la-tunisie-devrait-ralentir-en-2023\/205738\/","name":"Selon la BERD, la croissance de la Tunisie devrait ralentir en 2023","isPartOf":{"@id":"https:\/\/www.webdo.tn\/fr\/#website"},"primaryImageOfPage":{"@id":"https:\/\/www.webdo.tn\/fr\/actualite\/national\/selon-la-berd-la-croissance-de-la-tunisie-devrait-ralentir-en-2023\/205738\/#primaryimage"},"image":{"@id":"https:\/\/www.webdo.tn\/fr\/actualite\/national\/selon-la-berd-la-croissance-de-la-tunisie-devrait-ralentir-en-2023\/205738\/#primaryimage"},"thumbnailUrl":"https:\/\/www.webdo.tn\/fr\/wp-content\/uploads\/2023\/05\/f296e852b25ea4cabb22e59f804b3c61.jpg","datePublished":"2023-05-16T09:41:00+00:00","dateModified":"2025-05-20T22:59:30+00:00","description":"La BERD pr\u00e9voit une croissance modeste en 2023 dans la partie m\u00e9ridionale et orientale du bassin m\u00e9diterran\u00e9en.","breadcrumb":{"@id":"https:\/\/www.webdo.tn\/fr\/actualite\/national\/selon-la-berd-la-croissance-de-la-tunisie-devrait-ralentir-en-2023\/205738\/#breadcrumb"},"inLanguage":"fr-FR","potentialAction":[{"@type":"ReadAction","target":["https:\/\/www.webdo.tn\/fr\/actualite\/national\/selon-la-berd-la-croissance-de-la-tunisie-devrait-ralentir-en-2023\/205738\/"]}]},{"@type":"ImageObject","inLanguage":"fr-FR","@id":"https:\/\/www.webdo.tn\/fr\/actualite\/national\/selon-la-berd-la-croissance-de-la-tunisie-devrait-ralentir-en-2023\/205738\/#primaryimage","url":"https:\/\/www.webdo.tn\/fr\/wp-content\/uploads\/2023\/05\/f296e852b25ea4cabb22e59f804b3c61.jpg","contentUrl":"https:\/\/www.webdo.tn\/fr\/wp-content\/uploads\/2023\/05\/f296e852b25ea4cabb22e59f804b3c61.jpg","width":680,"height":363,"caption":"Selon la BERD, la croissance de la Tunisie devrait ralentir en 2023"},{"@type":"BreadcrumbList","@id":"https:\/\/www.webdo.tn\/fr\/actualite\/national\/selon-la-berd-la-croissance-de-la-tunisie-devrait-ralentir-en-2023\/205738\/#breadcrumb","itemListElement":[{"@type":"ListItem","position":1,"name":"Accueil","item":"https:\/\/www.webdo.tn\/fr\/"},{"@type":"ListItem","position":2,"name":"Selon la BERD, la croissance de la Tunisie devrait ralentir en 2023"}]},{"@type":"WebSite","@id":"https:\/\/www.webdo.tn\/fr\/#website","url":"https:\/\/www.webdo.tn\/fr\/","name":"webdo","description":"Tunisie - News en Tunisie et \u00e0 l&#039;international sur Webdo.tn","publisher":{"@id":"https:\/\/www.webdo.tn\/fr\/#organization"},"potentialAction":[{"@type":"SearchAction","target":{"@type":"EntryPoint","urlTemplate":"https:\/\/www.webdo.tn\/fr\/?s={search_term_string}"},"query-input":{"@type":"PropertyValueSpecification","valueRequired":true,"valueName":"search_term_string"}}],"inLanguage":"fr-FR"},{"@type":"Organization","@id":"https:\/\/www.webdo.tn\/fr\/#organization","name":"Webdo","alternateName":"Webdo.tn","url":"https:\/\/www.webdo.tn\/fr\/","logo":{"@type":"ImageObject","inLanguage":"fr-FR","@id":"https:\/\/www.webdo.tn\/fr\/#\/schema\/logo\/image\/","url":"https:\/\/www.webdo.tn\/fr\/wp-content\/uploads\/2025\/06\/Webdo-Tunisie_168377.jpg","contentUrl":"https:\/\/www.webdo.tn\/fr\/wp-content\/uploads\/2025\/06\/Webdo-Tunisie_168377.jpg","width":301,"height":301,"caption":"Webdo"},"image":{"@id":"https:\/\/www.webdo.tn\/fr\/#\/schema\/logo\/image\/"},"sameAs":["https:\/\/www.facebook.com\/webdotn","https:\/\/x.com\/webdo_tn"],"description":"Webdo est un m\u00e9dia num\u00e9rique tunisien fond\u00e9 en 2010, sp\u00e9cialis\u00e9 dans l\u2019actualit\u00e9 nationale et internationale, l\u2019\u00e9conomie, la soci\u00e9t\u00e9 et les analyses politiques. Le site s\u2019adresse \u00e0 un large public francophone et couvre l\u2019information tunisienne en temps r\u00e9el.","email":"redac@webdo.tn","legalName":"YNJ SARL","foundingDate":"2010-09-06","numberOfEmployees":{"@type":"QuantitativeValue","minValue":"11","maxValue":"50"}},{"@type":"Person","@id":"https:\/\/www.webdo.tn\/fr\/#\/schema\/person\/590cb5f81adcfde6385530fdbdf468e2","name":"Ramzi","image":{"@type":"ImageObject","inLanguage":"fr-FR","@id":"https:\/\/secure.gravatar.com\/avatar\/48df7d18915e10cf866ba8e27604c81ff9243fd52704a1d210c3e387e1cb8d87?s=96&d=mm&r=g","url":"https:\/\/secure.gravatar.com\/avatar\/48df7d18915e10cf866ba8e27604c81ff9243fd52704a1d210c3e387e1cb8d87?s=96&d=mm&r=g","contentUrl":"https:\/\/secure.gravatar.com\/avatar\/48df7d18915e10cf866ba8e27604c81ff9243fd52704a1d210c3e387e1cb8d87?s=96&d=mm&r=g","caption":"Ramzi"},"url":"https:\/\/www.webdo.tn\/fr\/actualite\/author\/ramzi\/"}]}},"_links":{"self":[{"href":"https:\/\/www.webdo.tn\/fr\/wp-json\/wp\/v2\/posts\/205738","targetHints":{"allow":["GET"]}}],"collection":[{"href":"https:\/\/www.webdo.tn\/fr\/wp-json\/wp\/v2\/posts"}],"about":[{"href":"https:\/\/www.webdo.tn\/fr\/wp-json\/wp\/v2\/types\/post"}],"author":[{"embeddable":true,"href":"https:\/\/www.webdo.tn\/fr\/wp-json\/wp\/v2\/users\/3188"}],"replies":[{"embeddable":true,"href":"https:\/\/www.webdo.tn\/fr\/wp-json\/wp\/v2\/comments?post=205738"}],"version-history":[{"count":0,"href":"https:\/\/www.webdo.tn\/fr\/wp-json\/wp\/v2\/posts\/205738\/revisions"}],"wp:featuredmedia":[{"embeddable":true,"href":"https:\/\/www.webdo.tn\/fr\/wp-json\/wp\/v2\/media\/278222"}],"wp:attachment":[{"href":"https:\/\/www.webdo.tn\/fr\/wp-json\/wp\/v2\/media?parent=205738"}],"wp:term":[{"taxonomy":"category","embeddable":true,"href":"https:\/\/www.webdo.tn\/fr\/wp-json\/wp\/v2\/categories?post=205738"},{"taxonomy":"post_tag","embeddable":true,"href":"https:\/\/www.webdo.tn\/fr\/wp-json\/wp\/v2\/tags?post=205738"}],"curies":[{"name":"wp","href":"https:\/\/api.w.org\/{rel}","templated":true}]}}