{"id":205733,"date":"2023-05-16T08:06:00","date_gmt":"2023-05-16T08:06:00","guid":{"rendered":"https:\/\/www.webdo.tn\/fr\/blog\/le-ministere-de-l-education-appelle-les-enseignants-a-assumer-leur-responsabilite-nationale\/205733\/"},"modified":"2025-05-20T22:50:08","modified_gmt":"2025-05-20T22:50:08","slug":"le-ministere-de-l-education-appelle-les-enseignants-a-assumer-leur-responsabilite-nationale","status":"publish","type":"post","link":"https:\/\/www.webdo.tn\/fr\/actualite\/national\/le-ministere-de-l-education-appelle-les-enseignants-a-assumer-leur-responsabilite-nationale\/205733\/","title":{"rendered":"Le minist\u00e8re de l&rsquo;Education appelle les enseignants \u00e0 assumer \u00ab leur responsabilit\u00e9 nationale \u00bb"},"content":{"rendered":"<p>Le minist\u00e8re de l&rsquo;\u00e9ducation a appel\u00e9 les enseignants \u00e0 assumer leur responsabilit\u00e9 nationale, \u00e9ducative et administrative, et \u00e0 remettre les notes des \u00e9l\u00e8ves \u00e0 l&rsquo;administration conform\u00e9ment aux d\u00e9lais requis dans les circulaires publi\u00e9es par le minist\u00e8re.<\/p>\n<p>\t\t\t\t\t\t\t\t\tLe minist\u00e8re a rassur\u00e9 les familles tunisiennes et la famille \u00e9ducative concernant l&rsquo;ann\u00e9e scolaire en cours, et a r\u00e9it\u00e9r\u00e9 son engagement visant \u00e0 r\u00e9ussir cette ann\u00e9e dans les meilleures conditions. La d\u00e9cision de remise des notes a pour objectif d&rsquo;assurer un succ\u00e8s de la fin de l&rsquo;ann\u00e9e scolaire et garantir l&rsquo;int\u00e9r\u00eat supr\u00eame des enseignants et des \u00e9l\u00e8ves ainsi que tous les employ\u00e9s des \u00e9tablissements \u00e9ducatifs publics, a ajout\u00e9 la m\u00eame source.\u00a0<\/p>\n<p>Dans le cadre des r\u00e9unions tenues entre le syndicat et le repr\u00e9sentant du gouvernement pour examiner les revendications des f\u00e9d\u00e9rations de l&rsquo;enseignement de base et secondaire relevant de l&rsquo;UGTT, le minist\u00e8re a pr\u00e9cis\u00e9 que les propositions de la partie gouvernementale ont concern\u00e9 la r\u00e9gularisation des diff\u00e9rents points propos\u00e9s notamment mettre fin \u00e0 toute forme de travail pr\u00e9caire selon une nouvelle approche de r\u00e9gularisation de la situation et de recrutement.\u00a0<\/p>\n<p>Toutes les revendications en suspens depuis 2019 ont \u00e9t\u00e9 satisfaites, a not\u00e9 le minist\u00e8re. Un engagement a \u00e9t\u00e9 donn\u00e9 pour poursuivre les n\u00e9gociations concernant les nouveaux points \u00e9voqu\u00e9s relatifs aux secteurs de l&rsquo;enseignement de base et secondaire afin d&rsquo;am\u00e9liorer les conditions des enseignants.\u00a0<\/p>\n<p>Les s\u00e9ances de n\u00e9gociations tenues en pr\u00e9sence des repr\u00e9sentants du partenaire social de l&rsquo;Union g\u00e9n\u00e9rale tunisienne du travail et des cadres de la pr\u00e9sidence du gouvernement, des minist\u00e8res des finances et de l&rsquo;\u00e9ducation ont permis d&rsquo;examiner les diff\u00e9rentes revendications des secteurs de l&rsquo;enseignement de base et secondaire. La partie gouvernementale s&rsquo;est engag\u00e9e lors de ces s\u00e9ances \u00e0 examiner les revendications financi\u00e8res et \u00e0 am\u00e9liorer les conditions de travail afin de pr\u00e9server la s\u00e9curit\u00e9 et la dignit\u00e9 des employ\u00e9s.<\/p>\n","protected":false},"excerpt":{"rendered":"<p>Le minist\u00e8re de l&rsquo;\u00e9ducation a appel\u00e9 les enseignants \u00e0 assumer leur responsabilit\u00e9 nationale, \u00e9ducative et administrative, et \u00e0 remettre les notes des \u00e9l\u00e8ves \u00e0&#8230;<\/p>\n","protected":false},"author":3175,"featured_media":278214,"comment_status":"open","ping_status":"closed","sticky":false,"template":"","format":"standard","meta":{"footnotes":""},"categories":[44],"tags":[2634,3911,2608],"class_list":["post-205733","post","type-post","status-publish","format-standard","has-post-thumbnail","hentry","category-national","tag-education","tag-enseignants","tag-tunisie"],"yoast_head":"<!-- This site is optimized with the Yoast SEO Premium plugin v27.4 (Yoast SEO v27.5) - https:\/\/yoast.com\/product\/yoast-seo-premium-wordpress\/ -->\n<title>Le minist\u00e8re de l&#039;Education appelle les enseignants \u00e0 assumer \u00ab leur responsabilit\u00e9 nationale \u00bb<\/title>\n<meta name=\"description\" content=\"Le minist\u00e8re de l&#039;\u00e9ducation a appel\u00e9 les enseignants \u00e0 assumer leur responsabilit\u00e9 nationale, \u00e9ducative et administrative, et \u00e0 remettre les notes des \u00e9l\u00e8ves \u00e0...\" \/>\n<link rel=\"canonical\" href=\"https:\/\/www.webdo.tn\/fr\/actualite\/national\/le-ministere-de-l-education-appelle-les-enseignants-a-assumer-leur-responsabilite-nationale\/205733\/\" \/>\n<meta property=\"og:locale\" content=\"fr_FR\" \/>\n<meta property=\"og:type\" content=\"article\" \/>\n<meta property=\"og:title\" content=\"Le minist\u00e8re de l&#039;Education appelle les enseignants \u00e0 assumer \u00ab leur responsabilit\u00e9 nationale \u00bb\" \/>\n<meta property=\"og:description\" content=\"Le minist\u00e8re de l&#039;\u00e9ducation a appel\u00e9 les enseignants \u00e0 assumer leur responsabilit\u00e9 nationale, \u00e9ducative et administrative, et \u00e0 remettre les notes des \u00e9l\u00e8ves \u00e0...\" \/>\n<meta property=\"og:url\" content=\"https:\/\/www.webdo.tn\/fr\/actualite\/national\/le-ministere-de-l-education-appelle-les-enseignants-a-assumer-leur-responsabilite-nationale\/205733\/\" \/>\n<meta property=\"og:site_name\" content=\"webdo\" \/>\n<meta property=\"article:publisher\" content=\"https:\/\/www.facebook.com\/webdotn\" \/>\n<meta property=\"article:published_time\" content=\"2023-05-16T08:06:00+00:00\" \/>\n<meta property=\"article:modified_time\" content=\"2025-05-20T22:50:08+00:00\" \/>\n<meta property=\"og:image\" content=\"https:\/\/www.webdo.tn\/fr\/wp-content\/uploads\/2023\/05\/d35ca726bd7aa98f84ad573d861b25cc.png\" \/>\n\t<meta property=\"og:image:width\" content=\"750\" \/>\n\t<meta property=\"og:image:height\" content=\"400\" \/>\n\t<meta property=\"og:image:type\" content=\"image\/png\" \/>\n<meta name=\"author\" content=\"CL\" \/>\n<meta name=\"twitter:card\" content=\"summary_large_image\" \/>\n<meta name=\"twitter:creator\" content=\"@webdo_tn\" \/>\n<meta name=\"twitter:site\" content=\"@webdo_tn\" \/>\n<meta name=\"twitter:label1\" content=\"\u00c9crit par\" \/>\n\t<meta name=\"twitter:data1\" content=\"CL\" \/>\n\t<meta name=\"twitter:label2\" content=\"Dur\u00e9e de lecture estim\u00e9e\" \/>\n\t<meta name=\"twitter:data2\" content=\"2 minutes\" \/>\n<script type=\"application\/ld+json\" class=\"yoast-schema-graph\">{\"@context\":\"https:\\\/\\\/schema.org\",\"@graph\":[{\"@type\":\"NewsArticle\",\"@id\":\"https:\\\/\\\/www.webdo.tn\\\/fr\\\/actualite\\\/national\\\/le-ministere-de-l-education-appelle-les-enseignants-a-assumer-leur-responsabilite-nationale\\\/205733\\\/#article\",\"isPartOf\":{\"@id\":\"https:\\\/\\\/www.webdo.tn\\\/fr\\\/actualite\\\/national\\\/le-ministere-de-l-education-appelle-les-enseignants-a-assumer-leur-responsabilite-nationale\\\/205733\\\/\"},\"author\":{\"name\":\"CL\",\"@id\":\"https:\\\/\\\/www.webdo.tn\\\/fr\\\/#\\\/schema\\\/person\\\/f35b42a42c5e2511bbd282959d6385cc\"},\"headline\":\"Le minist\u00e8re de l&rsquo;Education appelle les enseignants \u00e0 assumer \u00ab leur responsabilit\u00e9 nationale \u00bb\",\"datePublished\":\"2023-05-16T08:06:00+00:00\",\"dateModified\":\"2025-05-20T22:50:08+00:00\",\"mainEntityOfPage\":{\"@id\":\"https:\\\/\\\/www.webdo.tn\\\/fr\\\/actualite\\\/national\\\/le-ministere-de-l-education-appelle-les-enseignants-a-assumer-leur-responsabilite-nationale\\\/205733\\\/\"},\"wordCount\":369,\"commentCount\":0,\"publisher\":{\"@id\":\"https:\\\/\\\/www.webdo.tn\\\/fr\\\/#organization\"},\"image\":{\"@id\":\"https:\\\/\\\/www.webdo.tn\\\/fr\\\/actualite\\\/national\\\/le-ministere-de-l-education-appelle-les-enseignants-a-assumer-leur-responsabilite-nationale\\\/205733\\\/#primaryimage\"},\"thumbnailUrl\":\"https:\\\/\\\/www.webdo.tn\\\/fr\\\/wp-content\\\/uploads\\\/2023\\\/05\\\/d35ca726bd7aa98f84ad573d861b25cc.png\",\"keywords\":[\"\u00e9ducation\",\"enseignants\",\"Tunisie\"],\"articleSection\":[\"National\"],\"inLanguage\":\"fr-FR\"},{\"@type\":\"WebPage\",\"@id\":\"https:\\\/\\\/www.webdo.tn\\\/fr\\\/actualite\\\/national\\\/le-ministere-de-l-education-appelle-les-enseignants-a-assumer-leur-responsabilite-nationale\\\/205733\\\/\",\"url\":\"https:\\\/\\\/www.webdo.tn\\\/fr\\\/actualite\\\/national\\\/le-ministere-de-l-education-appelle-les-enseignants-a-assumer-leur-responsabilite-nationale\\\/205733\\\/\",\"name\":\"Le minist\u00e8re de l'Education appelle les enseignants \u00e0 assumer \u00ab leur responsabilit\u00e9 nationale \u00bb\",\"isPartOf\":{\"@id\":\"https:\\\/\\\/www.webdo.tn\\\/fr\\\/#website\"},\"primaryImageOfPage\":{\"@id\":\"https:\\\/\\\/www.webdo.tn\\\/fr\\\/actualite\\\/national\\\/le-ministere-de-l-education-appelle-les-enseignants-a-assumer-leur-responsabilite-nationale\\\/205733\\\/#primaryimage\"},\"image\":{\"@id\":\"https:\\\/\\\/www.webdo.tn\\\/fr\\\/actualite\\\/national\\\/le-ministere-de-l-education-appelle-les-enseignants-a-assumer-leur-responsabilite-nationale\\\/205733\\\/#primaryimage\"},\"thumbnailUrl\":\"https:\\\/\\\/www.webdo.tn\\\/fr\\\/wp-content\\\/uploads\\\/2023\\\/05\\\/d35ca726bd7aa98f84ad573d861b25cc.png\",\"datePublished\":\"2023-05-16T08:06:00+00:00\",\"dateModified\":\"2025-05-20T22:50:08+00:00\",\"description\":\"Le minist\u00e8re de l'\u00e9ducation a appel\u00e9 les enseignants \u00e0 assumer leur responsabilit\u00e9 nationale, \u00e9ducative et administrative, et \u00e0 remettre les notes des \u00e9l\u00e8ves \u00e0...\",\"breadcrumb\":{\"@id\":\"https:\\\/\\\/www.webdo.tn\\\/fr\\\/actualite\\\/national\\\/le-ministere-de-l-education-appelle-les-enseignants-a-assumer-leur-responsabilite-nationale\\\/205733\\\/#breadcrumb\"},\"inLanguage\":\"fr-FR\",\"potentialAction\":[{\"@type\":\"ReadAction\",\"target\":[\"https:\\\/\\\/www.webdo.tn\\\/fr\\\/actualite\\\/national\\\/le-ministere-de-l-education-appelle-les-enseignants-a-assumer-leur-responsabilite-nationale\\\/205733\\\/\"]}]},{\"@type\":\"ImageObject\",\"inLanguage\":\"fr-FR\",\"@id\":\"https:\\\/\\\/www.webdo.tn\\\/fr\\\/actualite\\\/national\\\/le-ministere-de-l-education-appelle-les-enseignants-a-assumer-leur-responsabilite-nationale\\\/205733\\\/#primaryimage\",\"url\":\"https:\\\/\\\/www.webdo.tn\\\/fr\\\/wp-content\\\/uploads\\\/2023\\\/05\\\/d35ca726bd7aa98f84ad573d861b25cc.png\",\"contentUrl\":\"https:\\\/\\\/www.webdo.tn\\\/fr\\\/wp-content\\\/uploads\\\/2023\\\/05\\\/d35ca726bd7aa98f84ad573d861b25cc.png\",\"width\":750,\"height\":400,\"caption\":\"Le minist\u00e8re de l'Education appelle les enseignants \u00e0 assumer \u00ab leur responsabilit\u00e9 nationale \u00bb\"},{\"@type\":\"BreadcrumbList\",\"@id\":\"https:\\\/\\\/www.webdo.tn\\\/fr\\\/actualite\\\/national\\\/le-ministere-de-l-education-appelle-les-enseignants-a-assumer-leur-responsabilite-nationale\\\/205733\\\/#breadcrumb\",\"itemListElement\":[{\"@type\":\"ListItem\",\"position\":1,\"name\":\"Accueil\",\"item\":\"https:\\\/\\\/www.webdo.tn\\\/fr\\\/\"},{\"@type\":\"ListItem\",\"position\":2,\"name\":\"Le minist\u00e8re de l&rsquo;Education appelle les enseignants \u00e0 assumer \u00ab leur responsabilit\u00e9 nationale \u00bb\"}]},{\"@type\":\"WebSite\",\"@id\":\"https:\\\/\\\/www.webdo.tn\\\/fr\\\/#website\",\"url\":\"https:\\\/\\\/www.webdo.tn\\\/fr\\\/\",\"name\":\"webdo\",\"description\":\"Tunisie - News en Tunisie et \u00e0 l&#039;international sur Webdo.tn\",\"publisher\":{\"@id\":\"https:\\\/\\\/www.webdo.tn\\\/fr\\\/#organization\"},\"potentialAction\":[{\"@type\":\"SearchAction\",\"target\":{\"@type\":\"EntryPoint\",\"urlTemplate\":\"https:\\\/\\\/www.webdo.tn\\\/fr\\\/?s={search_term_string}\"},\"query-input\":{\"@type\":\"PropertyValueSpecification\",\"valueRequired\":true,\"valueName\":\"search_term_string\"}}],\"inLanguage\":\"fr-FR\"},{\"@type\":\"Organization\",\"@id\":\"https:\\\/\\\/www.webdo.tn\\\/fr\\\/#organization\",\"name\":\"Webdo\",\"alternateName\":\"Webdo.tn\",\"url\":\"https:\\\/\\\/www.webdo.tn\\\/fr\\\/\",\"logo\":{\"@type\":\"ImageObject\",\"inLanguage\":\"fr-FR\",\"@id\":\"https:\\\/\\\/www.webdo.tn\\\/fr\\\/#\\\/schema\\\/logo\\\/image\\\/\",\"url\":\"https:\\\/\\\/www.webdo.tn\\\/fr\\\/wp-content\\\/uploads\\\/2025\\\/06\\\/Webdo-Tunisie_168377.jpg\",\"contentUrl\":\"https:\\\/\\\/www.webdo.tn\\\/fr\\\/wp-content\\\/uploads\\\/2025\\\/06\\\/Webdo-Tunisie_168377.jpg\",\"width\":301,\"height\":301,\"caption\":\"Webdo\"},\"image\":{\"@id\":\"https:\\\/\\\/www.webdo.tn\\\/fr\\\/#\\\/schema\\\/logo\\\/image\\\/\"},\"sameAs\":[\"https:\\\/\\\/www.facebook.com\\\/webdotn\",\"https:\\\/\\\/x.com\\\/webdo_tn\"],\"description\":\"Webdo est un m\u00e9dia num\u00e9rique tunisien fond\u00e9 en 2010, sp\u00e9cialis\u00e9 dans l\u2019actualit\u00e9 nationale et internationale, l\u2019\u00e9conomie, la soci\u00e9t\u00e9 et les analyses politiques. Le site s\u2019adresse \u00e0 un large public francophone et couvre l\u2019information tunisienne en temps r\u00e9el.\",\"email\":\"redac@webdo.tn\",\"legalName\":\"YNJ SARL\",\"foundingDate\":\"2010-09-06\",\"numberOfEmployees\":{\"@type\":\"QuantitativeValue\",\"minValue\":\"11\",\"maxValue\":\"50\"}},{\"@type\":\"Person\",\"@id\":\"https:\\\/\\\/www.webdo.tn\\\/fr\\\/#\\\/schema\\\/person\\\/f35b42a42c5e2511bbd282959d6385cc\",\"name\":\"CL\",\"image\":{\"@type\":\"ImageObject\",\"inLanguage\":\"fr-FR\",\"@id\":\"https:\\\/\\\/secure.gravatar.com\\\/avatar\\\/1447a49909b67aa657c488aec6512e1dd6143a480c1ecfee9b5b5cd74eb3b59e?s=96&d=mm&r=g\",\"url\":\"https:\\\/\\\/secure.gravatar.com\\\/avatar\\\/1447a49909b67aa657c488aec6512e1dd6143a480c1ecfee9b5b5cd74eb3b59e?s=96&d=mm&r=g\",\"contentUrl\":\"https:\\\/\\\/secure.gravatar.com\\\/avatar\\\/1447a49909b67aa657c488aec6512e1dd6143a480c1ecfee9b5b5cd74eb3b59e?s=96&d=mm&r=g\",\"caption\":\"CL\"},\"url\":\"https:\\\/\\\/www.webdo.tn\\\/fr\\\/actualite\\\/author\\\/cl\\\/\"}]}<\/script>\n<!-- \/ Yoast SEO Premium plugin. -->","yoast_head_json":{"title":"Le minist\u00e8re de l'Education appelle les enseignants \u00e0 assumer \u00ab leur responsabilit\u00e9 nationale \u00bb","description":"Le minist\u00e8re de l'\u00e9ducation a appel\u00e9 les enseignants \u00e0 assumer leur responsabilit\u00e9 nationale, \u00e9ducative et administrative, et \u00e0 remettre les notes des \u00e9l\u00e8ves \u00e0...","canonical":"https:\/\/www.webdo.tn\/fr\/actualite\/national\/le-ministere-de-l-education-appelle-les-enseignants-a-assumer-leur-responsabilite-nationale\/205733\/","og_locale":"fr_FR","og_type":"article","og_title":"Le minist\u00e8re de l'Education appelle les enseignants \u00e0 assumer \u00ab leur responsabilit\u00e9 nationale \u00bb","og_description":"Le minist\u00e8re de l'\u00e9ducation a appel\u00e9 les enseignants \u00e0 assumer leur responsabilit\u00e9 nationale, \u00e9ducative et administrative, et \u00e0 remettre les notes des \u00e9l\u00e8ves \u00e0...","og_url":"https:\/\/www.webdo.tn\/fr\/actualite\/national\/le-ministere-de-l-education-appelle-les-enseignants-a-assumer-leur-responsabilite-nationale\/205733\/","og_site_name":"webdo","article_publisher":"https:\/\/www.facebook.com\/webdotn","article_published_time":"2023-05-16T08:06:00+00:00","article_modified_time":"2025-05-20T22:50:08+00:00","og_image":[{"width":750,"height":400,"url":"https:\/\/www.webdo.tn\/fr\/wp-content\/uploads\/2023\/05\/d35ca726bd7aa98f84ad573d861b25cc.png","type":"image\/png"}],"author":"CL","twitter_card":"summary_large_image","twitter_creator":"@webdo_tn","twitter_site":"@webdo_tn","twitter_misc":{"\u00c9crit par":"CL","Dur\u00e9e de lecture estim\u00e9e":"2 minutes"},"schema":{"@context":"https:\/\/schema.org","@graph":[{"@type":"NewsArticle","@id":"https:\/\/www.webdo.tn\/fr\/actualite\/national\/le-ministere-de-l-education-appelle-les-enseignants-a-assumer-leur-responsabilite-nationale\/205733\/#article","isPartOf":{"@id":"https:\/\/www.webdo.tn\/fr\/actualite\/national\/le-ministere-de-l-education-appelle-les-enseignants-a-assumer-leur-responsabilite-nationale\/205733\/"},"author":{"name":"CL","@id":"https:\/\/www.webdo.tn\/fr\/#\/schema\/person\/f35b42a42c5e2511bbd282959d6385cc"},"headline":"Le minist\u00e8re de l&rsquo;Education appelle les enseignants \u00e0 assumer \u00ab leur responsabilit\u00e9 nationale \u00bb","datePublished":"2023-05-16T08:06:00+00:00","dateModified":"2025-05-20T22:50:08+00:00","mainEntityOfPage":{"@id":"https:\/\/www.webdo.tn\/fr\/actualite\/national\/le-ministere-de-l-education-appelle-les-enseignants-a-assumer-leur-responsabilite-nationale\/205733\/"},"wordCount":369,"commentCount":0,"publisher":{"@id":"https:\/\/www.webdo.tn\/fr\/#organization"},"image":{"@id":"https:\/\/www.webdo.tn\/fr\/actualite\/national\/le-ministere-de-l-education-appelle-les-enseignants-a-assumer-leur-responsabilite-nationale\/205733\/#primaryimage"},"thumbnailUrl":"https:\/\/www.webdo.tn\/fr\/wp-content\/uploads\/2023\/05\/d35ca726bd7aa98f84ad573d861b25cc.png","keywords":["\u00e9ducation","enseignants","Tunisie"],"articleSection":["National"],"inLanguage":"fr-FR"},{"@type":"WebPage","@id":"https:\/\/www.webdo.tn\/fr\/actualite\/national\/le-ministere-de-l-education-appelle-les-enseignants-a-assumer-leur-responsabilite-nationale\/205733\/","url":"https:\/\/www.webdo.tn\/fr\/actualite\/national\/le-ministere-de-l-education-appelle-les-enseignants-a-assumer-leur-responsabilite-nationale\/205733\/","name":"Le minist\u00e8re de l'Education appelle les enseignants \u00e0 assumer \u00ab leur responsabilit\u00e9 nationale \u00bb","isPartOf":{"@id":"https:\/\/www.webdo.tn\/fr\/#website"},"primaryImageOfPage":{"@id":"https:\/\/www.webdo.tn\/fr\/actualite\/national\/le-ministere-de-l-education-appelle-les-enseignants-a-assumer-leur-responsabilite-nationale\/205733\/#primaryimage"},"image":{"@id":"https:\/\/www.webdo.tn\/fr\/actualite\/national\/le-ministere-de-l-education-appelle-les-enseignants-a-assumer-leur-responsabilite-nationale\/205733\/#primaryimage"},"thumbnailUrl":"https:\/\/www.webdo.tn\/fr\/wp-content\/uploads\/2023\/05\/d35ca726bd7aa98f84ad573d861b25cc.png","datePublished":"2023-05-16T08:06:00+00:00","dateModified":"2025-05-20T22:50:08+00:00","description":"Le minist\u00e8re de l'\u00e9ducation a appel\u00e9 les enseignants \u00e0 assumer leur responsabilit\u00e9 nationale, \u00e9ducative et administrative, et \u00e0 remettre les notes des \u00e9l\u00e8ves \u00e0...","breadcrumb":{"@id":"https:\/\/www.webdo.tn\/fr\/actualite\/national\/le-ministere-de-l-education-appelle-les-enseignants-a-assumer-leur-responsabilite-nationale\/205733\/#breadcrumb"},"inLanguage":"fr-FR","potentialAction":[{"@type":"ReadAction","target":["https:\/\/www.webdo.tn\/fr\/actualite\/national\/le-ministere-de-l-education-appelle-les-enseignants-a-assumer-leur-responsabilite-nationale\/205733\/"]}]},{"@type":"ImageObject","inLanguage":"fr-FR","@id":"https:\/\/www.webdo.tn\/fr\/actualite\/national\/le-ministere-de-l-education-appelle-les-enseignants-a-assumer-leur-responsabilite-nationale\/205733\/#primaryimage","url":"https:\/\/www.webdo.tn\/fr\/wp-content\/uploads\/2023\/05\/d35ca726bd7aa98f84ad573d861b25cc.png","contentUrl":"https:\/\/www.webdo.tn\/fr\/wp-content\/uploads\/2023\/05\/d35ca726bd7aa98f84ad573d861b25cc.png","width":750,"height":400,"caption":"Le minist\u00e8re de l'Education appelle les enseignants \u00e0 assumer \u00ab leur responsabilit\u00e9 nationale \u00bb"},{"@type":"BreadcrumbList","@id":"https:\/\/www.webdo.tn\/fr\/actualite\/national\/le-ministere-de-l-education-appelle-les-enseignants-a-assumer-leur-responsabilite-nationale\/205733\/#breadcrumb","itemListElement":[{"@type":"ListItem","position":1,"name":"Accueil","item":"https:\/\/www.webdo.tn\/fr\/"},{"@type":"ListItem","position":2,"name":"Le minist\u00e8re de l&rsquo;Education appelle les enseignants \u00e0 assumer \u00ab leur responsabilit\u00e9 nationale \u00bb"}]},{"@type":"WebSite","@id":"https:\/\/www.webdo.tn\/fr\/#website","url":"https:\/\/www.webdo.tn\/fr\/","name":"webdo","description":"Tunisie - News en Tunisie et \u00e0 l&#039;international sur Webdo.tn","publisher":{"@id":"https:\/\/www.webdo.tn\/fr\/#organization"},"potentialAction":[{"@type":"SearchAction","target":{"@type":"EntryPoint","urlTemplate":"https:\/\/www.webdo.tn\/fr\/?s={search_term_string}"},"query-input":{"@type":"PropertyValueSpecification","valueRequired":true,"valueName":"search_term_string"}}],"inLanguage":"fr-FR"},{"@type":"Organization","@id":"https:\/\/www.webdo.tn\/fr\/#organization","name":"Webdo","alternateName":"Webdo.tn","url":"https:\/\/www.webdo.tn\/fr\/","logo":{"@type":"ImageObject","inLanguage":"fr-FR","@id":"https:\/\/www.webdo.tn\/fr\/#\/schema\/logo\/image\/","url":"https:\/\/www.webdo.tn\/fr\/wp-content\/uploads\/2025\/06\/Webdo-Tunisie_168377.jpg","contentUrl":"https:\/\/www.webdo.tn\/fr\/wp-content\/uploads\/2025\/06\/Webdo-Tunisie_168377.jpg","width":301,"height":301,"caption":"Webdo"},"image":{"@id":"https:\/\/www.webdo.tn\/fr\/#\/schema\/logo\/image\/"},"sameAs":["https:\/\/www.facebook.com\/webdotn","https:\/\/x.com\/webdo_tn"],"description":"Webdo est un m\u00e9dia num\u00e9rique tunisien fond\u00e9 en 2010, sp\u00e9cialis\u00e9 dans l\u2019actualit\u00e9 nationale et internationale, l\u2019\u00e9conomie, la soci\u00e9t\u00e9 et les analyses politiques. Le site s\u2019adresse \u00e0 un large public francophone et couvre l\u2019information tunisienne en temps r\u00e9el.","email":"redac@webdo.tn","legalName":"YNJ SARL","foundingDate":"2010-09-06","numberOfEmployees":{"@type":"QuantitativeValue","minValue":"11","maxValue":"50"}},{"@type":"Person","@id":"https:\/\/www.webdo.tn\/fr\/#\/schema\/person\/f35b42a42c5e2511bbd282959d6385cc","name":"CL","image":{"@type":"ImageObject","inLanguage":"fr-FR","@id":"https:\/\/secure.gravatar.com\/avatar\/1447a49909b67aa657c488aec6512e1dd6143a480c1ecfee9b5b5cd74eb3b59e?s=96&d=mm&r=g","url":"https:\/\/secure.gravatar.com\/avatar\/1447a49909b67aa657c488aec6512e1dd6143a480c1ecfee9b5b5cd74eb3b59e?s=96&d=mm&r=g","contentUrl":"https:\/\/secure.gravatar.com\/avatar\/1447a49909b67aa657c488aec6512e1dd6143a480c1ecfee9b5b5cd74eb3b59e?s=96&d=mm&r=g","caption":"CL"},"url":"https:\/\/www.webdo.tn\/fr\/actualite\/author\/cl\/"}]}},"_links":{"self":[{"href":"https:\/\/www.webdo.tn\/fr\/wp-json\/wp\/v2\/posts\/205733","targetHints":{"allow":["GET"]}}],"collection":[{"href":"https:\/\/www.webdo.tn\/fr\/wp-json\/wp\/v2\/posts"}],"about":[{"href":"https:\/\/www.webdo.tn\/fr\/wp-json\/wp\/v2\/types\/post"}],"author":[{"embeddable":true,"href":"https:\/\/www.webdo.tn\/fr\/wp-json\/wp\/v2\/users\/3175"}],"replies":[{"embeddable":true,"href":"https:\/\/www.webdo.tn\/fr\/wp-json\/wp\/v2\/comments?post=205733"}],"version-history":[{"count":0,"href":"https:\/\/www.webdo.tn\/fr\/wp-json\/wp\/v2\/posts\/205733\/revisions"}],"wp:featuredmedia":[{"embeddable":true,"href":"https:\/\/www.webdo.tn\/fr\/wp-json\/wp\/v2\/media\/278214"}],"wp:attachment":[{"href":"https:\/\/www.webdo.tn\/fr\/wp-json\/wp\/v2\/media?parent=205733"}],"wp:term":[{"taxonomy":"category","embeddable":true,"href":"https:\/\/www.webdo.tn\/fr\/wp-json\/wp\/v2\/categories?post=205733"},{"taxonomy":"post_tag","embeddable":true,"href":"https:\/\/www.webdo.tn\/fr\/wp-json\/wp\/v2\/tags?post=205733"}],"curies":[{"name":"wp","href":"https:\/\/api.w.org\/{rel}","templated":true}]}}