{"id":205722,"date":"2023-05-15T18:04:00","date_gmt":"2023-05-15T18:04:00","guid":{"rendered":"https:\/\/www.webdo.tn\/fr\/blog\/chokri-ben-nessir-nouveau-pdg-de-la-snipe-la-presse\/205722\/"},"modified":"2025-05-20T22:43:22","modified_gmt":"2025-05-20T22:43:22","slug":"chokri-ben-nessir-nouveau-pdg-de-la-snipe-la-presse","status":"publish","type":"post","link":"https:\/\/www.webdo.tn\/fr\/actualite\/national\/chokri-ben-nessir-nouveau-pdg-de-la-snipe-la-presse\/205722\/","title":{"rendered":"Chokri Ben Nessir, nouveau PDG de la SNIPE \u2013 La Presse"},"content":{"rendered":"<p>Le journaliste Chokri Ben Nessir a \u00e9t\u00e9 nomm\u00e9, ce lundi 15 mai 2023, Pr\u00e9sident-directeur g\u00e9n\u00e9ral de la soci\u00e9t\u00e9 nouvelle d&rsquo;impression, de presse et d&rsquo;\u00e9dition (SNIPE-La Presse) en vertu du d\u00e9cret gouvernemental n\u00b02023-337, publi\u00e9 au Jort le 15 mai 2023.<\/p>\n<p>\t\t\t\t\t\t\t\t\tCe poste \u00e9tait vacant depuis novembre dernier, suite \u00e0 l\u2019\u00e9viction de l\u2019ancien PDG Nabil Garbabou.\u00a0<\/p>\n<p>Notons que Ben Nssir est connu comme \u00e9tant le fils de SNIPE La Presse puisqu\u2019il y a pass\u00e9 pratiquement toue sa carri\u00e8re en tant que journaliste. Jusque-l\u00e0, il occupait le poste de directeur des publications.<\/p>\n","protected":false},"excerpt":{"rendered":"<p>Le journaliste Chokri Ben Nessir a \u00e9t\u00e9 nomm\u00e9, ce lundi 15 mai 2023, Pr\u00e9sident-directeur g\u00e9n\u00e9ral de la soci\u00e9t\u00e9 nouvelle d&rsquo;impression, de presse et d&rsquo;\u00e9dition (SNI&#8230;<\/p>\n","protected":false},"author":3175,"featured_media":251149,"comment_status":"open","ping_status":"closed","sticky":false,"template":"","format":"standard","meta":{"footnotes":""},"categories":[44],"tags":[6777,4731,2608],"class_list":["post-205722","post","type-post","status-publish","format-standard","has-post-thumbnail","hentry","category-national","tag-la-presse","tag-pdg","tag-tunisie"],"yoast_head":"<!-- This site is optimized with the Yoast SEO Premium plugin v27.4 (Yoast SEO v27.5) - https:\/\/yoast.com\/product\/yoast-seo-premium-wordpress\/ -->\n<title>Chokri Ben Nessir, nouveau PDG de la SNIPE \u2013 La Presse<\/title>\n<meta name=\"description\" content=\"Le journaliste Chokri Ben Nessir a \u00e9t\u00e9 nomm\u00e9, ce lundi 15 mai 2023, Pr\u00e9sident-directeur g\u00e9n\u00e9ral de la soci\u00e9t\u00e9 nouvelle d&#039;impression, de presse et d&#039;\u00e9dition (SNI...\" \/>\n<link rel=\"canonical\" href=\"https:\/\/www.webdo.tn\/fr\/actualite\/national\/chokri-ben-nessir-nouveau-pdg-de-la-snipe-la-presse\/205722\/\" \/>\n<meta property=\"og:locale\" content=\"fr_FR\" \/>\n<meta property=\"og:type\" content=\"article\" \/>\n<meta property=\"og:title\" content=\"Chokri Ben Nessir, nouveau PDG de la SNIPE \u2013 La Presse\" \/>\n<meta property=\"og:description\" content=\"Le journaliste Chokri Ben Nessir a \u00e9t\u00e9 nomm\u00e9, ce lundi 15 mai 2023, Pr\u00e9sident-directeur g\u00e9n\u00e9ral de la soci\u00e9t\u00e9 nouvelle d&#039;impression, de presse et d&#039;\u00e9dition (SNI...\" \/>\n<meta property=\"og:url\" content=\"https:\/\/www.webdo.tn\/fr\/actualite\/national\/chokri-ben-nessir-nouveau-pdg-de-la-snipe-la-presse\/205722\/\" \/>\n<meta property=\"og:site_name\" content=\"webdo\" \/>\n<meta property=\"article:publisher\" content=\"https:\/\/www.facebook.com\/webdotn\" \/>\n<meta property=\"article:published_time\" content=\"2023-05-15T18:04:00+00:00\" \/>\n<meta property=\"article:modified_time\" content=\"2025-05-20T22:43:22+00:00\" \/>\n<meta property=\"og:image\" content=\"https:\/\/www.webdo.tn\/fr\/wp-content\/uploads\/2023\/05\/e3efa1e01d13f56781dbb991c59656a3.png\" \/>\n\t<meta property=\"og:image:width\" content=\"750\" \/>\n\t<meta property=\"og:image:height\" content=\"400\" \/>\n\t<meta property=\"og:image:type\" content=\"image\/png\" \/>\n<meta name=\"author\" content=\"CL\" \/>\n<meta name=\"twitter:card\" content=\"summary_large_image\" \/>\n<meta name=\"twitter:creator\" content=\"@webdo_tn\" \/>\n<meta name=\"twitter:site\" content=\"@webdo_tn\" \/>\n<meta name=\"twitter:label1\" content=\"\u00c9crit par\" \/>\n\t<meta name=\"twitter:data1\" content=\"CL\" \/>\n<script type=\"application\/ld+json\" class=\"yoast-schema-graph\">{\"@context\":\"https:\\\/\\\/schema.org\",\"@graph\":[{\"@type\":\"NewsArticle\",\"@id\":\"https:\\\/\\\/www.webdo.tn\\\/fr\\\/actualite\\\/national\\\/chokri-ben-nessir-nouveau-pdg-de-la-snipe-la-presse\\\/205722\\\/#article\",\"isPartOf\":{\"@id\":\"https:\\\/\\\/www.webdo.tn\\\/fr\\\/actualite\\\/national\\\/chokri-ben-nessir-nouveau-pdg-de-la-snipe-la-presse\\\/205722\\\/\"},\"author\":{\"name\":\"CL\",\"@id\":\"https:\\\/\\\/www.webdo.tn\\\/fr\\\/#\\\/schema\\\/person\\\/f35b42a42c5e2511bbd282959d6385cc\"},\"headline\":\"Chokri Ben Nessir, nouveau PDG de la SNIPE \u2013 La Presse\",\"datePublished\":\"2023-05-15T18:04:00+00:00\",\"dateModified\":\"2025-05-20T22:43:22+00:00\",\"mainEntityOfPage\":{\"@id\":\"https:\\\/\\\/www.webdo.tn\\\/fr\\\/actualite\\\/national\\\/chokri-ben-nessir-nouveau-pdg-de-la-snipe-la-presse\\\/205722\\\/\"},\"wordCount\":106,\"commentCount\":0,\"publisher\":{\"@id\":\"https:\\\/\\\/www.webdo.tn\\\/fr\\\/#organization\"},\"image\":{\"@id\":\"https:\\\/\\\/www.webdo.tn\\\/fr\\\/actualite\\\/national\\\/chokri-ben-nessir-nouveau-pdg-de-la-snipe-la-presse\\\/205722\\\/#primaryimage\"},\"thumbnailUrl\":\"https:\\\/\\\/www.webdo.tn\\\/fr\\\/wp-content\\\/uploads\\\/2023\\\/05\\\/e3efa1e01d13f56781dbb991c59656a3.png\",\"keywords\":[\"la presse\",\"PDG\",\"Tunisie\"],\"articleSection\":[\"National\"],\"inLanguage\":\"fr-FR\"},{\"@type\":\"WebPage\",\"@id\":\"https:\\\/\\\/www.webdo.tn\\\/fr\\\/actualite\\\/national\\\/chokri-ben-nessir-nouveau-pdg-de-la-snipe-la-presse\\\/205722\\\/\",\"url\":\"https:\\\/\\\/www.webdo.tn\\\/fr\\\/actualite\\\/national\\\/chokri-ben-nessir-nouveau-pdg-de-la-snipe-la-presse\\\/205722\\\/\",\"name\":\"Chokri Ben Nessir, nouveau PDG de la SNIPE \u2013 La Presse\",\"isPartOf\":{\"@id\":\"https:\\\/\\\/www.webdo.tn\\\/fr\\\/#website\"},\"primaryImageOfPage\":{\"@id\":\"https:\\\/\\\/www.webdo.tn\\\/fr\\\/actualite\\\/national\\\/chokri-ben-nessir-nouveau-pdg-de-la-snipe-la-presse\\\/205722\\\/#primaryimage\"},\"image\":{\"@id\":\"https:\\\/\\\/www.webdo.tn\\\/fr\\\/actualite\\\/national\\\/chokri-ben-nessir-nouveau-pdg-de-la-snipe-la-presse\\\/205722\\\/#primaryimage\"},\"thumbnailUrl\":\"https:\\\/\\\/www.webdo.tn\\\/fr\\\/wp-content\\\/uploads\\\/2023\\\/05\\\/e3efa1e01d13f56781dbb991c59656a3.png\",\"datePublished\":\"2023-05-15T18:04:00+00:00\",\"dateModified\":\"2025-05-20T22:43:22+00:00\",\"description\":\"Le journaliste Chokri Ben Nessir a \u00e9t\u00e9 nomm\u00e9, ce lundi 15 mai 2023, Pr\u00e9sident-directeur g\u00e9n\u00e9ral de la soci\u00e9t\u00e9 nouvelle d'impression, de presse et d'\u00e9dition (SNI...\",\"breadcrumb\":{\"@id\":\"https:\\\/\\\/www.webdo.tn\\\/fr\\\/actualite\\\/national\\\/chokri-ben-nessir-nouveau-pdg-de-la-snipe-la-presse\\\/205722\\\/#breadcrumb\"},\"inLanguage\":\"fr-FR\",\"potentialAction\":[{\"@type\":\"ReadAction\",\"target\":[\"https:\\\/\\\/www.webdo.tn\\\/fr\\\/actualite\\\/national\\\/chokri-ben-nessir-nouveau-pdg-de-la-snipe-la-presse\\\/205722\\\/\"]}]},{\"@type\":\"ImageObject\",\"inLanguage\":\"fr-FR\",\"@id\":\"https:\\\/\\\/www.webdo.tn\\\/fr\\\/actualite\\\/national\\\/chokri-ben-nessir-nouveau-pdg-de-la-snipe-la-presse\\\/205722\\\/#primaryimage\",\"url\":\"https:\\\/\\\/www.webdo.tn\\\/fr\\\/wp-content\\\/uploads\\\/2023\\\/05\\\/e3efa1e01d13f56781dbb991c59656a3.png\",\"contentUrl\":\"https:\\\/\\\/www.webdo.tn\\\/fr\\\/wp-content\\\/uploads\\\/2023\\\/05\\\/e3efa1e01d13f56781dbb991c59656a3.png\",\"width\":750,\"height\":400,\"caption\":\"Chokri Ben Nessir (\u00e0 droite de l'image)\"},{\"@type\":\"BreadcrumbList\",\"@id\":\"https:\\\/\\\/www.webdo.tn\\\/fr\\\/actualite\\\/national\\\/chokri-ben-nessir-nouveau-pdg-de-la-snipe-la-presse\\\/205722\\\/#breadcrumb\",\"itemListElement\":[{\"@type\":\"ListItem\",\"position\":1,\"name\":\"Accueil\",\"item\":\"https:\\\/\\\/www.webdo.tn\\\/fr\\\/\"},{\"@type\":\"ListItem\",\"position\":2,\"name\":\"Chokri Ben Nessir, nouveau PDG de la SNIPE \u2013 La Presse\"}]},{\"@type\":\"WebSite\",\"@id\":\"https:\\\/\\\/www.webdo.tn\\\/fr\\\/#website\",\"url\":\"https:\\\/\\\/www.webdo.tn\\\/fr\\\/\",\"name\":\"webdo\",\"description\":\"Tunisie - News en Tunisie et \u00e0 l&#039;international sur Webdo.tn\",\"publisher\":{\"@id\":\"https:\\\/\\\/www.webdo.tn\\\/fr\\\/#organization\"},\"potentialAction\":[{\"@type\":\"SearchAction\",\"target\":{\"@type\":\"EntryPoint\",\"urlTemplate\":\"https:\\\/\\\/www.webdo.tn\\\/fr\\\/?s={search_term_string}\"},\"query-input\":{\"@type\":\"PropertyValueSpecification\",\"valueRequired\":true,\"valueName\":\"search_term_string\"}}],\"inLanguage\":\"fr-FR\"},{\"@type\":\"Organization\",\"@id\":\"https:\\\/\\\/www.webdo.tn\\\/fr\\\/#organization\",\"name\":\"Webdo\",\"alternateName\":\"Webdo.tn\",\"url\":\"https:\\\/\\\/www.webdo.tn\\\/fr\\\/\",\"logo\":{\"@type\":\"ImageObject\",\"inLanguage\":\"fr-FR\",\"@id\":\"https:\\\/\\\/www.webdo.tn\\\/fr\\\/#\\\/schema\\\/logo\\\/image\\\/\",\"url\":\"https:\\\/\\\/www.webdo.tn\\\/fr\\\/wp-content\\\/uploads\\\/2025\\\/06\\\/Webdo-Tunisie_168377.jpg\",\"contentUrl\":\"https:\\\/\\\/www.webdo.tn\\\/fr\\\/wp-content\\\/uploads\\\/2025\\\/06\\\/Webdo-Tunisie_168377.jpg\",\"width\":301,\"height\":301,\"caption\":\"Webdo\"},\"image\":{\"@id\":\"https:\\\/\\\/www.webdo.tn\\\/fr\\\/#\\\/schema\\\/logo\\\/image\\\/\"},\"sameAs\":[\"https:\\\/\\\/www.facebook.com\\\/webdotn\",\"https:\\\/\\\/x.com\\\/webdo_tn\"],\"description\":\"Webdo est un m\u00e9dia num\u00e9rique tunisien fond\u00e9 en 2010, sp\u00e9cialis\u00e9 dans l\u2019actualit\u00e9 nationale et internationale, l\u2019\u00e9conomie, la soci\u00e9t\u00e9 et les analyses politiques. Le site s\u2019adresse \u00e0 un large public francophone et couvre l\u2019information tunisienne en temps r\u00e9el.\",\"email\":\"redac@webdo.tn\",\"legalName\":\"YNJ SARL\",\"foundingDate\":\"2010-09-06\",\"numberOfEmployees\":{\"@type\":\"QuantitativeValue\",\"minValue\":\"11\",\"maxValue\":\"50\"}},{\"@type\":\"Person\",\"@id\":\"https:\\\/\\\/www.webdo.tn\\\/fr\\\/#\\\/schema\\\/person\\\/f35b42a42c5e2511bbd282959d6385cc\",\"name\":\"CL\",\"image\":{\"@type\":\"ImageObject\",\"inLanguage\":\"fr-FR\",\"@id\":\"https:\\\/\\\/secure.gravatar.com\\\/avatar\\\/1447a49909b67aa657c488aec6512e1dd6143a480c1ecfee9b5b5cd74eb3b59e?s=96&d=mm&r=g\",\"url\":\"https:\\\/\\\/secure.gravatar.com\\\/avatar\\\/1447a49909b67aa657c488aec6512e1dd6143a480c1ecfee9b5b5cd74eb3b59e?s=96&d=mm&r=g\",\"contentUrl\":\"https:\\\/\\\/secure.gravatar.com\\\/avatar\\\/1447a49909b67aa657c488aec6512e1dd6143a480c1ecfee9b5b5cd74eb3b59e?s=96&d=mm&r=g\",\"caption\":\"CL\"},\"url\":\"https:\\\/\\\/www.webdo.tn\\\/fr\\\/actualite\\\/author\\\/cl\\\/\"}]}<\/script>\n<!-- \/ Yoast SEO Premium plugin. -->","yoast_head_json":{"title":"Chokri Ben Nessir, nouveau PDG de la SNIPE \u2013 La Presse","description":"Le journaliste Chokri Ben Nessir a \u00e9t\u00e9 nomm\u00e9, ce lundi 15 mai 2023, Pr\u00e9sident-directeur g\u00e9n\u00e9ral de la soci\u00e9t\u00e9 nouvelle d'impression, de presse et d'\u00e9dition (SNI...","canonical":"https:\/\/www.webdo.tn\/fr\/actualite\/national\/chokri-ben-nessir-nouveau-pdg-de-la-snipe-la-presse\/205722\/","og_locale":"fr_FR","og_type":"article","og_title":"Chokri Ben Nessir, nouveau PDG de la SNIPE \u2013 La Presse","og_description":"Le journaliste Chokri Ben Nessir a \u00e9t\u00e9 nomm\u00e9, ce lundi 15 mai 2023, Pr\u00e9sident-directeur g\u00e9n\u00e9ral de la soci\u00e9t\u00e9 nouvelle d'impression, de presse et d'\u00e9dition (SNI...","og_url":"https:\/\/www.webdo.tn\/fr\/actualite\/national\/chokri-ben-nessir-nouveau-pdg-de-la-snipe-la-presse\/205722\/","og_site_name":"webdo","article_publisher":"https:\/\/www.facebook.com\/webdotn","article_published_time":"2023-05-15T18:04:00+00:00","article_modified_time":"2025-05-20T22:43:22+00:00","og_image":[{"width":750,"height":400,"url":"https:\/\/www.webdo.tn\/fr\/wp-content\/uploads\/2023\/05\/e3efa1e01d13f56781dbb991c59656a3.png","type":"image\/png"}],"author":"CL","twitter_card":"summary_large_image","twitter_creator":"@webdo_tn","twitter_site":"@webdo_tn","twitter_misc":{"\u00c9crit par":"CL"},"schema":{"@context":"https:\/\/schema.org","@graph":[{"@type":"NewsArticle","@id":"https:\/\/www.webdo.tn\/fr\/actualite\/national\/chokri-ben-nessir-nouveau-pdg-de-la-snipe-la-presse\/205722\/#article","isPartOf":{"@id":"https:\/\/www.webdo.tn\/fr\/actualite\/national\/chokri-ben-nessir-nouveau-pdg-de-la-snipe-la-presse\/205722\/"},"author":{"name":"CL","@id":"https:\/\/www.webdo.tn\/fr\/#\/schema\/person\/f35b42a42c5e2511bbd282959d6385cc"},"headline":"Chokri Ben Nessir, nouveau PDG de la SNIPE \u2013 La Presse","datePublished":"2023-05-15T18:04:00+00:00","dateModified":"2025-05-20T22:43:22+00:00","mainEntityOfPage":{"@id":"https:\/\/www.webdo.tn\/fr\/actualite\/national\/chokri-ben-nessir-nouveau-pdg-de-la-snipe-la-presse\/205722\/"},"wordCount":106,"commentCount":0,"publisher":{"@id":"https:\/\/www.webdo.tn\/fr\/#organization"},"image":{"@id":"https:\/\/www.webdo.tn\/fr\/actualite\/national\/chokri-ben-nessir-nouveau-pdg-de-la-snipe-la-presse\/205722\/#primaryimage"},"thumbnailUrl":"https:\/\/www.webdo.tn\/fr\/wp-content\/uploads\/2023\/05\/e3efa1e01d13f56781dbb991c59656a3.png","keywords":["la presse","PDG","Tunisie"],"articleSection":["National"],"inLanguage":"fr-FR"},{"@type":"WebPage","@id":"https:\/\/www.webdo.tn\/fr\/actualite\/national\/chokri-ben-nessir-nouveau-pdg-de-la-snipe-la-presse\/205722\/","url":"https:\/\/www.webdo.tn\/fr\/actualite\/national\/chokri-ben-nessir-nouveau-pdg-de-la-snipe-la-presse\/205722\/","name":"Chokri Ben Nessir, nouveau PDG de la SNIPE \u2013 La Presse","isPartOf":{"@id":"https:\/\/www.webdo.tn\/fr\/#website"},"primaryImageOfPage":{"@id":"https:\/\/www.webdo.tn\/fr\/actualite\/national\/chokri-ben-nessir-nouveau-pdg-de-la-snipe-la-presse\/205722\/#primaryimage"},"image":{"@id":"https:\/\/www.webdo.tn\/fr\/actualite\/national\/chokri-ben-nessir-nouveau-pdg-de-la-snipe-la-presse\/205722\/#primaryimage"},"thumbnailUrl":"https:\/\/www.webdo.tn\/fr\/wp-content\/uploads\/2023\/05\/e3efa1e01d13f56781dbb991c59656a3.png","datePublished":"2023-05-15T18:04:00+00:00","dateModified":"2025-05-20T22:43:22+00:00","description":"Le journaliste Chokri Ben Nessir a \u00e9t\u00e9 nomm\u00e9, ce lundi 15 mai 2023, Pr\u00e9sident-directeur g\u00e9n\u00e9ral de la soci\u00e9t\u00e9 nouvelle d'impression, de presse et d'\u00e9dition (SNI...","breadcrumb":{"@id":"https:\/\/www.webdo.tn\/fr\/actualite\/national\/chokri-ben-nessir-nouveau-pdg-de-la-snipe-la-presse\/205722\/#breadcrumb"},"inLanguage":"fr-FR","potentialAction":[{"@type":"ReadAction","target":["https:\/\/www.webdo.tn\/fr\/actualite\/national\/chokri-ben-nessir-nouveau-pdg-de-la-snipe-la-presse\/205722\/"]}]},{"@type":"ImageObject","inLanguage":"fr-FR","@id":"https:\/\/www.webdo.tn\/fr\/actualite\/national\/chokri-ben-nessir-nouveau-pdg-de-la-snipe-la-presse\/205722\/#primaryimage","url":"https:\/\/www.webdo.tn\/fr\/wp-content\/uploads\/2023\/05\/e3efa1e01d13f56781dbb991c59656a3.png","contentUrl":"https:\/\/www.webdo.tn\/fr\/wp-content\/uploads\/2023\/05\/e3efa1e01d13f56781dbb991c59656a3.png","width":750,"height":400,"caption":"Chokri Ben Nessir (\u00e0 droite de l'image)"},{"@type":"BreadcrumbList","@id":"https:\/\/www.webdo.tn\/fr\/actualite\/national\/chokri-ben-nessir-nouveau-pdg-de-la-snipe-la-presse\/205722\/#breadcrumb","itemListElement":[{"@type":"ListItem","position":1,"name":"Accueil","item":"https:\/\/www.webdo.tn\/fr\/"},{"@type":"ListItem","position":2,"name":"Chokri Ben Nessir, nouveau PDG de la SNIPE \u2013 La Presse"}]},{"@type":"WebSite","@id":"https:\/\/www.webdo.tn\/fr\/#website","url":"https:\/\/www.webdo.tn\/fr\/","name":"webdo","description":"Tunisie - News en Tunisie et \u00e0 l&#039;international sur Webdo.tn","publisher":{"@id":"https:\/\/www.webdo.tn\/fr\/#organization"},"potentialAction":[{"@type":"SearchAction","target":{"@type":"EntryPoint","urlTemplate":"https:\/\/www.webdo.tn\/fr\/?s={search_term_string}"},"query-input":{"@type":"PropertyValueSpecification","valueRequired":true,"valueName":"search_term_string"}}],"inLanguage":"fr-FR"},{"@type":"Organization","@id":"https:\/\/www.webdo.tn\/fr\/#organization","name":"Webdo","alternateName":"Webdo.tn","url":"https:\/\/www.webdo.tn\/fr\/","logo":{"@type":"ImageObject","inLanguage":"fr-FR","@id":"https:\/\/www.webdo.tn\/fr\/#\/schema\/logo\/image\/","url":"https:\/\/www.webdo.tn\/fr\/wp-content\/uploads\/2025\/06\/Webdo-Tunisie_168377.jpg","contentUrl":"https:\/\/www.webdo.tn\/fr\/wp-content\/uploads\/2025\/06\/Webdo-Tunisie_168377.jpg","width":301,"height":301,"caption":"Webdo"},"image":{"@id":"https:\/\/www.webdo.tn\/fr\/#\/schema\/logo\/image\/"},"sameAs":["https:\/\/www.facebook.com\/webdotn","https:\/\/x.com\/webdo_tn"],"description":"Webdo est un m\u00e9dia num\u00e9rique tunisien fond\u00e9 en 2010, sp\u00e9cialis\u00e9 dans l\u2019actualit\u00e9 nationale et internationale, l\u2019\u00e9conomie, la soci\u00e9t\u00e9 et les analyses politiques. Le site s\u2019adresse \u00e0 un large public francophone et couvre l\u2019information tunisienne en temps r\u00e9el.","email":"redac@webdo.tn","legalName":"YNJ SARL","foundingDate":"2010-09-06","numberOfEmployees":{"@type":"QuantitativeValue","minValue":"11","maxValue":"50"}},{"@type":"Person","@id":"https:\/\/www.webdo.tn\/fr\/#\/schema\/person\/f35b42a42c5e2511bbd282959d6385cc","name":"CL","image":{"@type":"ImageObject","inLanguage":"fr-FR","@id":"https:\/\/secure.gravatar.com\/avatar\/1447a49909b67aa657c488aec6512e1dd6143a480c1ecfee9b5b5cd74eb3b59e?s=96&d=mm&r=g","url":"https:\/\/secure.gravatar.com\/avatar\/1447a49909b67aa657c488aec6512e1dd6143a480c1ecfee9b5b5cd74eb3b59e?s=96&d=mm&r=g","contentUrl":"https:\/\/secure.gravatar.com\/avatar\/1447a49909b67aa657c488aec6512e1dd6143a480c1ecfee9b5b5cd74eb3b59e?s=96&d=mm&r=g","caption":"CL"},"url":"https:\/\/www.webdo.tn\/fr\/actualite\/author\/cl\/"}]}},"_links":{"self":[{"href":"https:\/\/www.webdo.tn\/fr\/wp-json\/wp\/v2\/posts\/205722","targetHints":{"allow":["GET"]}}],"collection":[{"href":"https:\/\/www.webdo.tn\/fr\/wp-json\/wp\/v2\/posts"}],"about":[{"href":"https:\/\/www.webdo.tn\/fr\/wp-json\/wp\/v2\/types\/post"}],"author":[{"embeddable":true,"href":"https:\/\/www.webdo.tn\/fr\/wp-json\/wp\/v2\/users\/3175"}],"replies":[{"embeddable":true,"href":"https:\/\/www.webdo.tn\/fr\/wp-json\/wp\/v2\/comments?post=205722"}],"version-history":[{"count":0,"href":"https:\/\/www.webdo.tn\/fr\/wp-json\/wp\/v2\/posts\/205722\/revisions"}],"wp:featuredmedia":[{"embeddable":true,"href":"https:\/\/www.webdo.tn\/fr\/wp-json\/wp\/v2\/media\/251149"}],"wp:attachment":[{"href":"https:\/\/www.webdo.tn\/fr\/wp-json\/wp\/v2\/media?parent=205722"}],"wp:term":[{"taxonomy":"category","embeddable":true,"href":"https:\/\/www.webdo.tn\/fr\/wp-json\/wp\/v2\/categories?post=205722"},{"taxonomy":"post_tag","embeddable":true,"href":"https:\/\/www.webdo.tn\/fr\/wp-json\/wp\/v2\/tags?post=205722"}],"curies":[{"name":"wp","href":"https:\/\/api.w.org\/{rel}","templated":true}]}}