{"id":205720,"date":"2023-05-15T15:06:00","date_gmt":"2023-05-15T15:06:00","guid":{"rendered":"https:\/\/www.webdo.tn\/fr\/blog\/plusieurs-routes-fermees-a-la-circulation-a-cause-des-intemperies\/205720\/"},"modified":"2025-05-20T21:59:46","modified_gmt":"2025-05-20T21:59:46","slug":"plusieurs-routes-fermees-a-la-circulation-a-cause-des-intemperies","status":"publish","type":"post","link":"https:\/\/www.webdo.tn\/fr\/actualite\/national\/plusieurs-routes-fermees-a-la-circulation-a-cause-des-intemperies\/205720\/","title":{"rendered":"Plusieurs routes ferm\u00e9es \u00e0 la circulation \u00e0 cause des intemp\u00e9ries"},"content":{"rendered":"<p>La direction g\u00e9n\u00e9rale de la Garde nationale a annonc\u00e9, ce lundi 15 mai 2023, l\u2019interruption du trafic routier sur plusieurs tron\u00e7ons, suite aux pluies diluviennes qui se sont abattues sur le pays ces derni\u00e8res heures.<\/p>\n<p>\t\t\t\t\t\t\t\t\tIl s\u2019agit de la route Oued Serrat &#8211; Tajerouine dans le gouvernorat du Kef ; la route locale num\u00e9ro 840 entre Rtibet et Foussena \u00e0 Kasserine ; la route nationale num\u00e9ro 4 au niveau de la r\u00e9gion de Felalig &#8211; Hidra de Kasserine ;\u00a0 et la route r\u00e9gionale num\u00e9ro 201 Rmissa &#8211; Tamaghza de Tozeur.<\/p>\n<p>A noter \u00e9galement que\u00a0 le comit\u00e9 de lutte contre les catastrophes \u00e0 Siliana a annonc\u00e9 la suspension des cours dans plusieurs \u00e9coles de la r\u00e9gion en raison des pluies diluviennes causant la fermeture d\u2019au moins 16 \u00e9tablissements scolaires, aujourd\u2019hui.<\/p>\n","protected":false},"excerpt":{"rendered":"<p>La direction g\u00e9n\u00e9rale de la Garde nationale a annonc\u00e9, ce lundi 15 mai 2023, l\u2019interruption du trafic routier sur plusieurs tron\u00e7ons, suite aux pluies diluvienn&#8230;<\/p>\n","protected":false},"author":3162,"featured_media":251147,"comment_status":"open","ping_status":"closed","sticky":false,"template":"","format":"standard","meta":{"footnotes":""},"categories":[44],"tags":[2712,3163,4187],"class_list":["post-205720","post","type-post","status-publish","format-standard","has-post-thumbnail","hentry","category-national","tag-intemperies","tag-pluies","tag-routes"],"yoast_head":"<!-- This site is optimized with the Yoast SEO Premium plugin v27.5 (Yoast SEO v27.5) - https:\/\/yoast.com\/product\/yoast-seo-premium-wordpress\/ -->\n<title>Plusieurs routes ferm\u00e9es \u00e0 la circulation \u00e0 cause des intemp\u00e9ries<\/title>\n<meta name=\"description\" content=\"La direction g\u00e9n\u00e9rale de la Garde nationale a annonc\u00e9, ce lundi 15 mai 2023, l\u2019interruption du trafic routier sur plusieurs tron\u00e7ons, suite aux pluies diluvienn...\" \/>\n<link rel=\"canonical\" href=\"https:\/\/www.webdo.tn\/fr\/actualite\/national\/plusieurs-routes-fermees-a-la-circulation-a-cause-des-intemperies\/205720\/\" \/>\n<meta property=\"og:locale\" content=\"fr_FR\" \/>\n<meta property=\"og:type\" content=\"article\" \/>\n<meta property=\"og:title\" content=\"Plusieurs routes ferm\u00e9es \u00e0 la circulation \u00e0 cause des intemp\u00e9ries\" \/>\n<meta property=\"og:description\" content=\"La direction g\u00e9n\u00e9rale de la Garde nationale a annonc\u00e9, ce lundi 15 mai 2023, l\u2019interruption du trafic routier sur plusieurs tron\u00e7ons, suite aux pluies diluvienn...\" \/>\n<meta property=\"og:url\" content=\"https:\/\/www.webdo.tn\/fr\/actualite\/national\/plusieurs-routes-fermees-a-la-circulation-a-cause-des-intemperies\/205720\/\" \/>\n<meta property=\"og:site_name\" content=\"webdo\" \/>\n<meta property=\"article:publisher\" content=\"https:\/\/www.facebook.com\/webdotn\" \/>\n<meta property=\"article:published_time\" content=\"2023-05-15T15:06:00+00:00\" \/>\n<meta property=\"article:modified_time\" content=\"2025-05-20T21:59:46+00:00\" \/>\n<meta property=\"og:image\" content=\"https:\/\/www.webdo.tn\/fr\/wp-content\/uploads\/2023\/05\/f0f5c2c59c0d5419bf47397003820b56.jpg\" \/>\n\t<meta property=\"og:image:width\" content=\"480\" \/>\n\t<meta property=\"og:image:height\" content=\"256\" \/>\n\t<meta property=\"og:image:type\" content=\"image\/jpeg\" \/>\n<meta name=\"author\" content=\"MC\" \/>\n<meta name=\"twitter:card\" content=\"summary_large_image\" \/>\n<meta name=\"twitter:creator\" content=\"@webdo_tn\" \/>\n<meta name=\"twitter:site\" content=\"@webdo_tn\" \/>\n<meta name=\"twitter:label1\" content=\"\u00c9crit par\" \/>\n\t<meta name=\"twitter:data1\" content=\"MC\" \/>\n\t<meta name=\"twitter:label2\" content=\"Dur\u00e9e de lecture estim\u00e9e\" \/>\n\t<meta name=\"twitter:data2\" content=\"1 minute\" \/>\n<script type=\"application\/ld+json\" class=\"yoast-schema-graph\">{\"@context\":\"https:\\\/\\\/schema.org\",\"@graph\":[{\"@type\":\"NewsArticle\",\"@id\":\"https:\\\/\\\/www.webdo.tn\\\/fr\\\/actualite\\\/national\\\/plusieurs-routes-fermees-a-la-circulation-a-cause-des-intemperies\\\/205720\\\/#article\",\"isPartOf\":{\"@id\":\"https:\\\/\\\/www.webdo.tn\\\/fr\\\/actualite\\\/national\\\/plusieurs-routes-fermees-a-la-circulation-a-cause-des-intemperies\\\/205720\\\/\"},\"author\":{\"name\":\"MC\",\"@id\":\"https:\\\/\\\/www.webdo.tn\\\/fr\\\/#\\\/schema\\\/person\\\/2c4929cbf5a809e3bd38617c6ce150f6\"},\"headline\":\"Plusieurs routes ferm\u00e9es \u00e0 la circulation \u00e0 cause des intemp\u00e9ries\",\"datePublished\":\"2023-05-15T15:06:00+00:00\",\"dateModified\":\"2025-05-20T21:59:46+00:00\",\"mainEntityOfPage\":{\"@id\":\"https:\\\/\\\/www.webdo.tn\\\/fr\\\/actualite\\\/national\\\/plusieurs-routes-fermees-a-la-circulation-a-cause-des-intemperies\\\/205720\\\/\"},\"wordCount\":142,\"commentCount\":0,\"publisher\":{\"@id\":\"https:\\\/\\\/www.webdo.tn\\\/fr\\\/#organization\"},\"image\":{\"@id\":\"https:\\\/\\\/www.webdo.tn\\\/fr\\\/actualite\\\/national\\\/plusieurs-routes-fermees-a-la-circulation-a-cause-des-intemperies\\\/205720\\\/#primaryimage\"},\"thumbnailUrl\":\"https:\\\/\\\/www.webdo.tn\\\/fr\\\/wp-content\\\/uploads\\\/2023\\\/05\\\/f0f5c2c59c0d5419bf47397003820b56.jpg\",\"keywords\":[\"Intemp\u00e9ries\",\"pluies\",\"routes\"],\"articleSection\":[\"National\"],\"inLanguage\":\"fr-FR\"},{\"@type\":\"WebPage\",\"@id\":\"https:\\\/\\\/www.webdo.tn\\\/fr\\\/actualite\\\/national\\\/plusieurs-routes-fermees-a-la-circulation-a-cause-des-intemperies\\\/205720\\\/\",\"url\":\"https:\\\/\\\/www.webdo.tn\\\/fr\\\/actualite\\\/national\\\/plusieurs-routes-fermees-a-la-circulation-a-cause-des-intemperies\\\/205720\\\/\",\"name\":\"Plusieurs routes ferm\u00e9es \u00e0 la circulation \u00e0 cause des intemp\u00e9ries\",\"isPartOf\":{\"@id\":\"https:\\\/\\\/www.webdo.tn\\\/fr\\\/#website\"},\"primaryImageOfPage\":{\"@id\":\"https:\\\/\\\/www.webdo.tn\\\/fr\\\/actualite\\\/national\\\/plusieurs-routes-fermees-a-la-circulation-a-cause-des-intemperies\\\/205720\\\/#primaryimage\"},\"image\":{\"@id\":\"https:\\\/\\\/www.webdo.tn\\\/fr\\\/actualite\\\/national\\\/plusieurs-routes-fermees-a-la-circulation-a-cause-des-intemperies\\\/205720\\\/#primaryimage\"},\"thumbnailUrl\":\"https:\\\/\\\/www.webdo.tn\\\/fr\\\/wp-content\\\/uploads\\\/2023\\\/05\\\/f0f5c2c59c0d5419bf47397003820b56.jpg\",\"datePublished\":\"2023-05-15T15:06:00+00:00\",\"dateModified\":\"2025-05-20T21:59:46+00:00\",\"description\":\"La direction g\u00e9n\u00e9rale de la Garde nationale a annonc\u00e9, ce lundi 15 mai 2023, l\u2019interruption du trafic routier sur plusieurs tron\u00e7ons, suite aux pluies diluvienn...\",\"breadcrumb\":{\"@id\":\"https:\\\/\\\/www.webdo.tn\\\/fr\\\/actualite\\\/national\\\/plusieurs-routes-fermees-a-la-circulation-a-cause-des-intemperies\\\/205720\\\/#breadcrumb\"},\"inLanguage\":\"fr-FR\",\"potentialAction\":[{\"@type\":\"ReadAction\",\"target\":[\"https:\\\/\\\/www.webdo.tn\\\/fr\\\/actualite\\\/national\\\/plusieurs-routes-fermees-a-la-circulation-a-cause-des-intemperies\\\/205720\\\/\"]}]},{\"@type\":\"ImageObject\",\"inLanguage\":\"fr-FR\",\"@id\":\"https:\\\/\\\/www.webdo.tn\\\/fr\\\/actualite\\\/national\\\/plusieurs-routes-fermees-a-la-circulation-a-cause-des-intemperies\\\/205720\\\/#primaryimage\",\"url\":\"https:\\\/\\\/www.webdo.tn\\\/fr\\\/wp-content\\\/uploads\\\/2023\\\/05\\\/f0f5c2c59c0d5419bf47397003820b56.jpg\",\"contentUrl\":\"https:\\\/\\\/www.webdo.tn\\\/fr\\\/wp-content\\\/uploads\\\/2023\\\/05\\\/f0f5c2c59c0d5419bf47397003820b56.jpg\",\"width\":480,\"height\":256,\"caption\":\"Plusieurs routes ferm\u00e9es \u00e0 la circulation \u00e0 cause des intemp\u00e9ries\"},{\"@type\":\"BreadcrumbList\",\"@id\":\"https:\\\/\\\/www.webdo.tn\\\/fr\\\/actualite\\\/national\\\/plusieurs-routes-fermees-a-la-circulation-a-cause-des-intemperies\\\/205720\\\/#breadcrumb\",\"itemListElement\":[{\"@type\":\"ListItem\",\"position\":1,\"name\":\"Accueil\",\"item\":\"https:\\\/\\\/www.webdo.tn\\\/fr\\\/\"},{\"@type\":\"ListItem\",\"position\":2,\"name\":\"Plusieurs routes ferm\u00e9es \u00e0 la circulation \u00e0 cause des intemp\u00e9ries\"}]},{\"@type\":\"WebSite\",\"@id\":\"https:\\\/\\\/www.webdo.tn\\\/fr\\\/#website\",\"url\":\"https:\\\/\\\/www.webdo.tn\\\/fr\\\/\",\"name\":\"webdo\",\"description\":\"Tunisie - News en Tunisie et \u00e0 l&#039;international sur Webdo.tn\",\"publisher\":{\"@id\":\"https:\\\/\\\/www.webdo.tn\\\/fr\\\/#organization\"},\"potentialAction\":[{\"@type\":\"SearchAction\",\"target\":{\"@type\":\"EntryPoint\",\"urlTemplate\":\"https:\\\/\\\/www.webdo.tn\\\/fr\\\/?s={search_term_string}\"},\"query-input\":{\"@type\":\"PropertyValueSpecification\",\"valueRequired\":true,\"valueName\":\"search_term_string\"}}],\"inLanguage\":\"fr-FR\"},{\"@type\":\"Organization\",\"@id\":\"https:\\\/\\\/www.webdo.tn\\\/fr\\\/#organization\",\"name\":\"Webdo\",\"alternateName\":\"Webdo.tn\",\"url\":\"https:\\\/\\\/www.webdo.tn\\\/fr\\\/\",\"logo\":{\"@type\":\"ImageObject\",\"inLanguage\":\"fr-FR\",\"@id\":\"https:\\\/\\\/www.webdo.tn\\\/fr\\\/#\\\/schema\\\/logo\\\/image\\\/\",\"url\":\"https:\\\/\\\/www.webdo.tn\\\/fr\\\/wp-content\\\/uploads\\\/2025\\\/06\\\/Webdo-Tunisie_168377.jpg\",\"contentUrl\":\"https:\\\/\\\/www.webdo.tn\\\/fr\\\/wp-content\\\/uploads\\\/2025\\\/06\\\/Webdo-Tunisie_168377.jpg\",\"width\":301,\"height\":301,\"caption\":\"Webdo\"},\"image\":{\"@id\":\"https:\\\/\\\/www.webdo.tn\\\/fr\\\/#\\\/schema\\\/logo\\\/image\\\/\"},\"sameAs\":[\"https:\\\/\\\/www.facebook.com\\\/webdotn\",\"https:\\\/\\\/x.com\\\/webdo_tn\"],\"description\":\"Webdo est un m\u00e9dia num\u00e9rique tunisien fond\u00e9 en 2010, sp\u00e9cialis\u00e9 dans l\u2019actualit\u00e9 nationale et internationale, l\u2019\u00e9conomie, la soci\u00e9t\u00e9 et les analyses politiques. Le site s\u2019adresse \u00e0 un large public francophone et couvre l\u2019information tunisienne en temps r\u00e9el.\",\"email\":\"redac@webdo.tn\",\"legalName\":\"YNJ SARL\",\"foundingDate\":\"2010-09-06\",\"numberOfEmployees\":{\"@type\":\"QuantitativeValue\",\"minValue\":\"11\",\"maxValue\":\"50\"}},{\"@type\":\"Person\",\"@id\":\"https:\\\/\\\/www.webdo.tn\\\/fr\\\/#\\\/schema\\\/person\\\/2c4929cbf5a809e3bd38617c6ce150f6\",\"name\":\"MC\",\"image\":{\"@type\":\"ImageObject\",\"inLanguage\":\"fr-FR\",\"@id\":\"https:\\\/\\\/secure.gravatar.com\\\/avatar\\\/a545bbb6f84efdd5553dbbc2895e3ca8f1d12c5215e00a041c9670b54aa9b18a?s=96&d=mm&r=g\",\"url\":\"https:\\\/\\\/secure.gravatar.com\\\/avatar\\\/a545bbb6f84efdd5553dbbc2895e3ca8f1d12c5215e00a041c9670b54aa9b18a?s=96&d=mm&r=g\",\"contentUrl\":\"https:\\\/\\\/secure.gravatar.com\\\/avatar\\\/a545bbb6f84efdd5553dbbc2895e3ca8f1d12c5215e00a041c9670b54aa9b18a?s=96&d=mm&r=g\",\"caption\":\"MC\"},\"url\":\"https:\\\/\\\/www.webdo.tn\\\/fr\\\/actualite\\\/author\\\/mc\\\/\"}]}<\/script>\n<!-- \/ Yoast SEO Premium plugin. -->","yoast_head_json":{"title":"Plusieurs routes ferm\u00e9es \u00e0 la circulation \u00e0 cause des intemp\u00e9ries","description":"La direction g\u00e9n\u00e9rale de la Garde nationale a annonc\u00e9, ce lundi 15 mai 2023, l\u2019interruption du trafic routier sur plusieurs tron\u00e7ons, suite aux pluies diluvienn...","canonical":"https:\/\/www.webdo.tn\/fr\/actualite\/national\/plusieurs-routes-fermees-a-la-circulation-a-cause-des-intemperies\/205720\/","og_locale":"fr_FR","og_type":"article","og_title":"Plusieurs routes ferm\u00e9es \u00e0 la circulation \u00e0 cause des intemp\u00e9ries","og_description":"La direction g\u00e9n\u00e9rale de la Garde nationale a annonc\u00e9, ce lundi 15 mai 2023, l\u2019interruption du trafic routier sur plusieurs tron\u00e7ons, suite aux pluies diluvienn...","og_url":"https:\/\/www.webdo.tn\/fr\/actualite\/national\/plusieurs-routes-fermees-a-la-circulation-a-cause-des-intemperies\/205720\/","og_site_name":"webdo","article_publisher":"https:\/\/www.facebook.com\/webdotn","article_published_time":"2023-05-15T15:06:00+00:00","article_modified_time":"2025-05-20T21:59:46+00:00","og_image":[{"width":480,"height":256,"url":"https:\/\/www.webdo.tn\/fr\/wp-content\/uploads\/2023\/05\/f0f5c2c59c0d5419bf47397003820b56.jpg","type":"image\/jpeg"}],"author":"MC","twitter_card":"summary_large_image","twitter_creator":"@webdo_tn","twitter_site":"@webdo_tn","twitter_misc":{"\u00c9crit par":"MC","Dur\u00e9e de lecture estim\u00e9e":"1 minute"},"schema":{"@context":"https:\/\/schema.org","@graph":[{"@type":"NewsArticle","@id":"https:\/\/www.webdo.tn\/fr\/actualite\/national\/plusieurs-routes-fermees-a-la-circulation-a-cause-des-intemperies\/205720\/#article","isPartOf":{"@id":"https:\/\/www.webdo.tn\/fr\/actualite\/national\/plusieurs-routes-fermees-a-la-circulation-a-cause-des-intemperies\/205720\/"},"author":{"name":"MC","@id":"https:\/\/www.webdo.tn\/fr\/#\/schema\/person\/2c4929cbf5a809e3bd38617c6ce150f6"},"headline":"Plusieurs routes ferm\u00e9es \u00e0 la circulation \u00e0 cause des intemp\u00e9ries","datePublished":"2023-05-15T15:06:00+00:00","dateModified":"2025-05-20T21:59:46+00:00","mainEntityOfPage":{"@id":"https:\/\/www.webdo.tn\/fr\/actualite\/national\/plusieurs-routes-fermees-a-la-circulation-a-cause-des-intemperies\/205720\/"},"wordCount":142,"commentCount":0,"publisher":{"@id":"https:\/\/www.webdo.tn\/fr\/#organization"},"image":{"@id":"https:\/\/www.webdo.tn\/fr\/actualite\/national\/plusieurs-routes-fermees-a-la-circulation-a-cause-des-intemperies\/205720\/#primaryimage"},"thumbnailUrl":"https:\/\/www.webdo.tn\/fr\/wp-content\/uploads\/2023\/05\/f0f5c2c59c0d5419bf47397003820b56.jpg","keywords":["Intemp\u00e9ries","pluies","routes"],"articleSection":["National"],"inLanguage":"fr-FR"},{"@type":"WebPage","@id":"https:\/\/www.webdo.tn\/fr\/actualite\/national\/plusieurs-routes-fermees-a-la-circulation-a-cause-des-intemperies\/205720\/","url":"https:\/\/www.webdo.tn\/fr\/actualite\/national\/plusieurs-routes-fermees-a-la-circulation-a-cause-des-intemperies\/205720\/","name":"Plusieurs routes ferm\u00e9es \u00e0 la circulation \u00e0 cause des intemp\u00e9ries","isPartOf":{"@id":"https:\/\/www.webdo.tn\/fr\/#website"},"primaryImageOfPage":{"@id":"https:\/\/www.webdo.tn\/fr\/actualite\/national\/plusieurs-routes-fermees-a-la-circulation-a-cause-des-intemperies\/205720\/#primaryimage"},"image":{"@id":"https:\/\/www.webdo.tn\/fr\/actualite\/national\/plusieurs-routes-fermees-a-la-circulation-a-cause-des-intemperies\/205720\/#primaryimage"},"thumbnailUrl":"https:\/\/www.webdo.tn\/fr\/wp-content\/uploads\/2023\/05\/f0f5c2c59c0d5419bf47397003820b56.jpg","datePublished":"2023-05-15T15:06:00+00:00","dateModified":"2025-05-20T21:59:46+00:00","description":"La direction g\u00e9n\u00e9rale de la Garde nationale a annonc\u00e9, ce lundi 15 mai 2023, l\u2019interruption du trafic routier sur plusieurs tron\u00e7ons, suite aux pluies diluvienn...","breadcrumb":{"@id":"https:\/\/www.webdo.tn\/fr\/actualite\/national\/plusieurs-routes-fermees-a-la-circulation-a-cause-des-intemperies\/205720\/#breadcrumb"},"inLanguage":"fr-FR","potentialAction":[{"@type":"ReadAction","target":["https:\/\/www.webdo.tn\/fr\/actualite\/national\/plusieurs-routes-fermees-a-la-circulation-a-cause-des-intemperies\/205720\/"]}]},{"@type":"ImageObject","inLanguage":"fr-FR","@id":"https:\/\/www.webdo.tn\/fr\/actualite\/national\/plusieurs-routes-fermees-a-la-circulation-a-cause-des-intemperies\/205720\/#primaryimage","url":"https:\/\/www.webdo.tn\/fr\/wp-content\/uploads\/2023\/05\/f0f5c2c59c0d5419bf47397003820b56.jpg","contentUrl":"https:\/\/www.webdo.tn\/fr\/wp-content\/uploads\/2023\/05\/f0f5c2c59c0d5419bf47397003820b56.jpg","width":480,"height":256,"caption":"Plusieurs routes ferm\u00e9es \u00e0 la circulation \u00e0 cause des intemp\u00e9ries"},{"@type":"BreadcrumbList","@id":"https:\/\/www.webdo.tn\/fr\/actualite\/national\/plusieurs-routes-fermees-a-la-circulation-a-cause-des-intemperies\/205720\/#breadcrumb","itemListElement":[{"@type":"ListItem","position":1,"name":"Accueil","item":"https:\/\/www.webdo.tn\/fr\/"},{"@type":"ListItem","position":2,"name":"Plusieurs routes ferm\u00e9es \u00e0 la circulation \u00e0 cause des intemp\u00e9ries"}]},{"@type":"WebSite","@id":"https:\/\/www.webdo.tn\/fr\/#website","url":"https:\/\/www.webdo.tn\/fr\/","name":"webdo","description":"Tunisie - News en Tunisie et \u00e0 l&#039;international sur Webdo.tn","publisher":{"@id":"https:\/\/www.webdo.tn\/fr\/#organization"},"potentialAction":[{"@type":"SearchAction","target":{"@type":"EntryPoint","urlTemplate":"https:\/\/www.webdo.tn\/fr\/?s={search_term_string}"},"query-input":{"@type":"PropertyValueSpecification","valueRequired":true,"valueName":"search_term_string"}}],"inLanguage":"fr-FR"},{"@type":"Organization","@id":"https:\/\/www.webdo.tn\/fr\/#organization","name":"Webdo","alternateName":"Webdo.tn","url":"https:\/\/www.webdo.tn\/fr\/","logo":{"@type":"ImageObject","inLanguage":"fr-FR","@id":"https:\/\/www.webdo.tn\/fr\/#\/schema\/logo\/image\/","url":"https:\/\/www.webdo.tn\/fr\/wp-content\/uploads\/2025\/06\/Webdo-Tunisie_168377.jpg","contentUrl":"https:\/\/www.webdo.tn\/fr\/wp-content\/uploads\/2025\/06\/Webdo-Tunisie_168377.jpg","width":301,"height":301,"caption":"Webdo"},"image":{"@id":"https:\/\/www.webdo.tn\/fr\/#\/schema\/logo\/image\/"},"sameAs":["https:\/\/www.facebook.com\/webdotn","https:\/\/x.com\/webdo_tn"],"description":"Webdo est un m\u00e9dia num\u00e9rique tunisien fond\u00e9 en 2010, sp\u00e9cialis\u00e9 dans l\u2019actualit\u00e9 nationale et internationale, l\u2019\u00e9conomie, la soci\u00e9t\u00e9 et les analyses politiques. Le site s\u2019adresse \u00e0 un large public francophone et couvre l\u2019information tunisienne en temps r\u00e9el.","email":"redac@webdo.tn","legalName":"YNJ SARL","foundingDate":"2010-09-06","numberOfEmployees":{"@type":"QuantitativeValue","minValue":"11","maxValue":"50"}},{"@type":"Person","@id":"https:\/\/www.webdo.tn\/fr\/#\/schema\/person\/2c4929cbf5a809e3bd38617c6ce150f6","name":"MC","image":{"@type":"ImageObject","inLanguage":"fr-FR","@id":"https:\/\/secure.gravatar.com\/avatar\/a545bbb6f84efdd5553dbbc2895e3ca8f1d12c5215e00a041c9670b54aa9b18a?s=96&d=mm&r=g","url":"https:\/\/secure.gravatar.com\/avatar\/a545bbb6f84efdd5553dbbc2895e3ca8f1d12c5215e00a041c9670b54aa9b18a?s=96&d=mm&r=g","contentUrl":"https:\/\/secure.gravatar.com\/avatar\/a545bbb6f84efdd5553dbbc2895e3ca8f1d12c5215e00a041c9670b54aa9b18a?s=96&d=mm&r=g","caption":"MC"},"url":"https:\/\/www.webdo.tn\/fr\/actualite\/author\/mc\/"}]}},"_links":{"self":[{"href":"https:\/\/www.webdo.tn\/fr\/wp-json\/wp\/v2\/posts\/205720","targetHints":{"allow":["GET"]}}],"collection":[{"href":"https:\/\/www.webdo.tn\/fr\/wp-json\/wp\/v2\/posts"}],"about":[{"href":"https:\/\/www.webdo.tn\/fr\/wp-json\/wp\/v2\/types\/post"}],"author":[{"embeddable":true,"href":"https:\/\/www.webdo.tn\/fr\/wp-json\/wp\/v2\/users\/3162"}],"replies":[{"embeddable":true,"href":"https:\/\/www.webdo.tn\/fr\/wp-json\/wp\/v2\/comments?post=205720"}],"version-history":[{"count":0,"href":"https:\/\/www.webdo.tn\/fr\/wp-json\/wp\/v2\/posts\/205720\/revisions"}],"wp:featuredmedia":[{"embeddable":true,"href":"https:\/\/www.webdo.tn\/fr\/wp-json\/wp\/v2\/media\/251147"}],"wp:attachment":[{"href":"https:\/\/www.webdo.tn\/fr\/wp-json\/wp\/v2\/media?parent=205720"}],"wp:term":[{"taxonomy":"category","embeddable":true,"href":"https:\/\/www.webdo.tn\/fr\/wp-json\/wp\/v2\/categories?post=205720"},{"taxonomy":"post_tag","embeddable":true,"href":"https:\/\/www.webdo.tn\/fr\/wp-json\/wp\/v2\/tags?post=205720"}],"curies":[{"name":"wp","href":"https:\/\/api.w.org\/{rel}","templated":true}]}}