{"id":205719,"date":"2023-05-15T14:50:00","date_gmt":"2023-05-15T14:50:00","guid":{"rendered":"https:\/\/www.webdo.tn\/fr\/blog\/croissance-economique-de-2-1-au-premier-trimestre-2023\/205719\/"},"modified":"2025-05-20T21:59:46","modified_gmt":"2025-05-20T21:59:46","slug":"croissance-economique-de-2-1-au-premier-trimestre-2023","status":"publish","type":"post","link":"https:\/\/www.webdo.tn\/fr\/actualite\/national\/croissance-economique-de-2-1-au-premier-trimestre-2023\/205719\/","title":{"rendered":"Croissance \u00e9conomique de 2,1% au premier trimestre 2023"},"content":{"rendered":"<p>La Tunisie a enregistr\u00e9 une croissance du produit int\u00e9rieur brut en volume (corrig\u00e9 de l&rsquo;effet des variations saisonni\u00e8res) de 2,1% au cours du premier trimestre de l\u2019ann\u00e9e 2023, par rapport au premier trimestre de l\u2019ann\u00e9e 2022.<\/p>\n<p>\t\t\t\t\t\t\t\t\tSelon les estimations pr\u00e9liminaires, publi\u00e9es, ce lundi 15 mai 2023, par l\u2019Institut national de la statistique, il s\u2019agit d\u2019une am\u00e9lioration de la croissance par rapport au trimestre pr\u00e9c\u00e9dent (1,8 %),<\/p>\n<p>En termes de variations trimestrielles (c&rsquo;est-\u00e0-dire par rapport au quatri\u00e8me et dernier trimestre de l&rsquo;ann\u00e9e 2022), le volume du PIB a augment\u00e9 de 0,8 %, alors qu&rsquo;il avait augment\u00e9 de presque le m\u00eame pourcentage au cours du trimestre pr\u00e9c\u00e9dent (0,7 %).<\/p>\n","protected":false},"excerpt":{"rendered":"<p>La Tunisie a enregistr\u00e9 une croissance du produit int\u00e9rieur brut en volume (corrig\u00e9 de l&rsquo;effet des variations saisonni\u00e8res) de 2,1% au cours du premier trimestr&#8230;<\/p>\n","protected":false},"author":3162,"featured_media":251146,"comment_status":"open","ping_status":"closed","sticky":false,"template":"","format":"standard","meta":{"footnotes":""},"categories":[44],"tags":[3854,4004,2608],"class_list":["post-205719","post","type-post","status-publish","format-standard","has-post-thumbnail","hentry","category-national","tag-croissance","tag-pib","tag-tunisie"],"yoast_head":"<!-- This site is optimized with the Yoast SEO Premium plugin v27.4 (Yoast SEO v27.5) - https:\/\/yoast.com\/product\/yoast-seo-premium-wordpress\/ -->\n<title>Croissance \u00e9conomique de 2,1% au premier trimestre 2023<\/title>\n<meta name=\"description\" content=\"La Tunisie a enregistr\u00e9 une croissance du produit int\u00e9rieur brut en volume (corrig\u00e9 de l&#039;effet des variations saisonni\u00e8res) de 2,1% au cours du premier trimestr...\" \/>\n<link rel=\"canonical\" href=\"https:\/\/www.webdo.tn\/fr\/actualite\/national\/croissance-economique-de-2-1-au-premier-trimestre-2023\/205719\/\" \/>\n<meta property=\"og:locale\" content=\"fr_FR\" \/>\n<meta property=\"og:type\" content=\"article\" \/>\n<meta property=\"og:title\" content=\"Croissance \u00e9conomique de 2,1% au premier trimestre 2023\" \/>\n<meta property=\"og:description\" content=\"La Tunisie a enregistr\u00e9 une croissance du produit int\u00e9rieur brut en volume (corrig\u00e9 de l&#039;effet des variations saisonni\u00e8res) de 2,1% au cours du premier trimestr...\" \/>\n<meta property=\"og:url\" content=\"https:\/\/www.webdo.tn\/fr\/actualite\/national\/croissance-economique-de-2-1-au-premier-trimestre-2023\/205719\/\" \/>\n<meta property=\"og:site_name\" content=\"webdo\" \/>\n<meta property=\"article:publisher\" content=\"https:\/\/www.facebook.com\/webdotn\" \/>\n<meta property=\"article:published_time\" content=\"2023-05-15T14:50:00+00:00\" \/>\n<meta property=\"article:modified_time\" content=\"2025-05-20T21:59:46+00:00\" \/>\n<meta property=\"og:image\" content=\"https:\/\/www.webdo.tn\/fr\/wp-content\/uploads\/2023\/05\/1c376d2e801d55277b32858859a080c9.jpg\" \/>\n\t<meta property=\"og:image:width\" content=\"750\" \/>\n\t<meta property=\"og:image:height\" content=\"400\" \/>\n\t<meta property=\"og:image:type\" content=\"image\/jpeg\" \/>\n<meta name=\"author\" content=\"MC\" \/>\n<meta name=\"twitter:card\" content=\"summary_large_image\" \/>\n<meta name=\"twitter:creator\" content=\"@webdo_tn\" \/>\n<meta name=\"twitter:site\" content=\"@webdo_tn\" \/>\n<meta name=\"twitter:label1\" content=\"\u00c9crit par\" \/>\n\t<meta name=\"twitter:data1\" content=\"MC\" \/>\n\t<meta name=\"twitter:label2\" content=\"Dur\u00e9e de lecture estim\u00e9e\" \/>\n\t<meta name=\"twitter:data2\" content=\"1 minute\" \/>\n<script type=\"application\/ld+json\" class=\"yoast-schema-graph\">{\"@context\":\"https:\\\/\\\/schema.org\",\"@graph\":[{\"@type\":\"NewsArticle\",\"@id\":\"https:\\\/\\\/www.webdo.tn\\\/fr\\\/actualite\\\/national\\\/croissance-economique-de-2-1-au-premier-trimestre-2023\\\/205719\\\/#article\",\"isPartOf\":{\"@id\":\"https:\\\/\\\/www.webdo.tn\\\/fr\\\/actualite\\\/national\\\/croissance-economique-de-2-1-au-premier-trimestre-2023\\\/205719\\\/\"},\"author\":{\"name\":\"MC\",\"@id\":\"https:\\\/\\\/www.webdo.tn\\\/fr\\\/#\\\/schema\\\/person\\\/2c4929cbf5a809e3bd38617c6ce150f6\"},\"headline\":\"Croissance \u00e9conomique de 2,1% au premier trimestre 2023\",\"datePublished\":\"2023-05-15T14:50:00+00:00\",\"dateModified\":\"2025-05-20T21:59:46+00:00\",\"mainEntityOfPage\":{\"@id\":\"https:\\\/\\\/www.webdo.tn\\\/fr\\\/actualite\\\/national\\\/croissance-economique-de-2-1-au-premier-trimestre-2023\\\/205719\\\/\"},\"wordCount\":125,\"commentCount\":0,\"publisher\":{\"@id\":\"https:\\\/\\\/www.webdo.tn\\\/fr\\\/#organization\"},\"image\":{\"@id\":\"https:\\\/\\\/www.webdo.tn\\\/fr\\\/actualite\\\/national\\\/croissance-economique-de-2-1-au-premier-trimestre-2023\\\/205719\\\/#primaryimage\"},\"thumbnailUrl\":\"https:\\\/\\\/www.webdo.tn\\\/fr\\\/wp-content\\\/uploads\\\/2023\\\/05\\\/1c376d2e801d55277b32858859a080c9.jpg\",\"keywords\":[\"Croissance\",\"PIB\",\"Tunisie\"],\"articleSection\":[\"National\"],\"inLanguage\":\"fr-FR\"},{\"@type\":\"WebPage\",\"@id\":\"https:\\\/\\\/www.webdo.tn\\\/fr\\\/actualite\\\/national\\\/croissance-economique-de-2-1-au-premier-trimestre-2023\\\/205719\\\/\",\"url\":\"https:\\\/\\\/www.webdo.tn\\\/fr\\\/actualite\\\/national\\\/croissance-economique-de-2-1-au-premier-trimestre-2023\\\/205719\\\/\",\"name\":\"Croissance \u00e9conomique de 2,1% au premier trimestre 2023\",\"isPartOf\":{\"@id\":\"https:\\\/\\\/www.webdo.tn\\\/fr\\\/#website\"},\"primaryImageOfPage\":{\"@id\":\"https:\\\/\\\/www.webdo.tn\\\/fr\\\/actualite\\\/national\\\/croissance-economique-de-2-1-au-premier-trimestre-2023\\\/205719\\\/#primaryimage\"},\"image\":{\"@id\":\"https:\\\/\\\/www.webdo.tn\\\/fr\\\/actualite\\\/national\\\/croissance-economique-de-2-1-au-premier-trimestre-2023\\\/205719\\\/#primaryimage\"},\"thumbnailUrl\":\"https:\\\/\\\/www.webdo.tn\\\/fr\\\/wp-content\\\/uploads\\\/2023\\\/05\\\/1c376d2e801d55277b32858859a080c9.jpg\",\"datePublished\":\"2023-05-15T14:50:00+00:00\",\"dateModified\":\"2025-05-20T21:59:46+00:00\",\"description\":\"La Tunisie a enregistr\u00e9 une croissance du produit int\u00e9rieur brut en volume (corrig\u00e9 de l'effet des variations saisonni\u00e8res) de 2,1% au cours du premier trimestr...\",\"breadcrumb\":{\"@id\":\"https:\\\/\\\/www.webdo.tn\\\/fr\\\/actualite\\\/national\\\/croissance-economique-de-2-1-au-premier-trimestre-2023\\\/205719\\\/#breadcrumb\"},\"inLanguage\":\"fr-FR\",\"potentialAction\":[{\"@type\":\"ReadAction\",\"target\":[\"https:\\\/\\\/www.webdo.tn\\\/fr\\\/actualite\\\/national\\\/croissance-economique-de-2-1-au-premier-trimestre-2023\\\/205719\\\/\"]}]},{\"@type\":\"ImageObject\",\"inLanguage\":\"fr-FR\",\"@id\":\"https:\\\/\\\/www.webdo.tn\\\/fr\\\/actualite\\\/national\\\/croissance-economique-de-2-1-au-premier-trimestre-2023\\\/205719\\\/#primaryimage\",\"url\":\"https:\\\/\\\/www.webdo.tn\\\/fr\\\/wp-content\\\/uploads\\\/2023\\\/05\\\/1c376d2e801d55277b32858859a080c9.jpg\",\"contentUrl\":\"https:\\\/\\\/www.webdo.tn\\\/fr\\\/wp-content\\\/uploads\\\/2023\\\/05\\\/1c376d2e801d55277b32858859a080c9.jpg\",\"width\":750,\"height\":400,\"caption\":\"Croissance \u00e9conomique de 2,1% au premier trimestre 2023\"},{\"@type\":\"BreadcrumbList\",\"@id\":\"https:\\\/\\\/www.webdo.tn\\\/fr\\\/actualite\\\/national\\\/croissance-economique-de-2-1-au-premier-trimestre-2023\\\/205719\\\/#breadcrumb\",\"itemListElement\":[{\"@type\":\"ListItem\",\"position\":1,\"name\":\"Accueil\",\"item\":\"https:\\\/\\\/www.webdo.tn\\\/fr\\\/\"},{\"@type\":\"ListItem\",\"position\":2,\"name\":\"Croissance \u00e9conomique de 2,1% au premier trimestre 2023\"}]},{\"@type\":\"WebSite\",\"@id\":\"https:\\\/\\\/www.webdo.tn\\\/fr\\\/#website\",\"url\":\"https:\\\/\\\/www.webdo.tn\\\/fr\\\/\",\"name\":\"webdo\",\"description\":\"Tunisie - News en Tunisie et \u00e0 l&#039;international sur Webdo.tn\",\"publisher\":{\"@id\":\"https:\\\/\\\/www.webdo.tn\\\/fr\\\/#organization\"},\"potentialAction\":[{\"@type\":\"SearchAction\",\"target\":{\"@type\":\"EntryPoint\",\"urlTemplate\":\"https:\\\/\\\/www.webdo.tn\\\/fr\\\/?s={search_term_string}\"},\"query-input\":{\"@type\":\"PropertyValueSpecification\",\"valueRequired\":true,\"valueName\":\"search_term_string\"}}],\"inLanguage\":\"fr-FR\"},{\"@type\":\"Organization\",\"@id\":\"https:\\\/\\\/www.webdo.tn\\\/fr\\\/#organization\",\"name\":\"Webdo\",\"alternateName\":\"Webdo.tn\",\"url\":\"https:\\\/\\\/www.webdo.tn\\\/fr\\\/\",\"logo\":{\"@type\":\"ImageObject\",\"inLanguage\":\"fr-FR\",\"@id\":\"https:\\\/\\\/www.webdo.tn\\\/fr\\\/#\\\/schema\\\/logo\\\/image\\\/\",\"url\":\"https:\\\/\\\/www.webdo.tn\\\/fr\\\/wp-content\\\/uploads\\\/2025\\\/06\\\/Webdo-Tunisie_168377.jpg\",\"contentUrl\":\"https:\\\/\\\/www.webdo.tn\\\/fr\\\/wp-content\\\/uploads\\\/2025\\\/06\\\/Webdo-Tunisie_168377.jpg\",\"width\":301,\"height\":301,\"caption\":\"Webdo\"},\"image\":{\"@id\":\"https:\\\/\\\/www.webdo.tn\\\/fr\\\/#\\\/schema\\\/logo\\\/image\\\/\"},\"sameAs\":[\"https:\\\/\\\/www.facebook.com\\\/webdotn\",\"https:\\\/\\\/x.com\\\/webdo_tn\"],\"description\":\"Webdo est un m\u00e9dia num\u00e9rique tunisien fond\u00e9 en 2010, sp\u00e9cialis\u00e9 dans l\u2019actualit\u00e9 nationale et internationale, l\u2019\u00e9conomie, la soci\u00e9t\u00e9 et les analyses politiques. Le site s\u2019adresse \u00e0 un large public francophone et couvre l\u2019information tunisienne en temps r\u00e9el.\",\"email\":\"redac@webdo.tn\",\"legalName\":\"YNJ SARL\",\"foundingDate\":\"2010-09-06\",\"numberOfEmployees\":{\"@type\":\"QuantitativeValue\",\"minValue\":\"11\",\"maxValue\":\"50\"}},{\"@type\":\"Person\",\"@id\":\"https:\\\/\\\/www.webdo.tn\\\/fr\\\/#\\\/schema\\\/person\\\/2c4929cbf5a809e3bd38617c6ce150f6\",\"name\":\"MC\",\"image\":{\"@type\":\"ImageObject\",\"inLanguage\":\"fr-FR\",\"@id\":\"https:\\\/\\\/secure.gravatar.com\\\/avatar\\\/a545bbb6f84efdd5553dbbc2895e3ca8f1d12c5215e00a041c9670b54aa9b18a?s=96&d=mm&r=g\",\"url\":\"https:\\\/\\\/secure.gravatar.com\\\/avatar\\\/a545bbb6f84efdd5553dbbc2895e3ca8f1d12c5215e00a041c9670b54aa9b18a?s=96&d=mm&r=g\",\"contentUrl\":\"https:\\\/\\\/secure.gravatar.com\\\/avatar\\\/a545bbb6f84efdd5553dbbc2895e3ca8f1d12c5215e00a041c9670b54aa9b18a?s=96&d=mm&r=g\",\"caption\":\"MC\"},\"url\":\"https:\\\/\\\/www.webdo.tn\\\/fr\\\/actualite\\\/author\\\/mc\\\/\"}]}<\/script>\n<!-- \/ Yoast SEO Premium plugin. -->","yoast_head_json":{"title":"Croissance \u00e9conomique de 2,1% au premier trimestre 2023","description":"La Tunisie a enregistr\u00e9 une croissance du produit int\u00e9rieur brut en volume (corrig\u00e9 de l'effet des variations saisonni\u00e8res) de 2,1% au cours du premier trimestr...","canonical":"https:\/\/www.webdo.tn\/fr\/actualite\/national\/croissance-economique-de-2-1-au-premier-trimestre-2023\/205719\/","og_locale":"fr_FR","og_type":"article","og_title":"Croissance \u00e9conomique de 2,1% au premier trimestre 2023","og_description":"La Tunisie a enregistr\u00e9 une croissance du produit int\u00e9rieur brut en volume (corrig\u00e9 de l'effet des variations saisonni\u00e8res) de 2,1% au cours du premier trimestr...","og_url":"https:\/\/www.webdo.tn\/fr\/actualite\/national\/croissance-economique-de-2-1-au-premier-trimestre-2023\/205719\/","og_site_name":"webdo","article_publisher":"https:\/\/www.facebook.com\/webdotn","article_published_time":"2023-05-15T14:50:00+00:00","article_modified_time":"2025-05-20T21:59:46+00:00","og_image":[{"width":750,"height":400,"url":"https:\/\/www.webdo.tn\/fr\/wp-content\/uploads\/2023\/05\/1c376d2e801d55277b32858859a080c9.jpg","type":"image\/jpeg"}],"author":"MC","twitter_card":"summary_large_image","twitter_creator":"@webdo_tn","twitter_site":"@webdo_tn","twitter_misc":{"\u00c9crit par":"MC","Dur\u00e9e de lecture estim\u00e9e":"1 minute"},"schema":{"@context":"https:\/\/schema.org","@graph":[{"@type":"NewsArticle","@id":"https:\/\/www.webdo.tn\/fr\/actualite\/national\/croissance-economique-de-2-1-au-premier-trimestre-2023\/205719\/#article","isPartOf":{"@id":"https:\/\/www.webdo.tn\/fr\/actualite\/national\/croissance-economique-de-2-1-au-premier-trimestre-2023\/205719\/"},"author":{"name":"MC","@id":"https:\/\/www.webdo.tn\/fr\/#\/schema\/person\/2c4929cbf5a809e3bd38617c6ce150f6"},"headline":"Croissance \u00e9conomique de 2,1% au premier trimestre 2023","datePublished":"2023-05-15T14:50:00+00:00","dateModified":"2025-05-20T21:59:46+00:00","mainEntityOfPage":{"@id":"https:\/\/www.webdo.tn\/fr\/actualite\/national\/croissance-economique-de-2-1-au-premier-trimestre-2023\/205719\/"},"wordCount":125,"commentCount":0,"publisher":{"@id":"https:\/\/www.webdo.tn\/fr\/#organization"},"image":{"@id":"https:\/\/www.webdo.tn\/fr\/actualite\/national\/croissance-economique-de-2-1-au-premier-trimestre-2023\/205719\/#primaryimage"},"thumbnailUrl":"https:\/\/www.webdo.tn\/fr\/wp-content\/uploads\/2023\/05\/1c376d2e801d55277b32858859a080c9.jpg","keywords":["Croissance","PIB","Tunisie"],"articleSection":["National"],"inLanguage":"fr-FR"},{"@type":"WebPage","@id":"https:\/\/www.webdo.tn\/fr\/actualite\/national\/croissance-economique-de-2-1-au-premier-trimestre-2023\/205719\/","url":"https:\/\/www.webdo.tn\/fr\/actualite\/national\/croissance-economique-de-2-1-au-premier-trimestre-2023\/205719\/","name":"Croissance \u00e9conomique de 2,1% au premier trimestre 2023","isPartOf":{"@id":"https:\/\/www.webdo.tn\/fr\/#website"},"primaryImageOfPage":{"@id":"https:\/\/www.webdo.tn\/fr\/actualite\/national\/croissance-economique-de-2-1-au-premier-trimestre-2023\/205719\/#primaryimage"},"image":{"@id":"https:\/\/www.webdo.tn\/fr\/actualite\/national\/croissance-economique-de-2-1-au-premier-trimestre-2023\/205719\/#primaryimage"},"thumbnailUrl":"https:\/\/www.webdo.tn\/fr\/wp-content\/uploads\/2023\/05\/1c376d2e801d55277b32858859a080c9.jpg","datePublished":"2023-05-15T14:50:00+00:00","dateModified":"2025-05-20T21:59:46+00:00","description":"La Tunisie a enregistr\u00e9 une croissance du produit int\u00e9rieur brut en volume (corrig\u00e9 de l'effet des variations saisonni\u00e8res) de 2,1% au cours du premier trimestr...","breadcrumb":{"@id":"https:\/\/www.webdo.tn\/fr\/actualite\/national\/croissance-economique-de-2-1-au-premier-trimestre-2023\/205719\/#breadcrumb"},"inLanguage":"fr-FR","potentialAction":[{"@type":"ReadAction","target":["https:\/\/www.webdo.tn\/fr\/actualite\/national\/croissance-economique-de-2-1-au-premier-trimestre-2023\/205719\/"]}]},{"@type":"ImageObject","inLanguage":"fr-FR","@id":"https:\/\/www.webdo.tn\/fr\/actualite\/national\/croissance-economique-de-2-1-au-premier-trimestre-2023\/205719\/#primaryimage","url":"https:\/\/www.webdo.tn\/fr\/wp-content\/uploads\/2023\/05\/1c376d2e801d55277b32858859a080c9.jpg","contentUrl":"https:\/\/www.webdo.tn\/fr\/wp-content\/uploads\/2023\/05\/1c376d2e801d55277b32858859a080c9.jpg","width":750,"height":400,"caption":"Croissance \u00e9conomique de 2,1% au premier trimestre 2023"},{"@type":"BreadcrumbList","@id":"https:\/\/www.webdo.tn\/fr\/actualite\/national\/croissance-economique-de-2-1-au-premier-trimestre-2023\/205719\/#breadcrumb","itemListElement":[{"@type":"ListItem","position":1,"name":"Accueil","item":"https:\/\/www.webdo.tn\/fr\/"},{"@type":"ListItem","position":2,"name":"Croissance \u00e9conomique de 2,1% au premier trimestre 2023"}]},{"@type":"WebSite","@id":"https:\/\/www.webdo.tn\/fr\/#website","url":"https:\/\/www.webdo.tn\/fr\/","name":"webdo","description":"Tunisie - News en Tunisie et \u00e0 l&#039;international sur Webdo.tn","publisher":{"@id":"https:\/\/www.webdo.tn\/fr\/#organization"},"potentialAction":[{"@type":"SearchAction","target":{"@type":"EntryPoint","urlTemplate":"https:\/\/www.webdo.tn\/fr\/?s={search_term_string}"},"query-input":{"@type":"PropertyValueSpecification","valueRequired":true,"valueName":"search_term_string"}}],"inLanguage":"fr-FR"},{"@type":"Organization","@id":"https:\/\/www.webdo.tn\/fr\/#organization","name":"Webdo","alternateName":"Webdo.tn","url":"https:\/\/www.webdo.tn\/fr\/","logo":{"@type":"ImageObject","inLanguage":"fr-FR","@id":"https:\/\/www.webdo.tn\/fr\/#\/schema\/logo\/image\/","url":"https:\/\/www.webdo.tn\/fr\/wp-content\/uploads\/2025\/06\/Webdo-Tunisie_168377.jpg","contentUrl":"https:\/\/www.webdo.tn\/fr\/wp-content\/uploads\/2025\/06\/Webdo-Tunisie_168377.jpg","width":301,"height":301,"caption":"Webdo"},"image":{"@id":"https:\/\/www.webdo.tn\/fr\/#\/schema\/logo\/image\/"},"sameAs":["https:\/\/www.facebook.com\/webdotn","https:\/\/x.com\/webdo_tn"],"description":"Webdo est un m\u00e9dia num\u00e9rique tunisien fond\u00e9 en 2010, sp\u00e9cialis\u00e9 dans l\u2019actualit\u00e9 nationale et internationale, l\u2019\u00e9conomie, la soci\u00e9t\u00e9 et les analyses politiques. Le site s\u2019adresse \u00e0 un large public francophone et couvre l\u2019information tunisienne en temps r\u00e9el.","email":"redac@webdo.tn","legalName":"YNJ SARL","foundingDate":"2010-09-06","numberOfEmployees":{"@type":"QuantitativeValue","minValue":"11","maxValue":"50"}},{"@type":"Person","@id":"https:\/\/www.webdo.tn\/fr\/#\/schema\/person\/2c4929cbf5a809e3bd38617c6ce150f6","name":"MC","image":{"@type":"ImageObject","inLanguage":"fr-FR","@id":"https:\/\/secure.gravatar.com\/avatar\/a545bbb6f84efdd5553dbbc2895e3ca8f1d12c5215e00a041c9670b54aa9b18a?s=96&d=mm&r=g","url":"https:\/\/secure.gravatar.com\/avatar\/a545bbb6f84efdd5553dbbc2895e3ca8f1d12c5215e00a041c9670b54aa9b18a?s=96&d=mm&r=g","contentUrl":"https:\/\/secure.gravatar.com\/avatar\/a545bbb6f84efdd5553dbbc2895e3ca8f1d12c5215e00a041c9670b54aa9b18a?s=96&d=mm&r=g","caption":"MC"},"url":"https:\/\/www.webdo.tn\/fr\/actualite\/author\/mc\/"}]}},"_links":{"self":[{"href":"https:\/\/www.webdo.tn\/fr\/wp-json\/wp\/v2\/posts\/205719","targetHints":{"allow":["GET"]}}],"collection":[{"href":"https:\/\/www.webdo.tn\/fr\/wp-json\/wp\/v2\/posts"}],"about":[{"href":"https:\/\/www.webdo.tn\/fr\/wp-json\/wp\/v2\/types\/post"}],"author":[{"embeddable":true,"href":"https:\/\/www.webdo.tn\/fr\/wp-json\/wp\/v2\/users\/3162"}],"replies":[{"embeddable":true,"href":"https:\/\/www.webdo.tn\/fr\/wp-json\/wp\/v2\/comments?post=205719"}],"version-history":[{"count":0,"href":"https:\/\/www.webdo.tn\/fr\/wp-json\/wp\/v2\/posts\/205719\/revisions"}],"wp:featuredmedia":[{"embeddable":true,"href":"https:\/\/www.webdo.tn\/fr\/wp-json\/wp\/v2\/media\/251146"}],"wp:attachment":[{"href":"https:\/\/www.webdo.tn\/fr\/wp-json\/wp\/v2\/media?parent=205719"}],"wp:term":[{"taxonomy":"category","embeddable":true,"href":"https:\/\/www.webdo.tn\/fr\/wp-json\/wp\/v2\/categories?post=205719"},{"taxonomy":"post_tag","embeddable":true,"href":"https:\/\/www.webdo.tn\/fr\/wp-json\/wp\/v2\/tags?post=205719"}],"curies":[{"name":"wp","href":"https:\/\/api.w.org\/{rel}","templated":true}]}}