{"id":205708,"date":"2023-05-15T11:48:00","date_gmt":"2023-05-15T11:48:00","guid":{"rendered":"https:\/\/www.webdo.tn\/fr\/blog\/l-avocat-abdelaziz-essid-convoque-par-le-juge-d-instruction\/205708\/"},"modified":"2025-05-20T21:59:44","modified_gmt":"2025-05-20T21:59:44","slug":"l-avocat-abdelaziz-essid-convoque-par-le-juge-d-instruction","status":"publish","type":"post","link":"https:\/\/www.webdo.tn\/fr\/actualite\/national\/l-avocat-abdelaziz-essid-convoque-par-le-juge-d-instruction\/205708\/","title":{"rendered":"L\u2019avocat Abdelaziz Essid convoqu\u00e9 par le juge d&rsquo;instruction"},"content":{"rendered":"<p>L\u2019avocat Abdelaziz Essid a \u00e9t\u00e9 convoqu\u00e9 par le juge d\u2019instruction pour \u00eatre entendu sur l&rsquo;affaire du complot contre la s\u00fbret\u00e9 int\u00e9rieure de l&rsquo;Etat.<\/p>\n<p>\t\t\t\t\t\t\t\t\tL&rsquo;ordre r\u00e9gional des avocats de Tunis a re\u00e7u un avis de la part du procureur de la R\u00e9publique de la Cour d&rsquo;appel de Tunis, concernant Ma\u00eetre Abdelaziz Essid, qui a \u00e9t\u00e9 convoqu\u00e9 devant le juge d&rsquo;instruction pour \u00eatre entendu \u00e0 propos de ses d\u00e9clarations concernant cette affaire, indique un communiqu\u00e9 publi\u00e9 ce lundi 15 mai 2023 par le comit\u00e9 de d\u00e9fense des d\u00e9tenus dans cette affaire.<\/p>\n<p>Le communiqu\u00e9 ajoute que la convocation d\u2019Abdelaziz Essid, coordinateur dudit comit\u00e9 de d\u00e9fense, a \u00e9t\u00e9 faite \u00e0 la demande de la ministre de la Justice suite \u00e0 ses d\u00e9clarations en tant que membre du comit\u00e9 de d\u00e9fense dans l&rsquo;affaire de complot contre la s\u00fbret\u00e9 de l&rsquo;Etat.<\/p>\n<p>Mosaique fm rappelle qu\u2019Abdelaziz Essid avait d\u00e9clar\u00e9 que des plaintes ont \u00e9t\u00e9 d\u00e9pos\u00e9es contre la ministre de la Justice et le parquet du p\u00f4le judiciare de lutte contre le terrorisme pour falsification de documents en lien avec l&rsquo;affaire en question.<\/p>\n<p>La semaine derni\u00e8re, le comit\u00e9 de d\u00e9fense a organis\u00e9 une conf\u00e9rence de presse au cours de laquelle Abdelaziz Essid a d\u00e9nonc\u00e9 le fait que l\u2019affaire soit toujours au point mort dans un dossier d\u00e9j\u00e0 vide.<\/p>\n","protected":false},"excerpt":{"rendered":"<p>L\u2019avocat Abdelaziz Essid a \u00e9t\u00e9 convoqu\u00e9 par le juge d\u2019instruction pour \u00eatre entendu sur l&rsquo;affaire du complot contre la s\u00fbret\u00e9 int\u00e9rieure de l&rsquo;Etat.<\/p>\n","protected":false},"author":3162,"featured_media":251142,"comment_status":"open","ping_status":"closed","sticky":false,"template":"","format":"standard","meta":{"footnotes":""},"categories":[44],"tags":[6260,3784,2619],"class_list":["post-205708","post","type-post","status-publish","format-standard","has-post-thumbnail","hentry","category-national","tag-abdelaziz-essid","tag-complot","tag-justice"],"yoast_head":"<!-- This site is optimized with the Yoast SEO Premium plugin v27.5 (Yoast SEO v27.5) - https:\/\/yoast.com\/product\/yoast-seo-premium-wordpress\/ -->\n<title>L\u2019avocat Abdelaziz Essid convoqu\u00e9 par le juge d&#039;instruction<\/title>\n<meta name=\"description\" content=\"L\u2019avocat Abdelaziz Essid a \u00e9t\u00e9 convoqu\u00e9 par le juge d\u2019instruction pour \u00eatre entendu sur l&#039;affaire du complot contre la s\u00fbret\u00e9 int\u00e9rieure de l&#039;Etat.\" \/>\n<link rel=\"canonical\" href=\"https:\/\/www.webdo.tn\/fr\/actualite\/national\/l-avocat-abdelaziz-essid-convoque-par-le-juge-d-instruction\/205708\/\" \/>\n<meta property=\"og:locale\" content=\"fr_FR\" \/>\n<meta property=\"og:type\" content=\"article\" \/>\n<meta property=\"og:title\" content=\"L\u2019avocat Abdelaziz Essid convoqu\u00e9 par le juge d&#039;instruction\" \/>\n<meta property=\"og:description\" content=\"L\u2019avocat Abdelaziz Essid a \u00e9t\u00e9 convoqu\u00e9 par le juge d\u2019instruction pour \u00eatre entendu sur l&#039;affaire du complot contre la s\u00fbret\u00e9 int\u00e9rieure de l&#039;Etat.\" \/>\n<meta property=\"og:url\" content=\"https:\/\/www.webdo.tn\/fr\/actualite\/national\/l-avocat-abdelaziz-essid-convoque-par-le-juge-d-instruction\/205708\/\" \/>\n<meta property=\"og:site_name\" content=\"webdo\" \/>\n<meta property=\"article:publisher\" content=\"https:\/\/www.facebook.com\/webdotn\" \/>\n<meta property=\"article:published_time\" content=\"2023-05-15T11:48:00+00:00\" \/>\n<meta property=\"article:modified_time\" content=\"2025-05-20T21:59:44+00:00\" \/>\n<meta property=\"og:image\" content=\"https:\/\/www.webdo.tn\/fr\/wp-content\/uploads\/2023\/05\/bcb791803ebd84c617ea87838aaad7d0.jpeg\" \/>\n\t<meta property=\"og:image:width\" content=\"750\" \/>\n\t<meta property=\"og:image:height\" content=\"400\" \/>\n\t<meta property=\"og:image:type\" content=\"image\/jpeg\" \/>\n<meta name=\"author\" content=\"MC\" \/>\n<meta name=\"twitter:card\" content=\"summary_large_image\" \/>\n<meta name=\"twitter:creator\" content=\"@webdo_tn\" \/>\n<meta name=\"twitter:site\" content=\"@webdo_tn\" \/>\n<meta name=\"twitter:label1\" content=\"\u00c9crit par\" \/>\n\t<meta name=\"twitter:data1\" content=\"MC\" \/>\n\t<meta name=\"twitter:label2\" content=\"Dur\u00e9e de lecture estim\u00e9e\" \/>\n\t<meta name=\"twitter:data2\" content=\"1 minute\" \/>\n<script type=\"application\/ld+json\" class=\"yoast-schema-graph\">{\"@context\":\"https:\\\/\\\/schema.org\",\"@graph\":[{\"@type\":\"NewsArticle\",\"@id\":\"https:\\\/\\\/www.webdo.tn\\\/fr\\\/actualite\\\/national\\\/l-avocat-abdelaziz-essid-convoque-par-le-juge-d-instruction\\\/205708\\\/#article\",\"isPartOf\":{\"@id\":\"https:\\\/\\\/www.webdo.tn\\\/fr\\\/actualite\\\/national\\\/l-avocat-abdelaziz-essid-convoque-par-le-juge-d-instruction\\\/205708\\\/\"},\"author\":{\"name\":\"MC\",\"@id\":\"https:\\\/\\\/www.webdo.tn\\\/fr\\\/#\\\/schema\\\/person\\\/2c4929cbf5a809e3bd38617c6ce150f6\"},\"headline\":\"L\u2019avocat Abdelaziz Essid convoqu\u00e9 par le juge d&rsquo;instruction\",\"datePublished\":\"2023-05-15T11:48:00+00:00\",\"dateModified\":\"2025-05-20T21:59:44+00:00\",\"mainEntityOfPage\":{\"@id\":\"https:\\\/\\\/www.webdo.tn\\\/fr\\\/actualite\\\/national\\\/l-avocat-abdelaziz-essid-convoque-par-le-juge-d-instruction\\\/205708\\\/\"},\"wordCount\":250,\"commentCount\":0,\"publisher\":{\"@id\":\"https:\\\/\\\/www.webdo.tn\\\/fr\\\/#organization\"},\"image\":{\"@id\":\"https:\\\/\\\/www.webdo.tn\\\/fr\\\/actualite\\\/national\\\/l-avocat-abdelaziz-essid-convoque-par-le-juge-d-instruction\\\/205708\\\/#primaryimage\"},\"thumbnailUrl\":\"https:\\\/\\\/www.webdo.tn\\\/fr\\\/wp-content\\\/uploads\\\/2023\\\/05\\\/bcb791803ebd84c617ea87838aaad7d0.jpeg\",\"keywords\":[\"abdelaziz essid\",\"complot\",\"justice\"],\"articleSection\":[\"National\"],\"inLanguage\":\"fr-FR\"},{\"@type\":\"WebPage\",\"@id\":\"https:\\\/\\\/www.webdo.tn\\\/fr\\\/actualite\\\/national\\\/l-avocat-abdelaziz-essid-convoque-par-le-juge-d-instruction\\\/205708\\\/\",\"url\":\"https:\\\/\\\/www.webdo.tn\\\/fr\\\/actualite\\\/national\\\/l-avocat-abdelaziz-essid-convoque-par-le-juge-d-instruction\\\/205708\\\/\",\"name\":\"L\u2019avocat Abdelaziz Essid convoqu\u00e9 par le juge d'instruction\",\"isPartOf\":{\"@id\":\"https:\\\/\\\/www.webdo.tn\\\/fr\\\/#website\"},\"primaryImageOfPage\":{\"@id\":\"https:\\\/\\\/www.webdo.tn\\\/fr\\\/actualite\\\/national\\\/l-avocat-abdelaziz-essid-convoque-par-le-juge-d-instruction\\\/205708\\\/#primaryimage\"},\"image\":{\"@id\":\"https:\\\/\\\/www.webdo.tn\\\/fr\\\/actualite\\\/national\\\/l-avocat-abdelaziz-essid-convoque-par-le-juge-d-instruction\\\/205708\\\/#primaryimage\"},\"thumbnailUrl\":\"https:\\\/\\\/www.webdo.tn\\\/fr\\\/wp-content\\\/uploads\\\/2023\\\/05\\\/bcb791803ebd84c617ea87838aaad7d0.jpeg\",\"datePublished\":\"2023-05-15T11:48:00+00:00\",\"dateModified\":\"2025-05-20T21:59:44+00:00\",\"description\":\"L\u2019avocat Abdelaziz Essid a \u00e9t\u00e9 convoqu\u00e9 par le juge d\u2019instruction pour \u00eatre entendu sur l'affaire du complot contre la s\u00fbret\u00e9 int\u00e9rieure de l'Etat.\",\"breadcrumb\":{\"@id\":\"https:\\\/\\\/www.webdo.tn\\\/fr\\\/actualite\\\/national\\\/l-avocat-abdelaziz-essid-convoque-par-le-juge-d-instruction\\\/205708\\\/#breadcrumb\"},\"inLanguage\":\"fr-FR\",\"potentialAction\":[{\"@type\":\"ReadAction\",\"target\":[\"https:\\\/\\\/www.webdo.tn\\\/fr\\\/actualite\\\/national\\\/l-avocat-abdelaziz-essid-convoque-par-le-juge-d-instruction\\\/205708\\\/\"]}]},{\"@type\":\"ImageObject\",\"inLanguage\":\"fr-FR\",\"@id\":\"https:\\\/\\\/www.webdo.tn\\\/fr\\\/actualite\\\/national\\\/l-avocat-abdelaziz-essid-convoque-par-le-juge-d-instruction\\\/205708\\\/#primaryimage\",\"url\":\"https:\\\/\\\/www.webdo.tn\\\/fr\\\/wp-content\\\/uploads\\\/2023\\\/05\\\/bcb791803ebd84c617ea87838aaad7d0.jpeg\",\"contentUrl\":\"https:\\\/\\\/www.webdo.tn\\\/fr\\\/wp-content\\\/uploads\\\/2023\\\/05\\\/bcb791803ebd84c617ea87838aaad7d0.jpeg\",\"width\":750,\"height\":400,\"caption\":\"L\u2019avocat Abdelaziz Essid convoqu\u00e9 par le juge d'instruction\"},{\"@type\":\"BreadcrumbList\",\"@id\":\"https:\\\/\\\/www.webdo.tn\\\/fr\\\/actualite\\\/national\\\/l-avocat-abdelaziz-essid-convoque-par-le-juge-d-instruction\\\/205708\\\/#breadcrumb\",\"itemListElement\":[{\"@type\":\"ListItem\",\"position\":1,\"name\":\"Accueil\",\"item\":\"https:\\\/\\\/www.webdo.tn\\\/fr\\\/\"},{\"@type\":\"ListItem\",\"position\":2,\"name\":\"L\u2019avocat Abdelaziz Essid convoqu\u00e9 par le juge d&#8217;instruction\"}]},{\"@type\":\"WebSite\",\"@id\":\"https:\\\/\\\/www.webdo.tn\\\/fr\\\/#website\",\"url\":\"https:\\\/\\\/www.webdo.tn\\\/fr\\\/\",\"name\":\"webdo\",\"description\":\"Tunisie - News en Tunisie et \u00e0 l&#039;international sur Webdo.tn\",\"publisher\":{\"@id\":\"https:\\\/\\\/www.webdo.tn\\\/fr\\\/#organization\"},\"potentialAction\":[{\"@type\":\"SearchAction\",\"target\":{\"@type\":\"EntryPoint\",\"urlTemplate\":\"https:\\\/\\\/www.webdo.tn\\\/fr\\\/?s={search_term_string}\"},\"query-input\":{\"@type\":\"PropertyValueSpecification\",\"valueRequired\":true,\"valueName\":\"search_term_string\"}}],\"inLanguage\":\"fr-FR\"},{\"@type\":\"Organization\",\"@id\":\"https:\\\/\\\/www.webdo.tn\\\/fr\\\/#organization\",\"name\":\"Webdo\",\"alternateName\":\"Webdo.tn\",\"url\":\"https:\\\/\\\/www.webdo.tn\\\/fr\\\/\",\"logo\":{\"@type\":\"ImageObject\",\"inLanguage\":\"fr-FR\",\"@id\":\"https:\\\/\\\/www.webdo.tn\\\/fr\\\/#\\\/schema\\\/logo\\\/image\\\/\",\"url\":\"https:\\\/\\\/www.webdo.tn\\\/fr\\\/wp-content\\\/uploads\\\/2025\\\/06\\\/Webdo-Tunisie_168377.jpg\",\"contentUrl\":\"https:\\\/\\\/www.webdo.tn\\\/fr\\\/wp-content\\\/uploads\\\/2025\\\/06\\\/Webdo-Tunisie_168377.jpg\",\"width\":301,\"height\":301,\"caption\":\"Webdo\"},\"image\":{\"@id\":\"https:\\\/\\\/www.webdo.tn\\\/fr\\\/#\\\/schema\\\/logo\\\/image\\\/\"},\"sameAs\":[\"https:\\\/\\\/www.facebook.com\\\/webdotn\",\"https:\\\/\\\/x.com\\\/webdo_tn\"],\"description\":\"Webdo est un m\u00e9dia num\u00e9rique tunisien fond\u00e9 en 2010, sp\u00e9cialis\u00e9 dans l\u2019actualit\u00e9 nationale et internationale, l\u2019\u00e9conomie, la soci\u00e9t\u00e9 et les analyses politiques. Le site s\u2019adresse \u00e0 un large public francophone et couvre l\u2019information tunisienne en temps r\u00e9el.\",\"email\":\"redac@webdo.tn\",\"legalName\":\"YNJ SARL\",\"foundingDate\":\"2010-09-06\",\"numberOfEmployees\":{\"@type\":\"QuantitativeValue\",\"minValue\":\"11\",\"maxValue\":\"50\"}},{\"@type\":\"Person\",\"@id\":\"https:\\\/\\\/www.webdo.tn\\\/fr\\\/#\\\/schema\\\/person\\\/2c4929cbf5a809e3bd38617c6ce150f6\",\"name\":\"MC\",\"image\":{\"@type\":\"ImageObject\",\"inLanguage\":\"fr-FR\",\"@id\":\"https:\\\/\\\/secure.gravatar.com\\\/avatar\\\/a545bbb6f84efdd5553dbbc2895e3ca8f1d12c5215e00a041c9670b54aa9b18a?s=96&d=mm&r=g\",\"url\":\"https:\\\/\\\/secure.gravatar.com\\\/avatar\\\/a545bbb6f84efdd5553dbbc2895e3ca8f1d12c5215e00a041c9670b54aa9b18a?s=96&d=mm&r=g\",\"contentUrl\":\"https:\\\/\\\/secure.gravatar.com\\\/avatar\\\/a545bbb6f84efdd5553dbbc2895e3ca8f1d12c5215e00a041c9670b54aa9b18a?s=96&d=mm&r=g\",\"caption\":\"MC\"},\"url\":\"https:\\\/\\\/www.webdo.tn\\\/fr\\\/actualite\\\/author\\\/mc\\\/\"}]}<\/script>\n<!-- \/ Yoast SEO Premium plugin. -->","yoast_head_json":{"title":"L\u2019avocat Abdelaziz Essid convoqu\u00e9 par le juge d'instruction","description":"L\u2019avocat Abdelaziz Essid a \u00e9t\u00e9 convoqu\u00e9 par le juge d\u2019instruction pour \u00eatre entendu sur l'affaire du complot contre la s\u00fbret\u00e9 int\u00e9rieure de l'Etat.","canonical":"https:\/\/www.webdo.tn\/fr\/actualite\/national\/l-avocat-abdelaziz-essid-convoque-par-le-juge-d-instruction\/205708\/","og_locale":"fr_FR","og_type":"article","og_title":"L\u2019avocat Abdelaziz Essid convoqu\u00e9 par le juge d'instruction","og_description":"L\u2019avocat Abdelaziz Essid a \u00e9t\u00e9 convoqu\u00e9 par le juge d\u2019instruction pour \u00eatre entendu sur l'affaire du complot contre la s\u00fbret\u00e9 int\u00e9rieure de l'Etat.","og_url":"https:\/\/www.webdo.tn\/fr\/actualite\/national\/l-avocat-abdelaziz-essid-convoque-par-le-juge-d-instruction\/205708\/","og_site_name":"webdo","article_publisher":"https:\/\/www.facebook.com\/webdotn","article_published_time":"2023-05-15T11:48:00+00:00","article_modified_time":"2025-05-20T21:59:44+00:00","og_image":[{"width":750,"height":400,"url":"https:\/\/www.webdo.tn\/fr\/wp-content\/uploads\/2023\/05\/bcb791803ebd84c617ea87838aaad7d0.jpeg","type":"image\/jpeg"}],"author":"MC","twitter_card":"summary_large_image","twitter_creator":"@webdo_tn","twitter_site":"@webdo_tn","twitter_misc":{"\u00c9crit par":"MC","Dur\u00e9e de lecture estim\u00e9e":"1 minute"},"schema":{"@context":"https:\/\/schema.org","@graph":[{"@type":"NewsArticle","@id":"https:\/\/www.webdo.tn\/fr\/actualite\/national\/l-avocat-abdelaziz-essid-convoque-par-le-juge-d-instruction\/205708\/#article","isPartOf":{"@id":"https:\/\/www.webdo.tn\/fr\/actualite\/national\/l-avocat-abdelaziz-essid-convoque-par-le-juge-d-instruction\/205708\/"},"author":{"name":"MC","@id":"https:\/\/www.webdo.tn\/fr\/#\/schema\/person\/2c4929cbf5a809e3bd38617c6ce150f6"},"headline":"L\u2019avocat Abdelaziz Essid convoqu\u00e9 par le juge d&rsquo;instruction","datePublished":"2023-05-15T11:48:00+00:00","dateModified":"2025-05-20T21:59:44+00:00","mainEntityOfPage":{"@id":"https:\/\/www.webdo.tn\/fr\/actualite\/national\/l-avocat-abdelaziz-essid-convoque-par-le-juge-d-instruction\/205708\/"},"wordCount":250,"commentCount":0,"publisher":{"@id":"https:\/\/www.webdo.tn\/fr\/#organization"},"image":{"@id":"https:\/\/www.webdo.tn\/fr\/actualite\/national\/l-avocat-abdelaziz-essid-convoque-par-le-juge-d-instruction\/205708\/#primaryimage"},"thumbnailUrl":"https:\/\/www.webdo.tn\/fr\/wp-content\/uploads\/2023\/05\/bcb791803ebd84c617ea87838aaad7d0.jpeg","keywords":["abdelaziz essid","complot","justice"],"articleSection":["National"],"inLanguage":"fr-FR"},{"@type":"WebPage","@id":"https:\/\/www.webdo.tn\/fr\/actualite\/national\/l-avocat-abdelaziz-essid-convoque-par-le-juge-d-instruction\/205708\/","url":"https:\/\/www.webdo.tn\/fr\/actualite\/national\/l-avocat-abdelaziz-essid-convoque-par-le-juge-d-instruction\/205708\/","name":"L\u2019avocat Abdelaziz Essid convoqu\u00e9 par le juge d'instruction","isPartOf":{"@id":"https:\/\/www.webdo.tn\/fr\/#website"},"primaryImageOfPage":{"@id":"https:\/\/www.webdo.tn\/fr\/actualite\/national\/l-avocat-abdelaziz-essid-convoque-par-le-juge-d-instruction\/205708\/#primaryimage"},"image":{"@id":"https:\/\/www.webdo.tn\/fr\/actualite\/national\/l-avocat-abdelaziz-essid-convoque-par-le-juge-d-instruction\/205708\/#primaryimage"},"thumbnailUrl":"https:\/\/www.webdo.tn\/fr\/wp-content\/uploads\/2023\/05\/bcb791803ebd84c617ea87838aaad7d0.jpeg","datePublished":"2023-05-15T11:48:00+00:00","dateModified":"2025-05-20T21:59:44+00:00","description":"L\u2019avocat Abdelaziz Essid a \u00e9t\u00e9 convoqu\u00e9 par le juge d\u2019instruction pour \u00eatre entendu sur l'affaire du complot contre la s\u00fbret\u00e9 int\u00e9rieure de l'Etat.","breadcrumb":{"@id":"https:\/\/www.webdo.tn\/fr\/actualite\/national\/l-avocat-abdelaziz-essid-convoque-par-le-juge-d-instruction\/205708\/#breadcrumb"},"inLanguage":"fr-FR","potentialAction":[{"@type":"ReadAction","target":["https:\/\/www.webdo.tn\/fr\/actualite\/national\/l-avocat-abdelaziz-essid-convoque-par-le-juge-d-instruction\/205708\/"]}]},{"@type":"ImageObject","inLanguage":"fr-FR","@id":"https:\/\/www.webdo.tn\/fr\/actualite\/national\/l-avocat-abdelaziz-essid-convoque-par-le-juge-d-instruction\/205708\/#primaryimage","url":"https:\/\/www.webdo.tn\/fr\/wp-content\/uploads\/2023\/05\/bcb791803ebd84c617ea87838aaad7d0.jpeg","contentUrl":"https:\/\/www.webdo.tn\/fr\/wp-content\/uploads\/2023\/05\/bcb791803ebd84c617ea87838aaad7d0.jpeg","width":750,"height":400,"caption":"L\u2019avocat Abdelaziz Essid convoqu\u00e9 par le juge d'instruction"},{"@type":"BreadcrumbList","@id":"https:\/\/www.webdo.tn\/fr\/actualite\/national\/l-avocat-abdelaziz-essid-convoque-par-le-juge-d-instruction\/205708\/#breadcrumb","itemListElement":[{"@type":"ListItem","position":1,"name":"Accueil","item":"https:\/\/www.webdo.tn\/fr\/"},{"@type":"ListItem","position":2,"name":"L\u2019avocat Abdelaziz Essid convoqu\u00e9 par le juge d&#8217;instruction"}]},{"@type":"WebSite","@id":"https:\/\/www.webdo.tn\/fr\/#website","url":"https:\/\/www.webdo.tn\/fr\/","name":"webdo","description":"Tunisie - News en Tunisie et \u00e0 l&#039;international sur Webdo.tn","publisher":{"@id":"https:\/\/www.webdo.tn\/fr\/#organization"},"potentialAction":[{"@type":"SearchAction","target":{"@type":"EntryPoint","urlTemplate":"https:\/\/www.webdo.tn\/fr\/?s={search_term_string}"},"query-input":{"@type":"PropertyValueSpecification","valueRequired":true,"valueName":"search_term_string"}}],"inLanguage":"fr-FR"},{"@type":"Organization","@id":"https:\/\/www.webdo.tn\/fr\/#organization","name":"Webdo","alternateName":"Webdo.tn","url":"https:\/\/www.webdo.tn\/fr\/","logo":{"@type":"ImageObject","inLanguage":"fr-FR","@id":"https:\/\/www.webdo.tn\/fr\/#\/schema\/logo\/image\/","url":"https:\/\/www.webdo.tn\/fr\/wp-content\/uploads\/2025\/06\/Webdo-Tunisie_168377.jpg","contentUrl":"https:\/\/www.webdo.tn\/fr\/wp-content\/uploads\/2025\/06\/Webdo-Tunisie_168377.jpg","width":301,"height":301,"caption":"Webdo"},"image":{"@id":"https:\/\/www.webdo.tn\/fr\/#\/schema\/logo\/image\/"},"sameAs":["https:\/\/www.facebook.com\/webdotn","https:\/\/x.com\/webdo_tn"],"description":"Webdo est un m\u00e9dia num\u00e9rique tunisien fond\u00e9 en 2010, sp\u00e9cialis\u00e9 dans l\u2019actualit\u00e9 nationale et internationale, l\u2019\u00e9conomie, la soci\u00e9t\u00e9 et les analyses politiques. Le site s\u2019adresse \u00e0 un large public francophone et couvre l\u2019information tunisienne en temps r\u00e9el.","email":"redac@webdo.tn","legalName":"YNJ SARL","foundingDate":"2010-09-06","numberOfEmployees":{"@type":"QuantitativeValue","minValue":"11","maxValue":"50"}},{"@type":"Person","@id":"https:\/\/www.webdo.tn\/fr\/#\/schema\/person\/2c4929cbf5a809e3bd38617c6ce150f6","name":"MC","image":{"@type":"ImageObject","inLanguage":"fr-FR","@id":"https:\/\/secure.gravatar.com\/avatar\/a545bbb6f84efdd5553dbbc2895e3ca8f1d12c5215e00a041c9670b54aa9b18a?s=96&d=mm&r=g","url":"https:\/\/secure.gravatar.com\/avatar\/a545bbb6f84efdd5553dbbc2895e3ca8f1d12c5215e00a041c9670b54aa9b18a?s=96&d=mm&r=g","contentUrl":"https:\/\/secure.gravatar.com\/avatar\/a545bbb6f84efdd5553dbbc2895e3ca8f1d12c5215e00a041c9670b54aa9b18a?s=96&d=mm&r=g","caption":"MC"},"url":"https:\/\/www.webdo.tn\/fr\/actualite\/author\/mc\/"}]}},"_links":{"self":[{"href":"https:\/\/www.webdo.tn\/fr\/wp-json\/wp\/v2\/posts\/205708","targetHints":{"allow":["GET"]}}],"collection":[{"href":"https:\/\/www.webdo.tn\/fr\/wp-json\/wp\/v2\/posts"}],"about":[{"href":"https:\/\/www.webdo.tn\/fr\/wp-json\/wp\/v2\/types\/post"}],"author":[{"embeddable":true,"href":"https:\/\/www.webdo.tn\/fr\/wp-json\/wp\/v2\/users\/3162"}],"replies":[{"embeddable":true,"href":"https:\/\/www.webdo.tn\/fr\/wp-json\/wp\/v2\/comments?post=205708"}],"version-history":[{"count":0,"href":"https:\/\/www.webdo.tn\/fr\/wp-json\/wp\/v2\/posts\/205708\/revisions"}],"wp:featuredmedia":[{"embeddable":true,"href":"https:\/\/www.webdo.tn\/fr\/wp-json\/wp\/v2\/media\/251142"}],"wp:attachment":[{"href":"https:\/\/www.webdo.tn\/fr\/wp-json\/wp\/v2\/media?parent=205708"}],"wp:term":[{"taxonomy":"category","embeddable":true,"href":"https:\/\/www.webdo.tn\/fr\/wp-json\/wp\/v2\/categories?post=205708"},{"taxonomy":"post_tag","embeddable":true,"href":"https:\/\/www.webdo.tn\/fr\/wp-json\/wp\/v2\/tags?post=205708"}],"curies":[{"name":"wp","href":"https:\/\/api.w.org\/{rel}","templated":true}]}}