{"id":205706,"date":"2023-05-15T10:09:00","date_gmt":"2023-05-15T10:09:00","guid":{"rendered":"https:\/\/www.webdo.tn\/fr\/blog\/turquie-presidentielle-erdogan-en-tete-mais-un-second-tour-inevitable\/205706\/"},"modified":"2025-05-20T21:59:44","modified_gmt":"2025-05-20T21:59:44","slug":"turquie-presidentielle-erdogan-en-tete-mais-un-second-tour-inevitable","status":"publish","type":"post","link":"https:\/\/www.webdo.tn\/fr\/actualite\/international\/turquie-presidentielle-erdogan-en-tete-mais-un-second-tour-inevitable\/205706\/","title":{"rendered":"Turquie &#8211; Pr\u00e9sidentielle : Erdogan en t\u00eate, mais un second tour in\u00e9vitable"},"content":{"rendered":"<p>Selon l&rsquo;agence Anadolu, le pr\u00e9sident turc, Recep Tayyip Erdogan a obtenu 49,94% des voix alors que 90% des bulletins avaient \u00e9t\u00e9 d\u00e9pouill\u00e9s dimanche soir. La Turquie se dirige donc vers un second tour.<\/p>\n<p>\t\t\t\t\t\t\t\t\tLa Turquie se dirige un second tour de l&rsquo;\u00e9lection pr\u00e9sidentielle. En fin de soir\u00e9e, dimanche 14 mai, l&rsquo;agence Anadolu mettait pour la premi\u00e8re fois Recep Tayyip Erdogan sous la barre des 50% alors que pr\u00e8s de 90% des urnes avaient \u00e9t\u00e9 d\u00e9pouill\u00e9es.<\/p>\n<p>Le pr\u00e9sident turc sortant recueillait 49,94% des voix contre 44,38% pour le principal candidat d&rsquo;opposition Kemal Kili\u00e7daroglu.<\/p>\n<p>Pour \u00eatre \u00e9lu d\u00e8s le premier tour, un candidat doit obtenir une majorit\u00e9 de 50% des voix. Si aucun candidat ne d\u00e9passe les 50% au premier tour, un second tour sera alors organis\u00e9 dimanche 28 mai.<\/p>\n","protected":false},"excerpt":{"rendered":"<p>Selon l&rsquo;agence Anadolu, le pr\u00e9sident turc, Recep Tayyip Erdogan a obtenu 49,94% des voix alors que 90% des bulletins avaient \u00e9t\u00e9 d\u00e9pouill\u00e9s dimanche soir. La Tu&#8230;<\/p>\n","protected":false},"author":3162,"featured_media":251141,"comment_status":"open","ping_status":"closed","sticky":false,"template":"","format":"standard","meta":{"footnotes":""},"categories":[2598],"tags":[8361,5503,3550],"class_list":["post-205706","post","type-post","status-publish","format-standard","has-post-thumbnail","hentry","category-international","tag-erdogan","tag-presidentielle","tag-turquie"],"yoast_head":"<!-- This site is optimized with the Yoast SEO Premium plugin v27.4 (Yoast SEO v27.5) - https:\/\/yoast.com\/product\/yoast-seo-premium-wordpress\/ -->\n<title>Turquie - Pr\u00e9sidentielle : Erdogan en t\u00eate, mais un second tour in\u00e9vitable<\/title>\n<meta name=\"description\" content=\"Selon l&#039;agence Anadolu, le pr\u00e9sident turc, Recep Tayyip Erdogan a obtenu 49,94% des voix alors que 90% des bulletins avaient \u00e9t\u00e9 d\u00e9pouill\u00e9s dimanche soir. La Tu...\" \/>\n<link rel=\"canonical\" href=\"https:\/\/www.webdo.tn\/fr\/actualite\/international\/turquie-presidentielle-erdogan-en-tete-mais-un-second-tour-inevitable\/205706\/\" \/>\n<meta property=\"og:locale\" content=\"fr_FR\" \/>\n<meta property=\"og:type\" content=\"article\" \/>\n<meta property=\"og:title\" content=\"Turquie - Pr\u00e9sidentielle : Erdogan en t\u00eate, mais un second tour in\u00e9vitable\" \/>\n<meta property=\"og:description\" content=\"Selon l&#039;agence Anadolu, le pr\u00e9sident turc, Recep Tayyip Erdogan a obtenu 49,94% des voix alors que 90% des bulletins avaient \u00e9t\u00e9 d\u00e9pouill\u00e9s dimanche soir. La Tu...\" \/>\n<meta property=\"og:url\" content=\"https:\/\/www.webdo.tn\/fr\/actualite\/international\/turquie-presidentielle-erdogan-en-tete-mais-un-second-tour-inevitable\/205706\/\" \/>\n<meta property=\"og:site_name\" content=\"webdo\" \/>\n<meta property=\"article:publisher\" content=\"https:\/\/www.facebook.com\/webdotn\" \/>\n<meta property=\"article:published_time\" content=\"2023-05-15T10:09:00+00:00\" \/>\n<meta property=\"article:modified_time\" content=\"2025-05-20T21:59:44+00:00\" \/>\n<meta property=\"og:image\" content=\"https:\/\/www.webdo.tn\/fr\/wp-content\/uploads\/2023\/05\/6407ac56c4e4311b46098b79dfd756d1.png\" \/>\n\t<meta property=\"og:image:width\" content=\"750\" \/>\n\t<meta property=\"og:image:height\" content=\"400\" \/>\n\t<meta property=\"og:image:type\" content=\"image\/png\" \/>\n<meta name=\"author\" content=\"MC\" \/>\n<meta name=\"twitter:card\" content=\"summary_large_image\" \/>\n<meta name=\"twitter:creator\" content=\"@webdo_tn\" \/>\n<meta name=\"twitter:site\" content=\"@webdo_tn\" \/>\n<meta name=\"twitter:label1\" content=\"\u00c9crit par\" \/>\n\t<meta name=\"twitter:data1\" content=\"MC\" \/>\n\t<meta name=\"twitter:label2\" content=\"Dur\u00e9e de lecture estim\u00e9e\" \/>\n\t<meta name=\"twitter:data2\" content=\"1 minute\" \/>\n<script type=\"application\/ld+json\" class=\"yoast-schema-graph\">{\"@context\":\"https:\\\/\\\/schema.org\",\"@graph\":[{\"@type\":\"NewsArticle\",\"@id\":\"https:\\\/\\\/www.webdo.tn\\\/fr\\\/actualite\\\/international\\\/turquie-presidentielle-erdogan-en-tete-mais-un-second-tour-inevitable\\\/205706\\\/#article\",\"isPartOf\":{\"@id\":\"https:\\\/\\\/www.webdo.tn\\\/fr\\\/actualite\\\/international\\\/turquie-presidentielle-erdogan-en-tete-mais-un-second-tour-inevitable\\\/205706\\\/\"},\"author\":{\"name\":\"MC\",\"@id\":\"https:\\\/\\\/www.webdo.tn\\\/fr\\\/#\\\/schema\\\/person\\\/2c4929cbf5a809e3bd38617c6ce150f6\"},\"headline\":\"Turquie &#8211; Pr\u00e9sidentielle : Erdogan en t\u00eate, mais un second tour in\u00e9vitable\",\"datePublished\":\"2023-05-15T10:09:00+00:00\",\"dateModified\":\"2025-05-20T21:59:44+00:00\",\"mainEntityOfPage\":{\"@id\":\"https:\\\/\\\/www.webdo.tn\\\/fr\\\/actualite\\\/international\\\/turquie-presidentielle-erdogan-en-tete-mais-un-second-tour-inevitable\\\/205706\\\/\"},\"wordCount\":149,\"commentCount\":0,\"publisher\":{\"@id\":\"https:\\\/\\\/www.webdo.tn\\\/fr\\\/#organization\"},\"image\":{\"@id\":\"https:\\\/\\\/www.webdo.tn\\\/fr\\\/actualite\\\/international\\\/turquie-presidentielle-erdogan-en-tete-mais-un-second-tour-inevitable\\\/205706\\\/#primaryimage\"},\"thumbnailUrl\":\"https:\\\/\\\/www.webdo.tn\\\/fr\\\/wp-content\\\/uploads\\\/2023\\\/05\\\/6407ac56c4e4311b46098b79dfd756d1.png\",\"keywords\":[\"erdogan\",\"pr\u00e9sidentielle\",\"Turquie\"],\"articleSection\":[\"International\"],\"inLanguage\":\"fr-FR\"},{\"@type\":\"WebPage\",\"@id\":\"https:\\\/\\\/www.webdo.tn\\\/fr\\\/actualite\\\/international\\\/turquie-presidentielle-erdogan-en-tete-mais-un-second-tour-inevitable\\\/205706\\\/\",\"url\":\"https:\\\/\\\/www.webdo.tn\\\/fr\\\/actualite\\\/international\\\/turquie-presidentielle-erdogan-en-tete-mais-un-second-tour-inevitable\\\/205706\\\/\",\"name\":\"Turquie - Pr\u00e9sidentielle : Erdogan en t\u00eate, mais un second tour in\u00e9vitable\",\"isPartOf\":{\"@id\":\"https:\\\/\\\/www.webdo.tn\\\/fr\\\/#website\"},\"primaryImageOfPage\":{\"@id\":\"https:\\\/\\\/www.webdo.tn\\\/fr\\\/actualite\\\/international\\\/turquie-presidentielle-erdogan-en-tete-mais-un-second-tour-inevitable\\\/205706\\\/#primaryimage\"},\"image\":{\"@id\":\"https:\\\/\\\/www.webdo.tn\\\/fr\\\/actualite\\\/international\\\/turquie-presidentielle-erdogan-en-tete-mais-un-second-tour-inevitable\\\/205706\\\/#primaryimage\"},\"thumbnailUrl\":\"https:\\\/\\\/www.webdo.tn\\\/fr\\\/wp-content\\\/uploads\\\/2023\\\/05\\\/6407ac56c4e4311b46098b79dfd756d1.png\",\"datePublished\":\"2023-05-15T10:09:00+00:00\",\"dateModified\":\"2025-05-20T21:59:44+00:00\",\"description\":\"Selon l'agence Anadolu, le pr\u00e9sident turc, Recep Tayyip Erdogan a obtenu 49,94% des voix alors que 90% des bulletins avaient \u00e9t\u00e9 d\u00e9pouill\u00e9s dimanche soir. La Tu...\",\"breadcrumb\":{\"@id\":\"https:\\\/\\\/www.webdo.tn\\\/fr\\\/actualite\\\/international\\\/turquie-presidentielle-erdogan-en-tete-mais-un-second-tour-inevitable\\\/205706\\\/#breadcrumb\"},\"inLanguage\":\"fr-FR\",\"potentialAction\":[{\"@type\":\"ReadAction\",\"target\":[\"https:\\\/\\\/www.webdo.tn\\\/fr\\\/actualite\\\/international\\\/turquie-presidentielle-erdogan-en-tete-mais-un-second-tour-inevitable\\\/205706\\\/\"]}]},{\"@type\":\"ImageObject\",\"inLanguage\":\"fr-FR\",\"@id\":\"https:\\\/\\\/www.webdo.tn\\\/fr\\\/actualite\\\/international\\\/turquie-presidentielle-erdogan-en-tete-mais-un-second-tour-inevitable\\\/205706\\\/#primaryimage\",\"url\":\"https:\\\/\\\/www.webdo.tn\\\/fr\\\/wp-content\\\/uploads\\\/2023\\\/05\\\/6407ac56c4e4311b46098b79dfd756d1.png\",\"contentUrl\":\"https:\\\/\\\/www.webdo.tn\\\/fr\\\/wp-content\\\/uploads\\\/2023\\\/05\\\/6407ac56c4e4311b46098b79dfd756d1.png\",\"width\":750,\"height\":400,\"caption\":\"Turquie - Pr\u00e9sidentielle : Erdogan en t\u00eate, mais un second tour in\u00e9vitable\"},{\"@type\":\"BreadcrumbList\",\"@id\":\"https:\\\/\\\/www.webdo.tn\\\/fr\\\/actualite\\\/international\\\/turquie-presidentielle-erdogan-en-tete-mais-un-second-tour-inevitable\\\/205706\\\/#breadcrumb\",\"itemListElement\":[{\"@type\":\"ListItem\",\"position\":1,\"name\":\"Accueil\",\"item\":\"https:\\\/\\\/www.webdo.tn\\\/fr\\\/\"},{\"@type\":\"ListItem\",\"position\":2,\"name\":\"Turquie &#8211; Pr\u00e9sidentielle : Erdogan en t\u00eate, mais un second tour in\u00e9vitable\"}]},{\"@type\":\"WebSite\",\"@id\":\"https:\\\/\\\/www.webdo.tn\\\/fr\\\/#website\",\"url\":\"https:\\\/\\\/www.webdo.tn\\\/fr\\\/\",\"name\":\"webdo\",\"description\":\"Tunisie - News en Tunisie et \u00e0 l&#039;international sur Webdo.tn\",\"publisher\":{\"@id\":\"https:\\\/\\\/www.webdo.tn\\\/fr\\\/#organization\"},\"potentialAction\":[{\"@type\":\"SearchAction\",\"target\":{\"@type\":\"EntryPoint\",\"urlTemplate\":\"https:\\\/\\\/www.webdo.tn\\\/fr\\\/?s={search_term_string}\"},\"query-input\":{\"@type\":\"PropertyValueSpecification\",\"valueRequired\":true,\"valueName\":\"search_term_string\"}}],\"inLanguage\":\"fr-FR\"},{\"@type\":\"Organization\",\"@id\":\"https:\\\/\\\/www.webdo.tn\\\/fr\\\/#organization\",\"name\":\"Webdo\",\"alternateName\":\"Webdo.tn\",\"url\":\"https:\\\/\\\/www.webdo.tn\\\/fr\\\/\",\"logo\":{\"@type\":\"ImageObject\",\"inLanguage\":\"fr-FR\",\"@id\":\"https:\\\/\\\/www.webdo.tn\\\/fr\\\/#\\\/schema\\\/logo\\\/image\\\/\",\"url\":\"https:\\\/\\\/www.webdo.tn\\\/fr\\\/wp-content\\\/uploads\\\/2025\\\/06\\\/Webdo-Tunisie_168377.jpg\",\"contentUrl\":\"https:\\\/\\\/www.webdo.tn\\\/fr\\\/wp-content\\\/uploads\\\/2025\\\/06\\\/Webdo-Tunisie_168377.jpg\",\"width\":301,\"height\":301,\"caption\":\"Webdo\"},\"image\":{\"@id\":\"https:\\\/\\\/www.webdo.tn\\\/fr\\\/#\\\/schema\\\/logo\\\/image\\\/\"},\"sameAs\":[\"https:\\\/\\\/www.facebook.com\\\/webdotn\",\"https:\\\/\\\/x.com\\\/webdo_tn\"],\"description\":\"Webdo est un m\u00e9dia num\u00e9rique tunisien fond\u00e9 en 2010, sp\u00e9cialis\u00e9 dans l\u2019actualit\u00e9 nationale et internationale, l\u2019\u00e9conomie, la soci\u00e9t\u00e9 et les analyses politiques. Le site s\u2019adresse \u00e0 un large public francophone et couvre l\u2019information tunisienne en temps r\u00e9el.\",\"email\":\"redac@webdo.tn\",\"legalName\":\"YNJ SARL\",\"foundingDate\":\"2010-09-06\",\"numberOfEmployees\":{\"@type\":\"QuantitativeValue\",\"minValue\":\"11\",\"maxValue\":\"50\"}},{\"@type\":\"Person\",\"@id\":\"https:\\\/\\\/www.webdo.tn\\\/fr\\\/#\\\/schema\\\/person\\\/2c4929cbf5a809e3bd38617c6ce150f6\",\"name\":\"MC\",\"image\":{\"@type\":\"ImageObject\",\"inLanguage\":\"fr-FR\",\"@id\":\"https:\\\/\\\/secure.gravatar.com\\\/avatar\\\/a545bbb6f84efdd5553dbbc2895e3ca8f1d12c5215e00a041c9670b54aa9b18a?s=96&d=mm&r=g\",\"url\":\"https:\\\/\\\/secure.gravatar.com\\\/avatar\\\/a545bbb6f84efdd5553dbbc2895e3ca8f1d12c5215e00a041c9670b54aa9b18a?s=96&d=mm&r=g\",\"contentUrl\":\"https:\\\/\\\/secure.gravatar.com\\\/avatar\\\/a545bbb6f84efdd5553dbbc2895e3ca8f1d12c5215e00a041c9670b54aa9b18a?s=96&d=mm&r=g\",\"caption\":\"MC\"},\"url\":\"https:\\\/\\\/www.webdo.tn\\\/fr\\\/actualite\\\/author\\\/mc\\\/\"}]}<\/script>\n<!-- \/ Yoast SEO Premium plugin. -->","yoast_head_json":{"title":"Turquie - Pr\u00e9sidentielle : Erdogan en t\u00eate, mais un second tour in\u00e9vitable","description":"Selon l'agence Anadolu, le pr\u00e9sident turc, Recep Tayyip Erdogan a obtenu 49,94% des voix alors que 90% des bulletins avaient \u00e9t\u00e9 d\u00e9pouill\u00e9s dimanche soir. La Tu...","canonical":"https:\/\/www.webdo.tn\/fr\/actualite\/international\/turquie-presidentielle-erdogan-en-tete-mais-un-second-tour-inevitable\/205706\/","og_locale":"fr_FR","og_type":"article","og_title":"Turquie - Pr\u00e9sidentielle : Erdogan en t\u00eate, mais un second tour in\u00e9vitable","og_description":"Selon l'agence Anadolu, le pr\u00e9sident turc, Recep Tayyip Erdogan a obtenu 49,94% des voix alors que 90% des bulletins avaient \u00e9t\u00e9 d\u00e9pouill\u00e9s dimanche soir. La Tu...","og_url":"https:\/\/www.webdo.tn\/fr\/actualite\/international\/turquie-presidentielle-erdogan-en-tete-mais-un-second-tour-inevitable\/205706\/","og_site_name":"webdo","article_publisher":"https:\/\/www.facebook.com\/webdotn","article_published_time":"2023-05-15T10:09:00+00:00","article_modified_time":"2025-05-20T21:59:44+00:00","og_image":[{"width":750,"height":400,"url":"https:\/\/www.webdo.tn\/fr\/wp-content\/uploads\/2023\/05\/6407ac56c4e4311b46098b79dfd756d1.png","type":"image\/png"}],"author":"MC","twitter_card":"summary_large_image","twitter_creator":"@webdo_tn","twitter_site":"@webdo_tn","twitter_misc":{"\u00c9crit par":"MC","Dur\u00e9e de lecture estim\u00e9e":"1 minute"},"schema":{"@context":"https:\/\/schema.org","@graph":[{"@type":"NewsArticle","@id":"https:\/\/www.webdo.tn\/fr\/actualite\/international\/turquie-presidentielle-erdogan-en-tete-mais-un-second-tour-inevitable\/205706\/#article","isPartOf":{"@id":"https:\/\/www.webdo.tn\/fr\/actualite\/international\/turquie-presidentielle-erdogan-en-tete-mais-un-second-tour-inevitable\/205706\/"},"author":{"name":"MC","@id":"https:\/\/www.webdo.tn\/fr\/#\/schema\/person\/2c4929cbf5a809e3bd38617c6ce150f6"},"headline":"Turquie &#8211; Pr\u00e9sidentielle : Erdogan en t\u00eate, mais un second tour in\u00e9vitable","datePublished":"2023-05-15T10:09:00+00:00","dateModified":"2025-05-20T21:59:44+00:00","mainEntityOfPage":{"@id":"https:\/\/www.webdo.tn\/fr\/actualite\/international\/turquie-presidentielle-erdogan-en-tete-mais-un-second-tour-inevitable\/205706\/"},"wordCount":149,"commentCount":0,"publisher":{"@id":"https:\/\/www.webdo.tn\/fr\/#organization"},"image":{"@id":"https:\/\/www.webdo.tn\/fr\/actualite\/international\/turquie-presidentielle-erdogan-en-tete-mais-un-second-tour-inevitable\/205706\/#primaryimage"},"thumbnailUrl":"https:\/\/www.webdo.tn\/fr\/wp-content\/uploads\/2023\/05\/6407ac56c4e4311b46098b79dfd756d1.png","keywords":["erdogan","pr\u00e9sidentielle","Turquie"],"articleSection":["International"],"inLanguage":"fr-FR"},{"@type":"WebPage","@id":"https:\/\/www.webdo.tn\/fr\/actualite\/international\/turquie-presidentielle-erdogan-en-tete-mais-un-second-tour-inevitable\/205706\/","url":"https:\/\/www.webdo.tn\/fr\/actualite\/international\/turquie-presidentielle-erdogan-en-tete-mais-un-second-tour-inevitable\/205706\/","name":"Turquie - Pr\u00e9sidentielle : Erdogan en t\u00eate, mais un second tour in\u00e9vitable","isPartOf":{"@id":"https:\/\/www.webdo.tn\/fr\/#website"},"primaryImageOfPage":{"@id":"https:\/\/www.webdo.tn\/fr\/actualite\/international\/turquie-presidentielle-erdogan-en-tete-mais-un-second-tour-inevitable\/205706\/#primaryimage"},"image":{"@id":"https:\/\/www.webdo.tn\/fr\/actualite\/international\/turquie-presidentielle-erdogan-en-tete-mais-un-second-tour-inevitable\/205706\/#primaryimage"},"thumbnailUrl":"https:\/\/www.webdo.tn\/fr\/wp-content\/uploads\/2023\/05\/6407ac56c4e4311b46098b79dfd756d1.png","datePublished":"2023-05-15T10:09:00+00:00","dateModified":"2025-05-20T21:59:44+00:00","description":"Selon l'agence Anadolu, le pr\u00e9sident turc, Recep Tayyip Erdogan a obtenu 49,94% des voix alors que 90% des bulletins avaient \u00e9t\u00e9 d\u00e9pouill\u00e9s dimanche soir. La Tu...","breadcrumb":{"@id":"https:\/\/www.webdo.tn\/fr\/actualite\/international\/turquie-presidentielle-erdogan-en-tete-mais-un-second-tour-inevitable\/205706\/#breadcrumb"},"inLanguage":"fr-FR","potentialAction":[{"@type":"ReadAction","target":["https:\/\/www.webdo.tn\/fr\/actualite\/international\/turquie-presidentielle-erdogan-en-tete-mais-un-second-tour-inevitable\/205706\/"]}]},{"@type":"ImageObject","inLanguage":"fr-FR","@id":"https:\/\/www.webdo.tn\/fr\/actualite\/international\/turquie-presidentielle-erdogan-en-tete-mais-un-second-tour-inevitable\/205706\/#primaryimage","url":"https:\/\/www.webdo.tn\/fr\/wp-content\/uploads\/2023\/05\/6407ac56c4e4311b46098b79dfd756d1.png","contentUrl":"https:\/\/www.webdo.tn\/fr\/wp-content\/uploads\/2023\/05\/6407ac56c4e4311b46098b79dfd756d1.png","width":750,"height":400,"caption":"Turquie - Pr\u00e9sidentielle : Erdogan en t\u00eate, mais un second tour in\u00e9vitable"},{"@type":"BreadcrumbList","@id":"https:\/\/www.webdo.tn\/fr\/actualite\/international\/turquie-presidentielle-erdogan-en-tete-mais-un-second-tour-inevitable\/205706\/#breadcrumb","itemListElement":[{"@type":"ListItem","position":1,"name":"Accueil","item":"https:\/\/www.webdo.tn\/fr\/"},{"@type":"ListItem","position":2,"name":"Turquie &#8211; Pr\u00e9sidentielle : Erdogan en t\u00eate, mais un second tour in\u00e9vitable"}]},{"@type":"WebSite","@id":"https:\/\/www.webdo.tn\/fr\/#website","url":"https:\/\/www.webdo.tn\/fr\/","name":"webdo","description":"Tunisie - News en Tunisie et \u00e0 l&#039;international sur Webdo.tn","publisher":{"@id":"https:\/\/www.webdo.tn\/fr\/#organization"},"potentialAction":[{"@type":"SearchAction","target":{"@type":"EntryPoint","urlTemplate":"https:\/\/www.webdo.tn\/fr\/?s={search_term_string}"},"query-input":{"@type":"PropertyValueSpecification","valueRequired":true,"valueName":"search_term_string"}}],"inLanguage":"fr-FR"},{"@type":"Organization","@id":"https:\/\/www.webdo.tn\/fr\/#organization","name":"Webdo","alternateName":"Webdo.tn","url":"https:\/\/www.webdo.tn\/fr\/","logo":{"@type":"ImageObject","inLanguage":"fr-FR","@id":"https:\/\/www.webdo.tn\/fr\/#\/schema\/logo\/image\/","url":"https:\/\/www.webdo.tn\/fr\/wp-content\/uploads\/2025\/06\/Webdo-Tunisie_168377.jpg","contentUrl":"https:\/\/www.webdo.tn\/fr\/wp-content\/uploads\/2025\/06\/Webdo-Tunisie_168377.jpg","width":301,"height":301,"caption":"Webdo"},"image":{"@id":"https:\/\/www.webdo.tn\/fr\/#\/schema\/logo\/image\/"},"sameAs":["https:\/\/www.facebook.com\/webdotn","https:\/\/x.com\/webdo_tn"],"description":"Webdo est un m\u00e9dia num\u00e9rique tunisien fond\u00e9 en 2010, sp\u00e9cialis\u00e9 dans l\u2019actualit\u00e9 nationale et internationale, l\u2019\u00e9conomie, la soci\u00e9t\u00e9 et les analyses politiques. Le site s\u2019adresse \u00e0 un large public francophone et couvre l\u2019information tunisienne en temps r\u00e9el.","email":"redac@webdo.tn","legalName":"YNJ SARL","foundingDate":"2010-09-06","numberOfEmployees":{"@type":"QuantitativeValue","minValue":"11","maxValue":"50"}},{"@type":"Person","@id":"https:\/\/www.webdo.tn\/fr\/#\/schema\/person\/2c4929cbf5a809e3bd38617c6ce150f6","name":"MC","image":{"@type":"ImageObject","inLanguage":"fr-FR","@id":"https:\/\/secure.gravatar.com\/avatar\/a545bbb6f84efdd5553dbbc2895e3ca8f1d12c5215e00a041c9670b54aa9b18a?s=96&d=mm&r=g","url":"https:\/\/secure.gravatar.com\/avatar\/a545bbb6f84efdd5553dbbc2895e3ca8f1d12c5215e00a041c9670b54aa9b18a?s=96&d=mm&r=g","contentUrl":"https:\/\/secure.gravatar.com\/avatar\/a545bbb6f84efdd5553dbbc2895e3ca8f1d12c5215e00a041c9670b54aa9b18a?s=96&d=mm&r=g","caption":"MC"},"url":"https:\/\/www.webdo.tn\/fr\/actualite\/author\/mc\/"}]}},"_links":{"self":[{"href":"https:\/\/www.webdo.tn\/fr\/wp-json\/wp\/v2\/posts\/205706","targetHints":{"allow":["GET"]}}],"collection":[{"href":"https:\/\/www.webdo.tn\/fr\/wp-json\/wp\/v2\/posts"}],"about":[{"href":"https:\/\/www.webdo.tn\/fr\/wp-json\/wp\/v2\/types\/post"}],"author":[{"embeddable":true,"href":"https:\/\/www.webdo.tn\/fr\/wp-json\/wp\/v2\/users\/3162"}],"replies":[{"embeddable":true,"href":"https:\/\/www.webdo.tn\/fr\/wp-json\/wp\/v2\/comments?post=205706"}],"version-history":[{"count":0,"href":"https:\/\/www.webdo.tn\/fr\/wp-json\/wp\/v2\/posts\/205706\/revisions"}],"wp:featuredmedia":[{"embeddable":true,"href":"https:\/\/www.webdo.tn\/fr\/wp-json\/wp\/v2\/media\/251141"}],"wp:attachment":[{"href":"https:\/\/www.webdo.tn\/fr\/wp-json\/wp\/v2\/media?parent=205706"}],"wp:term":[{"taxonomy":"category","embeddable":true,"href":"https:\/\/www.webdo.tn\/fr\/wp-json\/wp\/v2\/categories?post=205706"},{"taxonomy":"post_tag","embeddable":true,"href":"https:\/\/www.webdo.tn\/fr\/wp-json\/wp\/v2\/tags?post=205706"}],"curies":[{"name":"wp","href":"https:\/\/api.w.org\/{rel}","templated":true}]}}