{"id":205703,"date":"2023-05-15T09:21:00","date_gmt":"2023-05-15T09:21:00","guid":{"rendered":"https:\/\/www.webdo.tn\/fr\/blog\/brics-la-monnaie-commune-en-debat\/205703\/"},"modified":"2025-05-20T22:59:29","modified_gmt":"2025-05-20T22:59:29","slug":"brics-la-monnaie-commune-en-debat","status":"publish","type":"post","link":"https:\/\/www.webdo.tn\/fr\/actualite\/international\/brics-la-monnaie-commune-en-debat\/205703\/","title":{"rendered":"BRICS : la monnaie commune en d\u00e9bat !"},"content":{"rendered":"<p>L\u2019adoption d\u2019une monnaie commune aux BRICS devrait \u00eatre \u00e9voqu\u00e9e lors du Sommet des chefs d\u2019\u00c9tat de ce groupe qui se tiendra en Afrique du Sud, le 22 ao\u00fbt prochain.<\/p>\n<p>\t\t\t\t\t\t\t\t\tLe groupe des BRICS discutera de la possibilit\u00e9 d\u2019adopter une monnaie commune pour r\u00e9duire l\u2019h\u00e9g\u00e9monie du dollar am\u00e9ricain, a rapport\u00e9 Bloomberg, la semaine derni\u00e8re, citant la ministre sud-africaine des Affaires \u00e9trang\u00e8res, Naledi Pandor.<\/p>\n<p>D\u2019apr\u00e8s la ministre, \u00abla faisabilit\u00e9 de l\u2019introduction d\u2019une monnaie commune au groupe des BRICS est une question dont nous devons discuter, et dont nous devons d\u00e9battre correctement\u00bb.<\/p>\n<p>Elle a indiqu\u00e9 que \u00able d\u00e9bat sur la cr\u00e9ation d\u2019une monnaie commune pour le bloc a \u00e9t\u00e9 lanc\u00e9 par les BRICS et d\u2019autres pays qui se demandent pourquoi ils ne peuvent pas utiliser leur propre monnaie, au lieu du dollar am\u00e9ricain, pour commercer\u00bb.<\/p>\n<p>Cependant, la cheffe de la diplomatie sud-africaine s\u2019est montr\u00e9e tr\u00e8s prudente sur l\u2019issue des discussions \u00e0 ce sujet.<\/p>\n<p>\u00abJe ne pense pas que nous devions toujours supposer que l\u2019id\u00e9e fonctionnera, parce que la situation \u00e9conomique est tr\u00e8s difficile, et qu\u2019il faut tenir compte de tous les pays, en particulier dans un contexte de faible croissance lorsque l\u2019on sort d\u2019une crise\u00bb, a-t-elle dit.<\/p>\n<p>Le groupe des BRICS (Br\u00e9sil, Russie, Inde, Chine et Afrique du Sud)\u00a0 repr\u00e9sente 42% de la population de la plan\u00e8te (3,2 milliards de personnes) et pr\u00e8s de 30% du produit int\u00e9rieur brut (PIB) mondial.<\/p>\n<p>Une douzaine de pays, dont l\u2019Argentine, l\u2019Iran, l\u2019Arabie saoudite et l\u2019Alg\u00e9rie, avaient pr\u00e9sent\u00e9 ces derniers mois des demandes d\u2019adh\u00e9sion \u00e0 cette coalition de pays \u00e9mergents. La possibilit\u00e9 que la Tunisie les rejoigne n\u2019est pas \u00e9cart\u00e9e.<\/p>\n","protected":false},"excerpt":{"rendered":"<p>L\u2019adoption d\u2019une monnaie commune aux BRICS devrait \u00eatre \u00e9voqu\u00e9e lors du Sommet des chefs d\u2019\u00c9tat de ce groupe qui se tiendra en Afrique du Sud, le 22 ao\u00fbt procha&#8230;<\/p>\n","protected":false},"author":3188,"featured_media":278210,"comment_status":"open","ping_status":"closed","sticky":false,"template":"","format":"standard","meta":{"footnotes":""},"categories":[2598],"tags":[5317,8229],"class_list":["post-205703","post","type-post","status-publish","format-standard","has-post-thumbnail","hentry","category-international","tag-brics","tag-monnaie"],"yoast_head":"<!-- This site is optimized with the Yoast SEO Premium plugin v27.5 (Yoast SEO v27.5) - https:\/\/yoast.com\/product\/yoast-seo-premium-wordpress\/ -->\n<title>BRICS : la monnaie commune en d\u00e9bat !<\/title>\n<meta name=\"description\" content=\"L\u2019adoption d\u2019une monnaie commune aux BRICS devrait \u00eatre \u00e9voqu\u00e9e lors du Sommet des chefs d\u2019\u00c9tat de ce groupe qui se tiendra en Afrique du Sud, le 22 ao\u00fbt procha...\" \/>\n<link rel=\"canonical\" href=\"https:\/\/www.webdo.tn\/fr\/actualite\/international\/brics-la-monnaie-commune-en-debat\/205703\/\" \/>\n<meta property=\"og:locale\" content=\"fr_FR\" \/>\n<meta property=\"og:type\" content=\"article\" \/>\n<meta property=\"og:title\" content=\"BRICS : la monnaie commune en d\u00e9bat !\" \/>\n<meta property=\"og:description\" content=\"L\u2019adoption d\u2019une monnaie commune aux BRICS devrait \u00eatre \u00e9voqu\u00e9e lors du Sommet des chefs d\u2019\u00c9tat de ce groupe qui se tiendra en Afrique du Sud, le 22 ao\u00fbt procha...\" \/>\n<meta property=\"og:url\" content=\"https:\/\/www.webdo.tn\/fr\/actualite\/international\/brics-la-monnaie-commune-en-debat\/205703\/\" \/>\n<meta property=\"og:site_name\" content=\"webdo\" \/>\n<meta property=\"article:publisher\" content=\"https:\/\/www.facebook.com\/webdotn\" \/>\n<meta property=\"article:published_time\" content=\"2023-05-15T09:21:00+00:00\" \/>\n<meta property=\"article:modified_time\" content=\"2025-05-20T22:59:29+00:00\" \/>\n<meta property=\"og:image\" content=\"https:\/\/www.webdo.tn\/fr\/wp-content\/uploads\/2023\/05\/2717640cb7e470ca4f63811c45da2a04.jpeg\" \/>\n\t<meta property=\"og:image:width\" content=\"750\" \/>\n\t<meta property=\"og:image:height\" content=\"400\" \/>\n\t<meta property=\"og:image:type\" content=\"image\/jpeg\" \/>\n<meta name=\"author\" content=\"Ramzi\" \/>\n<meta name=\"twitter:card\" content=\"summary_large_image\" \/>\n<meta name=\"twitter:creator\" content=\"@webdo_tn\" \/>\n<meta name=\"twitter:site\" content=\"@webdo_tn\" \/>\n<meta name=\"twitter:label1\" content=\"\u00c9crit par\" \/>\n\t<meta name=\"twitter:data1\" content=\"Ramzi\" \/>\n\t<meta name=\"twitter:label2\" content=\"Dur\u00e9e de lecture estim\u00e9e\" \/>\n\t<meta name=\"twitter:data2\" content=\"2 minutes\" \/>\n<script type=\"application\/ld+json\" class=\"yoast-schema-graph\">{\"@context\":\"https:\\\/\\\/schema.org\",\"@graph\":[{\"@type\":\"NewsArticle\",\"@id\":\"https:\\\/\\\/www.webdo.tn\\\/fr\\\/actualite\\\/international\\\/brics-la-monnaie-commune-en-debat\\\/205703\\\/#article\",\"isPartOf\":{\"@id\":\"https:\\\/\\\/www.webdo.tn\\\/fr\\\/actualite\\\/international\\\/brics-la-monnaie-commune-en-debat\\\/205703\\\/\"},\"author\":{\"name\":\"Ramzi\",\"@id\":\"https:\\\/\\\/www.webdo.tn\\\/fr\\\/#\\\/schema\\\/person\\\/590cb5f81adcfde6385530fdbdf468e2\"},\"headline\":\"BRICS : la monnaie commune en d\u00e9bat !\",\"datePublished\":\"2023-05-15T09:21:00+00:00\",\"dateModified\":\"2025-05-20T22:59:29+00:00\",\"mainEntityOfPage\":{\"@id\":\"https:\\\/\\\/www.webdo.tn\\\/fr\\\/actualite\\\/international\\\/brics-la-monnaie-commune-en-debat\\\/205703\\\/\"},\"wordCount\":312,\"commentCount\":0,\"publisher\":{\"@id\":\"https:\\\/\\\/www.webdo.tn\\\/fr\\\/#organization\"},\"image\":{\"@id\":\"https:\\\/\\\/www.webdo.tn\\\/fr\\\/actualite\\\/international\\\/brics-la-monnaie-commune-en-debat\\\/205703\\\/#primaryimage\"},\"thumbnailUrl\":\"https:\\\/\\\/www.webdo.tn\\\/fr\\\/wp-content\\\/uploads\\\/2023\\\/05\\\/2717640cb7e470ca4f63811c45da2a04.jpeg\",\"keywords\":[\"BRICS\",\"monnaie\"],\"articleSection\":[\"International\"],\"inLanguage\":\"fr-FR\"},{\"@type\":\"WebPage\",\"@id\":\"https:\\\/\\\/www.webdo.tn\\\/fr\\\/actualite\\\/international\\\/brics-la-monnaie-commune-en-debat\\\/205703\\\/\",\"url\":\"https:\\\/\\\/www.webdo.tn\\\/fr\\\/actualite\\\/international\\\/brics-la-monnaie-commune-en-debat\\\/205703\\\/\",\"name\":\"BRICS : la monnaie commune en d\u00e9bat !\",\"isPartOf\":{\"@id\":\"https:\\\/\\\/www.webdo.tn\\\/fr\\\/#website\"},\"primaryImageOfPage\":{\"@id\":\"https:\\\/\\\/www.webdo.tn\\\/fr\\\/actualite\\\/international\\\/brics-la-monnaie-commune-en-debat\\\/205703\\\/#primaryimage\"},\"image\":{\"@id\":\"https:\\\/\\\/www.webdo.tn\\\/fr\\\/actualite\\\/international\\\/brics-la-monnaie-commune-en-debat\\\/205703\\\/#primaryimage\"},\"thumbnailUrl\":\"https:\\\/\\\/www.webdo.tn\\\/fr\\\/wp-content\\\/uploads\\\/2023\\\/05\\\/2717640cb7e470ca4f63811c45da2a04.jpeg\",\"datePublished\":\"2023-05-15T09:21:00+00:00\",\"dateModified\":\"2025-05-20T22:59:29+00:00\",\"description\":\"L\u2019adoption d\u2019une monnaie commune aux BRICS devrait \u00eatre \u00e9voqu\u00e9e lors du Sommet des chefs d\u2019\u00c9tat de ce groupe qui se tiendra en Afrique du Sud, le 22 ao\u00fbt procha...\",\"breadcrumb\":{\"@id\":\"https:\\\/\\\/www.webdo.tn\\\/fr\\\/actualite\\\/international\\\/brics-la-monnaie-commune-en-debat\\\/205703\\\/#breadcrumb\"},\"inLanguage\":\"fr-FR\",\"potentialAction\":[{\"@type\":\"ReadAction\",\"target\":[\"https:\\\/\\\/www.webdo.tn\\\/fr\\\/actualite\\\/international\\\/brics-la-monnaie-commune-en-debat\\\/205703\\\/\"]}]},{\"@type\":\"ImageObject\",\"inLanguage\":\"fr-FR\",\"@id\":\"https:\\\/\\\/www.webdo.tn\\\/fr\\\/actualite\\\/international\\\/brics-la-monnaie-commune-en-debat\\\/205703\\\/#primaryimage\",\"url\":\"https:\\\/\\\/www.webdo.tn\\\/fr\\\/wp-content\\\/uploads\\\/2023\\\/05\\\/2717640cb7e470ca4f63811c45da2a04.jpeg\",\"contentUrl\":\"https:\\\/\\\/www.webdo.tn\\\/fr\\\/wp-content\\\/uploads\\\/2023\\\/05\\\/2717640cb7e470ca4f63811c45da2a04.jpeg\",\"width\":750,\"height\":400,\"caption\":\"BRICS : la monnaie commune en d\u00e9bat !\"},{\"@type\":\"BreadcrumbList\",\"@id\":\"https:\\\/\\\/www.webdo.tn\\\/fr\\\/actualite\\\/international\\\/brics-la-monnaie-commune-en-debat\\\/205703\\\/#breadcrumb\",\"itemListElement\":[{\"@type\":\"ListItem\",\"position\":1,\"name\":\"Accueil\",\"item\":\"https:\\\/\\\/www.webdo.tn\\\/fr\\\/\"},{\"@type\":\"ListItem\",\"position\":2,\"name\":\"BRICS : la monnaie commune en d\u00e9bat !\"}]},{\"@type\":\"WebSite\",\"@id\":\"https:\\\/\\\/www.webdo.tn\\\/fr\\\/#website\",\"url\":\"https:\\\/\\\/www.webdo.tn\\\/fr\\\/\",\"name\":\"webdo\",\"description\":\"Tunisie - News en Tunisie et \u00e0 l&#039;international sur Webdo.tn\",\"publisher\":{\"@id\":\"https:\\\/\\\/www.webdo.tn\\\/fr\\\/#organization\"},\"potentialAction\":[{\"@type\":\"SearchAction\",\"target\":{\"@type\":\"EntryPoint\",\"urlTemplate\":\"https:\\\/\\\/www.webdo.tn\\\/fr\\\/?s={search_term_string}\"},\"query-input\":{\"@type\":\"PropertyValueSpecification\",\"valueRequired\":true,\"valueName\":\"search_term_string\"}}],\"inLanguage\":\"fr-FR\"},{\"@type\":\"Organization\",\"@id\":\"https:\\\/\\\/www.webdo.tn\\\/fr\\\/#organization\",\"name\":\"Webdo\",\"alternateName\":\"Webdo.tn\",\"url\":\"https:\\\/\\\/www.webdo.tn\\\/fr\\\/\",\"logo\":{\"@type\":\"ImageObject\",\"inLanguage\":\"fr-FR\",\"@id\":\"https:\\\/\\\/www.webdo.tn\\\/fr\\\/#\\\/schema\\\/logo\\\/image\\\/\",\"url\":\"https:\\\/\\\/www.webdo.tn\\\/fr\\\/wp-content\\\/uploads\\\/2025\\\/06\\\/Webdo-Tunisie_168377.jpg\",\"contentUrl\":\"https:\\\/\\\/www.webdo.tn\\\/fr\\\/wp-content\\\/uploads\\\/2025\\\/06\\\/Webdo-Tunisie_168377.jpg\",\"width\":301,\"height\":301,\"caption\":\"Webdo\"},\"image\":{\"@id\":\"https:\\\/\\\/www.webdo.tn\\\/fr\\\/#\\\/schema\\\/logo\\\/image\\\/\"},\"sameAs\":[\"https:\\\/\\\/www.facebook.com\\\/webdotn\",\"https:\\\/\\\/x.com\\\/webdo_tn\"],\"description\":\"Webdo est un m\u00e9dia num\u00e9rique tunisien fond\u00e9 en 2010, sp\u00e9cialis\u00e9 dans l\u2019actualit\u00e9 nationale et internationale, l\u2019\u00e9conomie, la soci\u00e9t\u00e9 et les analyses politiques. Le site s\u2019adresse \u00e0 un large public francophone et couvre l\u2019information tunisienne en temps r\u00e9el.\",\"email\":\"redac@webdo.tn\",\"legalName\":\"YNJ SARL\",\"foundingDate\":\"2010-09-06\",\"numberOfEmployees\":{\"@type\":\"QuantitativeValue\",\"minValue\":\"11\",\"maxValue\":\"50\"}},{\"@type\":\"Person\",\"@id\":\"https:\\\/\\\/www.webdo.tn\\\/fr\\\/#\\\/schema\\\/person\\\/590cb5f81adcfde6385530fdbdf468e2\",\"name\":\"Ramzi\",\"image\":{\"@type\":\"ImageObject\",\"inLanguage\":\"fr-FR\",\"@id\":\"https:\\\/\\\/secure.gravatar.com\\\/avatar\\\/48df7d18915e10cf866ba8e27604c81ff9243fd52704a1d210c3e387e1cb8d87?s=96&d=mm&r=g\",\"url\":\"https:\\\/\\\/secure.gravatar.com\\\/avatar\\\/48df7d18915e10cf866ba8e27604c81ff9243fd52704a1d210c3e387e1cb8d87?s=96&d=mm&r=g\",\"contentUrl\":\"https:\\\/\\\/secure.gravatar.com\\\/avatar\\\/48df7d18915e10cf866ba8e27604c81ff9243fd52704a1d210c3e387e1cb8d87?s=96&d=mm&r=g\",\"caption\":\"Ramzi\"},\"url\":\"https:\\\/\\\/www.webdo.tn\\\/fr\\\/actualite\\\/author\\\/ramzi\\\/\"}]}<\/script>\n<!-- \/ Yoast SEO Premium plugin. -->","yoast_head_json":{"title":"BRICS : la monnaie commune en d\u00e9bat !","description":"L\u2019adoption d\u2019une monnaie commune aux BRICS devrait \u00eatre \u00e9voqu\u00e9e lors du Sommet des chefs d\u2019\u00c9tat de ce groupe qui se tiendra en Afrique du Sud, le 22 ao\u00fbt procha...","canonical":"https:\/\/www.webdo.tn\/fr\/actualite\/international\/brics-la-monnaie-commune-en-debat\/205703\/","og_locale":"fr_FR","og_type":"article","og_title":"BRICS : la monnaie commune en d\u00e9bat !","og_description":"L\u2019adoption d\u2019une monnaie commune aux BRICS devrait \u00eatre \u00e9voqu\u00e9e lors du Sommet des chefs d\u2019\u00c9tat de ce groupe qui se tiendra en Afrique du Sud, le 22 ao\u00fbt procha...","og_url":"https:\/\/www.webdo.tn\/fr\/actualite\/international\/brics-la-monnaie-commune-en-debat\/205703\/","og_site_name":"webdo","article_publisher":"https:\/\/www.facebook.com\/webdotn","article_published_time":"2023-05-15T09:21:00+00:00","article_modified_time":"2025-05-20T22:59:29+00:00","og_image":[{"width":750,"height":400,"url":"https:\/\/www.webdo.tn\/fr\/wp-content\/uploads\/2023\/05\/2717640cb7e470ca4f63811c45da2a04.jpeg","type":"image\/jpeg"}],"author":"Ramzi","twitter_card":"summary_large_image","twitter_creator":"@webdo_tn","twitter_site":"@webdo_tn","twitter_misc":{"\u00c9crit par":"Ramzi","Dur\u00e9e de lecture estim\u00e9e":"2 minutes"},"schema":{"@context":"https:\/\/schema.org","@graph":[{"@type":"NewsArticle","@id":"https:\/\/www.webdo.tn\/fr\/actualite\/international\/brics-la-monnaie-commune-en-debat\/205703\/#article","isPartOf":{"@id":"https:\/\/www.webdo.tn\/fr\/actualite\/international\/brics-la-monnaie-commune-en-debat\/205703\/"},"author":{"name":"Ramzi","@id":"https:\/\/www.webdo.tn\/fr\/#\/schema\/person\/590cb5f81adcfde6385530fdbdf468e2"},"headline":"BRICS : la monnaie commune en d\u00e9bat !","datePublished":"2023-05-15T09:21:00+00:00","dateModified":"2025-05-20T22:59:29+00:00","mainEntityOfPage":{"@id":"https:\/\/www.webdo.tn\/fr\/actualite\/international\/brics-la-monnaie-commune-en-debat\/205703\/"},"wordCount":312,"commentCount":0,"publisher":{"@id":"https:\/\/www.webdo.tn\/fr\/#organization"},"image":{"@id":"https:\/\/www.webdo.tn\/fr\/actualite\/international\/brics-la-monnaie-commune-en-debat\/205703\/#primaryimage"},"thumbnailUrl":"https:\/\/www.webdo.tn\/fr\/wp-content\/uploads\/2023\/05\/2717640cb7e470ca4f63811c45da2a04.jpeg","keywords":["BRICS","monnaie"],"articleSection":["International"],"inLanguage":"fr-FR"},{"@type":"WebPage","@id":"https:\/\/www.webdo.tn\/fr\/actualite\/international\/brics-la-monnaie-commune-en-debat\/205703\/","url":"https:\/\/www.webdo.tn\/fr\/actualite\/international\/brics-la-monnaie-commune-en-debat\/205703\/","name":"BRICS : la monnaie commune en d\u00e9bat !","isPartOf":{"@id":"https:\/\/www.webdo.tn\/fr\/#website"},"primaryImageOfPage":{"@id":"https:\/\/www.webdo.tn\/fr\/actualite\/international\/brics-la-monnaie-commune-en-debat\/205703\/#primaryimage"},"image":{"@id":"https:\/\/www.webdo.tn\/fr\/actualite\/international\/brics-la-monnaie-commune-en-debat\/205703\/#primaryimage"},"thumbnailUrl":"https:\/\/www.webdo.tn\/fr\/wp-content\/uploads\/2023\/05\/2717640cb7e470ca4f63811c45da2a04.jpeg","datePublished":"2023-05-15T09:21:00+00:00","dateModified":"2025-05-20T22:59:29+00:00","description":"L\u2019adoption d\u2019une monnaie commune aux BRICS devrait \u00eatre \u00e9voqu\u00e9e lors du Sommet des chefs d\u2019\u00c9tat de ce groupe qui se tiendra en Afrique du Sud, le 22 ao\u00fbt procha...","breadcrumb":{"@id":"https:\/\/www.webdo.tn\/fr\/actualite\/international\/brics-la-monnaie-commune-en-debat\/205703\/#breadcrumb"},"inLanguage":"fr-FR","potentialAction":[{"@type":"ReadAction","target":["https:\/\/www.webdo.tn\/fr\/actualite\/international\/brics-la-monnaie-commune-en-debat\/205703\/"]}]},{"@type":"ImageObject","inLanguage":"fr-FR","@id":"https:\/\/www.webdo.tn\/fr\/actualite\/international\/brics-la-monnaie-commune-en-debat\/205703\/#primaryimage","url":"https:\/\/www.webdo.tn\/fr\/wp-content\/uploads\/2023\/05\/2717640cb7e470ca4f63811c45da2a04.jpeg","contentUrl":"https:\/\/www.webdo.tn\/fr\/wp-content\/uploads\/2023\/05\/2717640cb7e470ca4f63811c45da2a04.jpeg","width":750,"height":400,"caption":"BRICS : la monnaie commune en d\u00e9bat !"},{"@type":"BreadcrumbList","@id":"https:\/\/www.webdo.tn\/fr\/actualite\/international\/brics-la-monnaie-commune-en-debat\/205703\/#breadcrumb","itemListElement":[{"@type":"ListItem","position":1,"name":"Accueil","item":"https:\/\/www.webdo.tn\/fr\/"},{"@type":"ListItem","position":2,"name":"BRICS : la monnaie commune en d\u00e9bat !"}]},{"@type":"WebSite","@id":"https:\/\/www.webdo.tn\/fr\/#website","url":"https:\/\/www.webdo.tn\/fr\/","name":"webdo","description":"Tunisie - News en Tunisie et \u00e0 l&#039;international sur Webdo.tn","publisher":{"@id":"https:\/\/www.webdo.tn\/fr\/#organization"},"potentialAction":[{"@type":"SearchAction","target":{"@type":"EntryPoint","urlTemplate":"https:\/\/www.webdo.tn\/fr\/?s={search_term_string}"},"query-input":{"@type":"PropertyValueSpecification","valueRequired":true,"valueName":"search_term_string"}}],"inLanguage":"fr-FR"},{"@type":"Organization","@id":"https:\/\/www.webdo.tn\/fr\/#organization","name":"Webdo","alternateName":"Webdo.tn","url":"https:\/\/www.webdo.tn\/fr\/","logo":{"@type":"ImageObject","inLanguage":"fr-FR","@id":"https:\/\/www.webdo.tn\/fr\/#\/schema\/logo\/image\/","url":"https:\/\/www.webdo.tn\/fr\/wp-content\/uploads\/2025\/06\/Webdo-Tunisie_168377.jpg","contentUrl":"https:\/\/www.webdo.tn\/fr\/wp-content\/uploads\/2025\/06\/Webdo-Tunisie_168377.jpg","width":301,"height":301,"caption":"Webdo"},"image":{"@id":"https:\/\/www.webdo.tn\/fr\/#\/schema\/logo\/image\/"},"sameAs":["https:\/\/www.facebook.com\/webdotn","https:\/\/x.com\/webdo_tn"],"description":"Webdo est un m\u00e9dia num\u00e9rique tunisien fond\u00e9 en 2010, sp\u00e9cialis\u00e9 dans l\u2019actualit\u00e9 nationale et internationale, l\u2019\u00e9conomie, la soci\u00e9t\u00e9 et les analyses politiques. Le site s\u2019adresse \u00e0 un large public francophone et couvre l\u2019information tunisienne en temps r\u00e9el.","email":"redac@webdo.tn","legalName":"YNJ SARL","foundingDate":"2010-09-06","numberOfEmployees":{"@type":"QuantitativeValue","minValue":"11","maxValue":"50"}},{"@type":"Person","@id":"https:\/\/www.webdo.tn\/fr\/#\/schema\/person\/590cb5f81adcfde6385530fdbdf468e2","name":"Ramzi","image":{"@type":"ImageObject","inLanguage":"fr-FR","@id":"https:\/\/secure.gravatar.com\/avatar\/48df7d18915e10cf866ba8e27604c81ff9243fd52704a1d210c3e387e1cb8d87?s=96&d=mm&r=g","url":"https:\/\/secure.gravatar.com\/avatar\/48df7d18915e10cf866ba8e27604c81ff9243fd52704a1d210c3e387e1cb8d87?s=96&d=mm&r=g","contentUrl":"https:\/\/secure.gravatar.com\/avatar\/48df7d18915e10cf866ba8e27604c81ff9243fd52704a1d210c3e387e1cb8d87?s=96&d=mm&r=g","caption":"Ramzi"},"url":"https:\/\/www.webdo.tn\/fr\/actualite\/author\/ramzi\/"}]}},"_links":{"self":[{"href":"https:\/\/www.webdo.tn\/fr\/wp-json\/wp\/v2\/posts\/205703","targetHints":{"allow":["GET"]}}],"collection":[{"href":"https:\/\/www.webdo.tn\/fr\/wp-json\/wp\/v2\/posts"}],"about":[{"href":"https:\/\/www.webdo.tn\/fr\/wp-json\/wp\/v2\/types\/post"}],"author":[{"embeddable":true,"href":"https:\/\/www.webdo.tn\/fr\/wp-json\/wp\/v2\/users\/3188"}],"replies":[{"embeddable":true,"href":"https:\/\/www.webdo.tn\/fr\/wp-json\/wp\/v2\/comments?post=205703"}],"version-history":[{"count":0,"href":"https:\/\/www.webdo.tn\/fr\/wp-json\/wp\/v2\/posts\/205703\/revisions"}],"wp:featuredmedia":[{"embeddable":true,"href":"https:\/\/www.webdo.tn\/fr\/wp-json\/wp\/v2\/media\/278210"}],"wp:attachment":[{"href":"https:\/\/www.webdo.tn\/fr\/wp-json\/wp\/v2\/media?parent=205703"}],"wp:term":[{"taxonomy":"category","embeddable":true,"href":"https:\/\/www.webdo.tn\/fr\/wp-json\/wp\/v2\/categories?post=205703"},{"taxonomy":"post_tag","embeddable":true,"href":"https:\/\/www.webdo.tn\/fr\/wp-json\/wp\/v2\/tags?post=205703"}],"curies":[{"name":"wp","href":"https:\/\/api.w.org\/{rel}","templated":true}]}}