{"id":205679,"date":"2023-05-13T09:25:00","date_gmt":"2023-05-13T09:25:00","guid":{"rendered":"https:\/\/www.webdo.tn\/fr\/blog\/tunisie-telecom-l-inclusion-des-femmes-au-coeur-de-l-entreprise\/205679\/"},"modified":"2025-05-20T22:58:19","modified_gmt":"2025-05-20T22:58:19","slug":"tunisie-telecom-l-inclusion-des-femmes-au-coeur-de-l-entreprise","status":"publish","type":"post","link":"https:\/\/www.webdo.tn\/fr\/actualite\/national\/tunisie-telecom-l-inclusion-des-femmes-au-coeur-de-l-entreprise\/205679\/","title":{"rendered":"Tunisie Telecom : l\u2019inclusion des femmes au c\u0153ur de l\u2019entreprise"},"content":{"rendered":"<p>A l\u2019occasion du Forum du Sommet Mondial sur la Soci\u00e9t\u00e9 de l\u2019Information 2023 (Forum SMSI 2023), Tunisie Telecom a particip\u00e9, le 4 mai 2023, \u00e0 la session virtuelle sur le th\u00e8me \u00ab Les Normes Sensibles au Genre : pourquoi une optique de genre dans la normalisation des TIC est-elle importante ? \u00bb<\/p>\n<p>\t\t\t\t\t\t\t\t\tTunisie Telecom \u00e9tait repr\u00e9sent\u00e9e dans cette session par Dr Rim Belhassine-Cherif, la Directrice Centrale de l\u2019Innovation et de la Strat\u00e9gie et la Responsable de la Transformation Digitale. Elle est \u00e9galement la pr\u00e9sidente du R\u00e9seau des Femmes dans le secteur de la normalisation de l\u2019UIT.<\/p>\n<p>Durant cette session, Dr Belhassine-Cherif a pr\u00e9sid\u00e9 \u00e0 l\u2019ouverture et particip\u00e9 au panel de discussion.<\/p>\n<p>La dirigeante a pr\u00e9sent\u00e9 les activit\u00e9s du secteur de la normalisation de l\u2019UIT de fa\u00e7on \u00e0 assurer une inclusion des processus d\u2019\u00e9laboration des normes. Elle a, par la suite, propos\u00e9 des recommandations sur la mani\u00e8re avec laquelle les organismes de normalisation peuvent assurer une normalisation des TIC sensible au genre.<\/p>\n<p>La session du Forum SMSI 2023 est organis\u00e9e conjointement par l\u2019Union Internationale des T\u00e9l\u00e9communications (UIT), la Commission Economique pour l\u2019Europe des Nations Unies (UNECE), l\u2019Organisation Internationale de Normalisation (ISO), la Commission Electrotechnique Internationale (IEC) et le Canada.<\/p>\n","protected":false},"excerpt":{"rendered":"<p>A l\u2019occasion du Forum du Sommet Mondial sur la Soci\u00e9t\u00e9 de l\u2019Information 2023 (Forum SMSI 2023), Tunisie Telecom a particip\u00e9, le 4 mai 2023, \u00e0 la session virtuel&#8230;<\/p>\n","protected":false},"author":3188,"featured_media":251162,"comment_status":"open","ping_status":"closed","sticky":false,"template":"","format":"standard","meta":{"footnotes":""},"categories":[44],"tags":[3700,8436,8437,2931],"class_list":["post-205679","post","type-post","status-publish","format-standard","has-post-thumbnail","hentry","category-national","tag-femmes","tag-inclusion","tag-smsi","tag-tunisie-telecom"],"yoast_head":"<!-- This site is optimized with the Yoast SEO Premium plugin v27.5 (Yoast SEO v27.5) - https:\/\/yoast.com\/product\/yoast-seo-premium-wordpress\/ -->\n<title>Tunisie Telecom : l\u2019inclusion des femmes au c\u0153ur de l\u2019entreprise<\/title>\n<meta name=\"description\" content=\"A l\u2019occasion du Forum du Sommet Mondial sur la Soci\u00e9t\u00e9 de l\u2019Information 2023 (Forum SMSI 2023), Tunisie Telecom a particip\u00e9, le 4 mai 2023, \u00e0 la session virtuel...\" \/>\n<link rel=\"canonical\" href=\"https:\/\/www.webdo.tn\/fr\/actualite\/national\/tunisie-telecom-l-inclusion-des-femmes-au-coeur-de-l-entreprise\/205679\/\" \/>\n<meta property=\"og:locale\" content=\"fr_FR\" \/>\n<meta property=\"og:type\" content=\"article\" \/>\n<meta property=\"og:title\" content=\"Tunisie Telecom : l\u2019inclusion des femmes au c\u0153ur de l\u2019entreprise\" \/>\n<meta property=\"og:description\" content=\"A l\u2019occasion du Forum du Sommet Mondial sur la Soci\u00e9t\u00e9 de l\u2019Information 2023 (Forum SMSI 2023), Tunisie Telecom a particip\u00e9, le 4 mai 2023, \u00e0 la session virtuel...\" \/>\n<meta property=\"og:url\" content=\"https:\/\/www.webdo.tn\/fr\/actualite\/national\/tunisie-telecom-l-inclusion-des-femmes-au-coeur-de-l-entreprise\/205679\/\" \/>\n<meta property=\"og:site_name\" content=\"webdo\" \/>\n<meta property=\"article:publisher\" content=\"https:\/\/www.facebook.com\/webdotn\" \/>\n<meta property=\"article:published_time\" content=\"2023-05-13T09:25:00+00:00\" \/>\n<meta property=\"article:modified_time\" content=\"2025-05-20T22:58:19+00:00\" \/>\n<meta property=\"og:image\" content=\"https:\/\/www.webdo.tn\/fr\/wp-content\/uploads\/2023\/05\/fbc7b864fc7c1cbeeefdaf349b5ed337.jpg\" \/>\n\t<meta property=\"og:image:width\" content=\"750\" \/>\n\t<meta property=\"og:image:height\" content=\"400\" \/>\n\t<meta property=\"og:image:type\" content=\"image\/jpeg\" \/>\n<meta name=\"author\" content=\"Ramzi\" \/>\n<meta name=\"twitter:card\" content=\"summary_large_image\" \/>\n<meta name=\"twitter:creator\" content=\"@webdo_tn\" \/>\n<meta name=\"twitter:site\" content=\"@webdo_tn\" \/>\n<meta name=\"twitter:label1\" content=\"\u00c9crit par\" \/>\n\t<meta name=\"twitter:data1\" content=\"Ramzi\" \/>\n\t<meta name=\"twitter:label2\" content=\"Dur\u00e9e de lecture estim\u00e9e\" \/>\n\t<meta name=\"twitter:data2\" content=\"1 minute\" \/>\n<script type=\"application\/ld+json\" class=\"yoast-schema-graph\">{\"@context\":\"https:\\\/\\\/schema.org\",\"@graph\":[{\"@type\":\"NewsArticle\",\"@id\":\"https:\\\/\\\/www.webdo.tn\\\/fr\\\/actualite\\\/national\\\/tunisie-telecom-l-inclusion-des-femmes-au-coeur-de-l-entreprise\\\/205679\\\/#article\",\"isPartOf\":{\"@id\":\"https:\\\/\\\/www.webdo.tn\\\/fr\\\/actualite\\\/national\\\/tunisie-telecom-l-inclusion-des-femmes-au-coeur-de-l-entreprise\\\/205679\\\/\"},\"author\":{\"name\":\"Ramzi\",\"@id\":\"https:\\\/\\\/www.webdo.tn\\\/fr\\\/#\\\/schema\\\/person\\\/590cb5f81adcfde6385530fdbdf468e2\"},\"headline\":\"Tunisie Telecom : l\u2019inclusion des femmes au c\u0153ur de l\u2019entreprise\",\"datePublished\":\"2023-05-13T09:25:00+00:00\",\"dateModified\":\"2025-05-20T22:58:19+00:00\",\"mainEntityOfPage\":{\"@id\":\"https:\\\/\\\/www.webdo.tn\\\/fr\\\/actualite\\\/national\\\/tunisie-telecom-l-inclusion-des-femmes-au-coeur-de-l-entreprise\\\/205679\\\/\"},\"wordCount\":223,\"commentCount\":0,\"publisher\":{\"@id\":\"https:\\\/\\\/www.webdo.tn\\\/fr\\\/#organization\"},\"image\":{\"@id\":\"https:\\\/\\\/www.webdo.tn\\\/fr\\\/actualite\\\/national\\\/tunisie-telecom-l-inclusion-des-femmes-au-coeur-de-l-entreprise\\\/205679\\\/#primaryimage\"},\"thumbnailUrl\":\"https:\\\/\\\/www.webdo.tn\\\/fr\\\/wp-content\\\/uploads\\\/2023\\\/05\\\/fbc7b864fc7c1cbeeefdaf349b5ed337.jpg\",\"keywords\":[\"femmes\",\"inclusion\",\"SMSI\",\"Tunisie Telecom\"],\"articleSection\":[\"National\"],\"inLanguage\":\"fr-FR\"},{\"@type\":\"WebPage\",\"@id\":\"https:\\\/\\\/www.webdo.tn\\\/fr\\\/actualite\\\/national\\\/tunisie-telecom-l-inclusion-des-femmes-au-coeur-de-l-entreprise\\\/205679\\\/\",\"url\":\"https:\\\/\\\/www.webdo.tn\\\/fr\\\/actualite\\\/national\\\/tunisie-telecom-l-inclusion-des-femmes-au-coeur-de-l-entreprise\\\/205679\\\/\",\"name\":\"Tunisie Telecom : l\u2019inclusion des femmes au c\u0153ur de l\u2019entreprise\",\"isPartOf\":{\"@id\":\"https:\\\/\\\/www.webdo.tn\\\/fr\\\/#website\"},\"primaryImageOfPage\":{\"@id\":\"https:\\\/\\\/www.webdo.tn\\\/fr\\\/actualite\\\/national\\\/tunisie-telecom-l-inclusion-des-femmes-au-coeur-de-l-entreprise\\\/205679\\\/#primaryimage\"},\"image\":{\"@id\":\"https:\\\/\\\/www.webdo.tn\\\/fr\\\/actualite\\\/national\\\/tunisie-telecom-l-inclusion-des-femmes-au-coeur-de-l-entreprise\\\/205679\\\/#primaryimage\"},\"thumbnailUrl\":\"https:\\\/\\\/www.webdo.tn\\\/fr\\\/wp-content\\\/uploads\\\/2023\\\/05\\\/fbc7b864fc7c1cbeeefdaf349b5ed337.jpg\",\"datePublished\":\"2023-05-13T09:25:00+00:00\",\"dateModified\":\"2025-05-20T22:58:19+00:00\",\"description\":\"A l\u2019occasion du Forum du Sommet Mondial sur la Soci\u00e9t\u00e9 de l\u2019Information 2023 (Forum SMSI 2023), Tunisie Telecom a particip\u00e9, le 4 mai 2023, \u00e0 la session virtuel...\",\"breadcrumb\":{\"@id\":\"https:\\\/\\\/www.webdo.tn\\\/fr\\\/actualite\\\/national\\\/tunisie-telecom-l-inclusion-des-femmes-au-coeur-de-l-entreprise\\\/205679\\\/#breadcrumb\"},\"inLanguage\":\"fr-FR\",\"potentialAction\":[{\"@type\":\"ReadAction\",\"target\":[\"https:\\\/\\\/www.webdo.tn\\\/fr\\\/actualite\\\/national\\\/tunisie-telecom-l-inclusion-des-femmes-au-coeur-de-l-entreprise\\\/205679\\\/\"]}]},{\"@type\":\"ImageObject\",\"inLanguage\":\"fr-FR\",\"@id\":\"https:\\\/\\\/www.webdo.tn\\\/fr\\\/actualite\\\/national\\\/tunisie-telecom-l-inclusion-des-femmes-au-coeur-de-l-entreprise\\\/205679\\\/#primaryimage\",\"url\":\"https:\\\/\\\/www.webdo.tn\\\/fr\\\/wp-content\\\/uploads\\\/2023\\\/05\\\/fbc7b864fc7c1cbeeefdaf349b5ed337.jpg\",\"contentUrl\":\"https:\\\/\\\/www.webdo.tn\\\/fr\\\/wp-content\\\/uploads\\\/2023\\\/05\\\/fbc7b864fc7c1cbeeefdaf349b5ed337.jpg\",\"width\":750,\"height\":400,\"caption\":\"Dr. Rim Belhassine-Cherif\"},{\"@type\":\"BreadcrumbList\",\"@id\":\"https:\\\/\\\/www.webdo.tn\\\/fr\\\/actualite\\\/national\\\/tunisie-telecom-l-inclusion-des-femmes-au-coeur-de-l-entreprise\\\/205679\\\/#breadcrumb\",\"itemListElement\":[{\"@type\":\"ListItem\",\"position\":1,\"name\":\"Accueil\",\"item\":\"https:\\\/\\\/www.webdo.tn\\\/fr\\\/\"},{\"@type\":\"ListItem\",\"position\":2,\"name\":\"Tunisie Telecom : l\u2019inclusion des femmes au c\u0153ur de l\u2019entreprise\"}]},{\"@type\":\"WebSite\",\"@id\":\"https:\\\/\\\/www.webdo.tn\\\/fr\\\/#website\",\"url\":\"https:\\\/\\\/www.webdo.tn\\\/fr\\\/\",\"name\":\"webdo\",\"description\":\"Tunisie - News en Tunisie et \u00e0 l&#039;international sur Webdo.tn\",\"publisher\":{\"@id\":\"https:\\\/\\\/www.webdo.tn\\\/fr\\\/#organization\"},\"potentialAction\":[{\"@type\":\"SearchAction\",\"target\":{\"@type\":\"EntryPoint\",\"urlTemplate\":\"https:\\\/\\\/www.webdo.tn\\\/fr\\\/?s={search_term_string}\"},\"query-input\":{\"@type\":\"PropertyValueSpecification\",\"valueRequired\":true,\"valueName\":\"search_term_string\"}}],\"inLanguage\":\"fr-FR\"},{\"@type\":\"Organization\",\"@id\":\"https:\\\/\\\/www.webdo.tn\\\/fr\\\/#organization\",\"name\":\"Webdo\",\"alternateName\":\"Webdo.tn\",\"url\":\"https:\\\/\\\/www.webdo.tn\\\/fr\\\/\",\"logo\":{\"@type\":\"ImageObject\",\"inLanguage\":\"fr-FR\",\"@id\":\"https:\\\/\\\/www.webdo.tn\\\/fr\\\/#\\\/schema\\\/logo\\\/image\\\/\",\"url\":\"https:\\\/\\\/www.webdo.tn\\\/fr\\\/wp-content\\\/uploads\\\/2025\\\/06\\\/Webdo-Tunisie_168377.jpg\",\"contentUrl\":\"https:\\\/\\\/www.webdo.tn\\\/fr\\\/wp-content\\\/uploads\\\/2025\\\/06\\\/Webdo-Tunisie_168377.jpg\",\"width\":301,\"height\":301,\"caption\":\"Webdo\"},\"image\":{\"@id\":\"https:\\\/\\\/www.webdo.tn\\\/fr\\\/#\\\/schema\\\/logo\\\/image\\\/\"},\"sameAs\":[\"https:\\\/\\\/www.facebook.com\\\/webdotn\",\"https:\\\/\\\/x.com\\\/webdo_tn\"],\"description\":\"Webdo est un m\u00e9dia num\u00e9rique tunisien fond\u00e9 en 2010, sp\u00e9cialis\u00e9 dans l\u2019actualit\u00e9 nationale et internationale, l\u2019\u00e9conomie, la soci\u00e9t\u00e9 et les analyses politiques. Le site s\u2019adresse \u00e0 un large public francophone et couvre l\u2019information tunisienne en temps r\u00e9el.\",\"email\":\"redac@webdo.tn\",\"legalName\":\"YNJ SARL\",\"foundingDate\":\"2010-09-06\",\"numberOfEmployees\":{\"@type\":\"QuantitativeValue\",\"minValue\":\"11\",\"maxValue\":\"50\"}},{\"@type\":\"Person\",\"@id\":\"https:\\\/\\\/www.webdo.tn\\\/fr\\\/#\\\/schema\\\/person\\\/590cb5f81adcfde6385530fdbdf468e2\",\"name\":\"Ramzi\",\"image\":{\"@type\":\"ImageObject\",\"inLanguage\":\"fr-FR\",\"@id\":\"https:\\\/\\\/secure.gravatar.com\\\/avatar\\\/48df7d18915e10cf866ba8e27604c81ff9243fd52704a1d210c3e387e1cb8d87?s=96&d=mm&r=g\",\"url\":\"https:\\\/\\\/secure.gravatar.com\\\/avatar\\\/48df7d18915e10cf866ba8e27604c81ff9243fd52704a1d210c3e387e1cb8d87?s=96&d=mm&r=g\",\"contentUrl\":\"https:\\\/\\\/secure.gravatar.com\\\/avatar\\\/48df7d18915e10cf866ba8e27604c81ff9243fd52704a1d210c3e387e1cb8d87?s=96&d=mm&r=g\",\"caption\":\"Ramzi\"},\"url\":\"https:\\\/\\\/www.webdo.tn\\\/fr\\\/actualite\\\/author\\\/ramzi\\\/\"}]}<\/script>\n<!-- \/ Yoast SEO Premium plugin. -->","yoast_head_json":{"title":"Tunisie Telecom : l\u2019inclusion des femmes au c\u0153ur de l\u2019entreprise","description":"A l\u2019occasion du Forum du Sommet Mondial sur la Soci\u00e9t\u00e9 de l\u2019Information 2023 (Forum SMSI 2023), Tunisie Telecom a particip\u00e9, le 4 mai 2023, \u00e0 la session virtuel...","canonical":"https:\/\/www.webdo.tn\/fr\/actualite\/national\/tunisie-telecom-l-inclusion-des-femmes-au-coeur-de-l-entreprise\/205679\/","og_locale":"fr_FR","og_type":"article","og_title":"Tunisie Telecom : l\u2019inclusion des femmes au c\u0153ur de l\u2019entreprise","og_description":"A l\u2019occasion du Forum du Sommet Mondial sur la Soci\u00e9t\u00e9 de l\u2019Information 2023 (Forum SMSI 2023), Tunisie Telecom a particip\u00e9, le 4 mai 2023, \u00e0 la session virtuel...","og_url":"https:\/\/www.webdo.tn\/fr\/actualite\/national\/tunisie-telecom-l-inclusion-des-femmes-au-coeur-de-l-entreprise\/205679\/","og_site_name":"webdo","article_publisher":"https:\/\/www.facebook.com\/webdotn","article_published_time":"2023-05-13T09:25:00+00:00","article_modified_time":"2025-05-20T22:58:19+00:00","og_image":[{"width":750,"height":400,"url":"https:\/\/www.webdo.tn\/fr\/wp-content\/uploads\/2023\/05\/fbc7b864fc7c1cbeeefdaf349b5ed337.jpg","type":"image\/jpeg"}],"author":"Ramzi","twitter_card":"summary_large_image","twitter_creator":"@webdo_tn","twitter_site":"@webdo_tn","twitter_misc":{"\u00c9crit par":"Ramzi","Dur\u00e9e de lecture estim\u00e9e":"1 minute"},"schema":{"@context":"https:\/\/schema.org","@graph":[{"@type":"NewsArticle","@id":"https:\/\/www.webdo.tn\/fr\/actualite\/national\/tunisie-telecom-l-inclusion-des-femmes-au-coeur-de-l-entreprise\/205679\/#article","isPartOf":{"@id":"https:\/\/www.webdo.tn\/fr\/actualite\/national\/tunisie-telecom-l-inclusion-des-femmes-au-coeur-de-l-entreprise\/205679\/"},"author":{"name":"Ramzi","@id":"https:\/\/www.webdo.tn\/fr\/#\/schema\/person\/590cb5f81adcfde6385530fdbdf468e2"},"headline":"Tunisie Telecom : l\u2019inclusion des femmes au c\u0153ur de l\u2019entreprise","datePublished":"2023-05-13T09:25:00+00:00","dateModified":"2025-05-20T22:58:19+00:00","mainEntityOfPage":{"@id":"https:\/\/www.webdo.tn\/fr\/actualite\/national\/tunisie-telecom-l-inclusion-des-femmes-au-coeur-de-l-entreprise\/205679\/"},"wordCount":223,"commentCount":0,"publisher":{"@id":"https:\/\/www.webdo.tn\/fr\/#organization"},"image":{"@id":"https:\/\/www.webdo.tn\/fr\/actualite\/national\/tunisie-telecom-l-inclusion-des-femmes-au-coeur-de-l-entreprise\/205679\/#primaryimage"},"thumbnailUrl":"https:\/\/www.webdo.tn\/fr\/wp-content\/uploads\/2023\/05\/fbc7b864fc7c1cbeeefdaf349b5ed337.jpg","keywords":["femmes","inclusion","SMSI","Tunisie Telecom"],"articleSection":["National"],"inLanguage":"fr-FR"},{"@type":"WebPage","@id":"https:\/\/www.webdo.tn\/fr\/actualite\/national\/tunisie-telecom-l-inclusion-des-femmes-au-coeur-de-l-entreprise\/205679\/","url":"https:\/\/www.webdo.tn\/fr\/actualite\/national\/tunisie-telecom-l-inclusion-des-femmes-au-coeur-de-l-entreprise\/205679\/","name":"Tunisie Telecom : l\u2019inclusion des femmes au c\u0153ur de l\u2019entreprise","isPartOf":{"@id":"https:\/\/www.webdo.tn\/fr\/#website"},"primaryImageOfPage":{"@id":"https:\/\/www.webdo.tn\/fr\/actualite\/national\/tunisie-telecom-l-inclusion-des-femmes-au-coeur-de-l-entreprise\/205679\/#primaryimage"},"image":{"@id":"https:\/\/www.webdo.tn\/fr\/actualite\/national\/tunisie-telecom-l-inclusion-des-femmes-au-coeur-de-l-entreprise\/205679\/#primaryimage"},"thumbnailUrl":"https:\/\/www.webdo.tn\/fr\/wp-content\/uploads\/2023\/05\/fbc7b864fc7c1cbeeefdaf349b5ed337.jpg","datePublished":"2023-05-13T09:25:00+00:00","dateModified":"2025-05-20T22:58:19+00:00","description":"A l\u2019occasion du Forum du Sommet Mondial sur la Soci\u00e9t\u00e9 de l\u2019Information 2023 (Forum SMSI 2023), Tunisie Telecom a particip\u00e9, le 4 mai 2023, \u00e0 la session virtuel...","breadcrumb":{"@id":"https:\/\/www.webdo.tn\/fr\/actualite\/national\/tunisie-telecom-l-inclusion-des-femmes-au-coeur-de-l-entreprise\/205679\/#breadcrumb"},"inLanguage":"fr-FR","potentialAction":[{"@type":"ReadAction","target":["https:\/\/www.webdo.tn\/fr\/actualite\/national\/tunisie-telecom-l-inclusion-des-femmes-au-coeur-de-l-entreprise\/205679\/"]}]},{"@type":"ImageObject","inLanguage":"fr-FR","@id":"https:\/\/www.webdo.tn\/fr\/actualite\/national\/tunisie-telecom-l-inclusion-des-femmes-au-coeur-de-l-entreprise\/205679\/#primaryimage","url":"https:\/\/www.webdo.tn\/fr\/wp-content\/uploads\/2023\/05\/fbc7b864fc7c1cbeeefdaf349b5ed337.jpg","contentUrl":"https:\/\/www.webdo.tn\/fr\/wp-content\/uploads\/2023\/05\/fbc7b864fc7c1cbeeefdaf349b5ed337.jpg","width":750,"height":400,"caption":"Dr. Rim Belhassine-Cherif"},{"@type":"BreadcrumbList","@id":"https:\/\/www.webdo.tn\/fr\/actualite\/national\/tunisie-telecom-l-inclusion-des-femmes-au-coeur-de-l-entreprise\/205679\/#breadcrumb","itemListElement":[{"@type":"ListItem","position":1,"name":"Accueil","item":"https:\/\/www.webdo.tn\/fr\/"},{"@type":"ListItem","position":2,"name":"Tunisie Telecom : l\u2019inclusion des femmes au c\u0153ur de l\u2019entreprise"}]},{"@type":"WebSite","@id":"https:\/\/www.webdo.tn\/fr\/#website","url":"https:\/\/www.webdo.tn\/fr\/","name":"webdo","description":"Tunisie - News en Tunisie et \u00e0 l&#039;international sur Webdo.tn","publisher":{"@id":"https:\/\/www.webdo.tn\/fr\/#organization"},"potentialAction":[{"@type":"SearchAction","target":{"@type":"EntryPoint","urlTemplate":"https:\/\/www.webdo.tn\/fr\/?s={search_term_string}"},"query-input":{"@type":"PropertyValueSpecification","valueRequired":true,"valueName":"search_term_string"}}],"inLanguage":"fr-FR"},{"@type":"Organization","@id":"https:\/\/www.webdo.tn\/fr\/#organization","name":"Webdo","alternateName":"Webdo.tn","url":"https:\/\/www.webdo.tn\/fr\/","logo":{"@type":"ImageObject","inLanguage":"fr-FR","@id":"https:\/\/www.webdo.tn\/fr\/#\/schema\/logo\/image\/","url":"https:\/\/www.webdo.tn\/fr\/wp-content\/uploads\/2025\/06\/Webdo-Tunisie_168377.jpg","contentUrl":"https:\/\/www.webdo.tn\/fr\/wp-content\/uploads\/2025\/06\/Webdo-Tunisie_168377.jpg","width":301,"height":301,"caption":"Webdo"},"image":{"@id":"https:\/\/www.webdo.tn\/fr\/#\/schema\/logo\/image\/"},"sameAs":["https:\/\/www.facebook.com\/webdotn","https:\/\/x.com\/webdo_tn"],"description":"Webdo est un m\u00e9dia num\u00e9rique tunisien fond\u00e9 en 2010, sp\u00e9cialis\u00e9 dans l\u2019actualit\u00e9 nationale et internationale, l\u2019\u00e9conomie, la soci\u00e9t\u00e9 et les analyses politiques. Le site s\u2019adresse \u00e0 un large public francophone et couvre l\u2019information tunisienne en temps r\u00e9el.","email":"redac@webdo.tn","legalName":"YNJ SARL","foundingDate":"2010-09-06","numberOfEmployees":{"@type":"QuantitativeValue","minValue":"11","maxValue":"50"}},{"@type":"Person","@id":"https:\/\/www.webdo.tn\/fr\/#\/schema\/person\/590cb5f81adcfde6385530fdbdf468e2","name":"Ramzi","image":{"@type":"ImageObject","inLanguage":"fr-FR","@id":"https:\/\/secure.gravatar.com\/avatar\/48df7d18915e10cf866ba8e27604c81ff9243fd52704a1d210c3e387e1cb8d87?s=96&d=mm&r=g","url":"https:\/\/secure.gravatar.com\/avatar\/48df7d18915e10cf866ba8e27604c81ff9243fd52704a1d210c3e387e1cb8d87?s=96&d=mm&r=g","contentUrl":"https:\/\/secure.gravatar.com\/avatar\/48df7d18915e10cf866ba8e27604c81ff9243fd52704a1d210c3e387e1cb8d87?s=96&d=mm&r=g","caption":"Ramzi"},"url":"https:\/\/www.webdo.tn\/fr\/actualite\/author\/ramzi\/"}]}},"_links":{"self":[{"href":"https:\/\/www.webdo.tn\/fr\/wp-json\/wp\/v2\/posts\/205679","targetHints":{"allow":["GET"]}}],"collection":[{"href":"https:\/\/www.webdo.tn\/fr\/wp-json\/wp\/v2\/posts"}],"about":[{"href":"https:\/\/www.webdo.tn\/fr\/wp-json\/wp\/v2\/types\/post"}],"author":[{"embeddable":true,"href":"https:\/\/www.webdo.tn\/fr\/wp-json\/wp\/v2\/users\/3188"}],"replies":[{"embeddable":true,"href":"https:\/\/www.webdo.tn\/fr\/wp-json\/wp\/v2\/comments?post=205679"}],"version-history":[{"count":0,"href":"https:\/\/www.webdo.tn\/fr\/wp-json\/wp\/v2\/posts\/205679\/revisions"}],"wp:featuredmedia":[{"embeddable":true,"href":"https:\/\/www.webdo.tn\/fr\/wp-json\/wp\/v2\/media\/251162"}],"wp:attachment":[{"href":"https:\/\/www.webdo.tn\/fr\/wp-json\/wp\/v2\/media?parent=205679"}],"wp:term":[{"taxonomy":"category","embeddable":true,"href":"https:\/\/www.webdo.tn\/fr\/wp-json\/wp\/v2\/categories?post=205679"},{"taxonomy":"post_tag","embeddable":true,"href":"https:\/\/www.webdo.tn\/fr\/wp-json\/wp\/v2\/tags?post=205679"}],"curies":[{"name":"wp","href":"https:\/\/api.w.org\/{rel}","templated":true}]}}