{"id":205675,"date":"2023-05-13T08:53:00","date_gmt":"2023-05-13T08:53:00","guid":{"rendered":"https:\/\/www.webdo.tn\/fr\/blog\/affrontements-entre-forces-de-l-ordre-et-habitants-a-douz\/205675\/"},"modified":"2025-05-20T21:59:48","modified_gmt":"2025-05-20T21:59:48","slug":"affrontements-entre-forces-de-l-ordre-et-habitants-a-douz","status":"publish","type":"post","link":"https:\/\/www.webdo.tn\/fr\/actualite\/regions\/affrontements-entre-forces-de-l-ordre-et-habitants-a-douz\/205675\/","title":{"rendered":"Affrontements entre forces de l&rsquo;ordre et habitants \u00e0 Douz"},"content":{"rendered":"<p>Des affrontements entre forces de l\u2019ordre et habitants ont \u00e9clat\u00e9, hier soir, \u00e0 Douz.<\/p>\n<p>\t\t\t\t\t\t\t\t\tLes forces en question ont effectu\u00e9 des descentes et proc\u00e9d\u00e9 \u00e0 des arrestations de personnes recherch\u00e9es, ce qui a provoqu\u00e9 la col\u00e8re des habitants.<\/p>\n<p>Les habitants ont demand\u00e9 la lib\u00e9ration des personnes arr\u00eat\u00e9es, rapporte Mosaique fm, avant d\u2019agresser les agents des forces de l&rsquo;ordre par des jets de pierres.<\/p>\n<p>Ces derniers ont d\u00fb avoir recours au gaz lacrymog\u00e8ne pour disperser la foule.<\/p>\n","protected":false},"excerpt":{"rendered":"<p>Des affrontements entre forces de l\u2019ordre et habitants ont \u00e9clat\u00e9, hier soir, \u00e0 Douz.<\/p>\n","protected":false},"author":3162,"featured_media":251157,"comment_status":"open","ping_status":"closed","sticky":false,"template":"","format":"standard","meta":{"footnotes":""},"categories":[2595],"tags":[3496,8432],"class_list":["post-205675","post","type-post","status-publish","format-standard","has-post-thumbnail","hentry","category-regions","tag-affrontements","tag-douz"],"yoast_head":"<!-- This site is optimized with the Yoast SEO Premium plugin v27.4 (Yoast SEO v27.4) - https:\/\/yoast.com\/product\/yoast-seo-premium-wordpress\/ -->\n<title>Affrontements entre forces de l&#039;ordre et habitants \u00e0 Douz<\/title>\n<meta name=\"description\" content=\"Des affrontements entre forces de l\u2019ordre et habitants ont \u00e9clat\u00e9, hier soir, \u00e0 Douz.\" \/>\n<link rel=\"canonical\" href=\"https:\/\/www.webdo.tn\/fr\/actualite\/regions\/affrontements-entre-forces-de-l-ordre-et-habitants-a-douz\/205675\/\" \/>\n<meta property=\"og:locale\" content=\"fr_FR\" \/>\n<meta property=\"og:type\" content=\"article\" \/>\n<meta property=\"og:title\" content=\"Affrontements entre forces de l&#039;ordre et habitants \u00e0 Douz\" \/>\n<meta property=\"og:description\" content=\"Des affrontements entre forces de l\u2019ordre et habitants ont \u00e9clat\u00e9, hier soir, \u00e0 Douz.\" \/>\n<meta property=\"og:url\" content=\"https:\/\/www.webdo.tn\/fr\/actualite\/regions\/affrontements-entre-forces-de-l-ordre-et-habitants-a-douz\/205675\/\" \/>\n<meta property=\"og:site_name\" content=\"webdo\" \/>\n<meta property=\"article:publisher\" content=\"https:\/\/www.facebook.com\/webdotn\" \/>\n<meta property=\"article:published_time\" content=\"2023-05-13T08:53:00+00:00\" \/>\n<meta property=\"article:modified_time\" content=\"2025-05-20T21:59:48+00:00\" \/>\n<meta property=\"og:image\" content=\"https:\/\/www.webdo.tn\/fr\/wp-content\/uploads\/2023\/05\/d58b73eb1e8cc66fdc21c01ca3960452.jpg\" \/>\n\t<meta property=\"og:image:width\" content=\"750\" \/>\n\t<meta property=\"og:image:height\" content=\"400\" \/>\n\t<meta property=\"og:image:type\" content=\"image\/jpeg\" \/>\n<meta name=\"author\" content=\"MC\" \/>\n<meta name=\"twitter:card\" content=\"summary_large_image\" \/>\n<meta name=\"twitter:creator\" content=\"@webdo_tn\" \/>\n<meta name=\"twitter:site\" content=\"@webdo_tn\" \/>\n<meta name=\"twitter:label1\" content=\"\u00c9crit par\" \/>\n\t<meta name=\"twitter:data1\" content=\"MC\" \/>\n<script type=\"application\/ld+json\" class=\"yoast-schema-graph\">{\"@context\":\"https:\\\/\\\/schema.org\",\"@graph\":[{\"@type\":\"NewsArticle\",\"@id\":\"https:\\\/\\\/www.webdo.tn\\\/fr\\\/actualite\\\/regions\\\/affrontements-entre-forces-de-l-ordre-et-habitants-a-douz\\\/205675\\\/#article\",\"isPartOf\":{\"@id\":\"https:\\\/\\\/www.webdo.tn\\\/fr\\\/actualite\\\/regions\\\/affrontements-entre-forces-de-l-ordre-et-habitants-a-douz\\\/205675\\\/\"},\"author\":{\"name\":\"MC\",\"@id\":\"https:\\\/\\\/www.webdo.tn\\\/fr\\\/#\\\/schema\\\/person\\\/2c4929cbf5a809e3bd38617c6ce150f6\"},\"headline\":\"Affrontements entre forces de l&rsquo;ordre et habitants \u00e0 Douz\",\"datePublished\":\"2023-05-13T08:53:00+00:00\",\"dateModified\":\"2025-05-20T21:59:48+00:00\",\"mainEntityOfPage\":{\"@id\":\"https:\\\/\\\/www.webdo.tn\\\/fr\\\/actualite\\\/regions\\\/affrontements-entre-forces-de-l-ordre-et-habitants-a-douz\\\/205675\\\/\"},\"wordCount\":93,\"commentCount\":0,\"publisher\":{\"@id\":\"https:\\\/\\\/www.webdo.tn\\\/fr\\\/#organization\"},\"image\":{\"@id\":\"https:\\\/\\\/www.webdo.tn\\\/fr\\\/actualite\\\/regions\\\/affrontements-entre-forces-de-l-ordre-et-habitants-a-douz\\\/205675\\\/#primaryimage\"},\"thumbnailUrl\":\"https:\\\/\\\/www.webdo.tn\\\/fr\\\/wp-content\\\/uploads\\\/2023\\\/05\\\/d58b73eb1e8cc66fdc21c01ca3960452.jpg\",\"keywords\":[\"Affrontements\",\"douz\"],\"articleSection\":[\"regions\"],\"inLanguage\":\"fr-FR\"},{\"@type\":\"WebPage\",\"@id\":\"https:\\\/\\\/www.webdo.tn\\\/fr\\\/actualite\\\/regions\\\/affrontements-entre-forces-de-l-ordre-et-habitants-a-douz\\\/205675\\\/\",\"url\":\"https:\\\/\\\/www.webdo.tn\\\/fr\\\/actualite\\\/regions\\\/affrontements-entre-forces-de-l-ordre-et-habitants-a-douz\\\/205675\\\/\",\"name\":\"Affrontements entre forces de l'ordre et habitants \u00e0 Douz\",\"isPartOf\":{\"@id\":\"https:\\\/\\\/www.webdo.tn\\\/fr\\\/#website\"},\"primaryImageOfPage\":{\"@id\":\"https:\\\/\\\/www.webdo.tn\\\/fr\\\/actualite\\\/regions\\\/affrontements-entre-forces-de-l-ordre-et-habitants-a-douz\\\/205675\\\/#primaryimage\"},\"image\":{\"@id\":\"https:\\\/\\\/www.webdo.tn\\\/fr\\\/actualite\\\/regions\\\/affrontements-entre-forces-de-l-ordre-et-habitants-a-douz\\\/205675\\\/#primaryimage\"},\"thumbnailUrl\":\"https:\\\/\\\/www.webdo.tn\\\/fr\\\/wp-content\\\/uploads\\\/2023\\\/05\\\/d58b73eb1e8cc66fdc21c01ca3960452.jpg\",\"datePublished\":\"2023-05-13T08:53:00+00:00\",\"dateModified\":\"2025-05-20T21:59:48+00:00\",\"description\":\"Des affrontements entre forces de l\u2019ordre et habitants ont \u00e9clat\u00e9, hier soir, \u00e0 Douz.\",\"breadcrumb\":{\"@id\":\"https:\\\/\\\/www.webdo.tn\\\/fr\\\/actualite\\\/regions\\\/affrontements-entre-forces-de-l-ordre-et-habitants-a-douz\\\/205675\\\/#breadcrumb\"},\"inLanguage\":\"fr-FR\",\"potentialAction\":[{\"@type\":\"ReadAction\",\"target\":[\"https:\\\/\\\/www.webdo.tn\\\/fr\\\/actualite\\\/regions\\\/affrontements-entre-forces-de-l-ordre-et-habitants-a-douz\\\/205675\\\/\"]}]},{\"@type\":\"ImageObject\",\"inLanguage\":\"fr-FR\",\"@id\":\"https:\\\/\\\/www.webdo.tn\\\/fr\\\/actualite\\\/regions\\\/affrontements-entre-forces-de-l-ordre-et-habitants-a-douz\\\/205675\\\/#primaryimage\",\"url\":\"https:\\\/\\\/www.webdo.tn\\\/fr\\\/wp-content\\\/uploads\\\/2023\\\/05\\\/d58b73eb1e8cc66fdc21c01ca3960452.jpg\",\"contentUrl\":\"https:\\\/\\\/www.webdo.tn\\\/fr\\\/wp-content\\\/uploads\\\/2023\\\/05\\\/d58b73eb1e8cc66fdc21c01ca3960452.jpg\",\"width\":750,\"height\":400,\"caption\":\"Affrontements entre forces de l'ordre et habitants \u00e0 Douz\"},{\"@type\":\"BreadcrumbList\",\"@id\":\"https:\\\/\\\/www.webdo.tn\\\/fr\\\/actualite\\\/regions\\\/affrontements-entre-forces-de-l-ordre-et-habitants-a-douz\\\/205675\\\/#breadcrumb\",\"itemListElement\":[{\"@type\":\"ListItem\",\"position\":1,\"name\":\"Accueil\",\"item\":\"https:\\\/\\\/www.webdo.tn\\\/fr\\\/\"},{\"@type\":\"ListItem\",\"position\":2,\"name\":\"Affrontements entre forces de l&rsquo;ordre et habitants \u00e0 Douz\"}]},{\"@type\":\"WebSite\",\"@id\":\"https:\\\/\\\/www.webdo.tn\\\/fr\\\/#website\",\"url\":\"https:\\\/\\\/www.webdo.tn\\\/fr\\\/\",\"name\":\"webdo\",\"description\":\"Tunisie - News en Tunisie et \u00e0 l&#039;international sur Webdo.tn\",\"publisher\":{\"@id\":\"https:\\\/\\\/www.webdo.tn\\\/fr\\\/#organization\"},\"potentialAction\":[{\"@type\":\"SearchAction\",\"target\":{\"@type\":\"EntryPoint\",\"urlTemplate\":\"https:\\\/\\\/www.webdo.tn\\\/fr\\\/?s={search_term_string}\"},\"query-input\":{\"@type\":\"PropertyValueSpecification\",\"valueRequired\":true,\"valueName\":\"search_term_string\"}}],\"inLanguage\":\"fr-FR\"},{\"@type\":\"Organization\",\"@id\":\"https:\\\/\\\/www.webdo.tn\\\/fr\\\/#organization\",\"name\":\"Webdo\",\"alternateName\":\"Webdo.tn\",\"url\":\"https:\\\/\\\/www.webdo.tn\\\/fr\\\/\",\"logo\":{\"@type\":\"ImageObject\",\"inLanguage\":\"fr-FR\",\"@id\":\"https:\\\/\\\/www.webdo.tn\\\/fr\\\/#\\\/schema\\\/logo\\\/image\\\/\",\"url\":\"https:\\\/\\\/www.webdo.tn\\\/fr\\\/wp-content\\\/uploads\\\/2025\\\/06\\\/Webdo-Tunisie_168377.jpg\",\"contentUrl\":\"https:\\\/\\\/www.webdo.tn\\\/fr\\\/wp-content\\\/uploads\\\/2025\\\/06\\\/Webdo-Tunisie_168377.jpg\",\"width\":301,\"height\":301,\"caption\":\"Webdo\"},\"image\":{\"@id\":\"https:\\\/\\\/www.webdo.tn\\\/fr\\\/#\\\/schema\\\/logo\\\/image\\\/\"},\"sameAs\":[\"https:\\\/\\\/www.facebook.com\\\/webdotn\",\"https:\\\/\\\/x.com\\\/webdo_tn\"],\"description\":\"Webdo est un m\u00e9dia num\u00e9rique tunisien fond\u00e9 en 2010, sp\u00e9cialis\u00e9 dans l\u2019actualit\u00e9 nationale et internationale, l\u2019\u00e9conomie, la soci\u00e9t\u00e9 et les analyses politiques. Le site s\u2019adresse \u00e0 un large public francophone et couvre l\u2019information tunisienne en temps r\u00e9el.\",\"email\":\"redac@webdo.tn\",\"legalName\":\"YNJ SARL\",\"foundingDate\":\"2010-09-06\",\"numberOfEmployees\":{\"@type\":\"QuantitativeValue\",\"minValue\":\"11\",\"maxValue\":\"50\"}},{\"@type\":\"Person\",\"@id\":\"https:\\\/\\\/www.webdo.tn\\\/fr\\\/#\\\/schema\\\/person\\\/2c4929cbf5a809e3bd38617c6ce150f6\",\"name\":\"MC\",\"image\":{\"@type\":\"ImageObject\",\"inLanguage\":\"fr-FR\",\"@id\":\"https:\\\/\\\/secure.gravatar.com\\\/avatar\\\/a545bbb6f84efdd5553dbbc2895e3ca8f1d12c5215e00a041c9670b54aa9b18a?s=96&d=mm&r=g\",\"url\":\"https:\\\/\\\/secure.gravatar.com\\\/avatar\\\/a545bbb6f84efdd5553dbbc2895e3ca8f1d12c5215e00a041c9670b54aa9b18a?s=96&d=mm&r=g\",\"contentUrl\":\"https:\\\/\\\/secure.gravatar.com\\\/avatar\\\/a545bbb6f84efdd5553dbbc2895e3ca8f1d12c5215e00a041c9670b54aa9b18a?s=96&d=mm&r=g\",\"caption\":\"MC\"},\"url\":\"https:\\\/\\\/www.webdo.tn\\\/fr\\\/actualite\\\/author\\\/mc\\\/\"}]}<\/script>\n<!-- \/ Yoast SEO Premium plugin. -->","yoast_head_json":{"title":"Affrontements entre forces de l'ordre et habitants \u00e0 Douz","description":"Des affrontements entre forces de l\u2019ordre et habitants ont \u00e9clat\u00e9, hier soir, \u00e0 Douz.","canonical":"https:\/\/www.webdo.tn\/fr\/actualite\/regions\/affrontements-entre-forces-de-l-ordre-et-habitants-a-douz\/205675\/","og_locale":"fr_FR","og_type":"article","og_title":"Affrontements entre forces de l'ordre et habitants \u00e0 Douz","og_description":"Des affrontements entre forces de l\u2019ordre et habitants ont \u00e9clat\u00e9, hier soir, \u00e0 Douz.","og_url":"https:\/\/www.webdo.tn\/fr\/actualite\/regions\/affrontements-entre-forces-de-l-ordre-et-habitants-a-douz\/205675\/","og_site_name":"webdo","article_publisher":"https:\/\/www.facebook.com\/webdotn","article_published_time":"2023-05-13T08:53:00+00:00","article_modified_time":"2025-05-20T21:59:48+00:00","og_image":[{"width":750,"height":400,"url":"https:\/\/www.webdo.tn\/fr\/wp-content\/uploads\/2023\/05\/d58b73eb1e8cc66fdc21c01ca3960452.jpg","type":"image\/jpeg"}],"author":"MC","twitter_card":"summary_large_image","twitter_creator":"@webdo_tn","twitter_site":"@webdo_tn","twitter_misc":{"\u00c9crit par":"MC"},"schema":{"@context":"https:\/\/schema.org","@graph":[{"@type":"NewsArticle","@id":"https:\/\/www.webdo.tn\/fr\/actualite\/regions\/affrontements-entre-forces-de-l-ordre-et-habitants-a-douz\/205675\/#article","isPartOf":{"@id":"https:\/\/www.webdo.tn\/fr\/actualite\/regions\/affrontements-entre-forces-de-l-ordre-et-habitants-a-douz\/205675\/"},"author":{"name":"MC","@id":"https:\/\/www.webdo.tn\/fr\/#\/schema\/person\/2c4929cbf5a809e3bd38617c6ce150f6"},"headline":"Affrontements entre forces de l&rsquo;ordre et habitants \u00e0 Douz","datePublished":"2023-05-13T08:53:00+00:00","dateModified":"2025-05-20T21:59:48+00:00","mainEntityOfPage":{"@id":"https:\/\/www.webdo.tn\/fr\/actualite\/regions\/affrontements-entre-forces-de-l-ordre-et-habitants-a-douz\/205675\/"},"wordCount":93,"commentCount":0,"publisher":{"@id":"https:\/\/www.webdo.tn\/fr\/#organization"},"image":{"@id":"https:\/\/www.webdo.tn\/fr\/actualite\/regions\/affrontements-entre-forces-de-l-ordre-et-habitants-a-douz\/205675\/#primaryimage"},"thumbnailUrl":"https:\/\/www.webdo.tn\/fr\/wp-content\/uploads\/2023\/05\/d58b73eb1e8cc66fdc21c01ca3960452.jpg","keywords":["Affrontements","douz"],"articleSection":["regions"],"inLanguage":"fr-FR"},{"@type":"WebPage","@id":"https:\/\/www.webdo.tn\/fr\/actualite\/regions\/affrontements-entre-forces-de-l-ordre-et-habitants-a-douz\/205675\/","url":"https:\/\/www.webdo.tn\/fr\/actualite\/regions\/affrontements-entre-forces-de-l-ordre-et-habitants-a-douz\/205675\/","name":"Affrontements entre forces de l'ordre et habitants \u00e0 Douz","isPartOf":{"@id":"https:\/\/www.webdo.tn\/fr\/#website"},"primaryImageOfPage":{"@id":"https:\/\/www.webdo.tn\/fr\/actualite\/regions\/affrontements-entre-forces-de-l-ordre-et-habitants-a-douz\/205675\/#primaryimage"},"image":{"@id":"https:\/\/www.webdo.tn\/fr\/actualite\/regions\/affrontements-entre-forces-de-l-ordre-et-habitants-a-douz\/205675\/#primaryimage"},"thumbnailUrl":"https:\/\/www.webdo.tn\/fr\/wp-content\/uploads\/2023\/05\/d58b73eb1e8cc66fdc21c01ca3960452.jpg","datePublished":"2023-05-13T08:53:00+00:00","dateModified":"2025-05-20T21:59:48+00:00","description":"Des affrontements entre forces de l\u2019ordre et habitants ont \u00e9clat\u00e9, hier soir, \u00e0 Douz.","breadcrumb":{"@id":"https:\/\/www.webdo.tn\/fr\/actualite\/regions\/affrontements-entre-forces-de-l-ordre-et-habitants-a-douz\/205675\/#breadcrumb"},"inLanguage":"fr-FR","potentialAction":[{"@type":"ReadAction","target":["https:\/\/www.webdo.tn\/fr\/actualite\/regions\/affrontements-entre-forces-de-l-ordre-et-habitants-a-douz\/205675\/"]}]},{"@type":"ImageObject","inLanguage":"fr-FR","@id":"https:\/\/www.webdo.tn\/fr\/actualite\/regions\/affrontements-entre-forces-de-l-ordre-et-habitants-a-douz\/205675\/#primaryimage","url":"https:\/\/www.webdo.tn\/fr\/wp-content\/uploads\/2023\/05\/d58b73eb1e8cc66fdc21c01ca3960452.jpg","contentUrl":"https:\/\/www.webdo.tn\/fr\/wp-content\/uploads\/2023\/05\/d58b73eb1e8cc66fdc21c01ca3960452.jpg","width":750,"height":400,"caption":"Affrontements entre forces de l'ordre et habitants \u00e0 Douz"},{"@type":"BreadcrumbList","@id":"https:\/\/www.webdo.tn\/fr\/actualite\/regions\/affrontements-entre-forces-de-l-ordre-et-habitants-a-douz\/205675\/#breadcrumb","itemListElement":[{"@type":"ListItem","position":1,"name":"Accueil","item":"https:\/\/www.webdo.tn\/fr\/"},{"@type":"ListItem","position":2,"name":"Affrontements entre forces de l&rsquo;ordre et habitants \u00e0 Douz"}]},{"@type":"WebSite","@id":"https:\/\/www.webdo.tn\/fr\/#website","url":"https:\/\/www.webdo.tn\/fr\/","name":"webdo","description":"Tunisie - News en Tunisie et \u00e0 l&#039;international sur Webdo.tn","publisher":{"@id":"https:\/\/www.webdo.tn\/fr\/#organization"},"potentialAction":[{"@type":"SearchAction","target":{"@type":"EntryPoint","urlTemplate":"https:\/\/www.webdo.tn\/fr\/?s={search_term_string}"},"query-input":{"@type":"PropertyValueSpecification","valueRequired":true,"valueName":"search_term_string"}}],"inLanguage":"fr-FR"},{"@type":"Organization","@id":"https:\/\/www.webdo.tn\/fr\/#organization","name":"Webdo","alternateName":"Webdo.tn","url":"https:\/\/www.webdo.tn\/fr\/","logo":{"@type":"ImageObject","inLanguage":"fr-FR","@id":"https:\/\/www.webdo.tn\/fr\/#\/schema\/logo\/image\/","url":"https:\/\/www.webdo.tn\/fr\/wp-content\/uploads\/2025\/06\/Webdo-Tunisie_168377.jpg","contentUrl":"https:\/\/www.webdo.tn\/fr\/wp-content\/uploads\/2025\/06\/Webdo-Tunisie_168377.jpg","width":301,"height":301,"caption":"Webdo"},"image":{"@id":"https:\/\/www.webdo.tn\/fr\/#\/schema\/logo\/image\/"},"sameAs":["https:\/\/www.facebook.com\/webdotn","https:\/\/x.com\/webdo_tn"],"description":"Webdo est un m\u00e9dia num\u00e9rique tunisien fond\u00e9 en 2010, sp\u00e9cialis\u00e9 dans l\u2019actualit\u00e9 nationale et internationale, l\u2019\u00e9conomie, la soci\u00e9t\u00e9 et les analyses politiques. Le site s\u2019adresse \u00e0 un large public francophone et couvre l\u2019information tunisienne en temps r\u00e9el.","email":"redac@webdo.tn","legalName":"YNJ SARL","foundingDate":"2010-09-06","numberOfEmployees":{"@type":"QuantitativeValue","minValue":"11","maxValue":"50"}},{"@type":"Person","@id":"https:\/\/www.webdo.tn\/fr\/#\/schema\/person\/2c4929cbf5a809e3bd38617c6ce150f6","name":"MC","image":{"@type":"ImageObject","inLanguage":"fr-FR","@id":"https:\/\/secure.gravatar.com\/avatar\/a545bbb6f84efdd5553dbbc2895e3ca8f1d12c5215e00a041c9670b54aa9b18a?s=96&d=mm&r=g","url":"https:\/\/secure.gravatar.com\/avatar\/a545bbb6f84efdd5553dbbc2895e3ca8f1d12c5215e00a041c9670b54aa9b18a?s=96&d=mm&r=g","contentUrl":"https:\/\/secure.gravatar.com\/avatar\/a545bbb6f84efdd5553dbbc2895e3ca8f1d12c5215e00a041c9670b54aa9b18a?s=96&d=mm&r=g","caption":"MC"},"url":"https:\/\/www.webdo.tn\/fr\/actualite\/author\/mc\/"}]}},"_links":{"self":[{"href":"https:\/\/www.webdo.tn\/fr\/wp-json\/wp\/v2\/posts\/205675","targetHints":{"allow":["GET"]}}],"collection":[{"href":"https:\/\/www.webdo.tn\/fr\/wp-json\/wp\/v2\/posts"}],"about":[{"href":"https:\/\/www.webdo.tn\/fr\/wp-json\/wp\/v2\/types\/post"}],"author":[{"embeddable":true,"href":"https:\/\/www.webdo.tn\/fr\/wp-json\/wp\/v2\/users\/3162"}],"replies":[{"embeddable":true,"href":"https:\/\/www.webdo.tn\/fr\/wp-json\/wp\/v2\/comments?post=205675"}],"version-history":[{"count":0,"href":"https:\/\/www.webdo.tn\/fr\/wp-json\/wp\/v2\/posts\/205675\/revisions"}],"wp:featuredmedia":[{"embeddable":true,"href":"https:\/\/www.webdo.tn\/fr\/wp-json\/wp\/v2\/media\/251157"}],"wp:attachment":[{"href":"https:\/\/www.webdo.tn\/fr\/wp-json\/wp\/v2\/media?parent=205675"}],"wp:term":[{"taxonomy":"category","embeddable":true,"href":"https:\/\/www.webdo.tn\/fr\/wp-json\/wp\/v2\/categories?post=205675"},{"taxonomy":"post_tag","embeddable":true,"href":"https:\/\/www.webdo.tn\/fr\/wp-json\/wp\/v2\/tags?post=205675"}],"curies":[{"name":"wp","href":"https:\/\/api.w.org\/{rel}","templated":true}]}}