{"id":205668,"date":"2023-05-12T19:28:00","date_gmt":"2023-05-12T19:28:00","guid":{"rendered":"https:\/\/www.webdo.tn\/fr\/blog\/un-nouveau-cable-reliera-la-tunisie-a-l-europe-pour-ameliorer-la-connectivite-internet\/205668\/"},"modified":"2025-05-20T22:43:25","modified_gmt":"2025-05-20T22:43:25","slug":"un-nouveau-cable-reliera-la-tunisie-a-l-europe-pour-ameliorer-la-connectivite-internet","status":"publish","type":"post","link":"https:\/\/www.webdo.tn\/fr\/actualite\/national\/un-nouveau-cable-reliera-la-tunisie-a-l-europe-pour-ameliorer-la-connectivite-internet\/205668\/","title":{"rendered":"Un nouveau c\u00e2ble reliera la Tunisie \u00e0 l&rsquo;Europe, pour am\u00e9liorer la connectivit\u00e9 Internet"},"content":{"rendered":"<p>Un nouveau c\u00e2ble sous-marin reliant la Tunisie (Bizerte) \u00e0 l&rsquo;Europe, via la ville fran\u00e7aise de Marseille, sera d\u00e9ploy\u00e9 en vertu d&rsquo;un accord sign\u00e9, jeudi, 11 mai 2023, par Orange Tunisie et Medusa Submarine Cable System, op\u00e9rateur d&rsquo;infrastructures sous-marines ind\u00e9pendant en M\u00e9diterran\u00e9e.<\/p>\n<p>\t\t\t\t\t\t\t\t\tCe c\u00e2ble sera construit dans le respect des normes et r\u00e8gles internationales les plus r\u00e9centes et b\u00e9n\u00e9ficiera aux acteurs socio-\u00e9conomiques de la Tunisie, indique un communiqu\u00e9 rendu public sur le site de Medusa.\u00a0<\/p>\n<p>Con\u00e7u \u00e0 partir des derni\u00e8res technologies de fibre optique sous-marine, ce c\u00e2ble offrira \u00e9galement, une nouvelle solution de connectivit\u00e9 \u00e0 tr\u00e8s haut d\u00e9bit et am\u00e9liorera la s\u00e9curit\u00e9 de la connectivit\u00e9 Internet existante.<\/p>\n<p>Medusa sera ainsi, le premier et le plus long c\u00e2ble sous-marin \u00e0 relier tous les pays de la M\u00e9diterran\u00e9e. Plus pr\u00e9cis\u00e9ment, le syst\u00e8me reliera les deux rives de la M\u00e9diterran\u00e9e et ira de Lisbonne \u00e0 la ville \u00e9gyptienne de Port Sa\u00efd, en passant par plusieurs pays m\u00e9diterran\u00e9ens, selon la m\u00eame source. Il comportera 16 points d&rsquo;atterrissage dans diff\u00e9rents pays, dont le Portugal, le Maroc, l&rsquo;Espagne, l&rsquo;Alg\u00e9rie, la France, la Tunisie, l&rsquo;Italie, la Gr\u00e8ce, Chypre et l&rsquo;Egypte.<\/p>\n<p>D&rsquo;une longueur de plus de 8 000 km, cette nouvelle infrastructure apportera de la diversit\u00e9 et une route suppl\u00e9mentaire compos\u00e9e de plusieurs paires de fibres d&rsquo;une capacit\u00e9 de 20 t\u00e9rabits chacune afin de r\u00e9pondre aux besoins croissants de la Tunisie en mati\u00e8re de connectivit\u00e9. La mise en \u0153uvre est pr\u00e9vue pour la fin de l&rsquo;ann\u00e9e 2025.<\/p>\n","protected":false},"excerpt":{"rendered":"<p>Un nouveau c\u00e2ble sous-marin reliant la Tunisie (Bizerte) \u00e0 l&rsquo;Europe, via la ville fran\u00e7aise de Marseille, sera d\u00e9ploy\u00e9 en vertu d&rsquo;un accord sign\u00e9, jeudi, 11 mai&#8230;<\/p>\n","protected":false},"author":3175,"featured_media":251156,"comment_status":"open","ping_status":"closed","sticky":false,"template":"","format":"standard","meta":{"footnotes":""},"categories":[44],"tags":[8431,6389,2608],"class_list":["post-205668","post","type-post","status-publish","format-standard","has-post-thumbnail","hentry","category-national","tag-cable","tag-internet","tag-tunisie"],"yoast_head":"<!-- This site is optimized with the Yoast SEO Premium plugin v27.5 (Yoast SEO v27.5) - https:\/\/yoast.com\/product\/yoast-seo-premium-wordpress\/ -->\n<title>Un nouveau c\u00e2ble reliera la Tunisie \u00e0 l&#039;Europe, pour am\u00e9liorer la connectivit\u00e9 Internet<\/title>\n<meta name=\"description\" content=\"Un nouveau c\u00e2ble sous-marin reliant la Tunisie (Bizerte) \u00e0 l&#039;Europe, via la ville fran\u00e7aise de Marseille, sera d\u00e9ploy\u00e9 en vertu d&#039;un accord sign\u00e9, jeudi, 11 mai...\" \/>\n<link rel=\"canonical\" href=\"https:\/\/www.webdo.tn\/fr\/actualite\/national\/un-nouveau-cable-reliera-la-tunisie-a-l-europe-pour-ameliorer-la-connectivite-internet\/205668\/\" \/>\n<meta property=\"og:locale\" content=\"fr_FR\" \/>\n<meta property=\"og:type\" content=\"article\" \/>\n<meta property=\"og:title\" content=\"Un nouveau c\u00e2ble reliera la Tunisie \u00e0 l&#039;Europe, pour am\u00e9liorer la connectivit\u00e9 Internet\" \/>\n<meta property=\"og:description\" content=\"Un nouveau c\u00e2ble sous-marin reliant la Tunisie (Bizerte) \u00e0 l&#039;Europe, via la ville fran\u00e7aise de Marseille, sera d\u00e9ploy\u00e9 en vertu d&#039;un accord sign\u00e9, jeudi, 11 mai...\" \/>\n<meta property=\"og:url\" content=\"https:\/\/www.webdo.tn\/fr\/actualite\/national\/un-nouveau-cable-reliera-la-tunisie-a-l-europe-pour-ameliorer-la-connectivite-internet\/205668\/\" \/>\n<meta property=\"og:site_name\" content=\"webdo\" \/>\n<meta property=\"article:publisher\" content=\"https:\/\/www.facebook.com\/webdotn\" \/>\n<meta property=\"article:published_time\" content=\"2023-05-12T19:28:00+00:00\" \/>\n<meta property=\"article:modified_time\" content=\"2025-05-20T22:43:25+00:00\" \/>\n<meta property=\"og:image\" content=\"https:\/\/www.webdo.tn\/fr\/wp-content\/uploads\/2023\/05\/20b2c08e202722a511651805ad0f8389.jpg\" \/>\n\t<meta property=\"og:image:width\" content=\"750\" \/>\n\t<meta property=\"og:image:height\" content=\"400\" \/>\n\t<meta property=\"og:image:type\" content=\"image\/jpeg\" \/>\n<meta name=\"author\" content=\"CL\" \/>\n<meta name=\"twitter:card\" content=\"summary_large_image\" \/>\n<meta name=\"twitter:creator\" content=\"@webdo_tn\" \/>\n<meta name=\"twitter:site\" content=\"@webdo_tn\" \/>\n<meta name=\"twitter:label1\" content=\"\u00c9crit par\" \/>\n\t<meta name=\"twitter:data1\" content=\"CL\" \/>\n\t<meta name=\"twitter:label2\" content=\"Dur\u00e9e de lecture estim\u00e9e\" \/>\n\t<meta name=\"twitter:data2\" content=\"1 minute\" \/>\n<script type=\"application\/ld+json\" class=\"yoast-schema-graph\">{\"@context\":\"https:\\\/\\\/schema.org\",\"@graph\":[{\"@type\":\"NewsArticle\",\"@id\":\"https:\\\/\\\/www.webdo.tn\\\/fr\\\/actualite\\\/national\\\/un-nouveau-cable-reliera-la-tunisie-a-l-europe-pour-ameliorer-la-connectivite-internet\\\/205668\\\/#article\",\"isPartOf\":{\"@id\":\"https:\\\/\\\/www.webdo.tn\\\/fr\\\/actualite\\\/national\\\/un-nouveau-cable-reliera-la-tunisie-a-l-europe-pour-ameliorer-la-connectivite-internet\\\/205668\\\/\"},\"author\":{\"name\":\"CL\",\"@id\":\"https:\\\/\\\/www.webdo.tn\\\/fr\\\/#\\\/schema\\\/person\\\/f35b42a42c5e2511bbd282959d6385cc\"},\"headline\":\"Un nouveau c\u00e2ble reliera la Tunisie \u00e0 l&rsquo;Europe, pour am\u00e9liorer la connectivit\u00e9 Internet\",\"datePublished\":\"2023-05-12T19:28:00+00:00\",\"dateModified\":\"2025-05-20T22:43:25+00:00\",\"mainEntityOfPage\":{\"@id\":\"https:\\\/\\\/www.webdo.tn\\\/fr\\\/actualite\\\/national\\\/un-nouveau-cable-reliera-la-tunisie-a-l-europe-pour-ameliorer-la-connectivite-internet\\\/205668\\\/\"},\"wordCount\":294,\"commentCount\":0,\"publisher\":{\"@id\":\"https:\\\/\\\/www.webdo.tn\\\/fr\\\/#organization\"},\"image\":{\"@id\":\"https:\\\/\\\/www.webdo.tn\\\/fr\\\/actualite\\\/national\\\/un-nouveau-cable-reliera-la-tunisie-a-l-europe-pour-ameliorer-la-connectivite-internet\\\/205668\\\/#primaryimage\"},\"thumbnailUrl\":\"https:\\\/\\\/www.webdo.tn\\\/fr\\\/wp-content\\\/uploads\\\/2023\\\/05\\\/20b2c08e202722a511651805ad0f8389.jpg\",\"keywords\":[\"Cable\",\"Internet\",\"Tunisie\"],\"articleSection\":[\"National\"],\"inLanguage\":\"fr-FR\"},{\"@type\":\"WebPage\",\"@id\":\"https:\\\/\\\/www.webdo.tn\\\/fr\\\/actualite\\\/national\\\/un-nouveau-cable-reliera-la-tunisie-a-l-europe-pour-ameliorer-la-connectivite-internet\\\/205668\\\/\",\"url\":\"https:\\\/\\\/www.webdo.tn\\\/fr\\\/actualite\\\/national\\\/un-nouveau-cable-reliera-la-tunisie-a-l-europe-pour-ameliorer-la-connectivite-internet\\\/205668\\\/\",\"name\":\"Un nouveau c\u00e2ble reliera la Tunisie \u00e0 l'Europe, pour am\u00e9liorer la connectivit\u00e9 Internet\",\"isPartOf\":{\"@id\":\"https:\\\/\\\/www.webdo.tn\\\/fr\\\/#website\"},\"primaryImageOfPage\":{\"@id\":\"https:\\\/\\\/www.webdo.tn\\\/fr\\\/actualite\\\/national\\\/un-nouveau-cable-reliera-la-tunisie-a-l-europe-pour-ameliorer-la-connectivite-internet\\\/205668\\\/#primaryimage\"},\"image\":{\"@id\":\"https:\\\/\\\/www.webdo.tn\\\/fr\\\/actualite\\\/national\\\/un-nouveau-cable-reliera-la-tunisie-a-l-europe-pour-ameliorer-la-connectivite-internet\\\/205668\\\/#primaryimage\"},\"thumbnailUrl\":\"https:\\\/\\\/www.webdo.tn\\\/fr\\\/wp-content\\\/uploads\\\/2023\\\/05\\\/20b2c08e202722a511651805ad0f8389.jpg\",\"datePublished\":\"2023-05-12T19:28:00+00:00\",\"dateModified\":\"2025-05-20T22:43:25+00:00\",\"description\":\"Un nouveau c\u00e2ble sous-marin reliant la Tunisie (Bizerte) \u00e0 l'Europe, via la ville fran\u00e7aise de Marseille, sera d\u00e9ploy\u00e9 en vertu d'un accord sign\u00e9, jeudi, 11 mai...\",\"breadcrumb\":{\"@id\":\"https:\\\/\\\/www.webdo.tn\\\/fr\\\/actualite\\\/national\\\/un-nouveau-cable-reliera-la-tunisie-a-l-europe-pour-ameliorer-la-connectivite-internet\\\/205668\\\/#breadcrumb\"},\"inLanguage\":\"fr-FR\",\"potentialAction\":[{\"@type\":\"ReadAction\",\"target\":[\"https:\\\/\\\/www.webdo.tn\\\/fr\\\/actualite\\\/national\\\/un-nouveau-cable-reliera-la-tunisie-a-l-europe-pour-ameliorer-la-connectivite-internet\\\/205668\\\/\"]}]},{\"@type\":\"ImageObject\",\"inLanguage\":\"fr-FR\",\"@id\":\"https:\\\/\\\/www.webdo.tn\\\/fr\\\/actualite\\\/national\\\/un-nouveau-cable-reliera-la-tunisie-a-l-europe-pour-ameliorer-la-connectivite-internet\\\/205668\\\/#primaryimage\",\"url\":\"https:\\\/\\\/www.webdo.tn\\\/fr\\\/wp-content\\\/uploads\\\/2023\\\/05\\\/20b2c08e202722a511651805ad0f8389.jpg\",\"contentUrl\":\"https:\\\/\\\/www.webdo.tn\\\/fr\\\/wp-content\\\/uploads\\\/2023\\\/05\\\/20b2c08e202722a511651805ad0f8389.jpg\",\"width\":750,\"height\":400,\"caption\":\"Cable\"},{\"@type\":\"BreadcrumbList\",\"@id\":\"https:\\\/\\\/www.webdo.tn\\\/fr\\\/actualite\\\/national\\\/un-nouveau-cable-reliera-la-tunisie-a-l-europe-pour-ameliorer-la-connectivite-internet\\\/205668\\\/#breadcrumb\",\"itemListElement\":[{\"@type\":\"ListItem\",\"position\":1,\"name\":\"Accueil\",\"item\":\"https:\\\/\\\/www.webdo.tn\\\/fr\\\/\"},{\"@type\":\"ListItem\",\"position\":2,\"name\":\"Un nouveau c\u00e2ble reliera la Tunisie \u00e0 l&#8217;Europe, pour am\u00e9liorer la connectivit\u00e9 Internet\"}]},{\"@type\":\"WebSite\",\"@id\":\"https:\\\/\\\/www.webdo.tn\\\/fr\\\/#website\",\"url\":\"https:\\\/\\\/www.webdo.tn\\\/fr\\\/\",\"name\":\"webdo\",\"description\":\"Tunisie - News en Tunisie et \u00e0 l&#039;international sur Webdo.tn\",\"publisher\":{\"@id\":\"https:\\\/\\\/www.webdo.tn\\\/fr\\\/#organization\"},\"potentialAction\":[{\"@type\":\"SearchAction\",\"target\":{\"@type\":\"EntryPoint\",\"urlTemplate\":\"https:\\\/\\\/www.webdo.tn\\\/fr\\\/?s={search_term_string}\"},\"query-input\":{\"@type\":\"PropertyValueSpecification\",\"valueRequired\":true,\"valueName\":\"search_term_string\"}}],\"inLanguage\":\"fr-FR\"},{\"@type\":\"Organization\",\"@id\":\"https:\\\/\\\/www.webdo.tn\\\/fr\\\/#organization\",\"name\":\"Webdo\",\"alternateName\":\"Webdo.tn\",\"url\":\"https:\\\/\\\/www.webdo.tn\\\/fr\\\/\",\"logo\":{\"@type\":\"ImageObject\",\"inLanguage\":\"fr-FR\",\"@id\":\"https:\\\/\\\/www.webdo.tn\\\/fr\\\/#\\\/schema\\\/logo\\\/image\\\/\",\"url\":\"https:\\\/\\\/www.webdo.tn\\\/fr\\\/wp-content\\\/uploads\\\/2025\\\/06\\\/Webdo-Tunisie_168377.jpg\",\"contentUrl\":\"https:\\\/\\\/www.webdo.tn\\\/fr\\\/wp-content\\\/uploads\\\/2025\\\/06\\\/Webdo-Tunisie_168377.jpg\",\"width\":301,\"height\":301,\"caption\":\"Webdo\"},\"image\":{\"@id\":\"https:\\\/\\\/www.webdo.tn\\\/fr\\\/#\\\/schema\\\/logo\\\/image\\\/\"},\"sameAs\":[\"https:\\\/\\\/www.facebook.com\\\/webdotn\",\"https:\\\/\\\/x.com\\\/webdo_tn\"],\"description\":\"Webdo est un m\u00e9dia num\u00e9rique tunisien fond\u00e9 en 2010, sp\u00e9cialis\u00e9 dans l\u2019actualit\u00e9 nationale et internationale, l\u2019\u00e9conomie, la soci\u00e9t\u00e9 et les analyses politiques. Le site s\u2019adresse \u00e0 un large public francophone et couvre l\u2019information tunisienne en temps r\u00e9el.\",\"email\":\"redac@webdo.tn\",\"legalName\":\"YNJ SARL\",\"foundingDate\":\"2010-09-06\",\"numberOfEmployees\":{\"@type\":\"QuantitativeValue\",\"minValue\":\"11\",\"maxValue\":\"50\"}},{\"@type\":\"Person\",\"@id\":\"https:\\\/\\\/www.webdo.tn\\\/fr\\\/#\\\/schema\\\/person\\\/f35b42a42c5e2511bbd282959d6385cc\",\"name\":\"CL\",\"image\":{\"@type\":\"ImageObject\",\"inLanguage\":\"fr-FR\",\"@id\":\"https:\\\/\\\/secure.gravatar.com\\\/avatar\\\/1447a49909b67aa657c488aec6512e1dd6143a480c1ecfee9b5b5cd74eb3b59e?s=96&d=mm&r=g\",\"url\":\"https:\\\/\\\/secure.gravatar.com\\\/avatar\\\/1447a49909b67aa657c488aec6512e1dd6143a480c1ecfee9b5b5cd74eb3b59e?s=96&d=mm&r=g\",\"contentUrl\":\"https:\\\/\\\/secure.gravatar.com\\\/avatar\\\/1447a49909b67aa657c488aec6512e1dd6143a480c1ecfee9b5b5cd74eb3b59e?s=96&d=mm&r=g\",\"caption\":\"CL\"},\"url\":\"https:\\\/\\\/www.webdo.tn\\\/fr\\\/actualite\\\/author\\\/cl\\\/\"}]}<\/script>\n<!-- \/ Yoast SEO Premium plugin. -->","yoast_head_json":{"title":"Un nouveau c\u00e2ble reliera la Tunisie \u00e0 l'Europe, pour am\u00e9liorer la connectivit\u00e9 Internet","description":"Un nouveau c\u00e2ble sous-marin reliant la Tunisie (Bizerte) \u00e0 l'Europe, via la ville fran\u00e7aise de Marseille, sera d\u00e9ploy\u00e9 en vertu d'un accord sign\u00e9, jeudi, 11 mai...","canonical":"https:\/\/www.webdo.tn\/fr\/actualite\/national\/un-nouveau-cable-reliera-la-tunisie-a-l-europe-pour-ameliorer-la-connectivite-internet\/205668\/","og_locale":"fr_FR","og_type":"article","og_title":"Un nouveau c\u00e2ble reliera la Tunisie \u00e0 l'Europe, pour am\u00e9liorer la connectivit\u00e9 Internet","og_description":"Un nouveau c\u00e2ble sous-marin reliant la Tunisie (Bizerte) \u00e0 l'Europe, via la ville fran\u00e7aise de Marseille, sera d\u00e9ploy\u00e9 en vertu d'un accord sign\u00e9, jeudi, 11 mai...","og_url":"https:\/\/www.webdo.tn\/fr\/actualite\/national\/un-nouveau-cable-reliera-la-tunisie-a-l-europe-pour-ameliorer-la-connectivite-internet\/205668\/","og_site_name":"webdo","article_publisher":"https:\/\/www.facebook.com\/webdotn","article_published_time":"2023-05-12T19:28:00+00:00","article_modified_time":"2025-05-20T22:43:25+00:00","og_image":[{"width":750,"height":400,"url":"https:\/\/www.webdo.tn\/fr\/wp-content\/uploads\/2023\/05\/20b2c08e202722a511651805ad0f8389.jpg","type":"image\/jpeg"}],"author":"CL","twitter_card":"summary_large_image","twitter_creator":"@webdo_tn","twitter_site":"@webdo_tn","twitter_misc":{"\u00c9crit par":"CL","Dur\u00e9e de lecture estim\u00e9e":"1 minute"},"schema":{"@context":"https:\/\/schema.org","@graph":[{"@type":"NewsArticle","@id":"https:\/\/www.webdo.tn\/fr\/actualite\/national\/un-nouveau-cable-reliera-la-tunisie-a-l-europe-pour-ameliorer-la-connectivite-internet\/205668\/#article","isPartOf":{"@id":"https:\/\/www.webdo.tn\/fr\/actualite\/national\/un-nouveau-cable-reliera-la-tunisie-a-l-europe-pour-ameliorer-la-connectivite-internet\/205668\/"},"author":{"name":"CL","@id":"https:\/\/www.webdo.tn\/fr\/#\/schema\/person\/f35b42a42c5e2511bbd282959d6385cc"},"headline":"Un nouveau c\u00e2ble reliera la Tunisie \u00e0 l&rsquo;Europe, pour am\u00e9liorer la connectivit\u00e9 Internet","datePublished":"2023-05-12T19:28:00+00:00","dateModified":"2025-05-20T22:43:25+00:00","mainEntityOfPage":{"@id":"https:\/\/www.webdo.tn\/fr\/actualite\/national\/un-nouveau-cable-reliera-la-tunisie-a-l-europe-pour-ameliorer-la-connectivite-internet\/205668\/"},"wordCount":294,"commentCount":0,"publisher":{"@id":"https:\/\/www.webdo.tn\/fr\/#organization"},"image":{"@id":"https:\/\/www.webdo.tn\/fr\/actualite\/national\/un-nouveau-cable-reliera-la-tunisie-a-l-europe-pour-ameliorer-la-connectivite-internet\/205668\/#primaryimage"},"thumbnailUrl":"https:\/\/www.webdo.tn\/fr\/wp-content\/uploads\/2023\/05\/20b2c08e202722a511651805ad0f8389.jpg","keywords":["Cable","Internet","Tunisie"],"articleSection":["National"],"inLanguage":"fr-FR"},{"@type":"WebPage","@id":"https:\/\/www.webdo.tn\/fr\/actualite\/national\/un-nouveau-cable-reliera-la-tunisie-a-l-europe-pour-ameliorer-la-connectivite-internet\/205668\/","url":"https:\/\/www.webdo.tn\/fr\/actualite\/national\/un-nouveau-cable-reliera-la-tunisie-a-l-europe-pour-ameliorer-la-connectivite-internet\/205668\/","name":"Un nouveau c\u00e2ble reliera la Tunisie \u00e0 l'Europe, pour am\u00e9liorer la connectivit\u00e9 Internet","isPartOf":{"@id":"https:\/\/www.webdo.tn\/fr\/#website"},"primaryImageOfPage":{"@id":"https:\/\/www.webdo.tn\/fr\/actualite\/national\/un-nouveau-cable-reliera-la-tunisie-a-l-europe-pour-ameliorer-la-connectivite-internet\/205668\/#primaryimage"},"image":{"@id":"https:\/\/www.webdo.tn\/fr\/actualite\/national\/un-nouveau-cable-reliera-la-tunisie-a-l-europe-pour-ameliorer-la-connectivite-internet\/205668\/#primaryimage"},"thumbnailUrl":"https:\/\/www.webdo.tn\/fr\/wp-content\/uploads\/2023\/05\/20b2c08e202722a511651805ad0f8389.jpg","datePublished":"2023-05-12T19:28:00+00:00","dateModified":"2025-05-20T22:43:25+00:00","description":"Un nouveau c\u00e2ble sous-marin reliant la Tunisie (Bizerte) \u00e0 l'Europe, via la ville fran\u00e7aise de Marseille, sera d\u00e9ploy\u00e9 en vertu d'un accord sign\u00e9, jeudi, 11 mai...","breadcrumb":{"@id":"https:\/\/www.webdo.tn\/fr\/actualite\/national\/un-nouveau-cable-reliera-la-tunisie-a-l-europe-pour-ameliorer-la-connectivite-internet\/205668\/#breadcrumb"},"inLanguage":"fr-FR","potentialAction":[{"@type":"ReadAction","target":["https:\/\/www.webdo.tn\/fr\/actualite\/national\/un-nouveau-cable-reliera-la-tunisie-a-l-europe-pour-ameliorer-la-connectivite-internet\/205668\/"]}]},{"@type":"ImageObject","inLanguage":"fr-FR","@id":"https:\/\/www.webdo.tn\/fr\/actualite\/national\/un-nouveau-cable-reliera-la-tunisie-a-l-europe-pour-ameliorer-la-connectivite-internet\/205668\/#primaryimage","url":"https:\/\/www.webdo.tn\/fr\/wp-content\/uploads\/2023\/05\/20b2c08e202722a511651805ad0f8389.jpg","contentUrl":"https:\/\/www.webdo.tn\/fr\/wp-content\/uploads\/2023\/05\/20b2c08e202722a511651805ad0f8389.jpg","width":750,"height":400,"caption":"Cable"},{"@type":"BreadcrumbList","@id":"https:\/\/www.webdo.tn\/fr\/actualite\/national\/un-nouveau-cable-reliera-la-tunisie-a-l-europe-pour-ameliorer-la-connectivite-internet\/205668\/#breadcrumb","itemListElement":[{"@type":"ListItem","position":1,"name":"Accueil","item":"https:\/\/www.webdo.tn\/fr\/"},{"@type":"ListItem","position":2,"name":"Un nouveau c\u00e2ble reliera la Tunisie \u00e0 l&#8217;Europe, pour am\u00e9liorer la connectivit\u00e9 Internet"}]},{"@type":"WebSite","@id":"https:\/\/www.webdo.tn\/fr\/#website","url":"https:\/\/www.webdo.tn\/fr\/","name":"webdo","description":"Tunisie - News en Tunisie et \u00e0 l&#039;international sur Webdo.tn","publisher":{"@id":"https:\/\/www.webdo.tn\/fr\/#organization"},"potentialAction":[{"@type":"SearchAction","target":{"@type":"EntryPoint","urlTemplate":"https:\/\/www.webdo.tn\/fr\/?s={search_term_string}"},"query-input":{"@type":"PropertyValueSpecification","valueRequired":true,"valueName":"search_term_string"}}],"inLanguage":"fr-FR"},{"@type":"Organization","@id":"https:\/\/www.webdo.tn\/fr\/#organization","name":"Webdo","alternateName":"Webdo.tn","url":"https:\/\/www.webdo.tn\/fr\/","logo":{"@type":"ImageObject","inLanguage":"fr-FR","@id":"https:\/\/www.webdo.tn\/fr\/#\/schema\/logo\/image\/","url":"https:\/\/www.webdo.tn\/fr\/wp-content\/uploads\/2025\/06\/Webdo-Tunisie_168377.jpg","contentUrl":"https:\/\/www.webdo.tn\/fr\/wp-content\/uploads\/2025\/06\/Webdo-Tunisie_168377.jpg","width":301,"height":301,"caption":"Webdo"},"image":{"@id":"https:\/\/www.webdo.tn\/fr\/#\/schema\/logo\/image\/"},"sameAs":["https:\/\/www.facebook.com\/webdotn","https:\/\/x.com\/webdo_tn"],"description":"Webdo est un m\u00e9dia num\u00e9rique tunisien fond\u00e9 en 2010, sp\u00e9cialis\u00e9 dans l\u2019actualit\u00e9 nationale et internationale, l\u2019\u00e9conomie, la soci\u00e9t\u00e9 et les analyses politiques. Le site s\u2019adresse \u00e0 un large public francophone et couvre l\u2019information tunisienne en temps r\u00e9el.","email":"redac@webdo.tn","legalName":"YNJ SARL","foundingDate":"2010-09-06","numberOfEmployees":{"@type":"QuantitativeValue","minValue":"11","maxValue":"50"}},{"@type":"Person","@id":"https:\/\/www.webdo.tn\/fr\/#\/schema\/person\/f35b42a42c5e2511bbd282959d6385cc","name":"CL","image":{"@type":"ImageObject","inLanguage":"fr-FR","@id":"https:\/\/secure.gravatar.com\/avatar\/1447a49909b67aa657c488aec6512e1dd6143a480c1ecfee9b5b5cd74eb3b59e?s=96&d=mm&r=g","url":"https:\/\/secure.gravatar.com\/avatar\/1447a49909b67aa657c488aec6512e1dd6143a480c1ecfee9b5b5cd74eb3b59e?s=96&d=mm&r=g","contentUrl":"https:\/\/secure.gravatar.com\/avatar\/1447a49909b67aa657c488aec6512e1dd6143a480c1ecfee9b5b5cd74eb3b59e?s=96&d=mm&r=g","caption":"CL"},"url":"https:\/\/www.webdo.tn\/fr\/actualite\/author\/cl\/"}]}},"_links":{"self":[{"href":"https:\/\/www.webdo.tn\/fr\/wp-json\/wp\/v2\/posts\/205668","targetHints":{"allow":["GET"]}}],"collection":[{"href":"https:\/\/www.webdo.tn\/fr\/wp-json\/wp\/v2\/posts"}],"about":[{"href":"https:\/\/www.webdo.tn\/fr\/wp-json\/wp\/v2\/types\/post"}],"author":[{"embeddable":true,"href":"https:\/\/www.webdo.tn\/fr\/wp-json\/wp\/v2\/users\/3175"}],"replies":[{"embeddable":true,"href":"https:\/\/www.webdo.tn\/fr\/wp-json\/wp\/v2\/comments?post=205668"}],"version-history":[{"count":0,"href":"https:\/\/www.webdo.tn\/fr\/wp-json\/wp\/v2\/posts\/205668\/revisions"}],"wp:featuredmedia":[{"embeddable":true,"href":"https:\/\/www.webdo.tn\/fr\/wp-json\/wp\/v2\/media\/251156"}],"wp:attachment":[{"href":"https:\/\/www.webdo.tn\/fr\/wp-json\/wp\/v2\/media?parent=205668"}],"wp:term":[{"taxonomy":"category","embeddable":true,"href":"https:\/\/www.webdo.tn\/fr\/wp-json\/wp\/v2\/categories?post=205668"},{"taxonomy":"post_tag","embeddable":true,"href":"https:\/\/www.webdo.tn\/fr\/wp-json\/wp\/v2\/tags?post=205668"}],"curies":[{"name":"wp","href":"https:\/\/api.w.org\/{rel}","templated":true}]}}