{"id":205658,"date":"2023-05-12T15:06:00","date_gmt":"2023-05-12T15:06:00","guid":{"rendered":"https:\/\/www.webdo.tn\/fr\/blog\/un-des-civils-blesses-dans-l-attaque-de-djerba-quitte-l-hopital\/205658\/"},"modified":"2025-05-20T22:08:51","modified_gmt":"2025-05-20T22:08:51","slug":"un-des-civils-blesses-dans-l-attaque-de-djerba-quitte-l-hopital","status":"publish","type":"post","link":"https:\/\/www.webdo.tn\/fr\/actualite\/national\/un-des-civils-blesses-dans-l-attaque-de-djerba-quitte-l-hopital\/205658\/","title":{"rendered":"Un des civils bless\u00e9s dans l\u2019attaque de Djerba quitte l\u2019h\u00f4pital"},"content":{"rendered":"<p>Une des personnes civiles, bless\u00e9es dans l\u2019attaque de Djerba, dans la soir\u00e9e de mardi 9 mai, a quitt\u00e9, aujourd\u2019hui, l&rsquo;h\u00f4pital r\u00e9gional Sadok Mokkadem.<\/p>\n<p>\t\t\t\t\t\t\t\t\tApr\u00e8s avoir \u00e9t\u00e9 soign\u00e9e au sein de l\u2019h\u00f4pital suite \u00e0 sa blessure, elle a pu quitter l\u2019h\u00f4pital et a \u00e9t\u00e9 transport\u00e9e dans une ambulance m\u00e9dicalis\u00e9e vers son domicile \u00e0 Tunis.<\/p>\n<p>\u00ab\u00a0Selon les examens radiographiques effectu\u00e9s, son \u00e9tat de sant\u00e9 s&rsquo;est am\u00e9lior\u00e9 et ne n\u00e9cessite plus une hospitalisation\u00a0\u00bb, a expliqu\u00e9 Salem Issa, directeur de l&rsquo;h\u00f4pital, dans une d\u00e9claration \u00e0 l\u2019agence TAP.<\/p>\n<p>Cette personne fait partie des cinq bless\u00e9s dont trois s\u00e9curitaires et deux civils, transport\u00e9es \u00e0 l&rsquo;h\u00f4pital Sadok Mokddadem, le soir de la fusillade. Un sixi\u00e8me bless\u00e9 (un civil), a \u00e9t\u00e9 h\u00e9berg\u00e9 dans une clinique priv\u00e9e \u00e0 Djerba.<\/p>\n","protected":false},"excerpt":{"rendered":"<p>Une des personnes civiles, bless\u00e9es dans l\u2019attaque de Djerba, dans la soir\u00e9e de mardi 9 mai, a quitt\u00e9, aujourd\u2019hui, l&rsquo;h\u00f4pital r\u00e9gional Sadok Mokkadem.<\/p>\n","protected":false},"author":3162,"featured_media":278189,"comment_status":"open","ping_status":"closed","sticky":false,"template":"","format":"standard","meta":{"footnotes":""},"categories":[44],"tags":[3918,4828,3696],"class_list":["post-205658","post","type-post","status-publish","format-standard","has-post-thumbnail","hentry","category-national","tag-attaque","tag-blesse","tag-djerba"],"yoast_head":"<!-- This site is optimized with the Yoast SEO Premium plugin v27.5 (Yoast SEO v27.5) - https:\/\/yoast.com\/product\/yoast-seo-premium-wordpress\/ -->\n<title>Un des civils bless\u00e9s dans l\u2019attaque de Djerba quitte l\u2019h\u00f4pital<\/title>\n<meta name=\"description\" content=\"Une des personnes civiles, bless\u00e9es dans l\u2019attaque de Djerba, dans la soir\u00e9e de mardi 9 mai, a quitt\u00e9, aujourd\u2019hui, l&#039;h\u00f4pital r\u00e9gional Sadok Mokkadem.\" \/>\n<link rel=\"canonical\" href=\"https:\/\/www.webdo.tn\/fr\/actualite\/national\/un-des-civils-blesses-dans-l-attaque-de-djerba-quitte-l-hopital\/205658\/\" \/>\n<meta property=\"og:locale\" content=\"fr_FR\" \/>\n<meta property=\"og:type\" content=\"article\" \/>\n<meta property=\"og:title\" content=\"Un des civils bless\u00e9s dans l\u2019attaque de Djerba quitte l\u2019h\u00f4pital\" \/>\n<meta property=\"og:description\" content=\"Une des personnes civiles, bless\u00e9es dans l\u2019attaque de Djerba, dans la soir\u00e9e de mardi 9 mai, a quitt\u00e9, aujourd\u2019hui, l&#039;h\u00f4pital r\u00e9gional Sadok Mokkadem.\" \/>\n<meta property=\"og:url\" content=\"https:\/\/www.webdo.tn\/fr\/actualite\/national\/un-des-civils-blesses-dans-l-attaque-de-djerba-quitte-l-hopital\/205658\/\" \/>\n<meta property=\"og:site_name\" content=\"webdo\" \/>\n<meta property=\"article:publisher\" content=\"https:\/\/www.facebook.com\/webdotn\" \/>\n<meta property=\"article:published_time\" content=\"2023-05-12T15:06:00+00:00\" \/>\n<meta property=\"article:modified_time\" content=\"2025-05-20T22:08:51+00:00\" \/>\n<meta property=\"og:image\" content=\"https:\/\/www.webdo.tn\/fr\/wp-content\/uploads\/2023\/05\/e59c5921e590226245c07ffc490385c5.png\" \/>\n\t<meta property=\"og:image:width\" content=\"750\" \/>\n\t<meta property=\"og:image:height\" content=\"400\" \/>\n\t<meta property=\"og:image:type\" content=\"image\/png\" \/>\n<meta name=\"author\" content=\"MC\" \/>\n<meta name=\"twitter:card\" content=\"summary_large_image\" \/>\n<meta name=\"twitter:creator\" content=\"@webdo_tn\" \/>\n<meta name=\"twitter:site\" content=\"@webdo_tn\" \/>\n<meta name=\"twitter:label1\" content=\"\u00c9crit par\" \/>\n\t<meta name=\"twitter:data1\" content=\"MC\" \/>\n\t<meta name=\"twitter:label2\" content=\"Dur\u00e9e de lecture estim\u00e9e\" \/>\n\t<meta name=\"twitter:data2\" content=\"1 minute\" \/>\n<script type=\"application\/ld+json\" class=\"yoast-schema-graph\">{\"@context\":\"https:\\\/\\\/schema.org\",\"@graph\":[{\"@type\":\"NewsArticle\",\"@id\":\"https:\\\/\\\/www.webdo.tn\\\/fr\\\/actualite\\\/national\\\/un-des-civils-blesses-dans-l-attaque-de-djerba-quitte-l-hopital\\\/205658\\\/#article\",\"isPartOf\":{\"@id\":\"https:\\\/\\\/www.webdo.tn\\\/fr\\\/actualite\\\/national\\\/un-des-civils-blesses-dans-l-attaque-de-djerba-quitte-l-hopital\\\/205658\\\/\"},\"author\":{\"name\":\"MC\",\"@id\":\"https:\\\/\\\/www.webdo.tn\\\/fr\\\/#\\\/schema\\\/person\\\/2c4929cbf5a809e3bd38617c6ce150f6\"},\"headline\":\"Un des civils bless\u00e9s dans l\u2019attaque de Djerba quitte l\u2019h\u00f4pital\",\"datePublished\":\"2023-05-12T15:06:00+00:00\",\"dateModified\":\"2025-05-20T22:08:51+00:00\",\"mainEntityOfPage\":{\"@id\":\"https:\\\/\\\/www.webdo.tn\\\/fr\\\/actualite\\\/national\\\/un-des-civils-blesses-dans-l-attaque-de-djerba-quitte-l-hopital\\\/205658\\\/\"},\"wordCount\":160,\"commentCount\":0,\"publisher\":{\"@id\":\"https:\\\/\\\/www.webdo.tn\\\/fr\\\/#organization\"},\"image\":{\"@id\":\"https:\\\/\\\/www.webdo.tn\\\/fr\\\/actualite\\\/national\\\/un-des-civils-blesses-dans-l-attaque-de-djerba-quitte-l-hopital\\\/205658\\\/#primaryimage\"},\"thumbnailUrl\":\"https:\\\/\\\/www.webdo.tn\\\/fr\\\/wp-content\\\/uploads\\\/2023\\\/05\\\/e59c5921e590226245c07ffc490385c5.png\",\"keywords\":[\"attaque\",\"bless\u00e9\",\"djerba\"],\"articleSection\":[\"National\"],\"inLanguage\":\"fr-FR\"},{\"@type\":\"WebPage\",\"@id\":\"https:\\\/\\\/www.webdo.tn\\\/fr\\\/actualite\\\/national\\\/un-des-civils-blesses-dans-l-attaque-de-djerba-quitte-l-hopital\\\/205658\\\/\",\"url\":\"https:\\\/\\\/www.webdo.tn\\\/fr\\\/actualite\\\/national\\\/un-des-civils-blesses-dans-l-attaque-de-djerba-quitte-l-hopital\\\/205658\\\/\",\"name\":\"Un des civils bless\u00e9s dans l\u2019attaque de Djerba quitte l\u2019h\u00f4pital\",\"isPartOf\":{\"@id\":\"https:\\\/\\\/www.webdo.tn\\\/fr\\\/#website\"},\"primaryImageOfPage\":{\"@id\":\"https:\\\/\\\/www.webdo.tn\\\/fr\\\/actualite\\\/national\\\/un-des-civils-blesses-dans-l-attaque-de-djerba-quitte-l-hopital\\\/205658\\\/#primaryimage\"},\"image\":{\"@id\":\"https:\\\/\\\/www.webdo.tn\\\/fr\\\/actualite\\\/national\\\/un-des-civils-blesses-dans-l-attaque-de-djerba-quitte-l-hopital\\\/205658\\\/#primaryimage\"},\"thumbnailUrl\":\"https:\\\/\\\/www.webdo.tn\\\/fr\\\/wp-content\\\/uploads\\\/2023\\\/05\\\/e59c5921e590226245c07ffc490385c5.png\",\"datePublished\":\"2023-05-12T15:06:00+00:00\",\"dateModified\":\"2025-05-20T22:08:51+00:00\",\"description\":\"Une des personnes civiles, bless\u00e9es dans l\u2019attaque de Djerba, dans la soir\u00e9e de mardi 9 mai, a quitt\u00e9, aujourd\u2019hui, l'h\u00f4pital r\u00e9gional Sadok Mokkadem.\",\"breadcrumb\":{\"@id\":\"https:\\\/\\\/www.webdo.tn\\\/fr\\\/actualite\\\/national\\\/un-des-civils-blesses-dans-l-attaque-de-djerba-quitte-l-hopital\\\/205658\\\/#breadcrumb\"},\"inLanguage\":\"fr-FR\",\"potentialAction\":[{\"@type\":\"ReadAction\",\"target\":[\"https:\\\/\\\/www.webdo.tn\\\/fr\\\/actualite\\\/national\\\/un-des-civils-blesses-dans-l-attaque-de-djerba-quitte-l-hopital\\\/205658\\\/\"]}]},{\"@type\":\"ImageObject\",\"inLanguage\":\"fr-FR\",\"@id\":\"https:\\\/\\\/www.webdo.tn\\\/fr\\\/actualite\\\/national\\\/un-des-civils-blesses-dans-l-attaque-de-djerba-quitte-l-hopital\\\/205658\\\/#primaryimage\",\"url\":\"https:\\\/\\\/www.webdo.tn\\\/fr\\\/wp-content\\\/uploads\\\/2023\\\/05\\\/e59c5921e590226245c07ffc490385c5.png\",\"contentUrl\":\"https:\\\/\\\/www.webdo.tn\\\/fr\\\/wp-content\\\/uploads\\\/2023\\\/05\\\/e59c5921e590226245c07ffc490385c5.png\",\"width\":750,\"height\":400,\"caption\":\"Un des civils bless\u00e9s dans l\u2019attaque de Djerba quitte l\u2019h\u00f4pital\"},{\"@type\":\"BreadcrumbList\",\"@id\":\"https:\\\/\\\/www.webdo.tn\\\/fr\\\/actualite\\\/national\\\/un-des-civils-blesses-dans-l-attaque-de-djerba-quitte-l-hopital\\\/205658\\\/#breadcrumb\",\"itemListElement\":[{\"@type\":\"ListItem\",\"position\":1,\"name\":\"Accueil\",\"item\":\"https:\\\/\\\/www.webdo.tn\\\/fr\\\/\"},{\"@type\":\"ListItem\",\"position\":2,\"name\":\"Un des civils bless\u00e9s dans l\u2019attaque de Djerba quitte l\u2019h\u00f4pital\"}]},{\"@type\":\"WebSite\",\"@id\":\"https:\\\/\\\/www.webdo.tn\\\/fr\\\/#website\",\"url\":\"https:\\\/\\\/www.webdo.tn\\\/fr\\\/\",\"name\":\"webdo\",\"description\":\"Tunisie - News en Tunisie et \u00e0 l&#039;international sur Webdo.tn\",\"publisher\":{\"@id\":\"https:\\\/\\\/www.webdo.tn\\\/fr\\\/#organization\"},\"potentialAction\":[{\"@type\":\"SearchAction\",\"target\":{\"@type\":\"EntryPoint\",\"urlTemplate\":\"https:\\\/\\\/www.webdo.tn\\\/fr\\\/?s={search_term_string}\"},\"query-input\":{\"@type\":\"PropertyValueSpecification\",\"valueRequired\":true,\"valueName\":\"search_term_string\"}}],\"inLanguage\":\"fr-FR\"},{\"@type\":\"Organization\",\"@id\":\"https:\\\/\\\/www.webdo.tn\\\/fr\\\/#organization\",\"name\":\"Webdo\",\"alternateName\":\"Webdo.tn\",\"url\":\"https:\\\/\\\/www.webdo.tn\\\/fr\\\/\",\"logo\":{\"@type\":\"ImageObject\",\"inLanguage\":\"fr-FR\",\"@id\":\"https:\\\/\\\/www.webdo.tn\\\/fr\\\/#\\\/schema\\\/logo\\\/image\\\/\",\"url\":\"https:\\\/\\\/www.webdo.tn\\\/fr\\\/wp-content\\\/uploads\\\/2025\\\/06\\\/Webdo-Tunisie_168377.jpg\",\"contentUrl\":\"https:\\\/\\\/www.webdo.tn\\\/fr\\\/wp-content\\\/uploads\\\/2025\\\/06\\\/Webdo-Tunisie_168377.jpg\",\"width\":301,\"height\":301,\"caption\":\"Webdo\"},\"image\":{\"@id\":\"https:\\\/\\\/www.webdo.tn\\\/fr\\\/#\\\/schema\\\/logo\\\/image\\\/\"},\"sameAs\":[\"https:\\\/\\\/www.facebook.com\\\/webdotn\",\"https:\\\/\\\/x.com\\\/webdo_tn\"],\"description\":\"Webdo est un m\u00e9dia num\u00e9rique tunisien fond\u00e9 en 2010, sp\u00e9cialis\u00e9 dans l\u2019actualit\u00e9 nationale et internationale, l\u2019\u00e9conomie, la soci\u00e9t\u00e9 et les analyses politiques. Le site s\u2019adresse \u00e0 un large public francophone et couvre l\u2019information tunisienne en temps r\u00e9el.\",\"email\":\"redac@webdo.tn\",\"legalName\":\"YNJ SARL\",\"foundingDate\":\"2010-09-06\",\"numberOfEmployees\":{\"@type\":\"QuantitativeValue\",\"minValue\":\"11\",\"maxValue\":\"50\"}},{\"@type\":\"Person\",\"@id\":\"https:\\\/\\\/www.webdo.tn\\\/fr\\\/#\\\/schema\\\/person\\\/2c4929cbf5a809e3bd38617c6ce150f6\",\"name\":\"MC\",\"image\":{\"@type\":\"ImageObject\",\"inLanguage\":\"fr-FR\",\"@id\":\"https:\\\/\\\/secure.gravatar.com\\\/avatar\\\/a545bbb6f84efdd5553dbbc2895e3ca8f1d12c5215e00a041c9670b54aa9b18a?s=96&d=mm&r=g\",\"url\":\"https:\\\/\\\/secure.gravatar.com\\\/avatar\\\/a545bbb6f84efdd5553dbbc2895e3ca8f1d12c5215e00a041c9670b54aa9b18a?s=96&d=mm&r=g\",\"contentUrl\":\"https:\\\/\\\/secure.gravatar.com\\\/avatar\\\/a545bbb6f84efdd5553dbbc2895e3ca8f1d12c5215e00a041c9670b54aa9b18a?s=96&d=mm&r=g\",\"caption\":\"MC\"},\"url\":\"https:\\\/\\\/www.webdo.tn\\\/fr\\\/actualite\\\/author\\\/mc\\\/\"}]}<\/script>\n<!-- \/ Yoast SEO Premium plugin. -->","yoast_head_json":{"title":"Un des civils bless\u00e9s dans l\u2019attaque de Djerba quitte l\u2019h\u00f4pital","description":"Une des personnes civiles, bless\u00e9es dans l\u2019attaque de Djerba, dans la soir\u00e9e de mardi 9 mai, a quitt\u00e9, aujourd\u2019hui, l'h\u00f4pital r\u00e9gional Sadok Mokkadem.","canonical":"https:\/\/www.webdo.tn\/fr\/actualite\/national\/un-des-civils-blesses-dans-l-attaque-de-djerba-quitte-l-hopital\/205658\/","og_locale":"fr_FR","og_type":"article","og_title":"Un des civils bless\u00e9s dans l\u2019attaque de Djerba quitte l\u2019h\u00f4pital","og_description":"Une des personnes civiles, bless\u00e9es dans l\u2019attaque de Djerba, dans la soir\u00e9e de mardi 9 mai, a quitt\u00e9, aujourd\u2019hui, l'h\u00f4pital r\u00e9gional Sadok Mokkadem.","og_url":"https:\/\/www.webdo.tn\/fr\/actualite\/national\/un-des-civils-blesses-dans-l-attaque-de-djerba-quitte-l-hopital\/205658\/","og_site_name":"webdo","article_publisher":"https:\/\/www.facebook.com\/webdotn","article_published_time":"2023-05-12T15:06:00+00:00","article_modified_time":"2025-05-20T22:08:51+00:00","og_image":[{"width":750,"height":400,"url":"https:\/\/www.webdo.tn\/fr\/wp-content\/uploads\/2023\/05\/e59c5921e590226245c07ffc490385c5.png","type":"image\/png"}],"author":"MC","twitter_card":"summary_large_image","twitter_creator":"@webdo_tn","twitter_site":"@webdo_tn","twitter_misc":{"\u00c9crit par":"MC","Dur\u00e9e de lecture estim\u00e9e":"1 minute"},"schema":{"@context":"https:\/\/schema.org","@graph":[{"@type":"NewsArticle","@id":"https:\/\/www.webdo.tn\/fr\/actualite\/national\/un-des-civils-blesses-dans-l-attaque-de-djerba-quitte-l-hopital\/205658\/#article","isPartOf":{"@id":"https:\/\/www.webdo.tn\/fr\/actualite\/national\/un-des-civils-blesses-dans-l-attaque-de-djerba-quitte-l-hopital\/205658\/"},"author":{"name":"MC","@id":"https:\/\/www.webdo.tn\/fr\/#\/schema\/person\/2c4929cbf5a809e3bd38617c6ce150f6"},"headline":"Un des civils bless\u00e9s dans l\u2019attaque de Djerba quitte l\u2019h\u00f4pital","datePublished":"2023-05-12T15:06:00+00:00","dateModified":"2025-05-20T22:08:51+00:00","mainEntityOfPage":{"@id":"https:\/\/www.webdo.tn\/fr\/actualite\/national\/un-des-civils-blesses-dans-l-attaque-de-djerba-quitte-l-hopital\/205658\/"},"wordCount":160,"commentCount":0,"publisher":{"@id":"https:\/\/www.webdo.tn\/fr\/#organization"},"image":{"@id":"https:\/\/www.webdo.tn\/fr\/actualite\/national\/un-des-civils-blesses-dans-l-attaque-de-djerba-quitte-l-hopital\/205658\/#primaryimage"},"thumbnailUrl":"https:\/\/www.webdo.tn\/fr\/wp-content\/uploads\/2023\/05\/e59c5921e590226245c07ffc490385c5.png","keywords":["attaque","bless\u00e9","djerba"],"articleSection":["National"],"inLanguage":"fr-FR"},{"@type":"WebPage","@id":"https:\/\/www.webdo.tn\/fr\/actualite\/national\/un-des-civils-blesses-dans-l-attaque-de-djerba-quitte-l-hopital\/205658\/","url":"https:\/\/www.webdo.tn\/fr\/actualite\/national\/un-des-civils-blesses-dans-l-attaque-de-djerba-quitte-l-hopital\/205658\/","name":"Un des civils bless\u00e9s dans l\u2019attaque de Djerba quitte l\u2019h\u00f4pital","isPartOf":{"@id":"https:\/\/www.webdo.tn\/fr\/#website"},"primaryImageOfPage":{"@id":"https:\/\/www.webdo.tn\/fr\/actualite\/national\/un-des-civils-blesses-dans-l-attaque-de-djerba-quitte-l-hopital\/205658\/#primaryimage"},"image":{"@id":"https:\/\/www.webdo.tn\/fr\/actualite\/national\/un-des-civils-blesses-dans-l-attaque-de-djerba-quitte-l-hopital\/205658\/#primaryimage"},"thumbnailUrl":"https:\/\/www.webdo.tn\/fr\/wp-content\/uploads\/2023\/05\/e59c5921e590226245c07ffc490385c5.png","datePublished":"2023-05-12T15:06:00+00:00","dateModified":"2025-05-20T22:08:51+00:00","description":"Une des personnes civiles, bless\u00e9es dans l\u2019attaque de Djerba, dans la soir\u00e9e de mardi 9 mai, a quitt\u00e9, aujourd\u2019hui, l'h\u00f4pital r\u00e9gional Sadok Mokkadem.","breadcrumb":{"@id":"https:\/\/www.webdo.tn\/fr\/actualite\/national\/un-des-civils-blesses-dans-l-attaque-de-djerba-quitte-l-hopital\/205658\/#breadcrumb"},"inLanguage":"fr-FR","potentialAction":[{"@type":"ReadAction","target":["https:\/\/www.webdo.tn\/fr\/actualite\/national\/un-des-civils-blesses-dans-l-attaque-de-djerba-quitte-l-hopital\/205658\/"]}]},{"@type":"ImageObject","inLanguage":"fr-FR","@id":"https:\/\/www.webdo.tn\/fr\/actualite\/national\/un-des-civils-blesses-dans-l-attaque-de-djerba-quitte-l-hopital\/205658\/#primaryimage","url":"https:\/\/www.webdo.tn\/fr\/wp-content\/uploads\/2023\/05\/e59c5921e590226245c07ffc490385c5.png","contentUrl":"https:\/\/www.webdo.tn\/fr\/wp-content\/uploads\/2023\/05\/e59c5921e590226245c07ffc490385c5.png","width":750,"height":400,"caption":"Un des civils bless\u00e9s dans l\u2019attaque de Djerba quitte l\u2019h\u00f4pital"},{"@type":"BreadcrumbList","@id":"https:\/\/www.webdo.tn\/fr\/actualite\/national\/un-des-civils-blesses-dans-l-attaque-de-djerba-quitte-l-hopital\/205658\/#breadcrumb","itemListElement":[{"@type":"ListItem","position":1,"name":"Accueil","item":"https:\/\/www.webdo.tn\/fr\/"},{"@type":"ListItem","position":2,"name":"Un des civils bless\u00e9s dans l\u2019attaque de Djerba quitte l\u2019h\u00f4pital"}]},{"@type":"WebSite","@id":"https:\/\/www.webdo.tn\/fr\/#website","url":"https:\/\/www.webdo.tn\/fr\/","name":"webdo","description":"Tunisie - News en Tunisie et \u00e0 l&#039;international sur Webdo.tn","publisher":{"@id":"https:\/\/www.webdo.tn\/fr\/#organization"},"potentialAction":[{"@type":"SearchAction","target":{"@type":"EntryPoint","urlTemplate":"https:\/\/www.webdo.tn\/fr\/?s={search_term_string}"},"query-input":{"@type":"PropertyValueSpecification","valueRequired":true,"valueName":"search_term_string"}}],"inLanguage":"fr-FR"},{"@type":"Organization","@id":"https:\/\/www.webdo.tn\/fr\/#organization","name":"Webdo","alternateName":"Webdo.tn","url":"https:\/\/www.webdo.tn\/fr\/","logo":{"@type":"ImageObject","inLanguage":"fr-FR","@id":"https:\/\/www.webdo.tn\/fr\/#\/schema\/logo\/image\/","url":"https:\/\/www.webdo.tn\/fr\/wp-content\/uploads\/2025\/06\/Webdo-Tunisie_168377.jpg","contentUrl":"https:\/\/www.webdo.tn\/fr\/wp-content\/uploads\/2025\/06\/Webdo-Tunisie_168377.jpg","width":301,"height":301,"caption":"Webdo"},"image":{"@id":"https:\/\/www.webdo.tn\/fr\/#\/schema\/logo\/image\/"},"sameAs":["https:\/\/www.facebook.com\/webdotn","https:\/\/x.com\/webdo_tn"],"description":"Webdo est un m\u00e9dia num\u00e9rique tunisien fond\u00e9 en 2010, sp\u00e9cialis\u00e9 dans l\u2019actualit\u00e9 nationale et internationale, l\u2019\u00e9conomie, la soci\u00e9t\u00e9 et les analyses politiques. Le site s\u2019adresse \u00e0 un large public francophone et couvre l\u2019information tunisienne en temps r\u00e9el.","email":"redac@webdo.tn","legalName":"YNJ SARL","foundingDate":"2010-09-06","numberOfEmployees":{"@type":"QuantitativeValue","minValue":"11","maxValue":"50"}},{"@type":"Person","@id":"https:\/\/www.webdo.tn\/fr\/#\/schema\/person\/2c4929cbf5a809e3bd38617c6ce150f6","name":"MC","image":{"@type":"ImageObject","inLanguage":"fr-FR","@id":"https:\/\/secure.gravatar.com\/avatar\/a545bbb6f84efdd5553dbbc2895e3ca8f1d12c5215e00a041c9670b54aa9b18a?s=96&d=mm&r=g","url":"https:\/\/secure.gravatar.com\/avatar\/a545bbb6f84efdd5553dbbc2895e3ca8f1d12c5215e00a041c9670b54aa9b18a?s=96&d=mm&r=g","contentUrl":"https:\/\/secure.gravatar.com\/avatar\/a545bbb6f84efdd5553dbbc2895e3ca8f1d12c5215e00a041c9670b54aa9b18a?s=96&d=mm&r=g","caption":"MC"},"url":"https:\/\/www.webdo.tn\/fr\/actualite\/author\/mc\/"}]}},"_links":{"self":[{"href":"https:\/\/www.webdo.tn\/fr\/wp-json\/wp\/v2\/posts\/205658","targetHints":{"allow":["GET"]}}],"collection":[{"href":"https:\/\/www.webdo.tn\/fr\/wp-json\/wp\/v2\/posts"}],"about":[{"href":"https:\/\/www.webdo.tn\/fr\/wp-json\/wp\/v2\/types\/post"}],"author":[{"embeddable":true,"href":"https:\/\/www.webdo.tn\/fr\/wp-json\/wp\/v2\/users\/3162"}],"replies":[{"embeddable":true,"href":"https:\/\/www.webdo.tn\/fr\/wp-json\/wp\/v2\/comments?post=205658"}],"version-history":[{"count":0,"href":"https:\/\/www.webdo.tn\/fr\/wp-json\/wp\/v2\/posts\/205658\/revisions"}],"wp:featuredmedia":[{"embeddable":true,"href":"https:\/\/www.webdo.tn\/fr\/wp-json\/wp\/v2\/media\/278189"}],"wp:attachment":[{"href":"https:\/\/www.webdo.tn\/fr\/wp-json\/wp\/v2\/media?parent=205658"}],"wp:term":[{"taxonomy":"category","embeddable":true,"href":"https:\/\/www.webdo.tn\/fr\/wp-json\/wp\/v2\/categories?post=205658"},{"taxonomy":"post_tag","embeddable":true,"href":"https:\/\/www.webdo.tn\/fr\/wp-json\/wp\/v2\/tags?post=205658"}],"curies":[{"name":"wp","href":"https:\/\/api.w.org\/{rel}","templated":true}]}}