{"id":205642,"date":"2023-05-12T08:56:00","date_gmt":"2023-05-12T08:56:00","guid":{"rendered":"https:\/\/www.webdo.tn\/fr\/blog\/esperance-al-ahly-un-defi-a-relever\/205642\/"},"modified":"2025-05-20T21:59:52","modified_gmt":"2025-05-20T21:59:52","slug":"esperance-al-ahly-un-defi-a-relever","status":"publish","type":"post","link":"https:\/\/www.webdo.tn\/fr\/actualite\/sport\/esperance-al-ahly-un-defi-a-relever\/205642\/","title":{"rendered":"Esp\u00e9rance &#8211; Al Ahly, un d\u00e9fi \u00e0 relever !"},"content":{"rendered":"<p>L&rsquo;Esp\u00e9rance ST dispute, aujourd&rsquo;hui la demi-finale aller de la Ligue des Champions en accueillant l\u2019\u00e9quipe \u00e9gyptienne d\u2019Al Ahly. Un d\u00e9fi de taille pour les \u00ab\u00a0Sang et or\u00a0\u00bb pas au mieux de leur forme.<\/p>\n<p>\t\t\t\t\t\t\t\t\tC\u2019est le grand jour pour l\u2019EST qui affronte, ce vendredi 12 mai au stade Hamadi Agrebi, Al Ahly pour le compte des demi-finales aller de la Ligue des Champions.<\/p>\n<p>Les \u00ab\u00a0Sang et or\u00a0\u00bb seront face \u00e0 un d\u00e9fi de taille \u00e0 l\u2019heure o\u00f9 ils ne sont pas dans les meilleures conditions.<\/p>\n<p>Ils devront d\u2019abord disputer cette rencontre \u00e0 huis clos en raison de la sanction inflig\u00e9e pae la Conf\u00e9d\u00e9ration Africaine de Football \u00e0 la suite des incidents ayant \u00e9maill\u00e9 le quart de finale retour face \u00e0 la Jeunesse Sportive de Kabylie \u00e0 Rades.<\/p>\n<p>L\u2019Esp\u00e9rance doit \u00e9galement faire avec les nombreuses absences pour blessure, enregistr\u00e9es dans son effectif et \u00e9voluera ainsi sans Moez Ben Cherifia, Heni Amamou, Ghailane Chaalali, Hamdou El Houni, Riyad Benayad et Mohamed Abu Zrayq.<\/p>\n<p>Enfin, l\u2019EST vient de livrer un derby qui s\u2019est mal pass\u00e9 pour elle. Battue par le Club Africain et avant ce match par le CS Sfaxien, l\u2019Esp\u00e9rance devra se surpasser pour lever le doute sur ses capacit\u00e9s actuelles et surtout sur ses intentions sachant qu\u2019Al Ahly n\u2019est pas un client facile !<\/p>\n<p>Esp\u00e9rance &#8211; Al Ahly, c\u2019est ce soir \u00e0 partir de 20h00. Un match qui sera dirig\u00e9 par l&rsquo;arbitre kenyan Peter Waweru Kamaku.<\/p>\n","protected":false},"excerpt":{"rendered":"<p>L&rsquo;Esp\u00e9rance ST dispute, aujourd&rsquo;hui la demi-finale aller de la Ligue des Champions en accueillant l\u2019\u00e9quipe \u00e9gyptienne d\u2019Al Ahly. Un d\u00e9fi de taille pour les  San&#8230;<\/p>\n","protected":false},"author":3162,"featured_media":251177,"comment_status":"open","ping_status":"closed","sticky":false,"template":"","format":"standard","meta":{"footnotes":""},"categories":[2593],"tags":[6484,3102,3136],"class_list":["post-205642","post","type-post","status-publish","format-standard","has-post-thumbnail","hentry","category-sport","tag-al-ahly","tag-esperance-st","tag-ligue-des-champions"],"yoast_head":"<!-- This site is optimized with the Yoast SEO Premium plugin v27.4 (Yoast SEO v27.5) - https:\/\/yoast.com\/product\/yoast-seo-premium-wordpress\/ -->\n<title>Esp\u00e9rance - Al Ahly, un d\u00e9fi \u00e0 relever !<\/title>\n<meta name=\"description\" content=\"L&#039;Esp\u00e9rance ST dispute, aujourd&#039;hui la demi-finale aller de la Ligue des Champions en accueillant l\u2019\u00e9quipe \u00e9gyptienne d\u2019Al Ahly. Un d\u00e9fi de taille pour les San...\" \/>\n<link rel=\"canonical\" href=\"https:\/\/www.webdo.tn\/fr\/actualite\/sport\/esperance-al-ahly-un-defi-a-relever\/205642\/\" \/>\n<meta property=\"og:locale\" content=\"fr_FR\" \/>\n<meta property=\"og:type\" content=\"article\" \/>\n<meta property=\"og:title\" content=\"Esp\u00e9rance - Al Ahly, un d\u00e9fi \u00e0 relever !\" \/>\n<meta property=\"og:description\" content=\"L&#039;Esp\u00e9rance ST dispute, aujourd&#039;hui la demi-finale aller de la Ligue des Champions en accueillant l\u2019\u00e9quipe \u00e9gyptienne d\u2019Al Ahly. Un d\u00e9fi de taille pour les San...\" \/>\n<meta property=\"og:url\" content=\"https:\/\/www.webdo.tn\/fr\/actualite\/sport\/esperance-al-ahly-un-defi-a-relever\/205642\/\" \/>\n<meta property=\"og:site_name\" content=\"webdo\" \/>\n<meta property=\"article:publisher\" content=\"https:\/\/www.facebook.com\/webdotn\" \/>\n<meta property=\"article:published_time\" content=\"2023-05-12T08:56:00+00:00\" \/>\n<meta property=\"article:modified_time\" content=\"2025-05-20T21:59:52+00:00\" \/>\n<meta property=\"og:image\" content=\"https:\/\/www.webdo.tn\/fr\/wp-content\/uploads\/2023\/05\/5a479f55e693895f458bc7bf2f3164b4.jpg\" \/>\n\t<meta property=\"og:image:width\" content=\"593\" \/>\n\t<meta property=\"og:image:height\" content=\"316\" \/>\n\t<meta property=\"og:image:type\" content=\"image\/jpeg\" \/>\n<meta name=\"author\" content=\"MC\" \/>\n<meta name=\"twitter:card\" content=\"summary_large_image\" \/>\n<meta name=\"twitter:creator\" content=\"@webdo_tn\" \/>\n<meta name=\"twitter:site\" content=\"@webdo_tn\" \/>\n<meta name=\"twitter:label1\" content=\"\u00c9crit par\" \/>\n\t<meta name=\"twitter:data1\" content=\"MC\" \/>\n\t<meta name=\"twitter:label2\" content=\"Dur\u00e9e de lecture estim\u00e9e\" \/>\n\t<meta name=\"twitter:data2\" content=\"1 minute\" \/>\n<script type=\"application\/ld+json\" class=\"yoast-schema-graph\">{\"@context\":\"https:\\\/\\\/schema.org\",\"@graph\":[{\"@type\":\"NewsArticle\",\"@id\":\"https:\\\/\\\/www.webdo.tn\\\/fr\\\/actualite\\\/sport\\\/esperance-al-ahly-un-defi-a-relever\\\/205642\\\/#article\",\"isPartOf\":{\"@id\":\"https:\\\/\\\/www.webdo.tn\\\/fr\\\/actualite\\\/sport\\\/esperance-al-ahly-un-defi-a-relever\\\/205642\\\/\"},\"author\":{\"name\":\"MC\",\"@id\":\"https:\\\/\\\/www.webdo.tn\\\/fr\\\/#\\\/schema\\\/person\\\/2c4929cbf5a809e3bd38617c6ce150f6\"},\"headline\":\"Esp\u00e9rance &#8211; Al Ahly, un d\u00e9fi \u00e0 relever !\",\"datePublished\":\"2023-05-12T08:56:00+00:00\",\"dateModified\":\"2025-05-20T21:59:52+00:00\",\"mainEntityOfPage\":{\"@id\":\"https:\\\/\\\/www.webdo.tn\\\/fr\\\/actualite\\\/sport\\\/esperance-al-ahly-un-defi-a-relever\\\/205642\\\/\"},\"wordCount\":261,\"commentCount\":0,\"publisher\":{\"@id\":\"https:\\\/\\\/www.webdo.tn\\\/fr\\\/#organization\"},\"image\":{\"@id\":\"https:\\\/\\\/www.webdo.tn\\\/fr\\\/actualite\\\/sport\\\/esperance-al-ahly-un-defi-a-relever\\\/205642\\\/#primaryimage\"},\"thumbnailUrl\":\"https:\\\/\\\/www.webdo.tn\\\/fr\\\/wp-content\\\/uploads\\\/2023\\\/05\\\/5a479f55e693895f458bc7bf2f3164b4.jpg\",\"keywords\":[\"al ahly\",\"esp\u00e9rance st\",\"ligue des champions\"],\"articleSection\":[\"Sport\"],\"inLanguage\":\"fr-FR\"},{\"@type\":\"WebPage\",\"@id\":\"https:\\\/\\\/www.webdo.tn\\\/fr\\\/actualite\\\/sport\\\/esperance-al-ahly-un-defi-a-relever\\\/205642\\\/\",\"url\":\"https:\\\/\\\/www.webdo.tn\\\/fr\\\/actualite\\\/sport\\\/esperance-al-ahly-un-defi-a-relever\\\/205642\\\/\",\"name\":\"Esp\u00e9rance - Al Ahly, un d\u00e9fi \u00e0 relever !\",\"isPartOf\":{\"@id\":\"https:\\\/\\\/www.webdo.tn\\\/fr\\\/#website\"},\"primaryImageOfPage\":{\"@id\":\"https:\\\/\\\/www.webdo.tn\\\/fr\\\/actualite\\\/sport\\\/esperance-al-ahly-un-defi-a-relever\\\/205642\\\/#primaryimage\"},\"image\":{\"@id\":\"https:\\\/\\\/www.webdo.tn\\\/fr\\\/actualite\\\/sport\\\/esperance-al-ahly-un-defi-a-relever\\\/205642\\\/#primaryimage\"},\"thumbnailUrl\":\"https:\\\/\\\/www.webdo.tn\\\/fr\\\/wp-content\\\/uploads\\\/2023\\\/05\\\/5a479f55e693895f458bc7bf2f3164b4.jpg\",\"datePublished\":\"2023-05-12T08:56:00+00:00\",\"dateModified\":\"2025-05-20T21:59:52+00:00\",\"description\":\"L'Esp\u00e9rance ST dispute, aujourd'hui la demi-finale aller de la Ligue des Champions en accueillant l\u2019\u00e9quipe \u00e9gyptienne d\u2019Al Ahly. Un d\u00e9fi de taille pour les San...\",\"breadcrumb\":{\"@id\":\"https:\\\/\\\/www.webdo.tn\\\/fr\\\/actualite\\\/sport\\\/esperance-al-ahly-un-defi-a-relever\\\/205642\\\/#breadcrumb\"},\"inLanguage\":\"fr-FR\",\"potentialAction\":[{\"@type\":\"ReadAction\",\"target\":[\"https:\\\/\\\/www.webdo.tn\\\/fr\\\/actualite\\\/sport\\\/esperance-al-ahly-un-defi-a-relever\\\/205642\\\/\"]}]},{\"@type\":\"ImageObject\",\"inLanguage\":\"fr-FR\",\"@id\":\"https:\\\/\\\/www.webdo.tn\\\/fr\\\/actualite\\\/sport\\\/esperance-al-ahly-un-defi-a-relever\\\/205642\\\/#primaryimage\",\"url\":\"https:\\\/\\\/www.webdo.tn\\\/fr\\\/wp-content\\\/uploads\\\/2023\\\/05\\\/5a479f55e693895f458bc7bf2f3164b4.jpg\",\"contentUrl\":\"https:\\\/\\\/www.webdo.tn\\\/fr\\\/wp-content\\\/uploads\\\/2023\\\/05\\\/5a479f55e693895f458bc7bf2f3164b4.jpg\",\"width\":593,\"height\":316,\"caption\":\"Esp\u00e9rance - Al Ahly, un d\u00e9fi \u00e0 relever !\"},{\"@type\":\"BreadcrumbList\",\"@id\":\"https:\\\/\\\/www.webdo.tn\\\/fr\\\/actualite\\\/sport\\\/esperance-al-ahly-un-defi-a-relever\\\/205642\\\/#breadcrumb\",\"itemListElement\":[{\"@type\":\"ListItem\",\"position\":1,\"name\":\"Accueil\",\"item\":\"https:\\\/\\\/www.webdo.tn\\\/fr\\\/\"},{\"@type\":\"ListItem\",\"position\":2,\"name\":\"Esp\u00e9rance &#8211; Al Ahly, un d\u00e9fi \u00e0 relever !\"}]},{\"@type\":\"WebSite\",\"@id\":\"https:\\\/\\\/www.webdo.tn\\\/fr\\\/#website\",\"url\":\"https:\\\/\\\/www.webdo.tn\\\/fr\\\/\",\"name\":\"webdo\",\"description\":\"Tunisie - News en Tunisie et \u00e0 l&#039;international sur Webdo.tn\",\"publisher\":{\"@id\":\"https:\\\/\\\/www.webdo.tn\\\/fr\\\/#organization\"},\"potentialAction\":[{\"@type\":\"SearchAction\",\"target\":{\"@type\":\"EntryPoint\",\"urlTemplate\":\"https:\\\/\\\/www.webdo.tn\\\/fr\\\/?s={search_term_string}\"},\"query-input\":{\"@type\":\"PropertyValueSpecification\",\"valueRequired\":true,\"valueName\":\"search_term_string\"}}],\"inLanguage\":\"fr-FR\"},{\"@type\":\"Organization\",\"@id\":\"https:\\\/\\\/www.webdo.tn\\\/fr\\\/#organization\",\"name\":\"Webdo\",\"alternateName\":\"Webdo.tn\",\"url\":\"https:\\\/\\\/www.webdo.tn\\\/fr\\\/\",\"logo\":{\"@type\":\"ImageObject\",\"inLanguage\":\"fr-FR\",\"@id\":\"https:\\\/\\\/www.webdo.tn\\\/fr\\\/#\\\/schema\\\/logo\\\/image\\\/\",\"url\":\"https:\\\/\\\/www.webdo.tn\\\/fr\\\/wp-content\\\/uploads\\\/2025\\\/06\\\/Webdo-Tunisie_168377.jpg\",\"contentUrl\":\"https:\\\/\\\/www.webdo.tn\\\/fr\\\/wp-content\\\/uploads\\\/2025\\\/06\\\/Webdo-Tunisie_168377.jpg\",\"width\":301,\"height\":301,\"caption\":\"Webdo\"},\"image\":{\"@id\":\"https:\\\/\\\/www.webdo.tn\\\/fr\\\/#\\\/schema\\\/logo\\\/image\\\/\"},\"sameAs\":[\"https:\\\/\\\/www.facebook.com\\\/webdotn\",\"https:\\\/\\\/x.com\\\/webdo_tn\"],\"description\":\"Webdo est un m\u00e9dia num\u00e9rique tunisien fond\u00e9 en 2010, sp\u00e9cialis\u00e9 dans l\u2019actualit\u00e9 nationale et internationale, l\u2019\u00e9conomie, la soci\u00e9t\u00e9 et les analyses politiques. Le site s\u2019adresse \u00e0 un large public francophone et couvre l\u2019information tunisienne en temps r\u00e9el.\",\"email\":\"redac@webdo.tn\",\"legalName\":\"YNJ SARL\",\"foundingDate\":\"2010-09-06\",\"numberOfEmployees\":{\"@type\":\"QuantitativeValue\",\"minValue\":\"11\",\"maxValue\":\"50\"}},{\"@type\":\"Person\",\"@id\":\"https:\\\/\\\/www.webdo.tn\\\/fr\\\/#\\\/schema\\\/person\\\/2c4929cbf5a809e3bd38617c6ce150f6\",\"name\":\"MC\",\"image\":{\"@type\":\"ImageObject\",\"inLanguage\":\"fr-FR\",\"@id\":\"https:\\\/\\\/secure.gravatar.com\\\/avatar\\\/a545bbb6f84efdd5553dbbc2895e3ca8f1d12c5215e00a041c9670b54aa9b18a?s=96&d=mm&r=g\",\"url\":\"https:\\\/\\\/secure.gravatar.com\\\/avatar\\\/a545bbb6f84efdd5553dbbc2895e3ca8f1d12c5215e00a041c9670b54aa9b18a?s=96&d=mm&r=g\",\"contentUrl\":\"https:\\\/\\\/secure.gravatar.com\\\/avatar\\\/a545bbb6f84efdd5553dbbc2895e3ca8f1d12c5215e00a041c9670b54aa9b18a?s=96&d=mm&r=g\",\"caption\":\"MC\"},\"url\":\"https:\\\/\\\/www.webdo.tn\\\/fr\\\/actualite\\\/author\\\/mc\\\/\"}]}<\/script>\n<!-- \/ Yoast SEO Premium plugin. -->","yoast_head_json":{"title":"Esp\u00e9rance - Al Ahly, un d\u00e9fi \u00e0 relever !","description":"L'Esp\u00e9rance ST dispute, aujourd'hui la demi-finale aller de la Ligue des Champions en accueillant l\u2019\u00e9quipe \u00e9gyptienne d\u2019Al Ahly. Un d\u00e9fi de taille pour les San...","canonical":"https:\/\/www.webdo.tn\/fr\/actualite\/sport\/esperance-al-ahly-un-defi-a-relever\/205642\/","og_locale":"fr_FR","og_type":"article","og_title":"Esp\u00e9rance - Al Ahly, un d\u00e9fi \u00e0 relever !","og_description":"L'Esp\u00e9rance ST dispute, aujourd'hui la demi-finale aller de la Ligue des Champions en accueillant l\u2019\u00e9quipe \u00e9gyptienne d\u2019Al Ahly. Un d\u00e9fi de taille pour les San...","og_url":"https:\/\/www.webdo.tn\/fr\/actualite\/sport\/esperance-al-ahly-un-defi-a-relever\/205642\/","og_site_name":"webdo","article_publisher":"https:\/\/www.facebook.com\/webdotn","article_published_time":"2023-05-12T08:56:00+00:00","article_modified_time":"2025-05-20T21:59:52+00:00","og_image":[{"width":593,"height":316,"url":"https:\/\/www.webdo.tn\/fr\/wp-content\/uploads\/2023\/05\/5a479f55e693895f458bc7bf2f3164b4.jpg","type":"image\/jpeg"}],"author":"MC","twitter_card":"summary_large_image","twitter_creator":"@webdo_tn","twitter_site":"@webdo_tn","twitter_misc":{"\u00c9crit par":"MC","Dur\u00e9e de lecture estim\u00e9e":"1 minute"},"schema":{"@context":"https:\/\/schema.org","@graph":[{"@type":"NewsArticle","@id":"https:\/\/www.webdo.tn\/fr\/actualite\/sport\/esperance-al-ahly-un-defi-a-relever\/205642\/#article","isPartOf":{"@id":"https:\/\/www.webdo.tn\/fr\/actualite\/sport\/esperance-al-ahly-un-defi-a-relever\/205642\/"},"author":{"name":"MC","@id":"https:\/\/www.webdo.tn\/fr\/#\/schema\/person\/2c4929cbf5a809e3bd38617c6ce150f6"},"headline":"Esp\u00e9rance &#8211; Al Ahly, un d\u00e9fi \u00e0 relever !","datePublished":"2023-05-12T08:56:00+00:00","dateModified":"2025-05-20T21:59:52+00:00","mainEntityOfPage":{"@id":"https:\/\/www.webdo.tn\/fr\/actualite\/sport\/esperance-al-ahly-un-defi-a-relever\/205642\/"},"wordCount":261,"commentCount":0,"publisher":{"@id":"https:\/\/www.webdo.tn\/fr\/#organization"},"image":{"@id":"https:\/\/www.webdo.tn\/fr\/actualite\/sport\/esperance-al-ahly-un-defi-a-relever\/205642\/#primaryimage"},"thumbnailUrl":"https:\/\/www.webdo.tn\/fr\/wp-content\/uploads\/2023\/05\/5a479f55e693895f458bc7bf2f3164b4.jpg","keywords":["al ahly","esp\u00e9rance st","ligue des champions"],"articleSection":["Sport"],"inLanguage":"fr-FR"},{"@type":"WebPage","@id":"https:\/\/www.webdo.tn\/fr\/actualite\/sport\/esperance-al-ahly-un-defi-a-relever\/205642\/","url":"https:\/\/www.webdo.tn\/fr\/actualite\/sport\/esperance-al-ahly-un-defi-a-relever\/205642\/","name":"Esp\u00e9rance - Al Ahly, un d\u00e9fi \u00e0 relever !","isPartOf":{"@id":"https:\/\/www.webdo.tn\/fr\/#website"},"primaryImageOfPage":{"@id":"https:\/\/www.webdo.tn\/fr\/actualite\/sport\/esperance-al-ahly-un-defi-a-relever\/205642\/#primaryimage"},"image":{"@id":"https:\/\/www.webdo.tn\/fr\/actualite\/sport\/esperance-al-ahly-un-defi-a-relever\/205642\/#primaryimage"},"thumbnailUrl":"https:\/\/www.webdo.tn\/fr\/wp-content\/uploads\/2023\/05\/5a479f55e693895f458bc7bf2f3164b4.jpg","datePublished":"2023-05-12T08:56:00+00:00","dateModified":"2025-05-20T21:59:52+00:00","description":"L'Esp\u00e9rance ST dispute, aujourd'hui la demi-finale aller de la Ligue des Champions en accueillant l\u2019\u00e9quipe \u00e9gyptienne d\u2019Al Ahly. Un d\u00e9fi de taille pour les San...","breadcrumb":{"@id":"https:\/\/www.webdo.tn\/fr\/actualite\/sport\/esperance-al-ahly-un-defi-a-relever\/205642\/#breadcrumb"},"inLanguage":"fr-FR","potentialAction":[{"@type":"ReadAction","target":["https:\/\/www.webdo.tn\/fr\/actualite\/sport\/esperance-al-ahly-un-defi-a-relever\/205642\/"]}]},{"@type":"ImageObject","inLanguage":"fr-FR","@id":"https:\/\/www.webdo.tn\/fr\/actualite\/sport\/esperance-al-ahly-un-defi-a-relever\/205642\/#primaryimage","url":"https:\/\/www.webdo.tn\/fr\/wp-content\/uploads\/2023\/05\/5a479f55e693895f458bc7bf2f3164b4.jpg","contentUrl":"https:\/\/www.webdo.tn\/fr\/wp-content\/uploads\/2023\/05\/5a479f55e693895f458bc7bf2f3164b4.jpg","width":593,"height":316,"caption":"Esp\u00e9rance - Al Ahly, un d\u00e9fi \u00e0 relever !"},{"@type":"BreadcrumbList","@id":"https:\/\/www.webdo.tn\/fr\/actualite\/sport\/esperance-al-ahly-un-defi-a-relever\/205642\/#breadcrumb","itemListElement":[{"@type":"ListItem","position":1,"name":"Accueil","item":"https:\/\/www.webdo.tn\/fr\/"},{"@type":"ListItem","position":2,"name":"Esp\u00e9rance &#8211; Al Ahly, un d\u00e9fi \u00e0 relever !"}]},{"@type":"WebSite","@id":"https:\/\/www.webdo.tn\/fr\/#website","url":"https:\/\/www.webdo.tn\/fr\/","name":"webdo","description":"Tunisie - News en Tunisie et \u00e0 l&#039;international sur Webdo.tn","publisher":{"@id":"https:\/\/www.webdo.tn\/fr\/#organization"},"potentialAction":[{"@type":"SearchAction","target":{"@type":"EntryPoint","urlTemplate":"https:\/\/www.webdo.tn\/fr\/?s={search_term_string}"},"query-input":{"@type":"PropertyValueSpecification","valueRequired":true,"valueName":"search_term_string"}}],"inLanguage":"fr-FR"},{"@type":"Organization","@id":"https:\/\/www.webdo.tn\/fr\/#organization","name":"Webdo","alternateName":"Webdo.tn","url":"https:\/\/www.webdo.tn\/fr\/","logo":{"@type":"ImageObject","inLanguage":"fr-FR","@id":"https:\/\/www.webdo.tn\/fr\/#\/schema\/logo\/image\/","url":"https:\/\/www.webdo.tn\/fr\/wp-content\/uploads\/2025\/06\/Webdo-Tunisie_168377.jpg","contentUrl":"https:\/\/www.webdo.tn\/fr\/wp-content\/uploads\/2025\/06\/Webdo-Tunisie_168377.jpg","width":301,"height":301,"caption":"Webdo"},"image":{"@id":"https:\/\/www.webdo.tn\/fr\/#\/schema\/logo\/image\/"},"sameAs":["https:\/\/www.facebook.com\/webdotn","https:\/\/x.com\/webdo_tn"],"description":"Webdo est un m\u00e9dia num\u00e9rique tunisien fond\u00e9 en 2010, sp\u00e9cialis\u00e9 dans l\u2019actualit\u00e9 nationale et internationale, l\u2019\u00e9conomie, la soci\u00e9t\u00e9 et les analyses politiques. Le site s\u2019adresse \u00e0 un large public francophone et couvre l\u2019information tunisienne en temps r\u00e9el.","email":"redac@webdo.tn","legalName":"YNJ SARL","foundingDate":"2010-09-06","numberOfEmployees":{"@type":"QuantitativeValue","minValue":"11","maxValue":"50"}},{"@type":"Person","@id":"https:\/\/www.webdo.tn\/fr\/#\/schema\/person\/2c4929cbf5a809e3bd38617c6ce150f6","name":"MC","image":{"@type":"ImageObject","inLanguage":"fr-FR","@id":"https:\/\/secure.gravatar.com\/avatar\/a545bbb6f84efdd5553dbbc2895e3ca8f1d12c5215e00a041c9670b54aa9b18a?s=96&d=mm&r=g","url":"https:\/\/secure.gravatar.com\/avatar\/a545bbb6f84efdd5553dbbc2895e3ca8f1d12c5215e00a041c9670b54aa9b18a?s=96&d=mm&r=g","contentUrl":"https:\/\/secure.gravatar.com\/avatar\/a545bbb6f84efdd5553dbbc2895e3ca8f1d12c5215e00a041c9670b54aa9b18a?s=96&d=mm&r=g","caption":"MC"},"url":"https:\/\/www.webdo.tn\/fr\/actualite\/author\/mc\/"}]}},"_links":{"self":[{"href":"https:\/\/www.webdo.tn\/fr\/wp-json\/wp\/v2\/posts\/205642","targetHints":{"allow":["GET"]}}],"collection":[{"href":"https:\/\/www.webdo.tn\/fr\/wp-json\/wp\/v2\/posts"}],"about":[{"href":"https:\/\/www.webdo.tn\/fr\/wp-json\/wp\/v2\/types\/post"}],"author":[{"embeddable":true,"href":"https:\/\/www.webdo.tn\/fr\/wp-json\/wp\/v2\/users\/3162"}],"replies":[{"embeddable":true,"href":"https:\/\/www.webdo.tn\/fr\/wp-json\/wp\/v2\/comments?post=205642"}],"version-history":[{"count":0,"href":"https:\/\/www.webdo.tn\/fr\/wp-json\/wp\/v2\/posts\/205642\/revisions"}],"wp:featuredmedia":[{"embeddable":true,"href":"https:\/\/www.webdo.tn\/fr\/wp-json\/wp\/v2\/media\/251177"}],"wp:attachment":[{"href":"https:\/\/www.webdo.tn\/fr\/wp-json\/wp\/v2\/media?parent=205642"}],"wp:term":[{"taxonomy":"category","embeddable":true,"href":"https:\/\/www.webdo.tn\/fr\/wp-json\/wp\/v2\/categories?post=205642"},{"taxonomy":"post_tag","embeddable":true,"href":"https:\/\/www.webdo.tn\/fr\/wp-json\/wp\/v2\/tags?post=205642"}],"curies":[{"name":"wp","href":"https:\/\/api.w.org\/{rel}","templated":true}]}}