{"id":205635,"date":"2023-05-11T20:06:00","date_gmt":"2023-05-11T20:06:00","guid":{"rendered":"https:\/\/www.webdo.tn\/fr\/blog\/les-sanctions-de-la-caf-contre-l-esperance-confirmees\/205635\/"},"modified":"2025-05-20T21:59:50","modified_gmt":"2025-05-20T21:59:50","slug":"les-sanctions-de-la-caf-contre-l-esperance-confirmees","status":"publish","type":"post","link":"https:\/\/www.webdo.tn\/fr\/actualite\/sport\/les-sanctions-de-la-caf-contre-l-esperance-confirmees\/205635\/","title":{"rendered":"Les sanctions de la CAF contre l\u2019Esp\u00e9rance confirm\u00e9es"},"content":{"rendered":"<p>La commission d\u2019appel de la Conf\u00e9d\u00e9ration africaine de football a rejet\u00e9 l\u2019appel de l\u2019Esp\u00e9rance ST, quant aux sanctions qui lui ont \u00e9t\u00e9 inflig\u00e9es par la commission de discipline de la CAF en marge des incidents ayant \u00e9maill\u00e9 le match du 29 avril dernier face \u00e0 la JS Kabylie \u00e0 Rades.<\/p>\n<p>\t\t\t\t\t\t\t\t\tL&rsquo;Esp\u00e9rance a \u00e9t\u00e9 lourdement sanctionn\u00e9e, le 5 mai dernier par la CAF et a \u00e9cop\u00e9 de quatre matches \u00e0 huis clos dont deux avec sursis et d&rsquo;une amende de 300 mille dollars suite aux incidents lors du quart de finale retour de la Ligue des champions \u00e0 Rades.<\/p>\n<p>La CAF a \u00e9galement menac\u00e9 d&rsquo;exclure de toute comp\u00e9tition africaine pour une ann\u00e9e en cas de r\u00e9cidive de ces d\u00e9passements durant les 12 prochains mois et d&rsquo;appliquer automatiquement les deux matches \u00e0 huis clos avec sursis, sans compter les autres sanctions.<\/p>\n<p>La deuxi\u00e8me mi-temps du quart de finale retour de la ligue des champions d&rsquo;Afrique de football qui s&rsquo;\u00e9tait sold\u00e9, samedi dernier \u00e0 Rades, par un nul 1-1 entre l&rsquo;Esp\u00e9rance et la JS Kabylie, avait d\u00e9marr\u00e9 avec 40 minutes de retard en raison d&rsquo;actes de vandalisme.<\/p>\n<p>L\u2019EST qui avait remport\u00e9 le match aller (1-0), a assur\u00e9 \u00e0 l&rsquo;issue de cette rencontre sa qualification en demi-finale \u00e0 la Ligue des champions. Il affrontera Al Ahly d&rsquo;Egypte en match aller demain \u00e0 Rades et le 19 mai au Caire.<\/p>\n","protected":false},"excerpt":{"rendered":"<p>La commission d\u2019appel de la Conf\u00e9d\u00e9ration africaine de football a rejet\u00e9 l\u2019appel de l\u2019Esp\u00e9rance ST, quant aux sanctions qui lui ont \u00e9t\u00e9 inflig\u00e9es par la commiss&#8230;<\/p>\n","protected":false},"author":3162,"featured_media":251174,"comment_status":"open","ping_status":"closed","sticky":false,"template":"","format":"standard","meta":{"footnotes":""},"categories":[2593],"tags":[3137,3135,3437,3136,4987],"class_list":["post-205635","post","type-post","status-publish","format-standard","has-post-thumbnail","hentry","category-sport","tag-amende","tag-caf","tag-esperance","tag-ligue-des-champions","tag-sanctions"],"yoast_head":"<!-- This site is optimized with the Yoast SEO Premium plugin v27.5 (Yoast SEO v27.5) - https:\/\/yoast.com\/product\/yoast-seo-premium-wordpress\/ -->\n<title>Les sanctions de la CAF contre l\u2019Esp\u00e9rance confirm\u00e9es<\/title>\n<meta name=\"description\" content=\"La commission d\u2019appel de la Conf\u00e9d\u00e9ration africaine de football a rejet\u00e9 l\u2019appel de l\u2019Esp\u00e9rance ST, quant aux sanctions qui lui ont \u00e9t\u00e9 inflig\u00e9es par la commiss...\" \/>\n<link rel=\"canonical\" href=\"https:\/\/www.webdo.tn\/fr\/actualite\/sport\/les-sanctions-de-la-caf-contre-l-esperance-confirmees\/205635\/\" \/>\n<meta property=\"og:locale\" content=\"fr_FR\" \/>\n<meta property=\"og:type\" content=\"article\" \/>\n<meta property=\"og:title\" content=\"Les sanctions de la CAF contre l\u2019Esp\u00e9rance confirm\u00e9es\" \/>\n<meta property=\"og:description\" content=\"La commission d\u2019appel de la Conf\u00e9d\u00e9ration africaine de football a rejet\u00e9 l\u2019appel de l\u2019Esp\u00e9rance ST, quant aux sanctions qui lui ont \u00e9t\u00e9 inflig\u00e9es par la commiss...\" \/>\n<meta property=\"og:url\" content=\"https:\/\/www.webdo.tn\/fr\/actualite\/sport\/les-sanctions-de-la-caf-contre-l-esperance-confirmees\/205635\/\" \/>\n<meta property=\"og:site_name\" content=\"webdo\" \/>\n<meta property=\"article:publisher\" content=\"https:\/\/www.facebook.com\/webdotn\" \/>\n<meta property=\"article:published_time\" content=\"2023-05-11T20:06:00+00:00\" \/>\n<meta property=\"article:modified_time\" content=\"2025-05-20T21:59:50+00:00\" \/>\n<meta property=\"og:image\" content=\"https:\/\/www.webdo.tn\/fr\/wp-content\/uploads\/2023\/05\/638038a2ae80daa77a93cbd35d4b232d.jpg\" \/>\n\t<meta property=\"og:image:width\" content=\"512\" \/>\n\t<meta property=\"og:image:height\" content=\"273\" \/>\n\t<meta property=\"og:image:type\" content=\"image\/jpeg\" \/>\n<meta name=\"author\" content=\"MC\" \/>\n<meta name=\"twitter:card\" content=\"summary_large_image\" \/>\n<meta name=\"twitter:creator\" content=\"@webdo_tn\" \/>\n<meta name=\"twitter:site\" content=\"@webdo_tn\" \/>\n<meta name=\"twitter:label1\" content=\"\u00c9crit par\" \/>\n\t<meta name=\"twitter:data1\" content=\"MC\" \/>\n\t<meta name=\"twitter:label2\" content=\"Dur\u00e9e de lecture estim\u00e9e\" \/>\n\t<meta name=\"twitter:data2\" content=\"1 minute\" \/>\n<script type=\"application\/ld+json\" class=\"yoast-schema-graph\">{\"@context\":\"https:\\\/\\\/schema.org\",\"@graph\":[{\"@type\":\"NewsArticle\",\"@id\":\"https:\\\/\\\/www.webdo.tn\\\/fr\\\/actualite\\\/sport\\\/les-sanctions-de-la-caf-contre-l-esperance-confirmees\\\/205635\\\/#article\",\"isPartOf\":{\"@id\":\"https:\\\/\\\/www.webdo.tn\\\/fr\\\/actualite\\\/sport\\\/les-sanctions-de-la-caf-contre-l-esperance-confirmees\\\/205635\\\/\"},\"author\":{\"name\":\"MC\",\"@id\":\"https:\\\/\\\/www.webdo.tn\\\/fr\\\/#\\\/schema\\\/person\\\/2c4929cbf5a809e3bd38617c6ce150f6\"},\"headline\":\"Les sanctions de la CAF contre l\u2019Esp\u00e9rance confirm\u00e9es\",\"datePublished\":\"2023-05-11T20:06:00+00:00\",\"dateModified\":\"2025-05-20T21:59:50+00:00\",\"mainEntityOfPage\":{\"@id\":\"https:\\\/\\\/www.webdo.tn\\\/fr\\\/actualite\\\/sport\\\/les-sanctions-de-la-caf-contre-l-esperance-confirmees\\\/205635\\\/\"},\"wordCount\":248,\"commentCount\":0,\"publisher\":{\"@id\":\"https:\\\/\\\/www.webdo.tn\\\/fr\\\/#organization\"},\"image\":{\"@id\":\"https:\\\/\\\/www.webdo.tn\\\/fr\\\/actualite\\\/sport\\\/les-sanctions-de-la-caf-contre-l-esperance-confirmees\\\/205635\\\/#primaryimage\"},\"thumbnailUrl\":\"https:\\\/\\\/www.webdo.tn\\\/fr\\\/wp-content\\\/uploads\\\/2023\\\/05\\\/638038a2ae80daa77a93cbd35d4b232d.jpg\",\"keywords\":[\"amende\",\"CAF\",\"esp\u00e9rance\",\"ligue des champions\",\"sanctions\"],\"articleSection\":[\"Sport\"],\"inLanguage\":\"fr-FR\"},{\"@type\":\"WebPage\",\"@id\":\"https:\\\/\\\/www.webdo.tn\\\/fr\\\/actualite\\\/sport\\\/les-sanctions-de-la-caf-contre-l-esperance-confirmees\\\/205635\\\/\",\"url\":\"https:\\\/\\\/www.webdo.tn\\\/fr\\\/actualite\\\/sport\\\/les-sanctions-de-la-caf-contre-l-esperance-confirmees\\\/205635\\\/\",\"name\":\"Les sanctions de la CAF contre l\u2019Esp\u00e9rance confirm\u00e9es\",\"isPartOf\":{\"@id\":\"https:\\\/\\\/www.webdo.tn\\\/fr\\\/#website\"},\"primaryImageOfPage\":{\"@id\":\"https:\\\/\\\/www.webdo.tn\\\/fr\\\/actualite\\\/sport\\\/les-sanctions-de-la-caf-contre-l-esperance-confirmees\\\/205635\\\/#primaryimage\"},\"image\":{\"@id\":\"https:\\\/\\\/www.webdo.tn\\\/fr\\\/actualite\\\/sport\\\/les-sanctions-de-la-caf-contre-l-esperance-confirmees\\\/205635\\\/#primaryimage\"},\"thumbnailUrl\":\"https:\\\/\\\/www.webdo.tn\\\/fr\\\/wp-content\\\/uploads\\\/2023\\\/05\\\/638038a2ae80daa77a93cbd35d4b232d.jpg\",\"datePublished\":\"2023-05-11T20:06:00+00:00\",\"dateModified\":\"2025-05-20T21:59:50+00:00\",\"description\":\"La commission d\u2019appel de la Conf\u00e9d\u00e9ration africaine de football a rejet\u00e9 l\u2019appel de l\u2019Esp\u00e9rance ST, quant aux sanctions qui lui ont \u00e9t\u00e9 inflig\u00e9es par la commiss...\",\"breadcrumb\":{\"@id\":\"https:\\\/\\\/www.webdo.tn\\\/fr\\\/actualite\\\/sport\\\/les-sanctions-de-la-caf-contre-l-esperance-confirmees\\\/205635\\\/#breadcrumb\"},\"inLanguage\":\"fr-FR\",\"potentialAction\":[{\"@type\":\"ReadAction\",\"target\":[\"https:\\\/\\\/www.webdo.tn\\\/fr\\\/actualite\\\/sport\\\/les-sanctions-de-la-caf-contre-l-esperance-confirmees\\\/205635\\\/\"]}]},{\"@type\":\"ImageObject\",\"inLanguage\":\"fr-FR\",\"@id\":\"https:\\\/\\\/www.webdo.tn\\\/fr\\\/actualite\\\/sport\\\/les-sanctions-de-la-caf-contre-l-esperance-confirmees\\\/205635\\\/#primaryimage\",\"url\":\"https:\\\/\\\/www.webdo.tn\\\/fr\\\/wp-content\\\/uploads\\\/2023\\\/05\\\/638038a2ae80daa77a93cbd35d4b232d.jpg\",\"contentUrl\":\"https:\\\/\\\/www.webdo.tn\\\/fr\\\/wp-content\\\/uploads\\\/2023\\\/05\\\/638038a2ae80daa77a93cbd35d4b232d.jpg\",\"width\":512,\"height\":273,\"caption\":\"Les sanctions de la CAF contre l\u2019Esp\u00e9rance confirm\u00e9es\"},{\"@type\":\"BreadcrumbList\",\"@id\":\"https:\\\/\\\/www.webdo.tn\\\/fr\\\/actualite\\\/sport\\\/les-sanctions-de-la-caf-contre-l-esperance-confirmees\\\/205635\\\/#breadcrumb\",\"itemListElement\":[{\"@type\":\"ListItem\",\"position\":1,\"name\":\"Accueil\",\"item\":\"https:\\\/\\\/www.webdo.tn\\\/fr\\\/\"},{\"@type\":\"ListItem\",\"position\":2,\"name\":\"Les sanctions de la CAF contre l\u2019Esp\u00e9rance confirm\u00e9es\"}]},{\"@type\":\"WebSite\",\"@id\":\"https:\\\/\\\/www.webdo.tn\\\/fr\\\/#website\",\"url\":\"https:\\\/\\\/www.webdo.tn\\\/fr\\\/\",\"name\":\"webdo\",\"description\":\"Tunisie - News en Tunisie et \u00e0 l&#039;international sur Webdo.tn\",\"publisher\":{\"@id\":\"https:\\\/\\\/www.webdo.tn\\\/fr\\\/#organization\"},\"potentialAction\":[{\"@type\":\"SearchAction\",\"target\":{\"@type\":\"EntryPoint\",\"urlTemplate\":\"https:\\\/\\\/www.webdo.tn\\\/fr\\\/?s={search_term_string}\"},\"query-input\":{\"@type\":\"PropertyValueSpecification\",\"valueRequired\":true,\"valueName\":\"search_term_string\"}}],\"inLanguage\":\"fr-FR\"},{\"@type\":\"Organization\",\"@id\":\"https:\\\/\\\/www.webdo.tn\\\/fr\\\/#organization\",\"name\":\"Webdo\",\"alternateName\":\"Webdo.tn\",\"url\":\"https:\\\/\\\/www.webdo.tn\\\/fr\\\/\",\"logo\":{\"@type\":\"ImageObject\",\"inLanguage\":\"fr-FR\",\"@id\":\"https:\\\/\\\/www.webdo.tn\\\/fr\\\/#\\\/schema\\\/logo\\\/image\\\/\",\"url\":\"https:\\\/\\\/www.webdo.tn\\\/fr\\\/wp-content\\\/uploads\\\/2025\\\/06\\\/Webdo-Tunisie_168377.jpg\",\"contentUrl\":\"https:\\\/\\\/www.webdo.tn\\\/fr\\\/wp-content\\\/uploads\\\/2025\\\/06\\\/Webdo-Tunisie_168377.jpg\",\"width\":301,\"height\":301,\"caption\":\"Webdo\"},\"image\":{\"@id\":\"https:\\\/\\\/www.webdo.tn\\\/fr\\\/#\\\/schema\\\/logo\\\/image\\\/\"},\"sameAs\":[\"https:\\\/\\\/www.facebook.com\\\/webdotn\",\"https:\\\/\\\/x.com\\\/webdo_tn\"],\"description\":\"Webdo est un m\u00e9dia num\u00e9rique tunisien fond\u00e9 en 2010, sp\u00e9cialis\u00e9 dans l\u2019actualit\u00e9 nationale et internationale, l\u2019\u00e9conomie, la soci\u00e9t\u00e9 et les analyses politiques. Le site s\u2019adresse \u00e0 un large public francophone et couvre l\u2019information tunisienne en temps r\u00e9el.\",\"email\":\"redac@webdo.tn\",\"legalName\":\"YNJ SARL\",\"foundingDate\":\"2010-09-06\",\"numberOfEmployees\":{\"@type\":\"QuantitativeValue\",\"minValue\":\"11\",\"maxValue\":\"50\"}},{\"@type\":\"Person\",\"@id\":\"https:\\\/\\\/www.webdo.tn\\\/fr\\\/#\\\/schema\\\/person\\\/2c4929cbf5a809e3bd38617c6ce150f6\",\"name\":\"MC\",\"image\":{\"@type\":\"ImageObject\",\"inLanguage\":\"fr-FR\",\"@id\":\"https:\\\/\\\/secure.gravatar.com\\\/avatar\\\/a545bbb6f84efdd5553dbbc2895e3ca8f1d12c5215e00a041c9670b54aa9b18a?s=96&d=mm&r=g\",\"url\":\"https:\\\/\\\/secure.gravatar.com\\\/avatar\\\/a545bbb6f84efdd5553dbbc2895e3ca8f1d12c5215e00a041c9670b54aa9b18a?s=96&d=mm&r=g\",\"contentUrl\":\"https:\\\/\\\/secure.gravatar.com\\\/avatar\\\/a545bbb6f84efdd5553dbbc2895e3ca8f1d12c5215e00a041c9670b54aa9b18a?s=96&d=mm&r=g\",\"caption\":\"MC\"},\"url\":\"https:\\\/\\\/www.webdo.tn\\\/fr\\\/actualite\\\/author\\\/mc\\\/\"}]}<\/script>\n<!-- \/ Yoast SEO Premium plugin. -->","yoast_head_json":{"title":"Les sanctions de la CAF contre l\u2019Esp\u00e9rance confirm\u00e9es","description":"La commission d\u2019appel de la Conf\u00e9d\u00e9ration africaine de football a rejet\u00e9 l\u2019appel de l\u2019Esp\u00e9rance ST, quant aux sanctions qui lui ont \u00e9t\u00e9 inflig\u00e9es par la commiss...","canonical":"https:\/\/www.webdo.tn\/fr\/actualite\/sport\/les-sanctions-de-la-caf-contre-l-esperance-confirmees\/205635\/","og_locale":"fr_FR","og_type":"article","og_title":"Les sanctions de la CAF contre l\u2019Esp\u00e9rance confirm\u00e9es","og_description":"La commission d\u2019appel de la Conf\u00e9d\u00e9ration africaine de football a rejet\u00e9 l\u2019appel de l\u2019Esp\u00e9rance ST, quant aux sanctions qui lui ont \u00e9t\u00e9 inflig\u00e9es par la commiss...","og_url":"https:\/\/www.webdo.tn\/fr\/actualite\/sport\/les-sanctions-de-la-caf-contre-l-esperance-confirmees\/205635\/","og_site_name":"webdo","article_publisher":"https:\/\/www.facebook.com\/webdotn","article_published_time":"2023-05-11T20:06:00+00:00","article_modified_time":"2025-05-20T21:59:50+00:00","og_image":[{"width":512,"height":273,"url":"https:\/\/www.webdo.tn\/fr\/wp-content\/uploads\/2023\/05\/638038a2ae80daa77a93cbd35d4b232d.jpg","type":"image\/jpeg"}],"author":"MC","twitter_card":"summary_large_image","twitter_creator":"@webdo_tn","twitter_site":"@webdo_tn","twitter_misc":{"\u00c9crit par":"MC","Dur\u00e9e de lecture estim\u00e9e":"1 minute"},"schema":{"@context":"https:\/\/schema.org","@graph":[{"@type":"NewsArticle","@id":"https:\/\/www.webdo.tn\/fr\/actualite\/sport\/les-sanctions-de-la-caf-contre-l-esperance-confirmees\/205635\/#article","isPartOf":{"@id":"https:\/\/www.webdo.tn\/fr\/actualite\/sport\/les-sanctions-de-la-caf-contre-l-esperance-confirmees\/205635\/"},"author":{"name":"MC","@id":"https:\/\/www.webdo.tn\/fr\/#\/schema\/person\/2c4929cbf5a809e3bd38617c6ce150f6"},"headline":"Les sanctions de la CAF contre l\u2019Esp\u00e9rance confirm\u00e9es","datePublished":"2023-05-11T20:06:00+00:00","dateModified":"2025-05-20T21:59:50+00:00","mainEntityOfPage":{"@id":"https:\/\/www.webdo.tn\/fr\/actualite\/sport\/les-sanctions-de-la-caf-contre-l-esperance-confirmees\/205635\/"},"wordCount":248,"commentCount":0,"publisher":{"@id":"https:\/\/www.webdo.tn\/fr\/#organization"},"image":{"@id":"https:\/\/www.webdo.tn\/fr\/actualite\/sport\/les-sanctions-de-la-caf-contre-l-esperance-confirmees\/205635\/#primaryimage"},"thumbnailUrl":"https:\/\/www.webdo.tn\/fr\/wp-content\/uploads\/2023\/05\/638038a2ae80daa77a93cbd35d4b232d.jpg","keywords":["amende","CAF","esp\u00e9rance","ligue des champions","sanctions"],"articleSection":["Sport"],"inLanguage":"fr-FR"},{"@type":"WebPage","@id":"https:\/\/www.webdo.tn\/fr\/actualite\/sport\/les-sanctions-de-la-caf-contre-l-esperance-confirmees\/205635\/","url":"https:\/\/www.webdo.tn\/fr\/actualite\/sport\/les-sanctions-de-la-caf-contre-l-esperance-confirmees\/205635\/","name":"Les sanctions de la CAF contre l\u2019Esp\u00e9rance confirm\u00e9es","isPartOf":{"@id":"https:\/\/www.webdo.tn\/fr\/#website"},"primaryImageOfPage":{"@id":"https:\/\/www.webdo.tn\/fr\/actualite\/sport\/les-sanctions-de-la-caf-contre-l-esperance-confirmees\/205635\/#primaryimage"},"image":{"@id":"https:\/\/www.webdo.tn\/fr\/actualite\/sport\/les-sanctions-de-la-caf-contre-l-esperance-confirmees\/205635\/#primaryimage"},"thumbnailUrl":"https:\/\/www.webdo.tn\/fr\/wp-content\/uploads\/2023\/05\/638038a2ae80daa77a93cbd35d4b232d.jpg","datePublished":"2023-05-11T20:06:00+00:00","dateModified":"2025-05-20T21:59:50+00:00","description":"La commission d\u2019appel de la Conf\u00e9d\u00e9ration africaine de football a rejet\u00e9 l\u2019appel de l\u2019Esp\u00e9rance ST, quant aux sanctions qui lui ont \u00e9t\u00e9 inflig\u00e9es par la commiss...","breadcrumb":{"@id":"https:\/\/www.webdo.tn\/fr\/actualite\/sport\/les-sanctions-de-la-caf-contre-l-esperance-confirmees\/205635\/#breadcrumb"},"inLanguage":"fr-FR","potentialAction":[{"@type":"ReadAction","target":["https:\/\/www.webdo.tn\/fr\/actualite\/sport\/les-sanctions-de-la-caf-contre-l-esperance-confirmees\/205635\/"]}]},{"@type":"ImageObject","inLanguage":"fr-FR","@id":"https:\/\/www.webdo.tn\/fr\/actualite\/sport\/les-sanctions-de-la-caf-contre-l-esperance-confirmees\/205635\/#primaryimage","url":"https:\/\/www.webdo.tn\/fr\/wp-content\/uploads\/2023\/05\/638038a2ae80daa77a93cbd35d4b232d.jpg","contentUrl":"https:\/\/www.webdo.tn\/fr\/wp-content\/uploads\/2023\/05\/638038a2ae80daa77a93cbd35d4b232d.jpg","width":512,"height":273,"caption":"Les sanctions de la CAF contre l\u2019Esp\u00e9rance confirm\u00e9es"},{"@type":"BreadcrumbList","@id":"https:\/\/www.webdo.tn\/fr\/actualite\/sport\/les-sanctions-de-la-caf-contre-l-esperance-confirmees\/205635\/#breadcrumb","itemListElement":[{"@type":"ListItem","position":1,"name":"Accueil","item":"https:\/\/www.webdo.tn\/fr\/"},{"@type":"ListItem","position":2,"name":"Les sanctions de la CAF contre l\u2019Esp\u00e9rance confirm\u00e9es"}]},{"@type":"WebSite","@id":"https:\/\/www.webdo.tn\/fr\/#website","url":"https:\/\/www.webdo.tn\/fr\/","name":"webdo","description":"Tunisie - News en Tunisie et \u00e0 l&#039;international sur Webdo.tn","publisher":{"@id":"https:\/\/www.webdo.tn\/fr\/#organization"},"potentialAction":[{"@type":"SearchAction","target":{"@type":"EntryPoint","urlTemplate":"https:\/\/www.webdo.tn\/fr\/?s={search_term_string}"},"query-input":{"@type":"PropertyValueSpecification","valueRequired":true,"valueName":"search_term_string"}}],"inLanguage":"fr-FR"},{"@type":"Organization","@id":"https:\/\/www.webdo.tn\/fr\/#organization","name":"Webdo","alternateName":"Webdo.tn","url":"https:\/\/www.webdo.tn\/fr\/","logo":{"@type":"ImageObject","inLanguage":"fr-FR","@id":"https:\/\/www.webdo.tn\/fr\/#\/schema\/logo\/image\/","url":"https:\/\/www.webdo.tn\/fr\/wp-content\/uploads\/2025\/06\/Webdo-Tunisie_168377.jpg","contentUrl":"https:\/\/www.webdo.tn\/fr\/wp-content\/uploads\/2025\/06\/Webdo-Tunisie_168377.jpg","width":301,"height":301,"caption":"Webdo"},"image":{"@id":"https:\/\/www.webdo.tn\/fr\/#\/schema\/logo\/image\/"},"sameAs":["https:\/\/www.facebook.com\/webdotn","https:\/\/x.com\/webdo_tn"],"description":"Webdo est un m\u00e9dia num\u00e9rique tunisien fond\u00e9 en 2010, sp\u00e9cialis\u00e9 dans l\u2019actualit\u00e9 nationale et internationale, l\u2019\u00e9conomie, la soci\u00e9t\u00e9 et les analyses politiques. Le site s\u2019adresse \u00e0 un large public francophone et couvre l\u2019information tunisienne en temps r\u00e9el.","email":"redac@webdo.tn","legalName":"YNJ SARL","foundingDate":"2010-09-06","numberOfEmployees":{"@type":"QuantitativeValue","minValue":"11","maxValue":"50"}},{"@type":"Person","@id":"https:\/\/www.webdo.tn\/fr\/#\/schema\/person\/2c4929cbf5a809e3bd38617c6ce150f6","name":"MC","image":{"@type":"ImageObject","inLanguage":"fr-FR","@id":"https:\/\/secure.gravatar.com\/avatar\/a545bbb6f84efdd5553dbbc2895e3ca8f1d12c5215e00a041c9670b54aa9b18a?s=96&d=mm&r=g","url":"https:\/\/secure.gravatar.com\/avatar\/a545bbb6f84efdd5553dbbc2895e3ca8f1d12c5215e00a041c9670b54aa9b18a?s=96&d=mm&r=g","contentUrl":"https:\/\/secure.gravatar.com\/avatar\/a545bbb6f84efdd5553dbbc2895e3ca8f1d12c5215e00a041c9670b54aa9b18a?s=96&d=mm&r=g","caption":"MC"},"url":"https:\/\/www.webdo.tn\/fr\/actualite\/author\/mc\/"}]}},"_links":{"self":[{"href":"https:\/\/www.webdo.tn\/fr\/wp-json\/wp\/v2\/posts\/205635","targetHints":{"allow":["GET"]}}],"collection":[{"href":"https:\/\/www.webdo.tn\/fr\/wp-json\/wp\/v2\/posts"}],"about":[{"href":"https:\/\/www.webdo.tn\/fr\/wp-json\/wp\/v2\/types\/post"}],"author":[{"embeddable":true,"href":"https:\/\/www.webdo.tn\/fr\/wp-json\/wp\/v2\/users\/3162"}],"replies":[{"embeddable":true,"href":"https:\/\/www.webdo.tn\/fr\/wp-json\/wp\/v2\/comments?post=205635"}],"version-history":[{"count":0,"href":"https:\/\/www.webdo.tn\/fr\/wp-json\/wp\/v2\/posts\/205635\/revisions"}],"wp:featuredmedia":[{"embeddable":true,"href":"https:\/\/www.webdo.tn\/fr\/wp-json\/wp\/v2\/media\/251174"}],"wp:attachment":[{"href":"https:\/\/www.webdo.tn\/fr\/wp-json\/wp\/v2\/media?parent=205635"}],"wp:term":[{"taxonomy":"category","embeddable":true,"href":"https:\/\/www.webdo.tn\/fr\/wp-json\/wp\/v2\/categories?post=205635"},{"taxonomy":"post_tag","embeddable":true,"href":"https:\/\/www.webdo.tn\/fr\/wp-json\/wp\/v2\/tags?post=205635"}],"curies":[{"name":"wp","href":"https:\/\/api.w.org\/{rel}","templated":true}]}}