{"id":205616,"date":"2023-05-11T10:07:00","date_gmt":"2023-05-11T10:07:00","guid":{"rendered":"https:\/\/www.webdo.tn\/fr\/blog\/a-paris-faten-rouissi-expose-sa-serie-ubiquite\/205616\/"},"modified":"2023-05-11T10:07:00","modified_gmt":"2023-05-11T10:07:00","slug":"a-paris-faten-rouissi-expose-sa-serie-ubiquite","status":"publish","type":"post","link":"https:\/\/www.webdo.tn\/fr\/actualite\/culture\/a-paris-faten-rouissi-expose-sa-serie-ubiquite\/205616\/","title":{"rendered":"A Paris, Faten Rouissi expose sa s\u00e9rie \u00ab\u00a0Ubiquit\u00e9\u00a0\u00bb"},"content":{"rendered":"<p>C&rsquo;est \u00e0 partir de ce jeudi 11 mai que l&rsquo;artiste tunisienne Faten Rouissi expose une nouvelle s\u00e9rie intitul\u00e9e \u00ab\u00a0Ubiquit\u00e9\u00a0\u00bb et dans laquelle elle livre un \u00e9loge \u00e0 la couleur.<\/p>\n<p>\t\t\t\t\t\t\t\t\tPens\u00e9e pour une approche du lien intime entre l&rsquo;ici et l&rsquo;ailleurs, cette s\u00e9rie se d\u00e9cline selon plusieurs \u00e9l\u00e9ments de divers formats et comprend \u00e9galement une sculpture murale.<\/p>\n<p>C&rsquo;est avec la complicit\u00e9 de la commissaire d&rsquo;expositions Aude Minart que Faten Rouissi participe \u00e0 \u00ab\u00a0Travers\u00e9e africaine\u00a0\u00bb, un parcours d&rsquo;art contemporain dans la ville de Paris.<\/p>\n<p>Une nouvelle fois, Faten Rouissi surprend en exposant ses \u0153uvres dans un lieu inattendu. Apr\u00e8s le showroom Ford \u00e0 Tunis, c&rsquo;est au tour de l&rsquo;espace parisien Duvivier Canap\u00e9s d&rsquo;accueillir cette nouvelle s\u00e9rie de l&rsquo;artiste tunisienne.<\/p>\n<p>Le vernissage de l&rsquo;exposition portant le titre \u00ab\u00a0\u00c9cho\u00a0\u00bb aura lieu aujourd&rsquo;hui et rassemblera des oeuvres de trois artistes africains qui sont Yao Metsoko, Zian Alabdeen et Faten Rouissi.<\/p>\n<p>Le vernissage de cette exposition se d\u00e9roule dans un lieu original puisqu&rsquo;il s&rsquo;agit d&rsquo;un showroom, situ\u00e9 \u00e0 Saint Germain, dans la rue Mazarine, l\u00e0 o\u00f9 se concentrent galeries d&rsquo;art et espaces innovants. L&rsquo;exposition se poursuivra jusqu&rsquo;au mois d&rsquo;ao\u00fbt \u00e0 l&rsquo;espace Duvivier Canap\u00e9s qui se mobilise ainsi pour l&rsquo;art et pour l&rsquo;Afrique.<\/p>\n","protected":false},"excerpt":{"rendered":"<p>C&rsquo;est \u00e0 partir de ce jeudi 11 mai que l&rsquo;artiste tunisienne Faten Rouissi expose une nouvelle s\u00e9rie intitul\u00e9e  Ubiquit\u00e9  et dans laquelle elle livre un \u00e9loge \u00e0 l&#8230;<\/p>\n","protected":false},"author":3229,"featured_media":251165,"comment_status":"open","ping_status":"closed","sticky":false,"template":"","format":"standard","meta":{"footnotes":""},"categories":[2594],"tags":[2641],"class_list":["post-205616","post","type-post","status-publish","format-standard","has-post-thumbnail","hentry","category-culture","tag-exposition"],"yoast_head":"<!-- This site is optimized with the Yoast SEO Premium plugin v27.4 (Yoast SEO v27.4) - https:\/\/yoast.com\/product\/yoast-seo-premium-wordpress\/ -->\n<title>A Paris, Faten Rouissi expose sa s\u00e9rie Ubiquit\u00e9<\/title>\n<meta name=\"description\" content=\"C&#039;est \u00e0 partir de ce jeudi 11 mai que l&#039;artiste tunisienne Faten Rouissi expose une nouvelle s\u00e9rie intitul\u00e9e Ubiquit\u00e9 et dans laquelle elle livre un \u00e9loge \u00e0 l...\" \/>\n<link rel=\"canonical\" href=\"https:\/\/www.webdo.tn\/fr\/actualite\/culture\/a-paris-faten-rouissi-expose-sa-serie-ubiquite\/205616\/\" \/>\n<meta property=\"og:locale\" content=\"fr_FR\" \/>\n<meta property=\"og:type\" content=\"article\" \/>\n<meta property=\"og:title\" content=\"A Paris, Faten Rouissi expose sa s\u00e9rie &quot;Ubiquit\u00e9&quot;\" \/>\n<meta property=\"og:description\" content=\"C&#039;est \u00e0 partir de ce jeudi 11 mai que l&#039;artiste tunisienne Faten Rouissi expose une nouvelle s\u00e9rie intitul\u00e9e Ubiquit\u00e9 et dans laquelle elle livre un \u00e9loge \u00e0 l...\" \/>\n<meta property=\"og:url\" content=\"https:\/\/www.webdo.tn\/fr\/actualite\/culture\/a-paris-faten-rouissi-expose-sa-serie-ubiquite\/205616\/\" \/>\n<meta property=\"og:site_name\" content=\"webdo\" \/>\n<meta property=\"article:publisher\" content=\"https:\/\/www.facebook.com\/webdotn\" \/>\n<meta property=\"article:author\" content=\"https:\/\/www.facebook.com\/hatem.bourial.2025\" \/>\n<meta property=\"article:published_time\" content=\"2023-05-11T10:07:00+00:00\" \/>\n<meta property=\"og:image\" content=\"https:\/\/www.webdo.tn\/fr\/wp-content\/uploads\/2023\/05\/126a2f35d0dbb58b4b18c43d2a947c91.jpg\" \/>\n\t<meta property=\"og:image:width\" content=\"720\" \/>\n\t<meta property=\"og:image:height\" content=\"384\" \/>\n\t<meta property=\"og:image:type\" content=\"image\/jpeg\" \/>\n<meta name=\"author\" content=\"Hatem Bourial\" \/>\n<meta name=\"twitter:card\" content=\"summary_large_image\" \/>\n<meta name=\"twitter:creator\" content=\"@webdo_tn\" \/>\n<meta name=\"twitter:site\" content=\"@webdo_tn\" \/>\n<meta name=\"twitter:label1\" content=\"\u00c9crit par\" \/>\n\t<meta name=\"twitter:data1\" content=\"Hatem Bourial\" \/>\n\t<meta name=\"twitter:label2\" content=\"Dur\u00e9e de lecture estim\u00e9e\" \/>\n\t<meta name=\"twitter:data2\" content=\"1 minute\" \/>\n<script type=\"application\/ld+json\" class=\"yoast-schema-graph\">{\"@context\":\"https:\\\/\\\/schema.org\",\"@graph\":[{\"@type\":\"NewsArticle\",\"@id\":\"https:\\\/\\\/www.webdo.tn\\\/fr\\\/actualite\\\/culture\\\/a-paris-faten-rouissi-expose-sa-serie-ubiquite\\\/205616\\\/#article\",\"isPartOf\":{\"@id\":\"https:\\\/\\\/www.webdo.tn\\\/fr\\\/actualite\\\/culture\\\/a-paris-faten-rouissi-expose-sa-serie-ubiquite\\\/205616\\\/\"},\"author\":{\"name\":\"Hatem Bourial\",\"@id\":\"https:\\\/\\\/www.webdo.tn\\\/fr\\\/#\\\/schema\\\/person\\\/6bc0beba2cd23aec27cb5df85ca2554f\"},\"headline\":\"A Paris, Faten Rouissi expose sa s\u00e9rie \u00ab\u00a0Ubiquit\u00e9\u00a0\u00bb\",\"datePublished\":\"2023-05-11T10:07:00+00:00\",\"mainEntityOfPage\":{\"@id\":\"https:\\\/\\\/www.webdo.tn\\\/fr\\\/actualite\\\/culture\\\/a-paris-faten-rouissi-expose-sa-serie-ubiquite\\\/205616\\\/\"},\"wordCount\":234,\"commentCount\":0,\"publisher\":{\"@id\":\"https:\\\/\\\/www.webdo.tn\\\/fr\\\/#organization\"},\"image\":{\"@id\":\"https:\\\/\\\/www.webdo.tn\\\/fr\\\/actualite\\\/culture\\\/a-paris-faten-rouissi-expose-sa-serie-ubiquite\\\/205616\\\/#primaryimage\"},\"thumbnailUrl\":\"https:\\\/\\\/www.webdo.tn\\\/fr\\\/wp-content\\\/uploads\\\/2023\\\/05\\\/126a2f35d0dbb58b4b18c43d2a947c91.jpg\",\"keywords\":[\"exposition\"],\"articleSection\":[\"Culture\"],\"inLanguage\":\"fr-FR\"},{\"@type\":\"WebPage\",\"@id\":\"https:\\\/\\\/www.webdo.tn\\\/fr\\\/actualite\\\/culture\\\/a-paris-faten-rouissi-expose-sa-serie-ubiquite\\\/205616\\\/\",\"url\":\"https:\\\/\\\/www.webdo.tn\\\/fr\\\/actualite\\\/culture\\\/a-paris-faten-rouissi-expose-sa-serie-ubiquite\\\/205616\\\/\",\"name\":\"A Paris, Faten Rouissi expose sa s\u00e9rie Ubiquit\u00e9\",\"isPartOf\":{\"@id\":\"https:\\\/\\\/www.webdo.tn\\\/fr\\\/#website\"},\"primaryImageOfPage\":{\"@id\":\"https:\\\/\\\/www.webdo.tn\\\/fr\\\/actualite\\\/culture\\\/a-paris-faten-rouissi-expose-sa-serie-ubiquite\\\/205616\\\/#primaryimage\"},\"image\":{\"@id\":\"https:\\\/\\\/www.webdo.tn\\\/fr\\\/actualite\\\/culture\\\/a-paris-faten-rouissi-expose-sa-serie-ubiquite\\\/205616\\\/#primaryimage\"},\"thumbnailUrl\":\"https:\\\/\\\/www.webdo.tn\\\/fr\\\/wp-content\\\/uploads\\\/2023\\\/05\\\/126a2f35d0dbb58b4b18c43d2a947c91.jpg\",\"datePublished\":\"2023-05-11T10:07:00+00:00\",\"description\":\"C'est \u00e0 partir de ce jeudi 11 mai que l'artiste tunisienne Faten Rouissi expose une nouvelle s\u00e9rie intitul\u00e9e Ubiquit\u00e9 et dans laquelle elle livre un \u00e9loge \u00e0 l...\",\"breadcrumb\":{\"@id\":\"https:\\\/\\\/www.webdo.tn\\\/fr\\\/actualite\\\/culture\\\/a-paris-faten-rouissi-expose-sa-serie-ubiquite\\\/205616\\\/#breadcrumb\"},\"inLanguage\":\"fr-FR\",\"potentialAction\":[{\"@type\":\"ReadAction\",\"target\":[\"https:\\\/\\\/www.webdo.tn\\\/fr\\\/actualite\\\/culture\\\/a-paris-faten-rouissi-expose-sa-serie-ubiquite\\\/205616\\\/\"]}]},{\"@type\":\"ImageObject\",\"inLanguage\":\"fr-FR\",\"@id\":\"https:\\\/\\\/www.webdo.tn\\\/fr\\\/actualite\\\/culture\\\/a-paris-faten-rouissi-expose-sa-serie-ubiquite\\\/205616\\\/#primaryimage\",\"url\":\"https:\\\/\\\/www.webdo.tn\\\/fr\\\/wp-content\\\/uploads\\\/2023\\\/05\\\/126a2f35d0dbb58b4b18c43d2a947c91.jpg\",\"contentUrl\":\"https:\\\/\\\/www.webdo.tn\\\/fr\\\/wp-content\\\/uploads\\\/2023\\\/05\\\/126a2f35d0dbb58b4b18c43d2a947c91.jpg\",\"width\":720,\"height\":384,\"caption\":\"A Paris, Faten Rouissi expose sa s\u00e9rie \\\"Ubiquit\u00e9\\\"\"},{\"@type\":\"BreadcrumbList\",\"@id\":\"https:\\\/\\\/www.webdo.tn\\\/fr\\\/actualite\\\/culture\\\/a-paris-faten-rouissi-expose-sa-serie-ubiquite\\\/205616\\\/#breadcrumb\",\"itemListElement\":[{\"@type\":\"ListItem\",\"position\":1,\"name\":\"Accueil\",\"item\":\"https:\\\/\\\/www.webdo.tn\\\/fr\\\/\"},{\"@type\":\"ListItem\",\"position\":2,\"name\":\"A Paris, Faten Rouissi expose sa s\u00e9rie \u00ab\u00a0Ubiquit\u00e9\u00a0\u00bb\"}]},{\"@type\":\"WebSite\",\"@id\":\"https:\\\/\\\/www.webdo.tn\\\/fr\\\/#website\",\"url\":\"https:\\\/\\\/www.webdo.tn\\\/fr\\\/\",\"name\":\"webdo\",\"description\":\"Tunisie - News en Tunisie et \u00e0 l&#039;international sur Webdo.tn\",\"publisher\":{\"@id\":\"https:\\\/\\\/www.webdo.tn\\\/fr\\\/#organization\"},\"potentialAction\":[{\"@type\":\"SearchAction\",\"target\":{\"@type\":\"EntryPoint\",\"urlTemplate\":\"https:\\\/\\\/www.webdo.tn\\\/fr\\\/?s={search_term_string}\"},\"query-input\":{\"@type\":\"PropertyValueSpecification\",\"valueRequired\":true,\"valueName\":\"search_term_string\"}}],\"inLanguage\":\"fr-FR\"},{\"@type\":\"Organization\",\"@id\":\"https:\\\/\\\/www.webdo.tn\\\/fr\\\/#organization\",\"name\":\"Webdo\",\"alternateName\":\"Webdo.tn\",\"url\":\"https:\\\/\\\/www.webdo.tn\\\/fr\\\/\",\"logo\":{\"@type\":\"ImageObject\",\"inLanguage\":\"fr-FR\",\"@id\":\"https:\\\/\\\/www.webdo.tn\\\/fr\\\/#\\\/schema\\\/logo\\\/image\\\/\",\"url\":\"https:\\\/\\\/www.webdo.tn\\\/fr\\\/wp-content\\\/uploads\\\/2025\\\/06\\\/Webdo-Tunisie_168377.jpg\",\"contentUrl\":\"https:\\\/\\\/www.webdo.tn\\\/fr\\\/wp-content\\\/uploads\\\/2025\\\/06\\\/Webdo-Tunisie_168377.jpg\",\"width\":301,\"height\":301,\"caption\":\"Webdo\"},\"image\":{\"@id\":\"https:\\\/\\\/www.webdo.tn\\\/fr\\\/#\\\/schema\\\/logo\\\/image\\\/\"},\"sameAs\":[\"https:\\\/\\\/www.facebook.com\\\/webdotn\",\"https:\\\/\\\/x.com\\\/webdo_tn\"],\"description\":\"Webdo est un m\u00e9dia num\u00e9rique tunisien fond\u00e9 en 2010, sp\u00e9cialis\u00e9 dans l\u2019actualit\u00e9 nationale et internationale, l\u2019\u00e9conomie, la soci\u00e9t\u00e9 et les analyses politiques. Le site s\u2019adresse \u00e0 un large public francophone et couvre l\u2019information tunisienne en temps r\u00e9el.\",\"email\":\"redac@webdo.tn\",\"legalName\":\"YNJ SARL\",\"foundingDate\":\"2010-09-06\",\"numberOfEmployees\":{\"@type\":\"QuantitativeValue\",\"minValue\":\"11\",\"maxValue\":\"50\"}},{\"@type\":\"Person\",\"@id\":\"https:\\\/\\\/www.webdo.tn\\\/fr\\\/#\\\/schema\\\/person\\\/6bc0beba2cd23aec27cb5df85ca2554f\",\"name\":\"Hatem Bourial\",\"image\":{\"@type\":\"ImageObject\",\"inLanguage\":\"fr-FR\",\"@id\":\"https:\\\/\\\/www.webdo.tn\\\/fr\\\/wp-content\\\/uploads\\\/2026\\\/04\\\/hatem-bourial_avatar-96x96.jpg\",\"url\":\"https:\\\/\\\/www.webdo.tn\\\/fr\\\/wp-content\\\/uploads\\\/2026\\\/04\\\/hatem-bourial_avatar-96x96.jpg\",\"contentUrl\":\"https:\\\/\\\/www.webdo.tn\\\/fr\\\/wp-content\\\/uploads\\\/2026\\\/04\\\/hatem-bourial_avatar-96x96.jpg\",\"caption\":\"Hatem Bourial\"},\"description\":\"Hatem Bourial est journaliste, \u00e9crivain et chroniqueur tunisien. Actif depuis plusieurs d\u00e9cennies, il s\u2019est impos\u00e9 comme un observateur attentif de la soci\u00e9t\u00e9 tunisienne, m\u00ealant dans ses \u00e9crits m\u00e9moire, culture et analyse du quotidien. Auteur de nombreux ouvrages, il d\u00e9veloppe une \u0153uvre \u00e0 la crois\u00e9e du r\u00e9cit, de la po\u00e9sie et de l\u2019observation sociologique. Parall\u00e8lement \u00e0 ses contributions dans la presse, il intervient r\u00e9guli\u00e8rement \u00e0 la radio et dans des espaces culturels, o\u00f9 il explore les enjeux li\u00e9s au patrimoine, \u00e0 l\u2019identit\u00e9 et aux transformations du monde contemporain. \u00c0 travers ses chroniques, Hatem Bourial propose une lecture sensible et approfondie de l\u2019actualit\u00e9, nourrie par une exp\u00e9rience journalistique et litt\u00e9raire reconnue. \ud83d\udd17 Facebook : https:\\\/\\\/www.facebook.com\\\/hatem.bourial.2025\",\"sameAs\":[\"https:\\\/\\\/www.facebook.com\\\/hatem.bourial.2025\",\"https:\\\/\\\/fr.wikipedia.org\\\/wiki\\\/Fichier:Hatem_Bourial.jpg\"],\"knowsAbout\":[\"Culture & patrimoine tunisien\",\"Chronique soci\u00e9tale\",\"Litt\u00e9rature & m\u00e9moire\",\"Cin\u00e9ma & critique culturelle\",\"Identit\u00e9 & mutations sociales\"],\"knowsLanguage\":[\"Arabe\",\"Fran\u00e7ais\",\"Anglais\",\"Italien\",\"Polonais\"],\"jobTitle\":\"Journaliste, \u00e9crivain et chroniqueur culturel\",\"worksFor\":\"Webdo\",\"url\":\"https:\\\/\\\/www.webdo.tn\\\/fr\\\/actualite\\\/author\\\/hatem-bourial-2\\\/\"}]}<\/script>\n<!-- \/ Yoast SEO Premium plugin. -->","yoast_head_json":{"title":"A Paris, Faten Rouissi expose sa s\u00e9rie Ubiquit\u00e9","description":"C'est \u00e0 partir de ce jeudi 11 mai que l'artiste tunisienne Faten Rouissi expose une nouvelle s\u00e9rie intitul\u00e9e Ubiquit\u00e9 et dans laquelle elle livre un \u00e9loge \u00e0 l...","canonical":"https:\/\/www.webdo.tn\/fr\/actualite\/culture\/a-paris-faten-rouissi-expose-sa-serie-ubiquite\/205616\/","og_locale":"fr_FR","og_type":"article","og_title":"A Paris, Faten Rouissi expose sa s\u00e9rie \"Ubiquit\u00e9\"","og_description":"C'est \u00e0 partir de ce jeudi 11 mai que l'artiste tunisienne Faten Rouissi expose une nouvelle s\u00e9rie intitul\u00e9e Ubiquit\u00e9 et dans laquelle elle livre un \u00e9loge \u00e0 l...","og_url":"https:\/\/www.webdo.tn\/fr\/actualite\/culture\/a-paris-faten-rouissi-expose-sa-serie-ubiquite\/205616\/","og_site_name":"webdo","article_publisher":"https:\/\/www.facebook.com\/webdotn","article_author":"https:\/\/www.facebook.com\/hatem.bourial.2025","article_published_time":"2023-05-11T10:07:00+00:00","og_image":[{"width":720,"height":384,"url":"https:\/\/www.webdo.tn\/fr\/wp-content\/uploads\/2023\/05\/126a2f35d0dbb58b4b18c43d2a947c91.jpg","type":"image\/jpeg"}],"author":"Hatem Bourial","twitter_card":"summary_large_image","twitter_creator":"@webdo_tn","twitter_site":"@webdo_tn","twitter_misc":{"\u00c9crit par":"Hatem Bourial","Dur\u00e9e de lecture estim\u00e9e":"1 minute"},"schema":{"@context":"https:\/\/schema.org","@graph":[{"@type":"NewsArticle","@id":"https:\/\/www.webdo.tn\/fr\/actualite\/culture\/a-paris-faten-rouissi-expose-sa-serie-ubiquite\/205616\/#article","isPartOf":{"@id":"https:\/\/www.webdo.tn\/fr\/actualite\/culture\/a-paris-faten-rouissi-expose-sa-serie-ubiquite\/205616\/"},"author":{"name":"Hatem Bourial","@id":"https:\/\/www.webdo.tn\/fr\/#\/schema\/person\/6bc0beba2cd23aec27cb5df85ca2554f"},"headline":"A Paris, Faten Rouissi expose sa s\u00e9rie \u00ab\u00a0Ubiquit\u00e9\u00a0\u00bb","datePublished":"2023-05-11T10:07:00+00:00","mainEntityOfPage":{"@id":"https:\/\/www.webdo.tn\/fr\/actualite\/culture\/a-paris-faten-rouissi-expose-sa-serie-ubiquite\/205616\/"},"wordCount":234,"commentCount":0,"publisher":{"@id":"https:\/\/www.webdo.tn\/fr\/#organization"},"image":{"@id":"https:\/\/www.webdo.tn\/fr\/actualite\/culture\/a-paris-faten-rouissi-expose-sa-serie-ubiquite\/205616\/#primaryimage"},"thumbnailUrl":"https:\/\/www.webdo.tn\/fr\/wp-content\/uploads\/2023\/05\/126a2f35d0dbb58b4b18c43d2a947c91.jpg","keywords":["exposition"],"articleSection":["Culture"],"inLanguage":"fr-FR"},{"@type":"WebPage","@id":"https:\/\/www.webdo.tn\/fr\/actualite\/culture\/a-paris-faten-rouissi-expose-sa-serie-ubiquite\/205616\/","url":"https:\/\/www.webdo.tn\/fr\/actualite\/culture\/a-paris-faten-rouissi-expose-sa-serie-ubiquite\/205616\/","name":"A Paris, Faten Rouissi expose sa s\u00e9rie Ubiquit\u00e9","isPartOf":{"@id":"https:\/\/www.webdo.tn\/fr\/#website"},"primaryImageOfPage":{"@id":"https:\/\/www.webdo.tn\/fr\/actualite\/culture\/a-paris-faten-rouissi-expose-sa-serie-ubiquite\/205616\/#primaryimage"},"image":{"@id":"https:\/\/www.webdo.tn\/fr\/actualite\/culture\/a-paris-faten-rouissi-expose-sa-serie-ubiquite\/205616\/#primaryimage"},"thumbnailUrl":"https:\/\/www.webdo.tn\/fr\/wp-content\/uploads\/2023\/05\/126a2f35d0dbb58b4b18c43d2a947c91.jpg","datePublished":"2023-05-11T10:07:00+00:00","description":"C'est \u00e0 partir de ce jeudi 11 mai que l'artiste tunisienne Faten Rouissi expose une nouvelle s\u00e9rie intitul\u00e9e Ubiquit\u00e9 et dans laquelle elle livre un \u00e9loge \u00e0 l...","breadcrumb":{"@id":"https:\/\/www.webdo.tn\/fr\/actualite\/culture\/a-paris-faten-rouissi-expose-sa-serie-ubiquite\/205616\/#breadcrumb"},"inLanguage":"fr-FR","potentialAction":[{"@type":"ReadAction","target":["https:\/\/www.webdo.tn\/fr\/actualite\/culture\/a-paris-faten-rouissi-expose-sa-serie-ubiquite\/205616\/"]}]},{"@type":"ImageObject","inLanguage":"fr-FR","@id":"https:\/\/www.webdo.tn\/fr\/actualite\/culture\/a-paris-faten-rouissi-expose-sa-serie-ubiquite\/205616\/#primaryimage","url":"https:\/\/www.webdo.tn\/fr\/wp-content\/uploads\/2023\/05\/126a2f35d0dbb58b4b18c43d2a947c91.jpg","contentUrl":"https:\/\/www.webdo.tn\/fr\/wp-content\/uploads\/2023\/05\/126a2f35d0dbb58b4b18c43d2a947c91.jpg","width":720,"height":384,"caption":"A Paris, Faten Rouissi expose sa s\u00e9rie \"Ubiquit\u00e9\""},{"@type":"BreadcrumbList","@id":"https:\/\/www.webdo.tn\/fr\/actualite\/culture\/a-paris-faten-rouissi-expose-sa-serie-ubiquite\/205616\/#breadcrumb","itemListElement":[{"@type":"ListItem","position":1,"name":"Accueil","item":"https:\/\/www.webdo.tn\/fr\/"},{"@type":"ListItem","position":2,"name":"A Paris, Faten Rouissi expose sa s\u00e9rie \u00ab\u00a0Ubiquit\u00e9\u00a0\u00bb"}]},{"@type":"WebSite","@id":"https:\/\/www.webdo.tn\/fr\/#website","url":"https:\/\/www.webdo.tn\/fr\/","name":"webdo","description":"Tunisie - News en Tunisie et \u00e0 l&#039;international sur Webdo.tn","publisher":{"@id":"https:\/\/www.webdo.tn\/fr\/#organization"},"potentialAction":[{"@type":"SearchAction","target":{"@type":"EntryPoint","urlTemplate":"https:\/\/www.webdo.tn\/fr\/?s={search_term_string}"},"query-input":{"@type":"PropertyValueSpecification","valueRequired":true,"valueName":"search_term_string"}}],"inLanguage":"fr-FR"},{"@type":"Organization","@id":"https:\/\/www.webdo.tn\/fr\/#organization","name":"Webdo","alternateName":"Webdo.tn","url":"https:\/\/www.webdo.tn\/fr\/","logo":{"@type":"ImageObject","inLanguage":"fr-FR","@id":"https:\/\/www.webdo.tn\/fr\/#\/schema\/logo\/image\/","url":"https:\/\/www.webdo.tn\/fr\/wp-content\/uploads\/2025\/06\/Webdo-Tunisie_168377.jpg","contentUrl":"https:\/\/www.webdo.tn\/fr\/wp-content\/uploads\/2025\/06\/Webdo-Tunisie_168377.jpg","width":301,"height":301,"caption":"Webdo"},"image":{"@id":"https:\/\/www.webdo.tn\/fr\/#\/schema\/logo\/image\/"},"sameAs":["https:\/\/www.facebook.com\/webdotn","https:\/\/x.com\/webdo_tn"],"description":"Webdo est un m\u00e9dia num\u00e9rique tunisien fond\u00e9 en 2010, sp\u00e9cialis\u00e9 dans l\u2019actualit\u00e9 nationale et internationale, l\u2019\u00e9conomie, la soci\u00e9t\u00e9 et les analyses politiques. Le site s\u2019adresse \u00e0 un large public francophone et couvre l\u2019information tunisienne en temps r\u00e9el.","email":"redac@webdo.tn","legalName":"YNJ SARL","foundingDate":"2010-09-06","numberOfEmployees":{"@type":"QuantitativeValue","minValue":"11","maxValue":"50"}},{"@type":"Person","@id":"https:\/\/www.webdo.tn\/fr\/#\/schema\/person\/6bc0beba2cd23aec27cb5df85ca2554f","name":"Hatem Bourial","image":{"@type":"ImageObject","inLanguage":"fr-FR","@id":"https:\/\/www.webdo.tn\/fr\/wp-content\/uploads\/2026\/04\/hatem-bourial_avatar-96x96.jpg","url":"https:\/\/www.webdo.tn\/fr\/wp-content\/uploads\/2026\/04\/hatem-bourial_avatar-96x96.jpg","contentUrl":"https:\/\/www.webdo.tn\/fr\/wp-content\/uploads\/2026\/04\/hatem-bourial_avatar-96x96.jpg","caption":"Hatem Bourial"},"description":"Hatem Bourial est journaliste, \u00e9crivain et chroniqueur tunisien. Actif depuis plusieurs d\u00e9cennies, il s\u2019est impos\u00e9 comme un observateur attentif de la soci\u00e9t\u00e9 tunisienne, m\u00ealant dans ses \u00e9crits m\u00e9moire, culture et analyse du quotidien. Auteur de nombreux ouvrages, il d\u00e9veloppe une \u0153uvre \u00e0 la crois\u00e9e du r\u00e9cit, de la po\u00e9sie et de l\u2019observation sociologique. Parall\u00e8lement \u00e0 ses contributions dans la presse, il intervient r\u00e9guli\u00e8rement \u00e0 la radio et dans des espaces culturels, o\u00f9 il explore les enjeux li\u00e9s au patrimoine, \u00e0 l\u2019identit\u00e9 et aux transformations du monde contemporain. \u00c0 travers ses chroniques, Hatem Bourial propose une lecture sensible et approfondie de l\u2019actualit\u00e9, nourrie par une exp\u00e9rience journalistique et litt\u00e9raire reconnue. \ud83d\udd17 Facebook : https:\/\/www.facebook.com\/hatem.bourial.2025","sameAs":["https:\/\/www.facebook.com\/hatem.bourial.2025","https:\/\/fr.wikipedia.org\/wiki\/Fichier:Hatem_Bourial.jpg"],"knowsAbout":["Culture & patrimoine tunisien","Chronique soci\u00e9tale","Litt\u00e9rature & m\u00e9moire","Cin\u00e9ma & critique culturelle","Identit\u00e9 & mutations sociales"],"knowsLanguage":["Arabe","Fran\u00e7ais","Anglais","Italien","Polonais"],"jobTitle":"Journaliste, \u00e9crivain et chroniqueur culturel","worksFor":"Webdo","url":"https:\/\/www.webdo.tn\/fr\/actualite\/author\/hatem-bourial-2\/"}]}},"_links":{"self":[{"href":"https:\/\/www.webdo.tn\/fr\/wp-json\/wp\/v2\/posts\/205616","targetHints":{"allow":["GET"]}}],"collection":[{"href":"https:\/\/www.webdo.tn\/fr\/wp-json\/wp\/v2\/posts"}],"about":[{"href":"https:\/\/www.webdo.tn\/fr\/wp-json\/wp\/v2\/types\/post"}],"author":[{"embeddable":true,"href":"https:\/\/www.webdo.tn\/fr\/wp-json\/wp\/v2\/users\/3229"}],"replies":[{"embeddable":true,"href":"https:\/\/www.webdo.tn\/fr\/wp-json\/wp\/v2\/comments?post=205616"}],"version-history":[{"count":0,"href":"https:\/\/www.webdo.tn\/fr\/wp-json\/wp\/v2\/posts\/205616\/revisions"}],"wp:featuredmedia":[{"embeddable":true,"href":"https:\/\/www.webdo.tn\/fr\/wp-json\/wp\/v2\/media\/251165"}],"wp:attachment":[{"href":"https:\/\/www.webdo.tn\/fr\/wp-json\/wp\/v2\/media?parent=205616"}],"wp:term":[{"taxonomy":"category","embeddable":true,"href":"https:\/\/www.webdo.tn\/fr\/wp-json\/wp\/v2\/categories?post=205616"},{"taxonomy":"post_tag","embeddable":true,"href":"https:\/\/www.webdo.tn\/fr\/wp-json\/wp\/v2\/tags?post=205616"}],"curies":[{"name":"wp","href":"https:\/\/api.w.org\/{rel}","templated":true}]}}