{"id":205586,"date":"2023-05-10T09:29:00","date_gmt":"2023-05-10T09:29:00","guid":{"rendered":"https:\/\/www.webdo.tn\/fr\/blog\/les-etats-unis-condamnent-l-attaque-de-djerba\/205586\/"},"modified":"2025-05-20T21:59:55","modified_gmt":"2025-05-20T21:59:55","slug":"les-etats-unis-condamnent-l-attaque-de-djerba","status":"publish","type":"post","link":"https:\/\/www.webdo.tn\/fr\/actualite\/national\/les-etats-unis-condamnent-l-attaque-de-djerba\/205586\/","title":{"rendered":"Les Etats-Unis condamnent l&rsquo;attaque de Djerba"},"content":{"rendered":"<p>Les Etats-Unis ont condamn\u00e9 l\u2019attaque perp\u00e9tr\u00e9e \u00e0 Djerba dans la soir\u00e9e de mardi 9 mai 2023.<\/p>\n<p>\t\t\t\t\t\t\t\t\tMatthew Miller, porte-parole du d\u00e9partement am\u00e9ricain des Affaires \u00e9trang\u00e8res, a condamn\u00e9 l\u2019attaque de Djerba sur Twitter.<\/p>\n<p>\u00ab\u00a0Les Etats-Unis d\u00e9plorent l&rsquo;attaque perp\u00e9tr\u00e9e en Tunisie, co\u00efncidant avec la visite annuelle \u00e0 la synagogue de la Ghriba qui attire des fid\u00e8les du monde entier.<\/p>\n<p>Nous exprimons nos condol\u00e9ances au peuple tunisien et saluons l&rsquo;action rapide des forces de s\u00e9curit\u00e9 tunisiennes\u00a0\u00bb, a-t-il comment\u00e9.<\/p>\n<p>Dans la soir\u00e9e de mardi 9 mai 2023, un agent exer\u00e7ant au poste maritime de la Garde Nationale d&rsquo;Aghir Djerba, a tu\u00e9 son coll\u00e8gue en faisant usage de son arme individuelle et en saisissant des munitions.<\/p>\n<p>Il a tent\u00e9 par la suite de rejoindre les environs de la synagogue de la Ghriba. Il a d\u00e9lib\u00e9r\u00e9ment ouvert le feu sur les unit\u00e9s de s\u00e9curit\u00e9 stationn\u00e9es sur place, qui ont ripost\u00e9 et l&rsquo;ont\u00a0 emp\u00each\u00e9 d&rsquo;atteindre la synagogue en l\u2019abattant.<\/p>\n<p>L&rsquo;incident a engendr\u00e9 la blessure de 6 agents de s\u00e9curit\u00e9, dont l&rsquo;un est d\u00e9c\u00e9d\u00e9, ainsi que la mort de deux visiteurs et la blessure de quatre autres personnes.<\/p>\n<p>Les investigations se poursuivent pour conna\u00eetre les raisons de cette attaque.<\/p>\n<p>The United States deplores the attack in Tunisia coinciding with the annual Jewish pilgrimage that draws faithful to the El Ghriba Synagogue from around the world.  We express condolences to the Tunisian people and commend the rapid action of Tunisian security forces.\u2014 Matthew Miller (@StateDeptSpox) May 10, 2023<\/p>\n","protected":false},"excerpt":{"rendered":"<p>Les Etats-Unis ont condamn\u00e9 l\u2019attaque perp\u00e9tr\u00e9e \u00e0 Djerba dans la soir\u00e9e de mardi 9 mai 2023.<\/p>\n","protected":false},"author":3162,"featured_media":251184,"comment_status":"open","ping_status":"closed","sticky":false,"template":"","format":"standard","meta":{"footnotes":""},"categories":[44],"tags":[3918,3696,3035,2608],"class_list":["post-205586","post","type-post","status-publish","format-standard","has-post-thumbnail","hentry","category-national","tag-attaque","tag-djerba","tag-etats-unis","tag-tunisie"],"yoast_head":"<!-- This site is optimized with the Yoast SEO Premium plugin v27.4 (Yoast SEO v27.5) - https:\/\/yoast.com\/product\/yoast-seo-premium-wordpress\/ -->\n<title>Les Etats-Unis condamnent l&#039;attaque de Djerba<\/title>\n<meta name=\"description\" content=\"Les Etats-Unis ont condamn\u00e9 l\u2019attaque perp\u00e9tr\u00e9e \u00e0 Djerba dans la soir\u00e9e de mardi 9 mai 2023.\" \/>\n<link rel=\"canonical\" href=\"https:\/\/www.webdo.tn\/fr\/actualite\/national\/les-etats-unis-condamnent-l-attaque-de-djerba\/205586\/\" \/>\n<meta property=\"og:locale\" content=\"fr_FR\" \/>\n<meta property=\"og:type\" content=\"article\" \/>\n<meta property=\"og:title\" content=\"Les Etats-Unis condamnent l&#039;attaque de Djerba\" \/>\n<meta property=\"og:description\" content=\"Les Etats-Unis ont condamn\u00e9 l\u2019attaque perp\u00e9tr\u00e9e \u00e0 Djerba dans la soir\u00e9e de mardi 9 mai 2023.\" \/>\n<meta property=\"og:url\" content=\"https:\/\/www.webdo.tn\/fr\/actualite\/national\/les-etats-unis-condamnent-l-attaque-de-djerba\/205586\/\" \/>\n<meta property=\"og:site_name\" content=\"webdo\" \/>\n<meta property=\"article:publisher\" content=\"https:\/\/www.facebook.com\/webdotn\" \/>\n<meta property=\"article:published_time\" content=\"2023-05-10T09:29:00+00:00\" \/>\n<meta property=\"article:modified_time\" content=\"2025-05-20T21:59:55+00:00\" \/>\n<meta property=\"og:image\" content=\"https:\/\/www.webdo.tn\/fr\/wp-content\/uploads\/2023\/05\/e33c6dec2c4e271c397692269c1d8365.jpeg\" \/>\n\t<meta property=\"og:image:width\" content=\"750\" \/>\n\t<meta property=\"og:image:height\" content=\"400\" \/>\n\t<meta property=\"og:image:type\" content=\"image\/jpeg\" \/>\n<meta name=\"author\" content=\"MC\" \/>\n<meta name=\"twitter:card\" content=\"summary_large_image\" \/>\n<meta name=\"twitter:creator\" content=\"@webdo_tn\" \/>\n<meta name=\"twitter:site\" content=\"@webdo_tn\" \/>\n<meta name=\"twitter:label1\" content=\"\u00c9crit par\" \/>\n\t<meta name=\"twitter:data1\" content=\"MC\" \/>\n\t<meta name=\"twitter:label2\" content=\"Dur\u00e9e de lecture estim\u00e9e\" \/>\n\t<meta name=\"twitter:data2\" content=\"1 minute\" \/>\n<script type=\"application\/ld+json\" class=\"yoast-schema-graph\">{\"@context\":\"https:\\\/\\\/schema.org\",\"@graph\":[{\"@type\":\"NewsArticle\",\"@id\":\"https:\\\/\\\/www.webdo.tn\\\/fr\\\/actualite\\\/national\\\/les-etats-unis-condamnent-l-attaque-de-djerba\\\/205586\\\/#article\",\"isPartOf\":{\"@id\":\"https:\\\/\\\/www.webdo.tn\\\/fr\\\/actualite\\\/national\\\/les-etats-unis-condamnent-l-attaque-de-djerba\\\/205586\\\/\"},\"author\":{\"name\":\"MC\",\"@id\":\"https:\\\/\\\/www.webdo.tn\\\/fr\\\/#\\\/schema\\\/person\\\/2c4929cbf5a809e3bd38617c6ce150f6\"},\"headline\":\"Les Etats-Unis condamnent l&rsquo;attaque de Djerba\",\"datePublished\":\"2023-05-10T09:29:00+00:00\",\"dateModified\":\"2025-05-20T21:59:55+00:00\",\"mainEntityOfPage\":{\"@id\":\"https:\\\/\\\/www.webdo.tn\\\/fr\\\/actualite\\\/national\\\/les-etats-unis-condamnent-l-attaque-de-djerba\\\/205586\\\/\"},\"wordCount\":274,\"commentCount\":0,\"publisher\":{\"@id\":\"https:\\\/\\\/www.webdo.tn\\\/fr\\\/#organization\"},\"image\":{\"@id\":\"https:\\\/\\\/www.webdo.tn\\\/fr\\\/actualite\\\/national\\\/les-etats-unis-condamnent-l-attaque-de-djerba\\\/205586\\\/#primaryimage\"},\"thumbnailUrl\":\"https:\\\/\\\/www.webdo.tn\\\/fr\\\/wp-content\\\/uploads\\\/2023\\\/05\\\/e33c6dec2c4e271c397692269c1d8365.jpeg\",\"keywords\":[\"attaque\",\"djerba\",\"Etats-Unis\",\"Tunisie\"],\"articleSection\":[\"National\"],\"inLanguage\":\"fr-FR\"},{\"@type\":\"WebPage\",\"@id\":\"https:\\\/\\\/www.webdo.tn\\\/fr\\\/actualite\\\/national\\\/les-etats-unis-condamnent-l-attaque-de-djerba\\\/205586\\\/\",\"url\":\"https:\\\/\\\/www.webdo.tn\\\/fr\\\/actualite\\\/national\\\/les-etats-unis-condamnent-l-attaque-de-djerba\\\/205586\\\/\",\"name\":\"Les Etats-Unis condamnent l'attaque de Djerba\",\"isPartOf\":{\"@id\":\"https:\\\/\\\/www.webdo.tn\\\/fr\\\/#website\"},\"primaryImageOfPage\":{\"@id\":\"https:\\\/\\\/www.webdo.tn\\\/fr\\\/actualite\\\/national\\\/les-etats-unis-condamnent-l-attaque-de-djerba\\\/205586\\\/#primaryimage\"},\"image\":{\"@id\":\"https:\\\/\\\/www.webdo.tn\\\/fr\\\/actualite\\\/national\\\/les-etats-unis-condamnent-l-attaque-de-djerba\\\/205586\\\/#primaryimage\"},\"thumbnailUrl\":\"https:\\\/\\\/www.webdo.tn\\\/fr\\\/wp-content\\\/uploads\\\/2023\\\/05\\\/e33c6dec2c4e271c397692269c1d8365.jpeg\",\"datePublished\":\"2023-05-10T09:29:00+00:00\",\"dateModified\":\"2025-05-20T21:59:55+00:00\",\"description\":\"Les Etats-Unis ont condamn\u00e9 l\u2019attaque perp\u00e9tr\u00e9e \u00e0 Djerba dans la soir\u00e9e de mardi 9 mai 2023.\",\"breadcrumb\":{\"@id\":\"https:\\\/\\\/www.webdo.tn\\\/fr\\\/actualite\\\/national\\\/les-etats-unis-condamnent-l-attaque-de-djerba\\\/205586\\\/#breadcrumb\"},\"inLanguage\":\"fr-FR\",\"potentialAction\":[{\"@type\":\"ReadAction\",\"target\":[\"https:\\\/\\\/www.webdo.tn\\\/fr\\\/actualite\\\/national\\\/les-etats-unis-condamnent-l-attaque-de-djerba\\\/205586\\\/\"]}]},{\"@type\":\"ImageObject\",\"inLanguage\":\"fr-FR\",\"@id\":\"https:\\\/\\\/www.webdo.tn\\\/fr\\\/actualite\\\/national\\\/les-etats-unis-condamnent-l-attaque-de-djerba\\\/205586\\\/#primaryimage\",\"url\":\"https:\\\/\\\/www.webdo.tn\\\/fr\\\/wp-content\\\/uploads\\\/2023\\\/05\\\/e33c6dec2c4e271c397692269c1d8365.jpeg\",\"contentUrl\":\"https:\\\/\\\/www.webdo.tn\\\/fr\\\/wp-content\\\/uploads\\\/2023\\\/05\\\/e33c6dec2c4e271c397692269c1d8365.jpeg\",\"width\":750,\"height\":400,\"caption\":\"Les Etats-Unis condamnent l'attaque de Djerba\"},{\"@type\":\"BreadcrumbList\",\"@id\":\"https:\\\/\\\/www.webdo.tn\\\/fr\\\/actualite\\\/national\\\/les-etats-unis-condamnent-l-attaque-de-djerba\\\/205586\\\/#breadcrumb\",\"itemListElement\":[{\"@type\":\"ListItem\",\"position\":1,\"name\":\"Accueil\",\"item\":\"https:\\\/\\\/www.webdo.tn\\\/fr\\\/\"},{\"@type\":\"ListItem\",\"position\":2,\"name\":\"Les Etats-Unis condamnent l&#8217;attaque de Djerba\"}]},{\"@type\":\"WebSite\",\"@id\":\"https:\\\/\\\/www.webdo.tn\\\/fr\\\/#website\",\"url\":\"https:\\\/\\\/www.webdo.tn\\\/fr\\\/\",\"name\":\"webdo\",\"description\":\"Tunisie - News en Tunisie et \u00e0 l&#039;international sur Webdo.tn\",\"publisher\":{\"@id\":\"https:\\\/\\\/www.webdo.tn\\\/fr\\\/#organization\"},\"potentialAction\":[{\"@type\":\"SearchAction\",\"target\":{\"@type\":\"EntryPoint\",\"urlTemplate\":\"https:\\\/\\\/www.webdo.tn\\\/fr\\\/?s={search_term_string}\"},\"query-input\":{\"@type\":\"PropertyValueSpecification\",\"valueRequired\":true,\"valueName\":\"search_term_string\"}}],\"inLanguage\":\"fr-FR\"},{\"@type\":\"Organization\",\"@id\":\"https:\\\/\\\/www.webdo.tn\\\/fr\\\/#organization\",\"name\":\"Webdo\",\"alternateName\":\"Webdo.tn\",\"url\":\"https:\\\/\\\/www.webdo.tn\\\/fr\\\/\",\"logo\":{\"@type\":\"ImageObject\",\"inLanguage\":\"fr-FR\",\"@id\":\"https:\\\/\\\/www.webdo.tn\\\/fr\\\/#\\\/schema\\\/logo\\\/image\\\/\",\"url\":\"https:\\\/\\\/www.webdo.tn\\\/fr\\\/wp-content\\\/uploads\\\/2025\\\/06\\\/Webdo-Tunisie_168377.jpg\",\"contentUrl\":\"https:\\\/\\\/www.webdo.tn\\\/fr\\\/wp-content\\\/uploads\\\/2025\\\/06\\\/Webdo-Tunisie_168377.jpg\",\"width\":301,\"height\":301,\"caption\":\"Webdo\"},\"image\":{\"@id\":\"https:\\\/\\\/www.webdo.tn\\\/fr\\\/#\\\/schema\\\/logo\\\/image\\\/\"},\"sameAs\":[\"https:\\\/\\\/www.facebook.com\\\/webdotn\",\"https:\\\/\\\/x.com\\\/webdo_tn\"],\"description\":\"Webdo est un m\u00e9dia num\u00e9rique tunisien fond\u00e9 en 2010, sp\u00e9cialis\u00e9 dans l\u2019actualit\u00e9 nationale et internationale, l\u2019\u00e9conomie, la soci\u00e9t\u00e9 et les analyses politiques. Le site s\u2019adresse \u00e0 un large public francophone et couvre l\u2019information tunisienne en temps r\u00e9el.\",\"email\":\"redac@webdo.tn\",\"legalName\":\"YNJ SARL\",\"foundingDate\":\"2010-09-06\",\"numberOfEmployees\":{\"@type\":\"QuantitativeValue\",\"minValue\":\"11\",\"maxValue\":\"50\"}},{\"@type\":\"Person\",\"@id\":\"https:\\\/\\\/www.webdo.tn\\\/fr\\\/#\\\/schema\\\/person\\\/2c4929cbf5a809e3bd38617c6ce150f6\",\"name\":\"MC\",\"image\":{\"@type\":\"ImageObject\",\"inLanguage\":\"fr-FR\",\"@id\":\"https:\\\/\\\/secure.gravatar.com\\\/avatar\\\/a545bbb6f84efdd5553dbbc2895e3ca8f1d12c5215e00a041c9670b54aa9b18a?s=96&d=mm&r=g\",\"url\":\"https:\\\/\\\/secure.gravatar.com\\\/avatar\\\/a545bbb6f84efdd5553dbbc2895e3ca8f1d12c5215e00a041c9670b54aa9b18a?s=96&d=mm&r=g\",\"contentUrl\":\"https:\\\/\\\/secure.gravatar.com\\\/avatar\\\/a545bbb6f84efdd5553dbbc2895e3ca8f1d12c5215e00a041c9670b54aa9b18a?s=96&d=mm&r=g\",\"caption\":\"MC\"},\"url\":\"https:\\\/\\\/www.webdo.tn\\\/fr\\\/actualite\\\/author\\\/mc\\\/\"}]}<\/script>\n<!-- \/ Yoast SEO Premium plugin. -->","yoast_head_json":{"title":"Les Etats-Unis condamnent l'attaque de Djerba","description":"Les Etats-Unis ont condamn\u00e9 l\u2019attaque perp\u00e9tr\u00e9e \u00e0 Djerba dans la soir\u00e9e de mardi 9 mai 2023.","canonical":"https:\/\/www.webdo.tn\/fr\/actualite\/national\/les-etats-unis-condamnent-l-attaque-de-djerba\/205586\/","og_locale":"fr_FR","og_type":"article","og_title":"Les Etats-Unis condamnent l'attaque de Djerba","og_description":"Les Etats-Unis ont condamn\u00e9 l\u2019attaque perp\u00e9tr\u00e9e \u00e0 Djerba dans la soir\u00e9e de mardi 9 mai 2023.","og_url":"https:\/\/www.webdo.tn\/fr\/actualite\/national\/les-etats-unis-condamnent-l-attaque-de-djerba\/205586\/","og_site_name":"webdo","article_publisher":"https:\/\/www.facebook.com\/webdotn","article_published_time":"2023-05-10T09:29:00+00:00","article_modified_time":"2025-05-20T21:59:55+00:00","og_image":[{"width":750,"height":400,"url":"https:\/\/www.webdo.tn\/fr\/wp-content\/uploads\/2023\/05\/e33c6dec2c4e271c397692269c1d8365.jpeg","type":"image\/jpeg"}],"author":"MC","twitter_card":"summary_large_image","twitter_creator":"@webdo_tn","twitter_site":"@webdo_tn","twitter_misc":{"\u00c9crit par":"MC","Dur\u00e9e de lecture estim\u00e9e":"1 minute"},"schema":{"@context":"https:\/\/schema.org","@graph":[{"@type":"NewsArticle","@id":"https:\/\/www.webdo.tn\/fr\/actualite\/national\/les-etats-unis-condamnent-l-attaque-de-djerba\/205586\/#article","isPartOf":{"@id":"https:\/\/www.webdo.tn\/fr\/actualite\/national\/les-etats-unis-condamnent-l-attaque-de-djerba\/205586\/"},"author":{"name":"MC","@id":"https:\/\/www.webdo.tn\/fr\/#\/schema\/person\/2c4929cbf5a809e3bd38617c6ce150f6"},"headline":"Les Etats-Unis condamnent l&rsquo;attaque de Djerba","datePublished":"2023-05-10T09:29:00+00:00","dateModified":"2025-05-20T21:59:55+00:00","mainEntityOfPage":{"@id":"https:\/\/www.webdo.tn\/fr\/actualite\/national\/les-etats-unis-condamnent-l-attaque-de-djerba\/205586\/"},"wordCount":274,"commentCount":0,"publisher":{"@id":"https:\/\/www.webdo.tn\/fr\/#organization"},"image":{"@id":"https:\/\/www.webdo.tn\/fr\/actualite\/national\/les-etats-unis-condamnent-l-attaque-de-djerba\/205586\/#primaryimage"},"thumbnailUrl":"https:\/\/www.webdo.tn\/fr\/wp-content\/uploads\/2023\/05\/e33c6dec2c4e271c397692269c1d8365.jpeg","keywords":["attaque","djerba","Etats-Unis","Tunisie"],"articleSection":["National"],"inLanguage":"fr-FR"},{"@type":"WebPage","@id":"https:\/\/www.webdo.tn\/fr\/actualite\/national\/les-etats-unis-condamnent-l-attaque-de-djerba\/205586\/","url":"https:\/\/www.webdo.tn\/fr\/actualite\/national\/les-etats-unis-condamnent-l-attaque-de-djerba\/205586\/","name":"Les Etats-Unis condamnent l'attaque de Djerba","isPartOf":{"@id":"https:\/\/www.webdo.tn\/fr\/#website"},"primaryImageOfPage":{"@id":"https:\/\/www.webdo.tn\/fr\/actualite\/national\/les-etats-unis-condamnent-l-attaque-de-djerba\/205586\/#primaryimage"},"image":{"@id":"https:\/\/www.webdo.tn\/fr\/actualite\/national\/les-etats-unis-condamnent-l-attaque-de-djerba\/205586\/#primaryimage"},"thumbnailUrl":"https:\/\/www.webdo.tn\/fr\/wp-content\/uploads\/2023\/05\/e33c6dec2c4e271c397692269c1d8365.jpeg","datePublished":"2023-05-10T09:29:00+00:00","dateModified":"2025-05-20T21:59:55+00:00","description":"Les Etats-Unis ont condamn\u00e9 l\u2019attaque perp\u00e9tr\u00e9e \u00e0 Djerba dans la soir\u00e9e de mardi 9 mai 2023.","breadcrumb":{"@id":"https:\/\/www.webdo.tn\/fr\/actualite\/national\/les-etats-unis-condamnent-l-attaque-de-djerba\/205586\/#breadcrumb"},"inLanguage":"fr-FR","potentialAction":[{"@type":"ReadAction","target":["https:\/\/www.webdo.tn\/fr\/actualite\/national\/les-etats-unis-condamnent-l-attaque-de-djerba\/205586\/"]}]},{"@type":"ImageObject","inLanguage":"fr-FR","@id":"https:\/\/www.webdo.tn\/fr\/actualite\/national\/les-etats-unis-condamnent-l-attaque-de-djerba\/205586\/#primaryimage","url":"https:\/\/www.webdo.tn\/fr\/wp-content\/uploads\/2023\/05\/e33c6dec2c4e271c397692269c1d8365.jpeg","contentUrl":"https:\/\/www.webdo.tn\/fr\/wp-content\/uploads\/2023\/05\/e33c6dec2c4e271c397692269c1d8365.jpeg","width":750,"height":400,"caption":"Les Etats-Unis condamnent l'attaque de Djerba"},{"@type":"BreadcrumbList","@id":"https:\/\/www.webdo.tn\/fr\/actualite\/national\/les-etats-unis-condamnent-l-attaque-de-djerba\/205586\/#breadcrumb","itemListElement":[{"@type":"ListItem","position":1,"name":"Accueil","item":"https:\/\/www.webdo.tn\/fr\/"},{"@type":"ListItem","position":2,"name":"Les Etats-Unis condamnent l&#8217;attaque de Djerba"}]},{"@type":"WebSite","@id":"https:\/\/www.webdo.tn\/fr\/#website","url":"https:\/\/www.webdo.tn\/fr\/","name":"webdo","description":"Tunisie - News en Tunisie et \u00e0 l&#039;international sur Webdo.tn","publisher":{"@id":"https:\/\/www.webdo.tn\/fr\/#organization"},"potentialAction":[{"@type":"SearchAction","target":{"@type":"EntryPoint","urlTemplate":"https:\/\/www.webdo.tn\/fr\/?s={search_term_string}"},"query-input":{"@type":"PropertyValueSpecification","valueRequired":true,"valueName":"search_term_string"}}],"inLanguage":"fr-FR"},{"@type":"Organization","@id":"https:\/\/www.webdo.tn\/fr\/#organization","name":"Webdo","alternateName":"Webdo.tn","url":"https:\/\/www.webdo.tn\/fr\/","logo":{"@type":"ImageObject","inLanguage":"fr-FR","@id":"https:\/\/www.webdo.tn\/fr\/#\/schema\/logo\/image\/","url":"https:\/\/www.webdo.tn\/fr\/wp-content\/uploads\/2025\/06\/Webdo-Tunisie_168377.jpg","contentUrl":"https:\/\/www.webdo.tn\/fr\/wp-content\/uploads\/2025\/06\/Webdo-Tunisie_168377.jpg","width":301,"height":301,"caption":"Webdo"},"image":{"@id":"https:\/\/www.webdo.tn\/fr\/#\/schema\/logo\/image\/"},"sameAs":["https:\/\/www.facebook.com\/webdotn","https:\/\/x.com\/webdo_tn"],"description":"Webdo est un m\u00e9dia num\u00e9rique tunisien fond\u00e9 en 2010, sp\u00e9cialis\u00e9 dans l\u2019actualit\u00e9 nationale et internationale, l\u2019\u00e9conomie, la soci\u00e9t\u00e9 et les analyses politiques. Le site s\u2019adresse \u00e0 un large public francophone et couvre l\u2019information tunisienne en temps r\u00e9el.","email":"redac@webdo.tn","legalName":"YNJ SARL","foundingDate":"2010-09-06","numberOfEmployees":{"@type":"QuantitativeValue","minValue":"11","maxValue":"50"}},{"@type":"Person","@id":"https:\/\/www.webdo.tn\/fr\/#\/schema\/person\/2c4929cbf5a809e3bd38617c6ce150f6","name":"MC","image":{"@type":"ImageObject","inLanguage":"fr-FR","@id":"https:\/\/secure.gravatar.com\/avatar\/a545bbb6f84efdd5553dbbc2895e3ca8f1d12c5215e00a041c9670b54aa9b18a?s=96&d=mm&r=g","url":"https:\/\/secure.gravatar.com\/avatar\/a545bbb6f84efdd5553dbbc2895e3ca8f1d12c5215e00a041c9670b54aa9b18a?s=96&d=mm&r=g","contentUrl":"https:\/\/secure.gravatar.com\/avatar\/a545bbb6f84efdd5553dbbc2895e3ca8f1d12c5215e00a041c9670b54aa9b18a?s=96&d=mm&r=g","caption":"MC"},"url":"https:\/\/www.webdo.tn\/fr\/actualite\/author\/mc\/"}]}},"_links":{"self":[{"href":"https:\/\/www.webdo.tn\/fr\/wp-json\/wp\/v2\/posts\/205586","targetHints":{"allow":["GET"]}}],"collection":[{"href":"https:\/\/www.webdo.tn\/fr\/wp-json\/wp\/v2\/posts"}],"about":[{"href":"https:\/\/www.webdo.tn\/fr\/wp-json\/wp\/v2\/types\/post"}],"author":[{"embeddable":true,"href":"https:\/\/www.webdo.tn\/fr\/wp-json\/wp\/v2\/users\/3162"}],"replies":[{"embeddable":true,"href":"https:\/\/www.webdo.tn\/fr\/wp-json\/wp\/v2\/comments?post=205586"}],"version-history":[{"count":0,"href":"https:\/\/www.webdo.tn\/fr\/wp-json\/wp\/v2\/posts\/205586\/revisions"}],"wp:featuredmedia":[{"embeddable":true,"href":"https:\/\/www.webdo.tn\/fr\/wp-json\/wp\/v2\/media\/251184"}],"wp:attachment":[{"href":"https:\/\/www.webdo.tn\/fr\/wp-json\/wp\/v2\/media?parent=205586"}],"wp:term":[{"taxonomy":"category","embeddable":true,"href":"https:\/\/www.webdo.tn\/fr\/wp-json\/wp\/v2\/categories?post=205586"},{"taxonomy":"post_tag","embeddable":true,"href":"https:\/\/www.webdo.tn\/fr\/wp-json\/wp\/v2\/tags?post=205586"}],"curies":[{"name":"wp","href":"https:\/\/api.w.org\/{rel}","templated":true}]}}