{"id":205578,"date":"2023-05-09T22:17:00","date_gmt":"2023-05-09T22:17:00","guid":{"rendered":"https:\/\/www.webdo.tn\/fr\/blog\/djerba-le-meurtrier-d-un-agent-de-securite-abattu\/205578\/"},"modified":"2025-05-20T21:59:53","modified_gmt":"2025-05-20T21:59:53","slug":"djerba-le-meurtrier-d-un-agent-de-securite-abattu","status":"publish","type":"post","link":"https:\/\/www.webdo.tn\/fr\/actualite\/national\/djerba-le-meurtrier-d-un-agent-de-securite-abattu\/205578\/","title":{"rendered":"Djerba : Le meurtrier d\u2019un agent de s\u00e9curit\u00e9 abattu"},"content":{"rendered":"<p>Les forces de l&rsquo;ordre sont parvenues \u00e0 abattre un individu qui a assassin\u00e9 un peu plus t\u00f4t dans la soir\u00e9e de ce mardi 9 mai 2023, un agent de s\u00e9curit\u00e9 au port de Djerba.<\/p>\n<p>\t\t\t\t\t\t\t\t\tUn \u00e9change de tirs a eu lieu au port de Djerba dans la soir\u00e9e de ce mardi 9 mai 2023.<\/p>\n<p>Selon plusieurs t\u00e9moignages, les premiers tirs ont \u00e9t\u00e9 entendus aux alentours de 20h30. Les forces de s\u00e9curit\u00e9 qui sont intervenues ont s\u00e9curis\u00e9 le p\u00e9rim\u00e8tre de la synagogue.<\/p>\n<p>Il s&rsquo;est av\u00e9r\u00e9 que deux coll\u00e8gues de la Garde nationale se sont entretu\u00e9s. Le premier a \u00e9t\u00e9 tu\u00e9 par son coll\u00e8gue et le deuxi\u00e8me a \u00e9t\u00e9 abattu par les forces de l&rsquo;ordre.<\/p>\n","protected":false},"excerpt":{"rendered":"<p>Les forces de l&rsquo;ordre sont parvenues \u00e0 abattre un individu qui a assassin\u00e9 un peu plus t\u00f4t dans la soir\u00e9e de ce mardi 9 mai 2023, un agent de s\u00e9curit\u00e9 au port d&#8230;<\/p>\n","protected":false},"author":3162,"featured_media":251181,"comment_status":"open","ping_status":"closed","sticky":false,"template":"","format":"standard","meta":{"footnotes":""},"categories":[44],"tags":[8235,3696,2697],"class_list":["post-205578","post","type-post","status-publish","format-standard","has-post-thumbnail","hentry","category-national","tag-agent","tag-djerba","tag-meurtre"],"yoast_head":"<!-- This site is optimized with the Yoast SEO Premium plugin v27.4 (Yoast SEO v27.4) - https:\/\/yoast.com\/product\/yoast-seo-premium-wordpress\/ -->\n<title>Djerba : Le meurtrier d\u2019un agent de s\u00e9curit\u00e9 abattu<\/title>\n<meta name=\"description\" content=\"Les forces de l&#039;ordre sont parvenues \u00e0 abattre un individu qui a assassin\u00e9 un peu plus t\u00f4t dans la soir\u00e9e de ce mardi 9 mai 2023, un agent de s\u00e9curit\u00e9 au port d...\" \/>\n<link rel=\"canonical\" href=\"https:\/\/www.webdo.tn\/fr\/actualite\/national\/djerba-le-meurtrier-d-un-agent-de-securite-abattu\/205578\/\" \/>\n<meta property=\"og:locale\" content=\"fr_FR\" \/>\n<meta property=\"og:type\" content=\"article\" \/>\n<meta property=\"og:title\" content=\"Djerba : Le meurtrier d\u2019un agent de s\u00e9curit\u00e9 abattu\" \/>\n<meta property=\"og:description\" content=\"Les forces de l&#039;ordre sont parvenues \u00e0 abattre un individu qui a assassin\u00e9 un peu plus t\u00f4t dans la soir\u00e9e de ce mardi 9 mai 2023, un agent de s\u00e9curit\u00e9 au port d...\" \/>\n<meta property=\"og:url\" content=\"https:\/\/www.webdo.tn\/fr\/actualite\/national\/djerba-le-meurtrier-d-un-agent-de-securite-abattu\/205578\/\" \/>\n<meta property=\"og:site_name\" content=\"webdo\" \/>\n<meta property=\"article:publisher\" content=\"https:\/\/www.facebook.com\/webdotn\" \/>\n<meta property=\"article:published_time\" content=\"2023-05-09T22:17:00+00:00\" \/>\n<meta property=\"article:modified_time\" content=\"2025-05-20T21:59:53+00:00\" \/>\n<meta property=\"og:image\" content=\"https:\/\/www.webdo.tn\/fr\/wp-content\/uploads\/2023\/05\/fbc749bf027ec31c69d6db1c5e2fffe6.jpg\" \/>\n\t<meta property=\"og:image:width\" content=\"603\" \/>\n\t<meta property=\"og:image:height\" content=\"322\" \/>\n\t<meta property=\"og:image:type\" content=\"image\/jpeg\" \/>\n<meta name=\"author\" content=\"MC\" \/>\n<meta name=\"twitter:card\" content=\"summary_large_image\" \/>\n<meta name=\"twitter:creator\" content=\"@webdo_tn\" \/>\n<meta name=\"twitter:site\" content=\"@webdo_tn\" \/>\n<meta name=\"twitter:label1\" content=\"\u00c9crit par\" \/>\n\t<meta name=\"twitter:data1\" content=\"MC\" \/>\n\t<meta name=\"twitter:label2\" content=\"Dur\u00e9e de lecture estim\u00e9e\" \/>\n\t<meta name=\"twitter:data2\" content=\"1 minute\" \/>\n<script type=\"application\/ld+json\" class=\"yoast-schema-graph\">{\"@context\":\"https:\\\/\\\/schema.org\",\"@graph\":[{\"@type\":\"NewsArticle\",\"@id\":\"https:\\\/\\\/www.webdo.tn\\\/fr\\\/actualite\\\/national\\\/djerba-le-meurtrier-d-un-agent-de-securite-abattu\\\/205578\\\/#article\",\"isPartOf\":{\"@id\":\"https:\\\/\\\/www.webdo.tn\\\/fr\\\/actualite\\\/national\\\/djerba-le-meurtrier-d-un-agent-de-securite-abattu\\\/205578\\\/\"},\"author\":{\"name\":\"MC\",\"@id\":\"https:\\\/\\\/www.webdo.tn\\\/fr\\\/#\\\/schema\\\/person\\\/2c4929cbf5a809e3bd38617c6ce150f6\"},\"headline\":\"Djerba : Le meurtrier d\u2019un agent de s\u00e9curit\u00e9 abattu\",\"datePublished\":\"2023-05-09T22:17:00+00:00\",\"dateModified\":\"2025-05-20T21:59:53+00:00\",\"mainEntityOfPage\":{\"@id\":\"https:\\\/\\\/www.webdo.tn\\\/fr\\\/actualite\\\/national\\\/djerba-le-meurtrier-d-un-agent-de-securite-abattu\\\/205578\\\/\"},\"wordCount\":135,\"commentCount\":0,\"publisher\":{\"@id\":\"https:\\\/\\\/www.webdo.tn\\\/fr\\\/#organization\"},\"image\":{\"@id\":\"https:\\\/\\\/www.webdo.tn\\\/fr\\\/actualite\\\/national\\\/djerba-le-meurtrier-d-un-agent-de-securite-abattu\\\/205578\\\/#primaryimage\"},\"thumbnailUrl\":\"https:\\\/\\\/www.webdo.tn\\\/fr\\\/wp-content\\\/uploads\\\/2023\\\/05\\\/fbc749bf027ec31c69d6db1c5e2fffe6.jpg\",\"keywords\":[\"agent\",\"djerba\",\"meurtre\"],\"articleSection\":[\"National\"],\"inLanguage\":\"fr-FR\"},{\"@type\":\"WebPage\",\"@id\":\"https:\\\/\\\/www.webdo.tn\\\/fr\\\/actualite\\\/national\\\/djerba-le-meurtrier-d-un-agent-de-securite-abattu\\\/205578\\\/\",\"url\":\"https:\\\/\\\/www.webdo.tn\\\/fr\\\/actualite\\\/national\\\/djerba-le-meurtrier-d-un-agent-de-securite-abattu\\\/205578\\\/\",\"name\":\"Djerba : Le meurtrier d\u2019un agent de s\u00e9curit\u00e9 abattu\",\"isPartOf\":{\"@id\":\"https:\\\/\\\/www.webdo.tn\\\/fr\\\/#website\"},\"primaryImageOfPage\":{\"@id\":\"https:\\\/\\\/www.webdo.tn\\\/fr\\\/actualite\\\/national\\\/djerba-le-meurtrier-d-un-agent-de-securite-abattu\\\/205578\\\/#primaryimage\"},\"image\":{\"@id\":\"https:\\\/\\\/www.webdo.tn\\\/fr\\\/actualite\\\/national\\\/djerba-le-meurtrier-d-un-agent-de-securite-abattu\\\/205578\\\/#primaryimage\"},\"thumbnailUrl\":\"https:\\\/\\\/www.webdo.tn\\\/fr\\\/wp-content\\\/uploads\\\/2023\\\/05\\\/fbc749bf027ec31c69d6db1c5e2fffe6.jpg\",\"datePublished\":\"2023-05-09T22:17:00+00:00\",\"dateModified\":\"2025-05-20T21:59:53+00:00\",\"description\":\"Les forces de l'ordre sont parvenues \u00e0 abattre un individu qui a assassin\u00e9 un peu plus t\u00f4t dans la soir\u00e9e de ce mardi 9 mai 2023, un agent de s\u00e9curit\u00e9 au port d...\",\"breadcrumb\":{\"@id\":\"https:\\\/\\\/www.webdo.tn\\\/fr\\\/actualite\\\/national\\\/djerba-le-meurtrier-d-un-agent-de-securite-abattu\\\/205578\\\/#breadcrumb\"},\"inLanguage\":\"fr-FR\",\"potentialAction\":[{\"@type\":\"ReadAction\",\"target\":[\"https:\\\/\\\/www.webdo.tn\\\/fr\\\/actualite\\\/national\\\/djerba-le-meurtrier-d-un-agent-de-securite-abattu\\\/205578\\\/\"]}]},{\"@type\":\"ImageObject\",\"inLanguage\":\"fr-FR\",\"@id\":\"https:\\\/\\\/www.webdo.tn\\\/fr\\\/actualite\\\/national\\\/djerba-le-meurtrier-d-un-agent-de-securite-abattu\\\/205578\\\/#primaryimage\",\"url\":\"https:\\\/\\\/www.webdo.tn\\\/fr\\\/wp-content\\\/uploads\\\/2023\\\/05\\\/fbc749bf027ec31c69d6db1c5e2fffe6.jpg\",\"contentUrl\":\"https:\\\/\\\/www.webdo.tn\\\/fr\\\/wp-content\\\/uploads\\\/2023\\\/05\\\/fbc749bf027ec31c69d6db1c5e2fffe6.jpg\",\"width\":603,\"height\":322,\"caption\":\"Djerba : Le meurtrier d\u2019un agent de s\u00e9curit\u00e9 abattu\"},{\"@type\":\"BreadcrumbList\",\"@id\":\"https:\\\/\\\/www.webdo.tn\\\/fr\\\/actualite\\\/national\\\/djerba-le-meurtrier-d-un-agent-de-securite-abattu\\\/205578\\\/#breadcrumb\",\"itemListElement\":[{\"@type\":\"ListItem\",\"position\":1,\"name\":\"Accueil\",\"item\":\"https:\\\/\\\/www.webdo.tn\\\/fr\\\/\"},{\"@type\":\"ListItem\",\"position\":2,\"name\":\"Djerba : Le meurtrier d\u2019un agent de s\u00e9curit\u00e9 abattu\"}]},{\"@type\":\"WebSite\",\"@id\":\"https:\\\/\\\/www.webdo.tn\\\/fr\\\/#website\",\"url\":\"https:\\\/\\\/www.webdo.tn\\\/fr\\\/\",\"name\":\"webdo\",\"description\":\"Tunisie - News en Tunisie et \u00e0 l&#039;international sur Webdo.tn\",\"publisher\":{\"@id\":\"https:\\\/\\\/www.webdo.tn\\\/fr\\\/#organization\"},\"potentialAction\":[{\"@type\":\"SearchAction\",\"target\":{\"@type\":\"EntryPoint\",\"urlTemplate\":\"https:\\\/\\\/www.webdo.tn\\\/fr\\\/?s={search_term_string}\"},\"query-input\":{\"@type\":\"PropertyValueSpecification\",\"valueRequired\":true,\"valueName\":\"search_term_string\"}}],\"inLanguage\":\"fr-FR\"},{\"@type\":\"Organization\",\"@id\":\"https:\\\/\\\/www.webdo.tn\\\/fr\\\/#organization\",\"name\":\"Webdo\",\"alternateName\":\"Webdo.tn\",\"url\":\"https:\\\/\\\/www.webdo.tn\\\/fr\\\/\",\"logo\":{\"@type\":\"ImageObject\",\"inLanguage\":\"fr-FR\",\"@id\":\"https:\\\/\\\/www.webdo.tn\\\/fr\\\/#\\\/schema\\\/logo\\\/image\\\/\",\"url\":\"https:\\\/\\\/www.webdo.tn\\\/fr\\\/wp-content\\\/uploads\\\/2025\\\/06\\\/Webdo-Tunisie_168377.jpg\",\"contentUrl\":\"https:\\\/\\\/www.webdo.tn\\\/fr\\\/wp-content\\\/uploads\\\/2025\\\/06\\\/Webdo-Tunisie_168377.jpg\",\"width\":301,\"height\":301,\"caption\":\"Webdo\"},\"image\":{\"@id\":\"https:\\\/\\\/www.webdo.tn\\\/fr\\\/#\\\/schema\\\/logo\\\/image\\\/\"},\"sameAs\":[\"https:\\\/\\\/www.facebook.com\\\/webdotn\",\"https:\\\/\\\/x.com\\\/webdo_tn\"],\"description\":\"Webdo est un m\u00e9dia num\u00e9rique tunisien fond\u00e9 en 2010, sp\u00e9cialis\u00e9 dans l\u2019actualit\u00e9 nationale et internationale, l\u2019\u00e9conomie, la soci\u00e9t\u00e9 et les analyses politiques. Le site s\u2019adresse \u00e0 un large public francophone et couvre l\u2019information tunisienne en temps r\u00e9el.\",\"email\":\"redac@webdo.tn\",\"legalName\":\"YNJ SARL\",\"foundingDate\":\"2010-09-06\",\"numberOfEmployees\":{\"@type\":\"QuantitativeValue\",\"minValue\":\"11\",\"maxValue\":\"50\"}},{\"@type\":\"Person\",\"@id\":\"https:\\\/\\\/www.webdo.tn\\\/fr\\\/#\\\/schema\\\/person\\\/2c4929cbf5a809e3bd38617c6ce150f6\",\"name\":\"MC\",\"image\":{\"@type\":\"ImageObject\",\"inLanguage\":\"fr-FR\",\"@id\":\"https:\\\/\\\/secure.gravatar.com\\\/avatar\\\/a545bbb6f84efdd5553dbbc2895e3ca8f1d12c5215e00a041c9670b54aa9b18a?s=96&d=mm&r=g\",\"url\":\"https:\\\/\\\/secure.gravatar.com\\\/avatar\\\/a545bbb6f84efdd5553dbbc2895e3ca8f1d12c5215e00a041c9670b54aa9b18a?s=96&d=mm&r=g\",\"contentUrl\":\"https:\\\/\\\/secure.gravatar.com\\\/avatar\\\/a545bbb6f84efdd5553dbbc2895e3ca8f1d12c5215e00a041c9670b54aa9b18a?s=96&d=mm&r=g\",\"caption\":\"MC\"},\"url\":\"https:\\\/\\\/www.webdo.tn\\\/fr\\\/actualite\\\/author\\\/mc\\\/\"}]}<\/script>\n<!-- \/ Yoast SEO Premium plugin. -->","yoast_head_json":{"title":"Djerba : Le meurtrier d\u2019un agent de s\u00e9curit\u00e9 abattu","description":"Les forces de l'ordre sont parvenues \u00e0 abattre un individu qui a assassin\u00e9 un peu plus t\u00f4t dans la soir\u00e9e de ce mardi 9 mai 2023, un agent de s\u00e9curit\u00e9 au port d...","canonical":"https:\/\/www.webdo.tn\/fr\/actualite\/national\/djerba-le-meurtrier-d-un-agent-de-securite-abattu\/205578\/","og_locale":"fr_FR","og_type":"article","og_title":"Djerba : Le meurtrier d\u2019un agent de s\u00e9curit\u00e9 abattu","og_description":"Les forces de l'ordre sont parvenues \u00e0 abattre un individu qui a assassin\u00e9 un peu plus t\u00f4t dans la soir\u00e9e de ce mardi 9 mai 2023, un agent de s\u00e9curit\u00e9 au port d...","og_url":"https:\/\/www.webdo.tn\/fr\/actualite\/national\/djerba-le-meurtrier-d-un-agent-de-securite-abattu\/205578\/","og_site_name":"webdo","article_publisher":"https:\/\/www.facebook.com\/webdotn","article_published_time":"2023-05-09T22:17:00+00:00","article_modified_time":"2025-05-20T21:59:53+00:00","og_image":[{"width":603,"height":322,"url":"https:\/\/www.webdo.tn\/fr\/wp-content\/uploads\/2023\/05\/fbc749bf027ec31c69d6db1c5e2fffe6.jpg","type":"image\/jpeg"}],"author":"MC","twitter_card":"summary_large_image","twitter_creator":"@webdo_tn","twitter_site":"@webdo_tn","twitter_misc":{"\u00c9crit par":"MC","Dur\u00e9e de lecture estim\u00e9e":"1 minute"},"schema":{"@context":"https:\/\/schema.org","@graph":[{"@type":"NewsArticle","@id":"https:\/\/www.webdo.tn\/fr\/actualite\/national\/djerba-le-meurtrier-d-un-agent-de-securite-abattu\/205578\/#article","isPartOf":{"@id":"https:\/\/www.webdo.tn\/fr\/actualite\/national\/djerba-le-meurtrier-d-un-agent-de-securite-abattu\/205578\/"},"author":{"name":"MC","@id":"https:\/\/www.webdo.tn\/fr\/#\/schema\/person\/2c4929cbf5a809e3bd38617c6ce150f6"},"headline":"Djerba : Le meurtrier d\u2019un agent de s\u00e9curit\u00e9 abattu","datePublished":"2023-05-09T22:17:00+00:00","dateModified":"2025-05-20T21:59:53+00:00","mainEntityOfPage":{"@id":"https:\/\/www.webdo.tn\/fr\/actualite\/national\/djerba-le-meurtrier-d-un-agent-de-securite-abattu\/205578\/"},"wordCount":135,"commentCount":0,"publisher":{"@id":"https:\/\/www.webdo.tn\/fr\/#organization"},"image":{"@id":"https:\/\/www.webdo.tn\/fr\/actualite\/national\/djerba-le-meurtrier-d-un-agent-de-securite-abattu\/205578\/#primaryimage"},"thumbnailUrl":"https:\/\/www.webdo.tn\/fr\/wp-content\/uploads\/2023\/05\/fbc749bf027ec31c69d6db1c5e2fffe6.jpg","keywords":["agent","djerba","meurtre"],"articleSection":["National"],"inLanguage":"fr-FR"},{"@type":"WebPage","@id":"https:\/\/www.webdo.tn\/fr\/actualite\/national\/djerba-le-meurtrier-d-un-agent-de-securite-abattu\/205578\/","url":"https:\/\/www.webdo.tn\/fr\/actualite\/national\/djerba-le-meurtrier-d-un-agent-de-securite-abattu\/205578\/","name":"Djerba : Le meurtrier d\u2019un agent de s\u00e9curit\u00e9 abattu","isPartOf":{"@id":"https:\/\/www.webdo.tn\/fr\/#website"},"primaryImageOfPage":{"@id":"https:\/\/www.webdo.tn\/fr\/actualite\/national\/djerba-le-meurtrier-d-un-agent-de-securite-abattu\/205578\/#primaryimage"},"image":{"@id":"https:\/\/www.webdo.tn\/fr\/actualite\/national\/djerba-le-meurtrier-d-un-agent-de-securite-abattu\/205578\/#primaryimage"},"thumbnailUrl":"https:\/\/www.webdo.tn\/fr\/wp-content\/uploads\/2023\/05\/fbc749bf027ec31c69d6db1c5e2fffe6.jpg","datePublished":"2023-05-09T22:17:00+00:00","dateModified":"2025-05-20T21:59:53+00:00","description":"Les forces de l'ordre sont parvenues \u00e0 abattre un individu qui a assassin\u00e9 un peu plus t\u00f4t dans la soir\u00e9e de ce mardi 9 mai 2023, un agent de s\u00e9curit\u00e9 au port d...","breadcrumb":{"@id":"https:\/\/www.webdo.tn\/fr\/actualite\/national\/djerba-le-meurtrier-d-un-agent-de-securite-abattu\/205578\/#breadcrumb"},"inLanguage":"fr-FR","potentialAction":[{"@type":"ReadAction","target":["https:\/\/www.webdo.tn\/fr\/actualite\/national\/djerba-le-meurtrier-d-un-agent-de-securite-abattu\/205578\/"]}]},{"@type":"ImageObject","inLanguage":"fr-FR","@id":"https:\/\/www.webdo.tn\/fr\/actualite\/national\/djerba-le-meurtrier-d-un-agent-de-securite-abattu\/205578\/#primaryimage","url":"https:\/\/www.webdo.tn\/fr\/wp-content\/uploads\/2023\/05\/fbc749bf027ec31c69d6db1c5e2fffe6.jpg","contentUrl":"https:\/\/www.webdo.tn\/fr\/wp-content\/uploads\/2023\/05\/fbc749bf027ec31c69d6db1c5e2fffe6.jpg","width":603,"height":322,"caption":"Djerba : Le meurtrier d\u2019un agent de s\u00e9curit\u00e9 abattu"},{"@type":"BreadcrumbList","@id":"https:\/\/www.webdo.tn\/fr\/actualite\/national\/djerba-le-meurtrier-d-un-agent-de-securite-abattu\/205578\/#breadcrumb","itemListElement":[{"@type":"ListItem","position":1,"name":"Accueil","item":"https:\/\/www.webdo.tn\/fr\/"},{"@type":"ListItem","position":2,"name":"Djerba : Le meurtrier d\u2019un agent de s\u00e9curit\u00e9 abattu"}]},{"@type":"WebSite","@id":"https:\/\/www.webdo.tn\/fr\/#website","url":"https:\/\/www.webdo.tn\/fr\/","name":"webdo","description":"Tunisie - News en Tunisie et \u00e0 l&#039;international sur Webdo.tn","publisher":{"@id":"https:\/\/www.webdo.tn\/fr\/#organization"},"potentialAction":[{"@type":"SearchAction","target":{"@type":"EntryPoint","urlTemplate":"https:\/\/www.webdo.tn\/fr\/?s={search_term_string}"},"query-input":{"@type":"PropertyValueSpecification","valueRequired":true,"valueName":"search_term_string"}}],"inLanguage":"fr-FR"},{"@type":"Organization","@id":"https:\/\/www.webdo.tn\/fr\/#organization","name":"Webdo","alternateName":"Webdo.tn","url":"https:\/\/www.webdo.tn\/fr\/","logo":{"@type":"ImageObject","inLanguage":"fr-FR","@id":"https:\/\/www.webdo.tn\/fr\/#\/schema\/logo\/image\/","url":"https:\/\/www.webdo.tn\/fr\/wp-content\/uploads\/2025\/06\/Webdo-Tunisie_168377.jpg","contentUrl":"https:\/\/www.webdo.tn\/fr\/wp-content\/uploads\/2025\/06\/Webdo-Tunisie_168377.jpg","width":301,"height":301,"caption":"Webdo"},"image":{"@id":"https:\/\/www.webdo.tn\/fr\/#\/schema\/logo\/image\/"},"sameAs":["https:\/\/www.facebook.com\/webdotn","https:\/\/x.com\/webdo_tn"],"description":"Webdo est un m\u00e9dia num\u00e9rique tunisien fond\u00e9 en 2010, sp\u00e9cialis\u00e9 dans l\u2019actualit\u00e9 nationale et internationale, l\u2019\u00e9conomie, la soci\u00e9t\u00e9 et les analyses politiques. Le site s\u2019adresse \u00e0 un large public francophone et couvre l\u2019information tunisienne en temps r\u00e9el.","email":"redac@webdo.tn","legalName":"YNJ SARL","foundingDate":"2010-09-06","numberOfEmployees":{"@type":"QuantitativeValue","minValue":"11","maxValue":"50"}},{"@type":"Person","@id":"https:\/\/www.webdo.tn\/fr\/#\/schema\/person\/2c4929cbf5a809e3bd38617c6ce150f6","name":"MC","image":{"@type":"ImageObject","inLanguage":"fr-FR","@id":"https:\/\/secure.gravatar.com\/avatar\/a545bbb6f84efdd5553dbbc2895e3ca8f1d12c5215e00a041c9670b54aa9b18a?s=96&d=mm&r=g","url":"https:\/\/secure.gravatar.com\/avatar\/a545bbb6f84efdd5553dbbc2895e3ca8f1d12c5215e00a041c9670b54aa9b18a?s=96&d=mm&r=g","contentUrl":"https:\/\/secure.gravatar.com\/avatar\/a545bbb6f84efdd5553dbbc2895e3ca8f1d12c5215e00a041c9670b54aa9b18a?s=96&d=mm&r=g","caption":"MC"},"url":"https:\/\/www.webdo.tn\/fr\/actualite\/author\/mc\/"}]}},"_links":{"self":[{"href":"https:\/\/www.webdo.tn\/fr\/wp-json\/wp\/v2\/posts\/205578","targetHints":{"allow":["GET"]}}],"collection":[{"href":"https:\/\/www.webdo.tn\/fr\/wp-json\/wp\/v2\/posts"}],"about":[{"href":"https:\/\/www.webdo.tn\/fr\/wp-json\/wp\/v2\/types\/post"}],"author":[{"embeddable":true,"href":"https:\/\/www.webdo.tn\/fr\/wp-json\/wp\/v2\/users\/3162"}],"replies":[{"embeddable":true,"href":"https:\/\/www.webdo.tn\/fr\/wp-json\/wp\/v2\/comments?post=205578"}],"version-history":[{"count":0,"href":"https:\/\/www.webdo.tn\/fr\/wp-json\/wp\/v2\/posts\/205578\/revisions"}],"wp:featuredmedia":[{"embeddable":true,"href":"https:\/\/www.webdo.tn\/fr\/wp-json\/wp\/v2\/media\/251181"}],"wp:attachment":[{"href":"https:\/\/www.webdo.tn\/fr\/wp-json\/wp\/v2\/media?parent=205578"}],"wp:term":[{"taxonomy":"category","embeddable":true,"href":"https:\/\/www.webdo.tn\/fr\/wp-json\/wp\/v2\/categories?post=205578"},{"taxonomy":"post_tag","embeddable":true,"href":"https:\/\/www.webdo.tn\/fr\/wp-json\/wp\/v2\/tags?post=205578"}],"curies":[{"name":"wp","href":"https:\/\/api.w.org\/{rel}","templated":true}]}}