{"id":205563,"date":"2023-05-09T15:08:00","date_gmt":"2023-05-09T15:08:00","guid":{"rendered":"https:\/\/www.webdo.tn\/fr\/blog\/les-ministres-des-affaires-etrangeres-de-la-belgique-et-du-portugal-en-tunisie\/205563\/"},"modified":"2025-05-20T22:50:05","modified_gmt":"2025-05-20T22:50:05","slug":"les-ministres-des-affaires-etrangeres-de-la-belgique-et-du-portugal-en-tunisie","status":"publish","type":"post","link":"https:\/\/www.webdo.tn\/fr\/actualite\/national\/les-ministres-des-affaires-etrangeres-de-la-belgique-et-du-portugal-en-tunisie\/205563\/","title":{"rendered":"Les ministres des Affaires \u00c9trang\u00e8res de la Belgique et du Portugal en Tunisie"},"content":{"rendered":"<p>Hadja Lahbib, Ministre des Affaires \u00e9trang\u00e8res, des Affaires europ\u00e9ennes et du Commerce ext\u00e9rieur, et des Institutions culturelles f\u00e9d\u00e9rales de la Belgique, et Jo\u00e3o Gomes Cravinho, Ministre des Affaires \u00e9trang\u00e8res du Portugal, entament ce mardi 9 mai 2023 une visite officielle en Tunisie au nom du Haut Repr\u00e9sentant de l\u2019Union europ\u00e9enne pour les affaires \u00e9trang\u00e8res et la politique de s\u00e9curit\u00e9\/Vice-Pr\u00e9sident de la Commission europ\u00e9enne, Josep Borrell.<\/p>\n<p>\t\t\t\t\t\t\t\t\tLors de leur visite, les ministres rappelleront l\u2019importance du partenariat avec la Tunisie et la volont\u00e9 de l\u2019UE de continuer \u00e0 soutenir le peuple tunisien. Les ministres s\u2019entretiendront avec les autorit\u00e9s tunisiennes sur la situation dans le pays et les relations avec l\u2019Union Europ\u00e9enne dans le cadre de l\u2019accord l\u2019association entre la Tunisie et l\u2019UE.\u00a0<\/p>\n<p>Les ministres porteront des messages politiques importants au nom du Haut Repr\u00e9sentant Borrell et des 27 \u00e9tats-membres de l\u2019UE.<\/p>\n<p>\u00ab La Tunisie est un voisin proche ainsi qu\u2019un partenaire de longue dur\u00e9e de l\u2019Union europ\u00e9enne. L\u2019UE suit de pr\u00e8s l\u2019\u00e9volution de la situation, y compris les derniers d\u00e9veloppements, dans le pays \u00bb, rappelle la d\u00e9l\u00e9gation europ\u00e9enne officielle en Tunisie.<\/p>\n","protected":false},"excerpt":{"rendered":"<p>Hadja Lahbib, Ministre des Affaires \u00e9trang\u00e8res, des Affaires europ\u00e9ennes et du Commerce ext\u00e9rieur, et des Institutions culturelles f\u00e9d\u00e9rales de la Belgique, et&#8230;<\/p>\n","protected":false},"author":3175,"featured_media":278165,"comment_status":"open","ping_status":"closed","sticky":false,"template":"","format":"standard","meta":{"footnotes":""},"categories":[44],"tags":[3725,2608,4154],"class_list":["post-205563","post","type-post","status-publish","format-standard","has-post-thumbnail","hentry","category-national","tag-europe","tag-tunisie","tag-visite"],"yoast_head":"<!-- This site is optimized with the Yoast SEO Premium plugin v27.5 (Yoast SEO v27.5) - https:\/\/yoast.com\/product\/yoast-seo-premium-wordpress\/ -->\n<title>Les ministres des Affaires \u00c9trang\u00e8res de la Belgique et du Portugal en Tunisie<\/title>\n<meta name=\"description\" content=\"Hadja Lahbib, Ministre des Affaires \u00e9trang\u00e8res, des Affaires europ\u00e9ennes et du Commerce ext\u00e9rieur, et des Institutions culturelles f\u00e9d\u00e9rales de la Belgique, et...\" \/>\n<link rel=\"canonical\" href=\"https:\/\/www.webdo.tn\/fr\/actualite\/national\/les-ministres-des-affaires-etrangeres-de-la-belgique-et-du-portugal-en-tunisie\/205563\/\" \/>\n<meta property=\"og:locale\" content=\"fr_FR\" \/>\n<meta property=\"og:type\" content=\"article\" \/>\n<meta property=\"og:title\" content=\"Les ministres des Affaires \u00c9trang\u00e8res de la Belgique et du Portugal en Tunisie\" \/>\n<meta property=\"og:description\" content=\"Hadja Lahbib, Ministre des Affaires \u00e9trang\u00e8res, des Affaires europ\u00e9ennes et du Commerce ext\u00e9rieur, et des Institutions culturelles f\u00e9d\u00e9rales de la Belgique, et...\" \/>\n<meta property=\"og:url\" content=\"https:\/\/www.webdo.tn\/fr\/actualite\/national\/les-ministres-des-affaires-etrangeres-de-la-belgique-et-du-portugal-en-tunisie\/205563\/\" \/>\n<meta property=\"og:site_name\" content=\"webdo\" \/>\n<meta property=\"article:publisher\" content=\"https:\/\/www.facebook.com\/webdotn\" \/>\n<meta property=\"article:published_time\" content=\"2023-05-09T15:08:00+00:00\" \/>\n<meta property=\"article:modified_time\" content=\"2025-05-20T22:50:05+00:00\" \/>\n<meta property=\"og:image\" content=\"https:\/\/www.webdo.tn\/fr\/wp-content\/uploads\/2023\/05\/4583878107a6c991c5ada1c5c1cc6204.jpg\" \/>\n\t<meta property=\"og:image:width\" content=\"658\" \/>\n\t<meta property=\"og:image:height\" content=\"351\" \/>\n\t<meta property=\"og:image:type\" content=\"image\/jpeg\" \/>\n<meta name=\"author\" content=\"CL\" \/>\n<meta name=\"twitter:card\" content=\"summary_large_image\" \/>\n<meta name=\"twitter:creator\" content=\"@webdo_tn\" \/>\n<meta name=\"twitter:site\" content=\"@webdo_tn\" \/>\n<meta name=\"twitter:label1\" content=\"\u00c9crit par\" \/>\n\t<meta name=\"twitter:data1\" content=\"CL\" \/>\n\t<meta name=\"twitter:label2\" content=\"Dur\u00e9e de lecture estim\u00e9e\" \/>\n\t<meta name=\"twitter:data2\" content=\"1 minute\" \/>\n<script type=\"application\/ld+json\" class=\"yoast-schema-graph\">{\"@context\":\"https:\\\/\\\/schema.org\",\"@graph\":[{\"@type\":\"NewsArticle\",\"@id\":\"https:\\\/\\\/www.webdo.tn\\\/fr\\\/actualite\\\/national\\\/les-ministres-des-affaires-etrangeres-de-la-belgique-et-du-portugal-en-tunisie\\\/205563\\\/#article\",\"isPartOf\":{\"@id\":\"https:\\\/\\\/www.webdo.tn\\\/fr\\\/actualite\\\/national\\\/les-ministres-des-affaires-etrangeres-de-la-belgique-et-du-portugal-en-tunisie\\\/205563\\\/\"},\"author\":{\"name\":\"CL\",\"@id\":\"https:\\\/\\\/www.webdo.tn\\\/fr\\\/#\\\/schema\\\/person\\\/f35b42a42c5e2511bbd282959d6385cc\"},\"headline\":\"Les ministres des Affaires \u00c9trang\u00e8res de la Belgique et du Portugal en Tunisie\",\"datePublished\":\"2023-05-09T15:08:00+00:00\",\"dateModified\":\"2025-05-20T22:50:05+00:00\",\"mainEntityOfPage\":{\"@id\":\"https:\\\/\\\/www.webdo.tn\\\/fr\\\/actualite\\\/national\\\/les-ministres-des-affaires-etrangeres-de-la-belgique-et-du-portugal-en-tunisie\\\/205563\\\/\"},\"wordCount\":224,\"commentCount\":0,\"publisher\":{\"@id\":\"https:\\\/\\\/www.webdo.tn\\\/fr\\\/#organization\"},\"image\":{\"@id\":\"https:\\\/\\\/www.webdo.tn\\\/fr\\\/actualite\\\/national\\\/les-ministres-des-affaires-etrangeres-de-la-belgique-et-du-portugal-en-tunisie\\\/205563\\\/#primaryimage\"},\"thumbnailUrl\":\"https:\\\/\\\/www.webdo.tn\\\/fr\\\/wp-content\\\/uploads\\\/2023\\\/05\\\/4583878107a6c991c5ada1c5c1cc6204.jpg\",\"keywords\":[\"europe\",\"Tunisie\",\"visite\"],\"articleSection\":[\"National\"],\"inLanguage\":\"fr-FR\"},{\"@type\":\"WebPage\",\"@id\":\"https:\\\/\\\/www.webdo.tn\\\/fr\\\/actualite\\\/national\\\/les-ministres-des-affaires-etrangeres-de-la-belgique-et-du-portugal-en-tunisie\\\/205563\\\/\",\"url\":\"https:\\\/\\\/www.webdo.tn\\\/fr\\\/actualite\\\/national\\\/les-ministres-des-affaires-etrangeres-de-la-belgique-et-du-portugal-en-tunisie\\\/205563\\\/\",\"name\":\"Les ministres des Affaires \u00c9trang\u00e8res de la Belgique et du Portugal en Tunisie\",\"isPartOf\":{\"@id\":\"https:\\\/\\\/www.webdo.tn\\\/fr\\\/#website\"},\"primaryImageOfPage\":{\"@id\":\"https:\\\/\\\/www.webdo.tn\\\/fr\\\/actualite\\\/national\\\/les-ministres-des-affaires-etrangeres-de-la-belgique-et-du-portugal-en-tunisie\\\/205563\\\/#primaryimage\"},\"image\":{\"@id\":\"https:\\\/\\\/www.webdo.tn\\\/fr\\\/actualite\\\/national\\\/les-ministres-des-affaires-etrangeres-de-la-belgique-et-du-portugal-en-tunisie\\\/205563\\\/#primaryimage\"},\"thumbnailUrl\":\"https:\\\/\\\/www.webdo.tn\\\/fr\\\/wp-content\\\/uploads\\\/2023\\\/05\\\/4583878107a6c991c5ada1c5c1cc6204.jpg\",\"datePublished\":\"2023-05-09T15:08:00+00:00\",\"dateModified\":\"2025-05-20T22:50:05+00:00\",\"description\":\"Hadja Lahbib, Ministre des Affaires \u00e9trang\u00e8res, des Affaires europ\u00e9ennes et du Commerce ext\u00e9rieur, et des Institutions culturelles f\u00e9d\u00e9rales de la Belgique, et...\",\"breadcrumb\":{\"@id\":\"https:\\\/\\\/www.webdo.tn\\\/fr\\\/actualite\\\/national\\\/les-ministres-des-affaires-etrangeres-de-la-belgique-et-du-portugal-en-tunisie\\\/205563\\\/#breadcrumb\"},\"inLanguage\":\"fr-FR\",\"potentialAction\":[{\"@type\":\"ReadAction\",\"target\":[\"https:\\\/\\\/www.webdo.tn\\\/fr\\\/actualite\\\/national\\\/les-ministres-des-affaires-etrangeres-de-la-belgique-et-du-portugal-en-tunisie\\\/205563\\\/\"]}]},{\"@type\":\"ImageObject\",\"inLanguage\":\"fr-FR\",\"@id\":\"https:\\\/\\\/www.webdo.tn\\\/fr\\\/actualite\\\/national\\\/les-ministres-des-affaires-etrangeres-de-la-belgique-et-du-portugal-en-tunisie\\\/205563\\\/#primaryimage\",\"url\":\"https:\\\/\\\/www.webdo.tn\\\/fr\\\/wp-content\\\/uploads\\\/2023\\\/05\\\/4583878107a6c991c5ada1c5c1cc6204.jpg\",\"contentUrl\":\"https:\\\/\\\/www.webdo.tn\\\/fr\\\/wp-content\\\/uploads\\\/2023\\\/05\\\/4583878107a6c991c5ada1c5c1cc6204.jpg\",\"width\":658,\"height\":351,\"caption\":\"Europe Tunisie\"},{\"@type\":\"BreadcrumbList\",\"@id\":\"https:\\\/\\\/www.webdo.tn\\\/fr\\\/actualite\\\/national\\\/les-ministres-des-affaires-etrangeres-de-la-belgique-et-du-portugal-en-tunisie\\\/205563\\\/#breadcrumb\",\"itemListElement\":[{\"@type\":\"ListItem\",\"position\":1,\"name\":\"Accueil\",\"item\":\"https:\\\/\\\/www.webdo.tn\\\/fr\\\/\"},{\"@type\":\"ListItem\",\"position\":2,\"name\":\"Les ministres des Affaires \u00c9trang\u00e8res de la Belgique et du Portugal en Tunisie\"}]},{\"@type\":\"WebSite\",\"@id\":\"https:\\\/\\\/www.webdo.tn\\\/fr\\\/#website\",\"url\":\"https:\\\/\\\/www.webdo.tn\\\/fr\\\/\",\"name\":\"webdo\",\"description\":\"Tunisie - News en Tunisie et \u00e0 l&#039;international sur Webdo.tn\",\"publisher\":{\"@id\":\"https:\\\/\\\/www.webdo.tn\\\/fr\\\/#organization\"},\"potentialAction\":[{\"@type\":\"SearchAction\",\"target\":{\"@type\":\"EntryPoint\",\"urlTemplate\":\"https:\\\/\\\/www.webdo.tn\\\/fr\\\/?s={search_term_string}\"},\"query-input\":{\"@type\":\"PropertyValueSpecification\",\"valueRequired\":true,\"valueName\":\"search_term_string\"}}],\"inLanguage\":\"fr-FR\"},{\"@type\":\"Organization\",\"@id\":\"https:\\\/\\\/www.webdo.tn\\\/fr\\\/#organization\",\"name\":\"Webdo\",\"alternateName\":\"Webdo.tn\",\"url\":\"https:\\\/\\\/www.webdo.tn\\\/fr\\\/\",\"logo\":{\"@type\":\"ImageObject\",\"inLanguage\":\"fr-FR\",\"@id\":\"https:\\\/\\\/www.webdo.tn\\\/fr\\\/#\\\/schema\\\/logo\\\/image\\\/\",\"url\":\"https:\\\/\\\/www.webdo.tn\\\/fr\\\/wp-content\\\/uploads\\\/2025\\\/06\\\/Webdo-Tunisie_168377.jpg\",\"contentUrl\":\"https:\\\/\\\/www.webdo.tn\\\/fr\\\/wp-content\\\/uploads\\\/2025\\\/06\\\/Webdo-Tunisie_168377.jpg\",\"width\":301,\"height\":301,\"caption\":\"Webdo\"},\"image\":{\"@id\":\"https:\\\/\\\/www.webdo.tn\\\/fr\\\/#\\\/schema\\\/logo\\\/image\\\/\"},\"sameAs\":[\"https:\\\/\\\/www.facebook.com\\\/webdotn\",\"https:\\\/\\\/x.com\\\/webdo_tn\"],\"description\":\"Webdo est un m\u00e9dia num\u00e9rique tunisien fond\u00e9 en 2010, sp\u00e9cialis\u00e9 dans l\u2019actualit\u00e9 nationale et internationale, l\u2019\u00e9conomie, la soci\u00e9t\u00e9 et les analyses politiques. Le site s\u2019adresse \u00e0 un large public francophone et couvre l\u2019information tunisienne en temps r\u00e9el.\",\"email\":\"redac@webdo.tn\",\"legalName\":\"YNJ SARL\",\"foundingDate\":\"2010-09-06\",\"numberOfEmployees\":{\"@type\":\"QuantitativeValue\",\"minValue\":\"11\",\"maxValue\":\"50\"}},{\"@type\":\"Person\",\"@id\":\"https:\\\/\\\/www.webdo.tn\\\/fr\\\/#\\\/schema\\\/person\\\/f35b42a42c5e2511bbd282959d6385cc\",\"name\":\"CL\",\"image\":{\"@type\":\"ImageObject\",\"inLanguage\":\"fr-FR\",\"@id\":\"https:\\\/\\\/secure.gravatar.com\\\/avatar\\\/1447a49909b67aa657c488aec6512e1dd6143a480c1ecfee9b5b5cd74eb3b59e?s=96&d=mm&r=g\",\"url\":\"https:\\\/\\\/secure.gravatar.com\\\/avatar\\\/1447a49909b67aa657c488aec6512e1dd6143a480c1ecfee9b5b5cd74eb3b59e?s=96&d=mm&r=g\",\"contentUrl\":\"https:\\\/\\\/secure.gravatar.com\\\/avatar\\\/1447a49909b67aa657c488aec6512e1dd6143a480c1ecfee9b5b5cd74eb3b59e?s=96&d=mm&r=g\",\"caption\":\"CL\"},\"url\":\"https:\\\/\\\/www.webdo.tn\\\/fr\\\/actualite\\\/author\\\/cl\\\/\"}]}<\/script>\n<!-- \/ Yoast SEO Premium plugin. -->","yoast_head_json":{"title":"Les ministres des Affaires \u00c9trang\u00e8res de la Belgique et du Portugal en Tunisie","description":"Hadja Lahbib, Ministre des Affaires \u00e9trang\u00e8res, des Affaires europ\u00e9ennes et du Commerce ext\u00e9rieur, et des Institutions culturelles f\u00e9d\u00e9rales de la Belgique, et...","canonical":"https:\/\/www.webdo.tn\/fr\/actualite\/national\/les-ministres-des-affaires-etrangeres-de-la-belgique-et-du-portugal-en-tunisie\/205563\/","og_locale":"fr_FR","og_type":"article","og_title":"Les ministres des Affaires \u00c9trang\u00e8res de la Belgique et du Portugal en Tunisie","og_description":"Hadja Lahbib, Ministre des Affaires \u00e9trang\u00e8res, des Affaires europ\u00e9ennes et du Commerce ext\u00e9rieur, et des Institutions culturelles f\u00e9d\u00e9rales de la Belgique, et...","og_url":"https:\/\/www.webdo.tn\/fr\/actualite\/national\/les-ministres-des-affaires-etrangeres-de-la-belgique-et-du-portugal-en-tunisie\/205563\/","og_site_name":"webdo","article_publisher":"https:\/\/www.facebook.com\/webdotn","article_published_time":"2023-05-09T15:08:00+00:00","article_modified_time":"2025-05-20T22:50:05+00:00","og_image":[{"width":658,"height":351,"url":"https:\/\/www.webdo.tn\/fr\/wp-content\/uploads\/2023\/05\/4583878107a6c991c5ada1c5c1cc6204.jpg","type":"image\/jpeg"}],"author":"CL","twitter_card":"summary_large_image","twitter_creator":"@webdo_tn","twitter_site":"@webdo_tn","twitter_misc":{"\u00c9crit par":"CL","Dur\u00e9e de lecture estim\u00e9e":"1 minute"},"schema":{"@context":"https:\/\/schema.org","@graph":[{"@type":"NewsArticle","@id":"https:\/\/www.webdo.tn\/fr\/actualite\/national\/les-ministres-des-affaires-etrangeres-de-la-belgique-et-du-portugal-en-tunisie\/205563\/#article","isPartOf":{"@id":"https:\/\/www.webdo.tn\/fr\/actualite\/national\/les-ministres-des-affaires-etrangeres-de-la-belgique-et-du-portugal-en-tunisie\/205563\/"},"author":{"name":"CL","@id":"https:\/\/www.webdo.tn\/fr\/#\/schema\/person\/f35b42a42c5e2511bbd282959d6385cc"},"headline":"Les ministres des Affaires \u00c9trang\u00e8res de la Belgique et du Portugal en Tunisie","datePublished":"2023-05-09T15:08:00+00:00","dateModified":"2025-05-20T22:50:05+00:00","mainEntityOfPage":{"@id":"https:\/\/www.webdo.tn\/fr\/actualite\/national\/les-ministres-des-affaires-etrangeres-de-la-belgique-et-du-portugal-en-tunisie\/205563\/"},"wordCount":224,"commentCount":0,"publisher":{"@id":"https:\/\/www.webdo.tn\/fr\/#organization"},"image":{"@id":"https:\/\/www.webdo.tn\/fr\/actualite\/national\/les-ministres-des-affaires-etrangeres-de-la-belgique-et-du-portugal-en-tunisie\/205563\/#primaryimage"},"thumbnailUrl":"https:\/\/www.webdo.tn\/fr\/wp-content\/uploads\/2023\/05\/4583878107a6c991c5ada1c5c1cc6204.jpg","keywords":["europe","Tunisie","visite"],"articleSection":["National"],"inLanguage":"fr-FR"},{"@type":"WebPage","@id":"https:\/\/www.webdo.tn\/fr\/actualite\/national\/les-ministres-des-affaires-etrangeres-de-la-belgique-et-du-portugal-en-tunisie\/205563\/","url":"https:\/\/www.webdo.tn\/fr\/actualite\/national\/les-ministres-des-affaires-etrangeres-de-la-belgique-et-du-portugal-en-tunisie\/205563\/","name":"Les ministres des Affaires \u00c9trang\u00e8res de la Belgique et du Portugal en Tunisie","isPartOf":{"@id":"https:\/\/www.webdo.tn\/fr\/#website"},"primaryImageOfPage":{"@id":"https:\/\/www.webdo.tn\/fr\/actualite\/national\/les-ministres-des-affaires-etrangeres-de-la-belgique-et-du-portugal-en-tunisie\/205563\/#primaryimage"},"image":{"@id":"https:\/\/www.webdo.tn\/fr\/actualite\/national\/les-ministres-des-affaires-etrangeres-de-la-belgique-et-du-portugal-en-tunisie\/205563\/#primaryimage"},"thumbnailUrl":"https:\/\/www.webdo.tn\/fr\/wp-content\/uploads\/2023\/05\/4583878107a6c991c5ada1c5c1cc6204.jpg","datePublished":"2023-05-09T15:08:00+00:00","dateModified":"2025-05-20T22:50:05+00:00","description":"Hadja Lahbib, Ministre des Affaires \u00e9trang\u00e8res, des Affaires europ\u00e9ennes et du Commerce ext\u00e9rieur, et des Institutions culturelles f\u00e9d\u00e9rales de la Belgique, et...","breadcrumb":{"@id":"https:\/\/www.webdo.tn\/fr\/actualite\/national\/les-ministres-des-affaires-etrangeres-de-la-belgique-et-du-portugal-en-tunisie\/205563\/#breadcrumb"},"inLanguage":"fr-FR","potentialAction":[{"@type":"ReadAction","target":["https:\/\/www.webdo.tn\/fr\/actualite\/national\/les-ministres-des-affaires-etrangeres-de-la-belgique-et-du-portugal-en-tunisie\/205563\/"]}]},{"@type":"ImageObject","inLanguage":"fr-FR","@id":"https:\/\/www.webdo.tn\/fr\/actualite\/national\/les-ministres-des-affaires-etrangeres-de-la-belgique-et-du-portugal-en-tunisie\/205563\/#primaryimage","url":"https:\/\/www.webdo.tn\/fr\/wp-content\/uploads\/2023\/05\/4583878107a6c991c5ada1c5c1cc6204.jpg","contentUrl":"https:\/\/www.webdo.tn\/fr\/wp-content\/uploads\/2023\/05\/4583878107a6c991c5ada1c5c1cc6204.jpg","width":658,"height":351,"caption":"Europe Tunisie"},{"@type":"BreadcrumbList","@id":"https:\/\/www.webdo.tn\/fr\/actualite\/national\/les-ministres-des-affaires-etrangeres-de-la-belgique-et-du-portugal-en-tunisie\/205563\/#breadcrumb","itemListElement":[{"@type":"ListItem","position":1,"name":"Accueil","item":"https:\/\/www.webdo.tn\/fr\/"},{"@type":"ListItem","position":2,"name":"Les ministres des Affaires \u00c9trang\u00e8res de la Belgique et du Portugal en Tunisie"}]},{"@type":"WebSite","@id":"https:\/\/www.webdo.tn\/fr\/#website","url":"https:\/\/www.webdo.tn\/fr\/","name":"webdo","description":"Tunisie - News en Tunisie et \u00e0 l&#039;international sur Webdo.tn","publisher":{"@id":"https:\/\/www.webdo.tn\/fr\/#organization"},"potentialAction":[{"@type":"SearchAction","target":{"@type":"EntryPoint","urlTemplate":"https:\/\/www.webdo.tn\/fr\/?s={search_term_string}"},"query-input":{"@type":"PropertyValueSpecification","valueRequired":true,"valueName":"search_term_string"}}],"inLanguage":"fr-FR"},{"@type":"Organization","@id":"https:\/\/www.webdo.tn\/fr\/#organization","name":"Webdo","alternateName":"Webdo.tn","url":"https:\/\/www.webdo.tn\/fr\/","logo":{"@type":"ImageObject","inLanguage":"fr-FR","@id":"https:\/\/www.webdo.tn\/fr\/#\/schema\/logo\/image\/","url":"https:\/\/www.webdo.tn\/fr\/wp-content\/uploads\/2025\/06\/Webdo-Tunisie_168377.jpg","contentUrl":"https:\/\/www.webdo.tn\/fr\/wp-content\/uploads\/2025\/06\/Webdo-Tunisie_168377.jpg","width":301,"height":301,"caption":"Webdo"},"image":{"@id":"https:\/\/www.webdo.tn\/fr\/#\/schema\/logo\/image\/"},"sameAs":["https:\/\/www.facebook.com\/webdotn","https:\/\/x.com\/webdo_tn"],"description":"Webdo est un m\u00e9dia num\u00e9rique tunisien fond\u00e9 en 2010, sp\u00e9cialis\u00e9 dans l\u2019actualit\u00e9 nationale et internationale, l\u2019\u00e9conomie, la soci\u00e9t\u00e9 et les analyses politiques. Le site s\u2019adresse \u00e0 un large public francophone et couvre l\u2019information tunisienne en temps r\u00e9el.","email":"redac@webdo.tn","legalName":"YNJ SARL","foundingDate":"2010-09-06","numberOfEmployees":{"@type":"QuantitativeValue","minValue":"11","maxValue":"50"}},{"@type":"Person","@id":"https:\/\/www.webdo.tn\/fr\/#\/schema\/person\/f35b42a42c5e2511bbd282959d6385cc","name":"CL","image":{"@type":"ImageObject","inLanguage":"fr-FR","@id":"https:\/\/secure.gravatar.com\/avatar\/1447a49909b67aa657c488aec6512e1dd6143a480c1ecfee9b5b5cd74eb3b59e?s=96&d=mm&r=g","url":"https:\/\/secure.gravatar.com\/avatar\/1447a49909b67aa657c488aec6512e1dd6143a480c1ecfee9b5b5cd74eb3b59e?s=96&d=mm&r=g","contentUrl":"https:\/\/secure.gravatar.com\/avatar\/1447a49909b67aa657c488aec6512e1dd6143a480c1ecfee9b5b5cd74eb3b59e?s=96&d=mm&r=g","caption":"CL"},"url":"https:\/\/www.webdo.tn\/fr\/actualite\/author\/cl\/"}]}},"_links":{"self":[{"href":"https:\/\/www.webdo.tn\/fr\/wp-json\/wp\/v2\/posts\/205563","targetHints":{"allow":["GET"]}}],"collection":[{"href":"https:\/\/www.webdo.tn\/fr\/wp-json\/wp\/v2\/posts"}],"about":[{"href":"https:\/\/www.webdo.tn\/fr\/wp-json\/wp\/v2\/types\/post"}],"author":[{"embeddable":true,"href":"https:\/\/www.webdo.tn\/fr\/wp-json\/wp\/v2\/users\/3175"}],"replies":[{"embeddable":true,"href":"https:\/\/www.webdo.tn\/fr\/wp-json\/wp\/v2\/comments?post=205563"}],"version-history":[{"count":0,"href":"https:\/\/www.webdo.tn\/fr\/wp-json\/wp\/v2\/posts\/205563\/revisions"}],"wp:featuredmedia":[{"embeddable":true,"href":"https:\/\/www.webdo.tn\/fr\/wp-json\/wp\/v2\/media\/278165"}],"wp:attachment":[{"href":"https:\/\/www.webdo.tn\/fr\/wp-json\/wp\/v2\/media?parent=205563"}],"wp:term":[{"taxonomy":"category","embeddable":true,"href":"https:\/\/www.webdo.tn\/fr\/wp-json\/wp\/v2\/categories?post=205563"},{"taxonomy":"post_tag","embeddable":true,"href":"https:\/\/www.webdo.tn\/fr\/wp-json\/wp\/v2\/tags?post=205563"}],"curies":[{"name":"wp","href":"https:\/\/api.w.org\/{rel}","templated":true}]}}